{"id":61347,"date":"2021-02-05T09:22:22","date_gmt":"2021-02-05T14:22:22","guid":{"rendered":"https:\/\/akunq.net\/tr\/?p=61347"},"modified":"2021-02-05T09:22:22","modified_gmt":"2021-02-05T14:22:22","slug":"gezi-davasi-kavalanin-yargilandigi-casusluk-davasi-ile-birlestirildi","status":"publish","type":"post","link":"https:\/\/akunq.net\/tr\/?p=61347","title":{"rendered":"Gezi Davas\u0131 Kavala&#8217;n\u0131n yarg\u0131land\u0131\u011f\u0131 &#8220;casusluk&#8221; davas\u0131 ile birle\u015ftirildi"},"content":{"rendered":"<h4><img loading=\"lazy\" decoding=\"async\" class=\"aligncenter size-medium wp-image-61348\" src=\"https:\/\/akunq.net\/tr\/wp-content\/uploads\/2021\/02\/Kavala-360x270.jpeg\" alt=\"\" width=\"360\" height=\"270\" srcset=\"https:\/\/akunq.net\/tr\/wp-content\/uploads\/sites\/6\/2021\/02\/Kavala-360x270.jpeg 360w, https:\/\/akunq.net\/tr\/wp-content\/uploads\/sites\/6\/2021\/02\/Kavala-560x419.jpeg 560w, https:\/\/akunq.net\/tr\/wp-content\/uploads\/sites\/6\/2021\/02\/Kavala-260x195.jpeg 260w, https:\/\/akunq.net\/tr\/wp-content\/uploads\/sites\/6\/2021\/02\/Kavala-160x120.jpeg 160w, https:\/\/akunq.net\/tr\/wp-content\/uploads\/sites\/6\/2021\/02\/Kavala.jpeg 680w\" sizes=\"auto, (max-width: 360px) 100vw, 360px\" \/><\/h4>\n<h4><strong><em>3 y\u0131l\u0131 a\u015fk\u0131n s\u00fcredir hapiste olan Osman Kavala bug\u00fcn bir kez daha hakim kar\u015f\u0131s\u0131na \u00e7\u0131kt\u0131. Kavala&#8217;n\u0131n &#8220;casusluk&#8221; su\u00e7lamas\u0131 ile yarg\u0131land\u0131\u011f\u0131 dava ile beraat kararlar\u0131n\u0131n bozuldu\u011fu ve yeniden yarg\u0131laman\u0131n ba\u015flayaca\u011f\u0131 Gezi Davas\u0131 birle\u015ftirildi.<\/em><\/strong><\/h4>\n<p>Gezi davas\u0131nda beraat ettikten sonra &#8220;casusluk&#8221; su\u00e7lamas\u0131yla yeniden tutuklanan Osman Kavala&#8217;n\u0131n yarg\u0131lanmas\u0131na \u0130stanbul 36. A\u011f\u0131r Ceza Mahkemesi&#8217;nde devam edildi.<\/p>\n<p>Kavala duru\u015fmaya Silivri Cezaevi&#8217;nden SEGB\u0130S arac\u0131l\u0131\u011f\u0131yla\u00a0 kat\u0131ld\u0131. Kavala&#8217;n\u0131n avukatlar\u0131 K\u00f6ksal Bayraktar, Tolga Ayt\u00f6re ve Deha Boduro\u011flu duru\u015fmada haz\u0131r bulundu. Kavala&#8217;n\u0131n e\u015fi Ay\u015fe Bu\u011fra da duru\u015fmay\u0131 izledi.<\/p>\n<p>Duru\u015fmay\u0131 izleyen aras\u0131nda milletvekilleri Ahmet \u015e\u0131k, Ali \u015eeker, Z\u00fcleyha G\u00fcl\u00fcm ve Sezgin Tanr\u0131kulu ile yabanc\u0131 misyon temsilcilikleri de vard\u0131.\u00a0 Gazeteciler yakla\u015f\u0131k bir bu\u00e7uk saat s\u00fcren duru\u015fmay\u0131 ayakta izledi.<\/p>\n<p>Duru\u015fma tan\u0131k beyanlar\u0131yla ba\u015flad\u0131.\u00a0 \u00a0Leyla Alaton, Cem Fad\u0131l Bozkurt\u2019un darbe iddialar\u0131na ili\u015fkin beyanlar\u0131na kar\u015f\u0131 tan\u0131kl\u0131k yapt\u0131.<\/p>\n<p>Bozkurt\u2019un \u015firketlerinde genel m\u00fcd\u00fcr ve hissedar olarak g\u00f6rev yapt\u0131\u011f\u0131n\u0131 s\u00f6yleyen Alaton, Bozkurt\u2019un kendilerini doland\u0131rd\u0131\u011f\u0131n\u0131, bu nedenle de Mart 2015\u2019te t\u00fcm ili\u015fkilerini kestiklerini s\u00f6yledi. Alaton\u00a0bu nedenle de Bozkurt\u2019un kendisine ve babas\u0131na iftira att\u0131\u011f\u0131n\u0131 s\u00f6yledi.<\/p>\n<p>Osman Kavala ve Henri Barkey\u2019i tan\u0131d\u0131\u011f\u0131n\u0131 s\u00f6yleyen Alaton, iki ismin babas\u0131 ile bazen g\u00f6r\u00fc\u015ft\u00fc\u011f\u00fcn\u00fc ama iki ismi hi\u00e7bir arada g\u00f6rmedi\u011fini ifade etti.<\/p>\n<p>Osman Kavala ifadesinde \u015funlar\u0131 s\u00f6yledi:<\/p>\n<p>&#8220;\u00dczerime at\u0131lan kurgulanm\u0131\u015f sanal su\u00e7lar nedeniyle 39 ayd\u0131r tutukluyum. Daha \u00f6nce Gezi olaylar\u0131n\u0131 organize etmek ve 15 Temmuz darbesi nedeniyle su\u00e7land\u0131m. Hukuksuz dinlemelere dayal\u0131 ve su\u00e7 i\u00e7ermeyen konu\u015fmalar delil kabul edilerek su\u00e7lan\u0131yorum. 15 Temmuz su\u00e7lamalar\u0131ndan iki kez tahliye edilmemin g\u00f6sterdi\u011fi gibi, iddia makam\u0131 bu su\u00e7lamalar\u0131n temelsiz oldu\u011funun fark\u0131ndad\u0131r.&#8221;<\/p>\n<p>&#8220;Olaylar\u0131 ve olgular\u0131 nesnel bi\u00e7imde de\u011ferlendiren tarafs\u0131z bir g\u00f6zlemcinin, yasadaki tan\u0131m\u0131na ayk\u0131r\u0131 bir \u015fekilde kullan\u0131lan casusluk su\u00e7lamas\u0131n\u0131 A\u0130HM karar\u0131n\u0131 bo\u015fa \u00e7\u0131karmak i\u00e7in kullan\u0131lm\u0131\u015f oldu\u011funu anlayamamas\u0131 anla\u015f\u0131lacak \u015fey de\u011fildir.&#8221;<\/p>\n<p>&#8220;Su\u00e7lamalara dayanak olacak somut delil yoklu\u011funda, iddia makam\u0131 bir tak\u0131m komplo teorileriyle ve su\u00e7lamalar\u0131 birbirlerinin kan\u0131t\u0131ym\u0131\u015f gibi i\u00e7 i\u00e7e ge\u00e7irerek alg\u0131 yaratmaya, bu \u015fekilde yarg\u0131y\u0131 y\u00f6nlendirmeye \u00e7al\u0131\u015fmaktad\u0131r.&#8221;<\/p>\n<p>&#8220;Tahliye talebimin reddedilmesinde gerek\u00e7e olarak say\u0131lan delillerin karart\u0131laca\u011f\u0131 \u015f\u00fcphesi makul bir \u015f\u00fcphe de\u011fildir. Var olmad\u0131klar\u0131 i\u00e7in bug\u00fcne kadar bulunamayan delillerin karart\u0131lacak olmalar\u0131 ger\u00e7eklikten tamamen kopuk sanal bir ihtimaldir.&#8221;<\/p>\n<p>&#8220;Ge\u00e7en zaman paralel bir cezaland\u0131rmaya d\u00f6n\u00fc\u015fen bu hukuksuz uygulaman\u0131n vahametini s\u0131radanla\u015ft\u0131rmamakta, daha da artt\u0131rmaktad\u0131r. \u00d6zg\u00fcrl\u00fc\u011f\u00fcmden mahrum ya\u015fad\u0131\u011f\u0131m her ge\u00e7en g\u00fcn benim i\u00e7in daha \u00f6nemli bir kay\u0131p haline gelmektedir.&#8221;<\/p>\n<p>&#8220;Bana y\u00f6neltilen su\u00e7lamalar\u0131n dayanaks\u0131z oldu\u011fu gittik\u00e7e daha fazla aleniyet kazan\u0131rken, tahliye talebimin her reddedili\u015fi bir \u00f6ncekinden daha a\u011f\u0131r bir hak ihlali olu\u015fturmaktad\u0131r.&#8221;<\/p>\n<p>Kavala&#8217;n\u0131n konu\u015fmas\u0131n\u0131n ard\u0131ndan m\u00fcdafii avukatlar beyanda bulundu. \u0130lk olarak konu\u015fan Tolga Ayt\u00f6re, Leyla Alaton&#8217;un beyan\u0131ndan sonra Cem Fad\u0131l \u00d6zt\u00fcrk&#8217;\u00fcn tan\u0131kl\u0131\u011f\u0131n\u0131n \u00e7\u00f6pe gitmi\u015f oldu\u011funu s\u00f6yledi. Ayt\u00f6re \u201cNe zaman Osman Kavala\u2019n\u0131n tahliye imkan\u0131 ortaya \u00e7\u0131k\u0131yor, hemen yeni bir dosya peydahlan\u0131yor. Osman Kavala&#8217;n\u0131n tahliyesini engelleyecek bu durum, ceza hukuku prensiplerine ihanettir&#8221; diye konu\u015ftu.<\/p>\n<p>\u201cL\u00fctfen bana Osman Kavala\u2019n\u0131n Henri Barkey ile g\u00f6r\u00fc\u015ft\u00fc\u011f\u00fcne ili\u015fkin tek bir kan\u0131t g\u00f6sterebilir misiniz dosyadan?\u201d diye soran Ayt\u00f6re \u201c\u0130ddianameler aras\u0131ndaki tek hukuki ve fiili irtibat, iddianameyi yazan savc\u0131 Hasan Y\u0131lmaz&#8217;d\u0131r\u201d diye konu\u015ftu.<\/p>\n<p>Avukatlardan K\u00f6ksal Bayraktar ise mahkemenin duru\u015fma aras\u0131nda 30. A\u011f\u0131r Ceza Mahkemesi\u2019nden Gezi\u2019yle birle\u015ftirme i\u00e7in muvafakat talep etmesini ele\u015ftirdi. Kavala\u2019n\u0131n m\u00fcdafilerinden g\u00f6r\u00fc\u015f al\u0131nmad\u0131\u011f\u0131n\u0131 s\u00f6yleyen Bayraktar bu durumun ceza hukuku y\u00f6n\u00fcnden hatal\u0131 oldu\u011funu s\u00f6yledi.CMK 16\/2&#8217;yi okuyan Bayraktar, \u201cUYAP&#8217;tan \u00f6\u011frendi\u011fimiz muvafakat talebiniz kanuna ayk\u0131r\u0131\u201d dedi.<\/p>\n<p>Bayraktar \u201cUsul kanunu diyor ki, \u2018Cumhuriyet savc\u0131lar\u0131 uyu\u015ftuktan sonra\u2019&#8230; \u00d6nce uyu\u015fup sonra mahkemeye bildirmeleri laz\u0131m. Okudu\u011funuz muvafakat talebi ile 30. A\u011f\u0131r Ceza Mahkemesi ve mahkemeniz hukuku a\u00e7\u0131k\u00e7a ihlal etmi\u015ftir. \u0130\u015fleminiz kanuna ayk\u0131r\u0131 olmakla tamamen yok say\u0131lan bir h\u00fck\u00fcmd\u00fcr\u201d dedi.<\/p>\n<p>Beyanlar\u0131n ard\u0131ndan duru\u015fma savc\u0131s\u0131 Kavala&#8217;n\u0131n tutuklulu\u011funun devam\u0131n\u0131 istedi. Verilen aran\u0131n ard\u0131ndan karar\u0131n\u0131 a\u00e7\u0131klamak \u00fczere tekrar toplanan heyet K\u00f6ksal Bayraktar&#8217;\u0131n, savc\u0131n\u0131n usule uygun davranmad\u0131\u011f\u0131n\u0131 ve bu durumun yeniden yarg\u0131lama yap\u0131lmas\u0131na zemin haz\u0131rlad\u0131\u011f\u0131n\u0131 belirtmesi \u00fczerine bir kez daha ara verdi.<\/p>\n<p>Aran\u0131n ard\u0131ndan karar\u0131n\u0131 a\u00e7\u0131klayan mahkeme heyeti, Osman Kavala&#8217;n\u0131n tutuklulu\u011funun devam\u0131na ve &#8216;casusluk&#8217; dosyas\u0131n\u0131n Gezi davas\u0131yla birle\u015ftirilmesine karar verdi.<br \/>\n<em><strong>(Ajanslar, Bianet)<\/strong><\/em><\/p>\n<p><em><strong>http:\/\/www.agos.com.tr\/tr\/yazi\/25285\/gezi-davasi-kavala-nin-yargilandigi-casusluk-davasi-ile-birlestirildi\u00a0<\/strong><\/em><\/p>\n","protected":false},"excerpt":{"rendered":"<p>3 y\u0131l\u0131 a\u015fk\u0131n s\u00fcredir hapiste olan Osman Kavala bug\u00fcn bir kez daha hakim kar\u015f\u0131s\u0131na \u00e7\u0131kt\u0131. Kavala&#8217;n\u0131n &#8220;casusluk&#8221; su\u00e7lamas\u0131 ile yarg\u0131land\u0131\u011f\u0131 dava ile beraat kararlar\u0131n\u0131n bozuldu\u011fu ve yeniden yarg\u0131laman\u0131n ba\u015flayaca\u011f\u0131 Gezi Davas\u0131 birle\u015ftirildi. Gezi davas\u0131nda beraat ettikten sonra &#8220;casusluk&#8221; su\u00e7lamas\u0131yla yeniden tutuklanan Osman Kavala&#8217;n\u0131n yarg\u0131lanmas\u0131na \u0130stanbul 36. A\u011f\u0131r Ceza Mahkemesi&#8217;nde devam edildi. Kavala duru\u015fmaya Silivri Cezaevi&#8217;nden [&hellip;]<\/p>\n","protected":false},"author":7,"featured_media":61348,"comment_status":"open","ping_status":"open","sticky":false,"template":"","format":"standard","meta":{"footnotes":""},"categories":[1],"tags":[],"class_list":["post-61347","post","type-post","status-publish","format-standard","has-post-thumbnail","hentry","category-haberler"],"yoast_head":"<!-- This site is optimized with the Yoast SEO plugin v27.4 - https:\/\/yoast.com\/product\/yoast-seo-wordpress\/ -->\n<title>Gezi Davas\u0131 Kavala&#039;n\u0131n yarg\u0131land\u0131\u011f\u0131 &quot;casusluk&quot; davas\u0131 ile birle\u015ftirildi - Bati Ermenistan Ve Bati Ermenileri Sorunlari Ara\u015ftirmalar Merkezi<\/title>\n<meta name=\"robots\" content=\"index, follow, max-snippet:-1, max-image-preview:large, max-video-preview:-1\" \/>\n<link rel=\"canonical\" href=\"https:\/\/akunq.net\/tr\/?p=61347\" \/>\n<meta property=\"og:locale\" content=\"en_US\" \/>\n<meta property=\"og:type\" content=\"article\" \/>\n<meta property=\"og:title\" content=\"Gezi Davas\u0131 Kavala&#039;n\u0131n yarg\u0131land\u0131\u011f\u0131 &quot;casusluk&quot; davas\u0131 ile birle\u015ftirildi - Bati Ermenistan Ve Bati Ermenileri Sorunlari Ara\u015ftirmalar Merkezi\" \/>\n<meta property=\"og:description\" content=\"3 y\u0131l\u0131 a\u015fk\u0131n s\u00fcredir hapiste olan Osman Kavala bug\u00fcn bir kez daha hakim kar\u015f\u0131s\u0131na \u00e7\u0131kt\u0131. Kavala&#8217;n\u0131n &#8220;casusluk&#8221; su\u00e7lamas\u0131 ile yarg\u0131land\u0131\u011f\u0131 dava ile beraat kararlar\u0131n\u0131n bozuldu\u011fu ve yeniden yarg\u0131laman\u0131n ba\u015flayaca\u011f\u0131 Gezi Davas\u0131 birle\u015ftirildi. Gezi davas\u0131nda beraat ettikten sonra &#8220;casusluk&#8221; su\u00e7lamas\u0131yla yeniden tutuklanan Osman Kavala&#8217;n\u0131n yarg\u0131lanmas\u0131na \u0130stanbul 36. A\u011f\u0131r Ceza Mahkemesi&#8217;nde devam edildi. Kavala duru\u015fmaya Silivri Cezaevi&#8217;nden [&hellip;]\" \/>\n<meta property=\"og:url\" content=\"https:\/\/akunq.net\/tr\/?p=61347\" \/>\n<meta property=\"og:site_name\" content=\"Bati Ermenistan Ve Bati Ermenileri Sorunlari Ara\u015ftirmalar Merkezi\" \/>\n<meta property=\"article:published_time\" content=\"2021-02-05T14:22:22+00:00\" \/>\n<meta property=\"og:image\" content=\"https:\/\/akunq.net\/tr\/wp-content\/uploads\/sites\/6\/2021\/02\/Kavala.jpeg\" \/>\n\t<meta property=\"og:image:width\" content=\"680\" \/>\n\t<meta property=\"og:image:height\" content=\"509\" \/>\n\t<meta property=\"og:image:type\" content=\"image\/jpeg\" \/>\n<meta name=\"author\" content=\"admin\" \/>\n<meta name=\"twitter:card\" content=\"summary_large_image\" \/>\n<meta name=\"twitter:label1\" content=\"Written by\" \/>\n\t<meta name=\"twitter:data1\" content=\"admin\" \/>\n\t<meta name=\"twitter:label2\" content=\"Est. reading time\" \/>\n\t<meta name=\"twitter:data2\" content=\"4 minutes\" \/>\n<script type=\"application\/ld+json\" class=\"yoast-schema-graph\">{\"@context\":\"https:\\\/\\\/schema.org\",\"@graph\":[{\"@type\":\"Article\",\"@id\":\"https:\\\/\\\/akunq.net\\\/tr\\\/?p=61347#article\",\"isPartOf\":{\"@id\":\"https:\\\/\\\/akunq.net\\\/tr\\\/?p=61347\"},\"author\":{\"name\":\"admin\",\"@id\":\"https:\\\/\\\/akunq.net\\\/tr\\\/#\\\/schema\\\/person\\\/096f1d38a12cce57fb855b485ed24c9e\"},\"headline\":\"Gezi Davas\u0131 Kavala&#8217;n\u0131n yarg\u0131land\u0131\u011f\u0131 &#8220;casusluk&#8221; davas\u0131 ile birle\u015ftirildi\",\"datePublished\":\"2021-02-05T14:22:22+00:00\",\"mainEntityOfPage\":{\"@id\":\"https:\\\/\\\/akunq.net\\\/tr\\\/?p=61347\"},\"wordCount\":878,\"commentCount\":0,\"image\":{\"@id\":\"https:\\\/\\\/akunq.net\\\/tr\\\/?p=61347#primaryimage\"},\"thumbnailUrl\":\"https:\\\/\\\/akunq.net\\\/tr\\\/wp-content\\\/uploads\\\/sites\\\/6\\\/2021\\\/02\\\/Kavala.jpeg\",\"articleSection\":[\"Haberler\"],\"inLanguage\":\"en-US\",\"potentialAction\":[{\"@type\":\"CommentAction\",\"name\":\"Comment\",\"target\":[\"https:\\\/\\\/akunq.net\\\/tr\\\/?p=61347#respond\"]}]},{\"@type\":\"WebPage\",\"@id\":\"https:\\\/\\\/akunq.net\\\/tr\\\/?p=61347\",\"url\":\"https:\\\/\\\/akunq.net\\\/tr\\\/?p=61347\",\"name\":\"Gezi Davas\u0131 Kavala'n\u0131n yarg\u0131land\u0131\u011f\u0131 \\\"casusluk\\\" davas\u0131 ile birle\u015ftirildi - Bati Ermenistan Ve Bati Ermenileri Sorunlari Ara\u015ftirmalar Merkezi\",\"isPartOf\":{\"@id\":\"https:\\\/\\\/akunq.net\\\/tr\\\/#website\"},\"primaryImageOfPage\":{\"@id\":\"https:\\\/\\\/akunq.net\\\/tr\\\/?p=61347#primaryimage\"},\"image\":{\"@id\":\"https:\\\/\\\/akunq.net\\\/tr\\\/?p=61347#primaryimage\"},\"thumbnailUrl\":\"https:\\\/\\\/akunq.net\\\/tr\\\/wp-content\\\/uploads\\\/sites\\\/6\\\/2021\\\/02\\\/Kavala.jpeg\",\"datePublished\":\"2021-02-05T14:22:22+00:00\",\"author\":{\"@id\":\"https:\\\/\\\/akunq.net\\\/tr\\\/#\\\/schema\\\/person\\\/096f1d38a12cce57fb855b485ed24c9e\"},\"breadcrumb\":{\"@id\":\"https:\\\/\\\/akunq.net\\\/tr\\\/?p=61347#breadcrumb\"},\"inLanguage\":\"en-US\",\"potentialAction\":[{\"@type\":\"ReadAction\",\"target\":[\"https:\\\/\\\/akunq.net\\\/tr\\\/?p=61347\"]}]},{\"@type\":\"ImageObject\",\"inLanguage\":\"en-US\",\"@id\":\"https:\\\/\\\/akunq.net\\\/tr\\\/?p=61347#primaryimage\",\"url\":\"https:\\\/\\\/akunq.net\\\/tr\\\/wp-content\\\/uploads\\\/sites\\\/6\\\/2021\\\/02\\\/Kavala.jpeg\",\"contentUrl\":\"https:\\\/\\\/akunq.net\\\/tr\\\/wp-content\\\/uploads\\\/sites\\\/6\\\/2021\\\/02\\\/Kavala.jpeg\",\"width\":680,\"height\":509},{\"@type\":\"BreadcrumbList\",\"@id\":\"https:\\\/\\\/akunq.net\\\/tr\\\/?p=61347#breadcrumb\",\"itemListElement\":[{\"@type\":\"ListItem\",\"position\":1,\"name\":\"Home\",\"item\":\"https:\\\/\\\/akunq.net\\\/tr\"},{\"@type\":\"ListItem\",\"position\":2,\"name\":\"Gezi Davas\u0131 Kavala&#8217;n\u0131n yarg\u0131land\u0131\u011f\u0131 &#8220;casusluk&#8221; davas\u0131 ile birle\u015ftirildi\"}]},{\"@type\":\"WebSite\",\"@id\":\"https:\\\/\\\/akunq.net\\\/tr\\\/#website\",\"url\":\"https:\\\/\\\/akunq.net\\\/tr\\\/\",\"name\":\"Bati Ermenistan Ve Bati Ermenileri Sorunlari Ara\u015ftirmalar Merkezi\",\"description\":\"\",\"potentialAction\":[{\"@type\":\"SearchAction\",\"target\":{\"@type\":\"EntryPoint\",\"urlTemplate\":\"https:\\\/\\\/akunq.net\\\/tr\\\/?s={search_term_string}\"},\"query-input\":{\"@type\":\"PropertyValueSpecification\",\"valueRequired\":true,\"valueName\":\"search_term_string\"}}],\"inLanguage\":\"en-US\"},{\"@type\":\"Person\",\"@id\":\"https:\\\/\\\/akunq.net\\\/tr\\\/#\\\/schema\\\/person\\\/096f1d38a12cce57fb855b485ed24c9e\",\"name\":\"admin\",\"url\":\"https:\\\/\\\/akunq.net\\\/tr\\\/?author=7\"}]}<\/script>\n<!-- \/ Yoast SEO plugin. -->","yoast_head_json":{"title":"Gezi Davas\u0131 Kavala'n\u0131n yarg\u0131land\u0131\u011f\u0131 \"casusluk\" davas\u0131 ile birle\u015ftirildi - Bati Ermenistan Ve Bati Ermenileri Sorunlari Ara\u015ftirmalar Merkezi","robots":{"index":"index","follow":"follow","max-snippet":"max-snippet:-1","max-image-preview":"max-image-preview:large","max-video-preview":"max-video-preview:-1"},"canonical":"https:\/\/akunq.net\/tr\/?p=61347","og_locale":"en_US","og_type":"article","og_title":"Gezi Davas\u0131 Kavala'n\u0131n yarg\u0131land\u0131\u011f\u0131 \"casusluk\" davas\u0131 ile birle\u015ftirildi - Bati Ermenistan Ve Bati Ermenileri Sorunlari Ara\u015ftirmalar Merkezi","og_description":"3 y\u0131l\u0131 a\u015fk\u0131n s\u00fcredir hapiste olan Osman Kavala bug\u00fcn bir kez daha hakim kar\u015f\u0131s\u0131na \u00e7\u0131kt\u0131. Kavala&#8217;n\u0131n &#8220;casusluk&#8221; su\u00e7lamas\u0131 ile yarg\u0131land\u0131\u011f\u0131 dava ile beraat kararlar\u0131n\u0131n bozuldu\u011fu ve yeniden yarg\u0131laman\u0131n ba\u015flayaca\u011f\u0131 Gezi Davas\u0131 birle\u015ftirildi. Gezi davas\u0131nda beraat ettikten sonra &#8220;casusluk&#8221; su\u00e7lamas\u0131yla yeniden tutuklanan Osman Kavala&#8217;n\u0131n yarg\u0131lanmas\u0131na \u0130stanbul 36. A\u011f\u0131r Ceza Mahkemesi&#8217;nde devam edildi. Kavala duru\u015fmaya Silivri Cezaevi&#8217;nden [&hellip;]","og_url":"https:\/\/akunq.net\/tr\/?p=61347","og_site_name":"Bati Ermenistan Ve Bati Ermenileri Sorunlari Ara\u015ftirmalar Merkezi","article_published_time":"2021-02-05T14:22:22+00:00","og_image":[{"width":680,"height":509,"url":"https:\/\/akunq.net\/tr\/wp-content\/uploads\/sites\/6\/2021\/02\/Kavala.jpeg","type":"image\/jpeg"}],"author":"admin","twitter_card":"summary_large_image","twitter_misc":{"Written by":"admin","Est. reading time":"4 minutes"},"schema":{"@context":"https:\/\/schema.org","@graph":[{"@type":"Article","@id":"https:\/\/akunq.net\/tr\/?p=61347#article","isPartOf":{"@id":"https:\/\/akunq.net\/tr\/?p=61347"},"author":{"name":"admin","@id":"https:\/\/akunq.net\/tr\/#\/schema\/person\/096f1d38a12cce57fb855b485ed24c9e"},"headline":"Gezi Davas\u0131 Kavala&#8217;n\u0131n yarg\u0131land\u0131\u011f\u0131 &#8220;casusluk&#8221; davas\u0131 ile birle\u015ftirildi","datePublished":"2021-02-05T14:22:22+00:00","mainEntityOfPage":{"@id":"https:\/\/akunq.net\/tr\/?p=61347"},"wordCount":878,"commentCount":0,"image":{"@id":"https:\/\/akunq.net\/tr\/?p=61347#primaryimage"},"thumbnailUrl":"https:\/\/akunq.net\/tr\/wp-content\/uploads\/sites\/6\/2021\/02\/Kavala.jpeg","articleSection":["Haberler"],"inLanguage":"en-US","potentialAction":[{"@type":"CommentAction","name":"Comment","target":["https:\/\/akunq.net\/tr\/?p=61347#respond"]}]},{"@type":"WebPage","@id":"https:\/\/akunq.net\/tr\/?p=61347","url":"https:\/\/akunq.net\/tr\/?p=61347","name":"Gezi Davas\u0131 Kavala'n\u0131n yarg\u0131land\u0131\u011f\u0131 \"casusluk\" davas\u0131 ile birle\u015ftirildi - Bati Ermenistan Ve Bati Ermenileri Sorunlari Ara\u015ftirmalar Merkezi","isPartOf":{"@id":"https:\/\/akunq.net\/tr\/#website"},"primaryImageOfPage":{"@id":"https:\/\/akunq.net\/tr\/?p=61347#primaryimage"},"image":{"@id":"https:\/\/akunq.net\/tr\/?p=61347#primaryimage"},"thumbnailUrl":"https:\/\/akunq.net\/tr\/wp-content\/uploads\/sites\/6\/2021\/02\/Kavala.jpeg","datePublished":"2021-02-05T14:22:22+00:00","author":{"@id":"https:\/\/akunq.net\/tr\/#\/schema\/person\/096f1d38a12cce57fb855b485ed24c9e"},"breadcrumb":{"@id":"https:\/\/akunq.net\/tr\/?p=61347#breadcrumb"},"inLanguage":"en-US","potentialAction":[{"@type":"ReadAction","target":["https:\/\/akunq.net\/tr\/?p=61347"]}]},{"@type":"ImageObject","inLanguage":"en-US","@id":"https:\/\/akunq.net\/tr\/?p=61347#primaryimage","url":"https:\/\/akunq.net\/tr\/wp-content\/uploads\/sites\/6\/2021\/02\/Kavala.jpeg","contentUrl":"https:\/\/akunq.net\/tr\/wp-content\/uploads\/sites\/6\/2021\/02\/Kavala.jpeg","width":680,"height":509},{"@type":"BreadcrumbList","@id":"https:\/\/akunq.net\/tr\/?p=61347#breadcrumb","itemListElement":[{"@type":"ListItem","position":1,"name":"Home","item":"https:\/\/akunq.net\/tr"},{"@type":"ListItem","position":2,"name":"Gezi Davas\u0131 Kavala&#8217;n\u0131n yarg\u0131land\u0131\u011f\u0131 &#8220;casusluk&#8221; davas\u0131 ile birle\u015ftirildi"}]},{"@type":"WebSite","@id":"https:\/\/akunq.net\/tr\/#website","url":"https:\/\/akunq.net\/tr\/","name":"Bati Ermenistan Ve Bati Ermenileri Sorunlari Ara\u015ftirmalar Merkezi","description":"","potentialAction":[{"@type":"SearchAction","target":{"@type":"EntryPoint","urlTemplate":"https:\/\/akunq.net\/tr\/?s={search_term_string}"},"query-input":{"@type":"PropertyValueSpecification","valueRequired":true,"valueName":"search_term_string"}}],"inLanguage":"en-US"},{"@type":"Person","@id":"https:\/\/akunq.net\/tr\/#\/schema\/person\/096f1d38a12cce57fb855b485ed24c9e","name":"admin","url":"https:\/\/akunq.net\/tr\/?author=7"}]}},"_links":{"self":[{"href":"https:\/\/akunq.net\/tr\/index.php?rest_route=\/wp\/v2\/posts\/61347","targetHints":{"allow":["GET"]}}],"collection":[{"href":"https:\/\/akunq.net\/tr\/index.php?rest_route=\/wp\/v2\/posts"}],"about":[{"href":"https:\/\/akunq.net\/tr\/index.php?rest_route=\/wp\/v2\/types\/post"}],"author":[{"embeddable":true,"href":"https:\/\/akunq.net\/tr\/index.php?rest_route=\/wp\/v2\/users\/7"}],"replies":[{"embeddable":true,"href":"https:\/\/akunq.net\/tr\/index.php?rest_route=%2Fwp%2Fv2%2Fcomments&post=61347"}],"version-history":[{"count":1,"href":"https:\/\/akunq.net\/tr\/index.php?rest_route=\/wp\/v2\/posts\/61347\/revisions"}],"predecessor-version":[{"id":61349,"href":"https:\/\/akunq.net\/tr\/index.php?rest_route=\/wp\/v2\/posts\/61347\/revisions\/61349"}],"wp:featuredmedia":[{"embeddable":true,"href":"https:\/\/akunq.net\/tr\/index.php?rest_route=\/wp\/v2\/media\/61348"}],"wp:attachment":[{"href":"https:\/\/akunq.net\/tr\/index.php?rest_route=%2Fwp%2Fv2%2Fmedia&parent=61347"}],"wp:term":[{"taxonomy":"category","embeddable":true,"href":"https:\/\/akunq.net\/tr\/index.php?rest_route=%2Fwp%2Fv2%2Fcategories&post=61347"},{"taxonomy":"post_tag","embeddable":true,"href":"https:\/\/akunq.net\/tr\/index.php?rest_route=%2Fwp%2Fv2%2Ftags&post=61347"}],"curies":[{"name":"wp","href":"https:\/\/api.w.org\/{rel}","templated":true}]}}