{"id":61343,"date":"2021-02-05T05:23:46","date_gmt":"2021-02-05T10:23:46","guid":{"rendered":"https:\/\/akunq.net\/tr\/?p=61343"},"modified":"2021-02-05T05:23:46","modified_gmt":"2021-02-05T10:23:46","slug":"kasturya-sinagogu-projesi-durdu-mu","status":"publish","type":"post","link":"https:\/\/akunq.net\/tr\/?p=61343","title":{"rendered":"Kasturya Sinagogu Projesi Durdu Mu?"},"content":{"rendered":"<p><img loading=\"lazy\" decoding=\"async\" class=\"aligncenter size-medium wp-image-61344\" src=\"https:\/\/akunq.net\/tr\/wp-content\/uploads\/2021\/02\/Kasturya-Sinagogu-217x270.jpg\" alt=\"\" width=\"217\" height=\"270\" srcset=\"https:\/\/akunq.net\/tr\/wp-content\/uploads\/sites\/6\/2021\/02\/Kasturya-Sinagogu-217x270.jpg 217w, https:\/\/akunq.net\/tr\/wp-content\/uploads\/sites\/6\/2021\/02\/Kasturya-Sinagogu-768x957.jpg 768w, https:\/\/akunq.net\/tr\/wp-content\/uploads\/sites\/6\/2021\/02\/Kasturya-Sinagogu-560x698.jpg 560w, https:\/\/akunq.net\/tr\/wp-content\/uploads\/sites\/6\/2021\/02\/Kasturya-Sinagogu-260x324.jpg 260w, https:\/\/akunq.net\/tr\/wp-content\/uploads\/sites\/6\/2021\/02\/Kasturya-Sinagogu-160x199.jpg 160w, https:\/\/akunq.net\/tr\/wp-content\/uploads\/sites\/6\/2021\/02\/Kasturya-Sinagogu.jpg 963w\" sizes=\"auto, (max-width: 217px) 100vw, 217px\" \/><\/p>\n<p><em><strong>Vak\u0131flar Genel M\u00fcd\u00fcrl\u00fc\u011f\u00fc kontrol\u00fcnde ba\u015flanan Kasturya Sinagogu restorasyon projesinde neler oluyor?\u00a0<\/strong><\/em><\/p>\n<p>Hali\u00e7 Postas\u0131 adl\u0131 sayfan\u0131n payla\u015f\u0131mlar\u0131na g\u00f6re temel kal\u0131nt\u0131lar\u0131 ortaya \u00e7\u0131kar\u0131lan Balat\u2019taki tarihi sinagog \u00fczerine \u00e7al\u0131\u015fma yeniden terk edildi. Bunun \u00fczerine etraf\u0131na yap\u0131lan duvar\u0131n y\u0131k\u0131lmaya ba\u015fland\u0131\u011f\u0131 ve sinagogun son ayakta kalan k\u0131sm\u0131 olan kap\u0131s\u0131n\u0131n yan\u0131nda ate\u015f yak\u0131ld\u0131\u011f\u0131 g\u00f6r\u00fcl\u00fcyor.<\/p>\n<p>Eyl\u00fcl 2020\u2019de\u00a0<a href=\"https:\/\/www.avlaremoz.com\/2020\/09\/17\/kasturya-sinagogu\/\">Kenan Cruz \u00c7illi\u2019nin aktard\u0131\u011f\u0131\u00a0<\/a>\u00fczere kaz\u0131 \u00e7al\u0131\u015fmalar\u0131 ba\u015flam\u0131\u015f ve Kasturya Sinagogu m\u00fcd\u00fcrl\u00fc\u011f\u00fcn be\u015finci sinagog projesi olarak kayda ge\u00e7mi\u015fti. Bu sinagoglar\u0131n tamam\u0131 1936 beyannamesi alt\u0131nda kamu eline\u00a0<a href=\"https:\/\/www.salom.com.tr\/arsiv\/haber-67393-yenI_vakiflar_kanunu_kabul_edIldI.html\">ge\u00e7mi\u015fti<\/a>. Kasturya kentinden 1453\u2019te gelen\u00a0<a href=\"https:\/\/www.avlaremoz.com\/2016\/04\/08\/bizans-yahudileri-ve-yevanika-melike-karaosmanoglu\/\">Romanyot<\/a>\u00a0Yahudilerin kurdu\u011fu sinagog daha sonra Sefaradlar taraf\u0131ndan da kullan\u0131lmaya ba\u015fl\u0131yor. Balat\u2019\u0131n geneli ise 1660\u00a0<a href=\"https:\/\/www.avlaremoz.com\/2016\/05\/27\/yahudi-mahallesi-eminonu-nasil-muslumanlastirildi-serdar-korucu\/\">Emin\u00f6n\u00fc yang\u0131n\u0131ndan<\/a>\u00a0itibaren Yahudilerin yo\u011fun olarak ya\u015fad\u0131\u011f\u0131 bir alan olmu\u015ftu. Balat\u2019\u0131n\u00a0<a href=\"https:\/\/www.avlaremoz.com\/2020\/11\/01\/eli-saul-balat-batyam\/\">Yahudi ya\u015fam\u0131<\/a>1940lar\u0131n sonundaki toplu g\u00f6\u00e7le k\u00fc\u00e7\u00fclm\u00fc\u015f ve 1960larda neredeyse sona ermi\u015fti. Cemaatsiz kalan sinagoga el konulmu\u015f ve ard\u0131nda 1990\u2019larda sinagog kendili\u011finden y\u0131k\u0131lmam\u0131\u015f, asl\u0131nda genel anlamda sa\u011flam duran tarihi bina bilerek y\u0131kt\u0131r\u0131lm\u0131\u015ft\u0131.<\/p>\n<p>Son geli\u015fmeler ve e\u015fsiz foto\u011fraflar i\u00e7in Hali\u00e7 Postas\u0131\u2019na te\u015fekk\u00fcrler.<\/p>\n<h3><em>Hali\u00e7 Postas\u0131\u2019n\u0131n t\u00fcm payla\u015f\u0131m\u0131 \u015f\u00f6yle:<\/em><\/h3>\n<p>Ey Vak\u0131flar \u0130daresi, siz bu i\u015fi yapana kadar ay bacadan a\u015facak! \u0130n\u015fas\u0131 planlanan ve temel kal\u0131nt\u0131lar\u0131 ortaya \u00e7\u0131kar\u0131lan Kasturya Sinagogu\u2019nun arsas\u0131 yine kaderine terk edildi. Arsay\u0131 kapatan tahta perdeler k\u0131r\u0131l\u0131rken, \u00e7evre duvarlar\u0131 da g\u00fcnde g\u00fcne y\u0131k\u0131l\u0131yor.<\/p>\n<figure class=\"wp-block-embed is-type-rich is-provider-twitter wp-block-embed-twitter\">\n<div class=\"wp-block-embed__wrapper\">\n<div class=\"twitter-tweet twitter-tweet-rendered\"><iframe id=\"twitter-widget-0\" class=\"\" title=\"Twitter Tweet\" src=\"https:\/\/platform.twitter.com\/embed\/index.html?creatorScreenName=HyeTert&amp;dnt=true&amp;embedId=twitter-widget-0&amp;frame=false&amp;hideCard=false&amp;hideThread=false&amp;id=1305576205282947077&amp;lang=tr&amp;origin=https%3A%2F%2Fhyetert.org%2F2021%2F02%2F04%2Fkasturya-sinagogu-projesi-durdu-mu%2F&amp;siteScreenName=HyeTert&amp;theme=light&amp;widgetsVersion=ed20a2b%3A1601588405575&amp;width=500px\" frameborder=\"0\" scrolling=\"no\" allowfullscreen=\"allowfullscreen\" data-tweet-id=\"1305576205282947077\" data-mce-fragment=\"1\"><\/iframe><\/div>\n<\/div>\n<\/figure>\n<figure class=\"wp-block-image\"><img decoding=\"async\" src=\"https:\/\/i0.wp.com\/pbs.twimg.com\/media\/EsMK7RcXIAYQ_w3.jpg?ssl=1\" alt=\"\" data-recalc-dims=\"1\" \/><\/figure>\n<p>Bilindi\u011fi gibi, ge\u00e7ti\u011fimiz aylarda Kasturya Sinagogu\u2019nun yeniden in\u015fas\u0131 i\u00e7in \u00e7al\u0131\u015fma ba\u015flat\u0131lm\u0131\u015f ve yap\u0131n\u0131n temel kal\u0131nt\u0131lar\u0131 ortaya \u00e7\u0131kar\u0131lm\u0131\u015ft\u0131. S\u00f6z konusu \u00e7al\u0131\u015fmadan sonra arsay\u0131 \u00e7evreleyen duvardaki bo\u015fluk, tahta perdeyle kapat\u0131ld\u0131 ve oradaki g\u00f6revli de bir s\u00fcre \u00f6nce ayr\u0131ld\u0131.<\/p>\n<figure class=\"wp-block-image\"><img decoding=\"async\" src=\"https:\/\/i2.wp.com\/pbs.twimg.com\/media\/EsML2UYXUAc40yX.jpg?ssl=1\" alt=\"\" data-recalc-dims=\"1\" \/><\/figure>\n<p>Daha sonra herhangi bir \u00e7al\u0131\u015fma olmad\u0131\u011f\u0131 gibi, korumas\u0131z kalan arsa son g\u00fcnlerde yine baz\u0131 gruplarca kullan\u0131lmaya ba\u015fland\u0131. Kal\u0131nt\u0131lar\u0131 korumak i\u00e7in kurulan ve ortas\u0131ndan kilitlenen tahta perdeler birka\u00e7 g\u00fcn \u00f6nce k\u0131r\u0131ld\u0131 ve i\u00e7eriye yine alakas\u0131z ki\u015filer girmeye ba\u015flad\u0131.<\/p>\n<figure class=\"wp-block-image\"><img decoding=\"async\" src=\"https:\/\/i1.wp.com\/pbs.twimg.com\/media\/EsMNXvaXYAIRgp4.jpg?ssl=1\" alt=\"\" data-recalc-dims=\"1\" \/><\/figure>\n<p>Tarihi sinagogdan g\u00fcn\u00fcm\u00fcze kalan en \u00f6nemli iz olan g\u00f6steri\u015fli ana kap\u0131n\u0131n dibinde her g\u00fcn yak\u0131lan ate\u015fle, zaten harap durumdaki yap\u0131n\u0131n duvarlar\u0131 g\u00fcnden g\u00fcne artan derecede zarar g\u00f6r\u00fcyor. \u00dcstelik kap\u0131 bo\u015flu\u011fu da son haftalarda yine aylar \u00f6nceki gibi farkl\u0131 ama\u00e7larla kullan\u0131l\u0131yor.<\/p>\n<figure class=\"wp-block-image\"><img decoding=\"async\" src=\"https:\/\/i1.wp.com\/pbs.twimg.com\/media\/EsMO7USXYAIvEi7.jpg?ssl=1\" alt=\"\" data-recalc-dims=\"1\" \/><\/figure>\n<p>\u00d6te yandan, sinagogun \u00e7evre duvarlar\u0131nda da son g\u00fcnlerde ilgin\u00e7 bozulmalar g\u00f6r\u00fcl\u00fcyor. Mesela, Mumhane Cd\u2019ne bakan duvar\u0131n girintili bir k\u00f6\u015fesinde her ge\u00e7en g\u00fcn derinle\u015fen bir \u00e7\u00f6k\u00fcnt\u00fc dikkat \u00e7ekiyor. \u00d6yle ki son olarak duvar i\u00e7indeki ah\u015fap destek unsular\u0131 da ortaya \u00e7\u0131km\u0131\u015f durumda.<\/p>\n<figure class=\"wp-block-image\"><img decoding=\"async\" src=\"https:\/\/i0.wp.com\/pbs.twimg.com\/media\/EsMQxvqXMA8gYK0.jpg?ssl=1\" alt=\"\" data-recalc-dims=\"1\" \/><\/figure>\n<p>Sinagog ve ek yap\u0131lar\u0131n temel kal\u0131nt\u0131lar\u0131 her t\u00fcrl\u00fc tahribata a\u00e7\u0131k. Burada ne yapt\u0131\u011f\u0131 belli olmayan ki\u015filerin, y\u00fczlerce y\u0131ll\u0131k temel kal\u0131nt\u0131lar\u0131na da ne yapaca\u011f\u0131 belli olmaz!<\/p>\n<p>Vak\u0131flar \u0130daresi\u2019nin kontrol\u00fcndeki bu arsada y\u00fcr\u00fct\u00fclen \u00e7al\u0131\u015fma durduysa bile, koruman\u0131n s\u00fcrmesi gerek.<\/p>\n<figure class=\"wp-block-image\"><img decoding=\"async\" src=\"https:\/\/i1.wp.com\/pbs.twimg.com\/media\/EsMR_wsW8AESuYQ.jpg?ssl=1\" alt=\"\" data-recalc-dims=\"1\" \/><\/figure>\n<p>Kasturya Sinagogu fetihten sora Yunanistan\u2019\u0131n Makedonya b\u00f6lgesindeki Kastoria\/Kesriye \u015fehrinden gelen Yahudilerin kullan\u0131m\u0131na verilmi\u015f ama k\u00f6kleri \u00e7ok daha eskiye uzan\u0131yor. Romanyot ve Karay Yahudilerinin\u00a0<a href=\"https:\/\/twitter.com\/hashtag\/Balat\">#Balat<\/a>\u00a0civar\u0131nda sinagoglar\u0131 oldu\u011funu biliyoruz. Buras\u0131 arkeolojik saha.<\/p>\n<figure class=\"wp-block-image\"><img decoding=\"async\" src=\"https:\/\/i0.wp.com\/pbs.twimg.com\/media\/EsMTq22W4AILhaL.jpg?ssl=1\" alt=\"\" data-recalc-dims=\"1\" \/><\/figure>\n<p>1960\u2019lar\u0131n sonuna kadar faal olan Kasturya Sinagogu daha sonra cemaat azl\u0131\u011f\u0131ndan terk edilmi\u015f, bir s\u00fcre bisiklet imalathanesinin deposu olarak kullan\u0131ld\u0131ktan sonra ana bina ve ek yap\u0131lar 1990\u2019lar\u0131n ba\u015f\u0131nda sorumsuzca y\u0131kt\u0131r\u0131lm\u0131\u015ft\u0131. Arsas\u0131 uzun y\u0131llar otopark olarak kullan\u0131lm\u0131\u015ft\u0131.<\/p>\n<figure class=\"wp-block-image\"><img decoding=\"async\" src=\"https:\/\/i2.wp.com\/pbs.twimg.com\/media\/EsMVvCFXEAAcz-p.jpg?ssl=1\" alt=\"\" data-recalc-dims=\"1\" \/><\/figure>\n<p>Sayfam\u0131n eski takip\u00e7ileri bilir, s\u00fcrekli kaydetti\u011fim bu talihsiz sinagogla ilgili \u00e7ok say\u0131da dizi payla\u015f\u0131m yapt\u0131m. Nihayet bir proje ba\u015flad\u0131. Fakat bu i\u015f uzun s\u00fcrecek!<\/p>\n<p>Ah\u015fap sinagogun i\u00e7 mekan\u0131na ait \u015fu mermer par\u00e7alar y\u0131llard\u0131r bir k\u00f6\u015fede duruyor. Umar\u0131m onlar da yitip gitmez!<\/p>\n<figure class=\"wp-block-image\"><img decoding=\"async\" src=\"https:\/\/i0.wp.com\/pbs.twimg.com\/media\/EsMbt0aXUAYx7mX.jpg?ssl=1\" alt=\"\" data-recalc-dims=\"1\" \/><\/figure>\n<p><em>Originally tweeted by Hali\u00e7 Postas\u0131 (<a href=\"https:\/\/twitter.com\/HalicPostasi\">@HalicPostasi<\/a>) on\u00a0<a href=\"https:\/\/twitter.com\/HalicPostasi\/status\/1351936745416351748\">20 January 2021<\/a>.<\/em><\/p>\n<p><em><strong><a href=\"https:\/\/www.avlaremoz.com\/2021\/02\/04\/kasturya-sinagogu-projesi-durdu-mu\/?utm_source=rss&amp;utm_medium=rss&amp;utm_campaign=kasturya-sinagogu-projesi-durdu-mu&amp;utm_source=rss&amp;utm_medium=rss&amp;utm_campaign=kasturya-sinagogu-projesi-durdu-mu\">https:\/\/www.avlaremoz.com\/2021\/02\/04\/kasturya-sinagogu-projesi-durdu-mu\/?utm_source=rss&amp;utm_medium=rss&amp;utm_campaign=kasturya-sinagogu-projesi-durdu-mu&amp;utm_source=rss&amp;utm_medium=rss&amp;utm_campaign=kasturya-sinagogu-projesi-durdu-mu<\/a><\/strong><\/em><\/p>\n","protected":false},"excerpt":{"rendered":"<p>Vak\u0131flar Genel M\u00fcd\u00fcrl\u00fc\u011f\u00fc kontrol\u00fcnde ba\u015flanan Kasturya Sinagogu restorasyon projesinde neler oluyor?\u00a0 Hali\u00e7 Postas\u0131 adl\u0131 sayfan\u0131n payla\u015f\u0131mlar\u0131na g\u00f6re temel kal\u0131nt\u0131lar\u0131 ortaya \u00e7\u0131kar\u0131lan Balat\u2019taki tarihi sinagog \u00fczerine \u00e7al\u0131\u015fma yeniden terk edildi. Bunun \u00fczerine etraf\u0131na yap\u0131lan duvar\u0131n y\u0131k\u0131lmaya ba\u015fland\u0131\u011f\u0131 ve sinagogun son ayakta kalan k\u0131sm\u0131 olan kap\u0131s\u0131n\u0131n yan\u0131nda ate\u015f yak\u0131ld\u0131\u011f\u0131 g\u00f6r\u00fcl\u00fcyor. Eyl\u00fcl 2020\u2019de\u00a0Kenan Cruz \u00c7illi\u2019nin aktard\u0131\u011f\u0131\u00a0\u00fczere kaz\u0131 \u00e7al\u0131\u015fmalar\u0131 [&hellip;]<\/p>\n","protected":false},"author":7,"featured_media":61344,"comment_status":"open","ping_status":"open","sticky":false,"template":"","format":"standard","meta":{"footnotes":""},"categories":[1,53],"tags":[],"class_list":["post-61343","post","type-post","status-publish","format-standard","has-post-thumbnail","hentry","category-haberler","category-turkiyede-azinliklar"],"yoast_head":"<!-- This site is optimized with the Yoast SEO plugin v27.4 - https:\/\/yoast.com\/product\/yoast-seo-wordpress\/ -->\n<title>Kasturya Sinagogu Projesi Durdu Mu? - Bati Ermenistan Ve Bati Ermenileri Sorunlari Ara\u015ftirmalar Merkezi<\/title>\n<meta name=\"robots\" content=\"index, follow, max-snippet:-1, max-image-preview:large, max-video-preview:-1\" \/>\n<link rel=\"canonical\" href=\"https:\/\/akunq.net\/tr\/?p=61343\" \/>\n<meta property=\"og:locale\" content=\"en_US\" \/>\n<meta property=\"og:type\" content=\"article\" \/>\n<meta property=\"og:title\" content=\"Kasturya Sinagogu Projesi Durdu Mu? - Bati Ermenistan Ve Bati Ermenileri Sorunlari Ara\u015ftirmalar Merkezi\" \/>\n<meta property=\"og:description\" content=\"Vak\u0131flar Genel M\u00fcd\u00fcrl\u00fc\u011f\u00fc kontrol\u00fcnde ba\u015flanan Kasturya Sinagogu restorasyon projesinde neler oluyor?\u00a0 Hali\u00e7 Postas\u0131 adl\u0131 sayfan\u0131n payla\u015f\u0131mlar\u0131na g\u00f6re temel kal\u0131nt\u0131lar\u0131 ortaya \u00e7\u0131kar\u0131lan Balat\u2019taki tarihi sinagog \u00fczerine \u00e7al\u0131\u015fma yeniden terk edildi. Bunun \u00fczerine etraf\u0131na yap\u0131lan duvar\u0131n y\u0131k\u0131lmaya ba\u015fland\u0131\u011f\u0131 ve sinagogun son ayakta kalan k\u0131sm\u0131 olan kap\u0131s\u0131n\u0131n yan\u0131nda ate\u015f yak\u0131ld\u0131\u011f\u0131 g\u00f6r\u00fcl\u00fcyor. Eyl\u00fcl 2020\u2019de\u00a0Kenan Cruz \u00c7illi\u2019nin aktard\u0131\u011f\u0131\u00a0\u00fczere kaz\u0131 \u00e7al\u0131\u015fmalar\u0131 [&hellip;]\" \/>\n<meta property=\"og:url\" content=\"https:\/\/akunq.net\/tr\/?p=61343\" \/>\n<meta property=\"og:site_name\" content=\"Bati Ermenistan Ve Bati Ermenileri Sorunlari Ara\u015ftirmalar Merkezi\" \/>\n<meta property=\"article:published_time\" content=\"2021-02-05T10:23:46+00:00\" \/>\n<meta property=\"og:image\" content=\"https:\/\/akunq.net\/tr\/wp-content\/uploads\/sites\/6\/2021\/02\/Kasturya-Sinagogu.jpg\" \/>\n\t<meta property=\"og:image:width\" content=\"963\" \/>\n\t<meta property=\"og:image:height\" content=\"1200\" \/>\n\t<meta property=\"og:image:type\" content=\"image\/jpeg\" \/>\n<meta name=\"author\" content=\"admin\" \/>\n<meta name=\"twitter:card\" content=\"summary_large_image\" \/>\n<meta name=\"twitter:label1\" content=\"Written by\" \/>\n\t<meta name=\"twitter:data1\" content=\"admin\" \/>\n\t<meta name=\"twitter:label2\" content=\"Est. reading time\" \/>\n\t<meta name=\"twitter:data2\" content=\"4 minutes\" \/>\n<script type=\"application\/ld+json\" class=\"yoast-schema-graph\">{\"@context\":\"https:\\\/\\\/schema.org\",\"@graph\":[{\"@type\":\"Article\",\"@id\":\"https:\\\/\\\/akunq.net\\\/tr\\\/?p=61343#article\",\"isPartOf\":{\"@id\":\"https:\\\/\\\/akunq.net\\\/tr\\\/?p=61343\"},\"author\":{\"name\":\"admin\",\"@id\":\"https:\\\/\\\/akunq.net\\\/tr\\\/#\\\/schema\\\/person\\\/096f1d38a12cce57fb855b485ed24c9e\"},\"headline\":\"Kasturya Sinagogu Projesi Durdu Mu?\",\"datePublished\":\"2021-02-05T10:23:46+00:00\",\"mainEntityOfPage\":{\"@id\":\"https:\\\/\\\/akunq.net\\\/tr\\\/?p=61343\"},\"wordCount\":759,\"commentCount\":0,\"image\":{\"@id\":\"https:\\\/\\\/akunq.net\\\/tr\\\/?p=61343#primaryimage\"},\"thumbnailUrl\":\"https:\\\/\\\/akunq.net\\\/tr\\\/wp-content\\\/uploads\\\/sites\\\/6\\\/2021\\\/02\\\/Kasturya-Sinagogu.jpg\",\"articleSection\":[\"Haberler\",\"T\u00fcrkiye\u2019de Az\u0131nl\u0131klar\"],\"inLanguage\":\"en-US\",\"potentialAction\":[{\"@type\":\"CommentAction\",\"name\":\"Comment\",\"target\":[\"https:\\\/\\\/akunq.net\\\/tr\\\/?p=61343#respond\"]}]},{\"@type\":\"WebPage\",\"@id\":\"https:\\\/\\\/akunq.net\\\/tr\\\/?p=61343\",\"url\":\"https:\\\/\\\/akunq.net\\\/tr\\\/?p=61343\",\"name\":\"Kasturya Sinagogu Projesi Durdu Mu? - Bati Ermenistan Ve Bati Ermenileri Sorunlari Ara\u015ftirmalar Merkezi\",\"isPartOf\":{\"@id\":\"https:\\\/\\\/akunq.net\\\/tr\\\/#website\"},\"primaryImageOfPage\":{\"@id\":\"https:\\\/\\\/akunq.net\\\/tr\\\/?p=61343#primaryimage\"},\"image\":{\"@id\":\"https:\\\/\\\/akunq.net\\\/tr\\\/?p=61343#primaryimage\"},\"thumbnailUrl\":\"https:\\\/\\\/akunq.net\\\/tr\\\/wp-content\\\/uploads\\\/sites\\\/6\\\/2021\\\/02\\\/Kasturya-Sinagogu.jpg\",\"datePublished\":\"2021-02-05T10:23:46+00:00\",\"author\":{\"@id\":\"https:\\\/\\\/akunq.net\\\/tr\\\/#\\\/schema\\\/person\\\/096f1d38a12cce57fb855b485ed24c9e\"},\"breadcrumb\":{\"@id\":\"https:\\\/\\\/akunq.net\\\/tr\\\/?p=61343#breadcrumb\"},\"inLanguage\":\"en-US\",\"potentialAction\":[{\"@type\":\"ReadAction\",\"target\":[\"https:\\\/\\\/akunq.net\\\/tr\\\/?p=61343\"]}]},{\"@type\":\"ImageObject\",\"inLanguage\":\"en-US\",\"@id\":\"https:\\\/\\\/akunq.net\\\/tr\\\/?p=61343#primaryimage\",\"url\":\"https:\\\/\\\/akunq.net\\\/tr\\\/wp-content\\\/uploads\\\/sites\\\/6\\\/2021\\\/02\\\/Kasturya-Sinagogu.jpg\",\"contentUrl\":\"https:\\\/\\\/akunq.net\\\/tr\\\/wp-content\\\/uploads\\\/sites\\\/6\\\/2021\\\/02\\\/Kasturya-Sinagogu.jpg\",\"width\":963,\"height\":1200},{\"@type\":\"BreadcrumbList\",\"@id\":\"https:\\\/\\\/akunq.net\\\/tr\\\/?p=61343#breadcrumb\",\"itemListElement\":[{\"@type\":\"ListItem\",\"position\":1,\"name\":\"Home\",\"item\":\"https:\\\/\\\/akunq.net\\\/tr\"},{\"@type\":\"ListItem\",\"position\":2,\"name\":\"Kasturya Sinagogu Projesi Durdu Mu?\"}]},{\"@type\":\"WebSite\",\"@id\":\"https:\\\/\\\/akunq.net\\\/tr\\\/#website\",\"url\":\"https:\\\/\\\/akunq.net\\\/tr\\\/\",\"name\":\"Bati Ermenistan Ve Bati Ermenileri Sorunlari Ara\u015ftirmalar Merkezi\",\"description\":\"\",\"potentialAction\":[{\"@type\":\"SearchAction\",\"target\":{\"@type\":\"EntryPoint\",\"urlTemplate\":\"https:\\\/\\\/akunq.net\\\/tr\\\/?s={search_term_string}\"},\"query-input\":{\"@type\":\"PropertyValueSpecification\",\"valueRequired\":true,\"valueName\":\"search_term_string\"}}],\"inLanguage\":\"en-US\"},{\"@type\":\"Person\",\"@id\":\"https:\\\/\\\/akunq.net\\\/tr\\\/#\\\/schema\\\/person\\\/096f1d38a12cce57fb855b485ed24c9e\",\"name\":\"admin\",\"url\":\"https:\\\/\\\/akunq.net\\\/tr\\\/?author=7\"}]}<\/script>\n<!-- \/ Yoast SEO plugin. -->","yoast_head_json":{"title":"Kasturya Sinagogu Projesi Durdu Mu? - Bati Ermenistan Ve Bati Ermenileri Sorunlari Ara\u015ftirmalar Merkezi","robots":{"index":"index","follow":"follow","max-snippet":"max-snippet:-1","max-image-preview":"max-image-preview:large","max-video-preview":"max-video-preview:-1"},"canonical":"https:\/\/akunq.net\/tr\/?p=61343","og_locale":"en_US","og_type":"article","og_title":"Kasturya Sinagogu Projesi Durdu Mu? - Bati Ermenistan Ve Bati Ermenileri Sorunlari Ara\u015ftirmalar Merkezi","og_description":"Vak\u0131flar Genel M\u00fcd\u00fcrl\u00fc\u011f\u00fc kontrol\u00fcnde ba\u015flanan Kasturya Sinagogu restorasyon projesinde neler oluyor?\u00a0 Hali\u00e7 Postas\u0131 adl\u0131 sayfan\u0131n payla\u015f\u0131mlar\u0131na g\u00f6re temel kal\u0131nt\u0131lar\u0131 ortaya \u00e7\u0131kar\u0131lan Balat\u2019taki tarihi sinagog \u00fczerine \u00e7al\u0131\u015fma yeniden terk edildi. Bunun \u00fczerine etraf\u0131na yap\u0131lan duvar\u0131n y\u0131k\u0131lmaya ba\u015fland\u0131\u011f\u0131 ve sinagogun son ayakta kalan k\u0131sm\u0131 olan kap\u0131s\u0131n\u0131n yan\u0131nda ate\u015f yak\u0131ld\u0131\u011f\u0131 g\u00f6r\u00fcl\u00fcyor. Eyl\u00fcl 2020\u2019de\u00a0Kenan Cruz \u00c7illi\u2019nin aktard\u0131\u011f\u0131\u00a0\u00fczere kaz\u0131 \u00e7al\u0131\u015fmalar\u0131 [&hellip;]","og_url":"https:\/\/akunq.net\/tr\/?p=61343","og_site_name":"Bati Ermenistan Ve Bati Ermenileri Sorunlari Ara\u015ftirmalar Merkezi","article_published_time":"2021-02-05T10:23:46+00:00","og_image":[{"width":963,"height":1200,"url":"https:\/\/akunq.net\/tr\/wp-content\/uploads\/sites\/6\/2021\/02\/Kasturya-Sinagogu.jpg","type":"image\/jpeg"}],"author":"admin","twitter_card":"summary_large_image","twitter_misc":{"Written by":"admin","Est. reading time":"4 minutes"},"schema":{"@context":"https:\/\/schema.org","@graph":[{"@type":"Article","@id":"https:\/\/akunq.net\/tr\/?p=61343#article","isPartOf":{"@id":"https:\/\/akunq.net\/tr\/?p=61343"},"author":{"name":"admin","@id":"https:\/\/akunq.net\/tr\/#\/schema\/person\/096f1d38a12cce57fb855b485ed24c9e"},"headline":"Kasturya Sinagogu Projesi Durdu Mu?","datePublished":"2021-02-05T10:23:46+00:00","mainEntityOfPage":{"@id":"https:\/\/akunq.net\/tr\/?p=61343"},"wordCount":759,"commentCount":0,"image":{"@id":"https:\/\/akunq.net\/tr\/?p=61343#primaryimage"},"thumbnailUrl":"https:\/\/akunq.net\/tr\/wp-content\/uploads\/sites\/6\/2021\/02\/Kasturya-Sinagogu.jpg","articleSection":["Haberler","T\u00fcrkiye\u2019de Az\u0131nl\u0131klar"],"inLanguage":"en-US","potentialAction":[{"@type":"CommentAction","name":"Comment","target":["https:\/\/akunq.net\/tr\/?p=61343#respond"]}]},{"@type":"WebPage","@id":"https:\/\/akunq.net\/tr\/?p=61343","url":"https:\/\/akunq.net\/tr\/?p=61343","name":"Kasturya Sinagogu Projesi Durdu Mu? - Bati Ermenistan Ve Bati Ermenileri Sorunlari Ara\u015ftirmalar Merkezi","isPartOf":{"@id":"https:\/\/akunq.net\/tr\/#website"},"primaryImageOfPage":{"@id":"https:\/\/akunq.net\/tr\/?p=61343#primaryimage"},"image":{"@id":"https:\/\/akunq.net\/tr\/?p=61343#primaryimage"},"thumbnailUrl":"https:\/\/akunq.net\/tr\/wp-content\/uploads\/sites\/6\/2021\/02\/Kasturya-Sinagogu.jpg","datePublished":"2021-02-05T10:23:46+00:00","author":{"@id":"https:\/\/akunq.net\/tr\/#\/schema\/person\/096f1d38a12cce57fb855b485ed24c9e"},"breadcrumb":{"@id":"https:\/\/akunq.net\/tr\/?p=61343#breadcrumb"},"inLanguage":"en-US","potentialAction":[{"@type":"ReadAction","target":["https:\/\/akunq.net\/tr\/?p=61343"]}]},{"@type":"ImageObject","inLanguage":"en-US","@id":"https:\/\/akunq.net\/tr\/?p=61343#primaryimage","url":"https:\/\/akunq.net\/tr\/wp-content\/uploads\/sites\/6\/2021\/02\/Kasturya-Sinagogu.jpg","contentUrl":"https:\/\/akunq.net\/tr\/wp-content\/uploads\/sites\/6\/2021\/02\/Kasturya-Sinagogu.jpg","width":963,"height":1200},{"@type":"BreadcrumbList","@id":"https:\/\/akunq.net\/tr\/?p=61343#breadcrumb","itemListElement":[{"@type":"ListItem","position":1,"name":"Home","item":"https:\/\/akunq.net\/tr"},{"@type":"ListItem","position":2,"name":"Kasturya Sinagogu Projesi Durdu Mu?"}]},{"@type":"WebSite","@id":"https:\/\/akunq.net\/tr\/#website","url":"https:\/\/akunq.net\/tr\/","name":"Bati Ermenistan Ve Bati Ermenileri Sorunlari Ara\u015ftirmalar Merkezi","description":"","potentialAction":[{"@type":"SearchAction","target":{"@type":"EntryPoint","urlTemplate":"https:\/\/akunq.net\/tr\/?s={search_term_string}"},"query-input":{"@type":"PropertyValueSpecification","valueRequired":true,"valueName":"search_term_string"}}],"inLanguage":"en-US"},{"@type":"Person","@id":"https:\/\/akunq.net\/tr\/#\/schema\/person\/096f1d38a12cce57fb855b485ed24c9e","name":"admin","url":"https:\/\/akunq.net\/tr\/?author=7"}]}},"_links":{"self":[{"href":"https:\/\/akunq.net\/tr\/index.php?rest_route=\/wp\/v2\/posts\/61343","targetHints":{"allow":["GET"]}}],"collection":[{"href":"https:\/\/akunq.net\/tr\/index.php?rest_route=\/wp\/v2\/posts"}],"about":[{"href":"https:\/\/akunq.net\/tr\/index.php?rest_route=\/wp\/v2\/types\/post"}],"author":[{"embeddable":true,"href":"https:\/\/akunq.net\/tr\/index.php?rest_route=\/wp\/v2\/users\/7"}],"replies":[{"embeddable":true,"href":"https:\/\/akunq.net\/tr\/index.php?rest_route=%2Fwp%2Fv2%2Fcomments&post=61343"}],"version-history":[{"count":1,"href":"https:\/\/akunq.net\/tr\/index.php?rest_route=\/wp\/v2\/posts\/61343\/revisions"}],"predecessor-version":[{"id":61345,"href":"https:\/\/akunq.net\/tr\/index.php?rest_route=\/wp\/v2\/posts\/61343\/revisions\/61345"}],"wp:featuredmedia":[{"embeddable":true,"href":"https:\/\/akunq.net\/tr\/index.php?rest_route=\/wp\/v2\/media\/61344"}],"wp:attachment":[{"href":"https:\/\/akunq.net\/tr\/index.php?rest_route=%2Fwp%2Fv2%2Fmedia&parent=61343"}],"wp:term":[{"taxonomy":"category","embeddable":true,"href":"https:\/\/akunq.net\/tr\/index.php?rest_route=%2Fwp%2Fv2%2Fcategories&post=61343"},{"taxonomy":"post_tag","embeddable":true,"href":"https:\/\/akunq.net\/tr\/index.php?rest_route=%2Fwp%2Fv2%2Ftags&post=61343"}],"curies":[{"name":"wp","href":"https:\/\/api.w.org\/{rel}","templated":true}]}}