{"id":61340,"date":"2021-02-05T05:14:06","date_gmt":"2021-02-05T10:14:06","guid":{"rendered":"https:\/\/akunq.net\/tr\/?p=61340"},"modified":"2021-02-05T05:14:06","modified_gmt":"2021-02-05T10:14:06","slug":"the-guardian-turkiyenin-gencleri-erdogana-karsi-tavir-aliyor","status":"publish","type":"post","link":"https:\/\/akunq.net\/tr\/?p=61340","title":{"rendered":"The Guardian: T\u00fcrkiye&#8217;nin gen\u00e7leri Erdo\u011fan&#8217;a kar\u015f\u0131 tav\u0131r al\u0131yor"},"content":{"rendered":"<p><img loading=\"lazy\" decoding=\"async\" class=\"aligncenter size-medium wp-image-61341\" src=\"https:\/\/akunq.net\/tr\/wp-content\/uploads\/2021\/02\/T\u00fcrkiyenin-gen\u00e7leri-360x203.png\" alt=\"\" width=\"360\" height=\"203\" srcset=\"https:\/\/akunq.net\/tr\/wp-content\/uploads\/sites\/6\/2021\/02\/T\u00fcrkiyenin-gen\u00e7leri-360x203.png 360w, https:\/\/akunq.net\/tr\/wp-content\/uploads\/sites\/6\/2021\/02\/T\u00fcrkiyenin-gen\u00e7leri-560x315.png 560w, https:\/\/akunq.net\/tr\/wp-content\/uploads\/sites\/6\/2021\/02\/T\u00fcrkiyenin-gen\u00e7leri-260x146.png 260w, https:\/\/akunq.net\/tr\/wp-content\/uploads\/sites\/6\/2021\/02\/T\u00fcrkiyenin-gen\u00e7leri-160x90.png 160w, https:\/\/akunq.net\/tr\/wp-content\/uploads\/sites\/6\/2021\/02\/T\u00fcrkiyenin-gen\u00e7leri.png 664w\" sizes=\"auto, (max-width: 360px) 100vw, 360px\" \/><\/p>\n<p><em><strong>T\u00fcrkiye&#8217;de\u00a0Melih Bulu&#8217;nun Bo\u011fazi\u00e7i \u00dcniversitesi&#8217;ne rekt\u00f6r olarak atanmas\u0131ndan sonra ba\u015flayan \u00f6\u011frenci eylemleri d\u00fcnya bas\u0131n\u0131nda geni\u015f yer bulmaya devam ediyor.<\/strong><\/em><\/p>\n<p>Britanya&#8217;n\u0131n \u00f6nde gelen gazetelerinden The Guardian&#8217;da yer alan konuyla ilgili haberde, &#8220;T\u00fcrkiye&#8217;nin gen\u00e7leri Erdo\u011fan&#8217;a kar\u015f\u0131 tav\u0131r al\u0131yor&#8221; de\u011ferlendirmesinde bulunuldu.<\/p>\n<p>The Guardian&#8217;\u0131n T\u00fcrkiye muhabiri Bethan McKernan taraf\u0131ndan kaleme al\u0131nan haberde, rekt\u00f6r atamas\u0131n\u0131n T\u00fcrkiye&#8217;nin k\u0131rg\u0131n ve i\u015f bulmakta zorlanan gen\u00e7lerinin d\u00fc\u015f k\u0131r\u0131kl\u0131klar\u0131n\u0131 d\u0131\u015far\u0131 vurmas\u0131 i\u00e7in beklenmeyen bir kataliz\u00f6r haline geldi\u011fi vurguland\u0131.<\/p>\n<p>The Guardian&#8217;a konu\u015fan Bo\u011fazi\u00e7i \u00f6\u011frencisi Behrem Evlice, &#8220;\u015eu an \u00e7ok k\u0131zg\u0131n\u0131z. Sadece Bo\u011fazi\u00e7i \u00f6\u011frencileri de\u011fil, T\u00fcrkiye&#8217;nin her yerindeki \u00f6\u011frenci ve gen\u00e7ler k\u0131zg\u0131n. Devlet bize polis ve \u015fiddetle sald\u0131rd\u0131. Bizim sadece \u00fcniversitemizin nas\u0131l y\u00f6netildi\u011fi konusunda s\u00f6z hakk\u0131m\u0131z olsun istiyoruz, onlar ise bizi etiketlemeye \u00e7al\u0131\u015f\u0131yor. Sonu\u00e7ta \u00fclkede bir ekonomik kriz var ve oy kaybedeceklerini biliyorlar. Sadece halk\u0131 b\u00f6lmeye \u00e7al\u0131\u015f\u0131yorlar&#8221; dedi.<\/p>\n<p>McKernan, ya\u015fl\u0131 n\u00fcfusun b\u00fcy\u00fck b\u00f6l\u00fcm\u00fcn\u00fcn yol ve hastane yapt\u0131\u011f\u0131, i\u015f\u00e7i s\u0131n\u0131f\u0131 i\u00e7in ya\u015fam standart\u0131n\u0131 y\u00fckseltti\u011fi i\u00e7in minnettar olsa da Z jenerasyonunun hayatlar\u0131 boyunca Erdo\u011fan ve AKP h\u00fck\u00fbmetleri d\u0131\u015f\u0131nda y\u00f6netim g\u00f6rmedi\u011fine dikkat \u00e7ekti. Muhabir, Z jenerasyonunun iktidara yeni bir s\u0131nav olu\u015fturdu\u011funu ifade etti.<\/p>\n<p><em><strong>https:\/\/www.ermenihaber.am\/tr\/news\/2021\/02\/04\/Guardian-T%C3%BCrkiye-Erdo%C4%9Fan\/201776\u00a0<\/strong><\/em><\/p>\n","protected":false},"excerpt":{"rendered":"<p>T\u00fcrkiye&#8217;de\u00a0Melih Bulu&#8217;nun Bo\u011fazi\u00e7i \u00dcniversitesi&#8217;ne rekt\u00f6r olarak atanmas\u0131ndan sonra ba\u015flayan \u00f6\u011frenci eylemleri d\u00fcnya bas\u0131n\u0131nda geni\u015f yer bulmaya devam ediyor. Britanya&#8217;n\u0131n \u00f6nde gelen gazetelerinden The Guardian&#8217;da yer alan konuyla ilgili haberde, &#8220;T\u00fcrkiye&#8217;nin gen\u00e7leri Erdo\u011fan&#8217;a kar\u015f\u0131 tav\u0131r al\u0131yor&#8221; de\u011ferlendirmesinde bulunuldu. The Guardian&#8217;\u0131n T\u00fcrkiye muhabiri Bethan McKernan taraf\u0131ndan kaleme al\u0131nan haberde, rekt\u00f6r atamas\u0131n\u0131n T\u00fcrkiye&#8217;nin k\u0131rg\u0131n ve i\u015f bulmakta zorlanan [&hellip;]<\/p>\n","protected":false},"author":7,"featured_media":61341,"comment_status":"open","ping_status":"open","sticky":false,"template":"","format":"standard","meta":{"footnotes":""},"categories":[1],"tags":[],"class_list":["post-61340","post","type-post","status-publish","format-standard","has-post-thumbnail","hentry","category-haberler"],"yoast_head":"<!-- This site is optimized with the Yoast SEO plugin v27.4 - https:\/\/yoast.com\/product\/yoast-seo-wordpress\/ -->\n<title>The Guardian: T\u00fcrkiye&#039;nin gen\u00e7leri Erdo\u011fan&#039;a kar\u015f\u0131 tav\u0131r al\u0131yor - Bati Ermenistan Ve Bati Ermenileri Sorunlari Ara\u015ftirmalar Merkezi<\/title>\n<meta name=\"robots\" content=\"index, follow, max-snippet:-1, max-image-preview:large, max-video-preview:-1\" \/>\n<link rel=\"canonical\" href=\"https:\/\/akunq.net\/tr\/?p=61340\" \/>\n<meta property=\"og:locale\" content=\"en_US\" \/>\n<meta property=\"og:type\" content=\"article\" \/>\n<meta property=\"og:title\" content=\"The Guardian: T\u00fcrkiye&#039;nin gen\u00e7leri Erdo\u011fan&#039;a kar\u015f\u0131 tav\u0131r al\u0131yor - Bati Ermenistan Ve Bati Ermenileri Sorunlari Ara\u015ftirmalar Merkezi\" \/>\n<meta property=\"og:description\" content=\"T\u00fcrkiye&#8217;de\u00a0Melih Bulu&#8217;nun Bo\u011fazi\u00e7i \u00dcniversitesi&#8217;ne rekt\u00f6r olarak atanmas\u0131ndan sonra ba\u015flayan \u00f6\u011frenci eylemleri d\u00fcnya bas\u0131n\u0131nda geni\u015f yer bulmaya devam ediyor. Britanya&#8217;n\u0131n \u00f6nde gelen gazetelerinden The Guardian&#8217;da yer alan konuyla ilgili haberde, &#8220;T\u00fcrkiye&#8217;nin gen\u00e7leri Erdo\u011fan&#8217;a kar\u015f\u0131 tav\u0131r al\u0131yor&#8221; de\u011ferlendirmesinde bulunuldu. The Guardian&#8217;\u0131n T\u00fcrkiye muhabiri Bethan McKernan taraf\u0131ndan kaleme al\u0131nan haberde, rekt\u00f6r atamas\u0131n\u0131n T\u00fcrkiye&#8217;nin k\u0131rg\u0131n ve i\u015f bulmakta zorlanan [&hellip;]\" \/>\n<meta property=\"og:url\" content=\"https:\/\/akunq.net\/tr\/?p=61340\" \/>\n<meta property=\"og:site_name\" content=\"Bati Ermenistan Ve Bati Ermenileri Sorunlari Ara\u015ftirmalar Merkezi\" \/>\n<meta property=\"article:published_time\" content=\"2021-02-05T10:14:06+00:00\" \/>\n<meta property=\"og:image\" content=\"https:\/\/akunq.net\/tr\/wp-content\/uploads\/sites\/6\/2021\/02\/T\u00fcrkiyenin-gen\u00e7leri.png\" \/>\n\t<meta property=\"og:image:width\" content=\"664\" \/>\n\t<meta property=\"og:image:height\" content=\"374\" \/>\n\t<meta property=\"og:image:type\" content=\"image\/png\" \/>\n<meta name=\"author\" content=\"admin\" \/>\n<meta name=\"twitter:card\" content=\"summary_large_image\" \/>\n<meta name=\"twitter:label1\" content=\"Written by\" \/>\n\t<meta name=\"twitter:data1\" content=\"admin\" \/>\n\t<meta name=\"twitter:label2\" content=\"Est. reading time\" \/>\n\t<meta name=\"twitter:data2\" content=\"1 minute\" \/>\n<script type=\"application\/ld+json\" class=\"yoast-schema-graph\">{\"@context\":\"https:\\\/\\\/schema.org\",\"@graph\":[{\"@type\":\"Article\",\"@id\":\"https:\\\/\\\/akunq.net\\\/tr\\\/?p=61340#article\",\"isPartOf\":{\"@id\":\"https:\\\/\\\/akunq.net\\\/tr\\\/?p=61340\"},\"author\":{\"name\":\"admin\",\"@id\":\"https:\\\/\\\/akunq.net\\\/tr\\\/#\\\/schema\\\/person\\\/096f1d38a12cce57fb855b485ed24c9e\"},\"headline\":\"The Guardian: T\u00fcrkiye&#8217;nin gen\u00e7leri Erdo\u011fan&#8217;a kar\u015f\u0131 tav\u0131r al\u0131yor\",\"datePublished\":\"2021-02-05T10:14:06+00:00\",\"mainEntityOfPage\":{\"@id\":\"https:\\\/\\\/akunq.net\\\/tr\\\/?p=61340\"},\"wordCount\":278,\"commentCount\":0,\"image\":{\"@id\":\"https:\\\/\\\/akunq.net\\\/tr\\\/?p=61340#primaryimage\"},\"thumbnailUrl\":\"https:\\\/\\\/akunq.net\\\/tr\\\/wp-content\\\/uploads\\\/sites\\\/6\\\/2021\\\/02\\\/T\u00fcrkiyenin-gen\u00e7leri.png\",\"articleSection\":[\"Haberler\"],\"inLanguage\":\"en-US\",\"potentialAction\":[{\"@type\":\"CommentAction\",\"name\":\"Comment\",\"target\":[\"https:\\\/\\\/akunq.net\\\/tr\\\/?p=61340#respond\"]}]},{\"@type\":\"WebPage\",\"@id\":\"https:\\\/\\\/akunq.net\\\/tr\\\/?p=61340\",\"url\":\"https:\\\/\\\/akunq.net\\\/tr\\\/?p=61340\",\"name\":\"The Guardian: T\u00fcrkiye'nin gen\u00e7leri Erdo\u011fan'a kar\u015f\u0131 tav\u0131r al\u0131yor - Bati Ermenistan Ve Bati Ermenileri Sorunlari Ara\u015ftirmalar Merkezi\",\"isPartOf\":{\"@id\":\"https:\\\/\\\/akunq.net\\\/tr\\\/#website\"},\"primaryImageOfPage\":{\"@id\":\"https:\\\/\\\/akunq.net\\\/tr\\\/?p=61340#primaryimage\"},\"image\":{\"@id\":\"https:\\\/\\\/akunq.net\\\/tr\\\/?p=61340#primaryimage\"},\"thumbnailUrl\":\"https:\\\/\\\/akunq.net\\\/tr\\\/wp-content\\\/uploads\\\/sites\\\/6\\\/2021\\\/02\\\/T\u00fcrkiyenin-gen\u00e7leri.png\",\"datePublished\":\"2021-02-05T10:14:06+00:00\",\"author\":{\"@id\":\"https:\\\/\\\/akunq.net\\\/tr\\\/#\\\/schema\\\/person\\\/096f1d38a12cce57fb855b485ed24c9e\"},\"breadcrumb\":{\"@id\":\"https:\\\/\\\/akunq.net\\\/tr\\\/?p=61340#breadcrumb\"},\"inLanguage\":\"en-US\",\"potentialAction\":[{\"@type\":\"ReadAction\",\"target\":[\"https:\\\/\\\/akunq.net\\\/tr\\\/?p=61340\"]}]},{\"@type\":\"ImageObject\",\"inLanguage\":\"en-US\",\"@id\":\"https:\\\/\\\/akunq.net\\\/tr\\\/?p=61340#primaryimage\",\"url\":\"https:\\\/\\\/akunq.net\\\/tr\\\/wp-content\\\/uploads\\\/sites\\\/6\\\/2021\\\/02\\\/T\u00fcrkiyenin-gen\u00e7leri.png\",\"contentUrl\":\"https:\\\/\\\/akunq.net\\\/tr\\\/wp-content\\\/uploads\\\/sites\\\/6\\\/2021\\\/02\\\/T\u00fcrkiyenin-gen\u00e7leri.png\",\"width\":664,\"height\":374},{\"@type\":\"BreadcrumbList\",\"@id\":\"https:\\\/\\\/akunq.net\\\/tr\\\/?p=61340#breadcrumb\",\"itemListElement\":[{\"@type\":\"ListItem\",\"position\":1,\"name\":\"Home\",\"item\":\"https:\\\/\\\/akunq.net\\\/tr\"},{\"@type\":\"ListItem\",\"position\":2,\"name\":\"The Guardian: T\u00fcrkiye&#8217;nin gen\u00e7leri Erdo\u011fan&#8217;a kar\u015f\u0131 tav\u0131r al\u0131yor\"}]},{\"@type\":\"WebSite\",\"@id\":\"https:\\\/\\\/akunq.net\\\/tr\\\/#website\",\"url\":\"https:\\\/\\\/akunq.net\\\/tr\\\/\",\"name\":\"Bati Ermenistan Ve Bati Ermenileri Sorunlari Ara\u015ftirmalar Merkezi\",\"description\":\"\",\"potentialAction\":[{\"@type\":\"SearchAction\",\"target\":{\"@type\":\"EntryPoint\",\"urlTemplate\":\"https:\\\/\\\/akunq.net\\\/tr\\\/?s={search_term_string}\"},\"query-input\":{\"@type\":\"PropertyValueSpecification\",\"valueRequired\":true,\"valueName\":\"search_term_string\"}}],\"inLanguage\":\"en-US\"},{\"@type\":\"Person\",\"@id\":\"https:\\\/\\\/akunq.net\\\/tr\\\/#\\\/schema\\\/person\\\/096f1d38a12cce57fb855b485ed24c9e\",\"name\":\"admin\",\"url\":\"https:\\\/\\\/akunq.net\\\/tr\\\/?author=7\"}]}<\/script>\n<!-- \/ Yoast SEO plugin. -->","yoast_head_json":{"title":"The Guardian: T\u00fcrkiye'nin gen\u00e7leri Erdo\u011fan'a kar\u015f\u0131 tav\u0131r al\u0131yor - Bati Ermenistan Ve Bati Ermenileri Sorunlari Ara\u015ftirmalar Merkezi","robots":{"index":"index","follow":"follow","max-snippet":"max-snippet:-1","max-image-preview":"max-image-preview:large","max-video-preview":"max-video-preview:-1"},"canonical":"https:\/\/akunq.net\/tr\/?p=61340","og_locale":"en_US","og_type":"article","og_title":"The Guardian: T\u00fcrkiye'nin gen\u00e7leri Erdo\u011fan'a kar\u015f\u0131 tav\u0131r al\u0131yor - Bati Ermenistan Ve Bati Ermenileri Sorunlari Ara\u015ftirmalar Merkezi","og_description":"T\u00fcrkiye&#8217;de\u00a0Melih Bulu&#8217;nun Bo\u011fazi\u00e7i \u00dcniversitesi&#8217;ne rekt\u00f6r olarak atanmas\u0131ndan sonra ba\u015flayan \u00f6\u011frenci eylemleri d\u00fcnya bas\u0131n\u0131nda geni\u015f yer bulmaya devam ediyor. Britanya&#8217;n\u0131n \u00f6nde gelen gazetelerinden The Guardian&#8217;da yer alan konuyla ilgili haberde, &#8220;T\u00fcrkiye&#8217;nin gen\u00e7leri Erdo\u011fan&#8217;a kar\u015f\u0131 tav\u0131r al\u0131yor&#8221; de\u011ferlendirmesinde bulunuldu. The Guardian&#8217;\u0131n T\u00fcrkiye muhabiri Bethan McKernan taraf\u0131ndan kaleme al\u0131nan haberde, rekt\u00f6r atamas\u0131n\u0131n T\u00fcrkiye&#8217;nin k\u0131rg\u0131n ve i\u015f bulmakta zorlanan [&hellip;]","og_url":"https:\/\/akunq.net\/tr\/?p=61340","og_site_name":"Bati Ermenistan Ve Bati Ermenileri Sorunlari Ara\u015ftirmalar Merkezi","article_published_time":"2021-02-05T10:14:06+00:00","og_image":[{"width":664,"height":374,"url":"https:\/\/akunq.net\/tr\/wp-content\/uploads\/sites\/6\/2021\/02\/T\u00fcrkiyenin-gen\u00e7leri.png","type":"image\/png"}],"author":"admin","twitter_card":"summary_large_image","twitter_misc":{"Written by":"admin","Est. reading time":"1 minute"},"schema":{"@context":"https:\/\/schema.org","@graph":[{"@type":"Article","@id":"https:\/\/akunq.net\/tr\/?p=61340#article","isPartOf":{"@id":"https:\/\/akunq.net\/tr\/?p=61340"},"author":{"name":"admin","@id":"https:\/\/akunq.net\/tr\/#\/schema\/person\/096f1d38a12cce57fb855b485ed24c9e"},"headline":"The Guardian: T\u00fcrkiye&#8217;nin gen\u00e7leri Erdo\u011fan&#8217;a kar\u015f\u0131 tav\u0131r al\u0131yor","datePublished":"2021-02-05T10:14:06+00:00","mainEntityOfPage":{"@id":"https:\/\/akunq.net\/tr\/?p=61340"},"wordCount":278,"commentCount":0,"image":{"@id":"https:\/\/akunq.net\/tr\/?p=61340#primaryimage"},"thumbnailUrl":"https:\/\/akunq.net\/tr\/wp-content\/uploads\/sites\/6\/2021\/02\/T\u00fcrkiyenin-gen\u00e7leri.png","articleSection":["Haberler"],"inLanguage":"en-US","potentialAction":[{"@type":"CommentAction","name":"Comment","target":["https:\/\/akunq.net\/tr\/?p=61340#respond"]}]},{"@type":"WebPage","@id":"https:\/\/akunq.net\/tr\/?p=61340","url":"https:\/\/akunq.net\/tr\/?p=61340","name":"The Guardian: T\u00fcrkiye'nin gen\u00e7leri Erdo\u011fan'a kar\u015f\u0131 tav\u0131r al\u0131yor - Bati Ermenistan Ve Bati Ermenileri Sorunlari Ara\u015ftirmalar Merkezi","isPartOf":{"@id":"https:\/\/akunq.net\/tr\/#website"},"primaryImageOfPage":{"@id":"https:\/\/akunq.net\/tr\/?p=61340#primaryimage"},"image":{"@id":"https:\/\/akunq.net\/tr\/?p=61340#primaryimage"},"thumbnailUrl":"https:\/\/akunq.net\/tr\/wp-content\/uploads\/sites\/6\/2021\/02\/T\u00fcrkiyenin-gen\u00e7leri.png","datePublished":"2021-02-05T10:14:06+00:00","author":{"@id":"https:\/\/akunq.net\/tr\/#\/schema\/person\/096f1d38a12cce57fb855b485ed24c9e"},"breadcrumb":{"@id":"https:\/\/akunq.net\/tr\/?p=61340#breadcrumb"},"inLanguage":"en-US","potentialAction":[{"@type":"ReadAction","target":["https:\/\/akunq.net\/tr\/?p=61340"]}]},{"@type":"ImageObject","inLanguage":"en-US","@id":"https:\/\/akunq.net\/tr\/?p=61340#primaryimage","url":"https:\/\/akunq.net\/tr\/wp-content\/uploads\/sites\/6\/2021\/02\/T\u00fcrkiyenin-gen\u00e7leri.png","contentUrl":"https:\/\/akunq.net\/tr\/wp-content\/uploads\/sites\/6\/2021\/02\/T\u00fcrkiyenin-gen\u00e7leri.png","width":664,"height":374},{"@type":"BreadcrumbList","@id":"https:\/\/akunq.net\/tr\/?p=61340#breadcrumb","itemListElement":[{"@type":"ListItem","position":1,"name":"Home","item":"https:\/\/akunq.net\/tr"},{"@type":"ListItem","position":2,"name":"The Guardian: T\u00fcrkiye&#8217;nin gen\u00e7leri Erdo\u011fan&#8217;a kar\u015f\u0131 tav\u0131r al\u0131yor"}]},{"@type":"WebSite","@id":"https:\/\/akunq.net\/tr\/#website","url":"https:\/\/akunq.net\/tr\/","name":"Bati Ermenistan Ve Bati Ermenileri Sorunlari Ara\u015ftirmalar Merkezi","description":"","potentialAction":[{"@type":"SearchAction","target":{"@type":"EntryPoint","urlTemplate":"https:\/\/akunq.net\/tr\/?s={search_term_string}"},"query-input":{"@type":"PropertyValueSpecification","valueRequired":true,"valueName":"search_term_string"}}],"inLanguage":"en-US"},{"@type":"Person","@id":"https:\/\/akunq.net\/tr\/#\/schema\/person\/096f1d38a12cce57fb855b485ed24c9e","name":"admin","url":"https:\/\/akunq.net\/tr\/?author=7"}]}},"_links":{"self":[{"href":"https:\/\/akunq.net\/tr\/index.php?rest_route=\/wp\/v2\/posts\/61340","targetHints":{"allow":["GET"]}}],"collection":[{"href":"https:\/\/akunq.net\/tr\/index.php?rest_route=\/wp\/v2\/posts"}],"about":[{"href":"https:\/\/akunq.net\/tr\/index.php?rest_route=\/wp\/v2\/types\/post"}],"author":[{"embeddable":true,"href":"https:\/\/akunq.net\/tr\/index.php?rest_route=\/wp\/v2\/users\/7"}],"replies":[{"embeddable":true,"href":"https:\/\/akunq.net\/tr\/index.php?rest_route=%2Fwp%2Fv2%2Fcomments&post=61340"}],"version-history":[{"count":1,"href":"https:\/\/akunq.net\/tr\/index.php?rest_route=\/wp\/v2\/posts\/61340\/revisions"}],"predecessor-version":[{"id":61342,"href":"https:\/\/akunq.net\/tr\/index.php?rest_route=\/wp\/v2\/posts\/61340\/revisions\/61342"}],"wp:featuredmedia":[{"embeddable":true,"href":"https:\/\/akunq.net\/tr\/index.php?rest_route=\/wp\/v2\/media\/61341"}],"wp:attachment":[{"href":"https:\/\/akunq.net\/tr\/index.php?rest_route=%2Fwp%2Fv2%2Fmedia&parent=61340"}],"wp:term":[{"taxonomy":"category","embeddable":true,"href":"https:\/\/akunq.net\/tr\/index.php?rest_route=%2Fwp%2Fv2%2Fcategories&post=61340"},{"taxonomy":"post_tag","embeddable":true,"href":"https:\/\/akunq.net\/tr\/index.php?rest_route=%2Fwp%2Fv2%2Ftags&post=61340"}],"curies":[{"name":"wp","href":"https:\/\/api.w.org\/{rel}","templated":true}]}}