{"id":61336,"date":"2021-02-04T05:22:28","date_gmt":"2021-02-04T10:22:28","guid":{"rendered":"https:\/\/akunq.net\/tr\/?p=61336"},"modified":"2021-02-04T05:22:28","modified_gmt":"2021-02-04T10:22:28","slug":"hdp-bu-sistemi-degil-demokrasiyi-guclendirecek-bir-anayasaya-ihtiyac-var","status":"publish","type":"post","link":"https:\/\/akunq.net\/tr\/?p=61336","title":{"rendered":"HDP: Bu sistemi de\u011fil demokrasiyi g\u00fc\u00e7lendirecek bir anayasaya ihtiya\u00e7 var"},"content":{"rendered":"<div class=\"entry-video-container\">\n<section class=\"entry-article-topper\">\n<div class=\"grid-x grid-margin-x\">\n<div class=\"cell\">\n<div class=\"entry-header clearfix\">\n<div class=\"entry-subtitle\">\n<p><img loading=\"lazy\" decoding=\"async\" class=\"aligncenter size-medium wp-image-61337\" src=\"https:\/\/akunq.net\/tr\/wp-content\/uploads\/2021\/02\/HDP-Grup-Ba\u015fkanvekili-Hakk\u0131-Saruhan-Olu\u00e7-360x213.jpg\" alt=\"\" width=\"360\" height=\"213\" srcset=\"https:\/\/akunq.net\/tr\/wp-content\/uploads\/sites\/6\/2021\/02\/HDP-Grup-Ba\u015fkanvekili-Hakk\u0131-Saruhan-Olu\u00e7-360x213.jpg 360w, https:\/\/akunq.net\/tr\/wp-content\/uploads\/sites\/6\/2021\/02\/HDP-Grup-Ba\u015fkanvekili-Hakk\u0131-Saruhan-Olu\u00e7-560x332.jpg 560w, https:\/\/akunq.net\/tr\/wp-content\/uploads\/sites\/6\/2021\/02\/HDP-Grup-Ba\u015fkanvekili-Hakk\u0131-Saruhan-Olu\u00e7-260x154.jpg 260w, https:\/\/akunq.net\/tr\/wp-content\/uploads\/sites\/6\/2021\/02\/HDP-Grup-Ba\u015fkanvekili-Hakk\u0131-Saruhan-Olu\u00e7-160x95.jpg 160w, https:\/\/akunq.net\/tr\/wp-content\/uploads\/sites\/6\/2021\/02\/HDP-Grup-Ba\u015fkanvekili-Hakk\u0131-Saruhan-Olu\u00e7.jpg 760w\" sizes=\"auto, (max-width: 360px) 100vw, 360px\" \/><\/p>\n<p><em><strong>HDP Grup Ba\u015fkanvekili Olu\u00e7, &#8220;Olu\u00e7, &#8220;Bu toplumu ve demokrasiyi g\u00fc\u00e7lendirecek Anayasa tart\u0131\u015fmas\u0131na ihtiya\u00e7 vard\u0131r. Mutlak iktidar\u0131 olu\u015fturmak i\u00e7in de\u011fil&#8221; diye konu\u015ftu.<\/strong><\/em><\/p>\n<\/div>\n<\/div>\n<\/div>\n<\/div>\n<\/section>\n<\/div>\n<div class=\"grid-container\">\n<article class=\"entry-article\">\n<div class=\"grid-x align-justify\">\n<div class=\"content-wrap-holder cell\">\n<div class=\"region region-content\">\n<div id=\"block-system-main\" class=\"block block-system\">\n<div class=\"content\">\n<div class=\"content-wrap\">\n<div class=\"printable-area page-taxonomy-term-56\" dir=\"ltr\">\n<div class=\"entry-content\" data-io-article-url=\"https:\/\/www.indyturk.com\/node\/310481\/siyaset\/hdp-bu-sistemi-de%C4%9Fil-demokrasiyi-g%C3%BC%C3%A7lendirecek-bir-anayasaya-ihtiya%C3%A7-var\">\n<div class=\"field field-name-body field-type-text-with-summary field-label-hidden\">\n<div class=\"field-items\">\n<div class=\"field-item even\">\n<p>HDP Grup Ba\u015fkanvekili Hakk\u0131 Saruhan Olu\u00e7, yeni anayasa tart\u0131\u015fmalar\u0131na ili\u015fkin, &#8220;Cumhurba\u015fkanl\u0131\u011f\u0131 H\u00fck\u00fcmet Sistemi&#8217;ni de\u011fil toplumu ve demokrasiyi g\u00fc\u00e7lendirecek bir anayasaya ihtiya\u00e7 vard\u0131r.&#8221; dedi.<\/p>\n<p>Olu\u00e7, Meclis&#8217;te d\u00fczenledi\u011fi bas\u0131n toplant\u0131s\u0131nda yeni anayasa tart\u0131\u015fmalar\u0131na de\u011findi.<\/p>\n<p>Olu\u00e7, kendilerinin, 12 Eyl\u00fcl 1980 Anayasa&#8217;n\u0131n de\u011fi\u015fmesi gerekti\u011fini \u00e7ok uzun y\u0131llard\u0131r s\u00f6yleyen ve bunun i\u00e7in m\u00fccadele eden muhalefet partilerinden birisi oldu\u011funu belirterek &#8220;12 Eyl\u00fcl 1980 Anayasas\u0131 \u00f6z\u00fcrl\u00fcd\u00fcr, despotiktir, her t\u00fcrl\u00fc otoriterli\u011fe a\u00e7\u0131kt\u0131r ve bir cunta, darbe ruhunu ta\u015f\u0131yan, kendisine i\u00e7selle\u015ftirmi\u015f olan anayasad\u0131r&#8221;\u00a0diye konu\u015ftu.<\/p>\n<p>Olu\u00e7, bu anayasan\u0131n toptan kald\u0131r\u0131lmas\u0131 gerekti\u011fini iktidara gelen veya iktidar olamayan \u00e7e\u015fitli muhalefet partilerinin defalarca ifade etti\u011fini ancak bu anayasa tart\u0131\u015fmalar\u0131ndan bir t\u00fcrl\u00fc sonu\u00e7 elde edilemedi\u011fini s\u00f6yledi.<\/p>\n<p><strong>&#8220;AKP&#8217;nin bu konuda sicili bozuktur&#8221;<\/strong><\/p>\n<p>En son 2011 y\u0131l\u0131nda Meclis&#8217;te yap\u0131lan \u00e7al\u0131\u015fmalardan da bir sonu\u00e7 elde edilemedi\u011fini vurgulayan Olu\u00e7 \u015f\u00f6yle devam etti:<\/p>\n<blockquote><p><em>Bir sivil ve demokratik Anayasa T\u00fcrkiye&#8217;nin, T\u00fcrkiye&#8217;de ya\u015fayan herkesin acil ihtiyac\u0131d\u0131r. Bu \u00e7ok net ve a\u00e7\u0131kt\u0131r. \u0130lk defa \u015fimdi de s\u00f6ylemiyoruz. Y\u0131llardan beri bunu s\u00f6yl\u00fcyoruz. Anayasa ayn\u0131 zamanda bir toplumsal s\u00f6zle\u015fmedir. Bu toplumun, bar\u0131\u015f, huzur, refah i\u00e7inde ya\u015fayabilmesinin temel metnidir bu toplamsal s\u00f6zle\u015fme. Dolay\u0131s\u0131yla b\u00f6yle bir yeni anayasa ihtiyac\u0131 \u00e7ok a\u00e7\u0131k ortadad\u0131r ama maalesef AKP&#8217;nin bu konudaki sicili bozuktur. \u0130ktidar, e\u011fer bu tart\u0131\u015fmay\u0131 bir oyalama, nefes alma ve iktidar\u0131n\u0131 s\u00fcrd\u00fcrme anlay\u0131\u015f\u0131 i\u00e7inde g\u00fcndeme getiriyorsa bu do\u011fru bir tutum de\u011fildir. \u0130ktidar ittifak\u0131 g\u00fcven vermiyor.<\/em><\/p><\/blockquote>\n<p><strong>&#8220;\u0130ktidar y\u00fcr\u00fcrl\u00fckteki anayasay\u0131 bile uygulam\u0131yor&#8221;<\/strong><\/p>\n<p>Olu\u00e7 yeni bir anayasan\u0131n sadece Cumhur \u0130ttifak\u0131 ile yap\u0131lamayaca\u011f\u0131n\u0131, b\u00fct\u00fcn siyasi partilerin, toplumdaki b\u00fct\u00fcn STK&#8217;lerin, yurtta\u015flar\u0131n bu tart\u0131\u015fmaya kat\u0131lmas\u0131, g\u00f6r\u00fc\u015flerini s\u00f6ylemesi ve anayasa konusundaki iradelerini belli etmesiyle yap\u0131labilece\u011fini kaydetti.<\/p>\n<p>Olu\u00e7, &#8220;Cumhurba\u015fkanl\u0131\u011f\u0131 H\u00fck\u00fcmet Sistemi&#8217;ni de\u011fil toplumu ve demokrasiyi g\u00fc\u00e7lendirecek bir anayasaya ihtiya\u00e7 vard\u0131r&#8221; dedi. \u0130ktidar\u0131n y\u00fcr\u00fcrl\u00fckteki anayasay\u0131 bile uygulamad\u0131\u011f\u0131n\u0131 savunan Olu\u00e7, Anayasa&#8217;n\u0131n 90. maddesine g\u00f6re A\u0130HM kararlar\u0131n\u0131n ba\u011flay\u0131c\u0131 oldu\u011funu ancak eski HDP E\u015f Genel Ba\u015fkan\u0131 Selahattin Demirta\u015f&#8217;a ili\u015fkin karar\u0131n hala uygulanmad\u0131\u011f\u0131n\u0131 s\u00f6yledi.<\/p>\n<p><strong>Kuvvetler ayr\u0131l\u0131\u011f\u0131 vurgusu<\/strong><\/p>\n<p>Olu\u00e7, s\u00f6zlerini \u015f\u00f6yle s\u00fcrd\u00fcrd\u00fc:<\/p>\n<blockquote><p><em>Kuvvetler ayr\u0131l\u0131\u011f\u0131n\u0131n yeniden tesis edilmesini i\u00e7eren, denge-denetleme mekanizmalar\u0131n\u0131 g\u00fc\u00e7lendiren ve yeniden tesis eden, tarafs\u0131z bir cumhurba\u015fkanl\u0131\u011f\u0131n\u0131 sa\u011flayan ve yerel demokrasiyi g\u00fc\u00e7lendiren bir Anayasa tart\u0131\u015fmas\u0131 ger\u00e7ekten \u00f6nemli bir tart\u0131\u015fmad\u0131r. Ama ne yaz\u0131k ki iktidar\u0131n kulland\u0131\u011f\u0131 dil ve s\u00f6ylem, uygulamalar\u0131, HDP&#8217;yi tasfiye etme \u00e7abalar\u0131, uzla\u015fmac\u0131, kapsay\u0131c\u0131, kat\u0131l\u0131mc\u0131 ve m\u00fczakereci bir anayasa yap\u0131m s\u00fcrecine i\u015faret etmemektedir. \u00d6nce bunlar\u0131n de\u011fi\u015fmesi gerekir. \u00d6nce bir yol temizli\u011fine, zihniyet de\u011fi\u015fikli\u011fine, s\u00f6ylem ve dil de\u011fi\u015fikli\u011fine, uygulamalar\u0131n de\u011fi\u015fmesine ihtiya\u00e7 vard\u0131r. Bu durum sa\u011flanmadan, bu uygulamalar de\u011fi\u015fmeden, s\u00f6ylem ve dil d\u00fczeltilmeden bir Anayasa tart\u0131\u015fmas\u0131n\u0131n sa\u011fl\u0131kl\u0131 bir \u015fekilde yap\u0131lmas\u0131, bir Siyasi Partiler Yasas\u0131&#8217;n\u0131n de\u011fi\u015fmesinin sa\u011fl\u0131kl\u0131 bir \u015fekilde yap\u0131lmas\u0131 ne yaz\u0131k ki m\u00fcmk\u00fcn de\u011fildir. Dolay\u0131s\u0131yla, kuvvetler ayr\u0131l\u0131\u011f\u0131n\u0131n her boyutuyla tekrardan ele al\u0131nd\u0131\u011f\u0131, toplumu ve demokrasiyi g\u00fc\u00e7lendirecek bir yatay ve dikey kuvvetler ayr\u0131l\u0131\u011f\u0131n\u0131n tart\u0131\u015f\u0131ld\u0131\u011f\u0131 bir Anayasa tart\u0131\u015fmas\u0131 b\u00fct\u00fcn toplum i\u00e7in bir ihtiya\u00e7t\u0131r. Bunun yap\u0131lmas\u0131 gerekti\u011finden bizim en ufak bir \u015f\u00fcphemiz yoktur ama bu uygulamalar ve s\u00f6ylem buna dair neredeyse hi\u00e7bir i\u015faret, emare bar\u0131nd\u0131rmamaktad\u0131r.<\/em><\/p><\/blockquote>\n<p><strong>&#8220;\u00d6\u011frencilerin direni\u015fini illegalize etmeye \u00e7al\u0131\u015f\u0131yorlar&#8221;<\/strong><\/p>\n<p>Bo\u011fazi\u00e7i \u00dcniversitesi rekt\u00f6r\u00fc tart\u0131\u015fmalar\u0131na da de\u011finen Olu\u00e7 Bo\u011fazi\u00e7i \u00dcniversitesi&#8217;ni bu hale getirdi\u011finiz. \u00d6\u011frenciler ne istiyor? \u00c7ok basit bir \u015fey s\u00f6yl\u00fcyorlar. &#8216;Rekt\u00f6r atanm\u0131\u015f olmas\u0131n&#8217; diyorlar. Rekt\u00f6r\u00fc \u00fcniversitenin payda\u015flar\u0131n\u0131n se\u00e7mesinin \u00f6n\u00fcnde ne engel var? Hi\u00e7bir engel yok. \u0130ktidar engeli var. \u0130ktidar\u0131n bug\u00fcnk\u00fc zihniyeti var\u201d diye konu\u015ftu.<\/p>\n<p>&#8220;\u00d6\u011frencilerin g\u00f6sterdikleri me\u015fru, demokratik bir direni\u015f, protesto var&#8221; diyen Olu\u00e7, iktidar ve \u0130\u00e7i\u015fleri Bakanl\u0131\u011f\u0131&#8217;n\u0131n bunu illegalize etmeye \u00e7al\u0131\u015ft\u0131\u011f\u0131n\u0131 belirtti.<\/p>\n<p>Olu\u00e7 \u015fu ifadelerle devam etti:<\/p>\n<blockquote><p><em>\u00c7ok masum bir \u015fekilde Bo\u011fazi\u00e7i \u00dcniversitesi&#8217;ndeki \u00f6\u011frenciler ve \u00f6\u011fretim \u00fcyeleri &#8216;atanm\u0131\u015f, kayyum rekt\u00f6r istemiyoruz&#8217; diyorlar. Bundan daha do\u011fal, me\u015fru ve demokratik bir protesto olabilir mi? Olamaz. Bunun kar\u015f\u0131s\u0131nda iktidar ne yap\u0131yor? Kolluk kuvveti ile \u00f6\u011frencilerin \u00fcst\u00fcne sald\u0131r\u0131yor. Bu demokratik protestoyu illegalize etmeye \u00e7al\u0131\u015f\u0131yor.<\/em><\/p><\/blockquote>\n<p>\u00d6\u011frencilerin tek taleplerinin Bo\u011fazi\u00e7i \u00dcniversitesi Rekt\u00f6r\u00fc Melih Bulu&#8217;nun istifa etmesi oldu\u011funu belirten Olu\u00e7, &#8220;Son derece demokratik bir \u015fekilde bunu \u00fcstelik dile getiriyorlar. Ya atad\u0131\u011f\u0131n\u0131z bu kayyum rekt\u00f6r\u00fc g\u00f6revden al\u0131n ya da bu kayyum rekt\u00f6r, bu \u015fekilde \u00e7al\u0131\u015famayaca\u011f\u0131n\u0131 g\u00f6rerek bir an evvel istifa etmelidir. Yapabilece\u011fi en iyi, hay\u0131rl\u0131 i\u015f budur&#8221; dedi.<\/p>\n<p><strong>Soylu&#8217;nun ifadelerine tepki<\/strong><\/p>\n<p>\u0130\u00e7i\u015fleri Bakan\u0131 S\u00fcleyman Soylu&#8217;nun, &#8220;Rekt\u00f6r se\u00e7imlerinin demokratik olmas\u0131 m\u0131 gerekiyor?&#8221; dedi\u011fini belirten Olu\u00e7, &#8220;O kadar ilgin\u00e7 bir laf ki, f\u0131kra olsa g\u00fcl\u00fcnmez, yol olsa ge\u00e7ilmez, ayna olsa bak\u0131lmaz ne diyelim buna? Reform tart\u0131\u015fmalar\u0131n\u0131n yap\u0131ld\u0131\u011f\u0131, yeni demokratik ve sivil bir Anayasa laz\u0131md\u0131r tart\u0131\u015fmalar\u0131n\u0131n yap\u0131ld\u0131\u011f\u0131 g\u00fcnde i\u015fte bu laf asl\u0131nda b\u00fct\u00fcn sihri ortadan kald\u0131r\u0131yor&#8221; ifadesini kulland\u0131.<\/p>\n<p><strong>&#8220;Yeni anayasan\u0131n haz\u0131rlanaca\u011f\u0131 yer TBMM&#8217;dir&#8221;<\/strong><\/p>\n<p>Olu\u00e7, a\u00e7\u0131klamalar\u0131n\u0131n ard\u0131ndan bas\u0131n mensuplar\u0131n\u0131n sorular\u0131n\u0131 yan\u0131tlad\u0131.<\/p>\n<p>Yeni anayasa tart\u0131\u015fmalar\u0131na ili\u015fkin bir soru \u00fczerine Olu\u00e7, e\u011fer bir sivil ve demokratik Anayasa&#8217;dan s\u00f6z ediliyorsa bunun haz\u0131rlanaca\u011f\u0131 yerin TBMM oldu\u011funu belirterek, &#8220;Dolay\u0131s\u0131yla i\u00e7inde b\u00fct\u00fcn muhalefet partilerinin, iktidar partilerinin de yer ald\u0131\u011f\u0131 bir komisyon \u00e7al\u0131\u015fmas\u0131 \u015feklinde ancak bir Anayasa teklifi tart\u0131\u015f\u0131labilir&#8221; dedi.<\/p>\n<p>Ekonomi, siyaset, i\u00e7 ve d\u0131\u015f politika, sosyal ihtiya\u00e7lar ve hukuk a\u00e7\u0131s\u0131ndan a\u00e7\u0131k\u00e7a i\u015flemedi\u011fi g\u00f6r\u00fclen bir sistemi g\u00fc\u00e7lendirmek i\u00e7in Anayasa tart\u0131\u015fmas\u0131 yapman\u0131n do\u011fru olmad\u0131\u011f\u0131n\u0131 ifade eden Olu\u00e7, &#8220;Bu toplumu ve demokrasiyi g\u00fc\u00e7lendirecek Anayasa tart\u0131\u015fmas\u0131na ihtiya\u00e7 vard\u0131r. Mutlak iktidar\u0131 olu\u015fturmak i\u00e7in de\u011fil. E\u011fer Cumhur \u0130ttifak\u0131, iktidar\u0131n\u0131 mutlakla\u015ft\u0131rmak i\u00e7in mutlak iktidar\u0131 elde etmek i\u00e7in bu Anayasa tart\u0131\u015fmas\u0131n\u0131 yapacaksa bunun do\u011fru bir yan\u0131 yoktur. Muhalefeti etkisizle\u015ftirmek, dikensiz bir g\u00fcl bah\u00e7esi yaratmak i\u00e7in bir Anayasa tart\u0131\u015fmas\u0131 yap\u0131lacaksa bunun kar\u015f\u0131s\u0131ndaki tutumumuz \u00e7ok a\u00e7\u0131kt\u0131r&#8221; de\u011ferlendirmesinde bulundu.<\/p>\n<p><strong>Berbero\u011flu davas\u0131<\/strong><\/p>\n<p>Anayasa Mahkemesi&#8217;nin eski CHP \u0130stanbul Milletvekili Enis Berbero\u011flu hakk\u0131nda verdi\u011fi karar\u0131n an\u0131msat\u0131lmas\u0131 \u00fczerine Olu\u00e7, Anayasa Mahkemesi kararlar\u0131n\u0131n yarg\u0131 taraf\u0131ndan uygulanmamas\u0131n\u0131n ba\u015fl\u0131 ba\u015f\u0131na bir sorun oldu\u011funu belirterek, &#8220;Anayasa Mahkemesi en \u00fcst merci ise e\u011fer bu mekanizma i\u00e7erisinde onun verdi\u011fi kararlar Anayasa&#8217;ya g\u00f6re de uygulanmas\u0131 gereken kararlard\u0131r.&#8221; dedi. Bu durumun de\u011fi\u015ftirilece\u011fi iki yerin oldu\u011funu ifade eden Olu\u00e7, &#8220;Birisi yerel mahkeme ikincisi de TBMM&#8217;dir. \u00c7\u00fcnk\u00fc, TBMM, Enis Berbero\u011flu&#8217;nun milletvekilli\u011fini hukuksuz bir \u015fekilde d\u00fc\u015f\u00fcrm\u00fc\u015ft\u00fcr. Dolay\u0131s\u0131yla Anayasa Mahkemesi kararlar\u0131 uygulanmal\u0131d\u0131r. Ayn\u0131 \u015feklide A\u0130HM kararlar\u0131 da uygulanmal\u0131d\u0131r&#8221; \u015feklinde konu\u015ftu.<\/p>\n<p><em><strong>https:\/\/www.indyturk.com\/node\/310481\/siyaset\/hdp-bu-sistemi-de%C4%9Fil-demokrasiyi-g%C3%BC%C3%A7lendirecek-bir-anayasaya-ihtiya%C3%A7-var\u00a0<\/strong><\/em><\/p>\n<\/div>\n<\/div>\n<\/div>\n<\/div>\n<\/div>\n<\/div>\n<\/div>\n<\/div>\n<\/div>\n<\/div>\n<\/div>\n<\/article>\n<\/div>\n","protected":false},"excerpt":{"rendered":"<p>HDP Grup Ba\u015fkanvekili Olu\u00e7, &#8220;Olu\u00e7, &#8220;Bu toplumu ve demokrasiyi g\u00fc\u00e7lendirecek Anayasa tart\u0131\u015fmas\u0131na ihtiya\u00e7 vard\u0131r. Mutlak iktidar\u0131 olu\u015fturmak i\u00e7in de\u011fil&#8221; diye konu\u015ftu. HDP Grup Ba\u015fkanvekili Hakk\u0131 Saruhan Olu\u00e7, yeni anayasa tart\u0131\u015fmalar\u0131na ili\u015fkin, &#8220;Cumhurba\u015fkanl\u0131\u011f\u0131 H\u00fck\u00fcmet Sistemi&#8217;ni de\u011fil toplumu ve demokrasiyi g\u00fc\u00e7lendirecek bir anayasaya ihtiya\u00e7 vard\u0131r.&#8221; dedi. Olu\u00e7, Meclis&#8217;te d\u00fczenledi\u011fi bas\u0131n toplant\u0131s\u0131nda yeni anayasa tart\u0131\u015fmalar\u0131na de\u011findi. Olu\u00e7, kendilerinin, [&hellip;]<\/p>\n","protected":false},"author":7,"featured_media":61337,"comment_status":"open","ping_status":"open","sticky":false,"template":"","format":"standard","meta":{"footnotes":""},"categories":[1],"tags":[],"class_list":["post-61336","post","type-post","status-publish","format-standard","has-post-thumbnail","hentry","category-haberler"],"yoast_head":"<!-- This site is optimized with the Yoast SEO plugin v27.4 - https:\/\/yoast.com\/product\/yoast-seo-wordpress\/ -->\n<title>HDP: Bu sistemi de\u011fil demokrasiyi g\u00fc\u00e7lendirecek bir anayasaya ihtiya\u00e7 var - Bati Ermenistan Ve Bati Ermenileri Sorunlari Ara\u015ftirmalar Merkezi<\/title>\n<meta name=\"robots\" content=\"index, follow, max-snippet:-1, max-image-preview:large, max-video-preview:-1\" \/>\n<link rel=\"canonical\" href=\"https:\/\/akunq.net\/tr\/?p=61336\" \/>\n<meta property=\"og:locale\" content=\"en_US\" \/>\n<meta property=\"og:type\" content=\"article\" \/>\n<meta property=\"og:title\" content=\"HDP: Bu sistemi de\u011fil demokrasiyi g\u00fc\u00e7lendirecek bir anayasaya ihtiya\u00e7 var - Bati Ermenistan Ve Bati Ermenileri Sorunlari Ara\u015ftirmalar Merkezi\" \/>\n<meta property=\"og:description\" content=\"HDP Grup Ba\u015fkanvekili Olu\u00e7, &#8220;Olu\u00e7, &#8220;Bu toplumu ve demokrasiyi g\u00fc\u00e7lendirecek Anayasa tart\u0131\u015fmas\u0131na ihtiya\u00e7 vard\u0131r. Mutlak iktidar\u0131 olu\u015fturmak i\u00e7in de\u011fil&#8221; diye konu\u015ftu. HDP Grup Ba\u015fkanvekili Hakk\u0131 Saruhan Olu\u00e7, yeni anayasa tart\u0131\u015fmalar\u0131na ili\u015fkin, &#8220;Cumhurba\u015fkanl\u0131\u011f\u0131 H\u00fck\u00fcmet Sistemi&#8217;ni de\u011fil toplumu ve demokrasiyi g\u00fc\u00e7lendirecek bir anayasaya ihtiya\u00e7 vard\u0131r.&#8221; dedi. Olu\u00e7, Meclis&#8217;te d\u00fczenledi\u011fi bas\u0131n toplant\u0131s\u0131nda yeni anayasa tart\u0131\u015fmalar\u0131na de\u011findi. Olu\u00e7, kendilerinin, [&hellip;]\" \/>\n<meta property=\"og:url\" content=\"https:\/\/akunq.net\/tr\/?p=61336\" \/>\n<meta property=\"og:site_name\" content=\"Bati Ermenistan Ve Bati Ermenileri Sorunlari Ara\u015ftirmalar Merkezi\" \/>\n<meta property=\"article:published_time\" content=\"2021-02-04T10:22:28+00:00\" \/>\n<meta property=\"og:image\" content=\"https:\/\/akunq.net\/tr\/wp-content\/uploads\/sites\/6\/2021\/02\/HDP-Grup-Ba\u015fkanvekili-Hakk\u0131-Saruhan-Olu\u00e7.jpg\" \/>\n\t<meta property=\"og:image:width\" content=\"760\" \/>\n\t<meta property=\"og:image:height\" content=\"450\" \/>\n\t<meta property=\"og:image:type\" content=\"image\/jpeg\" \/>\n<meta name=\"author\" content=\"admin\" \/>\n<meta name=\"twitter:card\" content=\"summary_large_image\" \/>\n<meta name=\"twitter:label1\" content=\"Written by\" \/>\n\t<meta name=\"twitter:data1\" content=\"admin\" \/>\n\t<meta name=\"twitter:label2\" content=\"Est. reading time\" \/>\n\t<meta name=\"twitter:data2\" content=\"7 minutes\" \/>\n<script type=\"application\/ld+json\" class=\"yoast-schema-graph\">{\"@context\":\"https:\\\/\\\/schema.org\",\"@graph\":[{\"@type\":\"Article\",\"@id\":\"https:\\\/\\\/akunq.net\\\/tr\\\/?p=61336#article\",\"isPartOf\":{\"@id\":\"https:\\\/\\\/akunq.net\\\/tr\\\/?p=61336\"},\"author\":{\"name\":\"admin\",\"@id\":\"https:\\\/\\\/akunq.net\\\/tr\\\/#\\\/schema\\\/person\\\/096f1d38a12cce57fb855b485ed24c9e\"},\"headline\":\"HDP: Bu sistemi de\u011fil demokrasiyi g\u00fc\u00e7lendirecek bir anayasaya ihtiya\u00e7 var\",\"datePublished\":\"2021-02-04T10:22:28+00:00\",\"mainEntityOfPage\":{\"@id\":\"https:\\\/\\\/akunq.net\\\/tr\\\/?p=61336\"},\"wordCount\":1352,\"commentCount\":0,\"image\":{\"@id\":\"https:\\\/\\\/akunq.net\\\/tr\\\/?p=61336#primaryimage\"},\"thumbnailUrl\":\"https:\\\/\\\/akunq.net\\\/tr\\\/wp-content\\\/uploads\\\/sites\\\/6\\\/2021\\\/02\\\/HDP-Grup-Ba\u015fkanvekili-Hakk\u0131-Saruhan-Olu\u00e7.jpg\",\"articleSection\":[\"Haberler\"],\"inLanguage\":\"en-US\",\"potentialAction\":[{\"@type\":\"CommentAction\",\"name\":\"Comment\",\"target\":[\"https:\\\/\\\/akunq.net\\\/tr\\\/?p=61336#respond\"]}]},{\"@type\":\"WebPage\",\"@id\":\"https:\\\/\\\/akunq.net\\\/tr\\\/?p=61336\",\"url\":\"https:\\\/\\\/akunq.net\\\/tr\\\/?p=61336\",\"name\":\"HDP: Bu sistemi de\u011fil demokrasiyi g\u00fc\u00e7lendirecek bir anayasaya ihtiya\u00e7 var - Bati Ermenistan Ve Bati Ermenileri Sorunlari Ara\u015ftirmalar Merkezi\",\"isPartOf\":{\"@id\":\"https:\\\/\\\/akunq.net\\\/tr\\\/#website\"},\"primaryImageOfPage\":{\"@id\":\"https:\\\/\\\/akunq.net\\\/tr\\\/?p=61336#primaryimage\"},\"image\":{\"@id\":\"https:\\\/\\\/akunq.net\\\/tr\\\/?p=61336#primaryimage\"},\"thumbnailUrl\":\"https:\\\/\\\/akunq.net\\\/tr\\\/wp-content\\\/uploads\\\/sites\\\/6\\\/2021\\\/02\\\/HDP-Grup-Ba\u015fkanvekili-Hakk\u0131-Saruhan-Olu\u00e7.jpg\",\"datePublished\":\"2021-02-04T10:22:28+00:00\",\"author\":{\"@id\":\"https:\\\/\\\/akunq.net\\\/tr\\\/#\\\/schema\\\/person\\\/096f1d38a12cce57fb855b485ed24c9e\"},\"breadcrumb\":{\"@id\":\"https:\\\/\\\/akunq.net\\\/tr\\\/?p=61336#breadcrumb\"},\"inLanguage\":\"en-US\",\"potentialAction\":[{\"@type\":\"ReadAction\",\"target\":[\"https:\\\/\\\/akunq.net\\\/tr\\\/?p=61336\"]}]},{\"@type\":\"ImageObject\",\"inLanguage\":\"en-US\",\"@id\":\"https:\\\/\\\/akunq.net\\\/tr\\\/?p=61336#primaryimage\",\"url\":\"https:\\\/\\\/akunq.net\\\/tr\\\/wp-content\\\/uploads\\\/sites\\\/6\\\/2021\\\/02\\\/HDP-Grup-Ba\u015fkanvekili-Hakk\u0131-Saruhan-Olu\u00e7.jpg\",\"contentUrl\":\"https:\\\/\\\/akunq.net\\\/tr\\\/wp-content\\\/uploads\\\/sites\\\/6\\\/2021\\\/02\\\/HDP-Grup-Ba\u015fkanvekili-Hakk\u0131-Saruhan-Olu\u00e7.jpg\",\"width\":760,\"height\":450},{\"@type\":\"BreadcrumbList\",\"@id\":\"https:\\\/\\\/akunq.net\\\/tr\\\/?p=61336#breadcrumb\",\"itemListElement\":[{\"@type\":\"ListItem\",\"position\":1,\"name\":\"Home\",\"item\":\"https:\\\/\\\/akunq.net\\\/tr\"},{\"@type\":\"ListItem\",\"position\":2,\"name\":\"HDP: Bu sistemi de\u011fil demokrasiyi g\u00fc\u00e7lendirecek bir anayasaya ihtiya\u00e7 var\"}]},{\"@type\":\"WebSite\",\"@id\":\"https:\\\/\\\/akunq.net\\\/tr\\\/#website\",\"url\":\"https:\\\/\\\/akunq.net\\\/tr\\\/\",\"name\":\"Bati Ermenistan Ve Bati Ermenileri Sorunlari Ara\u015ftirmalar Merkezi\",\"description\":\"\",\"potentialAction\":[{\"@type\":\"SearchAction\",\"target\":{\"@type\":\"EntryPoint\",\"urlTemplate\":\"https:\\\/\\\/akunq.net\\\/tr\\\/?s={search_term_string}\"},\"query-input\":{\"@type\":\"PropertyValueSpecification\",\"valueRequired\":true,\"valueName\":\"search_term_string\"}}],\"inLanguage\":\"en-US\"},{\"@type\":\"Person\",\"@id\":\"https:\\\/\\\/akunq.net\\\/tr\\\/#\\\/schema\\\/person\\\/096f1d38a12cce57fb855b485ed24c9e\",\"name\":\"admin\",\"url\":\"https:\\\/\\\/akunq.net\\\/tr\\\/?author=7\"}]}<\/script>\n<!-- \/ Yoast SEO plugin. -->","yoast_head_json":{"title":"HDP: Bu sistemi de\u011fil demokrasiyi g\u00fc\u00e7lendirecek bir anayasaya ihtiya\u00e7 var - Bati Ermenistan Ve Bati Ermenileri Sorunlari Ara\u015ftirmalar Merkezi","robots":{"index":"index","follow":"follow","max-snippet":"max-snippet:-1","max-image-preview":"max-image-preview:large","max-video-preview":"max-video-preview:-1"},"canonical":"https:\/\/akunq.net\/tr\/?p=61336","og_locale":"en_US","og_type":"article","og_title":"HDP: Bu sistemi de\u011fil demokrasiyi g\u00fc\u00e7lendirecek bir anayasaya ihtiya\u00e7 var - Bati Ermenistan Ve Bati Ermenileri Sorunlari Ara\u015ftirmalar Merkezi","og_description":"HDP Grup Ba\u015fkanvekili Olu\u00e7, &#8220;Olu\u00e7, &#8220;Bu toplumu ve demokrasiyi g\u00fc\u00e7lendirecek Anayasa tart\u0131\u015fmas\u0131na ihtiya\u00e7 vard\u0131r. Mutlak iktidar\u0131 olu\u015fturmak i\u00e7in de\u011fil&#8221; diye konu\u015ftu. HDP Grup Ba\u015fkanvekili Hakk\u0131 Saruhan Olu\u00e7, yeni anayasa tart\u0131\u015fmalar\u0131na ili\u015fkin, &#8220;Cumhurba\u015fkanl\u0131\u011f\u0131 H\u00fck\u00fcmet Sistemi&#8217;ni de\u011fil toplumu ve demokrasiyi g\u00fc\u00e7lendirecek bir anayasaya ihtiya\u00e7 vard\u0131r.&#8221; dedi. Olu\u00e7, Meclis&#8217;te d\u00fczenledi\u011fi bas\u0131n toplant\u0131s\u0131nda yeni anayasa tart\u0131\u015fmalar\u0131na de\u011findi. Olu\u00e7, kendilerinin, [&hellip;]","og_url":"https:\/\/akunq.net\/tr\/?p=61336","og_site_name":"Bati Ermenistan Ve Bati Ermenileri Sorunlari Ara\u015ftirmalar Merkezi","article_published_time":"2021-02-04T10:22:28+00:00","og_image":[{"width":760,"height":450,"url":"https:\/\/akunq.net\/tr\/wp-content\/uploads\/sites\/6\/2021\/02\/HDP-Grup-Ba\u015fkanvekili-Hakk\u0131-Saruhan-Olu\u00e7.jpg","type":"image\/jpeg"}],"author":"admin","twitter_card":"summary_large_image","twitter_misc":{"Written by":"admin","Est. reading time":"7 minutes"},"schema":{"@context":"https:\/\/schema.org","@graph":[{"@type":"Article","@id":"https:\/\/akunq.net\/tr\/?p=61336#article","isPartOf":{"@id":"https:\/\/akunq.net\/tr\/?p=61336"},"author":{"name":"admin","@id":"https:\/\/akunq.net\/tr\/#\/schema\/person\/096f1d38a12cce57fb855b485ed24c9e"},"headline":"HDP: Bu sistemi de\u011fil demokrasiyi g\u00fc\u00e7lendirecek bir anayasaya ihtiya\u00e7 var","datePublished":"2021-02-04T10:22:28+00:00","mainEntityOfPage":{"@id":"https:\/\/akunq.net\/tr\/?p=61336"},"wordCount":1352,"commentCount":0,"image":{"@id":"https:\/\/akunq.net\/tr\/?p=61336#primaryimage"},"thumbnailUrl":"https:\/\/akunq.net\/tr\/wp-content\/uploads\/sites\/6\/2021\/02\/HDP-Grup-Ba\u015fkanvekili-Hakk\u0131-Saruhan-Olu\u00e7.jpg","articleSection":["Haberler"],"inLanguage":"en-US","potentialAction":[{"@type":"CommentAction","name":"Comment","target":["https:\/\/akunq.net\/tr\/?p=61336#respond"]}]},{"@type":"WebPage","@id":"https:\/\/akunq.net\/tr\/?p=61336","url":"https:\/\/akunq.net\/tr\/?p=61336","name":"HDP: Bu sistemi de\u011fil demokrasiyi g\u00fc\u00e7lendirecek bir anayasaya ihtiya\u00e7 var - Bati Ermenistan Ve Bati Ermenileri Sorunlari Ara\u015ftirmalar Merkezi","isPartOf":{"@id":"https:\/\/akunq.net\/tr\/#website"},"primaryImageOfPage":{"@id":"https:\/\/akunq.net\/tr\/?p=61336#primaryimage"},"image":{"@id":"https:\/\/akunq.net\/tr\/?p=61336#primaryimage"},"thumbnailUrl":"https:\/\/akunq.net\/tr\/wp-content\/uploads\/sites\/6\/2021\/02\/HDP-Grup-Ba\u015fkanvekili-Hakk\u0131-Saruhan-Olu\u00e7.jpg","datePublished":"2021-02-04T10:22:28+00:00","author":{"@id":"https:\/\/akunq.net\/tr\/#\/schema\/person\/096f1d38a12cce57fb855b485ed24c9e"},"breadcrumb":{"@id":"https:\/\/akunq.net\/tr\/?p=61336#breadcrumb"},"inLanguage":"en-US","potentialAction":[{"@type":"ReadAction","target":["https:\/\/akunq.net\/tr\/?p=61336"]}]},{"@type":"ImageObject","inLanguage":"en-US","@id":"https:\/\/akunq.net\/tr\/?p=61336#primaryimage","url":"https:\/\/akunq.net\/tr\/wp-content\/uploads\/sites\/6\/2021\/02\/HDP-Grup-Ba\u015fkanvekili-Hakk\u0131-Saruhan-Olu\u00e7.jpg","contentUrl":"https:\/\/akunq.net\/tr\/wp-content\/uploads\/sites\/6\/2021\/02\/HDP-Grup-Ba\u015fkanvekili-Hakk\u0131-Saruhan-Olu\u00e7.jpg","width":760,"height":450},{"@type":"BreadcrumbList","@id":"https:\/\/akunq.net\/tr\/?p=61336#breadcrumb","itemListElement":[{"@type":"ListItem","position":1,"name":"Home","item":"https:\/\/akunq.net\/tr"},{"@type":"ListItem","position":2,"name":"HDP: Bu sistemi de\u011fil demokrasiyi g\u00fc\u00e7lendirecek bir anayasaya ihtiya\u00e7 var"}]},{"@type":"WebSite","@id":"https:\/\/akunq.net\/tr\/#website","url":"https:\/\/akunq.net\/tr\/","name":"Bati Ermenistan Ve Bati Ermenileri Sorunlari Ara\u015ftirmalar Merkezi","description":"","potentialAction":[{"@type":"SearchAction","target":{"@type":"EntryPoint","urlTemplate":"https:\/\/akunq.net\/tr\/?s={search_term_string}"},"query-input":{"@type":"PropertyValueSpecification","valueRequired":true,"valueName":"search_term_string"}}],"inLanguage":"en-US"},{"@type":"Person","@id":"https:\/\/akunq.net\/tr\/#\/schema\/person\/096f1d38a12cce57fb855b485ed24c9e","name":"admin","url":"https:\/\/akunq.net\/tr\/?author=7"}]}},"_links":{"self":[{"href":"https:\/\/akunq.net\/tr\/index.php?rest_route=\/wp\/v2\/posts\/61336","targetHints":{"allow":["GET"]}}],"collection":[{"href":"https:\/\/akunq.net\/tr\/index.php?rest_route=\/wp\/v2\/posts"}],"about":[{"href":"https:\/\/akunq.net\/tr\/index.php?rest_route=\/wp\/v2\/types\/post"}],"author":[{"embeddable":true,"href":"https:\/\/akunq.net\/tr\/index.php?rest_route=\/wp\/v2\/users\/7"}],"replies":[{"embeddable":true,"href":"https:\/\/akunq.net\/tr\/index.php?rest_route=%2Fwp%2Fv2%2Fcomments&post=61336"}],"version-history":[{"count":1,"href":"https:\/\/akunq.net\/tr\/index.php?rest_route=\/wp\/v2\/posts\/61336\/revisions"}],"predecessor-version":[{"id":61338,"href":"https:\/\/akunq.net\/tr\/index.php?rest_route=\/wp\/v2\/posts\/61336\/revisions\/61338"}],"wp:featuredmedia":[{"embeddable":true,"href":"https:\/\/akunq.net\/tr\/index.php?rest_route=\/wp\/v2\/media\/61337"}],"wp:attachment":[{"href":"https:\/\/akunq.net\/tr\/index.php?rest_route=%2Fwp%2Fv2%2Fmedia&parent=61336"}],"wp:term":[{"taxonomy":"category","embeddable":true,"href":"https:\/\/akunq.net\/tr\/index.php?rest_route=%2Fwp%2Fv2%2Fcategories&post=61336"},{"taxonomy":"post_tag","embeddable":true,"href":"https:\/\/akunq.net\/tr\/index.php?rest_route=%2Fwp%2Fv2%2Ftags&post=61336"}],"curies":[{"name":"wp","href":"https:\/\/api.w.org\/{rel}","templated":true}]}}