{"id":61333,"date":"2021-02-04T04:04:00","date_gmt":"2021-02-04T09:04:00","guid":{"rendered":"https:\/\/akunq.net\/tr\/?p=61333"},"modified":"2021-02-04T04:04:00","modified_gmt":"2021-02-04T09:04:00","slug":"aihm-demirtas-icin-ankaradan-savunma-istedi","status":"publish","type":"post","link":"https:\/\/akunq.net\/tr\/?p=61333","title":{"rendered":"A\u0130HM Demirta\u015f i\u00e7in Ankara&#8217;dan savunma istedi"},"content":{"rendered":"<p><img loading=\"lazy\" decoding=\"async\" class=\"aligncenter size-medium wp-image-61334\" src=\"https:\/\/akunq.net\/tr\/wp-content\/uploads\/2021\/02\/Avrupa-\u0130nsan-Haklar\u0131-Mahkemesi-360x203.jpg\" alt=\"\" width=\"360\" height=\"203\" srcset=\"https:\/\/akunq.net\/tr\/wp-content\/uploads\/sites\/6\/2021\/02\/Avrupa-\u0130nsan-Haklar\u0131-Mahkemesi-360x203.jpg 360w, https:\/\/akunq.net\/tr\/wp-content\/uploads\/sites\/6\/2021\/02\/Avrupa-\u0130nsan-Haklar\u0131-Mahkemesi-560x315.jpg 560w, https:\/\/akunq.net\/tr\/wp-content\/uploads\/sites\/6\/2021\/02\/Avrupa-\u0130nsan-Haklar\u0131-Mahkemesi-260x146.jpg 260w, https:\/\/akunq.net\/tr\/wp-content\/uploads\/sites\/6\/2021\/02\/Avrupa-\u0130nsan-Haklar\u0131-Mahkemesi-160x90.jpg 160w, https:\/\/akunq.net\/tr\/wp-content\/uploads\/sites\/6\/2021\/02\/Avrupa-\u0130nsan-Haklar\u0131-Mahkemesi.jpg 700w\" sizes=\"auto, (max-width: 360px) 100vw, 360px\" \/><\/p>\n<p><em><strong>A\u0130HM, Demirta\u015f hakk\u0131nda 20 Eyl\u00fcl 2019&#8217;da verilen ikinci tutukluluk karar\u0131n\u0131n ard\u0131nda &#8220;siyasi&#8221; gerek\u00e7eler oldu\u011fu teziyle ilgili olarak Ankara&#8217;dan savunma talep etti.<\/strong><\/em><\/p>\n<p>Ge\u00e7en y\u0131l sonunda ald\u0131\u011f\u0131 bir kararla eski HDP E\u015f Genel Ba\u015fkan\u0131\u00a0Selahattin Demirta\u015f&#8217;\u0131n &#8220;derhal tahliye edilmesini&#8221; isteyen Avrupa \u0130nsan Haklar\u0131 Mahkemesi (A\u0130HM), \u015fimdi de Demirta\u015f hakk\u0131ndaki ikinci ge\u00e7ici tutukluluk karar\u0131yla ilgili dosyay\u0131 a\u00e7t\u0131.<\/p>\n<p>A\u0130HM, 6-8 Ekim 2014 Kobane eylemleri nedeniyle Demirta\u015f hakk\u0131nda Ankara Cumhuriyet Ba\u015fsavc\u0131l\u0131\u011f\u0131n\u0131n talebi \u00fczerine Ankara 1. Sulh Ceza Hakimli\u011fi taraf\u0131ndan 20 Eyl\u00fcl 2019 tarihinde verilen ge\u00e7ici tutukluluk karar\u0131 konusunda Ankara&#8217;ya kar\u015f\u0131 dava ba\u015fvurusuyla ilgili olarak T\u00fcrk h\u00fck\u00fcmetinden savunma istedi.<\/p>\n<p>Demirta\u015f&#8217;\u0131n avukatlar\u0131, 2 Mart 2020 tarihinde yapt\u0131klar\u0131 dava ba\u015fvurusunda, s\u00f6z konusu tutukluluk karar\u0131n\u0131n Avrupa \u0130nsan Haklar\u0131 S\u00f6zle\u015fmesi&#8217;nin (A\u0130HS) \u00f6zg\u00fcrl\u00fck ve g\u00fcvenlik hakk\u0131yla ilgili 5&#8217;inci, ifade \u00f6zg\u00fcrl\u00fc\u011f\u00fcyle ilgili 10&#8217;uncu ve tutuklaman\u0131n A\u0130HS&#8217;de \u00f6ng\u00f6r\u00fclmeyen sakl\u0131 bir ama\u00e7la yap\u0131ld\u0131\u011f\u0131na dair 18&#8217;inci maddelerine ayk\u0131r\u0131 oldu\u011funu savundu.<\/p>\n<h2>Dava gerek\u00e7eleri<\/h2>\n<p>Ba\u015fvuru dilek\u00e7esinde, Demirta\u015f hakk\u0131ndaki 20 Eyl\u00fcl 2019 tarihli tutuklama karar\u0131n\u0131n A\u0130HS&#8217;nin 5&#8217;inci maddesinin 1 ve 3&#8217;\u00fcnc\u00fc paragraflar\u0131 temelinde &#8220;keyfi ve usuls\u00fcz&#8221; oldu\u011fu \u00f6ne s\u00fcr\u00fcld\u00fc. Karar verilirken kanunlarca belirlenmi\u015f \u00e7er\u00e7evede gerek\u00e7elendirilmedi\u011fi, &#8220;soyut, tekrara dayal\u0131 ve kal\u0131pla\u015fm\u0131\u015f terimlerle ifade edildi\u011fi&#8221; savunuldu.<\/p>\n<p>Demirta\u015f&#8217;\u0131n, hakk\u0131ndaki ge\u00e7ici tutuklama karar\u0131yla ilgili olarak Anayasa Mahkemesine (AYM) yapt\u0131\u011f\u0131 bireysel ba\u015fvuru s\u00fcrecinde A\u0130HS&#8217;nin 5&#8217;inci maddesinin 4&#8217;\u00fcnc\u00fc paragraf\u0131n\u0131n ihlal edildi\u011fini savunan avukatlar, soru\u015fturma dosyas\u0131na eri\u015fimlerine engel oldundu\u011funu ve bu nedenle tutuklama karar\u0131na gerekti\u011fi gibi itraz edemediklerini de s\u00f6yl\u00fcyorlar.<\/p>\n<div class=\"picBox full\nrechts\n\"><a class=\"overlayLink init\" href=\"https:\/\/www.dw.com\/tr\/aihm-demirta%C5%9F-i%C3%A7in-ankaradan-savunma-istedi\/a-56444712#\" rel=\"nofollow\"><img decoding=\"async\" title=\"Eski HDP E\u015f Genel Ba\u015fkan\u0131 Selahattin Demirta\u015f\" src=\"https:\/\/static.dw.com\/image\/43660179_401.jpg\" alt=\"Eski HDP E\u015f Genel Ba\u015fkan\u0131 Selahattin Demirta\u015f\" \/><\/a><em>Eski HDP E\u015f Genel Ba\u015fkan\u0131 Selahattin Demirta\u015f<\/em><\/p>\n<\/div>\n<p>Avukatlar, &#8220;siyasi konu\u015fmalar\u0131 nedeniyle tutuklanm\u0131\u015f oldu\u011fu i\u00e7in&#8221;, Demirta\u015f&#8217;\u0131n ifade \u00f6zg\u00fcrl\u00fc\u011f\u00fcn\u00fcn ihlal edildi\u011fini ileri s\u00fcr\u00fcyor; iktidar\u0131 ele\u015ftiren konu\u015fmalar nedeniyle !hukuki de\u011fil siyasi nedenlerle tutukland\u0131\u011f\u0131&#8221; tezini i\u015fliyorlar.<\/p>\n<h2>A\u0130HM savunma istedi<\/h2>\n<p>Ba\u015fvuruyu h\u0131zland\u0131r\u0131lm\u0131\u015f prosed\u00fcrle i\u015fleme koyan A\u0130HM, Demirta\u015f ve avukatlar\u0131n\u0131n tezleri temelinde T\u00fcrk h\u00fck\u00fcmetinden savunma istedi. Mahkeme, Demirta\u015f&#8217;\u0131n i\u00e7 hukuk yollar\u0131n\u0131 t\u00fcketi\u015fi, hakk\u0131ndaki ge\u00e7ici tutukluluk karar\u0131 ve bu karar\u0131n verili\u015finin A\u0130HS ile uyumu, karara ulusal yarg\u0131 organlar\u0131 \u00f6n\u00fcnde itiraz olana\u011f\u0131, tutukluluk s\u00fcresi, AYM \u00f6n\u00fcndeki s\u00fcre\u00e7, ifade \u00f6zg\u00fcrl\u00fc\u011f\u00fcn\u00fcn ihlal edilip edilmedi\u011fi ve ge\u00e7ici tutukluluk karar\u0131n\u0131n ard\u0131nda &#8220;siyasi&#8221; gerek\u00e7eler oldu\u011fu teziyle ilgili olarak Ankara&#8217;dan savunma talep etti. Mahkeme ayr\u0131ca Demirta\u015f&#8217;\u0131n ge\u00e7ici tutuklulu\u011fu hakk\u0131nda 20 Eyl\u00fcl 2019 tarihinden bu yana al\u0131nan t\u00fcm yarg\u0131 kararlar\u0131n\u0131n resmi terc\u00fcmesini istedi.<\/p>\n<h2>A\u0130HM&#8217;nin bir \u00f6nceki karar\u0131<\/h2>\n<p>Demirta\u015f, 4 Kas\u0131m 2016 tarihinde tutukland\u0131ktan sonra hakk\u0131ndaki tutuklama karar\u0131na kar\u015f\u0131 20 \u015eubat 2017&#8217;de A\u0130HM\u2019ye ba\u015fvurmu\u015ftu. A\u0130HM, Demirta\u015f&#8217;\u0131n ba\u015fvurusuyla ilgili ilk karar\u0131n\u0131 Kas\u0131m 2018&#8217;de a\u00e7\u0131klam\u0131\u015f ve Demirta\u015f\u2019\u0131n &#8220;siyasi nedenlerden tutukland\u0131\u011f\u0131na ve ki\u015fi \u00f6zg\u00fcrl\u00fc\u011f\u00fc ve g\u00fcvenli\u011fi hakk\u0131 ile se\u00e7me ve se\u00e7ilme hakk\u0131n\u0131n ihlal edildi\u011fine&#8221; h\u00fckmetmi\u015f, bu ihlallerin giderilmesi i\u00e7in derhal tahliye edilmesini istemi\u015fti. T\u00fcrk h\u00fck\u00fcmeti ve Demirta\u015f\u2019\u0131n avukatlar\u0131n\u0131n karara ayr\u0131 ayr\u0131 gerek\u00e7elerle itiraz etmesi sonras\u0131 dava A\u0130HM&#8217;nin 17 yarg\u0131\u00e7l\u0131 B\u00fcy\u00fck Dairesi \u00f6n\u00fcnde esastan bir kez daha g\u00f6r\u00fclm\u00fc\u015f ve karar\u0131 22 Aral\u0131k 2020 tarihinde a\u00e7\u0131klanm\u0131\u015ft\u0131.<\/p>\n<p>Nihai olan bu kararda, bir \u00f6nceki karar\u0131ndaki ihlal h\u00fck\u00fcmlerine ek olarak, A\u0130HS&#8217;nin ifade \u00f6zg\u00fcrl\u00fc\u011f\u00fc ve tutuklaman\u0131n hukuka ayk\u0131r\u0131l\u0131\u011f\u0131yla ilgili maddelerinin de ihlal edildi\u011fine h\u00fckmedildi. Davaya bu s\u00fcre\u00e7te Avrupa \u0130nsan Haklar\u0131 Komiseri de Demirta\u015f&#8217;\u0131n yan\u0131nda m\u00fcdahil oldu.<\/p>\n<p>A\u0130HS&#8217;ye taraf devletler i\u00e7in kesin ve ba\u011flay\u0131c\u0131 olan A\u0130HM kararlar\u0131n\u0131n uygulan\u0131\u015f\u0131 Avrupa Konseyi Bakanlar Komitesi taraf\u0131ndan denetleniyor. Bakanlar Komitesi A\u0130HM\u2019nin 22 Aral\u0131k 2020 tarihli Demirta\u015f karar\u0131n\u0131n uygulan\u0131\u015f\u0131n\u0131n denetimine Mart 2021&#8217;de ba\u015flayacak.<\/p>\n<p><em><strong>Kayhan Karaca \/ Strasbourg<\/strong><\/em><\/p>\n<p><em><strong>https:\/\/www.dw.com\/tr\/aihm-demirta%C5%9F-i%C3%A7in-ankaradan-savunma-istedi\/a-56444712\u00a0<\/strong><\/em><\/p>\n<p>&nbsp;<\/p>\n","protected":false},"excerpt":{"rendered":"<p>A\u0130HM, Demirta\u015f hakk\u0131nda 20 Eyl\u00fcl 2019&#8217;da verilen ikinci tutukluluk karar\u0131n\u0131n ard\u0131nda &#8220;siyasi&#8221; gerek\u00e7eler oldu\u011fu teziyle ilgili olarak Ankara&#8217;dan savunma talep etti. Ge\u00e7en y\u0131l sonunda ald\u0131\u011f\u0131 bir kararla eski HDP E\u015f Genel Ba\u015fkan\u0131\u00a0Selahattin Demirta\u015f&#8217;\u0131n &#8220;derhal tahliye edilmesini&#8221; isteyen Avrupa \u0130nsan Haklar\u0131 Mahkemesi (A\u0130HM), \u015fimdi de Demirta\u015f hakk\u0131ndaki ikinci ge\u00e7ici tutukluluk karar\u0131yla ilgili dosyay\u0131 a\u00e7t\u0131. A\u0130HM, 6-8 [&hellip;]<\/p>\n","protected":false},"author":7,"featured_media":61334,"comment_status":"open","ping_status":"open","sticky":false,"template":"","format":"standard","meta":{"footnotes":""},"categories":[1],"tags":[],"class_list":["post-61333","post","type-post","status-publish","format-standard","has-post-thumbnail","hentry","category-haberler"],"yoast_head":"<!-- This site is optimized with the Yoast SEO plugin v27.4 - https:\/\/yoast.com\/product\/yoast-seo-wordpress\/ -->\n<title>A\u0130HM Demirta\u015f i\u00e7in Ankara&#039;dan savunma istedi - Bati Ermenistan Ve Bati Ermenileri Sorunlari Ara\u015ftirmalar Merkezi<\/title>\n<meta name=\"robots\" content=\"index, follow, max-snippet:-1, max-image-preview:large, max-video-preview:-1\" \/>\n<link rel=\"canonical\" href=\"https:\/\/akunq.net\/tr\/?p=61333\" \/>\n<meta property=\"og:locale\" content=\"en_US\" \/>\n<meta property=\"og:type\" content=\"article\" \/>\n<meta property=\"og:title\" content=\"A\u0130HM Demirta\u015f i\u00e7in Ankara&#039;dan savunma istedi - Bati Ermenistan Ve Bati Ermenileri Sorunlari Ara\u015ftirmalar Merkezi\" \/>\n<meta property=\"og:description\" content=\"A\u0130HM, Demirta\u015f hakk\u0131nda 20 Eyl\u00fcl 2019&#8217;da verilen ikinci tutukluluk karar\u0131n\u0131n ard\u0131nda &#8220;siyasi&#8221; gerek\u00e7eler oldu\u011fu teziyle ilgili olarak Ankara&#8217;dan savunma talep etti. Ge\u00e7en y\u0131l sonunda ald\u0131\u011f\u0131 bir kararla eski HDP E\u015f Genel Ba\u015fkan\u0131\u00a0Selahattin Demirta\u015f&#8217;\u0131n &#8220;derhal tahliye edilmesini&#8221; isteyen Avrupa \u0130nsan Haklar\u0131 Mahkemesi (A\u0130HM), \u015fimdi de Demirta\u015f hakk\u0131ndaki ikinci ge\u00e7ici tutukluluk karar\u0131yla ilgili dosyay\u0131 a\u00e7t\u0131. A\u0130HM, 6-8 [&hellip;]\" \/>\n<meta property=\"og:url\" content=\"https:\/\/akunq.net\/tr\/?p=61333\" \/>\n<meta property=\"og:site_name\" content=\"Bati Ermenistan Ve Bati Ermenileri Sorunlari Ara\u015ftirmalar Merkezi\" \/>\n<meta property=\"article:published_time\" content=\"2021-02-04T09:04:00+00:00\" \/>\n<meta property=\"og:image\" content=\"https:\/\/akunq.net\/tr\/wp-content\/uploads\/sites\/6\/2021\/02\/Avrupa-\u0130nsan-Haklar\u0131-Mahkemesi.jpg\" \/>\n\t<meta property=\"og:image:width\" content=\"700\" \/>\n\t<meta property=\"og:image:height\" content=\"394\" \/>\n\t<meta property=\"og:image:type\" content=\"image\/jpeg\" \/>\n<meta name=\"author\" content=\"admin\" \/>\n<meta name=\"twitter:card\" content=\"summary_large_image\" \/>\n<meta name=\"twitter:label1\" content=\"Written by\" \/>\n\t<meta name=\"twitter:data1\" content=\"admin\" \/>\n\t<meta name=\"twitter:label2\" content=\"Est. reading time\" \/>\n\t<meta name=\"twitter:data2\" content=\"4 minutes\" \/>\n<script type=\"application\/ld+json\" class=\"yoast-schema-graph\">{\"@context\":\"https:\\\/\\\/schema.org\",\"@graph\":[{\"@type\":\"Article\",\"@id\":\"https:\\\/\\\/akunq.net\\\/tr\\\/?p=61333#article\",\"isPartOf\":{\"@id\":\"https:\\\/\\\/akunq.net\\\/tr\\\/?p=61333\"},\"author\":{\"name\":\"admin\",\"@id\":\"https:\\\/\\\/akunq.net\\\/tr\\\/#\\\/schema\\\/person\\\/096f1d38a12cce57fb855b485ed24c9e\"},\"headline\":\"A\u0130HM Demirta\u015f i\u00e7in Ankara&#8217;dan savunma istedi\",\"datePublished\":\"2021-02-04T09:04:00+00:00\",\"mainEntityOfPage\":{\"@id\":\"https:\\\/\\\/akunq.net\\\/tr\\\/?p=61333\"},\"wordCount\":732,\"commentCount\":0,\"image\":{\"@id\":\"https:\\\/\\\/akunq.net\\\/tr\\\/?p=61333#primaryimage\"},\"thumbnailUrl\":\"https:\\\/\\\/akunq.net\\\/tr\\\/wp-content\\\/uploads\\\/sites\\\/6\\\/2021\\\/02\\\/Avrupa-\u0130nsan-Haklar\u0131-Mahkemesi.jpg\",\"articleSection\":[\"Haberler\"],\"inLanguage\":\"en-US\",\"potentialAction\":[{\"@type\":\"CommentAction\",\"name\":\"Comment\",\"target\":[\"https:\\\/\\\/akunq.net\\\/tr\\\/?p=61333#respond\"]}]},{\"@type\":\"WebPage\",\"@id\":\"https:\\\/\\\/akunq.net\\\/tr\\\/?p=61333\",\"url\":\"https:\\\/\\\/akunq.net\\\/tr\\\/?p=61333\",\"name\":\"A\u0130HM Demirta\u015f i\u00e7in Ankara'dan savunma istedi - Bati Ermenistan Ve Bati Ermenileri Sorunlari Ara\u015ftirmalar Merkezi\",\"isPartOf\":{\"@id\":\"https:\\\/\\\/akunq.net\\\/tr\\\/#website\"},\"primaryImageOfPage\":{\"@id\":\"https:\\\/\\\/akunq.net\\\/tr\\\/?p=61333#primaryimage\"},\"image\":{\"@id\":\"https:\\\/\\\/akunq.net\\\/tr\\\/?p=61333#primaryimage\"},\"thumbnailUrl\":\"https:\\\/\\\/akunq.net\\\/tr\\\/wp-content\\\/uploads\\\/sites\\\/6\\\/2021\\\/02\\\/Avrupa-\u0130nsan-Haklar\u0131-Mahkemesi.jpg\",\"datePublished\":\"2021-02-04T09:04:00+00:00\",\"author\":{\"@id\":\"https:\\\/\\\/akunq.net\\\/tr\\\/#\\\/schema\\\/person\\\/096f1d38a12cce57fb855b485ed24c9e\"},\"breadcrumb\":{\"@id\":\"https:\\\/\\\/akunq.net\\\/tr\\\/?p=61333#breadcrumb\"},\"inLanguage\":\"en-US\",\"potentialAction\":[{\"@type\":\"ReadAction\",\"target\":[\"https:\\\/\\\/akunq.net\\\/tr\\\/?p=61333\"]}]},{\"@type\":\"ImageObject\",\"inLanguage\":\"en-US\",\"@id\":\"https:\\\/\\\/akunq.net\\\/tr\\\/?p=61333#primaryimage\",\"url\":\"https:\\\/\\\/akunq.net\\\/tr\\\/wp-content\\\/uploads\\\/sites\\\/6\\\/2021\\\/02\\\/Avrupa-\u0130nsan-Haklar\u0131-Mahkemesi.jpg\",\"contentUrl\":\"https:\\\/\\\/akunq.net\\\/tr\\\/wp-content\\\/uploads\\\/sites\\\/6\\\/2021\\\/02\\\/Avrupa-\u0130nsan-Haklar\u0131-Mahkemesi.jpg\",\"width\":700,\"height\":394},{\"@type\":\"BreadcrumbList\",\"@id\":\"https:\\\/\\\/akunq.net\\\/tr\\\/?p=61333#breadcrumb\",\"itemListElement\":[{\"@type\":\"ListItem\",\"position\":1,\"name\":\"Home\",\"item\":\"https:\\\/\\\/akunq.net\\\/tr\"},{\"@type\":\"ListItem\",\"position\":2,\"name\":\"A\u0130HM Demirta\u015f i\u00e7in Ankara&#8217;dan savunma istedi\"}]},{\"@type\":\"WebSite\",\"@id\":\"https:\\\/\\\/akunq.net\\\/tr\\\/#website\",\"url\":\"https:\\\/\\\/akunq.net\\\/tr\\\/\",\"name\":\"Bati Ermenistan Ve Bati Ermenileri Sorunlari Ara\u015ftirmalar Merkezi\",\"description\":\"\",\"potentialAction\":[{\"@type\":\"SearchAction\",\"target\":{\"@type\":\"EntryPoint\",\"urlTemplate\":\"https:\\\/\\\/akunq.net\\\/tr\\\/?s={search_term_string}\"},\"query-input\":{\"@type\":\"PropertyValueSpecification\",\"valueRequired\":true,\"valueName\":\"search_term_string\"}}],\"inLanguage\":\"en-US\"},{\"@type\":\"Person\",\"@id\":\"https:\\\/\\\/akunq.net\\\/tr\\\/#\\\/schema\\\/person\\\/096f1d38a12cce57fb855b485ed24c9e\",\"name\":\"admin\",\"url\":\"https:\\\/\\\/akunq.net\\\/tr\\\/?author=7\"}]}<\/script>\n<!-- \/ Yoast SEO plugin. -->","yoast_head_json":{"title":"A\u0130HM Demirta\u015f i\u00e7in Ankara'dan savunma istedi - Bati Ermenistan Ve Bati Ermenileri Sorunlari Ara\u015ftirmalar Merkezi","robots":{"index":"index","follow":"follow","max-snippet":"max-snippet:-1","max-image-preview":"max-image-preview:large","max-video-preview":"max-video-preview:-1"},"canonical":"https:\/\/akunq.net\/tr\/?p=61333","og_locale":"en_US","og_type":"article","og_title":"A\u0130HM Demirta\u015f i\u00e7in Ankara'dan savunma istedi - Bati Ermenistan Ve Bati Ermenileri Sorunlari Ara\u015ftirmalar Merkezi","og_description":"A\u0130HM, Demirta\u015f hakk\u0131nda 20 Eyl\u00fcl 2019&#8217;da verilen ikinci tutukluluk karar\u0131n\u0131n ard\u0131nda &#8220;siyasi&#8221; gerek\u00e7eler oldu\u011fu teziyle ilgili olarak Ankara&#8217;dan savunma talep etti. Ge\u00e7en y\u0131l sonunda ald\u0131\u011f\u0131 bir kararla eski HDP E\u015f Genel Ba\u015fkan\u0131\u00a0Selahattin Demirta\u015f&#8217;\u0131n &#8220;derhal tahliye edilmesini&#8221; isteyen Avrupa \u0130nsan Haklar\u0131 Mahkemesi (A\u0130HM), \u015fimdi de Demirta\u015f hakk\u0131ndaki ikinci ge\u00e7ici tutukluluk karar\u0131yla ilgili dosyay\u0131 a\u00e7t\u0131. A\u0130HM, 6-8 [&hellip;]","og_url":"https:\/\/akunq.net\/tr\/?p=61333","og_site_name":"Bati Ermenistan Ve Bati Ermenileri Sorunlari Ara\u015ftirmalar Merkezi","article_published_time":"2021-02-04T09:04:00+00:00","og_image":[{"width":700,"height":394,"url":"https:\/\/akunq.net\/tr\/wp-content\/uploads\/sites\/6\/2021\/02\/Avrupa-\u0130nsan-Haklar\u0131-Mahkemesi.jpg","type":"image\/jpeg"}],"author":"admin","twitter_card":"summary_large_image","twitter_misc":{"Written by":"admin","Est. reading time":"4 minutes"},"schema":{"@context":"https:\/\/schema.org","@graph":[{"@type":"Article","@id":"https:\/\/akunq.net\/tr\/?p=61333#article","isPartOf":{"@id":"https:\/\/akunq.net\/tr\/?p=61333"},"author":{"name":"admin","@id":"https:\/\/akunq.net\/tr\/#\/schema\/person\/096f1d38a12cce57fb855b485ed24c9e"},"headline":"A\u0130HM Demirta\u015f i\u00e7in Ankara&#8217;dan savunma istedi","datePublished":"2021-02-04T09:04:00+00:00","mainEntityOfPage":{"@id":"https:\/\/akunq.net\/tr\/?p=61333"},"wordCount":732,"commentCount":0,"image":{"@id":"https:\/\/akunq.net\/tr\/?p=61333#primaryimage"},"thumbnailUrl":"https:\/\/akunq.net\/tr\/wp-content\/uploads\/sites\/6\/2021\/02\/Avrupa-\u0130nsan-Haklar\u0131-Mahkemesi.jpg","articleSection":["Haberler"],"inLanguage":"en-US","potentialAction":[{"@type":"CommentAction","name":"Comment","target":["https:\/\/akunq.net\/tr\/?p=61333#respond"]}]},{"@type":"WebPage","@id":"https:\/\/akunq.net\/tr\/?p=61333","url":"https:\/\/akunq.net\/tr\/?p=61333","name":"A\u0130HM Demirta\u015f i\u00e7in Ankara'dan savunma istedi - Bati Ermenistan Ve Bati Ermenileri Sorunlari Ara\u015ftirmalar Merkezi","isPartOf":{"@id":"https:\/\/akunq.net\/tr\/#website"},"primaryImageOfPage":{"@id":"https:\/\/akunq.net\/tr\/?p=61333#primaryimage"},"image":{"@id":"https:\/\/akunq.net\/tr\/?p=61333#primaryimage"},"thumbnailUrl":"https:\/\/akunq.net\/tr\/wp-content\/uploads\/sites\/6\/2021\/02\/Avrupa-\u0130nsan-Haklar\u0131-Mahkemesi.jpg","datePublished":"2021-02-04T09:04:00+00:00","author":{"@id":"https:\/\/akunq.net\/tr\/#\/schema\/person\/096f1d38a12cce57fb855b485ed24c9e"},"breadcrumb":{"@id":"https:\/\/akunq.net\/tr\/?p=61333#breadcrumb"},"inLanguage":"en-US","potentialAction":[{"@type":"ReadAction","target":["https:\/\/akunq.net\/tr\/?p=61333"]}]},{"@type":"ImageObject","inLanguage":"en-US","@id":"https:\/\/akunq.net\/tr\/?p=61333#primaryimage","url":"https:\/\/akunq.net\/tr\/wp-content\/uploads\/sites\/6\/2021\/02\/Avrupa-\u0130nsan-Haklar\u0131-Mahkemesi.jpg","contentUrl":"https:\/\/akunq.net\/tr\/wp-content\/uploads\/sites\/6\/2021\/02\/Avrupa-\u0130nsan-Haklar\u0131-Mahkemesi.jpg","width":700,"height":394},{"@type":"BreadcrumbList","@id":"https:\/\/akunq.net\/tr\/?p=61333#breadcrumb","itemListElement":[{"@type":"ListItem","position":1,"name":"Home","item":"https:\/\/akunq.net\/tr"},{"@type":"ListItem","position":2,"name":"A\u0130HM Demirta\u015f i\u00e7in Ankara&#8217;dan savunma istedi"}]},{"@type":"WebSite","@id":"https:\/\/akunq.net\/tr\/#website","url":"https:\/\/akunq.net\/tr\/","name":"Bati Ermenistan Ve Bati Ermenileri Sorunlari Ara\u015ftirmalar Merkezi","description":"","potentialAction":[{"@type":"SearchAction","target":{"@type":"EntryPoint","urlTemplate":"https:\/\/akunq.net\/tr\/?s={search_term_string}"},"query-input":{"@type":"PropertyValueSpecification","valueRequired":true,"valueName":"search_term_string"}}],"inLanguage":"en-US"},{"@type":"Person","@id":"https:\/\/akunq.net\/tr\/#\/schema\/person\/096f1d38a12cce57fb855b485ed24c9e","name":"admin","url":"https:\/\/akunq.net\/tr\/?author=7"}]}},"_links":{"self":[{"href":"https:\/\/akunq.net\/tr\/index.php?rest_route=\/wp\/v2\/posts\/61333","targetHints":{"allow":["GET"]}}],"collection":[{"href":"https:\/\/akunq.net\/tr\/index.php?rest_route=\/wp\/v2\/posts"}],"about":[{"href":"https:\/\/akunq.net\/tr\/index.php?rest_route=\/wp\/v2\/types\/post"}],"author":[{"embeddable":true,"href":"https:\/\/akunq.net\/tr\/index.php?rest_route=\/wp\/v2\/users\/7"}],"replies":[{"embeddable":true,"href":"https:\/\/akunq.net\/tr\/index.php?rest_route=%2Fwp%2Fv2%2Fcomments&post=61333"}],"version-history":[{"count":1,"href":"https:\/\/akunq.net\/tr\/index.php?rest_route=\/wp\/v2\/posts\/61333\/revisions"}],"predecessor-version":[{"id":61335,"href":"https:\/\/akunq.net\/tr\/index.php?rest_route=\/wp\/v2\/posts\/61333\/revisions\/61335"}],"wp:featuredmedia":[{"embeddable":true,"href":"https:\/\/akunq.net\/tr\/index.php?rest_route=\/wp\/v2\/media\/61334"}],"wp:attachment":[{"href":"https:\/\/akunq.net\/tr\/index.php?rest_route=%2Fwp%2Fv2%2Fmedia&parent=61333"}],"wp:term":[{"taxonomy":"category","embeddable":true,"href":"https:\/\/akunq.net\/tr\/index.php?rest_route=%2Fwp%2Fv2%2Fcategories&post=61333"},{"taxonomy":"post_tag","embeddable":true,"href":"https:\/\/akunq.net\/tr\/index.php?rest_route=%2Fwp%2Fv2%2Ftags&post=61333"}],"curies":[{"name":"wp","href":"https:\/\/api.w.org\/{rel}","templated":true}]}}