{"id":61330,"date":"2021-02-04T03:39:42","date_gmt":"2021-02-04T08:39:42","guid":{"rendered":"https:\/\/akunq.net\/tr\/?p=61330"},"modified":"2021-02-04T03:39:42","modified_gmt":"2021-02-04T08:39:42","slug":"abden-bogazici-ve-lgbt-tepkisi-reform-beyanina-aykiri-gelismeler-nefret-soylemi-kabul-edilemez","status":"publish","type":"post","link":"https:\/\/akunq.net\/tr\/?p=61330","title":{"rendered":"AB&#8217;den Bo\u011fazi\u00e7i ve LGBT tepkisi: Reform beyan\u0131na ayk\u0131r\u0131 geli\u015fmeler, nefret s\u00f6ylemi kabul edilemez"},"content":{"rendered":"<div class=\"column u-show-for-medium medium-2 xlarge-1 u-overflow-visible c-aside__social\">\n<div class=\"u-margin-bottom-medium-3 u-position-sticky-80 u-zindex--10\">\n<div class=\"row collapse c-social-share t-social-share--blue js-social-share\"><\/div>\n<\/div>\n<\/div>\n<div class=\"column small-12 medium-10 xlarge-11 js-responsive-iframes-container\">\n<div class=\"c-font-size-switcher medium-order-4 u-float-end u-padding-top-0 t-font-size-switcher--blue\"><img loading=\"lazy\" decoding=\"async\" class=\"aligncenter size-medium wp-image-61331\" src=\"https:\/\/akunq.net\/tr\/wp-content\/uploads\/2021\/02\/AB-360x203.jpg\" alt=\"\" width=\"360\" height=\"203\" srcset=\"https:\/\/akunq.net\/tr\/wp-content\/uploads\/sites\/6\/2021\/02\/AB-360x203.jpg 360w, https:\/\/akunq.net\/tr\/wp-content\/uploads\/sites\/6\/2021\/02\/AB-768x432.jpg 768w, https:\/\/akunq.net\/tr\/wp-content\/uploads\/sites\/6\/2021\/02\/AB-560x315.jpg 560w, https:\/\/akunq.net\/tr\/wp-content\/uploads\/sites\/6\/2021\/02\/AB-260x146.jpg 260w, https:\/\/akunq.net\/tr\/wp-content\/uploads\/sites\/6\/2021\/02\/AB-160x90.jpg 160w, https:\/\/akunq.net\/tr\/wp-content\/uploads\/sites\/6\/2021\/02\/AB.jpg 773w\" sizes=\"auto, (max-width: 360px) 100vw, 360px\" \/><\/div>\n<div class=\"c-article-content  js-article-content article__content\">\n<p><em><strong>Bo\u011fazi\u00e7i \u00dcniversitesi ile ilgili son geli\u015fmelere y\u00f6nelik olarak Avrupa Birli\u011fi&#8217;nden tepki geldi. Komisyon yetkilileri taraf\u0131ndan Euronews T\u00fcrk\u00e7e&#8217;ye yap\u0131lan a\u00e7\u0131klamada &#8220;Avrupa Birli\u011fi, hukukun \u00fcst\u00fcnl\u00fc\u011f\u00fc, insan haklar\u0131 ve yarg\u0131 alanlar\u0131nda T\u00fcrkiye&#8217;de devam eden olumsuz geli\u015fmeden ciddi \u015fekilde endi\u015fe duymaktad\u0131r.&#8221; denildi.<\/strong><\/em><\/p>\n<p>AB&#8217;den gelen a\u00e7\u0131klaman\u0131n devam\u0131nda &#8220;me\u015fru toplanma \u00f6zg\u00fcrl\u00fc\u011f\u00fc hakk\u0131n\u0131 kullanan y\u00fczden fazla \u00f6\u011frencinin tutuklanmas\u0131 ve \u0130stanbul Valisinin Bo\u011fazi\u00e7i \u00dcniversitesi&#8217;nin kapsayan iki il\u00e7ede her t\u00fcrl\u00fc toplant\u0131, g\u00f6steri ve y\u00fcr\u00fcy\u00fc\u015f\u00fc yasaklama karar\u0131n\u0131n son derece kayg\u0131 verici bir durum oldu\u011fu&#8221; belirtilerek &#8220;T\u00fcrk yetkililerin AB de\u011ferleri ve standartlar\u0131na y\u00f6nelik reform ger\u00e7ekle\u015fece\u011fi beyanlar\u0131na da ayk\u0131r\u0131l\u0131k olu\u015fturmaktad\u0131r&#8221; ifadesi kullan\u0131ld\u0131.<\/p>\n<h3>LGBT&#8217;ye y\u00f6nelik nefret s\u00f6ylemleri kabul edilemez<\/h3>\n<p>COVID-19 salg\u0131n\u0131n\u0131n ele\u015ftirel sesleri susturman\u0131n bir yolu olarak kullan\u0131lamayaca\u011f\u0131 vurgulanan a\u00e7\u0131klamada LGBT s\u00f6ylemlere ili\u015fkin&#8221;Bu olaylar s\u0131ras\u0131nda \u00fcst d\u00fczey yetkililer taraf\u0131ndan LGBT \u00f6\u011frencilere y\u00f6nelik nefret s\u00f6ylemi ve bir LGBT derne\u011finin kapat\u0131lmas\u0131 kabul edilemez.&#8221; denildi.<\/p>\n<h2>G\u00f6zalt\u0131na al\u0131nanlar serbest b\u0131rak\u0131lmal\u0131<\/h2>\n<p>&#8220;T\u00fcrkiye&#8217;yi ulusal ve uluslararas\u0131 y\u00fck\u00fcml\u00fcl\u00fcklerine sayg\u0131 g\u00f6stermeye ve son haftalarda bar\u0131\u015f\u00e7\u0131l toplanma haklar\u0131n\u0131 kulland\u0131klar\u0131 i\u00e7in keyfi olarak g\u00f6zalt\u0131na al\u0131nan ki\u015fileri serbest b\u0131rakmaya \u00e7a\u011f\u0131r\u0131yoruz.<\/p>\n<p>Polisin d\u00fc\u015f\u00fcnce \u00f6zg\u00fcrl\u00fc\u011f\u00fcn\u00fc kullanan ki\u015filere kar\u015f\u0131 a\u015f\u0131r\u0131 g\u00fc\u00e7 kullanmas\u0131, T\u00fcrkiye\u2019nin aday \u00fclke ve uzun s\u00fcredir Avrupa Konseyi \u00fcyesi olarak y\u00fck\u00fcml\u00fcl\u00fcklerine ayk\u0131r\u0131 oldu\u011funu hat\u0131rlat\u0131yoruz.&#8221;<\/p>\n<h2>Raport\u00f6r Amor: Pozitif g\u00fcndem ve reform iradesinin yans\u0131mas\u0131 bu mu?<\/h2>\n<p>Avrupa Parlamentosu T\u00fcrkiye Raport\u00f6r\u00fc Nacho Sanchez Amor da ak\u015fam saatlerinde sosyal medya hesab\u0131ndan bir mesaj payla\u015farak Bo\u011fazi\u00e7i protestolar\u0131na h\u00fck\u00fcmetin verdi\u011fi kar\u015f\u0131l\u0131kla giderek daha k\u00f6t\u00fcle\u015fen durumdan kayg\u0131 duydu\u011funu belirtti ve \u015fu ifadeleri kulland\u0131:<\/p>\n<p>&#8220;Polis \u015fiddeti, toplu g\u00f6zalt\u0131lar, genelle\u015fen ter\u00f6rizm su\u00e7lamalar\u0131 ve LGBT&#8217;yi hedef haline getirmek&#8230; Yeni pozitif g\u00fcndem ve reform iradesinin yans\u0131mas\u0131 bu mu?&#8221;<\/p>\n<h2>G\u00f6zalt\u0131na al\u0131nan 51 ki\u015fiden 30 i\u00e7in tutuklama istemi<\/h2>\n<p>Bo\u011fazi\u00e7i \u00dcniversitesindeki g\u00f6sterilerde g\u00f6zalt\u0131na al\u0131nan 51 ki\u015fiden 30&#8217;u tutuklanmalar\u0131 talebiyle n\u00f6bet\u00e7i hakimli\u011fe sevk edildi.<\/p>\n<p>\u0130stanbul G\u00fcvenlik \u015eube M\u00fcd\u00fcrl\u00fc\u011f\u00fc ekiplerince, 1 \u015eubat&#8217;ta Bo\u011fazi\u00e7i \u00dcniversitesi G\u00fcney Kamp\u00fcs\u00fc giri\u015finde yap\u0131lan g\u00f6steriler s\u0131ras\u0131nda g\u00f6zalt\u0131na al\u0131nan 51 ki\u015fi, emniyetteki i\u015flemlerinin ard\u0131ndan \u00c7a\u011flayan&#8217;daki \u0130stanbul Adalet Saray\u0131&#8217;na getirildi.<\/p>\n<p>\u015e\u00fcphelilerin, soru\u015fturmay\u0131 y\u00fcr\u00fcten \u0130stanbul Cumhuriyet Ba\u015fsavc\u0131l\u0131\u011f\u0131ndaki ifade i\u015flemleri sona erdi.<\/p>\n<p>Savc\u0131l\u0131k \u015f\u00fcphelilerden 30&#8217;unu tutuklama, 12&#8217;sini konutu terk etmeme \u015feklinde adli kontrol, 9&#8217;unu yurt d\u0131\u015f\u0131 \u00e7\u0131k\u0131\u015f yasa\u011f\u0131 \u015feklinde adli kontrol talebiyle n\u00f6bet\u00e7i sulh ceza hakimli\u011fine sevk etti.<\/p>\n<p><em><strong>https:\/\/tr.euronews.com\/2021\/02\/03\/ab-den-bogazici-ve-lgbt-tepkisi-reform-beyan-na-ayk-r-gelismeler-nefret-soylemi-kabul-edil\u00a0<\/strong><\/em><\/p>\n<\/div>\n<\/div>\n","protected":false},"excerpt":{"rendered":"<p>Bo\u011fazi\u00e7i \u00dcniversitesi ile ilgili son geli\u015fmelere y\u00f6nelik olarak Avrupa Birli\u011fi&#8217;nden tepki geldi. Komisyon yetkilileri taraf\u0131ndan Euronews T\u00fcrk\u00e7e&#8217;ye yap\u0131lan a\u00e7\u0131klamada &#8220;Avrupa Birli\u011fi, hukukun \u00fcst\u00fcnl\u00fc\u011f\u00fc, insan haklar\u0131 ve yarg\u0131 alanlar\u0131nda T\u00fcrkiye&#8217;de devam eden olumsuz geli\u015fmeden ciddi \u015fekilde endi\u015fe duymaktad\u0131r.&#8221; denildi. AB&#8217;den gelen a\u00e7\u0131klaman\u0131n devam\u0131nda &#8220;me\u015fru toplanma \u00f6zg\u00fcrl\u00fc\u011f\u00fc hakk\u0131n\u0131 kullanan y\u00fczden fazla \u00f6\u011frencinin tutuklanmas\u0131 ve \u0130stanbul Valisinin Bo\u011fazi\u00e7i [&hellip;]<\/p>\n","protected":false},"author":7,"featured_media":61331,"comment_status":"open","ping_status":"open","sticky":false,"template":"","format":"standard","meta":{"footnotes":""},"categories":[1],"tags":[],"class_list":["post-61330","post","type-post","status-publish","format-standard","has-post-thumbnail","hentry","category-haberler"],"yoast_head":"<!-- This site is optimized with the Yoast SEO plugin v27.4 - https:\/\/yoast.com\/product\/yoast-seo-wordpress\/ -->\n<title>AB&#039;den Bo\u011fazi\u00e7i ve LGBT tepkisi: Reform beyan\u0131na ayk\u0131r\u0131 geli\u015fmeler, nefret s\u00f6ylemi kabul edilemez - Bati Ermenistan Ve Bati Ermenileri Sorunlari Ara\u015ftirmalar Merkezi<\/title>\n<meta name=\"robots\" content=\"index, follow, max-snippet:-1, max-image-preview:large, max-video-preview:-1\" \/>\n<link rel=\"canonical\" href=\"https:\/\/akunq.net\/tr\/?p=61330\" \/>\n<meta property=\"og:locale\" content=\"en_US\" \/>\n<meta property=\"og:type\" content=\"article\" \/>\n<meta property=\"og:title\" content=\"AB&#039;den Bo\u011fazi\u00e7i ve LGBT tepkisi: Reform beyan\u0131na ayk\u0131r\u0131 geli\u015fmeler, nefret s\u00f6ylemi kabul edilemez - Bati Ermenistan Ve Bati Ermenileri Sorunlari Ara\u015ftirmalar Merkezi\" \/>\n<meta property=\"og:description\" content=\"Bo\u011fazi\u00e7i \u00dcniversitesi ile ilgili son geli\u015fmelere y\u00f6nelik olarak Avrupa Birli\u011fi&#8217;nden tepki geldi. Komisyon yetkilileri taraf\u0131ndan Euronews T\u00fcrk\u00e7e&#8217;ye yap\u0131lan a\u00e7\u0131klamada &#8220;Avrupa Birli\u011fi, hukukun \u00fcst\u00fcnl\u00fc\u011f\u00fc, insan haklar\u0131 ve yarg\u0131 alanlar\u0131nda T\u00fcrkiye&#8217;de devam eden olumsuz geli\u015fmeden ciddi \u015fekilde endi\u015fe duymaktad\u0131r.&#8221; denildi. AB&#8217;den gelen a\u00e7\u0131klaman\u0131n devam\u0131nda &#8220;me\u015fru toplanma \u00f6zg\u00fcrl\u00fc\u011f\u00fc hakk\u0131n\u0131 kullanan y\u00fczden fazla \u00f6\u011frencinin tutuklanmas\u0131 ve \u0130stanbul Valisinin Bo\u011fazi\u00e7i [&hellip;]\" \/>\n<meta property=\"og:url\" content=\"https:\/\/akunq.net\/tr\/?p=61330\" \/>\n<meta property=\"og:site_name\" content=\"Bati Ermenistan Ve Bati Ermenileri Sorunlari Ara\u015ftirmalar Merkezi\" \/>\n<meta property=\"article:published_time\" content=\"2021-02-04T08:39:42+00:00\" \/>\n<meta property=\"og:image\" content=\"https:\/\/akunq.net\/tr\/wp-content\/uploads\/sites\/6\/2021\/02\/AB.jpg\" \/>\n\t<meta property=\"og:image:width\" content=\"773\" \/>\n\t<meta property=\"og:image:height\" content=\"435\" \/>\n\t<meta property=\"og:image:type\" content=\"image\/jpeg\" \/>\n<meta name=\"author\" content=\"admin\" \/>\n<meta name=\"twitter:card\" content=\"summary_large_image\" \/>\n<meta name=\"twitter:label1\" content=\"Written by\" \/>\n\t<meta name=\"twitter:data1\" content=\"admin\" \/>\n\t<meta name=\"twitter:label2\" content=\"Est. reading time\" \/>\n\t<meta name=\"twitter:data2\" content=\"3 minutes\" \/>\n<script type=\"application\/ld+json\" class=\"yoast-schema-graph\">{\"@context\":\"https:\\\/\\\/schema.org\",\"@graph\":[{\"@type\":\"Article\",\"@id\":\"https:\\\/\\\/akunq.net\\\/tr\\\/?p=61330#article\",\"isPartOf\":{\"@id\":\"https:\\\/\\\/akunq.net\\\/tr\\\/?p=61330\"},\"author\":{\"name\":\"admin\",\"@id\":\"https:\\\/\\\/akunq.net\\\/tr\\\/#\\\/schema\\\/person\\\/096f1d38a12cce57fb855b485ed24c9e\"},\"headline\":\"AB&#8217;den Bo\u011fazi\u00e7i ve LGBT tepkisi: Reform beyan\u0131na ayk\u0131r\u0131 geli\u015fmeler, nefret s\u00f6ylemi kabul edilemez\",\"datePublished\":\"2021-02-04T08:39:42+00:00\",\"mainEntityOfPage\":{\"@id\":\"https:\\\/\\\/akunq.net\\\/tr\\\/?p=61330\"},\"wordCount\":526,\"commentCount\":0,\"image\":{\"@id\":\"https:\\\/\\\/akunq.net\\\/tr\\\/?p=61330#primaryimage\"},\"thumbnailUrl\":\"https:\\\/\\\/akunq.net\\\/tr\\\/wp-content\\\/uploads\\\/sites\\\/6\\\/2021\\\/02\\\/AB.jpg\",\"articleSection\":[\"Haberler\"],\"inLanguage\":\"en-US\",\"potentialAction\":[{\"@type\":\"CommentAction\",\"name\":\"Comment\",\"target\":[\"https:\\\/\\\/akunq.net\\\/tr\\\/?p=61330#respond\"]}]},{\"@type\":\"WebPage\",\"@id\":\"https:\\\/\\\/akunq.net\\\/tr\\\/?p=61330\",\"url\":\"https:\\\/\\\/akunq.net\\\/tr\\\/?p=61330\",\"name\":\"AB'den Bo\u011fazi\u00e7i ve LGBT tepkisi: Reform beyan\u0131na ayk\u0131r\u0131 geli\u015fmeler, nefret s\u00f6ylemi kabul edilemez - Bati Ermenistan Ve Bati Ermenileri Sorunlari Ara\u015ftirmalar Merkezi\",\"isPartOf\":{\"@id\":\"https:\\\/\\\/akunq.net\\\/tr\\\/#website\"},\"primaryImageOfPage\":{\"@id\":\"https:\\\/\\\/akunq.net\\\/tr\\\/?p=61330#primaryimage\"},\"image\":{\"@id\":\"https:\\\/\\\/akunq.net\\\/tr\\\/?p=61330#primaryimage\"},\"thumbnailUrl\":\"https:\\\/\\\/akunq.net\\\/tr\\\/wp-content\\\/uploads\\\/sites\\\/6\\\/2021\\\/02\\\/AB.jpg\",\"datePublished\":\"2021-02-04T08:39:42+00:00\",\"author\":{\"@id\":\"https:\\\/\\\/akunq.net\\\/tr\\\/#\\\/schema\\\/person\\\/096f1d38a12cce57fb855b485ed24c9e\"},\"breadcrumb\":{\"@id\":\"https:\\\/\\\/akunq.net\\\/tr\\\/?p=61330#breadcrumb\"},\"inLanguage\":\"en-US\",\"potentialAction\":[{\"@type\":\"ReadAction\",\"target\":[\"https:\\\/\\\/akunq.net\\\/tr\\\/?p=61330\"]}]},{\"@type\":\"ImageObject\",\"inLanguage\":\"en-US\",\"@id\":\"https:\\\/\\\/akunq.net\\\/tr\\\/?p=61330#primaryimage\",\"url\":\"https:\\\/\\\/akunq.net\\\/tr\\\/wp-content\\\/uploads\\\/sites\\\/6\\\/2021\\\/02\\\/AB.jpg\",\"contentUrl\":\"https:\\\/\\\/akunq.net\\\/tr\\\/wp-content\\\/uploads\\\/sites\\\/6\\\/2021\\\/02\\\/AB.jpg\",\"width\":773,\"height\":435},{\"@type\":\"BreadcrumbList\",\"@id\":\"https:\\\/\\\/akunq.net\\\/tr\\\/?p=61330#breadcrumb\",\"itemListElement\":[{\"@type\":\"ListItem\",\"position\":1,\"name\":\"Home\",\"item\":\"https:\\\/\\\/akunq.net\\\/tr\"},{\"@type\":\"ListItem\",\"position\":2,\"name\":\"AB&#8217;den Bo\u011fazi\u00e7i ve LGBT tepkisi: Reform beyan\u0131na ayk\u0131r\u0131 geli\u015fmeler, nefret s\u00f6ylemi kabul edilemez\"}]},{\"@type\":\"WebSite\",\"@id\":\"https:\\\/\\\/akunq.net\\\/tr\\\/#website\",\"url\":\"https:\\\/\\\/akunq.net\\\/tr\\\/\",\"name\":\"Bati Ermenistan Ve Bati Ermenileri Sorunlari Ara\u015ftirmalar Merkezi\",\"description\":\"\",\"potentialAction\":[{\"@type\":\"SearchAction\",\"target\":{\"@type\":\"EntryPoint\",\"urlTemplate\":\"https:\\\/\\\/akunq.net\\\/tr\\\/?s={search_term_string}\"},\"query-input\":{\"@type\":\"PropertyValueSpecification\",\"valueRequired\":true,\"valueName\":\"search_term_string\"}}],\"inLanguage\":\"en-US\"},{\"@type\":\"Person\",\"@id\":\"https:\\\/\\\/akunq.net\\\/tr\\\/#\\\/schema\\\/person\\\/096f1d38a12cce57fb855b485ed24c9e\",\"name\":\"admin\",\"url\":\"https:\\\/\\\/akunq.net\\\/tr\\\/?author=7\"}]}<\/script>\n<!-- \/ Yoast SEO plugin. -->","yoast_head_json":{"title":"AB'den Bo\u011fazi\u00e7i ve LGBT tepkisi: Reform beyan\u0131na ayk\u0131r\u0131 geli\u015fmeler, nefret s\u00f6ylemi kabul edilemez - Bati Ermenistan Ve Bati Ermenileri Sorunlari Ara\u015ftirmalar Merkezi","robots":{"index":"index","follow":"follow","max-snippet":"max-snippet:-1","max-image-preview":"max-image-preview:large","max-video-preview":"max-video-preview:-1"},"canonical":"https:\/\/akunq.net\/tr\/?p=61330","og_locale":"en_US","og_type":"article","og_title":"AB'den Bo\u011fazi\u00e7i ve LGBT tepkisi: Reform beyan\u0131na ayk\u0131r\u0131 geli\u015fmeler, nefret s\u00f6ylemi kabul edilemez - Bati Ermenistan Ve Bati Ermenileri Sorunlari Ara\u015ftirmalar Merkezi","og_description":"Bo\u011fazi\u00e7i \u00dcniversitesi ile ilgili son geli\u015fmelere y\u00f6nelik olarak Avrupa Birli\u011fi&#8217;nden tepki geldi. Komisyon yetkilileri taraf\u0131ndan Euronews T\u00fcrk\u00e7e&#8217;ye yap\u0131lan a\u00e7\u0131klamada &#8220;Avrupa Birli\u011fi, hukukun \u00fcst\u00fcnl\u00fc\u011f\u00fc, insan haklar\u0131 ve yarg\u0131 alanlar\u0131nda T\u00fcrkiye&#8217;de devam eden olumsuz geli\u015fmeden ciddi \u015fekilde endi\u015fe duymaktad\u0131r.&#8221; denildi. AB&#8217;den gelen a\u00e7\u0131klaman\u0131n devam\u0131nda &#8220;me\u015fru toplanma \u00f6zg\u00fcrl\u00fc\u011f\u00fc hakk\u0131n\u0131 kullanan y\u00fczden fazla \u00f6\u011frencinin tutuklanmas\u0131 ve \u0130stanbul Valisinin Bo\u011fazi\u00e7i [&hellip;]","og_url":"https:\/\/akunq.net\/tr\/?p=61330","og_site_name":"Bati Ermenistan Ve Bati Ermenileri Sorunlari Ara\u015ftirmalar Merkezi","article_published_time":"2021-02-04T08:39:42+00:00","og_image":[{"width":773,"height":435,"url":"https:\/\/akunq.net\/tr\/wp-content\/uploads\/sites\/6\/2021\/02\/AB.jpg","type":"image\/jpeg"}],"author":"admin","twitter_card":"summary_large_image","twitter_misc":{"Written by":"admin","Est. reading time":"3 minutes"},"schema":{"@context":"https:\/\/schema.org","@graph":[{"@type":"Article","@id":"https:\/\/akunq.net\/tr\/?p=61330#article","isPartOf":{"@id":"https:\/\/akunq.net\/tr\/?p=61330"},"author":{"name":"admin","@id":"https:\/\/akunq.net\/tr\/#\/schema\/person\/096f1d38a12cce57fb855b485ed24c9e"},"headline":"AB&#8217;den Bo\u011fazi\u00e7i ve LGBT tepkisi: Reform beyan\u0131na ayk\u0131r\u0131 geli\u015fmeler, nefret s\u00f6ylemi kabul edilemez","datePublished":"2021-02-04T08:39:42+00:00","mainEntityOfPage":{"@id":"https:\/\/akunq.net\/tr\/?p=61330"},"wordCount":526,"commentCount":0,"image":{"@id":"https:\/\/akunq.net\/tr\/?p=61330#primaryimage"},"thumbnailUrl":"https:\/\/akunq.net\/tr\/wp-content\/uploads\/sites\/6\/2021\/02\/AB.jpg","articleSection":["Haberler"],"inLanguage":"en-US","potentialAction":[{"@type":"CommentAction","name":"Comment","target":["https:\/\/akunq.net\/tr\/?p=61330#respond"]}]},{"@type":"WebPage","@id":"https:\/\/akunq.net\/tr\/?p=61330","url":"https:\/\/akunq.net\/tr\/?p=61330","name":"AB'den Bo\u011fazi\u00e7i ve LGBT tepkisi: Reform beyan\u0131na ayk\u0131r\u0131 geli\u015fmeler, nefret s\u00f6ylemi kabul edilemez - Bati Ermenistan Ve Bati Ermenileri Sorunlari Ara\u015ftirmalar Merkezi","isPartOf":{"@id":"https:\/\/akunq.net\/tr\/#website"},"primaryImageOfPage":{"@id":"https:\/\/akunq.net\/tr\/?p=61330#primaryimage"},"image":{"@id":"https:\/\/akunq.net\/tr\/?p=61330#primaryimage"},"thumbnailUrl":"https:\/\/akunq.net\/tr\/wp-content\/uploads\/sites\/6\/2021\/02\/AB.jpg","datePublished":"2021-02-04T08:39:42+00:00","author":{"@id":"https:\/\/akunq.net\/tr\/#\/schema\/person\/096f1d38a12cce57fb855b485ed24c9e"},"breadcrumb":{"@id":"https:\/\/akunq.net\/tr\/?p=61330#breadcrumb"},"inLanguage":"en-US","potentialAction":[{"@type":"ReadAction","target":["https:\/\/akunq.net\/tr\/?p=61330"]}]},{"@type":"ImageObject","inLanguage":"en-US","@id":"https:\/\/akunq.net\/tr\/?p=61330#primaryimage","url":"https:\/\/akunq.net\/tr\/wp-content\/uploads\/sites\/6\/2021\/02\/AB.jpg","contentUrl":"https:\/\/akunq.net\/tr\/wp-content\/uploads\/sites\/6\/2021\/02\/AB.jpg","width":773,"height":435},{"@type":"BreadcrumbList","@id":"https:\/\/akunq.net\/tr\/?p=61330#breadcrumb","itemListElement":[{"@type":"ListItem","position":1,"name":"Home","item":"https:\/\/akunq.net\/tr"},{"@type":"ListItem","position":2,"name":"AB&#8217;den Bo\u011fazi\u00e7i ve LGBT tepkisi: Reform beyan\u0131na ayk\u0131r\u0131 geli\u015fmeler, nefret s\u00f6ylemi kabul edilemez"}]},{"@type":"WebSite","@id":"https:\/\/akunq.net\/tr\/#website","url":"https:\/\/akunq.net\/tr\/","name":"Bati Ermenistan Ve Bati Ermenileri Sorunlari Ara\u015ftirmalar Merkezi","description":"","potentialAction":[{"@type":"SearchAction","target":{"@type":"EntryPoint","urlTemplate":"https:\/\/akunq.net\/tr\/?s={search_term_string}"},"query-input":{"@type":"PropertyValueSpecification","valueRequired":true,"valueName":"search_term_string"}}],"inLanguage":"en-US"},{"@type":"Person","@id":"https:\/\/akunq.net\/tr\/#\/schema\/person\/096f1d38a12cce57fb855b485ed24c9e","name":"admin","url":"https:\/\/akunq.net\/tr\/?author=7"}]}},"_links":{"self":[{"href":"https:\/\/akunq.net\/tr\/index.php?rest_route=\/wp\/v2\/posts\/61330","targetHints":{"allow":["GET"]}}],"collection":[{"href":"https:\/\/akunq.net\/tr\/index.php?rest_route=\/wp\/v2\/posts"}],"about":[{"href":"https:\/\/akunq.net\/tr\/index.php?rest_route=\/wp\/v2\/types\/post"}],"author":[{"embeddable":true,"href":"https:\/\/akunq.net\/tr\/index.php?rest_route=\/wp\/v2\/users\/7"}],"replies":[{"embeddable":true,"href":"https:\/\/akunq.net\/tr\/index.php?rest_route=%2Fwp%2Fv2%2Fcomments&post=61330"}],"version-history":[{"count":1,"href":"https:\/\/akunq.net\/tr\/index.php?rest_route=\/wp\/v2\/posts\/61330\/revisions"}],"predecessor-version":[{"id":61332,"href":"https:\/\/akunq.net\/tr\/index.php?rest_route=\/wp\/v2\/posts\/61330\/revisions\/61332"}],"wp:featuredmedia":[{"embeddable":true,"href":"https:\/\/akunq.net\/tr\/index.php?rest_route=\/wp\/v2\/media\/61331"}],"wp:attachment":[{"href":"https:\/\/akunq.net\/tr\/index.php?rest_route=%2Fwp%2Fv2%2Fmedia&parent=61330"}],"wp:term":[{"taxonomy":"category","embeddable":true,"href":"https:\/\/akunq.net\/tr\/index.php?rest_route=%2Fwp%2Fv2%2Fcategories&post=61330"},{"taxonomy":"post_tag","embeddable":true,"href":"https:\/\/akunq.net\/tr\/index.php?rest_route=%2Fwp%2Fv2%2Ftags&post=61330"}],"curies":[{"name":"wp","href":"https:\/\/api.w.org\/{rel}","templated":true}]}}