{"id":61315,"date":"2021-02-04T02:44:46","date_gmt":"2021-02-04T07:44:46","guid":{"rendered":"https:\/\/akunq.net\/tr\/?p=61315"},"modified":"2021-02-04T02:44:46","modified_gmt":"2021-02-04T07:44:46","slug":"hakikati-dile-getirmek-ve-hrant-dink","status":"publish","type":"post","link":"https:\/\/akunq.net\/tr\/?p=61315","title":{"rendered":"Hakikati dile getirmek ve Hrant Dink"},"content":{"rendered":"<h4><img loading=\"lazy\" decoding=\"async\" class=\"aligncenter size-medium wp-image-61316\" src=\"https:\/\/akunq.net\/tr\/wp-content\/uploads\/2021\/02\/Eyal-Weizman-360x203.jpg\" alt=\"\" width=\"360\" height=\"203\" srcset=\"https:\/\/akunq.net\/tr\/wp-content\/uploads\/sites\/6\/2021\/02\/Eyal-Weizman-360x203.jpg 360w, https:\/\/akunq.net\/tr\/wp-content\/uploads\/sites\/6\/2021\/02\/Eyal-Weizman-768x432.jpg 768w, https:\/\/akunq.net\/tr\/wp-content\/uploads\/sites\/6\/2021\/02\/Eyal-Weizman-560x315.jpg 560w, https:\/\/akunq.net\/tr\/wp-content\/uploads\/sites\/6\/2021\/02\/Eyal-Weizman-260x146.jpg 260w, https:\/\/akunq.net\/tr\/wp-content\/uploads\/sites\/6\/2021\/02\/Eyal-Weizman-160x90.jpg 160w, https:\/\/akunq.net\/tr\/wp-content\/uploads\/sites\/6\/2021\/02\/Eyal-Weizman.jpg 960w\" sizes=\"auto, (max-width: 360px) 100vw, 360px\" \/><\/h4>\n<h4><em><strong>Bo\u011fazi\u00e7i \u00dcniversitesi Siyaset Bilimi ve Uluslararas\u0131 \u0130li\u015fkiler B\u00f6l\u00fcm\u00fc, Sosyoloji B\u00f6l\u00fcm\u00fc ve Tarih B\u00f6l\u00fcm\u00fc&#8217;n\u00fcn \u00e7abas\u0131yla 2008 y\u0131l\u0131ndan bu yana ger\u00e7ekle\u015ftirilen &#8220;Hrant Dink An\u0131s\u0131na \u0130nsan Haklar\u0131 ve \u0130fade \u00d6zg\u00fcrl\u00fc\u011f\u00fc Konferans\u0131&#8221;n\u0131n bu y\u0131lki konu\u011fu mimar ve insan haklar\u0131 aktivisti Eyal Weizman oldu. Weizman konu\u015fmas\u0131nda Hrant Dink&#8217;in m\u00fccadelesini ve hakikat aray\u0131\u015f\u0131n\u0131 mercek alt\u0131na ald\u0131.<\/strong><\/em><\/h4>\n<p><em>Weizman 28 Ocak Per\u015fembe g\u00fcn\u00fc internet \u00fczerinden yay\u0131nlanan bir konu\u015fma yapt\u0131.<\/em><\/p>\n<p><em>Eyal Weizman, University of London Goldsmiths\u2019te Mekansal ve G\u00f6rsel K\u00fclt\u00fcrler Program\u0131\u2019nda profes\u00f6r ve Centre for Research Architecture adl\u0131 ara\u015ft\u0131rma merkezinin kurucusu ve y\u00f6neticisi. Weizman, 2010\u2019da Forensic Architecture (Adl\u00ee Mimari) adl\u0131 ara\u015ft\u0131rma ajans\u0131n\u0131 kurdu. Farkl\u0131 teknolojileri ve disiplinleri harmanlayarak, ba\u015fta Filistin olmak \u00fczere d\u00fcnyan\u0131n \u00e7ok farkl\u0131 b\u00f6lgelerindeki hak ihlallerinin ve adli vakalar\u0131n mekansal ve medya analizini yapt\u0131. Kurulu\u015f T\u00fcrkiye\u2019den Tahir El\u00e7i cinayetini de inceledi.\u00a0<\/em><\/p>\n<p><em>Weizman devletler taraf\u0131ndan \u00fczerin \u00f6rt\u00fclen su\u00e7lara dair \u00f6rnekler sundu\u011fu bir konu\u015fma yapt\u0131 ve hakikat aray\u0131\u015f\u0131n\u0131n \u00f6nemine dikkat \u00e7ekti. Weizman konu\u015fmas\u0131nda Hrant Dink\u2019in kendi \u00fczerinde b\u0131rakt\u0131\u011f\u0131 etkilere de de\u011findi. Weizman\u2019\u0131n konu\u015fmas\u0131ndan bu b\u00f6l\u00fcm\u00fc sunuyoruz.\u00a0<\/em><\/p>\n<p>\u201cHrant Dink\u2019in \u00f6l\u00fcm\u00fcn\u00fcn ard\u0131ndan New York\u2019ta ya\u015fayan bir arkada\u015f\u0131m bana Hrant Dink\u2019le yapt\u0131\u011f\u0131 r\u00f6portaj\u0131 g\u00f6ndermi\u015fti. Orada \u2018Bir ak\u0131m \u015feyler de\u011fi\u015fecek, iyi mi k\u00f6t\u00fc m\u00fc bilmiyorum. Nereden biliyorum \u00e7\u00fcnk\u00fc de\u011fi\u015fimin kendisini ya\u015f\u0131yorum\u2019 demi\u015fti. Maalesef bu s\u00fcrecin neticesinde ya\u015fam\u0131n\u0131 kaybetti. E\u011fer bir \u015feyler de\u011fi\u015fecekse d\u00fcnyan\u0131n bir\u00e7ok yerindeki ba\u015fka insanlar\u0131n, insan haklar\u0131 demokrasi alan\u0131nda yap\u0131lan \u00e7al\u0131\u015fmalar\u0131n sayesinde de\u011fi\u015fecek. Hrant Dink\u2019in \u00f6l\u00fcm\u00fc \u00e7ok vah\u015fiydi. Buradan \u00e7\u0131karaca\u011f\u0131m\u0131z bir\u00e7ok ders var. T\u00fcrk toplumu i\u00e7in \u00e7ok \u00f6nemli dersler bunlar. Ama sadece T\u00fcrkiye\u2019de ya\u015fayan insanlar\u0131 etkileyen konular de\u011fil.<br \/>\nDink\u2019i d\u00fc\u015f\u00fcn\u00fcrken Yahudi ve \u0130srail do\u011fumlu bir akademisyen ve insan haklar\u0131 aktivisti olarak ben de kendi tarih\u00e7emi biraz d\u00fc\u015f\u00fcnd\u00fcm. Hrant Dink gibi bir adam\u0131n cesareti ve haysiyetiyle ancak, Ermeni Soyk\u0131r\u0131m\u0131 gibi bir vah\u015fi olay konu\u015fulabilir. Benim perspektifimden bak\u0131ld\u0131\u011f\u0131nda ben sadece Holokost\u2019u d\u00fc\u015f\u00fcnm\u00fcyorum, \u0130srail\u2019in kurulu\u015funda yatan Filistin Felaketi ya da 1948 y\u0131l\u0131nda ya\u015fanan Nakba G\u00fcn\u00fc\u2019n\u00fc d\u00fc\u015f\u00fcn\u00fcyorum. Bir\u00e7ok insan yerinden edilmi\u015fti, evleri ellerinden al\u0131nm\u0131\u015ft\u0131, katliamlara maruz kalm\u0131\u015flard\u0131, bug\u00fcne kadar da devam ediyor. \u0130srail\u2019de \u2018Nakba\u2019 kelimesini bile kullanam\u0131yorsunuz. Bu yasalar taraf\u0131ndan yasaklanm\u0131\u015f bir kelime. Bu kelimeyi kullanam\u0131yorsunuz ama her Filistinlinin \u00f6l\u00fcm\u00fc, her yeni bir \u00f6l\u00fcm ve Nakba\u2019n\u0131n bu \u015fekilde devam ettirilmesi adaletin tecelli etmemesi asl\u0131nda bug\u00fcne kadar bu y\u0131k\u0131m\u0131n devam etti\u011fini g\u00f6steriyor.<br \/>\nNakba korkun\u00e7 bir olay, ama demokratikle\u015feceksek ve insanlar\u0131n yerlerine d\u00f6nmesi bir g\u00fcn s\u00f6z konusu olacaksa, bundan bahsetmek durumunday\u0131z.<br \/>\nHrant Dink\u2019in hayat\u0131n\u0131 okurken, hep bunlar\u0131 d\u00fc\u015f\u00fcnd\u00fcm. Bir tarafta hakikatin pe\u015finden ko\u015fmu\u015ftu ve hakikati uygulamaya da d\u00f6kmek i\u00e7in \u00e7ok kendine has y\u00f6ntemler kullanm\u0131\u015ft\u0131.<br \/>\nMesela yasalar kanunlar konusu. Ki bu \u0130srail\u2019de de var. Devletin \u015ferefini ve haysiyetini koruyan birtak\u0131m yasalar var. Bir devlet e\u011fer kendi haysiyetini korumak i\u00e7in yasaya ihtiya\u00e7 duyuyorsa belki haysiyeti yok demektir diye d\u00fc\u015f\u00fcnmeden edemiyor insan.<br \/>\nHrant Dink\u2019i d\u00fc\u015f\u00fcn\u00fcrken, siyasi cinayetlere \u00e7\u00fcr\u00fck birka\u00e7 elma ya da ayr\u0131ks\u0131 otlar olarak yakla\u015fan devletleri de d\u00fc\u015f\u00fcn\u00fcyorum. \u0130srail ve ba\u015fka baz\u0131 devletler bir\u00e7ok siyasi suikaste bu \u015fekilde yakla\u015ft\u0131. Sonu\u00e7ta bu s\u00f6ylemi kullanarak devlet kendini sorumlu tutmaktan ka\u00e7\u0131n\u0131yor ve k\u00fclt\u00fcrel \u015fiddeti ve yap\u0131sal \u0131rk\u00e7\u0131l\u0131\u011f\u0131 desteklemeye devam ediyor.\u00a0 Buna mukabil daha fazla ter\u00f6r, hayat\u0131n her yerine sirayet ediyor.<br \/>\nHrant Dink\u2019le ilgili bir \u015feyler okudu\u011fumda \u015funu da g\u00f6rd\u00fcm. \u00c7ok dikkatli olmal\u0131y\u0131z. Otoriter devletin marjinalize edilmi\u015f gruplar aras\u0131ndaki gerilimi daha da ka\u015f\u0131mas\u0131na \u00e7ok dikkat etmeliyiz. Filistinliler ve Mizrahi Yahudileri ayn\u0131 dili konu\u015fuyor, bu asl\u0131nda ortak bir var olu\u015fun demokratik bir devlette var olu\u015fun temelleri olabilir. Ayn\u0131 \u015fekilde yine temkinli olmal\u0131y\u0131z. Ermeniler, K\u00fcrtler ve Yahudilerin aras\u0131ndaki bir tak\u0131m gerginlik \u00e7\u0131kmas\u0131na kar\u015f\u0131 \u00e7\u0131kmal\u0131y\u0131z.<br \/>\nHrant Dink\u2019in hayat\u0131n\u0131 okurken kendisiyle ilgili \u015funu g\u00f6rd\u00fcm. Sadece yasalara bel ba\u011flayamay\u0131z, adaletin yeniden tecelli etmesi i\u00e7in. \u00c7\u00fcnk\u00fc yasal s\u00fcre\u00e7ler de bir siyasi bask\u0131 mekanizmas\u0131 haline gelebiliyor. Arkada\u015f\u0131m yasal konularda uzman Ba\u015fak Ert\u00fcr Dink\u2019in suikastiyle ilgili \u015f\u00f6yle yazm\u0131\u015ft\u0131; \u2018Yasalar unutur, daha sonra tekrar unuttu\u011funu unutur, daha sonra hat\u0131rlar, hat\u0131rlamay\u0131 geciktirir, bu sayede unutu\u015f daha derin ve mahiyete b\u00fcr\u00fcnm\u00fc\u015f olur\u2019<br \/>\nHakikatin dile getirilmesinin ne kadar a\u011f\u0131r bir bedeli beraberinde getirece\u011fini g\u00f6rd\u00fcm. Tahir El\u00e7i\u2019yi d\u00fc\u015f\u00fcnd\u00fcm. Biz \u015fu anda bir ekip olarak suikast\u0131n\u0131 ara\u015ft\u0131r\u0131yoruz ama yasal s\u00fcre\u00e7 devam etti\u011fi i\u00e7in a\u00e7\u0131klayam\u0131yoruz.\u201d<\/p>\n<p><em><strong>http:\/\/www.agos.com.tr\/tr\/yazi\/25279\/hakikati-dile-getirmek-ve-hrant-dink\u00a0<\/strong><\/em><\/p>\n","protected":false},"excerpt":{"rendered":"<p>Bo\u011fazi\u00e7i \u00dcniversitesi Siyaset Bilimi ve Uluslararas\u0131 \u0130li\u015fkiler B\u00f6l\u00fcm\u00fc, Sosyoloji B\u00f6l\u00fcm\u00fc ve Tarih B\u00f6l\u00fcm\u00fc&#8217;n\u00fcn \u00e7abas\u0131yla 2008 y\u0131l\u0131ndan bu yana ger\u00e7ekle\u015ftirilen &#8220;Hrant Dink An\u0131s\u0131na \u0130nsan Haklar\u0131 ve \u0130fade \u00d6zg\u00fcrl\u00fc\u011f\u00fc Konferans\u0131&#8221;n\u0131n bu y\u0131lki konu\u011fu mimar ve insan haklar\u0131 aktivisti Eyal Weizman oldu. Weizman konu\u015fmas\u0131nda Hrant Dink&#8217;in m\u00fccadelesini ve hakikat aray\u0131\u015f\u0131n\u0131 mercek alt\u0131na ald\u0131. Weizman 28 Ocak Per\u015fembe g\u00fcn\u00fc [&hellip;]<\/p>\n","protected":false},"author":7,"featured_media":61316,"comment_status":"open","ping_status":"open","sticky":false,"template":"","format":"standard","meta":{"footnotes":""},"categories":[1],"tags":[],"class_list":["post-61315","post","type-post","status-publish","format-standard","has-post-thumbnail","hentry","category-haberler"],"yoast_head":"<!-- This site is optimized with the Yoast SEO plugin v27.4 - https:\/\/yoast.com\/product\/yoast-seo-wordpress\/ -->\n<title>Hakikati dile getirmek ve Hrant Dink - Bati Ermenistan Ve Bati Ermenileri Sorunlari Ara\u015ftirmalar Merkezi<\/title>\n<meta name=\"robots\" content=\"index, follow, max-snippet:-1, max-image-preview:large, max-video-preview:-1\" \/>\n<link rel=\"canonical\" href=\"https:\/\/akunq.net\/tr\/?p=61315\" \/>\n<meta property=\"og:locale\" content=\"en_US\" \/>\n<meta property=\"og:type\" content=\"article\" \/>\n<meta property=\"og:title\" content=\"Hakikati dile getirmek ve Hrant Dink - Bati Ermenistan Ve Bati Ermenileri Sorunlari Ara\u015ftirmalar Merkezi\" \/>\n<meta property=\"og:description\" content=\"Bo\u011fazi\u00e7i \u00dcniversitesi Siyaset Bilimi ve Uluslararas\u0131 \u0130li\u015fkiler B\u00f6l\u00fcm\u00fc, Sosyoloji B\u00f6l\u00fcm\u00fc ve Tarih B\u00f6l\u00fcm\u00fc&#8217;n\u00fcn \u00e7abas\u0131yla 2008 y\u0131l\u0131ndan bu yana ger\u00e7ekle\u015ftirilen &#8220;Hrant Dink An\u0131s\u0131na \u0130nsan Haklar\u0131 ve \u0130fade \u00d6zg\u00fcrl\u00fc\u011f\u00fc Konferans\u0131&#8221;n\u0131n bu y\u0131lki konu\u011fu mimar ve insan haklar\u0131 aktivisti Eyal Weizman oldu. Weizman konu\u015fmas\u0131nda Hrant Dink&#8217;in m\u00fccadelesini ve hakikat aray\u0131\u015f\u0131n\u0131 mercek alt\u0131na ald\u0131. Weizman 28 Ocak Per\u015fembe g\u00fcn\u00fc [&hellip;]\" \/>\n<meta property=\"og:url\" content=\"https:\/\/akunq.net\/tr\/?p=61315\" \/>\n<meta property=\"og:site_name\" content=\"Bati Ermenistan Ve Bati Ermenileri Sorunlari Ara\u015ftirmalar Merkezi\" \/>\n<meta property=\"article:published_time\" content=\"2021-02-04T07:44:46+00:00\" \/>\n<meta property=\"og:image\" content=\"https:\/\/akunq.net\/tr\/wp-content\/uploads\/sites\/6\/2021\/02\/Eyal-Weizman.jpg\" \/>\n\t<meta property=\"og:image:width\" content=\"960\" \/>\n\t<meta property=\"og:image:height\" content=\"540\" \/>\n\t<meta property=\"og:image:type\" content=\"image\/jpeg\" \/>\n<meta name=\"author\" content=\"admin\" \/>\n<meta name=\"twitter:card\" content=\"summary_large_image\" \/>\n<meta name=\"twitter:label1\" content=\"Written by\" \/>\n\t<meta name=\"twitter:data1\" content=\"admin\" \/>\n\t<meta name=\"twitter:label2\" content=\"Est. reading time\" \/>\n\t<meta name=\"twitter:data2\" content=\"4 minutes\" \/>\n<script type=\"application\/ld+json\" class=\"yoast-schema-graph\">{\"@context\":\"https:\\\/\\\/schema.org\",\"@graph\":[{\"@type\":\"Article\",\"@id\":\"https:\\\/\\\/akunq.net\\\/tr\\\/?p=61315#article\",\"isPartOf\":{\"@id\":\"https:\\\/\\\/akunq.net\\\/tr\\\/?p=61315\"},\"author\":{\"name\":\"admin\",\"@id\":\"https:\\\/\\\/akunq.net\\\/tr\\\/#\\\/schema\\\/person\\\/096f1d38a12cce57fb855b485ed24c9e\"},\"headline\":\"Hakikati dile getirmek ve Hrant Dink\",\"datePublished\":\"2021-02-04T07:44:46+00:00\",\"mainEntityOfPage\":{\"@id\":\"https:\\\/\\\/akunq.net\\\/tr\\\/?p=61315\"},\"wordCount\":903,\"commentCount\":0,\"image\":{\"@id\":\"https:\\\/\\\/akunq.net\\\/tr\\\/?p=61315#primaryimage\"},\"thumbnailUrl\":\"https:\\\/\\\/akunq.net\\\/tr\\\/wp-content\\\/uploads\\\/sites\\\/6\\\/2021\\\/02\\\/Eyal-Weizman.jpg\",\"articleSection\":[\"Haberler\"],\"inLanguage\":\"en-US\",\"potentialAction\":[{\"@type\":\"CommentAction\",\"name\":\"Comment\",\"target\":[\"https:\\\/\\\/akunq.net\\\/tr\\\/?p=61315#respond\"]}]},{\"@type\":\"WebPage\",\"@id\":\"https:\\\/\\\/akunq.net\\\/tr\\\/?p=61315\",\"url\":\"https:\\\/\\\/akunq.net\\\/tr\\\/?p=61315\",\"name\":\"Hakikati dile getirmek ve Hrant Dink - Bati Ermenistan Ve Bati Ermenileri Sorunlari Ara\u015ftirmalar Merkezi\",\"isPartOf\":{\"@id\":\"https:\\\/\\\/akunq.net\\\/tr\\\/#website\"},\"primaryImageOfPage\":{\"@id\":\"https:\\\/\\\/akunq.net\\\/tr\\\/?p=61315#primaryimage\"},\"image\":{\"@id\":\"https:\\\/\\\/akunq.net\\\/tr\\\/?p=61315#primaryimage\"},\"thumbnailUrl\":\"https:\\\/\\\/akunq.net\\\/tr\\\/wp-content\\\/uploads\\\/sites\\\/6\\\/2021\\\/02\\\/Eyal-Weizman.jpg\",\"datePublished\":\"2021-02-04T07:44:46+00:00\",\"author\":{\"@id\":\"https:\\\/\\\/akunq.net\\\/tr\\\/#\\\/schema\\\/person\\\/096f1d38a12cce57fb855b485ed24c9e\"},\"breadcrumb\":{\"@id\":\"https:\\\/\\\/akunq.net\\\/tr\\\/?p=61315#breadcrumb\"},\"inLanguage\":\"en-US\",\"potentialAction\":[{\"@type\":\"ReadAction\",\"target\":[\"https:\\\/\\\/akunq.net\\\/tr\\\/?p=61315\"]}]},{\"@type\":\"ImageObject\",\"inLanguage\":\"en-US\",\"@id\":\"https:\\\/\\\/akunq.net\\\/tr\\\/?p=61315#primaryimage\",\"url\":\"https:\\\/\\\/akunq.net\\\/tr\\\/wp-content\\\/uploads\\\/sites\\\/6\\\/2021\\\/02\\\/Eyal-Weizman.jpg\",\"contentUrl\":\"https:\\\/\\\/akunq.net\\\/tr\\\/wp-content\\\/uploads\\\/sites\\\/6\\\/2021\\\/02\\\/Eyal-Weizman.jpg\",\"width\":960,\"height\":540},{\"@type\":\"BreadcrumbList\",\"@id\":\"https:\\\/\\\/akunq.net\\\/tr\\\/?p=61315#breadcrumb\",\"itemListElement\":[{\"@type\":\"ListItem\",\"position\":1,\"name\":\"Home\",\"item\":\"https:\\\/\\\/akunq.net\\\/tr\"},{\"@type\":\"ListItem\",\"position\":2,\"name\":\"Hakikati dile getirmek ve Hrant Dink\"}]},{\"@type\":\"WebSite\",\"@id\":\"https:\\\/\\\/akunq.net\\\/tr\\\/#website\",\"url\":\"https:\\\/\\\/akunq.net\\\/tr\\\/\",\"name\":\"Bati Ermenistan Ve Bati Ermenileri Sorunlari Ara\u015ftirmalar Merkezi\",\"description\":\"\",\"potentialAction\":[{\"@type\":\"SearchAction\",\"target\":{\"@type\":\"EntryPoint\",\"urlTemplate\":\"https:\\\/\\\/akunq.net\\\/tr\\\/?s={search_term_string}\"},\"query-input\":{\"@type\":\"PropertyValueSpecification\",\"valueRequired\":true,\"valueName\":\"search_term_string\"}}],\"inLanguage\":\"en-US\"},{\"@type\":\"Person\",\"@id\":\"https:\\\/\\\/akunq.net\\\/tr\\\/#\\\/schema\\\/person\\\/096f1d38a12cce57fb855b485ed24c9e\",\"name\":\"admin\",\"url\":\"https:\\\/\\\/akunq.net\\\/tr\\\/?author=7\"}]}<\/script>\n<!-- \/ Yoast SEO plugin. -->","yoast_head_json":{"title":"Hakikati dile getirmek ve Hrant Dink - Bati Ermenistan Ve Bati Ermenileri Sorunlari Ara\u015ftirmalar Merkezi","robots":{"index":"index","follow":"follow","max-snippet":"max-snippet:-1","max-image-preview":"max-image-preview:large","max-video-preview":"max-video-preview:-1"},"canonical":"https:\/\/akunq.net\/tr\/?p=61315","og_locale":"en_US","og_type":"article","og_title":"Hakikati dile getirmek ve Hrant Dink - Bati Ermenistan Ve Bati Ermenileri Sorunlari Ara\u015ftirmalar Merkezi","og_description":"Bo\u011fazi\u00e7i \u00dcniversitesi Siyaset Bilimi ve Uluslararas\u0131 \u0130li\u015fkiler B\u00f6l\u00fcm\u00fc, Sosyoloji B\u00f6l\u00fcm\u00fc ve Tarih B\u00f6l\u00fcm\u00fc&#8217;n\u00fcn \u00e7abas\u0131yla 2008 y\u0131l\u0131ndan bu yana ger\u00e7ekle\u015ftirilen &#8220;Hrant Dink An\u0131s\u0131na \u0130nsan Haklar\u0131 ve \u0130fade \u00d6zg\u00fcrl\u00fc\u011f\u00fc Konferans\u0131&#8221;n\u0131n bu y\u0131lki konu\u011fu mimar ve insan haklar\u0131 aktivisti Eyal Weizman oldu. Weizman konu\u015fmas\u0131nda Hrant Dink&#8217;in m\u00fccadelesini ve hakikat aray\u0131\u015f\u0131n\u0131 mercek alt\u0131na ald\u0131. Weizman 28 Ocak Per\u015fembe g\u00fcn\u00fc [&hellip;]","og_url":"https:\/\/akunq.net\/tr\/?p=61315","og_site_name":"Bati Ermenistan Ve Bati Ermenileri Sorunlari Ara\u015ftirmalar Merkezi","article_published_time":"2021-02-04T07:44:46+00:00","og_image":[{"width":960,"height":540,"url":"https:\/\/akunq.net\/tr\/wp-content\/uploads\/sites\/6\/2021\/02\/Eyal-Weizman.jpg","type":"image\/jpeg"}],"author":"admin","twitter_card":"summary_large_image","twitter_misc":{"Written by":"admin","Est. reading time":"4 minutes"},"schema":{"@context":"https:\/\/schema.org","@graph":[{"@type":"Article","@id":"https:\/\/akunq.net\/tr\/?p=61315#article","isPartOf":{"@id":"https:\/\/akunq.net\/tr\/?p=61315"},"author":{"name":"admin","@id":"https:\/\/akunq.net\/tr\/#\/schema\/person\/096f1d38a12cce57fb855b485ed24c9e"},"headline":"Hakikati dile getirmek ve Hrant Dink","datePublished":"2021-02-04T07:44:46+00:00","mainEntityOfPage":{"@id":"https:\/\/akunq.net\/tr\/?p=61315"},"wordCount":903,"commentCount":0,"image":{"@id":"https:\/\/akunq.net\/tr\/?p=61315#primaryimage"},"thumbnailUrl":"https:\/\/akunq.net\/tr\/wp-content\/uploads\/sites\/6\/2021\/02\/Eyal-Weizman.jpg","articleSection":["Haberler"],"inLanguage":"en-US","potentialAction":[{"@type":"CommentAction","name":"Comment","target":["https:\/\/akunq.net\/tr\/?p=61315#respond"]}]},{"@type":"WebPage","@id":"https:\/\/akunq.net\/tr\/?p=61315","url":"https:\/\/akunq.net\/tr\/?p=61315","name":"Hakikati dile getirmek ve Hrant Dink - Bati Ermenistan Ve Bati Ermenileri Sorunlari Ara\u015ftirmalar Merkezi","isPartOf":{"@id":"https:\/\/akunq.net\/tr\/#website"},"primaryImageOfPage":{"@id":"https:\/\/akunq.net\/tr\/?p=61315#primaryimage"},"image":{"@id":"https:\/\/akunq.net\/tr\/?p=61315#primaryimage"},"thumbnailUrl":"https:\/\/akunq.net\/tr\/wp-content\/uploads\/sites\/6\/2021\/02\/Eyal-Weizman.jpg","datePublished":"2021-02-04T07:44:46+00:00","author":{"@id":"https:\/\/akunq.net\/tr\/#\/schema\/person\/096f1d38a12cce57fb855b485ed24c9e"},"breadcrumb":{"@id":"https:\/\/akunq.net\/tr\/?p=61315#breadcrumb"},"inLanguage":"en-US","potentialAction":[{"@type":"ReadAction","target":["https:\/\/akunq.net\/tr\/?p=61315"]}]},{"@type":"ImageObject","inLanguage":"en-US","@id":"https:\/\/akunq.net\/tr\/?p=61315#primaryimage","url":"https:\/\/akunq.net\/tr\/wp-content\/uploads\/sites\/6\/2021\/02\/Eyal-Weizman.jpg","contentUrl":"https:\/\/akunq.net\/tr\/wp-content\/uploads\/sites\/6\/2021\/02\/Eyal-Weizman.jpg","width":960,"height":540},{"@type":"BreadcrumbList","@id":"https:\/\/akunq.net\/tr\/?p=61315#breadcrumb","itemListElement":[{"@type":"ListItem","position":1,"name":"Home","item":"https:\/\/akunq.net\/tr"},{"@type":"ListItem","position":2,"name":"Hakikati dile getirmek ve Hrant Dink"}]},{"@type":"WebSite","@id":"https:\/\/akunq.net\/tr\/#website","url":"https:\/\/akunq.net\/tr\/","name":"Bati Ermenistan Ve Bati Ermenileri Sorunlari Ara\u015ftirmalar Merkezi","description":"","potentialAction":[{"@type":"SearchAction","target":{"@type":"EntryPoint","urlTemplate":"https:\/\/akunq.net\/tr\/?s={search_term_string}"},"query-input":{"@type":"PropertyValueSpecification","valueRequired":true,"valueName":"search_term_string"}}],"inLanguage":"en-US"},{"@type":"Person","@id":"https:\/\/akunq.net\/tr\/#\/schema\/person\/096f1d38a12cce57fb855b485ed24c9e","name":"admin","url":"https:\/\/akunq.net\/tr\/?author=7"}]}},"_links":{"self":[{"href":"https:\/\/akunq.net\/tr\/index.php?rest_route=\/wp\/v2\/posts\/61315","targetHints":{"allow":["GET"]}}],"collection":[{"href":"https:\/\/akunq.net\/tr\/index.php?rest_route=\/wp\/v2\/posts"}],"about":[{"href":"https:\/\/akunq.net\/tr\/index.php?rest_route=\/wp\/v2\/types\/post"}],"author":[{"embeddable":true,"href":"https:\/\/akunq.net\/tr\/index.php?rest_route=\/wp\/v2\/users\/7"}],"replies":[{"embeddable":true,"href":"https:\/\/akunq.net\/tr\/index.php?rest_route=%2Fwp%2Fv2%2Fcomments&post=61315"}],"version-history":[{"count":1,"href":"https:\/\/akunq.net\/tr\/index.php?rest_route=\/wp\/v2\/posts\/61315\/revisions"}],"predecessor-version":[{"id":61317,"href":"https:\/\/akunq.net\/tr\/index.php?rest_route=\/wp\/v2\/posts\/61315\/revisions\/61317"}],"wp:featuredmedia":[{"embeddable":true,"href":"https:\/\/akunq.net\/tr\/index.php?rest_route=\/wp\/v2\/media\/61316"}],"wp:attachment":[{"href":"https:\/\/akunq.net\/tr\/index.php?rest_route=%2Fwp%2Fv2%2Fmedia&parent=61315"}],"wp:term":[{"taxonomy":"category","embeddable":true,"href":"https:\/\/akunq.net\/tr\/index.php?rest_route=%2Fwp%2Fv2%2Fcategories&post=61315"},{"taxonomy":"post_tag","embeddable":true,"href":"https:\/\/akunq.net\/tr\/index.php?rest_route=%2Fwp%2Fv2%2Ftags&post=61315"}],"curies":[{"name":"wp","href":"https:\/\/api.w.org\/{rel}","templated":true}]}}