{"id":61299,"date":"2021-02-03T03:23:33","date_gmt":"2021-02-03T08:23:33","guid":{"rendered":"https:\/\/akunq.net\/tr\/?p=61299"},"modified":"2021-02-03T03:23:33","modified_gmt":"2021-02-03T08:23:33","slug":"selvi-erdoganin-kafasinda-mhpsiz-bir-surec-yok","status":"publish","type":"post","link":"https:\/\/akunq.net\/tr\/?p=61299","title":{"rendered":"Selvi: Erdo\u011fan&#8217;\u0131n kafas\u0131nda MHP&#8217;siz bir s\u00fcre\u00e7 yok"},"content":{"rendered":"<div class=\"b-article__lead\">\n<p><img loading=\"lazy\" decoding=\"async\" class=\"aligncenter size-medium wp-image-61300\" src=\"https:\/\/akunq.net\/tr\/wp-content\/uploads\/2021\/02\/Erdogan-MHP--360x236.jpg\" alt=\"\" width=\"360\" height=\"236\" srcset=\"https:\/\/akunq.net\/tr\/wp-content\/uploads\/sites\/6\/2021\/02\/Erdogan-MHP--360x236.jpg 360w, https:\/\/akunq.net\/tr\/wp-content\/uploads\/sites\/6\/2021\/02\/Erdogan-MHP--560x367.jpg 560w, https:\/\/akunq.net\/tr\/wp-content\/uploads\/sites\/6\/2021\/02\/Erdogan-MHP--260x170.jpg 260w, https:\/\/akunq.net\/tr\/wp-content\/uploads\/sites\/6\/2021\/02\/Erdogan-MHP--160x105.jpg 160w, https:\/\/akunq.net\/tr\/wp-content\/uploads\/sites\/6\/2021\/02\/Erdogan-MHP-.jpg 670w\" sizes=\"auto, (max-width: 360px) 100vw, 360px\" \/><\/p>\n<p><em><strong>H\u00fcrriyet yazar\u0131\u00a0Abdulkadir Selvi, Cumhurba\u015fkan\u0131 ve AKP Genel Ba\u015fkan\u0131\u00a0Recep Tayyip Erdo\u011fan\u2019\u0131n kafas\u0131nda MHP\u2019siz bir s\u00fcrecin olmad\u0131\u011f\u0131n\u0131 yazd\u0131.<\/strong><\/em><\/p>\n<\/div>\n<div class=\"b-article__text\">\n<p>H\u00fcrriyet gazetesi yazar\u0131\u00a0Abdulkadir Selvi, &#8216;Reformlar\u0131n anas\u0131 ve darbenin anayasas\u0131&#8217; ba\u015fl\u0131kl\u0131\u00a0<a href=\"https:\/\/www.hurriyet.com.tr\/yazarlar\/abdulkadir-selvi\/reformlarin-anasi-ve-darbenin-anayasasi-41731339\" target=\"_blank\" rel=\"noopener noreferrer\">bug\u00fcnk\u00fc yaz\u0131s\u0131nda<\/a>\u00a0<em>\u201cErdo\u011fan, hem yeni reform s\u00fcrecini hem de Se\u00e7im Kanunu ve Siyasi Partiler Yasas\u0131\u2019yla ilgili d\u00fczenlemeleri Cumhur \u0130ttifak\u0131&#8217;nda orta\u011f\u0131 MHP ile birlikte ger\u00e7ekle\u015ftirmek istiyor. Erdo\u011fan\u2019\u0131n kafas\u0131nda MHP\u2019siz bir s\u00fcre\u00e7 yok\u201d<\/em>\u00a0dedi.<\/p>\n<p>Selvi,\u00a0<em>\u201cCumhurba\u015fkan\u0131\u00a0Erdo\u011fan,\u00a0<a href=\"https:\/\/tr.sputniknews.com\/turkiye\/202102021043712039-hurriyet-yazari-selvi-cumhurbaskani-erdoganin-yeni-anayasa-onerisinde-iki-kirmizi-cizgisi-var\/\" target=\"_blank\" rel=\"noopener noreferrer\">yeni anayasa \u00f6nerisinde<\/a>\u00a0bulunurken,\u00a0\u2018Biz ne kadar de\u011fi\u015ftirirsek de\u011fi\u015ftirelim, Anayasa\u2019n\u0131n ruhuna der\u00e7 edilen darbe ve vesayet izini silmek maalesef m\u00fcmk\u00fcn olmuyor\u2019\u00a0demi\u015fti.\u00a0Bah\u00e7eli\u2019nin\u00a0\u2018Mevcut ve meri Anayasan\u0131n ola\u011fan d\u0131\u015f\u0131 \u015fartlar\u0131n mahsul\u00fc oldu\u011fu, zaman i\u00e7inde pek \u00e7ok maddesinde de\u011fi\u015fiklik yap\u0131lmas\u0131na ra\u011fmen stat\u00fckocu vasf\u0131nda herhangi bir zay\u0131flaman\u0131n g\u00f6r\u00fclmedi\u011fi \u00e7arp\u0131c\u0131 \u015fekilde ortadad\u0131r\u2019 c\u00fcmlesi\u00a0Erdo\u011fan\u2019\u0131n s\u00f6zleriyle \u00f6rt\u00fc\u015ft\u00fc\u201d<\/em> ifadelerini kulland\u0131.<\/p>\n<p><em><strong>https:\/\/tr.sputniknews.com\/turkiye\/202102031043719585-selvi-erdoganin-kafasinda-mhpsiz-bir-surec-yok\/\u00a0<\/strong><\/em><\/p>\n<\/div>\n","protected":false},"excerpt":{"rendered":"<p>H\u00fcrriyet yazar\u0131\u00a0Abdulkadir Selvi, Cumhurba\u015fkan\u0131 ve AKP Genel Ba\u015fkan\u0131\u00a0Recep Tayyip Erdo\u011fan\u2019\u0131n kafas\u0131nda MHP\u2019siz bir s\u00fcrecin olmad\u0131\u011f\u0131n\u0131 yazd\u0131. H\u00fcrriyet gazetesi yazar\u0131\u00a0Abdulkadir Selvi, &#8216;Reformlar\u0131n anas\u0131 ve darbenin anayasas\u0131&#8217; ba\u015fl\u0131kl\u0131\u00a0bug\u00fcnk\u00fc yaz\u0131s\u0131nda\u00a0\u201cErdo\u011fan, hem yeni reform s\u00fcrecini hem de Se\u00e7im Kanunu ve Siyasi Partiler Yasas\u0131\u2019yla ilgili d\u00fczenlemeleri Cumhur \u0130ttifak\u0131&#8217;nda orta\u011f\u0131 MHP ile birlikte ger\u00e7ekle\u015ftirmek istiyor. Erdo\u011fan\u2019\u0131n kafas\u0131nda MHP\u2019siz bir s\u00fcre\u00e7 yok\u201d\u00a0dedi. [&hellip;]<\/p>\n","protected":false},"author":7,"featured_media":61300,"comment_status":"open","ping_status":"open","sticky":false,"template":"","format":"standard","meta":{"footnotes":""},"categories":[1],"tags":[],"class_list":["post-61299","post","type-post","status-publish","format-standard","has-post-thumbnail","hentry","category-haberler"],"yoast_head":"<!-- This site is optimized with the Yoast SEO plugin v27.4 - https:\/\/yoast.com\/product\/yoast-seo-wordpress\/ -->\n<title>Selvi: Erdo\u011fan&#039;\u0131n kafas\u0131nda MHP&#039;siz bir s\u00fcre\u00e7 yok - Bati Ermenistan Ve Bati Ermenileri Sorunlari Ara\u015ftirmalar Merkezi<\/title>\n<meta name=\"robots\" content=\"index, follow, max-snippet:-1, max-image-preview:large, max-video-preview:-1\" \/>\n<link rel=\"canonical\" href=\"https:\/\/akunq.net\/tr\/?p=61299\" \/>\n<meta property=\"og:locale\" content=\"en_US\" \/>\n<meta property=\"og:type\" content=\"article\" \/>\n<meta property=\"og:title\" content=\"Selvi: Erdo\u011fan&#039;\u0131n kafas\u0131nda MHP&#039;siz bir s\u00fcre\u00e7 yok - Bati Ermenistan Ve Bati Ermenileri Sorunlari Ara\u015ftirmalar Merkezi\" \/>\n<meta property=\"og:description\" content=\"H\u00fcrriyet yazar\u0131\u00a0Abdulkadir Selvi, Cumhurba\u015fkan\u0131 ve AKP Genel Ba\u015fkan\u0131\u00a0Recep Tayyip Erdo\u011fan\u2019\u0131n kafas\u0131nda MHP\u2019siz bir s\u00fcrecin olmad\u0131\u011f\u0131n\u0131 yazd\u0131. H\u00fcrriyet gazetesi yazar\u0131\u00a0Abdulkadir Selvi, &#8216;Reformlar\u0131n anas\u0131 ve darbenin anayasas\u0131&#8217; ba\u015fl\u0131kl\u0131\u00a0bug\u00fcnk\u00fc yaz\u0131s\u0131nda\u00a0\u201cErdo\u011fan, hem yeni reform s\u00fcrecini hem de Se\u00e7im Kanunu ve Siyasi Partiler Yasas\u0131\u2019yla ilgili d\u00fczenlemeleri Cumhur \u0130ttifak\u0131&#8217;nda orta\u011f\u0131 MHP ile birlikte ger\u00e7ekle\u015ftirmek istiyor. Erdo\u011fan\u2019\u0131n kafas\u0131nda MHP\u2019siz bir s\u00fcre\u00e7 yok\u201d\u00a0dedi. [&hellip;]\" \/>\n<meta property=\"og:url\" content=\"https:\/\/akunq.net\/tr\/?p=61299\" \/>\n<meta property=\"og:site_name\" content=\"Bati Ermenistan Ve Bati Ermenileri Sorunlari Ara\u015ftirmalar Merkezi\" \/>\n<meta property=\"article:published_time\" content=\"2021-02-03T08:23:33+00:00\" \/>\n<meta property=\"og:image\" content=\"https:\/\/akunq.net\/tr\/wp-content\/uploads\/sites\/6\/2021\/02\/Erdogan-MHP-.jpg\" \/>\n\t<meta property=\"og:image:width\" content=\"670\" \/>\n\t<meta property=\"og:image:height\" content=\"439\" \/>\n\t<meta property=\"og:image:type\" content=\"image\/jpeg\" \/>\n<meta name=\"author\" content=\"admin\" \/>\n<meta name=\"twitter:card\" content=\"summary_large_image\" \/>\n<meta name=\"twitter:label1\" content=\"Written by\" \/>\n\t<meta name=\"twitter:data1\" content=\"admin\" \/>\n\t<meta name=\"twitter:label2\" content=\"Est. reading time\" \/>\n\t<meta name=\"twitter:data2\" content=\"1 minute\" \/>\n<script type=\"application\/ld+json\" class=\"yoast-schema-graph\">{\"@context\":\"https:\\\/\\\/schema.org\",\"@graph\":[{\"@type\":\"Article\",\"@id\":\"https:\\\/\\\/akunq.net\\\/tr\\\/?p=61299#article\",\"isPartOf\":{\"@id\":\"https:\\\/\\\/akunq.net\\\/tr\\\/?p=61299\"},\"author\":{\"name\":\"admin\",\"@id\":\"https:\\\/\\\/akunq.net\\\/tr\\\/#\\\/schema\\\/person\\\/096f1d38a12cce57fb855b485ed24c9e\"},\"headline\":\"Selvi: Erdo\u011fan&#8217;\u0131n kafas\u0131nda MHP&#8217;siz bir s\u00fcre\u00e7 yok\",\"datePublished\":\"2021-02-03T08:23:33+00:00\",\"mainEntityOfPage\":{\"@id\":\"https:\\\/\\\/akunq.net\\\/tr\\\/?p=61299\"},\"wordCount\":203,\"commentCount\":0,\"image\":{\"@id\":\"https:\\\/\\\/akunq.net\\\/tr\\\/?p=61299#primaryimage\"},\"thumbnailUrl\":\"https:\\\/\\\/akunq.net\\\/tr\\\/wp-content\\\/uploads\\\/sites\\\/6\\\/2021\\\/02\\\/Erdogan-MHP-.jpg\",\"articleSection\":[\"Haberler\"],\"inLanguage\":\"en-US\",\"potentialAction\":[{\"@type\":\"CommentAction\",\"name\":\"Comment\",\"target\":[\"https:\\\/\\\/akunq.net\\\/tr\\\/?p=61299#respond\"]}]},{\"@type\":\"WebPage\",\"@id\":\"https:\\\/\\\/akunq.net\\\/tr\\\/?p=61299\",\"url\":\"https:\\\/\\\/akunq.net\\\/tr\\\/?p=61299\",\"name\":\"Selvi: Erdo\u011fan'\u0131n kafas\u0131nda MHP'siz bir s\u00fcre\u00e7 yok - Bati Ermenistan Ve Bati Ermenileri Sorunlari Ara\u015ftirmalar Merkezi\",\"isPartOf\":{\"@id\":\"https:\\\/\\\/akunq.net\\\/tr\\\/#website\"},\"primaryImageOfPage\":{\"@id\":\"https:\\\/\\\/akunq.net\\\/tr\\\/?p=61299#primaryimage\"},\"image\":{\"@id\":\"https:\\\/\\\/akunq.net\\\/tr\\\/?p=61299#primaryimage\"},\"thumbnailUrl\":\"https:\\\/\\\/akunq.net\\\/tr\\\/wp-content\\\/uploads\\\/sites\\\/6\\\/2021\\\/02\\\/Erdogan-MHP-.jpg\",\"datePublished\":\"2021-02-03T08:23:33+00:00\",\"author\":{\"@id\":\"https:\\\/\\\/akunq.net\\\/tr\\\/#\\\/schema\\\/person\\\/096f1d38a12cce57fb855b485ed24c9e\"},\"breadcrumb\":{\"@id\":\"https:\\\/\\\/akunq.net\\\/tr\\\/?p=61299#breadcrumb\"},\"inLanguage\":\"en-US\",\"potentialAction\":[{\"@type\":\"ReadAction\",\"target\":[\"https:\\\/\\\/akunq.net\\\/tr\\\/?p=61299\"]}]},{\"@type\":\"ImageObject\",\"inLanguage\":\"en-US\",\"@id\":\"https:\\\/\\\/akunq.net\\\/tr\\\/?p=61299#primaryimage\",\"url\":\"https:\\\/\\\/akunq.net\\\/tr\\\/wp-content\\\/uploads\\\/sites\\\/6\\\/2021\\\/02\\\/Erdogan-MHP-.jpg\",\"contentUrl\":\"https:\\\/\\\/akunq.net\\\/tr\\\/wp-content\\\/uploads\\\/sites\\\/6\\\/2021\\\/02\\\/Erdogan-MHP-.jpg\",\"width\":670,\"height\":439},{\"@type\":\"BreadcrumbList\",\"@id\":\"https:\\\/\\\/akunq.net\\\/tr\\\/?p=61299#breadcrumb\",\"itemListElement\":[{\"@type\":\"ListItem\",\"position\":1,\"name\":\"Home\",\"item\":\"https:\\\/\\\/akunq.net\\\/tr\"},{\"@type\":\"ListItem\",\"position\":2,\"name\":\"Selvi: Erdo\u011fan&#8217;\u0131n kafas\u0131nda MHP&#8217;siz bir s\u00fcre\u00e7 yok\"}]},{\"@type\":\"WebSite\",\"@id\":\"https:\\\/\\\/akunq.net\\\/tr\\\/#website\",\"url\":\"https:\\\/\\\/akunq.net\\\/tr\\\/\",\"name\":\"Bati Ermenistan Ve Bati Ermenileri Sorunlari Ara\u015ftirmalar Merkezi\",\"description\":\"\",\"potentialAction\":[{\"@type\":\"SearchAction\",\"target\":{\"@type\":\"EntryPoint\",\"urlTemplate\":\"https:\\\/\\\/akunq.net\\\/tr\\\/?s={search_term_string}\"},\"query-input\":{\"@type\":\"PropertyValueSpecification\",\"valueRequired\":true,\"valueName\":\"search_term_string\"}}],\"inLanguage\":\"en-US\"},{\"@type\":\"Person\",\"@id\":\"https:\\\/\\\/akunq.net\\\/tr\\\/#\\\/schema\\\/person\\\/096f1d38a12cce57fb855b485ed24c9e\",\"name\":\"admin\",\"url\":\"https:\\\/\\\/akunq.net\\\/tr\\\/?author=7\"}]}<\/script>\n<!-- \/ Yoast SEO plugin. -->","yoast_head_json":{"title":"Selvi: Erdo\u011fan'\u0131n kafas\u0131nda MHP'siz bir s\u00fcre\u00e7 yok - Bati Ermenistan Ve Bati Ermenileri Sorunlari Ara\u015ftirmalar Merkezi","robots":{"index":"index","follow":"follow","max-snippet":"max-snippet:-1","max-image-preview":"max-image-preview:large","max-video-preview":"max-video-preview:-1"},"canonical":"https:\/\/akunq.net\/tr\/?p=61299","og_locale":"en_US","og_type":"article","og_title":"Selvi: Erdo\u011fan'\u0131n kafas\u0131nda MHP'siz bir s\u00fcre\u00e7 yok - Bati Ermenistan Ve Bati Ermenileri Sorunlari Ara\u015ftirmalar Merkezi","og_description":"H\u00fcrriyet yazar\u0131\u00a0Abdulkadir Selvi, Cumhurba\u015fkan\u0131 ve AKP Genel Ba\u015fkan\u0131\u00a0Recep Tayyip Erdo\u011fan\u2019\u0131n kafas\u0131nda MHP\u2019siz bir s\u00fcrecin olmad\u0131\u011f\u0131n\u0131 yazd\u0131. H\u00fcrriyet gazetesi yazar\u0131\u00a0Abdulkadir Selvi, &#8216;Reformlar\u0131n anas\u0131 ve darbenin anayasas\u0131&#8217; ba\u015fl\u0131kl\u0131\u00a0bug\u00fcnk\u00fc yaz\u0131s\u0131nda\u00a0\u201cErdo\u011fan, hem yeni reform s\u00fcrecini hem de Se\u00e7im Kanunu ve Siyasi Partiler Yasas\u0131\u2019yla ilgili d\u00fczenlemeleri Cumhur \u0130ttifak\u0131&#8217;nda orta\u011f\u0131 MHP ile birlikte ger\u00e7ekle\u015ftirmek istiyor. Erdo\u011fan\u2019\u0131n kafas\u0131nda MHP\u2019siz bir s\u00fcre\u00e7 yok\u201d\u00a0dedi. [&hellip;]","og_url":"https:\/\/akunq.net\/tr\/?p=61299","og_site_name":"Bati Ermenistan Ve Bati Ermenileri Sorunlari Ara\u015ftirmalar Merkezi","article_published_time":"2021-02-03T08:23:33+00:00","og_image":[{"width":670,"height":439,"url":"https:\/\/akunq.net\/tr\/wp-content\/uploads\/sites\/6\/2021\/02\/Erdogan-MHP-.jpg","type":"image\/jpeg"}],"author":"admin","twitter_card":"summary_large_image","twitter_misc":{"Written by":"admin","Est. reading time":"1 minute"},"schema":{"@context":"https:\/\/schema.org","@graph":[{"@type":"Article","@id":"https:\/\/akunq.net\/tr\/?p=61299#article","isPartOf":{"@id":"https:\/\/akunq.net\/tr\/?p=61299"},"author":{"name":"admin","@id":"https:\/\/akunq.net\/tr\/#\/schema\/person\/096f1d38a12cce57fb855b485ed24c9e"},"headline":"Selvi: Erdo\u011fan&#8217;\u0131n kafas\u0131nda MHP&#8217;siz bir s\u00fcre\u00e7 yok","datePublished":"2021-02-03T08:23:33+00:00","mainEntityOfPage":{"@id":"https:\/\/akunq.net\/tr\/?p=61299"},"wordCount":203,"commentCount":0,"image":{"@id":"https:\/\/akunq.net\/tr\/?p=61299#primaryimage"},"thumbnailUrl":"https:\/\/akunq.net\/tr\/wp-content\/uploads\/sites\/6\/2021\/02\/Erdogan-MHP-.jpg","articleSection":["Haberler"],"inLanguage":"en-US","potentialAction":[{"@type":"CommentAction","name":"Comment","target":["https:\/\/akunq.net\/tr\/?p=61299#respond"]}]},{"@type":"WebPage","@id":"https:\/\/akunq.net\/tr\/?p=61299","url":"https:\/\/akunq.net\/tr\/?p=61299","name":"Selvi: Erdo\u011fan'\u0131n kafas\u0131nda MHP'siz bir s\u00fcre\u00e7 yok - Bati Ermenistan Ve Bati Ermenileri Sorunlari Ara\u015ftirmalar Merkezi","isPartOf":{"@id":"https:\/\/akunq.net\/tr\/#website"},"primaryImageOfPage":{"@id":"https:\/\/akunq.net\/tr\/?p=61299#primaryimage"},"image":{"@id":"https:\/\/akunq.net\/tr\/?p=61299#primaryimage"},"thumbnailUrl":"https:\/\/akunq.net\/tr\/wp-content\/uploads\/sites\/6\/2021\/02\/Erdogan-MHP-.jpg","datePublished":"2021-02-03T08:23:33+00:00","author":{"@id":"https:\/\/akunq.net\/tr\/#\/schema\/person\/096f1d38a12cce57fb855b485ed24c9e"},"breadcrumb":{"@id":"https:\/\/akunq.net\/tr\/?p=61299#breadcrumb"},"inLanguage":"en-US","potentialAction":[{"@type":"ReadAction","target":["https:\/\/akunq.net\/tr\/?p=61299"]}]},{"@type":"ImageObject","inLanguage":"en-US","@id":"https:\/\/akunq.net\/tr\/?p=61299#primaryimage","url":"https:\/\/akunq.net\/tr\/wp-content\/uploads\/sites\/6\/2021\/02\/Erdogan-MHP-.jpg","contentUrl":"https:\/\/akunq.net\/tr\/wp-content\/uploads\/sites\/6\/2021\/02\/Erdogan-MHP-.jpg","width":670,"height":439},{"@type":"BreadcrumbList","@id":"https:\/\/akunq.net\/tr\/?p=61299#breadcrumb","itemListElement":[{"@type":"ListItem","position":1,"name":"Home","item":"https:\/\/akunq.net\/tr"},{"@type":"ListItem","position":2,"name":"Selvi: Erdo\u011fan&#8217;\u0131n kafas\u0131nda MHP&#8217;siz bir s\u00fcre\u00e7 yok"}]},{"@type":"WebSite","@id":"https:\/\/akunq.net\/tr\/#website","url":"https:\/\/akunq.net\/tr\/","name":"Bati Ermenistan Ve Bati Ermenileri Sorunlari Ara\u015ftirmalar Merkezi","description":"","potentialAction":[{"@type":"SearchAction","target":{"@type":"EntryPoint","urlTemplate":"https:\/\/akunq.net\/tr\/?s={search_term_string}"},"query-input":{"@type":"PropertyValueSpecification","valueRequired":true,"valueName":"search_term_string"}}],"inLanguage":"en-US"},{"@type":"Person","@id":"https:\/\/akunq.net\/tr\/#\/schema\/person\/096f1d38a12cce57fb855b485ed24c9e","name":"admin","url":"https:\/\/akunq.net\/tr\/?author=7"}]}},"_links":{"self":[{"href":"https:\/\/akunq.net\/tr\/index.php?rest_route=\/wp\/v2\/posts\/61299","targetHints":{"allow":["GET"]}}],"collection":[{"href":"https:\/\/akunq.net\/tr\/index.php?rest_route=\/wp\/v2\/posts"}],"about":[{"href":"https:\/\/akunq.net\/tr\/index.php?rest_route=\/wp\/v2\/types\/post"}],"author":[{"embeddable":true,"href":"https:\/\/akunq.net\/tr\/index.php?rest_route=\/wp\/v2\/users\/7"}],"replies":[{"embeddable":true,"href":"https:\/\/akunq.net\/tr\/index.php?rest_route=%2Fwp%2Fv2%2Fcomments&post=61299"}],"version-history":[{"count":1,"href":"https:\/\/akunq.net\/tr\/index.php?rest_route=\/wp\/v2\/posts\/61299\/revisions"}],"predecessor-version":[{"id":61301,"href":"https:\/\/akunq.net\/tr\/index.php?rest_route=\/wp\/v2\/posts\/61299\/revisions\/61301"}],"wp:featuredmedia":[{"embeddable":true,"href":"https:\/\/akunq.net\/tr\/index.php?rest_route=\/wp\/v2\/media\/61300"}],"wp:attachment":[{"href":"https:\/\/akunq.net\/tr\/index.php?rest_route=%2Fwp%2Fv2%2Fmedia&parent=61299"}],"wp:term":[{"taxonomy":"category","embeddable":true,"href":"https:\/\/akunq.net\/tr\/index.php?rest_route=%2Fwp%2Fv2%2Fcategories&post=61299"},{"taxonomy":"post_tag","embeddable":true,"href":"https:\/\/akunq.net\/tr\/index.php?rest_route=%2Fwp%2Fv2%2Ftags&post=61299"}],"curies":[{"name":"wp","href":"https:\/\/api.w.org\/{rel}","templated":true}]}}