{"id":61296,"date":"2021-02-03T03:13:02","date_gmt":"2021-02-03T08:13:02","guid":{"rendered":"https:\/\/akunq.net\/tr\/?p=61296"},"modified":"2021-02-03T03:13:02","modified_gmt":"2021-02-03T08:13:02","slug":"papanin-talimatiyla-27-subat-unlu-ermeni-din-adami-grigor-narekatsiyi-anma-gunu-ilan-edilecek","status":"publish","type":"post","link":"https:\/\/akunq.net\/tr\/?p=61296","title":{"rendered":"Papa\u2019n\u0131n talimat\u0131yla 27 \u015eubat \u00fcnl\u00fc Ermeni din adam\u0131 Grigor Narekatsi\u2019yi anma g\u00fcn\u00fc ilan edilecek"},"content":{"rendered":"<p><img loading=\"lazy\" decoding=\"async\" class=\"aligncenter size-medium wp-image-61297\" src=\"https:\/\/akunq.net\/tr\/wp-content\/uploads\/2021\/02\/Katolik-Kilisesi\u2019nin-lideri-Papa-I.-Franciscus-360x202.jpg\" alt=\"\" width=\"360\" height=\"202\" srcset=\"https:\/\/akunq.net\/tr\/wp-content\/uploads\/sites\/6\/2021\/02\/Katolik-Kilisesi\u2019nin-lideri-Papa-I.-Franciscus-360x202.jpg 360w, https:\/\/akunq.net\/tr\/wp-content\/uploads\/sites\/6\/2021\/02\/Katolik-Kilisesi\u2019nin-lideri-Papa-I.-Franciscus-768x431.jpg 768w, https:\/\/akunq.net\/tr\/wp-content\/uploads\/sites\/6\/2021\/02\/Katolik-Kilisesi\u2019nin-lideri-Papa-I.-Franciscus-560x314.jpg 560w, https:\/\/akunq.net\/tr\/wp-content\/uploads\/sites\/6\/2021\/02\/Katolik-Kilisesi\u2019nin-lideri-Papa-I.-Franciscus-260x146.jpg 260w, https:\/\/akunq.net\/tr\/wp-content\/uploads\/sites\/6\/2021\/02\/Katolik-Kilisesi\u2019nin-lideri-Papa-I.-Franciscus-160x90.jpg 160w, https:\/\/akunq.net\/tr\/wp-content\/uploads\/sites\/6\/2021\/02\/Katolik-Kilisesi\u2019nin-lideri-Papa-I.-Franciscus.jpg 790w\" sizes=\"auto, (max-width: 360px) 100vw, 360px\" \/><\/p>\n<p><em><strong>Roma Katolik Kilisesi\u2019nin lideri Papa I. Franciscus\u2019un talimat\u0131yla 27 \u015eubat g\u00fcn\u00fc Ermeni me\u015fhur \u015fair, din adam\u0131, teolog, orta\u00e7a\u011f Ermeni edebiyat\u0131n\u0131n \u00f6nde gelen isimlerinden Grigor Narekatsi\u2019yi anma g\u00fcn\u00fc olarak ilan edilecek.<\/strong><\/em><\/p>\n<p>D\u00fcnyadaki b\u00fct\u00fcn Katolik kiliselerin takviminde ve ayin kitaplar\u0131n\u0131n metinlerinde bununla ilgili gereken de\u011fi\u015fiklikler yap\u0131lacak.<\/p>\n<p>Grigor Narekatsi d\u00fcnya \u00e7ap\u0131nda b\u00fcy\u00fck bir\u00a0 il\u00e2hiyat\u00e7\u0131 ve Ermeni Apostolik Kilisesi azizlerindendir. 10. Y\u00fczy\u0131l Ermeni literat\u00fcr\u00fcn\u00fcn \u00f6ne \u00e7\u0131kan \u015fahsiyetiydi. Mistik \u015fiir ve ilahiler kaleme alm\u0131\u015ft\u0131. Ona \u00fcn kazand\u0131ran yan\u0131 Kit\u00e2b-\u0131 Mukaddes&#8217;e olan yorum ve dinsel a\u011f\u0131tlar\u0131yd\u0131. 2015&#8217;te Papa Franciscus ona \u2018Kilise Doktoru\u2019 unvan\u0131n\u0131 verdi.<\/p>\n<p><em><strong>https:\/\/www.ermenihaber.am\/tr\/news\/2021\/02\/03\/Papa-Ermeni-Grigor-Narekatsi\/201621\u00a0<\/strong><\/em><\/p>\n","protected":false},"excerpt":{"rendered":"<p>Roma Katolik Kilisesi\u2019nin lideri Papa I. Franciscus\u2019un talimat\u0131yla 27 \u015eubat g\u00fcn\u00fc Ermeni me\u015fhur \u015fair, din adam\u0131, teolog, orta\u00e7a\u011f Ermeni edebiyat\u0131n\u0131n \u00f6nde gelen isimlerinden Grigor Narekatsi\u2019yi anma g\u00fcn\u00fc olarak ilan edilecek. D\u00fcnyadaki b\u00fct\u00fcn Katolik kiliselerin takviminde ve ayin kitaplar\u0131n\u0131n metinlerinde bununla ilgili gereken de\u011fi\u015fiklikler yap\u0131lacak. Grigor Narekatsi d\u00fcnya \u00e7ap\u0131nda b\u00fcy\u00fck bir\u00a0 il\u00e2hiyat\u00e7\u0131 ve Ermeni Apostolik Kilisesi [&hellip;]<\/p>\n","protected":false},"author":7,"featured_media":61297,"comment_status":"open","ping_status":"open","sticky":false,"template":"","format":"standard","meta":{"footnotes":""},"categories":[1],"tags":[],"class_list":["post-61296","post","type-post","status-publish","format-standard","has-post-thumbnail","hentry","category-haberler"],"yoast_head":"<!-- This site is optimized with the Yoast SEO plugin v27.4 - https:\/\/yoast.com\/product\/yoast-seo-wordpress\/ -->\n<title>Papa\u2019n\u0131n talimat\u0131yla 27 \u015eubat \u00fcnl\u00fc Ermeni din adam\u0131 Grigor Narekatsi\u2019yi anma g\u00fcn\u00fc ilan edilecek - Bati Ermenistan Ve Bati Ermenileri Sorunlari Ara\u015ftirmalar Merkezi<\/title>\n<meta name=\"robots\" content=\"index, follow, max-snippet:-1, max-image-preview:large, max-video-preview:-1\" \/>\n<link rel=\"canonical\" href=\"https:\/\/akunq.net\/tr\/?p=61296\" \/>\n<meta property=\"og:locale\" content=\"en_US\" \/>\n<meta property=\"og:type\" content=\"article\" \/>\n<meta property=\"og:title\" content=\"Papa\u2019n\u0131n talimat\u0131yla 27 \u015eubat \u00fcnl\u00fc Ermeni din adam\u0131 Grigor Narekatsi\u2019yi anma g\u00fcn\u00fc ilan edilecek - Bati Ermenistan Ve Bati Ermenileri Sorunlari Ara\u015ftirmalar Merkezi\" \/>\n<meta property=\"og:description\" content=\"Roma Katolik Kilisesi\u2019nin lideri Papa I. Franciscus\u2019un talimat\u0131yla 27 \u015eubat g\u00fcn\u00fc Ermeni me\u015fhur \u015fair, din adam\u0131, teolog, orta\u00e7a\u011f Ermeni edebiyat\u0131n\u0131n \u00f6nde gelen isimlerinden Grigor Narekatsi\u2019yi anma g\u00fcn\u00fc olarak ilan edilecek. D\u00fcnyadaki b\u00fct\u00fcn Katolik kiliselerin takviminde ve ayin kitaplar\u0131n\u0131n metinlerinde bununla ilgili gereken de\u011fi\u015fiklikler yap\u0131lacak. Grigor Narekatsi d\u00fcnya \u00e7ap\u0131nda b\u00fcy\u00fck bir\u00a0 il\u00e2hiyat\u00e7\u0131 ve Ermeni Apostolik Kilisesi [&hellip;]\" \/>\n<meta property=\"og:url\" content=\"https:\/\/akunq.net\/tr\/?p=61296\" \/>\n<meta property=\"og:site_name\" content=\"Bati Ermenistan Ve Bati Ermenileri Sorunlari Ara\u015ftirmalar Merkezi\" \/>\n<meta property=\"article:published_time\" content=\"2021-02-03T08:13:02+00:00\" \/>\n<meta property=\"og:image\" content=\"https:\/\/akunq.net\/tr\/wp-content\/uploads\/sites\/6\/2021\/02\/Katolik-Kilisesi\u2019nin-lideri-Papa-I.-Franciscus.jpg\" \/>\n\t<meta property=\"og:image:width\" content=\"790\" \/>\n\t<meta property=\"og:image:height\" content=\"443\" \/>\n\t<meta property=\"og:image:type\" content=\"image\/jpeg\" \/>\n<meta name=\"author\" content=\"admin\" \/>\n<meta name=\"twitter:card\" content=\"summary_large_image\" \/>\n<meta name=\"twitter:label1\" content=\"Written by\" \/>\n\t<meta name=\"twitter:data1\" content=\"admin\" \/>\n\t<meta name=\"twitter:label2\" content=\"Est. reading time\" \/>\n\t<meta name=\"twitter:data2\" content=\"1 minute\" \/>\n<script type=\"application\/ld+json\" class=\"yoast-schema-graph\">{\"@context\":\"https:\\\/\\\/schema.org\",\"@graph\":[{\"@type\":\"Article\",\"@id\":\"https:\\\/\\\/akunq.net\\\/tr\\\/?p=61296#article\",\"isPartOf\":{\"@id\":\"https:\\\/\\\/akunq.net\\\/tr\\\/?p=61296\"},\"author\":{\"name\":\"admin\",\"@id\":\"https:\\\/\\\/akunq.net\\\/tr\\\/#\\\/schema\\\/person\\\/096f1d38a12cce57fb855b485ed24c9e\"},\"headline\":\"Papa\u2019n\u0131n talimat\u0131yla 27 \u015eubat \u00fcnl\u00fc Ermeni din adam\u0131 Grigor Narekatsi\u2019yi anma g\u00fcn\u00fc ilan edilecek\",\"datePublished\":\"2021-02-03T08:13:02+00:00\",\"mainEntityOfPage\":{\"@id\":\"https:\\\/\\\/akunq.net\\\/tr\\\/?p=61296\"},\"wordCount\":145,\"commentCount\":0,\"image\":{\"@id\":\"https:\\\/\\\/akunq.net\\\/tr\\\/?p=61296#primaryimage\"},\"thumbnailUrl\":\"https:\\\/\\\/akunq.net\\\/tr\\\/wp-content\\\/uploads\\\/sites\\\/6\\\/2021\\\/02\\\/Katolik-Kilisesi\u2019nin-lideri-Papa-I.-Franciscus.jpg\",\"articleSection\":[\"Haberler\"],\"inLanguage\":\"en-US\",\"potentialAction\":[{\"@type\":\"CommentAction\",\"name\":\"Comment\",\"target\":[\"https:\\\/\\\/akunq.net\\\/tr\\\/?p=61296#respond\"]}]},{\"@type\":\"WebPage\",\"@id\":\"https:\\\/\\\/akunq.net\\\/tr\\\/?p=61296\",\"url\":\"https:\\\/\\\/akunq.net\\\/tr\\\/?p=61296\",\"name\":\"Papa\u2019n\u0131n talimat\u0131yla 27 \u015eubat \u00fcnl\u00fc Ermeni din adam\u0131 Grigor Narekatsi\u2019yi anma g\u00fcn\u00fc ilan edilecek - Bati Ermenistan Ve Bati Ermenileri Sorunlari Ara\u015ftirmalar Merkezi\",\"isPartOf\":{\"@id\":\"https:\\\/\\\/akunq.net\\\/tr\\\/#website\"},\"primaryImageOfPage\":{\"@id\":\"https:\\\/\\\/akunq.net\\\/tr\\\/?p=61296#primaryimage\"},\"image\":{\"@id\":\"https:\\\/\\\/akunq.net\\\/tr\\\/?p=61296#primaryimage\"},\"thumbnailUrl\":\"https:\\\/\\\/akunq.net\\\/tr\\\/wp-content\\\/uploads\\\/sites\\\/6\\\/2021\\\/02\\\/Katolik-Kilisesi\u2019nin-lideri-Papa-I.-Franciscus.jpg\",\"datePublished\":\"2021-02-03T08:13:02+00:00\",\"author\":{\"@id\":\"https:\\\/\\\/akunq.net\\\/tr\\\/#\\\/schema\\\/person\\\/096f1d38a12cce57fb855b485ed24c9e\"},\"breadcrumb\":{\"@id\":\"https:\\\/\\\/akunq.net\\\/tr\\\/?p=61296#breadcrumb\"},\"inLanguage\":\"en-US\",\"potentialAction\":[{\"@type\":\"ReadAction\",\"target\":[\"https:\\\/\\\/akunq.net\\\/tr\\\/?p=61296\"]}]},{\"@type\":\"ImageObject\",\"inLanguage\":\"en-US\",\"@id\":\"https:\\\/\\\/akunq.net\\\/tr\\\/?p=61296#primaryimage\",\"url\":\"https:\\\/\\\/akunq.net\\\/tr\\\/wp-content\\\/uploads\\\/sites\\\/6\\\/2021\\\/02\\\/Katolik-Kilisesi\u2019nin-lideri-Papa-I.-Franciscus.jpg\",\"contentUrl\":\"https:\\\/\\\/akunq.net\\\/tr\\\/wp-content\\\/uploads\\\/sites\\\/6\\\/2021\\\/02\\\/Katolik-Kilisesi\u2019nin-lideri-Papa-I.-Franciscus.jpg\",\"width\":790,\"height\":443},{\"@type\":\"BreadcrumbList\",\"@id\":\"https:\\\/\\\/akunq.net\\\/tr\\\/?p=61296#breadcrumb\",\"itemListElement\":[{\"@type\":\"ListItem\",\"position\":1,\"name\":\"Home\",\"item\":\"https:\\\/\\\/akunq.net\\\/tr\"},{\"@type\":\"ListItem\",\"position\":2,\"name\":\"Papa\u2019n\u0131n talimat\u0131yla 27 \u015eubat \u00fcnl\u00fc Ermeni din adam\u0131 Grigor Narekatsi\u2019yi anma g\u00fcn\u00fc ilan edilecek\"}]},{\"@type\":\"WebSite\",\"@id\":\"https:\\\/\\\/akunq.net\\\/tr\\\/#website\",\"url\":\"https:\\\/\\\/akunq.net\\\/tr\\\/\",\"name\":\"Bati Ermenistan Ve Bati Ermenileri Sorunlari Ara\u015ftirmalar Merkezi\",\"description\":\"\",\"potentialAction\":[{\"@type\":\"SearchAction\",\"target\":{\"@type\":\"EntryPoint\",\"urlTemplate\":\"https:\\\/\\\/akunq.net\\\/tr\\\/?s={search_term_string}\"},\"query-input\":{\"@type\":\"PropertyValueSpecification\",\"valueRequired\":true,\"valueName\":\"search_term_string\"}}],\"inLanguage\":\"en-US\"},{\"@type\":\"Person\",\"@id\":\"https:\\\/\\\/akunq.net\\\/tr\\\/#\\\/schema\\\/person\\\/096f1d38a12cce57fb855b485ed24c9e\",\"name\":\"admin\",\"url\":\"https:\\\/\\\/akunq.net\\\/tr\\\/?author=7\"}]}<\/script>\n<!-- \/ Yoast SEO plugin. -->","yoast_head_json":{"title":"Papa\u2019n\u0131n talimat\u0131yla 27 \u015eubat \u00fcnl\u00fc Ermeni din adam\u0131 Grigor Narekatsi\u2019yi anma g\u00fcn\u00fc ilan edilecek - Bati Ermenistan Ve Bati Ermenileri Sorunlari Ara\u015ftirmalar Merkezi","robots":{"index":"index","follow":"follow","max-snippet":"max-snippet:-1","max-image-preview":"max-image-preview:large","max-video-preview":"max-video-preview:-1"},"canonical":"https:\/\/akunq.net\/tr\/?p=61296","og_locale":"en_US","og_type":"article","og_title":"Papa\u2019n\u0131n talimat\u0131yla 27 \u015eubat \u00fcnl\u00fc Ermeni din adam\u0131 Grigor Narekatsi\u2019yi anma g\u00fcn\u00fc ilan edilecek - Bati Ermenistan Ve Bati Ermenileri Sorunlari Ara\u015ftirmalar Merkezi","og_description":"Roma Katolik Kilisesi\u2019nin lideri Papa I. Franciscus\u2019un talimat\u0131yla 27 \u015eubat g\u00fcn\u00fc Ermeni me\u015fhur \u015fair, din adam\u0131, teolog, orta\u00e7a\u011f Ermeni edebiyat\u0131n\u0131n \u00f6nde gelen isimlerinden Grigor Narekatsi\u2019yi anma g\u00fcn\u00fc olarak ilan edilecek. D\u00fcnyadaki b\u00fct\u00fcn Katolik kiliselerin takviminde ve ayin kitaplar\u0131n\u0131n metinlerinde bununla ilgili gereken de\u011fi\u015fiklikler yap\u0131lacak. Grigor Narekatsi d\u00fcnya \u00e7ap\u0131nda b\u00fcy\u00fck bir\u00a0 il\u00e2hiyat\u00e7\u0131 ve Ermeni Apostolik Kilisesi [&hellip;]","og_url":"https:\/\/akunq.net\/tr\/?p=61296","og_site_name":"Bati Ermenistan Ve Bati Ermenileri Sorunlari Ara\u015ftirmalar Merkezi","article_published_time":"2021-02-03T08:13:02+00:00","og_image":[{"width":790,"height":443,"url":"https:\/\/akunq.net\/tr\/wp-content\/uploads\/sites\/6\/2021\/02\/Katolik-Kilisesi\u2019nin-lideri-Papa-I.-Franciscus.jpg","type":"image\/jpeg"}],"author":"admin","twitter_card":"summary_large_image","twitter_misc":{"Written by":"admin","Est. reading time":"1 minute"},"schema":{"@context":"https:\/\/schema.org","@graph":[{"@type":"Article","@id":"https:\/\/akunq.net\/tr\/?p=61296#article","isPartOf":{"@id":"https:\/\/akunq.net\/tr\/?p=61296"},"author":{"name":"admin","@id":"https:\/\/akunq.net\/tr\/#\/schema\/person\/096f1d38a12cce57fb855b485ed24c9e"},"headline":"Papa\u2019n\u0131n talimat\u0131yla 27 \u015eubat \u00fcnl\u00fc Ermeni din adam\u0131 Grigor Narekatsi\u2019yi anma g\u00fcn\u00fc ilan edilecek","datePublished":"2021-02-03T08:13:02+00:00","mainEntityOfPage":{"@id":"https:\/\/akunq.net\/tr\/?p=61296"},"wordCount":145,"commentCount":0,"image":{"@id":"https:\/\/akunq.net\/tr\/?p=61296#primaryimage"},"thumbnailUrl":"https:\/\/akunq.net\/tr\/wp-content\/uploads\/sites\/6\/2021\/02\/Katolik-Kilisesi\u2019nin-lideri-Papa-I.-Franciscus.jpg","articleSection":["Haberler"],"inLanguage":"en-US","potentialAction":[{"@type":"CommentAction","name":"Comment","target":["https:\/\/akunq.net\/tr\/?p=61296#respond"]}]},{"@type":"WebPage","@id":"https:\/\/akunq.net\/tr\/?p=61296","url":"https:\/\/akunq.net\/tr\/?p=61296","name":"Papa\u2019n\u0131n talimat\u0131yla 27 \u015eubat \u00fcnl\u00fc Ermeni din adam\u0131 Grigor Narekatsi\u2019yi anma g\u00fcn\u00fc ilan edilecek - Bati Ermenistan Ve Bati Ermenileri Sorunlari Ara\u015ftirmalar Merkezi","isPartOf":{"@id":"https:\/\/akunq.net\/tr\/#website"},"primaryImageOfPage":{"@id":"https:\/\/akunq.net\/tr\/?p=61296#primaryimage"},"image":{"@id":"https:\/\/akunq.net\/tr\/?p=61296#primaryimage"},"thumbnailUrl":"https:\/\/akunq.net\/tr\/wp-content\/uploads\/sites\/6\/2021\/02\/Katolik-Kilisesi\u2019nin-lideri-Papa-I.-Franciscus.jpg","datePublished":"2021-02-03T08:13:02+00:00","author":{"@id":"https:\/\/akunq.net\/tr\/#\/schema\/person\/096f1d38a12cce57fb855b485ed24c9e"},"breadcrumb":{"@id":"https:\/\/akunq.net\/tr\/?p=61296#breadcrumb"},"inLanguage":"en-US","potentialAction":[{"@type":"ReadAction","target":["https:\/\/akunq.net\/tr\/?p=61296"]}]},{"@type":"ImageObject","inLanguage":"en-US","@id":"https:\/\/akunq.net\/tr\/?p=61296#primaryimage","url":"https:\/\/akunq.net\/tr\/wp-content\/uploads\/sites\/6\/2021\/02\/Katolik-Kilisesi\u2019nin-lideri-Papa-I.-Franciscus.jpg","contentUrl":"https:\/\/akunq.net\/tr\/wp-content\/uploads\/sites\/6\/2021\/02\/Katolik-Kilisesi\u2019nin-lideri-Papa-I.-Franciscus.jpg","width":790,"height":443},{"@type":"BreadcrumbList","@id":"https:\/\/akunq.net\/tr\/?p=61296#breadcrumb","itemListElement":[{"@type":"ListItem","position":1,"name":"Home","item":"https:\/\/akunq.net\/tr"},{"@type":"ListItem","position":2,"name":"Papa\u2019n\u0131n talimat\u0131yla 27 \u015eubat \u00fcnl\u00fc Ermeni din adam\u0131 Grigor Narekatsi\u2019yi anma g\u00fcn\u00fc ilan edilecek"}]},{"@type":"WebSite","@id":"https:\/\/akunq.net\/tr\/#website","url":"https:\/\/akunq.net\/tr\/","name":"Bati Ermenistan Ve Bati Ermenileri Sorunlari Ara\u015ftirmalar Merkezi","description":"","potentialAction":[{"@type":"SearchAction","target":{"@type":"EntryPoint","urlTemplate":"https:\/\/akunq.net\/tr\/?s={search_term_string}"},"query-input":{"@type":"PropertyValueSpecification","valueRequired":true,"valueName":"search_term_string"}}],"inLanguage":"en-US"},{"@type":"Person","@id":"https:\/\/akunq.net\/tr\/#\/schema\/person\/096f1d38a12cce57fb855b485ed24c9e","name":"admin","url":"https:\/\/akunq.net\/tr\/?author=7"}]}},"_links":{"self":[{"href":"https:\/\/akunq.net\/tr\/index.php?rest_route=\/wp\/v2\/posts\/61296","targetHints":{"allow":["GET"]}}],"collection":[{"href":"https:\/\/akunq.net\/tr\/index.php?rest_route=\/wp\/v2\/posts"}],"about":[{"href":"https:\/\/akunq.net\/tr\/index.php?rest_route=\/wp\/v2\/types\/post"}],"author":[{"embeddable":true,"href":"https:\/\/akunq.net\/tr\/index.php?rest_route=\/wp\/v2\/users\/7"}],"replies":[{"embeddable":true,"href":"https:\/\/akunq.net\/tr\/index.php?rest_route=%2Fwp%2Fv2%2Fcomments&post=61296"}],"version-history":[{"count":1,"href":"https:\/\/akunq.net\/tr\/index.php?rest_route=\/wp\/v2\/posts\/61296\/revisions"}],"predecessor-version":[{"id":61298,"href":"https:\/\/akunq.net\/tr\/index.php?rest_route=\/wp\/v2\/posts\/61296\/revisions\/61298"}],"wp:featuredmedia":[{"embeddable":true,"href":"https:\/\/akunq.net\/tr\/index.php?rest_route=\/wp\/v2\/media\/61297"}],"wp:attachment":[{"href":"https:\/\/akunq.net\/tr\/index.php?rest_route=%2Fwp%2Fv2%2Fmedia&parent=61296"}],"wp:term":[{"taxonomy":"category","embeddable":true,"href":"https:\/\/akunq.net\/tr\/index.php?rest_route=%2Fwp%2Fv2%2Fcategories&post=61296"},{"taxonomy":"post_tag","embeddable":true,"href":"https:\/\/akunq.net\/tr\/index.php?rest_route=%2Fwp%2Fv2%2Ftags&post=61296"}],"curies":[{"name":"wp","href":"https:\/\/api.w.org\/{rel}","templated":true}]}}