{"id":61293,"date":"2021-02-03T03:07:12","date_gmt":"2021-02-03T08:07:12","guid":{"rendered":"https:\/\/akunq.net\/tr\/?p=61293"},"modified":"2021-02-03T03:07:12","modified_gmt":"2021-02-03T08:07:12","slug":"dink-davasi-son-savunmalar-alindi-dava-ertelendi","status":"publish","type":"post","link":"https:\/\/akunq.net\/tr\/?p=61293","title":{"rendered":"Dink Davas\u0131: Son savunmalar al\u0131nd\u0131, dava ertelendi"},"content":{"rendered":"<p><img loading=\"lazy\" decoding=\"async\" class=\"aligncenter size-medium wp-image-61294\" src=\"https:\/\/akunq.net\/tr\/wp-content\/uploads\/2021\/02\/Dink-360x240.jpg\" alt=\"\" width=\"360\" height=\"240\" srcset=\"https:\/\/akunq.net\/tr\/wp-content\/uploads\/sites\/6\/2021\/02\/Dink-360x240.jpg 360w, https:\/\/akunq.net\/tr\/wp-content\/uploads\/sites\/6\/2021\/02\/Dink-560x373.jpg 560w, https:\/\/akunq.net\/tr\/wp-content\/uploads\/sites\/6\/2021\/02\/Dink-260x173.jpg 260w, https:\/\/akunq.net\/tr\/wp-content\/uploads\/sites\/6\/2021\/02\/Dink-160x107.jpg 160w, https:\/\/akunq.net\/tr\/wp-content\/uploads\/sites\/6\/2021\/02\/Dink.jpg 690w\" sizes=\"auto, (max-width: 360px) 100vw, 360px\" \/><\/p>\n<p><em><strong>Kamu g\u00f6revlilerini yarg\u0131land\u0131\u011f\u0131 Hrant Dink Cinayeti Davas\u0131\u2019nda san\u0131klar son savunmalar\u0131n\u0131 yapt\u0131. Bug\u00fcnk\u00fc duru\u015fmada tutuklu san\u0131klardan Muharrem Demirkale ve Ramazan Aky\u00fcrek savunma yapt\u0131.<\/strong><\/em><\/p>\n<p>Agos Gazetesi Genel Yay\u0131n Y\u00f6netmeni Hrant Dink\u2019in \u00f6ld\u00fcr\u00fclmesine ili\u015fkin g\u00f6r\u00fclen davan\u0131n duru\u015fmas\u0131 \u00c7a\u011flayan\u2019da bulunan \u0130stanbul 14\u2019nc\u00fc A\u011f\u0131r Ceza Mahkemesi\u2019nde g\u00f6r\u00fcld\u00fc. Kamu g\u00f6revlilerini yarg\u0131land\u0131\u011f\u0131 davada san\u0131klar son savunmalar\u0131n\u0131 yapmaya devam ediyor. Bug\u00fcnk\u00fc celsede tutuklu san\u0131klardan Muharrem Demirkale ve Ramazan Aky\u00fcrek savunma yapt\u0131. Kimlik tespitiyle ba\u015flanan duru\u015fmada ilk olarak tutuklu san\u0131klardan Muharrem Demirkale SEGB\u0130S \u00fczerinden savunma yapt\u0131. Demirkale mahkemeye savunma \u00f6ncesinde SEGB\u0130S \u00fczerinden bir sunum iletti.<\/p>\n<p><strong>Kumpas kuruldu\u011funu iddia etti<\/strong><\/p>\n<p>Demirkale, Hrant Dink\u2019in vurulmas\u0131ndan yar\u0131m saat \u00f6nce evinde oldu\u011funu ve g\u00f6r\u00fcnt\u00fc tutanaklar\u0131n\u0131 haz\u0131rlayan polislerin, te\u015fhisin imkans\u0131z oldu\u011funu bile bile kendilerine kumpas kurduklar\u0131n\u0131 belirtti. Demirkale bu konuda savc\u0131 ile g\u00f6r\u00fc\u015fmek istedi\u011fini, bilirki\u015fi incelemesi talep etti\u011fini ancak t\u00fcm bunlar\u0131n reddedildi\u011fini s\u00f6yledi. Muharrem Demirkale s\u00f6z konusu g\u00f6r\u00fcnt\u00fclerle ayn\u0131 zamanlarda ba\u015fka yerde oldu\u011funa dair dosya i\u00e7erisinde belgeler oldu\u011funu, kendisiyle husumeti olan ki\u015filerin kumpas kurdu\u011funu ifade etti.<\/p>\n<p><strong>\u2018Zekeriya \u00d6z aram\u0131\u015f\u2019<\/strong><\/p>\n<p>Demirkale devamla, \u201cBir tak\u0131m ki\u015filerle yapt\u0131\u011f\u0131m konu\u015fmalar su\u00e7lanmam i\u00e7in yeterli de\u011fil. Benim Ali Fuat Y\u0131lmazer\u2019le konu\u015fmam\u0131n neresi su\u00e7? Neyle su\u00e7lad\u0131\u011f\u0131m\u0131 tam olarak h\u00e2l\u00e2 bilmiyorum ki do\u011fru d\u00fczg\u00fcn savunma yapabileyim. 80-90 ki\u015finin kar\u0131\u015ft\u0131\u011f\u0131 ve bildi\u011fi illegal cinayet i\u015flenebilir mi say\u0131n ba\u015fkan\u0131m? Aleyhime delil toplanmas\u0131 kadar soru\u015fturma a\u015famas\u0131nda lehime de delil toplanmas\u0131 da gereklidir. Hani nerede? HTS kay\u0131tlar\u0131 olay yerinde olmad\u0131\u011f\u0131m\u0131 g\u00f6sterince bu sefer personeli koordine etti\u011fim iddia ediliyor. Benim personelimden hi\u00e7 kimse olay yerinde bulunmam\u0131\u015ft\u0131r. \u0130ddianameyi anla\u015f\u0131lmas\u0131n diye kar\u0131\u015f\u0131k yazm\u0131\u015flar. Savc\u0131 Zekeriya \u00d6z\u2019\u00fcn beni telefonla aram\u0131\u015f olmas\u0131 Bitlis\u2019te ayn\u0131 d\u00f6nemde g\u00f6rev yapm\u0131\u015f olmam\u0131zdan kaynaklanmaktad\u0131r. Ayr\u0131ca jandarma istihbarat\u00e7\u0131n\u0131n savc\u0131larla g\u00f6r\u00fc\u015fmesi ola\u011fand\u0131r. \u00d6zellikle Ergenekon Balyoz soru\u015fturmalar\u0131ndan sonra Zekeriya \u00d6z\u2019den uzak durmaya \u00e7al\u0131\u015ft\u0131m. Zekeriya \u00d6z\u2019e makam ve z\u0131rhl\u0131 ara\u00e7 tahsis eden ben de\u011filim\u201d ifadelerini kulland\u0131.<\/p>\n<p>Demirkale\u2019nin ard\u0131ndan eski Trabzon Emniyet M\u00fcd\u00fcr\u00fc ve eski \u0130stihbarat Daire Ba\u015fkan\u0131 tutuklu san\u0131k Ramazan Aky\u00fcrek son savunmas\u0131n\u0131 yapt\u0131.<\/p>\n<p><strong>Cinayetten 3 ay \u00f6nce yaz\u0131 yazd\u0131k\u2019<\/strong><\/p>\n<p>Hrant Dink\u2019in 2003 y\u0131l\u0131ndan ba\u015flayarak hedef haline getirildi\u011fini s\u00f6yleyen Aky\u00fcrek, \u201cOna verilen ceza ona d\u00fc\u015fmanl\u0131\u011f\u0131 art\u0131rd\u0131. Trabzon Emniyeti \u0130stihbarat\u0131 hemen bildirdi. Trabzon Jandarmas\u0131 bildirmedi ve \u00f6l\u00fcm\u00fcnden bir g\u00fcn sonra evrak d\u00fczenledi. Yasin Hayal ile ilgili olumsuz geli\u015fmelerden benim haberim olmad\u0131. \u0130stanbul Emniyeti Hrant Dink\u2019e y\u00f6nelik geli\u015fmeleri biliyordu. Trabzon\u2019dan 11 ay \u00f6nce gelen resm\u00ee yaz\u0131ya cevap vermediler. Onu korumad\u0131lar. Cinayetten 3 ay \u00f6nce illere yaz\u0131 yollad\u0131k Ermenilere y\u00f6nelik sald\u0131r\u0131lara kar\u015f\u0131 hassas davran\u0131lmas\u0131 i\u00e7in. Cinayet d\u00f6neminde Trabzon ve \u0130stanbul emniyetinde g\u00f6revli de\u011fildim. Ben g\u00f6revimi yapt\u0131m. \u0130hmalim yoktur. \u0130stanbul Emniyet M\u00fcd\u00fcr\u00fc veya \u0130stihbarat M\u00fcd\u00fcr\u00fc de\u011fildim. Buna ra\u011fmen onlar tutuksuz yarg\u0131land\u0131 ben tutukluyum\u201d diye konu\u015ftu.<\/p>\n<p><strong>Sorumluluk \u0130stanbul Valisi\u2019ndeydi<\/strong><\/p>\n<p>Engin Din\u00e7\u2019in Ahmet \u0130lhan G\u00fcler\u2019\u2019i aray\u0131p bilgi verdi\u011fini ifade eden Aky\u00fcrek, \u201cSonra resm\u00ee yaz\u0131 da g\u00f6nderildi. Yasin Hayal\u2019in takibi ve hakk\u0131nda bilgi ak\u0131\u015f\u0131 bu a\u015famada s\u00fcr\u00fcyordu. Fakat Hrant Dink\u2019in ya\u015fad\u0131\u011f\u0131 yer \u0130stanbul\u2019du. Orada bu bilgi payla\u015f\u0131lmam\u0131\u015f. O a\u015famada Trabzon\u2019da benim emrimle bir operasyon yap\u0131lamazd\u0131. \u0130stihbarat \u015eubesi \u00e7al\u0131\u015f\u0131yordu. Cinayetten 11 ay \u00f6nce geldi bu bilgi. 17 \u015eubat 2006\u2019da \u0130stihbarat Daire Ba\u015fkanl\u0131\u011f\u0131 ve \u0130stanbul\u2019a haber verildi. Hrant Dink ile ilgili eylem haberinin yollanmas\u0131ndan 3 ay sonra ben Daire Ba\u015fkan\u0131 oldum. Bana operasyon talebi gelmemi\u015ftir. Hrant Dink konusu hi\u00e7 g\u00fcndeme gelmedi. Koruma karar\u0131 da ancak illerde al\u0131nabilir. \u0130stanbul Valisi sorumlulu\u011fundad\u0131r\u201d diye belirtti.<\/p>\n<p><strong>\u2018\u00dczerime d\u00fc\u015feni yapt\u0131m\u2019<\/strong><\/p>\n<p>Cinayetten sonra \u0130stanbul\u2019a gitmeden \u00f6nce \u0130stanbul \u0130stihbarat M\u00fcd\u00fcr Vekili ile g\u00f6r\u00fc\u015ft\u00fc\u011f\u00fcn\u00fc dile getiren Aky\u00fcrek, \u201cTrabzon \u0130stihbarat \u015eube, Erhan Tuncel ve Yasin Hayal\u2019in bilgisi yok diyor. Bana da iletilen budur. Benim saklad\u0131\u011f\u0131m bilgi yoktur. Trabzon Emniyet M\u00fcd\u00fcr\u00fc Re\u015fat Altay\u2019\u0131n da konuya vak\u0131f olmad\u0131\u011f\u0131n\u0131 s\u00f6ylemesi do\u011fru de\u011fildir. Erhan Tuncel ile ilgili evraklarda imzas\u0131 var. Ahmet \u0130lhan G\u00fcler\u2019in yerine Ali Fuat Y\u0131lmazer\u2019in atanmas\u0131 benimle ilgili de\u011fil. O d\u00f6nemde Cumhuriyet gazetesi ve Dan\u0131\u015ftay sald\u0131r\u0131lar\u0131 oldu ve \u00fcst makamlar \u0130stanbul\u2019daki zaafa dikkat \u00e7ekti. Ahmet \u0130lhan G\u00fcler\u2019e daha rahat birka\u00e7 ili \u00f6nerdim. O bana \u0130stanbul\u2019dan ayr\u0131lmak istemedi\u011fini s\u00f6yledi. Cinayetten sonra g\u00f6revden al\u0131nd\u0131 ve Y\u0131lmazer oraya atand\u0131. Bana y\u00f6nelik iddialar tamamen iftirad\u0131r. Hrant Dink\u2019in \u00f6lmesi d\u00fc\u015f\u00fcncem hi\u00e7 olmad\u0131. Ben bulundu\u011fum konum itibar\u0131yla yap\u0131lmas\u0131 gerekeni yapt\u0131m. Ke\u015fke daha fazlas\u0131n\u0131 yapsayd\u0131m da Hrant Dink ya\u015f\u0131yor olsayd\u0131\u201d dedi.<\/p>\n<p><strong>Duru\u015fma 3 \u015eubat\u2019ta<\/strong><\/p>\n<p>Aky\u00fcrek\u2019in savunmas\u0131n\u0131n ard\u0131ndan bug\u00fcnk\u00fc duru\u015fma sona erdi. Bir sonraki duru\u015fma 3 \u015eubat\u2019ta ertelenirken bu duru\u015fmada Ramazan Aky\u00fcrek\u2019in avukat\u0131 ve tutuklu san\u0131klardan Ali Fuat Y\u0131lmazer savunma yapacak.<\/p>\n<p><em><strong>https:\/\/yeniyasamgazetesi.com\/dink-davasi-son-savunmalar-alindi-dava-ertelendi\/\u00a0<\/strong><\/em><\/p>\n<p>&nbsp;<\/p>\n","protected":false},"excerpt":{"rendered":"<p>Kamu g\u00f6revlilerini yarg\u0131land\u0131\u011f\u0131 Hrant Dink Cinayeti Davas\u0131\u2019nda san\u0131klar son savunmalar\u0131n\u0131 yapt\u0131. Bug\u00fcnk\u00fc duru\u015fmada tutuklu san\u0131klardan Muharrem Demirkale ve Ramazan Aky\u00fcrek savunma yapt\u0131. Agos Gazetesi Genel Yay\u0131n Y\u00f6netmeni Hrant Dink\u2019in \u00f6ld\u00fcr\u00fclmesine ili\u015fkin g\u00f6r\u00fclen davan\u0131n duru\u015fmas\u0131 \u00c7a\u011flayan\u2019da bulunan \u0130stanbul 14\u2019nc\u00fc A\u011f\u0131r Ceza Mahkemesi\u2019nde g\u00f6r\u00fcld\u00fc. Kamu g\u00f6revlilerini yarg\u0131land\u0131\u011f\u0131 davada san\u0131klar son savunmalar\u0131n\u0131 yapmaya devam ediyor. Bug\u00fcnk\u00fc celsede tutuklu [&hellip;]<\/p>\n","protected":false},"author":7,"featured_media":61294,"comment_status":"open","ping_status":"open","sticky":false,"template":"","format":"standard","meta":{"footnotes":""},"categories":[1],"tags":[],"class_list":["post-61293","post","type-post","status-publish","format-standard","has-post-thumbnail","hentry","category-haberler"],"yoast_head":"<!-- This site is optimized with the Yoast SEO plugin v27.4 - https:\/\/yoast.com\/product\/yoast-seo-wordpress\/ -->\n<title>Dink Davas\u0131: Son savunmalar al\u0131nd\u0131, dava ertelendi - Bati Ermenistan Ve Bati Ermenileri Sorunlari Ara\u015ftirmalar Merkezi<\/title>\n<meta name=\"robots\" content=\"index, follow, max-snippet:-1, max-image-preview:large, max-video-preview:-1\" \/>\n<link rel=\"canonical\" href=\"https:\/\/akunq.net\/tr\/?p=61293\" \/>\n<meta property=\"og:locale\" content=\"en_US\" \/>\n<meta property=\"og:type\" content=\"article\" \/>\n<meta property=\"og:title\" content=\"Dink Davas\u0131: Son savunmalar al\u0131nd\u0131, dava ertelendi - Bati Ermenistan Ve Bati Ermenileri Sorunlari Ara\u015ftirmalar Merkezi\" \/>\n<meta property=\"og:description\" content=\"Kamu g\u00f6revlilerini yarg\u0131land\u0131\u011f\u0131 Hrant Dink Cinayeti Davas\u0131\u2019nda san\u0131klar son savunmalar\u0131n\u0131 yapt\u0131. Bug\u00fcnk\u00fc duru\u015fmada tutuklu san\u0131klardan Muharrem Demirkale ve Ramazan Aky\u00fcrek savunma yapt\u0131. Agos Gazetesi Genel Yay\u0131n Y\u00f6netmeni Hrant Dink\u2019in \u00f6ld\u00fcr\u00fclmesine ili\u015fkin g\u00f6r\u00fclen davan\u0131n duru\u015fmas\u0131 \u00c7a\u011flayan\u2019da bulunan \u0130stanbul 14\u2019nc\u00fc A\u011f\u0131r Ceza Mahkemesi\u2019nde g\u00f6r\u00fcld\u00fc. Kamu g\u00f6revlilerini yarg\u0131land\u0131\u011f\u0131 davada san\u0131klar son savunmalar\u0131n\u0131 yapmaya devam ediyor. Bug\u00fcnk\u00fc celsede tutuklu [&hellip;]\" \/>\n<meta property=\"og:url\" content=\"https:\/\/akunq.net\/tr\/?p=61293\" \/>\n<meta property=\"og:site_name\" content=\"Bati Ermenistan Ve Bati Ermenileri Sorunlari Ara\u015ftirmalar Merkezi\" \/>\n<meta property=\"article:published_time\" content=\"2021-02-03T08:07:12+00:00\" \/>\n<meta property=\"og:image\" content=\"https:\/\/akunq.net\/tr\/wp-content\/uploads\/sites\/6\/2021\/02\/Dink.jpg\" \/>\n\t<meta property=\"og:image:width\" content=\"690\" \/>\n\t<meta property=\"og:image:height\" content=\"460\" \/>\n\t<meta property=\"og:image:type\" content=\"image\/jpeg\" \/>\n<meta name=\"author\" content=\"admin\" \/>\n<meta name=\"twitter:card\" content=\"summary_large_image\" \/>\n<meta name=\"twitter:label1\" content=\"Written by\" \/>\n\t<meta name=\"twitter:data1\" content=\"admin\" \/>\n\t<meta name=\"twitter:label2\" content=\"Est. reading time\" \/>\n\t<meta name=\"twitter:data2\" content=\"5 minutes\" \/>\n<script type=\"application\/ld+json\" class=\"yoast-schema-graph\">{\"@context\":\"https:\\\/\\\/schema.org\",\"@graph\":[{\"@type\":\"Article\",\"@id\":\"https:\\\/\\\/akunq.net\\\/tr\\\/?p=61293#article\",\"isPartOf\":{\"@id\":\"https:\\\/\\\/akunq.net\\\/tr\\\/?p=61293\"},\"author\":{\"name\":\"admin\",\"@id\":\"https:\\\/\\\/akunq.net\\\/tr\\\/#\\\/schema\\\/person\\\/096f1d38a12cce57fb855b485ed24c9e\"},\"headline\":\"Dink Davas\u0131: Son savunmalar al\u0131nd\u0131, dava ertelendi\",\"datePublished\":\"2021-02-03T08:07:12+00:00\",\"mainEntityOfPage\":{\"@id\":\"https:\\\/\\\/akunq.net\\\/tr\\\/?p=61293\"},\"wordCount\":940,\"commentCount\":0,\"image\":{\"@id\":\"https:\\\/\\\/akunq.net\\\/tr\\\/?p=61293#primaryimage\"},\"thumbnailUrl\":\"https:\\\/\\\/akunq.net\\\/tr\\\/wp-content\\\/uploads\\\/sites\\\/6\\\/2021\\\/02\\\/Dink.jpg\",\"articleSection\":[\"Haberler\"],\"inLanguage\":\"en-US\",\"potentialAction\":[{\"@type\":\"CommentAction\",\"name\":\"Comment\",\"target\":[\"https:\\\/\\\/akunq.net\\\/tr\\\/?p=61293#respond\"]}]},{\"@type\":\"WebPage\",\"@id\":\"https:\\\/\\\/akunq.net\\\/tr\\\/?p=61293\",\"url\":\"https:\\\/\\\/akunq.net\\\/tr\\\/?p=61293\",\"name\":\"Dink Davas\u0131: Son savunmalar al\u0131nd\u0131, dava ertelendi - Bati Ermenistan Ve Bati Ermenileri Sorunlari Ara\u015ftirmalar Merkezi\",\"isPartOf\":{\"@id\":\"https:\\\/\\\/akunq.net\\\/tr\\\/#website\"},\"primaryImageOfPage\":{\"@id\":\"https:\\\/\\\/akunq.net\\\/tr\\\/?p=61293#primaryimage\"},\"image\":{\"@id\":\"https:\\\/\\\/akunq.net\\\/tr\\\/?p=61293#primaryimage\"},\"thumbnailUrl\":\"https:\\\/\\\/akunq.net\\\/tr\\\/wp-content\\\/uploads\\\/sites\\\/6\\\/2021\\\/02\\\/Dink.jpg\",\"datePublished\":\"2021-02-03T08:07:12+00:00\",\"author\":{\"@id\":\"https:\\\/\\\/akunq.net\\\/tr\\\/#\\\/schema\\\/person\\\/096f1d38a12cce57fb855b485ed24c9e\"},\"breadcrumb\":{\"@id\":\"https:\\\/\\\/akunq.net\\\/tr\\\/?p=61293#breadcrumb\"},\"inLanguage\":\"en-US\",\"potentialAction\":[{\"@type\":\"ReadAction\",\"target\":[\"https:\\\/\\\/akunq.net\\\/tr\\\/?p=61293\"]}]},{\"@type\":\"ImageObject\",\"inLanguage\":\"en-US\",\"@id\":\"https:\\\/\\\/akunq.net\\\/tr\\\/?p=61293#primaryimage\",\"url\":\"https:\\\/\\\/akunq.net\\\/tr\\\/wp-content\\\/uploads\\\/sites\\\/6\\\/2021\\\/02\\\/Dink.jpg\",\"contentUrl\":\"https:\\\/\\\/akunq.net\\\/tr\\\/wp-content\\\/uploads\\\/sites\\\/6\\\/2021\\\/02\\\/Dink.jpg\",\"width\":690,\"height\":460},{\"@type\":\"BreadcrumbList\",\"@id\":\"https:\\\/\\\/akunq.net\\\/tr\\\/?p=61293#breadcrumb\",\"itemListElement\":[{\"@type\":\"ListItem\",\"position\":1,\"name\":\"Home\",\"item\":\"https:\\\/\\\/akunq.net\\\/tr\"},{\"@type\":\"ListItem\",\"position\":2,\"name\":\"Dink Davas\u0131: Son savunmalar al\u0131nd\u0131, dava ertelendi\"}]},{\"@type\":\"WebSite\",\"@id\":\"https:\\\/\\\/akunq.net\\\/tr\\\/#website\",\"url\":\"https:\\\/\\\/akunq.net\\\/tr\\\/\",\"name\":\"Bati Ermenistan Ve Bati Ermenileri Sorunlari Ara\u015ftirmalar Merkezi\",\"description\":\"\",\"potentialAction\":[{\"@type\":\"SearchAction\",\"target\":{\"@type\":\"EntryPoint\",\"urlTemplate\":\"https:\\\/\\\/akunq.net\\\/tr\\\/?s={search_term_string}\"},\"query-input\":{\"@type\":\"PropertyValueSpecification\",\"valueRequired\":true,\"valueName\":\"search_term_string\"}}],\"inLanguage\":\"en-US\"},{\"@type\":\"Person\",\"@id\":\"https:\\\/\\\/akunq.net\\\/tr\\\/#\\\/schema\\\/person\\\/096f1d38a12cce57fb855b485ed24c9e\",\"name\":\"admin\",\"url\":\"https:\\\/\\\/akunq.net\\\/tr\\\/?author=7\"}]}<\/script>\n<!-- \/ Yoast SEO plugin. -->","yoast_head_json":{"title":"Dink Davas\u0131: Son savunmalar al\u0131nd\u0131, dava ertelendi - Bati Ermenistan Ve Bati Ermenileri Sorunlari Ara\u015ftirmalar Merkezi","robots":{"index":"index","follow":"follow","max-snippet":"max-snippet:-1","max-image-preview":"max-image-preview:large","max-video-preview":"max-video-preview:-1"},"canonical":"https:\/\/akunq.net\/tr\/?p=61293","og_locale":"en_US","og_type":"article","og_title":"Dink Davas\u0131: Son savunmalar al\u0131nd\u0131, dava ertelendi - Bati Ermenistan Ve Bati Ermenileri Sorunlari Ara\u015ftirmalar Merkezi","og_description":"Kamu g\u00f6revlilerini yarg\u0131land\u0131\u011f\u0131 Hrant Dink Cinayeti Davas\u0131\u2019nda san\u0131klar son savunmalar\u0131n\u0131 yapt\u0131. Bug\u00fcnk\u00fc duru\u015fmada tutuklu san\u0131klardan Muharrem Demirkale ve Ramazan Aky\u00fcrek savunma yapt\u0131. Agos Gazetesi Genel Yay\u0131n Y\u00f6netmeni Hrant Dink\u2019in \u00f6ld\u00fcr\u00fclmesine ili\u015fkin g\u00f6r\u00fclen davan\u0131n duru\u015fmas\u0131 \u00c7a\u011flayan\u2019da bulunan \u0130stanbul 14\u2019nc\u00fc A\u011f\u0131r Ceza Mahkemesi\u2019nde g\u00f6r\u00fcld\u00fc. Kamu g\u00f6revlilerini yarg\u0131land\u0131\u011f\u0131 davada san\u0131klar son savunmalar\u0131n\u0131 yapmaya devam ediyor. Bug\u00fcnk\u00fc celsede tutuklu [&hellip;]","og_url":"https:\/\/akunq.net\/tr\/?p=61293","og_site_name":"Bati Ermenistan Ve Bati Ermenileri Sorunlari Ara\u015ftirmalar Merkezi","article_published_time":"2021-02-03T08:07:12+00:00","og_image":[{"width":690,"height":460,"url":"https:\/\/akunq.net\/tr\/wp-content\/uploads\/sites\/6\/2021\/02\/Dink.jpg","type":"image\/jpeg"}],"author":"admin","twitter_card":"summary_large_image","twitter_misc":{"Written by":"admin","Est. reading time":"5 minutes"},"schema":{"@context":"https:\/\/schema.org","@graph":[{"@type":"Article","@id":"https:\/\/akunq.net\/tr\/?p=61293#article","isPartOf":{"@id":"https:\/\/akunq.net\/tr\/?p=61293"},"author":{"name":"admin","@id":"https:\/\/akunq.net\/tr\/#\/schema\/person\/096f1d38a12cce57fb855b485ed24c9e"},"headline":"Dink Davas\u0131: Son savunmalar al\u0131nd\u0131, dava ertelendi","datePublished":"2021-02-03T08:07:12+00:00","mainEntityOfPage":{"@id":"https:\/\/akunq.net\/tr\/?p=61293"},"wordCount":940,"commentCount":0,"image":{"@id":"https:\/\/akunq.net\/tr\/?p=61293#primaryimage"},"thumbnailUrl":"https:\/\/akunq.net\/tr\/wp-content\/uploads\/sites\/6\/2021\/02\/Dink.jpg","articleSection":["Haberler"],"inLanguage":"en-US","potentialAction":[{"@type":"CommentAction","name":"Comment","target":["https:\/\/akunq.net\/tr\/?p=61293#respond"]}]},{"@type":"WebPage","@id":"https:\/\/akunq.net\/tr\/?p=61293","url":"https:\/\/akunq.net\/tr\/?p=61293","name":"Dink Davas\u0131: Son savunmalar al\u0131nd\u0131, dava ertelendi - Bati Ermenistan Ve Bati Ermenileri Sorunlari Ara\u015ftirmalar Merkezi","isPartOf":{"@id":"https:\/\/akunq.net\/tr\/#website"},"primaryImageOfPage":{"@id":"https:\/\/akunq.net\/tr\/?p=61293#primaryimage"},"image":{"@id":"https:\/\/akunq.net\/tr\/?p=61293#primaryimage"},"thumbnailUrl":"https:\/\/akunq.net\/tr\/wp-content\/uploads\/sites\/6\/2021\/02\/Dink.jpg","datePublished":"2021-02-03T08:07:12+00:00","author":{"@id":"https:\/\/akunq.net\/tr\/#\/schema\/person\/096f1d38a12cce57fb855b485ed24c9e"},"breadcrumb":{"@id":"https:\/\/akunq.net\/tr\/?p=61293#breadcrumb"},"inLanguage":"en-US","potentialAction":[{"@type":"ReadAction","target":["https:\/\/akunq.net\/tr\/?p=61293"]}]},{"@type":"ImageObject","inLanguage":"en-US","@id":"https:\/\/akunq.net\/tr\/?p=61293#primaryimage","url":"https:\/\/akunq.net\/tr\/wp-content\/uploads\/sites\/6\/2021\/02\/Dink.jpg","contentUrl":"https:\/\/akunq.net\/tr\/wp-content\/uploads\/sites\/6\/2021\/02\/Dink.jpg","width":690,"height":460},{"@type":"BreadcrumbList","@id":"https:\/\/akunq.net\/tr\/?p=61293#breadcrumb","itemListElement":[{"@type":"ListItem","position":1,"name":"Home","item":"https:\/\/akunq.net\/tr"},{"@type":"ListItem","position":2,"name":"Dink Davas\u0131: Son savunmalar al\u0131nd\u0131, dava ertelendi"}]},{"@type":"WebSite","@id":"https:\/\/akunq.net\/tr\/#website","url":"https:\/\/akunq.net\/tr\/","name":"Bati Ermenistan Ve Bati Ermenileri Sorunlari Ara\u015ftirmalar Merkezi","description":"","potentialAction":[{"@type":"SearchAction","target":{"@type":"EntryPoint","urlTemplate":"https:\/\/akunq.net\/tr\/?s={search_term_string}"},"query-input":{"@type":"PropertyValueSpecification","valueRequired":true,"valueName":"search_term_string"}}],"inLanguage":"en-US"},{"@type":"Person","@id":"https:\/\/akunq.net\/tr\/#\/schema\/person\/096f1d38a12cce57fb855b485ed24c9e","name":"admin","url":"https:\/\/akunq.net\/tr\/?author=7"}]}},"_links":{"self":[{"href":"https:\/\/akunq.net\/tr\/index.php?rest_route=\/wp\/v2\/posts\/61293","targetHints":{"allow":["GET"]}}],"collection":[{"href":"https:\/\/akunq.net\/tr\/index.php?rest_route=\/wp\/v2\/posts"}],"about":[{"href":"https:\/\/akunq.net\/tr\/index.php?rest_route=\/wp\/v2\/types\/post"}],"author":[{"embeddable":true,"href":"https:\/\/akunq.net\/tr\/index.php?rest_route=\/wp\/v2\/users\/7"}],"replies":[{"embeddable":true,"href":"https:\/\/akunq.net\/tr\/index.php?rest_route=%2Fwp%2Fv2%2Fcomments&post=61293"}],"version-history":[{"count":1,"href":"https:\/\/akunq.net\/tr\/index.php?rest_route=\/wp\/v2\/posts\/61293\/revisions"}],"predecessor-version":[{"id":61295,"href":"https:\/\/akunq.net\/tr\/index.php?rest_route=\/wp\/v2\/posts\/61293\/revisions\/61295"}],"wp:featuredmedia":[{"embeddable":true,"href":"https:\/\/akunq.net\/tr\/index.php?rest_route=\/wp\/v2\/media\/61294"}],"wp:attachment":[{"href":"https:\/\/akunq.net\/tr\/index.php?rest_route=%2Fwp%2Fv2%2Fmedia&parent=61293"}],"wp:term":[{"taxonomy":"category","embeddable":true,"href":"https:\/\/akunq.net\/tr\/index.php?rest_route=%2Fwp%2Fv2%2Fcategories&post=61293"},{"taxonomy":"post_tag","embeddable":true,"href":"https:\/\/akunq.net\/tr\/index.php?rest_route=%2Fwp%2Fv2%2Ftags&post=61293"}],"curies":[{"name":"wp","href":"https:\/\/api.w.org\/{rel}","templated":true}]}}