{"id":61290,"date":"2021-02-03T02:58:48","date_gmt":"2021-02-03T07:58:48","guid":{"rendered":"https:\/\/akunq.net\/tr\/?p=61290"},"modified":"2021-02-03T02:58:48","modified_gmt":"2021-02-03T07:58:48","slug":"medvedev-karabagin-statusune-karar-vermek-icin-erken","status":"publish","type":"post","link":"https:\/\/akunq.net\/tr\/?p=61290","title":{"rendered":"Medvedev: Karaba\u011f&#8217;\u0131n stat\u00fcs\u00fcne karar vermek i\u00e7in erken"},"content":{"rendered":"<h4><img loading=\"lazy\" decoding=\"async\" class=\"aligncenter size-medium wp-image-61291\" src=\"https:\/\/akunq.net\/tr\/wp-content\/uploads\/2021\/02\/Medvedev-360x239.jpg\" alt=\"\" width=\"360\" height=\"239\" srcset=\"https:\/\/akunq.net\/tr\/wp-content\/uploads\/sites\/6\/2021\/02\/Medvedev-360x239.jpg 360w, https:\/\/akunq.net\/tr\/wp-content\/uploads\/sites\/6\/2021\/02\/Medvedev-560x371.jpg 560w, https:\/\/akunq.net\/tr\/wp-content\/uploads\/sites\/6\/2021\/02\/Medvedev-260x172.jpg 260w, https:\/\/akunq.net\/tr\/wp-content\/uploads\/sites\/6\/2021\/02\/Medvedev-160x106.jpg 160w, https:\/\/akunq.net\/tr\/wp-content\/uploads\/sites\/6\/2021\/02\/Medvedev.jpg 769w\" sizes=\"auto, (max-width: 360px) 100vw, 360px\" \/><\/h4>\n<h4><strong><em>Rusya Federasyonu G\u00fcvenlik Konseyi M\u00fcste\u015far Yard\u0131mc\u0131s\u0131 Dmitry Medvedev, Da\u011fl\u0131k Karaba\u011f\u2019\u0131n stat\u00fcs\u00fc meselesine hen\u00fcz karar verilmedi\u011fini s\u00f6yledi.<\/em><\/strong><\/h4>\n<p>Rus medyas\u0131n\u0131n sorular\u0131n\u0131 yan\u0131tlayan Medvedev,\u00a0 \u00a0\u201cBug\u00fcn herkes i\u00e7in stat\u00fcs\u00fc sorununun ger\u00e7ekten \u00e7\u00f6z\u00fclmedi\u011fi a\u00e7\u0131kt\u0131r, ancak bu stat\u00fc tart\u0131\u015fma alan\u0131\u00a0 su\u00e7lamalar \u00e7at\u0131\u015fmas\u0131na yol a\u00e7t\u0131\u011f\u0131 i\u00e7in \u015fimdi tart\u0131\u015f\u0131lamaz.\u201d dedi.<\/p>\n<p>Medvedev, taraflar\u0131n bu konudaki tutumlar\u0131n\u0131n \u201c\u00e7ok farkl\u0131 oldu\u011funu, hatta Ermenistan i\u00e7inde tart\u0131\u015fmalar ya\u015fand\u0131\u011f\u0131n\u0131\u201d vurgulad\u0131.<\/p>\n<p>Medvedev, Ermenistan\u2019\u0131n bile Karaba\u011f\u2019\u0131n ba\u011f\u0131ms\u0131zl\u0131\u011f\u0131n\u0131 tan\u0131mad\u0131\u011f\u0131n\u0131 hat\u0131rlatarak \u201cSorunu ertelemek daha iyidir.\u201d dedi.<\/p>\n<p>Rusya G\u00fcvenlik Konseyi Sekreter Yard\u0131mc\u0131s\u0131 da Da\u011fl\u0131k Karaba\u011f sorununun \u00e7\u00f6z\u00fcm\u00fcnde Rusya Devlet Ba\u015fkan\u0131 Vladimir Putin\u2019in rol\u00fcne \u00f6vg\u00fcde bulundu. \u201cBu i\u015f, takip edebildi\u011fim \u00e7ok hassas bir i\u015fti. Vladimir Vladimirovi\u00e7, \u00e7at\u0131\u015fman\u0131n t\u00fcm taraflar\u0131yla tart\u0131\u015fmak i\u00e7in saatler harcad\u0131, i\u015fi i\u00e7in olmasayd\u0131, a\u00e7\u0131k\u00e7a s\u00f6ylemek gerekirse, \u00e7at\u0131\u015fma \u015fimdiye kadar devam edebilirdi. Medvedev, \u201cBu, hem Azerbaycan hem de Ermenistan\u2019\u0131n Rusya cumhurba\u015fkan\u0131na \u00e7ok minnettar olmas\u0131 gereken b\u00fcy\u00fck bir g\u00f6revdir\u201d dedi ve ekledi:\u00a0\u00a0\u201cDurum genel olarak sakin ve en \u00f6nemlisi insanlar \u00f6lm\u00fcyor, kalk\u0131nma f\u0131rsat\u0131 var.\u201d<\/p>\n<p>\u00d6te yandan Birle\u015fmi\u015f Milletler (BM) insan haklar\u0131 uzmanlar\u0131,\u00a0 Ermenistan ve Azerbaycan&#8217;a \u00e7a\u011fr\u0131da bulunarak esir d\u00fc\u015fen askerlerin iade edilmesi gerekti\u011fini duyurdu. Uzmanlar, \u00f6ld\u00fcr\u00fclen askerlerin naa\u015flar\u0131n\u0131n da defnedilmek \u00fczere ailelerine verilmesini istedi.<\/p>\n<p>Yap\u0131lan a\u00e7\u0131klamada, \u201c9 Kas\u0131m 2020 tarihinde imzalanan ate\u015fkese g\u00f6re, \u00e7at\u0131\u015fma sonucunda esir d\u00fc\u015fen t\u00fcm insanlar, ailelerinin yan\u0131na d\u00f6nmeli, \u00f6ld\u00fcr\u00fclenlerin yak\u0131nlar\u0131 da sevdiklerinin naa\u015flar\u0131n\u0131 alabilmelidir. Kaybolanlar\u0131n ak\u0131beti ile bulunduklar\u0131 yer hakk\u0131nda verilerin payla\u015f\u0131lmamas\u0131 ve \u00f6l\u00fclerin naa\u015flar\u0131n\u0131n iade edilmemesi, &#8216;zorla kay\u0131p&#8217; say\u0131labilir, ancak hem Azerbaycan, hem Ermenistan, bunu \u00f6nlemeyi taahh\u00fct etmi\u015flerdi.&#8221; ifadelerine yer verildi.<\/p>\n<p><em><strong>http:\/\/www.agos.com.tr\/tr\/yazi\/25266\/medvedev-karabag-in-statusune-karar-vermek-icin-erken\u00a0<\/strong><\/em><\/p>\n","protected":false},"excerpt":{"rendered":"<p>Rusya Federasyonu G\u00fcvenlik Konseyi M\u00fcste\u015far Yard\u0131mc\u0131s\u0131 Dmitry Medvedev, Da\u011fl\u0131k Karaba\u011f\u2019\u0131n stat\u00fcs\u00fc meselesine hen\u00fcz karar verilmedi\u011fini s\u00f6yledi. Rus medyas\u0131n\u0131n sorular\u0131n\u0131 yan\u0131tlayan Medvedev,\u00a0 \u00a0\u201cBug\u00fcn herkes i\u00e7in stat\u00fcs\u00fc sorununun ger\u00e7ekten \u00e7\u00f6z\u00fclmedi\u011fi a\u00e7\u0131kt\u0131r, ancak bu stat\u00fc tart\u0131\u015fma alan\u0131\u00a0 su\u00e7lamalar \u00e7at\u0131\u015fmas\u0131na yol a\u00e7t\u0131\u011f\u0131 i\u00e7in \u015fimdi tart\u0131\u015f\u0131lamaz.\u201d dedi. Medvedev, taraflar\u0131n bu konudaki tutumlar\u0131n\u0131n \u201c\u00e7ok farkl\u0131 oldu\u011funu, hatta Ermenistan i\u00e7inde tart\u0131\u015fmalar ya\u015fand\u0131\u011f\u0131n\u0131\u201d [&hellip;]<\/p>\n","protected":false},"author":7,"featured_media":61291,"comment_status":"open","ping_status":"open","sticky":false,"template":"","format":"standard","meta":{"footnotes":""},"categories":[1],"tags":[],"class_list":["post-61290","post","type-post","status-publish","format-standard","has-post-thumbnail","hentry","category-haberler"],"yoast_head":"<!-- This site is optimized with the Yoast SEO plugin v27.4 - https:\/\/yoast.com\/product\/yoast-seo-wordpress\/ -->\n<title>Medvedev: Karaba\u011f&#039;\u0131n stat\u00fcs\u00fcne karar vermek i\u00e7in erken - Bati Ermenistan Ve Bati Ermenileri Sorunlari Ara\u015ftirmalar Merkezi<\/title>\n<meta name=\"robots\" content=\"index, follow, max-snippet:-1, max-image-preview:large, max-video-preview:-1\" \/>\n<link rel=\"canonical\" href=\"https:\/\/akunq.net\/tr\/?p=61290\" \/>\n<meta property=\"og:locale\" content=\"en_US\" \/>\n<meta property=\"og:type\" content=\"article\" \/>\n<meta property=\"og:title\" content=\"Medvedev: Karaba\u011f&#039;\u0131n stat\u00fcs\u00fcne karar vermek i\u00e7in erken - Bati Ermenistan Ve Bati Ermenileri Sorunlari Ara\u015ftirmalar Merkezi\" \/>\n<meta property=\"og:description\" content=\"Rusya Federasyonu G\u00fcvenlik Konseyi M\u00fcste\u015far Yard\u0131mc\u0131s\u0131 Dmitry Medvedev, Da\u011fl\u0131k Karaba\u011f\u2019\u0131n stat\u00fcs\u00fc meselesine hen\u00fcz karar verilmedi\u011fini s\u00f6yledi. Rus medyas\u0131n\u0131n sorular\u0131n\u0131 yan\u0131tlayan Medvedev,\u00a0 \u00a0\u201cBug\u00fcn herkes i\u00e7in stat\u00fcs\u00fc sorununun ger\u00e7ekten \u00e7\u00f6z\u00fclmedi\u011fi a\u00e7\u0131kt\u0131r, ancak bu stat\u00fc tart\u0131\u015fma alan\u0131\u00a0 su\u00e7lamalar \u00e7at\u0131\u015fmas\u0131na yol a\u00e7t\u0131\u011f\u0131 i\u00e7in \u015fimdi tart\u0131\u015f\u0131lamaz.\u201d dedi. Medvedev, taraflar\u0131n bu konudaki tutumlar\u0131n\u0131n \u201c\u00e7ok farkl\u0131 oldu\u011funu, hatta Ermenistan i\u00e7inde tart\u0131\u015fmalar ya\u015fand\u0131\u011f\u0131n\u0131\u201d [&hellip;]\" \/>\n<meta property=\"og:url\" content=\"https:\/\/akunq.net\/tr\/?p=61290\" \/>\n<meta property=\"og:site_name\" content=\"Bati Ermenistan Ve Bati Ermenileri Sorunlari Ara\u015ftirmalar Merkezi\" \/>\n<meta property=\"article:published_time\" content=\"2021-02-03T07:58:48+00:00\" \/>\n<meta property=\"og:image\" content=\"https:\/\/akunq.net\/tr\/wp-content\/uploads\/sites\/6\/2021\/02\/Medvedev.jpg\" \/>\n\t<meta property=\"og:image:width\" content=\"769\" \/>\n\t<meta property=\"og:image:height\" content=\"510\" \/>\n\t<meta property=\"og:image:type\" content=\"image\/jpeg\" \/>\n<meta name=\"author\" content=\"admin\" \/>\n<meta name=\"twitter:card\" content=\"summary_large_image\" \/>\n<meta name=\"twitter:label1\" content=\"Written by\" \/>\n\t<meta name=\"twitter:data1\" content=\"admin\" \/>\n\t<meta name=\"twitter:label2\" content=\"Est. reading time\" \/>\n\t<meta name=\"twitter:data2\" content=\"2 minutes\" \/>\n<script type=\"application\/ld+json\" class=\"yoast-schema-graph\">{\"@context\":\"https:\\\/\\\/schema.org\",\"@graph\":[{\"@type\":\"Article\",\"@id\":\"https:\\\/\\\/akunq.net\\\/tr\\\/?p=61290#article\",\"isPartOf\":{\"@id\":\"https:\\\/\\\/akunq.net\\\/tr\\\/?p=61290\"},\"author\":{\"name\":\"admin\",\"@id\":\"https:\\\/\\\/akunq.net\\\/tr\\\/#\\\/schema\\\/person\\\/096f1d38a12cce57fb855b485ed24c9e\"},\"headline\":\"Medvedev: Karaba\u011f&#8217;\u0131n stat\u00fcs\u00fcne karar vermek i\u00e7in erken\",\"datePublished\":\"2021-02-03T07:58:48+00:00\",\"mainEntityOfPage\":{\"@id\":\"https:\\\/\\\/akunq.net\\\/tr\\\/?p=61290\"},\"wordCount\":363,\"commentCount\":0,\"image\":{\"@id\":\"https:\\\/\\\/akunq.net\\\/tr\\\/?p=61290#primaryimage\"},\"thumbnailUrl\":\"https:\\\/\\\/akunq.net\\\/tr\\\/wp-content\\\/uploads\\\/sites\\\/6\\\/2021\\\/02\\\/Medvedev.jpg\",\"articleSection\":[\"Haberler\"],\"inLanguage\":\"en-US\",\"potentialAction\":[{\"@type\":\"CommentAction\",\"name\":\"Comment\",\"target\":[\"https:\\\/\\\/akunq.net\\\/tr\\\/?p=61290#respond\"]}]},{\"@type\":\"WebPage\",\"@id\":\"https:\\\/\\\/akunq.net\\\/tr\\\/?p=61290\",\"url\":\"https:\\\/\\\/akunq.net\\\/tr\\\/?p=61290\",\"name\":\"Medvedev: Karaba\u011f'\u0131n stat\u00fcs\u00fcne karar vermek i\u00e7in erken - Bati Ermenistan Ve Bati Ermenileri Sorunlari Ara\u015ftirmalar Merkezi\",\"isPartOf\":{\"@id\":\"https:\\\/\\\/akunq.net\\\/tr\\\/#website\"},\"primaryImageOfPage\":{\"@id\":\"https:\\\/\\\/akunq.net\\\/tr\\\/?p=61290#primaryimage\"},\"image\":{\"@id\":\"https:\\\/\\\/akunq.net\\\/tr\\\/?p=61290#primaryimage\"},\"thumbnailUrl\":\"https:\\\/\\\/akunq.net\\\/tr\\\/wp-content\\\/uploads\\\/sites\\\/6\\\/2021\\\/02\\\/Medvedev.jpg\",\"datePublished\":\"2021-02-03T07:58:48+00:00\",\"author\":{\"@id\":\"https:\\\/\\\/akunq.net\\\/tr\\\/#\\\/schema\\\/person\\\/096f1d38a12cce57fb855b485ed24c9e\"},\"breadcrumb\":{\"@id\":\"https:\\\/\\\/akunq.net\\\/tr\\\/?p=61290#breadcrumb\"},\"inLanguage\":\"en-US\",\"potentialAction\":[{\"@type\":\"ReadAction\",\"target\":[\"https:\\\/\\\/akunq.net\\\/tr\\\/?p=61290\"]}]},{\"@type\":\"ImageObject\",\"inLanguage\":\"en-US\",\"@id\":\"https:\\\/\\\/akunq.net\\\/tr\\\/?p=61290#primaryimage\",\"url\":\"https:\\\/\\\/akunq.net\\\/tr\\\/wp-content\\\/uploads\\\/sites\\\/6\\\/2021\\\/02\\\/Medvedev.jpg\",\"contentUrl\":\"https:\\\/\\\/akunq.net\\\/tr\\\/wp-content\\\/uploads\\\/sites\\\/6\\\/2021\\\/02\\\/Medvedev.jpg\",\"width\":769,\"height\":510},{\"@type\":\"BreadcrumbList\",\"@id\":\"https:\\\/\\\/akunq.net\\\/tr\\\/?p=61290#breadcrumb\",\"itemListElement\":[{\"@type\":\"ListItem\",\"position\":1,\"name\":\"Home\",\"item\":\"https:\\\/\\\/akunq.net\\\/tr\"},{\"@type\":\"ListItem\",\"position\":2,\"name\":\"Medvedev: Karaba\u011f&#8217;\u0131n stat\u00fcs\u00fcne karar vermek i\u00e7in erken\"}]},{\"@type\":\"WebSite\",\"@id\":\"https:\\\/\\\/akunq.net\\\/tr\\\/#website\",\"url\":\"https:\\\/\\\/akunq.net\\\/tr\\\/\",\"name\":\"Bati Ermenistan Ve Bati Ermenileri Sorunlari Ara\u015ftirmalar Merkezi\",\"description\":\"\",\"potentialAction\":[{\"@type\":\"SearchAction\",\"target\":{\"@type\":\"EntryPoint\",\"urlTemplate\":\"https:\\\/\\\/akunq.net\\\/tr\\\/?s={search_term_string}\"},\"query-input\":{\"@type\":\"PropertyValueSpecification\",\"valueRequired\":true,\"valueName\":\"search_term_string\"}}],\"inLanguage\":\"en-US\"},{\"@type\":\"Person\",\"@id\":\"https:\\\/\\\/akunq.net\\\/tr\\\/#\\\/schema\\\/person\\\/096f1d38a12cce57fb855b485ed24c9e\",\"name\":\"admin\",\"url\":\"https:\\\/\\\/akunq.net\\\/tr\\\/?author=7\"}]}<\/script>\n<!-- \/ Yoast SEO plugin. -->","yoast_head_json":{"title":"Medvedev: Karaba\u011f'\u0131n stat\u00fcs\u00fcne karar vermek i\u00e7in erken - Bati Ermenistan Ve Bati Ermenileri Sorunlari Ara\u015ftirmalar Merkezi","robots":{"index":"index","follow":"follow","max-snippet":"max-snippet:-1","max-image-preview":"max-image-preview:large","max-video-preview":"max-video-preview:-1"},"canonical":"https:\/\/akunq.net\/tr\/?p=61290","og_locale":"en_US","og_type":"article","og_title":"Medvedev: Karaba\u011f'\u0131n stat\u00fcs\u00fcne karar vermek i\u00e7in erken - Bati Ermenistan Ve Bati Ermenileri Sorunlari Ara\u015ftirmalar Merkezi","og_description":"Rusya Federasyonu G\u00fcvenlik Konseyi M\u00fcste\u015far Yard\u0131mc\u0131s\u0131 Dmitry Medvedev, Da\u011fl\u0131k Karaba\u011f\u2019\u0131n stat\u00fcs\u00fc meselesine hen\u00fcz karar verilmedi\u011fini s\u00f6yledi. Rus medyas\u0131n\u0131n sorular\u0131n\u0131 yan\u0131tlayan Medvedev,\u00a0 \u00a0\u201cBug\u00fcn herkes i\u00e7in stat\u00fcs\u00fc sorununun ger\u00e7ekten \u00e7\u00f6z\u00fclmedi\u011fi a\u00e7\u0131kt\u0131r, ancak bu stat\u00fc tart\u0131\u015fma alan\u0131\u00a0 su\u00e7lamalar \u00e7at\u0131\u015fmas\u0131na yol a\u00e7t\u0131\u011f\u0131 i\u00e7in \u015fimdi tart\u0131\u015f\u0131lamaz.\u201d dedi. Medvedev, taraflar\u0131n bu konudaki tutumlar\u0131n\u0131n \u201c\u00e7ok farkl\u0131 oldu\u011funu, hatta Ermenistan i\u00e7inde tart\u0131\u015fmalar ya\u015fand\u0131\u011f\u0131n\u0131\u201d [&hellip;]","og_url":"https:\/\/akunq.net\/tr\/?p=61290","og_site_name":"Bati Ermenistan Ve Bati Ermenileri Sorunlari Ara\u015ftirmalar Merkezi","article_published_time":"2021-02-03T07:58:48+00:00","og_image":[{"width":769,"height":510,"url":"https:\/\/akunq.net\/tr\/wp-content\/uploads\/sites\/6\/2021\/02\/Medvedev.jpg","type":"image\/jpeg"}],"author":"admin","twitter_card":"summary_large_image","twitter_misc":{"Written by":"admin","Est. reading time":"2 minutes"},"schema":{"@context":"https:\/\/schema.org","@graph":[{"@type":"Article","@id":"https:\/\/akunq.net\/tr\/?p=61290#article","isPartOf":{"@id":"https:\/\/akunq.net\/tr\/?p=61290"},"author":{"name":"admin","@id":"https:\/\/akunq.net\/tr\/#\/schema\/person\/096f1d38a12cce57fb855b485ed24c9e"},"headline":"Medvedev: Karaba\u011f&#8217;\u0131n stat\u00fcs\u00fcne karar vermek i\u00e7in erken","datePublished":"2021-02-03T07:58:48+00:00","mainEntityOfPage":{"@id":"https:\/\/akunq.net\/tr\/?p=61290"},"wordCount":363,"commentCount":0,"image":{"@id":"https:\/\/akunq.net\/tr\/?p=61290#primaryimage"},"thumbnailUrl":"https:\/\/akunq.net\/tr\/wp-content\/uploads\/sites\/6\/2021\/02\/Medvedev.jpg","articleSection":["Haberler"],"inLanguage":"en-US","potentialAction":[{"@type":"CommentAction","name":"Comment","target":["https:\/\/akunq.net\/tr\/?p=61290#respond"]}]},{"@type":"WebPage","@id":"https:\/\/akunq.net\/tr\/?p=61290","url":"https:\/\/akunq.net\/tr\/?p=61290","name":"Medvedev: Karaba\u011f'\u0131n stat\u00fcs\u00fcne karar vermek i\u00e7in erken - Bati Ermenistan Ve Bati Ermenileri Sorunlari Ara\u015ftirmalar Merkezi","isPartOf":{"@id":"https:\/\/akunq.net\/tr\/#website"},"primaryImageOfPage":{"@id":"https:\/\/akunq.net\/tr\/?p=61290#primaryimage"},"image":{"@id":"https:\/\/akunq.net\/tr\/?p=61290#primaryimage"},"thumbnailUrl":"https:\/\/akunq.net\/tr\/wp-content\/uploads\/sites\/6\/2021\/02\/Medvedev.jpg","datePublished":"2021-02-03T07:58:48+00:00","author":{"@id":"https:\/\/akunq.net\/tr\/#\/schema\/person\/096f1d38a12cce57fb855b485ed24c9e"},"breadcrumb":{"@id":"https:\/\/akunq.net\/tr\/?p=61290#breadcrumb"},"inLanguage":"en-US","potentialAction":[{"@type":"ReadAction","target":["https:\/\/akunq.net\/tr\/?p=61290"]}]},{"@type":"ImageObject","inLanguage":"en-US","@id":"https:\/\/akunq.net\/tr\/?p=61290#primaryimage","url":"https:\/\/akunq.net\/tr\/wp-content\/uploads\/sites\/6\/2021\/02\/Medvedev.jpg","contentUrl":"https:\/\/akunq.net\/tr\/wp-content\/uploads\/sites\/6\/2021\/02\/Medvedev.jpg","width":769,"height":510},{"@type":"BreadcrumbList","@id":"https:\/\/akunq.net\/tr\/?p=61290#breadcrumb","itemListElement":[{"@type":"ListItem","position":1,"name":"Home","item":"https:\/\/akunq.net\/tr"},{"@type":"ListItem","position":2,"name":"Medvedev: Karaba\u011f&#8217;\u0131n stat\u00fcs\u00fcne karar vermek i\u00e7in erken"}]},{"@type":"WebSite","@id":"https:\/\/akunq.net\/tr\/#website","url":"https:\/\/akunq.net\/tr\/","name":"Bati Ermenistan Ve Bati Ermenileri Sorunlari Ara\u015ftirmalar Merkezi","description":"","potentialAction":[{"@type":"SearchAction","target":{"@type":"EntryPoint","urlTemplate":"https:\/\/akunq.net\/tr\/?s={search_term_string}"},"query-input":{"@type":"PropertyValueSpecification","valueRequired":true,"valueName":"search_term_string"}}],"inLanguage":"en-US"},{"@type":"Person","@id":"https:\/\/akunq.net\/tr\/#\/schema\/person\/096f1d38a12cce57fb855b485ed24c9e","name":"admin","url":"https:\/\/akunq.net\/tr\/?author=7"}]}},"_links":{"self":[{"href":"https:\/\/akunq.net\/tr\/index.php?rest_route=\/wp\/v2\/posts\/61290","targetHints":{"allow":["GET"]}}],"collection":[{"href":"https:\/\/akunq.net\/tr\/index.php?rest_route=\/wp\/v2\/posts"}],"about":[{"href":"https:\/\/akunq.net\/tr\/index.php?rest_route=\/wp\/v2\/types\/post"}],"author":[{"embeddable":true,"href":"https:\/\/akunq.net\/tr\/index.php?rest_route=\/wp\/v2\/users\/7"}],"replies":[{"embeddable":true,"href":"https:\/\/akunq.net\/tr\/index.php?rest_route=%2Fwp%2Fv2%2Fcomments&post=61290"}],"version-history":[{"count":1,"href":"https:\/\/akunq.net\/tr\/index.php?rest_route=\/wp\/v2\/posts\/61290\/revisions"}],"predecessor-version":[{"id":61292,"href":"https:\/\/akunq.net\/tr\/index.php?rest_route=\/wp\/v2\/posts\/61290\/revisions\/61292"}],"wp:featuredmedia":[{"embeddable":true,"href":"https:\/\/akunq.net\/tr\/index.php?rest_route=\/wp\/v2\/media\/61291"}],"wp:attachment":[{"href":"https:\/\/akunq.net\/tr\/index.php?rest_route=%2Fwp%2Fv2%2Fmedia&parent=61290"}],"wp:term":[{"taxonomy":"category","embeddable":true,"href":"https:\/\/akunq.net\/tr\/index.php?rest_route=%2Fwp%2Fv2%2Fcategories&post=61290"},{"taxonomy":"post_tag","embeddable":true,"href":"https:\/\/akunq.net\/tr\/index.php?rest_route=%2Fwp%2Fv2%2Ftags&post=61290"}],"curies":[{"name":"wp","href":"https:\/\/api.w.org\/{rel}","templated":true}]}}