{"id":61275,"date":"2021-02-02T03:08:53","date_gmt":"2021-02-02T08:08:53","guid":{"rendered":"https:\/\/akunq.net\/tr\/?p=61275"},"modified":"2021-02-02T03:08:53","modified_gmt":"2021-02-02T08:08:53","slug":"kurt-dil-platformundan-erdogana-mektup-dilin-uzerindeki-baskilarin-kaldirilmasini-istiyoruz","status":"publish","type":"post","link":"https:\/\/akunq.net\/tr\/?p=61275","title":{"rendered":"K\u00fcrt Dil Platformu&#8217;ndan Erdo\u011fan&#8217;a mektup: Dilin \u00fczerindeki bask\u0131lar\u0131n kald\u0131r\u0131lmas\u0131n\u0131 istiyoruz"},"content":{"rendered":"<p><img loading=\"lazy\" decoding=\"async\" class=\"aligncenter size-medium wp-image-61276\" src=\"https:\/\/akunq.net\/tr\/wp-content\/uploads\/2021\/02\/\u0584\u0580\u0564\u0565\u0580\u0565\u0576-360x242.jpg\" alt=\"\" width=\"360\" height=\"242\" srcset=\"https:\/\/akunq.net\/tr\/wp-content\/uploads\/sites\/6\/2021\/02\/\u0584\u0580\u0564\u0565\u0580\u0565\u0576-360x242.jpg 360w, https:\/\/akunq.net\/tr\/wp-content\/uploads\/sites\/6\/2021\/02\/\u0584\u0580\u0564\u0565\u0580\u0565\u0576-560x376.jpg 560w, https:\/\/akunq.net\/tr\/wp-content\/uploads\/sites\/6\/2021\/02\/\u0584\u0580\u0564\u0565\u0580\u0565\u0576-260x175.jpg 260w, https:\/\/akunq.net\/tr\/wp-content\/uploads\/sites\/6\/2021\/02\/\u0584\u0580\u0564\u0565\u0580\u0565\u0576-160x107.jpg 160w, https:\/\/akunq.net\/tr\/wp-content\/uploads\/sites\/6\/2021\/02\/\u0584\u0580\u0564\u0565\u0580\u0565\u0576.jpg 670w\" sizes=\"auto, (max-width: 360px) 100vw, 360px\" \/><\/p>\n<p><em><strong>Cumhurba\u015fkan\u0131 Erdo\u011fan&#8217;a bir mektup g\u00f6nderen KDP S\u00f6zc\u00fcs\u00fc Ciziri, K\u00fcrt\u00e7e&#8217;nin \u00f6n\u00fcndeki engellerin kald\u0131r\u0131lmas\u0131n\u0131 istedi ve randevu talebinde de bulundu.<\/strong><\/em><\/p>\n<div class=\"grid-container\">\n<article class=\"entry-article\">\n<div class=\"grid-x align-justify\">\n<div class=\"content-wrap-holder cell\">\n<div class=\"region region-content\">\n<div id=\"block-system-main\" class=\"block block-system\">\n<div class=\"content\">\n<div class=\"content-wrap\">\n<div class=\"printable-area page-taxonomy-term-16\" dir=\"ltr\">\n<div class=\"entry-content\" data-io-article-url=\"https:\/\/www.indyturk.com\/node\/309486\/haber\/k%C3%BCrt-dil-platformundan-erdo%C4%9Fana-mektup-dilin-%C3%BCzerindeki-bask%C4%B1lar%C4%B1n-kald%C4%B1r%C4%B1lmas%C4%B1n%C4%B1\">\n<div class=\"field field-name-body field-type-text-with-summary field-label-hidden\">\n<div class=\"field-items\">\n<div class=\"field-item even\">\n<p><a href=\"https:\/\/www.indyturk.com\/tags\/k%C3%BCrt-dil-platformu\" target=\"_blank\" rel=\"noopener noreferrer\">K\u00fcrt Dil Platformu<\/a>\u00a0S\u00f6zc\u00fcs\u00fc \u015eerefhan Ciziri,\u00a0<a href=\"https:\/\/www.indyturk.com\/tags\/k%C3%BCrt%C3%A7e\" target=\"_blank\" rel=\"noopener noreferrer\">K\u00fcrt\u00e7e<\/a>&#8216;nin resmi stat\u00fcye kavu\u015fmas\u0131 i\u00e7in Cumhurba\u015fkan\u0131 Recep Tayyip\u00a0<a href=\"https:\/\/www.indyturk.com\/tags\/cumhurba%C5%9Fkan%C4%B1-erdo%C4%9Fan\" target=\"_blank\" rel=\"noopener noreferrer\">Erdo\u011fan<\/a>&#8216;a bir mektup g\u00f6nderdi.<\/p>\n<p><a href=\"https:\/\/www.indyturk.com\/tags\/mektup\" target=\"_blank\" rel=\"noopener noreferrer\">Mektup<\/a>ta, Erdo\u011fan&#8217;\u0131n, 20 Ocak 2021 tarihinde K\u00fclt\u00fcr ve Turizm Bakanl\u0131\u011f\u0131&#8217;n\u0131n 2019-2020 \u00d6zel \u00d6d\u00fclleri t\u00f6reninde T\u00fcrk\u00e7e&#8217;nin korunmas\u0131na ili\u015fkin yapt\u0131\u011f\u0131 a\u00e7\u0131klamalar\u0131 hat\u0131rlat\u0131ld\u0131.<\/p>\n<p>Mektupta, &#8220;\u00dclkemizdeki k\u00fclt\u00fcr meselesi ekseriyetle i\u015fin uzmanlar\u0131 taraf\u0131ndan dil meselesinin d\u0131\u015f\u0131nda de\u011ferlendiriliyor. Oysa bir milleti maziden atiye ta\u015f\u0131yan k\u00fclt\u00fcrse o k\u00fclt\u00fcr\u00fcn en \u00f6nemli unsuru dildir&#8221; denildi.<\/p>\n<p>&#8220;Dil olmadan insan, aile, toplum, millet, k\u00fclt\u00fcr ve medeniyette olmaz&#8221; denilen mektupta, &#8220;Diline sahip \u00e7\u0131kmayan, dilini zenginle\u015ftirmeyen milletlerin t\u0131pk\u0131 k\u00f6kleri kuruyan a\u011fa\u00e7lar gibi esen r\u00fczg\u00e2rlar kar\u015f\u0131s\u0131nda devrilmeye mahk\u00fbmdur&#8221; ifadelerine yer verildi.<\/p>\n<p><strong>&#8220;K\u00fcrt milletinin gelece\u011fi b\u00fcy\u00fck risk alt\u0131ndad\u0131r&#8221;<\/strong><\/p>\n<p>Platform S\u00f6zc\u00fcs\u00fc Ciziri imzas\u0131yla kalame al\u0131nan mektupta \u015funlar kaydedildi:<\/p>\n<p><em>&#8220;Say\u0131n Erdo\u011fan, dil ile ilgili bu s\u00f6ylediklerinize g\u00f6n\u00fclden kat\u0131l\u0131yoruz. Konumuz dil oldu\u011fu i\u00e7in K\u00fcrt dili ile ilgili olarak \u015funlar\u0131 arz ve talep ediyoruz: T\u00fcrk\u00e7e, resmi dil ve e\u011fitim-\u00f6\u011fretim dili olarak belirttiniz sorunlar\u0131 ya\u015farken; 100 y\u0131ldan beri asimilasyon alt\u0131nda bulunan K\u00fcrt dili \u015fu an var olmakla yok olmak gibi kritik bir e\u015fikte bulunuyor. Sizlerin de s\u0131k s\u0131k belirtti\u011fi gibi asimilasyon bir insanl\u0131k su\u00e7udur. Bu su\u00e7u kim i\u015fliyorsa hep birlikte buna kar\u015f\u0131 tav\u0131r alal\u0131m. Asimilasyonla m\u00fccadele edelim.\u00a0<\/em><\/p>\n<p><em>Sadece \u0130stanbul, Ankara, \u00c7ukurova gibi metropollerde de\u011fil, K\u00fcrt halk\u0131n\u0131n n\u00fcfus \u00e7o\u011funlu\u011funu olu\u015fturdu\u011fu kentlerde ve hatta k\u00f6ylerde de bile K\u00fcrt dili art\u0131k ileti\u015fim-konu\u015fma dili olmaktan yava\u015f yava\u015f \u00e7\u0131k\u0131yor! Dolay\u0131s\u0131yla, birey, aile, toplum ve k\u00fclt\u00fcr\u00fcyle K\u00fcrt milletinin gelece\u011fi b\u00fcy\u00fck risk alt\u0131ndad\u0131r!<\/em><\/p>\n<p><em>Say\u0131n Erdo\u011fan;<\/em><\/p>\n<p><em>Yirmi be\u015f milyonu a\u015fk\u0131n K\u00fcrt milletinin varl\u0131\u011f\u0131n\u0131 ve kimli\u011fini temsil eden K\u00fcrt dili \u00fczerindeki bask\u0131lar\u0131n kald\u0131r\u0131lmas\u0131 istiyoruz. Sizlerin Ba\u015fbakanl\u0131k d\u00f6neminde bu alanda reformlar yap\u0131ld\u0131, ad\u0131mlar at\u0131ld\u0131. Bu reformlar\u0131n devam etmesi ve K\u00fcrt\u00e7enin resm\u00ee bir stat\u00fcye kavu\u015fmas\u0131 gerekiyor. Hastaneler, bankalar, belediyeler, devlet kurumlar\u0131, T\u00fcrk Hava Yollar\u0131 vb. gibi devlet ve kamuoyuna ait yerlerde K\u00fcrt\u00e7e&#8217;nin ileti\u015fim dili olarak kullan\u0131lmas\u0131, ilkokuldan \u00fcniversiteye e\u011fitim ve \u00f6\u011fretim dili olmas\u0131 i\u00e7in gerekenin sizler taraf\u0131ndan yap\u0131laca\u011f\u0131na inan\u0131yor, bunu arz ve talep ediyoruz.<\/em><\/p>\n<p><em>Bizler K\u00fcrt Dil Platformu olarak defalarca sizlere ve AK Parti&#8217;nin y\u00f6neticilerin ula\u015fmak istedik. \u00c7abalar\u0131m\u0131z maalesef sonu\u00e7suz kald\u0131. Bu talep ve meselelerimizi sizlere bizzat iletmek i\u00e7in g\u00f6r\u00fc\u015fme talebimizi ayr\u0131ca arz ederiz.&#8221;<\/em><\/p>\n<p>K\u00fcrt Dil Platformu, bir s\u00fcre \u00f6nce camilerde K\u00fcrt\u00e7e okumas\u0131 i\u00e7in Diyanet \u0130\u015fleri Ba\u015fkanl\u0131\u011f\u0131&#8217;na mektup g\u00f6ndermi\u015fti.<\/p>\n<p>Platform, son olarak ocak ay\u0131n\u0131n ilk haftas\u0131nda K\u00fcrt\u00e7e k\u00fcrs\u00fcs\u00fcn\u00fcn kurulmas\u0131 ve K\u00fcrt\u00e7e dil uzmanlar\u0131n\u0131n istihdam edilmesi i\u00e7in T\u00fcrk Dil Kurumu&#8217;na bir mektup yollam\u0131\u015ft\u0131.<\/p>\n<p><em><strong>\u00a9 The Independentturkish<\/strong><\/em><\/p>\n<p><em><strong>https:\/\/www.indyturk.com\/node\/309486\/haber\/k%C3%BCrt-dil-platformundan-erdo%C4%9Fana-mektup-dilin-%C3%BCzerindeki-bask%C4%B1lar%C4%B1n-kald%C4%B1r%C4%B1lmas%C4%B1n%C4%B1\u00a0<\/strong><\/em><\/p>\n<\/div>\n<\/div>\n<\/div>\n<\/div>\n<\/div>\n<\/div>\n<\/div>\n<\/div>\n<\/div>\n<\/div>\n<\/div>\n<\/article>\n<\/div>\n","protected":false},"excerpt":{"rendered":"<p>Cumhurba\u015fkan\u0131 Erdo\u011fan&#8217;a bir mektup g\u00f6nderen KDP S\u00f6zc\u00fcs\u00fc Ciziri, K\u00fcrt\u00e7e&#8217;nin \u00f6n\u00fcndeki engellerin kald\u0131r\u0131lmas\u0131n\u0131 istedi ve randevu talebinde de bulundu. K\u00fcrt Dil Platformu\u00a0S\u00f6zc\u00fcs\u00fc \u015eerefhan Ciziri,\u00a0K\u00fcrt\u00e7e&#8216;nin resmi stat\u00fcye kavu\u015fmas\u0131 i\u00e7in Cumhurba\u015fkan\u0131 Recep Tayyip\u00a0Erdo\u011fan&#8216;a bir mektup g\u00f6nderdi. Mektupta, Erdo\u011fan&#8217;\u0131n, 20 Ocak 2021 tarihinde K\u00fclt\u00fcr ve Turizm Bakanl\u0131\u011f\u0131&#8217;n\u0131n 2019-2020 \u00d6zel \u00d6d\u00fclleri t\u00f6reninde T\u00fcrk\u00e7e&#8217;nin korunmas\u0131na ili\u015fkin yapt\u0131\u011f\u0131 a\u00e7\u0131klamalar\u0131 hat\u0131rlat\u0131ld\u0131. Mektupta, &#8220;\u00dclkemizdeki [&hellip;]<\/p>\n","protected":false},"author":7,"featured_media":61276,"comment_status":"open","ping_status":"open","sticky":false,"template":"","format":"standard","meta":{"footnotes":""},"categories":[1,53],"tags":[],"class_list":["post-61275","post","type-post","status-publish","format-standard","has-post-thumbnail","hentry","category-haberler","category-turkiyede-azinliklar"],"yoast_head":"<!-- This site is optimized with the Yoast SEO plugin v27.4 - https:\/\/yoast.com\/product\/yoast-seo-wordpress\/ -->\n<title>K\u00fcrt Dil Platformu&#039;ndan Erdo\u011fan&#039;a mektup: Dilin \u00fczerindeki bask\u0131lar\u0131n kald\u0131r\u0131lmas\u0131n\u0131 istiyoruz - Bati Ermenistan Ve Bati Ermenileri Sorunlari Ara\u015ftirmalar Merkezi<\/title>\n<meta name=\"robots\" content=\"index, follow, max-snippet:-1, max-image-preview:large, max-video-preview:-1\" \/>\n<link rel=\"canonical\" href=\"https:\/\/akunq.net\/tr\/?p=61275\" \/>\n<meta property=\"og:locale\" content=\"en_US\" \/>\n<meta property=\"og:type\" content=\"article\" \/>\n<meta property=\"og:title\" content=\"K\u00fcrt Dil Platformu&#039;ndan Erdo\u011fan&#039;a mektup: Dilin \u00fczerindeki bask\u0131lar\u0131n kald\u0131r\u0131lmas\u0131n\u0131 istiyoruz - Bati Ermenistan Ve Bati Ermenileri Sorunlari Ara\u015ftirmalar Merkezi\" \/>\n<meta property=\"og:description\" content=\"Cumhurba\u015fkan\u0131 Erdo\u011fan&#8217;a bir mektup g\u00f6nderen KDP S\u00f6zc\u00fcs\u00fc Ciziri, K\u00fcrt\u00e7e&#8217;nin \u00f6n\u00fcndeki engellerin kald\u0131r\u0131lmas\u0131n\u0131 istedi ve randevu talebinde de bulundu. K\u00fcrt Dil Platformu\u00a0S\u00f6zc\u00fcs\u00fc \u015eerefhan Ciziri,\u00a0K\u00fcrt\u00e7e&#8216;nin resmi stat\u00fcye kavu\u015fmas\u0131 i\u00e7in Cumhurba\u015fkan\u0131 Recep Tayyip\u00a0Erdo\u011fan&#8216;a bir mektup g\u00f6nderdi. Mektupta, Erdo\u011fan&#8217;\u0131n, 20 Ocak 2021 tarihinde K\u00fclt\u00fcr ve Turizm Bakanl\u0131\u011f\u0131&#8217;n\u0131n 2019-2020 \u00d6zel \u00d6d\u00fclleri t\u00f6reninde T\u00fcrk\u00e7e&#8217;nin korunmas\u0131na ili\u015fkin yapt\u0131\u011f\u0131 a\u00e7\u0131klamalar\u0131 hat\u0131rlat\u0131ld\u0131. Mektupta, &#8220;\u00dclkemizdeki [&hellip;]\" \/>\n<meta property=\"og:url\" content=\"https:\/\/akunq.net\/tr\/?p=61275\" \/>\n<meta property=\"og:site_name\" content=\"Bati Ermenistan Ve Bati Ermenileri Sorunlari Ara\u015ftirmalar Merkezi\" \/>\n<meta property=\"article:published_time\" content=\"2021-02-02T08:08:53+00:00\" \/>\n<meta property=\"og:image\" content=\"https:\/\/akunq.net\/tr\/wp-content\/uploads\/sites\/6\/2021\/02\/\u0584\u0580\u0564\u0565\u0580\u0565\u0576.jpg\" \/>\n\t<meta property=\"og:image:width\" content=\"670\" \/>\n\t<meta property=\"og:image:height\" content=\"450\" \/>\n\t<meta property=\"og:image:type\" content=\"image\/jpeg\" \/>\n<meta name=\"author\" content=\"admin\" \/>\n<meta name=\"twitter:card\" content=\"summary_large_image\" \/>\n<meta name=\"twitter:label1\" content=\"Written by\" \/>\n\t<meta name=\"twitter:data1\" content=\"admin\" \/>\n\t<meta name=\"twitter:label2\" content=\"Est. reading time\" \/>\n\t<meta name=\"twitter:data2\" content=\"3 minutes\" \/>\n<script type=\"application\/ld+json\" class=\"yoast-schema-graph\">{\"@context\":\"https:\\\/\\\/schema.org\",\"@graph\":[{\"@type\":\"Article\",\"@id\":\"https:\\\/\\\/akunq.net\\\/tr\\\/?p=61275#article\",\"isPartOf\":{\"@id\":\"https:\\\/\\\/akunq.net\\\/tr\\\/?p=61275\"},\"author\":{\"name\":\"admin\",\"@id\":\"https:\\\/\\\/akunq.net\\\/tr\\\/#\\\/schema\\\/person\\\/096f1d38a12cce57fb855b485ed24c9e\"},\"headline\":\"K\u00fcrt Dil Platformu&#8217;ndan Erdo\u011fan&#8217;a mektup: Dilin \u00fczerindeki bask\u0131lar\u0131n kald\u0131r\u0131lmas\u0131n\u0131 istiyoruz\",\"datePublished\":\"2021-02-02T08:08:53+00:00\",\"mainEntityOfPage\":{\"@id\":\"https:\\\/\\\/akunq.net\\\/tr\\\/?p=61275\"},\"wordCount\":628,\"commentCount\":0,\"image\":{\"@id\":\"https:\\\/\\\/akunq.net\\\/tr\\\/?p=61275#primaryimage\"},\"thumbnailUrl\":\"https:\\\/\\\/akunq.net\\\/tr\\\/wp-content\\\/uploads\\\/sites\\\/6\\\/2021\\\/02\\\/\u0584\u0580\u0564\u0565\u0580\u0565\u0576.jpg\",\"articleSection\":[\"Haberler\",\"T\u00fcrkiye\u2019de Az\u0131nl\u0131klar\"],\"inLanguage\":\"en-US\",\"potentialAction\":[{\"@type\":\"CommentAction\",\"name\":\"Comment\",\"target\":[\"https:\\\/\\\/akunq.net\\\/tr\\\/?p=61275#respond\"]}]},{\"@type\":\"WebPage\",\"@id\":\"https:\\\/\\\/akunq.net\\\/tr\\\/?p=61275\",\"url\":\"https:\\\/\\\/akunq.net\\\/tr\\\/?p=61275\",\"name\":\"K\u00fcrt Dil Platformu'ndan Erdo\u011fan'a mektup: Dilin \u00fczerindeki bask\u0131lar\u0131n kald\u0131r\u0131lmas\u0131n\u0131 istiyoruz - Bati Ermenistan Ve Bati Ermenileri Sorunlari Ara\u015ftirmalar Merkezi\",\"isPartOf\":{\"@id\":\"https:\\\/\\\/akunq.net\\\/tr\\\/#website\"},\"primaryImageOfPage\":{\"@id\":\"https:\\\/\\\/akunq.net\\\/tr\\\/?p=61275#primaryimage\"},\"image\":{\"@id\":\"https:\\\/\\\/akunq.net\\\/tr\\\/?p=61275#primaryimage\"},\"thumbnailUrl\":\"https:\\\/\\\/akunq.net\\\/tr\\\/wp-content\\\/uploads\\\/sites\\\/6\\\/2021\\\/02\\\/\u0584\u0580\u0564\u0565\u0580\u0565\u0576.jpg\",\"datePublished\":\"2021-02-02T08:08:53+00:00\",\"author\":{\"@id\":\"https:\\\/\\\/akunq.net\\\/tr\\\/#\\\/schema\\\/person\\\/096f1d38a12cce57fb855b485ed24c9e\"},\"breadcrumb\":{\"@id\":\"https:\\\/\\\/akunq.net\\\/tr\\\/?p=61275#breadcrumb\"},\"inLanguage\":\"en-US\",\"potentialAction\":[{\"@type\":\"ReadAction\",\"target\":[\"https:\\\/\\\/akunq.net\\\/tr\\\/?p=61275\"]}]},{\"@type\":\"ImageObject\",\"inLanguage\":\"en-US\",\"@id\":\"https:\\\/\\\/akunq.net\\\/tr\\\/?p=61275#primaryimage\",\"url\":\"https:\\\/\\\/akunq.net\\\/tr\\\/wp-content\\\/uploads\\\/sites\\\/6\\\/2021\\\/02\\\/\u0584\u0580\u0564\u0565\u0580\u0565\u0576.jpg\",\"contentUrl\":\"https:\\\/\\\/akunq.net\\\/tr\\\/wp-content\\\/uploads\\\/sites\\\/6\\\/2021\\\/02\\\/\u0584\u0580\u0564\u0565\u0580\u0565\u0576.jpg\",\"width\":670,\"height\":450},{\"@type\":\"BreadcrumbList\",\"@id\":\"https:\\\/\\\/akunq.net\\\/tr\\\/?p=61275#breadcrumb\",\"itemListElement\":[{\"@type\":\"ListItem\",\"position\":1,\"name\":\"Home\",\"item\":\"https:\\\/\\\/akunq.net\\\/tr\"},{\"@type\":\"ListItem\",\"position\":2,\"name\":\"K\u00fcrt Dil Platformu&#8217;ndan Erdo\u011fan&#8217;a mektup: Dilin \u00fczerindeki bask\u0131lar\u0131n kald\u0131r\u0131lmas\u0131n\u0131 istiyoruz\"}]},{\"@type\":\"WebSite\",\"@id\":\"https:\\\/\\\/akunq.net\\\/tr\\\/#website\",\"url\":\"https:\\\/\\\/akunq.net\\\/tr\\\/\",\"name\":\"Bati Ermenistan Ve Bati Ermenileri Sorunlari Ara\u015ftirmalar Merkezi\",\"description\":\"\",\"potentialAction\":[{\"@type\":\"SearchAction\",\"target\":{\"@type\":\"EntryPoint\",\"urlTemplate\":\"https:\\\/\\\/akunq.net\\\/tr\\\/?s={search_term_string}\"},\"query-input\":{\"@type\":\"PropertyValueSpecification\",\"valueRequired\":true,\"valueName\":\"search_term_string\"}}],\"inLanguage\":\"en-US\"},{\"@type\":\"Person\",\"@id\":\"https:\\\/\\\/akunq.net\\\/tr\\\/#\\\/schema\\\/person\\\/096f1d38a12cce57fb855b485ed24c9e\",\"name\":\"admin\",\"url\":\"https:\\\/\\\/akunq.net\\\/tr\\\/?author=7\"}]}<\/script>\n<!-- \/ Yoast SEO plugin. -->","yoast_head_json":{"title":"K\u00fcrt Dil Platformu'ndan Erdo\u011fan'a mektup: Dilin \u00fczerindeki bask\u0131lar\u0131n kald\u0131r\u0131lmas\u0131n\u0131 istiyoruz - Bati Ermenistan Ve Bati Ermenileri Sorunlari Ara\u015ftirmalar Merkezi","robots":{"index":"index","follow":"follow","max-snippet":"max-snippet:-1","max-image-preview":"max-image-preview:large","max-video-preview":"max-video-preview:-1"},"canonical":"https:\/\/akunq.net\/tr\/?p=61275","og_locale":"en_US","og_type":"article","og_title":"K\u00fcrt Dil Platformu'ndan Erdo\u011fan'a mektup: Dilin \u00fczerindeki bask\u0131lar\u0131n kald\u0131r\u0131lmas\u0131n\u0131 istiyoruz - Bati Ermenistan Ve Bati Ermenileri Sorunlari Ara\u015ftirmalar Merkezi","og_description":"Cumhurba\u015fkan\u0131 Erdo\u011fan&#8217;a bir mektup g\u00f6nderen KDP S\u00f6zc\u00fcs\u00fc Ciziri, K\u00fcrt\u00e7e&#8217;nin \u00f6n\u00fcndeki engellerin kald\u0131r\u0131lmas\u0131n\u0131 istedi ve randevu talebinde de bulundu. K\u00fcrt Dil Platformu\u00a0S\u00f6zc\u00fcs\u00fc \u015eerefhan Ciziri,\u00a0K\u00fcrt\u00e7e&#8216;nin resmi stat\u00fcye kavu\u015fmas\u0131 i\u00e7in Cumhurba\u015fkan\u0131 Recep Tayyip\u00a0Erdo\u011fan&#8216;a bir mektup g\u00f6nderdi. Mektupta, Erdo\u011fan&#8217;\u0131n, 20 Ocak 2021 tarihinde K\u00fclt\u00fcr ve Turizm Bakanl\u0131\u011f\u0131&#8217;n\u0131n 2019-2020 \u00d6zel \u00d6d\u00fclleri t\u00f6reninde T\u00fcrk\u00e7e&#8217;nin korunmas\u0131na ili\u015fkin yapt\u0131\u011f\u0131 a\u00e7\u0131klamalar\u0131 hat\u0131rlat\u0131ld\u0131. Mektupta, &#8220;\u00dclkemizdeki [&hellip;]","og_url":"https:\/\/akunq.net\/tr\/?p=61275","og_site_name":"Bati Ermenistan Ve Bati Ermenileri Sorunlari Ara\u015ftirmalar Merkezi","article_published_time":"2021-02-02T08:08:53+00:00","og_image":[{"width":670,"height":450,"url":"https:\/\/akunq.net\/tr\/wp-content\/uploads\/sites\/6\/2021\/02\/\u0584\u0580\u0564\u0565\u0580\u0565\u0576.jpg","type":"image\/jpeg"}],"author":"admin","twitter_card":"summary_large_image","twitter_misc":{"Written by":"admin","Est. reading time":"3 minutes"},"schema":{"@context":"https:\/\/schema.org","@graph":[{"@type":"Article","@id":"https:\/\/akunq.net\/tr\/?p=61275#article","isPartOf":{"@id":"https:\/\/akunq.net\/tr\/?p=61275"},"author":{"name":"admin","@id":"https:\/\/akunq.net\/tr\/#\/schema\/person\/096f1d38a12cce57fb855b485ed24c9e"},"headline":"K\u00fcrt Dil Platformu&#8217;ndan Erdo\u011fan&#8217;a mektup: Dilin \u00fczerindeki bask\u0131lar\u0131n kald\u0131r\u0131lmas\u0131n\u0131 istiyoruz","datePublished":"2021-02-02T08:08:53+00:00","mainEntityOfPage":{"@id":"https:\/\/akunq.net\/tr\/?p=61275"},"wordCount":628,"commentCount":0,"image":{"@id":"https:\/\/akunq.net\/tr\/?p=61275#primaryimage"},"thumbnailUrl":"https:\/\/akunq.net\/tr\/wp-content\/uploads\/sites\/6\/2021\/02\/\u0584\u0580\u0564\u0565\u0580\u0565\u0576.jpg","articleSection":["Haberler","T\u00fcrkiye\u2019de Az\u0131nl\u0131klar"],"inLanguage":"en-US","potentialAction":[{"@type":"CommentAction","name":"Comment","target":["https:\/\/akunq.net\/tr\/?p=61275#respond"]}]},{"@type":"WebPage","@id":"https:\/\/akunq.net\/tr\/?p=61275","url":"https:\/\/akunq.net\/tr\/?p=61275","name":"K\u00fcrt Dil Platformu'ndan Erdo\u011fan'a mektup: Dilin \u00fczerindeki bask\u0131lar\u0131n kald\u0131r\u0131lmas\u0131n\u0131 istiyoruz - Bati Ermenistan Ve Bati Ermenileri Sorunlari Ara\u015ftirmalar Merkezi","isPartOf":{"@id":"https:\/\/akunq.net\/tr\/#website"},"primaryImageOfPage":{"@id":"https:\/\/akunq.net\/tr\/?p=61275#primaryimage"},"image":{"@id":"https:\/\/akunq.net\/tr\/?p=61275#primaryimage"},"thumbnailUrl":"https:\/\/akunq.net\/tr\/wp-content\/uploads\/sites\/6\/2021\/02\/\u0584\u0580\u0564\u0565\u0580\u0565\u0576.jpg","datePublished":"2021-02-02T08:08:53+00:00","author":{"@id":"https:\/\/akunq.net\/tr\/#\/schema\/person\/096f1d38a12cce57fb855b485ed24c9e"},"breadcrumb":{"@id":"https:\/\/akunq.net\/tr\/?p=61275#breadcrumb"},"inLanguage":"en-US","potentialAction":[{"@type":"ReadAction","target":["https:\/\/akunq.net\/tr\/?p=61275"]}]},{"@type":"ImageObject","inLanguage":"en-US","@id":"https:\/\/akunq.net\/tr\/?p=61275#primaryimage","url":"https:\/\/akunq.net\/tr\/wp-content\/uploads\/sites\/6\/2021\/02\/\u0584\u0580\u0564\u0565\u0580\u0565\u0576.jpg","contentUrl":"https:\/\/akunq.net\/tr\/wp-content\/uploads\/sites\/6\/2021\/02\/\u0584\u0580\u0564\u0565\u0580\u0565\u0576.jpg","width":670,"height":450},{"@type":"BreadcrumbList","@id":"https:\/\/akunq.net\/tr\/?p=61275#breadcrumb","itemListElement":[{"@type":"ListItem","position":1,"name":"Home","item":"https:\/\/akunq.net\/tr"},{"@type":"ListItem","position":2,"name":"K\u00fcrt Dil Platformu&#8217;ndan Erdo\u011fan&#8217;a mektup: Dilin \u00fczerindeki bask\u0131lar\u0131n kald\u0131r\u0131lmas\u0131n\u0131 istiyoruz"}]},{"@type":"WebSite","@id":"https:\/\/akunq.net\/tr\/#website","url":"https:\/\/akunq.net\/tr\/","name":"Bati Ermenistan Ve Bati Ermenileri Sorunlari Ara\u015ftirmalar Merkezi","description":"","potentialAction":[{"@type":"SearchAction","target":{"@type":"EntryPoint","urlTemplate":"https:\/\/akunq.net\/tr\/?s={search_term_string}"},"query-input":{"@type":"PropertyValueSpecification","valueRequired":true,"valueName":"search_term_string"}}],"inLanguage":"en-US"},{"@type":"Person","@id":"https:\/\/akunq.net\/tr\/#\/schema\/person\/096f1d38a12cce57fb855b485ed24c9e","name":"admin","url":"https:\/\/akunq.net\/tr\/?author=7"}]}},"_links":{"self":[{"href":"https:\/\/akunq.net\/tr\/index.php?rest_route=\/wp\/v2\/posts\/61275","targetHints":{"allow":["GET"]}}],"collection":[{"href":"https:\/\/akunq.net\/tr\/index.php?rest_route=\/wp\/v2\/posts"}],"about":[{"href":"https:\/\/akunq.net\/tr\/index.php?rest_route=\/wp\/v2\/types\/post"}],"author":[{"embeddable":true,"href":"https:\/\/akunq.net\/tr\/index.php?rest_route=\/wp\/v2\/users\/7"}],"replies":[{"embeddable":true,"href":"https:\/\/akunq.net\/tr\/index.php?rest_route=%2Fwp%2Fv2%2Fcomments&post=61275"}],"version-history":[{"count":1,"href":"https:\/\/akunq.net\/tr\/index.php?rest_route=\/wp\/v2\/posts\/61275\/revisions"}],"predecessor-version":[{"id":61277,"href":"https:\/\/akunq.net\/tr\/index.php?rest_route=\/wp\/v2\/posts\/61275\/revisions\/61277"}],"wp:featuredmedia":[{"embeddable":true,"href":"https:\/\/akunq.net\/tr\/index.php?rest_route=\/wp\/v2\/media\/61276"}],"wp:attachment":[{"href":"https:\/\/akunq.net\/tr\/index.php?rest_route=%2Fwp%2Fv2%2Fmedia&parent=61275"}],"wp:term":[{"taxonomy":"category","embeddable":true,"href":"https:\/\/akunq.net\/tr\/index.php?rest_route=%2Fwp%2Fv2%2Fcategories&post=61275"},{"taxonomy":"post_tag","embeddable":true,"href":"https:\/\/akunq.net\/tr\/index.php?rest_route=%2Fwp%2Fv2%2Ftags&post=61275"}],"curies":[{"name":"wp","href":"https:\/\/api.w.org\/{rel}","templated":true}]}}