{"id":61264,"date":"2021-02-02T02:39:15","date_gmt":"2021-02-02T07:39:15","guid":{"rendered":"https:\/\/akunq.net\/tr\/?p=61264"},"modified":"2021-02-02T02:39:15","modified_gmt":"2021-02-02T07:39:15","slug":"restorasyonu-tamamlanan-kizlar-manastirinin-bu-yaz-acilmasi-planlaniyor","status":"publish","type":"post","link":"https:\/\/akunq.net\/tr\/?p=61264","title":{"rendered":"Restorasyonu tamamlanan K\u0131zlar Manast\u0131r\u0131\u2019n\u0131n bu yaz a\u00e7\u0131lmas\u0131 planlan\u0131yor"},"content":{"rendered":"<p><img loading=\"lazy\" decoding=\"async\" class=\"aligncenter size-medium wp-image-61265\" src=\"https:\/\/akunq.net\/tr\/wp-content\/uploads\/2021\/02\/K\u0131zlar-Manast\u0131r\u0131-360x203.jpg\" alt=\"\" width=\"360\" height=\"203\" srcset=\"https:\/\/akunq.net\/tr\/wp-content\/uploads\/sites\/6\/2021\/02\/K\u0131zlar-Manast\u0131r\u0131-360x203.jpg 360w, https:\/\/akunq.net\/tr\/wp-content\/uploads\/sites\/6\/2021\/02\/K\u0131zlar-Manast\u0131r\u0131-260x146.jpg 260w, https:\/\/akunq.net\/tr\/wp-content\/uploads\/sites\/6\/2021\/02\/K\u0131zlar-Manast\u0131r\u0131-160x90.jpg 160w, https:\/\/akunq.net\/tr\/wp-content\/uploads\/sites\/6\/2021\/02\/K\u0131zlar-Manast\u0131r\u0131.jpg 512w\" sizes=\"auto, (max-width: 360px) 100vw, 360px\" \/><\/p>\n<p><em><strong>Trabzon\u2019a hakim Boztepe s\u0131rtlar\u0131nda 14. y\u00fczy\u0131lda yap\u0131lan ve zaman i\u00e7erisinde ilgisizlikten dolay\u0131 harabeye d\u00f6nen K\u0131zlar Manast\u0131r\u0131\u2019n\u0131n 4 y\u0131ll\u0131k restorasyon s\u00fcreci ge\u00e7en y\u0131l yaz aylar\u0131nda sona erdi. Restorasyonunu tamamlanmas\u0131n\u0131n ard\u0131ndan manast\u0131r ge\u00e7ti\u011fimiz y\u0131l Trabzon B\u00fcy\u00fck\u015fehir Belediyesi\u2019ne devredilirken, Koronavir\u00fcs salg\u0131n\u0131 s\u00fcreci nedeniyle a\u00e7\u0131l\u0131\u015f\u0131 ertelenen manast\u0131r\u0131n bu yaz turizme a\u00e7\u0131lmas\u0131 planlan\u0131yor.<\/strong><\/em><\/p>\n<p><strong>\u015eehre hakim bir yama\u00e7ta bulunuyor<\/strong><br \/>\nTrabzon\u2019un Boztepe yamac\u0131nda \u015fehre hakim bir yama\u00e7ta Komnenos Kral\u0131 III. Alexios d\u00f6neminde 1349-1390 y\u0131llar\u0131 aras\u0131nda in\u015fa edilen K\u0131zlar Manast\u0131r\u0131, birka\u00e7 defa onar\u0131lsa da son \u015feklini 19. y\u00fczy\u0131lda ald\u0131. \u015eapel ve birka\u00e7 h\u00fccrenin bulundu\u011fu manast\u0131rdaki kaya kilisesinin i\u00e7erisinde kitabeler ve III. Alexios\u2019un e\u015fi Theodora ve annesi Eirene\u2019n\u0131n portreleri yer al\u0131rken, y\u00fcksek bir koruma duvar\u0131 ile \u00e7evrilen manast\u0131r son 100 y\u0131lda b\u00fcy\u00fck tahribata u\u011frad\u0131. Cumhuriyet d\u00f6nemi sonras\u0131nda i\u00e7erisine do\u011fal afetlerden ka\u00e7arak yerle\u015ftirilen insanlar\u0131n verdi\u011fi zarar ve yap\u0131n\u0131n uzun y\u0131llar iskana kapat\u0131lm\u0131\u015f olmas\u0131ndan dolay\u0131 definecilerin de neden oldu\u011fu tahribat nedeniyle b\u00fcy\u00fck zarar g\u00f6rd\u00fc, harabe haline geldi.<\/p>\n<p><strong>\u0130lk kez 1986 y\u0131l\u0131nda restorasyon \u00e7al\u0131\u015fmas\u0131 yap\u0131ld\u0131<\/strong><br \/>\nY\u0131llarca at\u0131l durumdaki manast\u0131r i\u00e7in ilk olarak 1986 y\u0131l\u0131nda bir restorasyon \u00e7al\u0131\u015fmas\u0131 ba\u015flat\u0131ld\u0131. \u0130stanbul Teknik \u00dcniversitesi (\u0130T\u00dc) Mimarl\u0131k Fak\u00fcltesi taraf\u0131ndan yap\u0131lan kaz\u0131 ve restorasyon \u00e7al\u0131\u015fmalarda manast\u0131r alan\u0131 i\u00e7inde Bizans d\u00f6neminde bolca kullan\u0131lan seramik kap-kacak par\u00e7alar\u0131, i\u015flikler, mezar alan\u0131, f\u0131r\u0131n birimlerinin yan\u0131 s\u0131ra manast\u0131r\u0131n bat\u0131 k\u0131sm\u0131na biri uzanan su kanallar\u0131n\u0131n ortaya \u00e7\u0131kmas\u0131 sa\u011fland\u0131. 2006 y\u0131l\u0131na gelindi\u011finde ise alan\u0131n kimli\u011fini koruyarak turizm \u00f6ncelikli alan olarak a\u00e7\u0131lmas\u0131 projesi y\u00fcr\u00fct\u00fcld\u00fc, yap\u0131 birimlerinin bulundu\u011fu alanlarda temizlik \u00e7al\u0131\u015fmas\u0131 yap\u0131ld\u0131. Temizlik \u00e7al\u0131\u015fmas\u0131nda i\u00e7eride bulunan otlar, sarma\u015f\u0131klar, a\u011fa\u00e7lar ve temizlenerek yap\u0131lacak kaz\u0131 \u00e7al\u0131\u015fmas\u0131na uygun hale getirildi. Haz\u0131rlanan restit\u00fcsyon raporu ile yap\u0131 restorayon projesi K\u00fclt\u00fcr ve Tabiat Varl\u0131klar\u0131 Koruma B\u00f6lge Kurulu\u2019nun onay\u0131ndan ge\u00e7erken, 2006-2011 y\u0131llar\u0131nda devam eden kaz\u0131 sonucunda haz\u0131rlanan projeye 2014 y\u0131l\u0131nda start verildi.<\/p>\n<p>2014 y\u0131l\u0131n\u0131n Mart ay\u0131nda K\u00fclt\u00fcr ve Turizm Bakanl\u0131\u011f\u0131 taraf\u0131ndan asl\u0131na uygun olarak restore edilmesi i\u00e7in \u00e7al\u0131\u015fmalara ba\u015flan\u0131rken, \u00e7al\u0131\u015fmalar yakla\u015f\u0131k 2 milyon TL\u2019ye mal oldu. 6 y\u0131l s\u00fcren \u00e7al\u0131\u015fmalar ge\u00e7ti\u011fimiz y\u0131l yaz aylar\u0131nda tamamlan\u0131rken, tarihi Kaya Kilisesi ve \u00f6rne\u011fine nadir rastlanan fresklerin g\u00fcn y\u00fcz\u00fcne \u00e7\u0131kar\u0131ld\u0131\u011f\u0131 manast\u0131r t\u00fcm d\u00fcnyay\u0131 etkisi alt\u0131na alan Korona vir\u00fcs salg\u0131n\u0131 nedeniyle ziyarete a\u00e7\u0131lamad\u0131. Sarp kayalar \u00fczerine oturtulan ve \u00e7evre duvarlar\u0131yla s\u0131n\u0131rlanan kompleks, rahibeler manast\u0131r\u0131 da olarak bilinirken, manast\u0131r\u0131n bu yaz turizme sezonunda ziyarete a\u00e7\u0131lmas\u0131 planlan\u0131yor.<\/p>\n<p><strong>Kaya Kilisesi<\/strong><br \/>\nManast\u0131rda en \u00e7ok dikkati \u00e7eken b\u00f6l\u00fcm ise Kaya Kilisesi olarak biliniyor. Manast\u0131r\u0131n \u00e7ekirde\u011fini olu\u015fturan ve do\u011fal bir ma\u011faran\u0131n bi\u00e7imlendirilmesiyle elde edildi\u011fi d\u00fc\u015f\u00fcn\u00fclen Kaya Kilisesi\u2019nin mevcut duvar\u0131 ise 19. y\u00fczy\u0131lda yap\u0131ld\u0131. Kilise i\u00e7erisinde kayalardan s\u0131zan sulardan kaynaklanan ayazma yer al\u0131rken, kilisenin duvarlar\u0131 ve be\u015fik tonozlu \u00f6rt\u00fcs\u00fc, frekslerle bezeli. Duvar resimleri genellikle iki tabakadan olu\u015fan kilisenin duvarlar\u0131nda madalyanlor i\u00e7inde peygamberler, azizler, melek tasvirleri ve incil konulu sahneler yer al\u0131yor.<\/p>\n<p>Agios Konstantinos Kilisesi, \u015fapel, misafirhane, \u00e7an kulesi, mezar \u015fapeli ve an\u0131t mezar\u0131n yer ald\u0131\u011f\u0131 K\u0131zlar Manast\u0131r\u0131nda A ve B h\u00fccreleri de bulunuyor. Manast\u0131r\u0131nda kuzeybat\u0131 kesimi \u00fczerinde y\u00fckselen A h\u00fccresinde yedi b\u00f6lme bulunurken, hi\u00e7birinde ocak bulunmayan h\u00fccrelerin baz\u0131lar\u0131n\u0131n duvarlar\u0131nda ni\u015fler mevcut. H\u00fccrelerin kente bakan cephelerinde iki, avluya akan giri\u015f duvarlar\u0131nda birer pencere bulunurken, manast\u0131daki \u015fapelden ge\u00e7ilerek ula\u015f\u0131lan B h\u00fccresinde ise oda izleri g\u00f6r\u00fcl\u00fcyor. Ba\u011f\u0131ms\u0131z bir giri\u015f olmayan h\u00fccrenin gerisinde ise hamam b\u00f6l\u00fcm\u00fc yer al\u0131yor.<\/p>\n<p><strong><em>https:\/\/t24.com.tr\/video\/restorasyonu-tamamlanan-kizlar-manastiri-nin-bu-yaz-acilmasi-planlaniyor,35903\u00a0<\/em><\/strong><\/p>\n","protected":false},"excerpt":{"rendered":"<p>Trabzon\u2019a hakim Boztepe s\u0131rtlar\u0131nda 14. y\u00fczy\u0131lda yap\u0131lan ve zaman i\u00e7erisinde ilgisizlikten dolay\u0131 harabeye d\u00f6nen K\u0131zlar Manast\u0131r\u0131\u2019n\u0131n 4 y\u0131ll\u0131k restorasyon s\u00fcreci ge\u00e7en y\u0131l yaz aylar\u0131nda sona erdi. Restorasyonunu tamamlanmas\u0131n\u0131n ard\u0131ndan manast\u0131r ge\u00e7ti\u011fimiz y\u0131l Trabzon B\u00fcy\u00fck\u015fehir Belediyesi\u2019ne devredilirken, Koronavir\u00fcs salg\u0131n\u0131 s\u00fcreci nedeniyle a\u00e7\u0131l\u0131\u015f\u0131 ertelenen manast\u0131r\u0131n bu yaz turizme a\u00e7\u0131lmas\u0131 planlan\u0131yor. \u015eehre hakim bir yama\u00e7ta bulunuyor Trabzon\u2019un Boztepe [&hellip;]<\/p>\n","protected":false},"author":7,"featured_media":61265,"comment_status":"open","ping_status":"open","sticky":false,"template":"","format":"standard","meta":{"footnotes":""},"categories":[1],"tags":[],"class_list":["post-61264","post","type-post","status-publish","format-standard","has-post-thumbnail","hentry","category-haberler"],"yoast_head":"<!-- This site is optimized with the Yoast SEO plugin v27.4 - https:\/\/yoast.com\/product\/yoast-seo-wordpress\/ -->\n<title>Restorasyonu tamamlanan K\u0131zlar Manast\u0131r\u0131\u2019n\u0131n bu yaz a\u00e7\u0131lmas\u0131 planlan\u0131yor - Bati Ermenistan Ve Bati Ermenileri Sorunlari Ara\u015ftirmalar Merkezi<\/title>\n<meta name=\"robots\" content=\"index, follow, max-snippet:-1, max-image-preview:large, max-video-preview:-1\" \/>\n<link rel=\"canonical\" href=\"https:\/\/akunq.net\/tr\/?p=61264\" \/>\n<meta property=\"og:locale\" content=\"en_US\" \/>\n<meta property=\"og:type\" content=\"article\" \/>\n<meta property=\"og:title\" content=\"Restorasyonu tamamlanan K\u0131zlar Manast\u0131r\u0131\u2019n\u0131n bu yaz a\u00e7\u0131lmas\u0131 planlan\u0131yor - Bati Ermenistan Ve Bati Ermenileri Sorunlari Ara\u015ftirmalar Merkezi\" \/>\n<meta property=\"og:description\" content=\"Trabzon\u2019a hakim Boztepe s\u0131rtlar\u0131nda 14. y\u00fczy\u0131lda yap\u0131lan ve zaman i\u00e7erisinde ilgisizlikten dolay\u0131 harabeye d\u00f6nen K\u0131zlar Manast\u0131r\u0131\u2019n\u0131n 4 y\u0131ll\u0131k restorasyon s\u00fcreci ge\u00e7en y\u0131l yaz aylar\u0131nda sona erdi. Restorasyonunu tamamlanmas\u0131n\u0131n ard\u0131ndan manast\u0131r ge\u00e7ti\u011fimiz y\u0131l Trabzon B\u00fcy\u00fck\u015fehir Belediyesi\u2019ne devredilirken, Koronavir\u00fcs salg\u0131n\u0131 s\u00fcreci nedeniyle a\u00e7\u0131l\u0131\u015f\u0131 ertelenen manast\u0131r\u0131n bu yaz turizme a\u00e7\u0131lmas\u0131 planlan\u0131yor. \u015eehre hakim bir yama\u00e7ta bulunuyor Trabzon\u2019un Boztepe [&hellip;]\" \/>\n<meta property=\"og:url\" content=\"https:\/\/akunq.net\/tr\/?p=61264\" \/>\n<meta property=\"og:site_name\" content=\"Bati Ermenistan Ve Bati Ermenileri Sorunlari Ara\u015ftirmalar Merkezi\" \/>\n<meta property=\"article:published_time\" content=\"2021-02-02T07:39:15+00:00\" \/>\n<meta property=\"og:image\" content=\"https:\/\/akunq.net\/tr\/wp-content\/uploads\/sites\/6\/2021\/02\/K\u0131zlar-Manast\u0131r\u0131.jpg\" \/>\n\t<meta property=\"og:image:width\" content=\"512\" \/>\n\t<meta property=\"og:image:height\" content=\"288\" \/>\n\t<meta property=\"og:image:type\" content=\"image\/jpeg\" \/>\n<meta name=\"author\" content=\"admin\" \/>\n<meta name=\"twitter:card\" content=\"summary_large_image\" \/>\n<meta name=\"twitter:label1\" content=\"Written by\" \/>\n\t<meta name=\"twitter:data1\" content=\"admin\" \/>\n\t<meta name=\"twitter:label2\" content=\"Est. reading time\" \/>\n\t<meta name=\"twitter:data2\" content=\"4 minutes\" \/>\n<script type=\"application\/ld+json\" class=\"yoast-schema-graph\">{\"@context\":\"https:\\\/\\\/schema.org\",\"@graph\":[{\"@type\":\"Article\",\"@id\":\"https:\\\/\\\/akunq.net\\\/tr\\\/?p=61264#article\",\"isPartOf\":{\"@id\":\"https:\\\/\\\/akunq.net\\\/tr\\\/?p=61264\"},\"author\":{\"name\":\"admin\",\"@id\":\"https:\\\/\\\/akunq.net\\\/tr\\\/#\\\/schema\\\/person\\\/096f1d38a12cce57fb855b485ed24c9e\"},\"headline\":\"Restorasyonu tamamlanan K\u0131zlar Manast\u0131r\u0131\u2019n\u0131n bu yaz a\u00e7\u0131lmas\u0131 planlan\u0131yor\",\"datePublished\":\"2021-02-02T07:39:15+00:00\",\"mainEntityOfPage\":{\"@id\":\"https:\\\/\\\/akunq.net\\\/tr\\\/?p=61264\"},\"wordCount\":751,\"commentCount\":0,\"image\":{\"@id\":\"https:\\\/\\\/akunq.net\\\/tr\\\/?p=61264#primaryimage\"},\"thumbnailUrl\":\"https:\\\/\\\/akunq.net\\\/tr\\\/wp-content\\\/uploads\\\/sites\\\/6\\\/2021\\\/02\\\/K\u0131zlar-Manast\u0131r\u0131.jpg\",\"articleSection\":[\"Haberler\"],\"inLanguage\":\"en-US\",\"potentialAction\":[{\"@type\":\"CommentAction\",\"name\":\"Comment\",\"target\":[\"https:\\\/\\\/akunq.net\\\/tr\\\/?p=61264#respond\"]}]},{\"@type\":\"WebPage\",\"@id\":\"https:\\\/\\\/akunq.net\\\/tr\\\/?p=61264\",\"url\":\"https:\\\/\\\/akunq.net\\\/tr\\\/?p=61264\",\"name\":\"Restorasyonu tamamlanan K\u0131zlar Manast\u0131r\u0131\u2019n\u0131n bu yaz a\u00e7\u0131lmas\u0131 planlan\u0131yor - Bati Ermenistan Ve Bati Ermenileri Sorunlari Ara\u015ftirmalar Merkezi\",\"isPartOf\":{\"@id\":\"https:\\\/\\\/akunq.net\\\/tr\\\/#website\"},\"primaryImageOfPage\":{\"@id\":\"https:\\\/\\\/akunq.net\\\/tr\\\/?p=61264#primaryimage\"},\"image\":{\"@id\":\"https:\\\/\\\/akunq.net\\\/tr\\\/?p=61264#primaryimage\"},\"thumbnailUrl\":\"https:\\\/\\\/akunq.net\\\/tr\\\/wp-content\\\/uploads\\\/sites\\\/6\\\/2021\\\/02\\\/K\u0131zlar-Manast\u0131r\u0131.jpg\",\"datePublished\":\"2021-02-02T07:39:15+00:00\",\"author\":{\"@id\":\"https:\\\/\\\/akunq.net\\\/tr\\\/#\\\/schema\\\/person\\\/096f1d38a12cce57fb855b485ed24c9e\"},\"breadcrumb\":{\"@id\":\"https:\\\/\\\/akunq.net\\\/tr\\\/?p=61264#breadcrumb\"},\"inLanguage\":\"en-US\",\"potentialAction\":[{\"@type\":\"ReadAction\",\"target\":[\"https:\\\/\\\/akunq.net\\\/tr\\\/?p=61264\"]}]},{\"@type\":\"ImageObject\",\"inLanguage\":\"en-US\",\"@id\":\"https:\\\/\\\/akunq.net\\\/tr\\\/?p=61264#primaryimage\",\"url\":\"https:\\\/\\\/akunq.net\\\/tr\\\/wp-content\\\/uploads\\\/sites\\\/6\\\/2021\\\/02\\\/K\u0131zlar-Manast\u0131r\u0131.jpg\",\"contentUrl\":\"https:\\\/\\\/akunq.net\\\/tr\\\/wp-content\\\/uploads\\\/sites\\\/6\\\/2021\\\/02\\\/K\u0131zlar-Manast\u0131r\u0131.jpg\",\"width\":512,\"height\":288},{\"@type\":\"BreadcrumbList\",\"@id\":\"https:\\\/\\\/akunq.net\\\/tr\\\/?p=61264#breadcrumb\",\"itemListElement\":[{\"@type\":\"ListItem\",\"position\":1,\"name\":\"Home\",\"item\":\"https:\\\/\\\/akunq.net\\\/tr\"},{\"@type\":\"ListItem\",\"position\":2,\"name\":\"Restorasyonu tamamlanan K\u0131zlar Manast\u0131r\u0131\u2019n\u0131n bu yaz a\u00e7\u0131lmas\u0131 planlan\u0131yor\"}]},{\"@type\":\"WebSite\",\"@id\":\"https:\\\/\\\/akunq.net\\\/tr\\\/#website\",\"url\":\"https:\\\/\\\/akunq.net\\\/tr\\\/\",\"name\":\"Bati Ermenistan Ve Bati Ermenileri Sorunlari Ara\u015ftirmalar Merkezi\",\"description\":\"\",\"potentialAction\":[{\"@type\":\"SearchAction\",\"target\":{\"@type\":\"EntryPoint\",\"urlTemplate\":\"https:\\\/\\\/akunq.net\\\/tr\\\/?s={search_term_string}\"},\"query-input\":{\"@type\":\"PropertyValueSpecification\",\"valueRequired\":true,\"valueName\":\"search_term_string\"}}],\"inLanguage\":\"en-US\"},{\"@type\":\"Person\",\"@id\":\"https:\\\/\\\/akunq.net\\\/tr\\\/#\\\/schema\\\/person\\\/096f1d38a12cce57fb855b485ed24c9e\",\"name\":\"admin\",\"url\":\"https:\\\/\\\/akunq.net\\\/tr\\\/?author=7\"}]}<\/script>\n<!-- \/ Yoast SEO plugin. -->","yoast_head_json":{"title":"Restorasyonu tamamlanan K\u0131zlar Manast\u0131r\u0131\u2019n\u0131n bu yaz a\u00e7\u0131lmas\u0131 planlan\u0131yor - Bati Ermenistan Ve Bati Ermenileri Sorunlari Ara\u015ftirmalar Merkezi","robots":{"index":"index","follow":"follow","max-snippet":"max-snippet:-1","max-image-preview":"max-image-preview:large","max-video-preview":"max-video-preview:-1"},"canonical":"https:\/\/akunq.net\/tr\/?p=61264","og_locale":"en_US","og_type":"article","og_title":"Restorasyonu tamamlanan K\u0131zlar Manast\u0131r\u0131\u2019n\u0131n bu yaz a\u00e7\u0131lmas\u0131 planlan\u0131yor - Bati Ermenistan Ve Bati Ermenileri Sorunlari Ara\u015ftirmalar Merkezi","og_description":"Trabzon\u2019a hakim Boztepe s\u0131rtlar\u0131nda 14. y\u00fczy\u0131lda yap\u0131lan ve zaman i\u00e7erisinde ilgisizlikten dolay\u0131 harabeye d\u00f6nen K\u0131zlar Manast\u0131r\u0131\u2019n\u0131n 4 y\u0131ll\u0131k restorasyon s\u00fcreci ge\u00e7en y\u0131l yaz aylar\u0131nda sona erdi. Restorasyonunu tamamlanmas\u0131n\u0131n ard\u0131ndan manast\u0131r ge\u00e7ti\u011fimiz y\u0131l Trabzon B\u00fcy\u00fck\u015fehir Belediyesi\u2019ne devredilirken, Koronavir\u00fcs salg\u0131n\u0131 s\u00fcreci nedeniyle a\u00e7\u0131l\u0131\u015f\u0131 ertelenen manast\u0131r\u0131n bu yaz turizme a\u00e7\u0131lmas\u0131 planlan\u0131yor. \u015eehre hakim bir yama\u00e7ta bulunuyor Trabzon\u2019un Boztepe [&hellip;]","og_url":"https:\/\/akunq.net\/tr\/?p=61264","og_site_name":"Bati Ermenistan Ve Bati Ermenileri Sorunlari Ara\u015ftirmalar Merkezi","article_published_time":"2021-02-02T07:39:15+00:00","og_image":[{"width":512,"height":288,"url":"https:\/\/akunq.net\/tr\/wp-content\/uploads\/sites\/6\/2021\/02\/K\u0131zlar-Manast\u0131r\u0131.jpg","type":"image\/jpeg"}],"author":"admin","twitter_card":"summary_large_image","twitter_misc":{"Written by":"admin","Est. reading time":"4 minutes"},"schema":{"@context":"https:\/\/schema.org","@graph":[{"@type":"Article","@id":"https:\/\/akunq.net\/tr\/?p=61264#article","isPartOf":{"@id":"https:\/\/akunq.net\/tr\/?p=61264"},"author":{"name":"admin","@id":"https:\/\/akunq.net\/tr\/#\/schema\/person\/096f1d38a12cce57fb855b485ed24c9e"},"headline":"Restorasyonu tamamlanan K\u0131zlar Manast\u0131r\u0131\u2019n\u0131n bu yaz a\u00e7\u0131lmas\u0131 planlan\u0131yor","datePublished":"2021-02-02T07:39:15+00:00","mainEntityOfPage":{"@id":"https:\/\/akunq.net\/tr\/?p=61264"},"wordCount":751,"commentCount":0,"image":{"@id":"https:\/\/akunq.net\/tr\/?p=61264#primaryimage"},"thumbnailUrl":"https:\/\/akunq.net\/tr\/wp-content\/uploads\/sites\/6\/2021\/02\/K\u0131zlar-Manast\u0131r\u0131.jpg","articleSection":["Haberler"],"inLanguage":"en-US","potentialAction":[{"@type":"CommentAction","name":"Comment","target":["https:\/\/akunq.net\/tr\/?p=61264#respond"]}]},{"@type":"WebPage","@id":"https:\/\/akunq.net\/tr\/?p=61264","url":"https:\/\/akunq.net\/tr\/?p=61264","name":"Restorasyonu tamamlanan K\u0131zlar Manast\u0131r\u0131\u2019n\u0131n bu yaz a\u00e7\u0131lmas\u0131 planlan\u0131yor - Bati Ermenistan Ve Bati Ermenileri Sorunlari Ara\u015ftirmalar Merkezi","isPartOf":{"@id":"https:\/\/akunq.net\/tr\/#website"},"primaryImageOfPage":{"@id":"https:\/\/akunq.net\/tr\/?p=61264#primaryimage"},"image":{"@id":"https:\/\/akunq.net\/tr\/?p=61264#primaryimage"},"thumbnailUrl":"https:\/\/akunq.net\/tr\/wp-content\/uploads\/sites\/6\/2021\/02\/K\u0131zlar-Manast\u0131r\u0131.jpg","datePublished":"2021-02-02T07:39:15+00:00","author":{"@id":"https:\/\/akunq.net\/tr\/#\/schema\/person\/096f1d38a12cce57fb855b485ed24c9e"},"breadcrumb":{"@id":"https:\/\/akunq.net\/tr\/?p=61264#breadcrumb"},"inLanguage":"en-US","potentialAction":[{"@type":"ReadAction","target":["https:\/\/akunq.net\/tr\/?p=61264"]}]},{"@type":"ImageObject","inLanguage":"en-US","@id":"https:\/\/akunq.net\/tr\/?p=61264#primaryimage","url":"https:\/\/akunq.net\/tr\/wp-content\/uploads\/sites\/6\/2021\/02\/K\u0131zlar-Manast\u0131r\u0131.jpg","contentUrl":"https:\/\/akunq.net\/tr\/wp-content\/uploads\/sites\/6\/2021\/02\/K\u0131zlar-Manast\u0131r\u0131.jpg","width":512,"height":288},{"@type":"BreadcrumbList","@id":"https:\/\/akunq.net\/tr\/?p=61264#breadcrumb","itemListElement":[{"@type":"ListItem","position":1,"name":"Home","item":"https:\/\/akunq.net\/tr"},{"@type":"ListItem","position":2,"name":"Restorasyonu tamamlanan K\u0131zlar Manast\u0131r\u0131\u2019n\u0131n bu yaz a\u00e7\u0131lmas\u0131 planlan\u0131yor"}]},{"@type":"WebSite","@id":"https:\/\/akunq.net\/tr\/#website","url":"https:\/\/akunq.net\/tr\/","name":"Bati Ermenistan Ve Bati Ermenileri Sorunlari Ara\u015ftirmalar Merkezi","description":"","potentialAction":[{"@type":"SearchAction","target":{"@type":"EntryPoint","urlTemplate":"https:\/\/akunq.net\/tr\/?s={search_term_string}"},"query-input":{"@type":"PropertyValueSpecification","valueRequired":true,"valueName":"search_term_string"}}],"inLanguage":"en-US"},{"@type":"Person","@id":"https:\/\/akunq.net\/tr\/#\/schema\/person\/096f1d38a12cce57fb855b485ed24c9e","name":"admin","url":"https:\/\/akunq.net\/tr\/?author=7"}]}},"_links":{"self":[{"href":"https:\/\/akunq.net\/tr\/index.php?rest_route=\/wp\/v2\/posts\/61264","targetHints":{"allow":["GET"]}}],"collection":[{"href":"https:\/\/akunq.net\/tr\/index.php?rest_route=\/wp\/v2\/posts"}],"about":[{"href":"https:\/\/akunq.net\/tr\/index.php?rest_route=\/wp\/v2\/types\/post"}],"author":[{"embeddable":true,"href":"https:\/\/akunq.net\/tr\/index.php?rest_route=\/wp\/v2\/users\/7"}],"replies":[{"embeddable":true,"href":"https:\/\/akunq.net\/tr\/index.php?rest_route=%2Fwp%2Fv2%2Fcomments&post=61264"}],"version-history":[{"count":1,"href":"https:\/\/akunq.net\/tr\/index.php?rest_route=\/wp\/v2\/posts\/61264\/revisions"}],"predecessor-version":[{"id":61266,"href":"https:\/\/akunq.net\/tr\/index.php?rest_route=\/wp\/v2\/posts\/61264\/revisions\/61266"}],"wp:featuredmedia":[{"embeddable":true,"href":"https:\/\/akunq.net\/tr\/index.php?rest_route=\/wp\/v2\/media\/61265"}],"wp:attachment":[{"href":"https:\/\/akunq.net\/tr\/index.php?rest_route=%2Fwp%2Fv2%2Fmedia&parent=61264"}],"wp:term":[{"taxonomy":"category","embeddable":true,"href":"https:\/\/akunq.net\/tr\/index.php?rest_route=%2Fwp%2Fv2%2Fcategories&post=61264"},{"taxonomy":"post_tag","embeddable":true,"href":"https:\/\/akunq.net\/tr\/index.php?rest_route=%2Fwp%2Fv2%2Ftags&post=61264"}],"curies":[{"name":"wp","href":"https:\/\/api.w.org\/{rel}","templated":true}]}}