{"id":61261,"date":"2021-02-02T02:27:21","date_gmt":"2021-02-02T07:27:21","guid":{"rendered":"https:\/\/akunq.net\/tr\/?p=61261"},"modified":"2021-02-02T02:27:21","modified_gmt":"2021-02-02T07:27:21","slug":"erdogan-yeni-anayasa-icin-harekete-gecebiliriz","status":"publish","type":"post","link":"https:\/\/akunq.net\/tr\/?p=61261","title":{"rendered":"Erdo\u011fan: Yeni anayasa i\u00e7in harekete ge\u00e7ebiliriz"},"content":{"rendered":"<p><img loading=\"lazy\" decoding=\"async\" class=\"aligncenter size-medium wp-image-61262\" src=\"https:\/\/akunq.net\/tr\/wp-content\/uploads\/2021\/02\/\u0537\u0580\u0564\u0578\u0572\u0561\u0576-360x239.jpg\" alt=\"\" width=\"360\" height=\"239\" srcset=\"https:\/\/akunq.net\/tr\/wp-content\/uploads\/sites\/6\/2021\/02\/\u0537\u0580\u0564\u0578\u0572\u0561\u0576-360x239.jpg 360w, https:\/\/akunq.net\/tr\/wp-content\/uploads\/sites\/6\/2021\/02\/\u0537\u0580\u0564\u0578\u0572\u0561\u0576-560x372.jpg 560w, https:\/\/akunq.net\/tr\/wp-content\/uploads\/sites\/6\/2021\/02\/\u0537\u0580\u0564\u0578\u0572\u0561\u0576-260x173.jpg 260w, https:\/\/akunq.net\/tr\/wp-content\/uploads\/sites\/6\/2021\/02\/\u0537\u0580\u0564\u0578\u0572\u0561\u0576-160x106.jpg 160w, https:\/\/akunq.net\/tr\/wp-content\/uploads\/sites\/6\/2021\/02\/\u0537\u0580\u0564\u0578\u0572\u0561\u0576.jpg 768w\" sizes=\"auto, (max-width: 360px) 100vw, 360px\" \/><\/p>\n<p><em><strong>Cumhurba\u015fkan\u0131 Erdo\u011fan, kabine toplant\u0131s\u0131 sonras\u0131 yapt\u0131\u011f\u0131 a\u00e7\u0131klamada yak\u0131nda yeni anayasa i\u00e7in harekete ge\u00e7ilebilece\u011fini s\u00f6yledi.<\/strong><\/em><\/p>\n<p>Cumhurba\u015fkan\u0131 Recep Tayyip Erdo\u011fan, Cumhurba\u015fkanl\u0131\u011f\u0131 Kabine Toplant\u0131s\u0131&#8217;n\u0131n ard\u0131ndan bas\u0131n toplant\u0131s\u0131 d\u00fczenledi. Erdo\u011fan a\u00e7\u0131klamas\u0131nda, &#8220;Belki de \u015fimdi T\u00fcrkiye&#8217;nin tekrar anayasay\u0131 tart\u0131\u015fmas\u0131n\u0131n vakti gelmi\u015ftir&#8221; dedi. Erdo\u011fan s\u00f6zlerini &#8220;\u00d6n\u00fcm\u00fczdeki d\u00f6nemde yeni anayasa i\u00e7in harekete ge\u00e7ebiliriz&#8221; diye s\u00fcrd\u00fcrd\u00fc.<\/p>\n<p>Erdo\u011fan, &#8220;T\u00fcrkiye&#8217;de sorunlar\u0131n kayna\u011f\u0131n\u0131n 1960&#8217;dan beri darbeciler taraf\u0131ndan yap\u0131lan anayasalar oldu\u011fu ortadad\u0131r. Bunun i\u00e7in daha \u00f6nce yeni bir anayasa giri\u015fiminde bulunmu\u015ftuk. Anayasa \u00e7al\u0131\u015fmas\u0131 milletin g\u00f6z\u00fc \u00f6n\u00fcnde ve t\u00fcm temsilcilerinin kat\u0131l\u0131m\u0131 ile olmal\u0131d\u0131r ve milletin takdirine sunulmas\u0131 gereklidir. \u00dclkemizin bu f\u0131rsat\u0131 ka\u00e7\u0131rmas\u0131ndan \u00fczg\u00fcn\u00fcz. Belki de \u00fclkemizde yeni bir anayasa tart\u0131\u015fmas\u0131 ba\u015flamal\u0131d\u0131r&#8221; dedi. Erdo\u011fan, &#8220;Cumhur \u0130ttifak\u0131&#8217;ndaki orta\u011f\u0131m\u0131zla bir anlay\u0131\u015f birli\u011fine varmam\u0131z halinde \u00f6n\u00fcm\u00fczdeki d\u00f6nemde yeni anayasa i\u00e7in harekete ge\u00e7ebiliriz&#8221; ifaedlerini kulland\u0131.<\/p>\n<p>Konu\u015fmas\u0131nda reform \u00e7al\u0131\u015fmalar\u0131na da de\u011finen Erdo\u011fan, &#8220;Her kim &#8216;bu \u00fclkede yeni reforma ihtiya\u00e7 yoktur&#8217; derse o ki\u015fi T\u00fcrkiye&#8217;den de d\u00fcnyadan da toplumdan da bihaberdir&#8221; diyerek\u00a0yak\u0131nda reformlarla ilgili kapsaml\u0131 bir \u00e7al\u0131\u015fman\u0131n kamuoyu ile payla\u015f\u0131laca\u011f\u0131n\u0131 s\u00f6yledi.<\/p>\n<p><strong>K\u00f6y okullar\u0131 15 \u015eubat\u2019ta a\u00e7\u0131l\u0131yor<\/strong><\/p>\n<p>Konu\u015fmas\u0131nda koronavir\u00fcs pandemisi ile m\u00fccadele \u00f6nlemlerine de de\u011finen Cumhurba\u015fkan\u0131 Erdo\u011fan, y\u00fcz y\u00fcze e\u011fitimin k\u00f6y okullar\u0131nda 15 \u015eubat\u2018ta ba\u015flat\u0131laca\u011f\u0131n\u0131 kararla\u015ft\u0131rd\u0131klar\u0131n\u0131 s\u00f6yledi. Erdo\u011fan 8 ve 12\u2018inci s\u0131n\u0131flar\u0131n ise kademeli olarak 1 Mart&#8217;ta e\u011fitime ba\u015flayaca\u011f\u0131n\u0131 belirtti.<\/p>\n<p>Erdo\u011fan, \u201cOla\u011fan bir art\u0131\u015f s\u00f6z konusu olursa e\u011fitime yeniden ara verilecektir. \u00d6zellikle s\u00f6yleyeyim. 8 ve 12 s\u0131n\u0131flar ile ilkokul ve \u00f6zel okullar\u0131n e\u011fitim \u00f6\u011fretimin 1 Mart&#8217;tan itibaren haz\u0131rl\u0131klara ba\u015flanacak. Vaka say\u0131s\u0131n\u0131n d\u00fc\u015f\u00fc\u015f\u00fcne g\u00f6re esnaflara y\u00f6nelik k\u0131s\u0131tlamalar i\u00e7in gerekli takvimin ba\u015flat\u0131lmas\u0131n\u0131 haz\u0131rl\u0131yoruz\u201d \u015feklinde konu\u015ftu.<\/p>\n<p><em><strong>DW\/B\u00d6,HS<\/strong><\/em><\/p>\n<p><em><strong>\u00a9Deutsche Welle T\u00fcrk\u00e7e<\/strong><\/em><\/p>\n<p><em><strong>https:\/\/www.dw.com\/tr\/erdo%C4%9Fan-yeni-anayasa-i%C3%A7in-harekete-ge%C3%A7ebiliriz\/a-56409314\u00a0<\/strong><\/em><\/p>\n","protected":false},"excerpt":{"rendered":"<p>Cumhurba\u015fkan\u0131 Erdo\u011fan, kabine toplant\u0131s\u0131 sonras\u0131 yapt\u0131\u011f\u0131 a\u00e7\u0131klamada yak\u0131nda yeni anayasa i\u00e7in harekete ge\u00e7ilebilece\u011fini s\u00f6yledi. Cumhurba\u015fkan\u0131 Recep Tayyip Erdo\u011fan, Cumhurba\u015fkanl\u0131\u011f\u0131 Kabine Toplant\u0131s\u0131&#8217;n\u0131n ard\u0131ndan bas\u0131n toplant\u0131s\u0131 d\u00fczenledi. Erdo\u011fan a\u00e7\u0131klamas\u0131nda, &#8220;Belki de \u015fimdi T\u00fcrkiye&#8217;nin tekrar anayasay\u0131 tart\u0131\u015fmas\u0131n\u0131n vakti gelmi\u015ftir&#8221; dedi. Erdo\u011fan s\u00f6zlerini &#8220;\u00d6n\u00fcm\u00fczdeki d\u00f6nemde yeni anayasa i\u00e7in harekete ge\u00e7ebiliriz&#8221; diye s\u00fcrd\u00fcrd\u00fc. Erdo\u011fan, &#8220;T\u00fcrkiye&#8217;de sorunlar\u0131n kayna\u011f\u0131n\u0131n 1960&#8217;dan beri darbeciler [&hellip;]<\/p>\n","protected":false},"author":7,"featured_media":61262,"comment_status":"open","ping_status":"open","sticky":false,"template":"","format":"standard","meta":{"footnotes":""},"categories":[1],"tags":[],"class_list":["post-61261","post","type-post","status-publish","format-standard","has-post-thumbnail","hentry","category-haberler"],"yoast_head":"<!-- This site is optimized with the Yoast SEO plugin v27.4 - https:\/\/yoast.com\/product\/yoast-seo-wordpress\/ -->\n<title>Erdo\u011fan: Yeni anayasa i\u00e7in harekete ge\u00e7ebiliriz - Bati Ermenistan Ve Bati Ermenileri Sorunlari Ara\u015ftirmalar Merkezi<\/title>\n<meta name=\"robots\" content=\"index, follow, max-snippet:-1, max-image-preview:large, max-video-preview:-1\" \/>\n<link rel=\"canonical\" href=\"https:\/\/akunq.net\/tr\/?p=61261\" \/>\n<meta property=\"og:locale\" content=\"en_US\" \/>\n<meta property=\"og:type\" content=\"article\" \/>\n<meta property=\"og:title\" content=\"Erdo\u011fan: Yeni anayasa i\u00e7in harekete ge\u00e7ebiliriz - Bati Ermenistan Ve Bati Ermenileri Sorunlari Ara\u015ftirmalar Merkezi\" \/>\n<meta property=\"og:description\" content=\"Cumhurba\u015fkan\u0131 Erdo\u011fan, kabine toplant\u0131s\u0131 sonras\u0131 yapt\u0131\u011f\u0131 a\u00e7\u0131klamada yak\u0131nda yeni anayasa i\u00e7in harekete ge\u00e7ilebilece\u011fini s\u00f6yledi. Cumhurba\u015fkan\u0131 Recep Tayyip Erdo\u011fan, Cumhurba\u015fkanl\u0131\u011f\u0131 Kabine Toplant\u0131s\u0131&#8217;n\u0131n ard\u0131ndan bas\u0131n toplant\u0131s\u0131 d\u00fczenledi. Erdo\u011fan a\u00e7\u0131klamas\u0131nda, &#8220;Belki de \u015fimdi T\u00fcrkiye&#8217;nin tekrar anayasay\u0131 tart\u0131\u015fmas\u0131n\u0131n vakti gelmi\u015ftir&#8221; dedi. Erdo\u011fan s\u00f6zlerini &#8220;\u00d6n\u00fcm\u00fczdeki d\u00f6nemde yeni anayasa i\u00e7in harekete ge\u00e7ebiliriz&#8221; diye s\u00fcrd\u00fcrd\u00fc. Erdo\u011fan, &#8220;T\u00fcrkiye&#8217;de sorunlar\u0131n kayna\u011f\u0131n\u0131n 1960&#8217;dan beri darbeciler [&hellip;]\" \/>\n<meta property=\"og:url\" content=\"https:\/\/akunq.net\/tr\/?p=61261\" \/>\n<meta property=\"og:site_name\" content=\"Bati Ermenistan Ve Bati Ermenileri Sorunlari Ara\u015ftirmalar Merkezi\" \/>\n<meta property=\"article:published_time\" content=\"2021-02-02T07:27:21+00:00\" \/>\n<meta property=\"og:image\" content=\"https:\/\/akunq.net\/tr\/wp-content\/uploads\/sites\/6\/2021\/02\/\u0537\u0580\u0564\u0578\u0572\u0561\u0576.jpg\" \/>\n\t<meta property=\"og:image:width\" content=\"768\" \/>\n\t<meta property=\"og:image:height\" content=\"510\" \/>\n\t<meta property=\"og:image:type\" content=\"image\/jpeg\" \/>\n<meta name=\"author\" content=\"admin\" \/>\n<meta name=\"twitter:card\" content=\"summary_large_image\" \/>\n<meta name=\"twitter:label1\" content=\"Written by\" \/>\n\t<meta name=\"twitter:data1\" content=\"admin\" \/>\n\t<meta name=\"twitter:label2\" content=\"Est. reading time\" \/>\n\t<meta name=\"twitter:data2\" content=\"2 minutes\" \/>\n<script type=\"application\/ld+json\" class=\"yoast-schema-graph\">{\"@context\":\"https:\\\/\\\/schema.org\",\"@graph\":[{\"@type\":\"Article\",\"@id\":\"https:\\\/\\\/akunq.net\\\/tr\\\/?p=61261#article\",\"isPartOf\":{\"@id\":\"https:\\\/\\\/akunq.net\\\/tr\\\/?p=61261\"},\"author\":{\"name\":\"admin\",\"@id\":\"https:\\\/\\\/akunq.net\\\/tr\\\/#\\\/schema\\\/person\\\/096f1d38a12cce57fb855b485ed24c9e\"},\"headline\":\"Erdo\u011fan: Yeni anayasa i\u00e7in harekete ge\u00e7ebiliriz\",\"datePublished\":\"2021-02-02T07:27:21+00:00\",\"mainEntityOfPage\":{\"@id\":\"https:\\\/\\\/akunq.net\\\/tr\\\/?p=61261\"},\"wordCount\":408,\"commentCount\":0,\"image\":{\"@id\":\"https:\\\/\\\/akunq.net\\\/tr\\\/?p=61261#primaryimage\"},\"thumbnailUrl\":\"https:\\\/\\\/akunq.net\\\/tr\\\/wp-content\\\/uploads\\\/sites\\\/6\\\/2021\\\/02\\\/\u0537\u0580\u0564\u0578\u0572\u0561\u0576.jpg\",\"articleSection\":[\"Haberler\"],\"inLanguage\":\"en-US\",\"potentialAction\":[{\"@type\":\"CommentAction\",\"name\":\"Comment\",\"target\":[\"https:\\\/\\\/akunq.net\\\/tr\\\/?p=61261#respond\"]}]},{\"@type\":\"WebPage\",\"@id\":\"https:\\\/\\\/akunq.net\\\/tr\\\/?p=61261\",\"url\":\"https:\\\/\\\/akunq.net\\\/tr\\\/?p=61261\",\"name\":\"Erdo\u011fan: Yeni anayasa i\u00e7in harekete ge\u00e7ebiliriz - Bati Ermenistan Ve Bati Ermenileri Sorunlari Ara\u015ftirmalar Merkezi\",\"isPartOf\":{\"@id\":\"https:\\\/\\\/akunq.net\\\/tr\\\/#website\"},\"primaryImageOfPage\":{\"@id\":\"https:\\\/\\\/akunq.net\\\/tr\\\/?p=61261#primaryimage\"},\"image\":{\"@id\":\"https:\\\/\\\/akunq.net\\\/tr\\\/?p=61261#primaryimage\"},\"thumbnailUrl\":\"https:\\\/\\\/akunq.net\\\/tr\\\/wp-content\\\/uploads\\\/sites\\\/6\\\/2021\\\/02\\\/\u0537\u0580\u0564\u0578\u0572\u0561\u0576.jpg\",\"datePublished\":\"2021-02-02T07:27:21+00:00\",\"author\":{\"@id\":\"https:\\\/\\\/akunq.net\\\/tr\\\/#\\\/schema\\\/person\\\/096f1d38a12cce57fb855b485ed24c9e\"},\"breadcrumb\":{\"@id\":\"https:\\\/\\\/akunq.net\\\/tr\\\/?p=61261#breadcrumb\"},\"inLanguage\":\"en-US\",\"potentialAction\":[{\"@type\":\"ReadAction\",\"target\":[\"https:\\\/\\\/akunq.net\\\/tr\\\/?p=61261\"]}]},{\"@type\":\"ImageObject\",\"inLanguage\":\"en-US\",\"@id\":\"https:\\\/\\\/akunq.net\\\/tr\\\/?p=61261#primaryimage\",\"url\":\"https:\\\/\\\/akunq.net\\\/tr\\\/wp-content\\\/uploads\\\/sites\\\/6\\\/2021\\\/02\\\/\u0537\u0580\u0564\u0578\u0572\u0561\u0576.jpg\",\"contentUrl\":\"https:\\\/\\\/akunq.net\\\/tr\\\/wp-content\\\/uploads\\\/sites\\\/6\\\/2021\\\/02\\\/\u0537\u0580\u0564\u0578\u0572\u0561\u0576.jpg\",\"width\":768,\"height\":510},{\"@type\":\"BreadcrumbList\",\"@id\":\"https:\\\/\\\/akunq.net\\\/tr\\\/?p=61261#breadcrumb\",\"itemListElement\":[{\"@type\":\"ListItem\",\"position\":1,\"name\":\"Home\",\"item\":\"https:\\\/\\\/akunq.net\\\/tr\"},{\"@type\":\"ListItem\",\"position\":2,\"name\":\"Erdo\u011fan: Yeni anayasa i\u00e7in harekete ge\u00e7ebiliriz\"}]},{\"@type\":\"WebSite\",\"@id\":\"https:\\\/\\\/akunq.net\\\/tr\\\/#website\",\"url\":\"https:\\\/\\\/akunq.net\\\/tr\\\/\",\"name\":\"Bati Ermenistan Ve Bati Ermenileri Sorunlari Ara\u015ftirmalar Merkezi\",\"description\":\"\",\"potentialAction\":[{\"@type\":\"SearchAction\",\"target\":{\"@type\":\"EntryPoint\",\"urlTemplate\":\"https:\\\/\\\/akunq.net\\\/tr\\\/?s={search_term_string}\"},\"query-input\":{\"@type\":\"PropertyValueSpecification\",\"valueRequired\":true,\"valueName\":\"search_term_string\"}}],\"inLanguage\":\"en-US\"},{\"@type\":\"Person\",\"@id\":\"https:\\\/\\\/akunq.net\\\/tr\\\/#\\\/schema\\\/person\\\/096f1d38a12cce57fb855b485ed24c9e\",\"name\":\"admin\",\"url\":\"https:\\\/\\\/akunq.net\\\/tr\\\/?author=7\"}]}<\/script>\n<!-- \/ Yoast SEO plugin. -->","yoast_head_json":{"title":"Erdo\u011fan: Yeni anayasa i\u00e7in harekete ge\u00e7ebiliriz - Bati Ermenistan Ve Bati Ermenileri Sorunlari Ara\u015ftirmalar Merkezi","robots":{"index":"index","follow":"follow","max-snippet":"max-snippet:-1","max-image-preview":"max-image-preview:large","max-video-preview":"max-video-preview:-1"},"canonical":"https:\/\/akunq.net\/tr\/?p=61261","og_locale":"en_US","og_type":"article","og_title":"Erdo\u011fan: Yeni anayasa i\u00e7in harekete ge\u00e7ebiliriz - Bati Ermenistan Ve Bati Ermenileri Sorunlari Ara\u015ftirmalar Merkezi","og_description":"Cumhurba\u015fkan\u0131 Erdo\u011fan, kabine toplant\u0131s\u0131 sonras\u0131 yapt\u0131\u011f\u0131 a\u00e7\u0131klamada yak\u0131nda yeni anayasa i\u00e7in harekete ge\u00e7ilebilece\u011fini s\u00f6yledi. Cumhurba\u015fkan\u0131 Recep Tayyip Erdo\u011fan, Cumhurba\u015fkanl\u0131\u011f\u0131 Kabine Toplant\u0131s\u0131&#8217;n\u0131n ard\u0131ndan bas\u0131n toplant\u0131s\u0131 d\u00fczenledi. Erdo\u011fan a\u00e7\u0131klamas\u0131nda, &#8220;Belki de \u015fimdi T\u00fcrkiye&#8217;nin tekrar anayasay\u0131 tart\u0131\u015fmas\u0131n\u0131n vakti gelmi\u015ftir&#8221; dedi. Erdo\u011fan s\u00f6zlerini &#8220;\u00d6n\u00fcm\u00fczdeki d\u00f6nemde yeni anayasa i\u00e7in harekete ge\u00e7ebiliriz&#8221; diye s\u00fcrd\u00fcrd\u00fc. Erdo\u011fan, &#8220;T\u00fcrkiye&#8217;de sorunlar\u0131n kayna\u011f\u0131n\u0131n 1960&#8217;dan beri darbeciler [&hellip;]","og_url":"https:\/\/akunq.net\/tr\/?p=61261","og_site_name":"Bati Ermenistan Ve Bati Ermenileri Sorunlari Ara\u015ftirmalar Merkezi","article_published_time":"2021-02-02T07:27:21+00:00","og_image":[{"width":768,"height":510,"url":"https:\/\/akunq.net\/tr\/wp-content\/uploads\/sites\/6\/2021\/02\/\u0537\u0580\u0564\u0578\u0572\u0561\u0576.jpg","type":"image\/jpeg"}],"author":"admin","twitter_card":"summary_large_image","twitter_misc":{"Written by":"admin","Est. reading time":"2 minutes"},"schema":{"@context":"https:\/\/schema.org","@graph":[{"@type":"Article","@id":"https:\/\/akunq.net\/tr\/?p=61261#article","isPartOf":{"@id":"https:\/\/akunq.net\/tr\/?p=61261"},"author":{"name":"admin","@id":"https:\/\/akunq.net\/tr\/#\/schema\/person\/096f1d38a12cce57fb855b485ed24c9e"},"headline":"Erdo\u011fan: Yeni anayasa i\u00e7in harekete ge\u00e7ebiliriz","datePublished":"2021-02-02T07:27:21+00:00","mainEntityOfPage":{"@id":"https:\/\/akunq.net\/tr\/?p=61261"},"wordCount":408,"commentCount":0,"image":{"@id":"https:\/\/akunq.net\/tr\/?p=61261#primaryimage"},"thumbnailUrl":"https:\/\/akunq.net\/tr\/wp-content\/uploads\/sites\/6\/2021\/02\/\u0537\u0580\u0564\u0578\u0572\u0561\u0576.jpg","articleSection":["Haberler"],"inLanguage":"en-US","potentialAction":[{"@type":"CommentAction","name":"Comment","target":["https:\/\/akunq.net\/tr\/?p=61261#respond"]}]},{"@type":"WebPage","@id":"https:\/\/akunq.net\/tr\/?p=61261","url":"https:\/\/akunq.net\/tr\/?p=61261","name":"Erdo\u011fan: Yeni anayasa i\u00e7in harekete ge\u00e7ebiliriz - Bati Ermenistan Ve Bati Ermenileri Sorunlari Ara\u015ftirmalar Merkezi","isPartOf":{"@id":"https:\/\/akunq.net\/tr\/#website"},"primaryImageOfPage":{"@id":"https:\/\/akunq.net\/tr\/?p=61261#primaryimage"},"image":{"@id":"https:\/\/akunq.net\/tr\/?p=61261#primaryimage"},"thumbnailUrl":"https:\/\/akunq.net\/tr\/wp-content\/uploads\/sites\/6\/2021\/02\/\u0537\u0580\u0564\u0578\u0572\u0561\u0576.jpg","datePublished":"2021-02-02T07:27:21+00:00","author":{"@id":"https:\/\/akunq.net\/tr\/#\/schema\/person\/096f1d38a12cce57fb855b485ed24c9e"},"breadcrumb":{"@id":"https:\/\/akunq.net\/tr\/?p=61261#breadcrumb"},"inLanguage":"en-US","potentialAction":[{"@type":"ReadAction","target":["https:\/\/akunq.net\/tr\/?p=61261"]}]},{"@type":"ImageObject","inLanguage":"en-US","@id":"https:\/\/akunq.net\/tr\/?p=61261#primaryimage","url":"https:\/\/akunq.net\/tr\/wp-content\/uploads\/sites\/6\/2021\/02\/\u0537\u0580\u0564\u0578\u0572\u0561\u0576.jpg","contentUrl":"https:\/\/akunq.net\/tr\/wp-content\/uploads\/sites\/6\/2021\/02\/\u0537\u0580\u0564\u0578\u0572\u0561\u0576.jpg","width":768,"height":510},{"@type":"BreadcrumbList","@id":"https:\/\/akunq.net\/tr\/?p=61261#breadcrumb","itemListElement":[{"@type":"ListItem","position":1,"name":"Home","item":"https:\/\/akunq.net\/tr"},{"@type":"ListItem","position":2,"name":"Erdo\u011fan: Yeni anayasa i\u00e7in harekete ge\u00e7ebiliriz"}]},{"@type":"WebSite","@id":"https:\/\/akunq.net\/tr\/#website","url":"https:\/\/akunq.net\/tr\/","name":"Bati Ermenistan Ve Bati Ermenileri Sorunlari Ara\u015ftirmalar Merkezi","description":"","potentialAction":[{"@type":"SearchAction","target":{"@type":"EntryPoint","urlTemplate":"https:\/\/akunq.net\/tr\/?s={search_term_string}"},"query-input":{"@type":"PropertyValueSpecification","valueRequired":true,"valueName":"search_term_string"}}],"inLanguage":"en-US"},{"@type":"Person","@id":"https:\/\/akunq.net\/tr\/#\/schema\/person\/096f1d38a12cce57fb855b485ed24c9e","name":"admin","url":"https:\/\/akunq.net\/tr\/?author=7"}]}},"_links":{"self":[{"href":"https:\/\/akunq.net\/tr\/index.php?rest_route=\/wp\/v2\/posts\/61261","targetHints":{"allow":["GET"]}}],"collection":[{"href":"https:\/\/akunq.net\/tr\/index.php?rest_route=\/wp\/v2\/posts"}],"about":[{"href":"https:\/\/akunq.net\/tr\/index.php?rest_route=\/wp\/v2\/types\/post"}],"author":[{"embeddable":true,"href":"https:\/\/akunq.net\/tr\/index.php?rest_route=\/wp\/v2\/users\/7"}],"replies":[{"embeddable":true,"href":"https:\/\/akunq.net\/tr\/index.php?rest_route=%2Fwp%2Fv2%2Fcomments&post=61261"}],"version-history":[{"count":1,"href":"https:\/\/akunq.net\/tr\/index.php?rest_route=\/wp\/v2\/posts\/61261\/revisions"}],"predecessor-version":[{"id":61263,"href":"https:\/\/akunq.net\/tr\/index.php?rest_route=\/wp\/v2\/posts\/61261\/revisions\/61263"}],"wp:featuredmedia":[{"embeddable":true,"href":"https:\/\/akunq.net\/tr\/index.php?rest_route=\/wp\/v2\/media\/61262"}],"wp:attachment":[{"href":"https:\/\/akunq.net\/tr\/index.php?rest_route=%2Fwp%2Fv2%2Fmedia&parent=61261"}],"wp:term":[{"taxonomy":"category","embeddable":true,"href":"https:\/\/akunq.net\/tr\/index.php?rest_route=%2Fwp%2Fv2%2Fcategories&post=61261"},{"taxonomy":"post_tag","embeddable":true,"href":"https:\/\/akunq.net\/tr\/index.php?rest_route=%2Fwp%2Fv2%2Ftags&post=61261"}],"curies":[{"name":"wp","href":"https:\/\/api.w.org\/{rel}","templated":true}]}}