{"id":61247,"date":"2021-02-01T02:28:31","date_gmt":"2021-02-01T07:28:31","guid":{"rendered":"https:\/\/akunq.net\/tr\/?p=61247"},"modified":"2021-02-01T02:28:31","modified_gmt":"2021-02-01T07:28:31","slug":"dort-dag-icinde-bir-muze","status":"publish","type":"post","link":"https:\/\/akunq.net\/tr\/?p=61247","title":{"rendered":"D\u00f6rt da\u011f i\u00e7inde bir m\u00fcze"},"content":{"rendered":"<p><img loading=\"lazy\" decoding=\"async\" class=\"aligncenter size-medium wp-image-61248\" src=\"https:\/\/akunq.net\/tr\/wp-content\/uploads\/2021\/02\/Tunceli-M\u00fczesi-360x191.jpg\" alt=\"\" width=\"360\" height=\"191\" srcset=\"https:\/\/akunq.net\/tr\/wp-content\/uploads\/sites\/6\/2021\/02\/Tunceli-M\u00fczesi-360x191.jpg 360w, https:\/\/akunq.net\/tr\/wp-content\/uploads\/sites\/6\/2021\/02\/Tunceli-M\u00fczesi-560x296.jpg 560w, https:\/\/akunq.net\/tr\/wp-content\/uploads\/sites\/6\/2021\/02\/Tunceli-M\u00fczesi-260x138.jpg 260w, https:\/\/akunq.net\/tr\/wp-content\/uploads\/sites\/6\/2021\/02\/Tunceli-M\u00fczesi-160x85.jpg 160w, https:\/\/akunq.net\/tr\/wp-content\/uploads\/sites\/6\/2021\/02\/Tunceli-M\u00fczesi.jpg 650w\" sizes=\"auto, (max-width: 360px) 100vw, 360px\" \/><\/p>\n<p><em><strong>Tunceli M\u00fczesi\u2019nde sergilenen 700\u2019e yak\u0131n eser paleolitik d\u00f6nemden Cumhuriyet d\u00f6nemine kadar tarihe \u0131\u015f\u0131k tutuyor. Sadece Tunceli\u2019yi (Dersim-&#8216;Akunq&#8217; web sitesi) de\u011fil Do\u011fu Anadolu\u2019yu (Bat\u0131 Ermenistan&#8217;\u0131-&#8216;Akunq&#8217; web sitesi) anlat\u0131yor.<\/strong><\/em><\/p>\n<p><strong>U\u011fur YILDIRIM<\/strong><\/p>\n<p>Cumhuriyet tarihinin Tunceli\u2019deki ilk m\u00fczesi a\u00e7\u0131ld\u0131. Kent merkezinde \u2018Dersim isyan\u0131\u2019 s\u0131ras\u0131nda 1935-1937 aras\u0131nda askeri k\u0131\u015fla olarak in\u015fa edilen ve 1949\u2019a kadar da lojman olarak kullan\u0131lan bina 5 y\u0131ll\u0131k haz\u0131rl\u0131k s\u00fcrecinin ard\u0131ndan m\u00fczeye \u00e7evrildi.<br \/>\nKentin haf\u0131zas\u0131nda derin izlere sahip olan tarihi yap\u0131 Cumhurba\u015fkan\u0131 Tayyip Erdo\u011fan\u2019\u0131n video konferans ba\u011flant\u0131s\u0131yla K\u00fclt\u00fcr ve Turizm Bakan\u0131 Mehmet Nuri Ersoy taraf\u0131ndan 24 Aral\u0131k\u2019ta a\u00e7\u0131lm\u0131\u015ft\u0131. M\u00fczede paleolitik d\u00f6nemden Cumhuriyet d\u00f6nemine kadar 700\u2019e yak\u0131n eser sergileniyor. M\u00fcze sadece Tunceli\u2019nin de\u011fil Do\u011fu Anadolu B\u00f6lgesi\u2019nin tarihine \u0131\u015f\u0131k tutuyor. M\u00fczenin inan\u00e7 b\u00f6l\u00fcm\u00fcnde Alevilik ile ilgili bilgi panolar\u0131 ve cem rit\u00fcellerini temsil eden balmumu heykeller, b\u00f6lge halk\u0131 i\u00e7in b\u00fcy\u00fck \u00f6neme sahip D\u00fczg\u00fcn Baba, Munzur Baba hakk\u0131nda bilgilendirmeler, Alevi ocaklar\u0131n\u0131n \u015fecere kay\u0131tlar\u0131 sergileniyor. M\u00fcze i\u00e7indeki televizyonlarda Alevilik \u00fczerine haz\u0131rlanm\u0131\u015f belgeseller ziyaret\u00e7iler taraf\u0131ndan izleniyor.<\/p>\n<p><strong>\u201cOCAK-A\u0130LE\u201d KAVRAMI<\/strong><br \/>\nM\u00fczede sergilenen milattan \u00f6nce 3 bin y\u0131l\u0131na ait ve \u00fczerinde aile fig\u00fcrlerinin betimlendi\u011fi, dinsel t\u00f6ren ve ayinlerde kullan\u0131lan iki kutsal ocak m\u00fczenin en nadide eserleri olarak g\u00f6renlerin ilgisini \u00e7ekiyor. \u00c7emi\u015fgezek\u2019te 1968- 1975 y\u0131llar\u0131nda yap\u0131lan Keban Baraj\u0131 alt\u0131nda kalan Sakyol (Pulur) k\u00f6y\u00fcndeki arkeolojik kaz\u0131lar sonucunda ortaya \u00e7\u0131kar\u0131lan ocaklar, b\u00f6lgenin be\u015f bin y\u0131l \u00f6nceki ya\u015fant\u0131s\u0131na \u0131\u015f\u0131k tutuyor. \u0130lk Tun\u00e7 \u00c7a\u011f\u0131\u2019ndan kalma ve hangi uygarl\u0131\u011fa ait oldu\u011fu bilinmeyen kilden yap\u0131lan ocaklardan birinde anne, baba ve \u00e7ocuklardan olu\u015fan be\u015f insan y\u00fcz\u00fc tasvir ediliyor. Sadece dini t\u00f6ren ve ayinlerde kullan\u0131lan kutsal ocaklar, Do\u011fu Anadolu dinsel ya\u015fam\u0131n\u0131 ve inan\u0131\u015f\u0131n\u0131 belgeleyecek ilk \u00f6rnekler aras\u0131nda say\u0131l\u0131yor. 5 bin y\u0131l \u00f6ncesinde Anadolu\u2019da ya\u015fam\u0131\u015f topluluklar\u0131n ocak \u00fczerindeki aile betimlemesinin, g\u00fcn\u00fcm\u00fczde \u201cocak-aile\u201d kavram\u0131n\u0131n temeli oldu\u011fu d\u00fc\u015f\u00fcn\u00fcl\u00fcyor.<\/p>\n<p><strong>KO\u00c7BA\u015eI MEZAR TA\u015eLARI<\/strong><br \/>\nM\u00fczede dikkat \u00e7eken eserlerden birini de T\u00fcrkiye\u2019de genellikle Tunceli b\u00f6lgesinde bulunan ko\u00e7-koyun mezar ta\u015flar\u0131 olu\u015fturuyor. Son d\u00f6nemde \u00f6zellikle define avc\u0131lar\u0131n\u0131n hedefinde olan ko\u00e7koyun \u015feklindeki mezar ta\u015flar\u0131n\u0131n \u00fczerine \u00f6len ki\u015finin cinsiyeti ve yapt\u0131\u011f\u0131 i\u015fe g\u00f6re k\u0131l\u0131\u00e7, b\u0131\u00e7ak, han\u00e7er, dokuma tezg\u00e2h\u0131 gibi e\u015fyalara ait kabartma fig\u00fcrlerin yan\u0131 s\u0131ra \u00e7e\u015fitli hayvan ve bitki fig\u00fcrleri de yayg\u0131n olarak kullan\u0131l\u0131yor. Akkoyunlu ve Karakoyunlu devlet gelene\u011finden kalma mezar ta\u015flar\u0131 Orta Asya\u2019dan ba\u015flay\u0131p Anadolu\u2019ya kadar uzanan T\u00fcrk \u00f6l\u00fc g\u00f6mme gelene\u011finin bir davam\u0131 olarak kabul ediliyor.<\/p>\n<p><strong>B\u00d6L\u00dcM B\u00d6L\u00dcM TAR\u0130H\u0130 YOLCULUK<\/strong><br \/>\nTunceli M\u00fczesi, yakla\u015f\u0131k bin 800 metrekare avluya sahip ve 5 bin 805 metrekare alandaki 4 bloktan olu\u015fuyor. M\u00fcze, yaz\u0131l\u0131 ve s\u00f6zl\u00fc tarih ile belge, evrak ve foto\u011fraflar\u0131n bulundu\u011fu alanlar\u0131n yan\u0131 s\u0131ra \u201cK\u00fct\u00fcphane\u201d, \u201cAlevilik\u201d, \u201cArkeoloji\u201d, \u201cEtnografya\u201d ve \u201cCumhuriyet D\u00f6nemi\u201d b\u00f6l\u00fcmleriyle ziyaret\u00e7ilerini tarihi yolculu\u011fa \u00e7\u0131kart\u0131yor. B\u00f6lgede yap\u0131lan kaz\u0131lar sonucu ortaya \u00e7\u0131kar\u0131lan \u00e7e\u015fitli d\u00f6nemlere ait eserler b\u00f6lgenin tarihsel s\u00fcreci i\u00e7erisinde sergileniyor. Paleolotik, d\u00f6nemden ba\u015flayarak, Urartu, Erken Demir \u00c7a\u011f\u0131, Roma, Sel\u00e7uklu ve Osmanl\u0131 medeniyetlerinden kalma \u00f6nemli eserler sergileniyor.<\/p>\n<hr \/>\n<p><strong><em><a href=\"https:\/\/www.sabah.com.tr\/gundem\/2021\/01\/31\/dort-dag-icinde-bir-muze\" target=\"_blank\" rel=\"noopener noreferrer\">Sabah Gazetesi<\/a><\/em><\/strong><\/p>\n","protected":false},"excerpt":{"rendered":"<p>Tunceli M\u00fczesi\u2019nde sergilenen 700\u2019e yak\u0131n eser paleolitik d\u00f6nemden Cumhuriyet d\u00f6nemine kadar tarihe \u0131\u015f\u0131k tutuyor. Sadece Tunceli\u2019yi (Dersim-&#8216;Akunq&#8217; web sitesi) de\u011fil Do\u011fu Anadolu\u2019yu (Bat\u0131 Ermenistan&#8217;\u0131-&#8216;Akunq&#8217; web sitesi) anlat\u0131yor. U\u011fur YILDIRIM Cumhuriyet tarihinin Tunceli\u2019deki ilk m\u00fczesi a\u00e7\u0131ld\u0131. Kent merkezinde \u2018Dersim isyan\u0131\u2019 s\u0131ras\u0131nda 1935-1937 aras\u0131nda askeri k\u0131\u015fla olarak in\u015fa edilen ve 1949\u2019a kadar da lojman olarak kullan\u0131lan bina [&hellip;]<\/p>\n","protected":false},"author":7,"featured_media":61248,"comment_status":"open","ping_status":"open","sticky":false,"template":"","format":"standard","meta":{"footnotes":""},"categories":[1],"tags":[],"class_list":["post-61247","post","type-post","status-publish","format-standard","has-post-thumbnail","hentry","category-haberler"],"yoast_head":"<!-- This site is optimized with the Yoast SEO plugin v27.4 - https:\/\/yoast.com\/product\/yoast-seo-wordpress\/ -->\n<title>D\u00f6rt da\u011f i\u00e7inde bir m\u00fcze - Bati Ermenistan Ve Bati Ermenileri Sorunlari Ara\u015ftirmalar Merkezi<\/title>\n<meta name=\"robots\" content=\"index, follow, max-snippet:-1, max-image-preview:large, max-video-preview:-1\" \/>\n<link rel=\"canonical\" href=\"https:\/\/akunq.net\/tr\/?p=61247\" \/>\n<meta property=\"og:locale\" content=\"en_US\" \/>\n<meta property=\"og:type\" content=\"article\" \/>\n<meta property=\"og:title\" content=\"D\u00f6rt da\u011f i\u00e7inde bir m\u00fcze - Bati Ermenistan Ve Bati Ermenileri Sorunlari Ara\u015ftirmalar Merkezi\" \/>\n<meta property=\"og:description\" content=\"Tunceli M\u00fczesi\u2019nde sergilenen 700\u2019e yak\u0131n eser paleolitik d\u00f6nemden Cumhuriyet d\u00f6nemine kadar tarihe \u0131\u015f\u0131k tutuyor. Sadece Tunceli\u2019yi (Dersim-&#8216;Akunq&#8217; web sitesi) de\u011fil Do\u011fu Anadolu\u2019yu (Bat\u0131 Ermenistan&#8217;\u0131-&#8216;Akunq&#8217; web sitesi) anlat\u0131yor. U\u011fur YILDIRIM Cumhuriyet tarihinin Tunceli\u2019deki ilk m\u00fczesi a\u00e7\u0131ld\u0131. Kent merkezinde \u2018Dersim isyan\u0131\u2019 s\u0131ras\u0131nda 1935-1937 aras\u0131nda askeri k\u0131\u015fla olarak in\u015fa edilen ve 1949\u2019a kadar da lojman olarak kullan\u0131lan bina [&hellip;]\" \/>\n<meta property=\"og:url\" content=\"https:\/\/akunq.net\/tr\/?p=61247\" \/>\n<meta property=\"og:site_name\" content=\"Bati Ermenistan Ve Bati Ermenileri Sorunlari Ara\u015ftirmalar Merkezi\" \/>\n<meta property=\"article:published_time\" content=\"2021-02-01T07:28:31+00:00\" \/>\n<meta property=\"og:image\" content=\"https:\/\/akunq.net\/tr\/wp-content\/uploads\/sites\/6\/2021\/02\/Tunceli-M\u00fczesi.jpg\" \/>\n\t<meta property=\"og:image:width\" content=\"650\" \/>\n\t<meta property=\"og:image:height\" content=\"344\" \/>\n\t<meta property=\"og:image:type\" content=\"image\/jpeg\" \/>\n<meta name=\"author\" content=\"admin\" \/>\n<meta name=\"twitter:card\" content=\"summary_large_image\" \/>\n<meta name=\"twitter:label1\" content=\"Written by\" \/>\n\t<meta name=\"twitter:data1\" content=\"admin\" \/>\n\t<meta name=\"twitter:label2\" content=\"Est. reading time\" \/>\n\t<meta name=\"twitter:data2\" content=\"3 minutes\" \/>\n<script type=\"application\/ld+json\" class=\"yoast-schema-graph\">{\"@context\":\"https:\\\/\\\/schema.org\",\"@graph\":[{\"@type\":\"Article\",\"@id\":\"https:\\\/\\\/akunq.net\\\/tr\\\/?p=61247#article\",\"isPartOf\":{\"@id\":\"https:\\\/\\\/akunq.net\\\/tr\\\/?p=61247\"},\"author\":{\"name\":\"admin\",\"@id\":\"https:\\\/\\\/akunq.net\\\/tr\\\/#\\\/schema\\\/person\\\/096f1d38a12cce57fb855b485ed24c9e\"},\"headline\":\"D\u00f6rt da\u011f i\u00e7inde bir m\u00fcze\",\"datePublished\":\"2021-02-01T07:28:31+00:00\",\"mainEntityOfPage\":{\"@id\":\"https:\\\/\\\/akunq.net\\\/tr\\\/?p=61247\"},\"wordCount\":630,\"commentCount\":0,\"image\":{\"@id\":\"https:\\\/\\\/akunq.net\\\/tr\\\/?p=61247#primaryimage\"},\"thumbnailUrl\":\"https:\\\/\\\/akunq.net\\\/tr\\\/wp-content\\\/uploads\\\/sites\\\/6\\\/2021\\\/02\\\/Tunceli-M\u00fczesi.jpg\",\"articleSection\":[\"Haberler\"],\"inLanguage\":\"en-US\",\"potentialAction\":[{\"@type\":\"CommentAction\",\"name\":\"Comment\",\"target\":[\"https:\\\/\\\/akunq.net\\\/tr\\\/?p=61247#respond\"]}]},{\"@type\":\"WebPage\",\"@id\":\"https:\\\/\\\/akunq.net\\\/tr\\\/?p=61247\",\"url\":\"https:\\\/\\\/akunq.net\\\/tr\\\/?p=61247\",\"name\":\"D\u00f6rt da\u011f i\u00e7inde bir m\u00fcze - Bati Ermenistan Ve Bati Ermenileri Sorunlari Ara\u015ftirmalar Merkezi\",\"isPartOf\":{\"@id\":\"https:\\\/\\\/akunq.net\\\/tr\\\/#website\"},\"primaryImageOfPage\":{\"@id\":\"https:\\\/\\\/akunq.net\\\/tr\\\/?p=61247#primaryimage\"},\"image\":{\"@id\":\"https:\\\/\\\/akunq.net\\\/tr\\\/?p=61247#primaryimage\"},\"thumbnailUrl\":\"https:\\\/\\\/akunq.net\\\/tr\\\/wp-content\\\/uploads\\\/sites\\\/6\\\/2021\\\/02\\\/Tunceli-M\u00fczesi.jpg\",\"datePublished\":\"2021-02-01T07:28:31+00:00\",\"author\":{\"@id\":\"https:\\\/\\\/akunq.net\\\/tr\\\/#\\\/schema\\\/person\\\/096f1d38a12cce57fb855b485ed24c9e\"},\"breadcrumb\":{\"@id\":\"https:\\\/\\\/akunq.net\\\/tr\\\/?p=61247#breadcrumb\"},\"inLanguage\":\"en-US\",\"potentialAction\":[{\"@type\":\"ReadAction\",\"target\":[\"https:\\\/\\\/akunq.net\\\/tr\\\/?p=61247\"]}]},{\"@type\":\"ImageObject\",\"inLanguage\":\"en-US\",\"@id\":\"https:\\\/\\\/akunq.net\\\/tr\\\/?p=61247#primaryimage\",\"url\":\"https:\\\/\\\/akunq.net\\\/tr\\\/wp-content\\\/uploads\\\/sites\\\/6\\\/2021\\\/02\\\/Tunceli-M\u00fczesi.jpg\",\"contentUrl\":\"https:\\\/\\\/akunq.net\\\/tr\\\/wp-content\\\/uploads\\\/sites\\\/6\\\/2021\\\/02\\\/Tunceli-M\u00fczesi.jpg\",\"width\":650,\"height\":344},{\"@type\":\"BreadcrumbList\",\"@id\":\"https:\\\/\\\/akunq.net\\\/tr\\\/?p=61247#breadcrumb\",\"itemListElement\":[{\"@type\":\"ListItem\",\"position\":1,\"name\":\"Home\",\"item\":\"https:\\\/\\\/akunq.net\\\/tr\"},{\"@type\":\"ListItem\",\"position\":2,\"name\":\"D\u00f6rt da\u011f i\u00e7inde bir m\u00fcze\"}]},{\"@type\":\"WebSite\",\"@id\":\"https:\\\/\\\/akunq.net\\\/tr\\\/#website\",\"url\":\"https:\\\/\\\/akunq.net\\\/tr\\\/\",\"name\":\"Bati Ermenistan Ve Bati Ermenileri Sorunlari Ara\u015ftirmalar Merkezi\",\"description\":\"\",\"potentialAction\":[{\"@type\":\"SearchAction\",\"target\":{\"@type\":\"EntryPoint\",\"urlTemplate\":\"https:\\\/\\\/akunq.net\\\/tr\\\/?s={search_term_string}\"},\"query-input\":{\"@type\":\"PropertyValueSpecification\",\"valueRequired\":true,\"valueName\":\"search_term_string\"}}],\"inLanguage\":\"en-US\"},{\"@type\":\"Person\",\"@id\":\"https:\\\/\\\/akunq.net\\\/tr\\\/#\\\/schema\\\/person\\\/096f1d38a12cce57fb855b485ed24c9e\",\"name\":\"admin\",\"url\":\"https:\\\/\\\/akunq.net\\\/tr\\\/?author=7\"}]}<\/script>\n<!-- \/ Yoast SEO plugin. -->","yoast_head_json":{"title":"D\u00f6rt da\u011f i\u00e7inde bir m\u00fcze - Bati Ermenistan Ve Bati Ermenileri Sorunlari Ara\u015ftirmalar Merkezi","robots":{"index":"index","follow":"follow","max-snippet":"max-snippet:-1","max-image-preview":"max-image-preview:large","max-video-preview":"max-video-preview:-1"},"canonical":"https:\/\/akunq.net\/tr\/?p=61247","og_locale":"en_US","og_type":"article","og_title":"D\u00f6rt da\u011f i\u00e7inde bir m\u00fcze - Bati Ermenistan Ve Bati Ermenileri Sorunlari Ara\u015ftirmalar Merkezi","og_description":"Tunceli M\u00fczesi\u2019nde sergilenen 700\u2019e yak\u0131n eser paleolitik d\u00f6nemden Cumhuriyet d\u00f6nemine kadar tarihe \u0131\u015f\u0131k tutuyor. Sadece Tunceli\u2019yi (Dersim-&#8216;Akunq&#8217; web sitesi) de\u011fil Do\u011fu Anadolu\u2019yu (Bat\u0131 Ermenistan&#8217;\u0131-&#8216;Akunq&#8217; web sitesi) anlat\u0131yor. U\u011fur YILDIRIM Cumhuriyet tarihinin Tunceli\u2019deki ilk m\u00fczesi a\u00e7\u0131ld\u0131. Kent merkezinde \u2018Dersim isyan\u0131\u2019 s\u0131ras\u0131nda 1935-1937 aras\u0131nda askeri k\u0131\u015fla olarak in\u015fa edilen ve 1949\u2019a kadar da lojman olarak kullan\u0131lan bina [&hellip;]","og_url":"https:\/\/akunq.net\/tr\/?p=61247","og_site_name":"Bati Ermenistan Ve Bati Ermenileri Sorunlari Ara\u015ftirmalar Merkezi","article_published_time":"2021-02-01T07:28:31+00:00","og_image":[{"width":650,"height":344,"url":"https:\/\/akunq.net\/tr\/wp-content\/uploads\/sites\/6\/2021\/02\/Tunceli-M\u00fczesi.jpg","type":"image\/jpeg"}],"author":"admin","twitter_card":"summary_large_image","twitter_misc":{"Written by":"admin","Est. reading time":"3 minutes"},"schema":{"@context":"https:\/\/schema.org","@graph":[{"@type":"Article","@id":"https:\/\/akunq.net\/tr\/?p=61247#article","isPartOf":{"@id":"https:\/\/akunq.net\/tr\/?p=61247"},"author":{"name":"admin","@id":"https:\/\/akunq.net\/tr\/#\/schema\/person\/096f1d38a12cce57fb855b485ed24c9e"},"headline":"D\u00f6rt da\u011f i\u00e7inde bir m\u00fcze","datePublished":"2021-02-01T07:28:31+00:00","mainEntityOfPage":{"@id":"https:\/\/akunq.net\/tr\/?p=61247"},"wordCount":630,"commentCount":0,"image":{"@id":"https:\/\/akunq.net\/tr\/?p=61247#primaryimage"},"thumbnailUrl":"https:\/\/akunq.net\/tr\/wp-content\/uploads\/sites\/6\/2021\/02\/Tunceli-M\u00fczesi.jpg","articleSection":["Haberler"],"inLanguage":"en-US","potentialAction":[{"@type":"CommentAction","name":"Comment","target":["https:\/\/akunq.net\/tr\/?p=61247#respond"]}]},{"@type":"WebPage","@id":"https:\/\/akunq.net\/tr\/?p=61247","url":"https:\/\/akunq.net\/tr\/?p=61247","name":"D\u00f6rt da\u011f i\u00e7inde bir m\u00fcze - Bati Ermenistan Ve Bati Ermenileri Sorunlari Ara\u015ftirmalar Merkezi","isPartOf":{"@id":"https:\/\/akunq.net\/tr\/#website"},"primaryImageOfPage":{"@id":"https:\/\/akunq.net\/tr\/?p=61247#primaryimage"},"image":{"@id":"https:\/\/akunq.net\/tr\/?p=61247#primaryimage"},"thumbnailUrl":"https:\/\/akunq.net\/tr\/wp-content\/uploads\/sites\/6\/2021\/02\/Tunceli-M\u00fczesi.jpg","datePublished":"2021-02-01T07:28:31+00:00","author":{"@id":"https:\/\/akunq.net\/tr\/#\/schema\/person\/096f1d38a12cce57fb855b485ed24c9e"},"breadcrumb":{"@id":"https:\/\/akunq.net\/tr\/?p=61247#breadcrumb"},"inLanguage":"en-US","potentialAction":[{"@type":"ReadAction","target":["https:\/\/akunq.net\/tr\/?p=61247"]}]},{"@type":"ImageObject","inLanguage":"en-US","@id":"https:\/\/akunq.net\/tr\/?p=61247#primaryimage","url":"https:\/\/akunq.net\/tr\/wp-content\/uploads\/sites\/6\/2021\/02\/Tunceli-M\u00fczesi.jpg","contentUrl":"https:\/\/akunq.net\/tr\/wp-content\/uploads\/sites\/6\/2021\/02\/Tunceli-M\u00fczesi.jpg","width":650,"height":344},{"@type":"BreadcrumbList","@id":"https:\/\/akunq.net\/tr\/?p=61247#breadcrumb","itemListElement":[{"@type":"ListItem","position":1,"name":"Home","item":"https:\/\/akunq.net\/tr"},{"@type":"ListItem","position":2,"name":"D\u00f6rt da\u011f i\u00e7inde bir m\u00fcze"}]},{"@type":"WebSite","@id":"https:\/\/akunq.net\/tr\/#website","url":"https:\/\/akunq.net\/tr\/","name":"Bati Ermenistan Ve Bati Ermenileri Sorunlari Ara\u015ftirmalar Merkezi","description":"","potentialAction":[{"@type":"SearchAction","target":{"@type":"EntryPoint","urlTemplate":"https:\/\/akunq.net\/tr\/?s={search_term_string}"},"query-input":{"@type":"PropertyValueSpecification","valueRequired":true,"valueName":"search_term_string"}}],"inLanguage":"en-US"},{"@type":"Person","@id":"https:\/\/akunq.net\/tr\/#\/schema\/person\/096f1d38a12cce57fb855b485ed24c9e","name":"admin","url":"https:\/\/akunq.net\/tr\/?author=7"}]}},"_links":{"self":[{"href":"https:\/\/akunq.net\/tr\/index.php?rest_route=\/wp\/v2\/posts\/61247","targetHints":{"allow":["GET"]}}],"collection":[{"href":"https:\/\/akunq.net\/tr\/index.php?rest_route=\/wp\/v2\/posts"}],"about":[{"href":"https:\/\/akunq.net\/tr\/index.php?rest_route=\/wp\/v2\/types\/post"}],"author":[{"embeddable":true,"href":"https:\/\/akunq.net\/tr\/index.php?rest_route=\/wp\/v2\/users\/7"}],"replies":[{"embeddable":true,"href":"https:\/\/akunq.net\/tr\/index.php?rest_route=%2Fwp%2Fv2%2Fcomments&post=61247"}],"version-history":[{"count":1,"href":"https:\/\/akunq.net\/tr\/index.php?rest_route=\/wp\/v2\/posts\/61247\/revisions"}],"predecessor-version":[{"id":61249,"href":"https:\/\/akunq.net\/tr\/index.php?rest_route=\/wp\/v2\/posts\/61247\/revisions\/61249"}],"wp:featuredmedia":[{"embeddable":true,"href":"https:\/\/akunq.net\/tr\/index.php?rest_route=\/wp\/v2\/media\/61248"}],"wp:attachment":[{"href":"https:\/\/akunq.net\/tr\/index.php?rest_route=%2Fwp%2Fv2%2Fmedia&parent=61247"}],"wp:term":[{"taxonomy":"category","embeddable":true,"href":"https:\/\/akunq.net\/tr\/index.php?rest_route=%2Fwp%2Fv2%2Fcategories&post=61247"},{"taxonomy":"post_tag","embeddable":true,"href":"https:\/\/akunq.net\/tr\/index.php?rest_route=%2Fwp%2Fv2%2Ftags&post=61247"}],"curies":[{"name":"wp","href":"https:\/\/api.w.org\/{rel}","templated":true}]}}