{"id":61244,"date":"2021-02-01T02:19:41","date_gmt":"2021-02-01T07:19:41","guid":{"rendered":"https:\/\/akunq.net\/tr\/?p=61244"},"modified":"2021-02-01T02:19:41","modified_gmt":"2021-02-01T07:19:41","slug":"pandemide-definecilik-artarken-kultur-varliklari-tahrip-oluyor","status":"publish","type":"post","link":"https:\/\/akunq.net\/tr\/?p=61244","title":{"rendered":"Pandemide definecilik artarken, k\u00fclt\u00fcr varl\u0131klar\u0131 tahrip oluyor\u2026"},"content":{"rendered":"<p><img loading=\"lazy\" decoding=\"async\" class=\"aligncenter size-medium wp-image-61245\" src=\"https:\/\/akunq.net\/tr\/wp-content\/uploads\/2021\/02\/Pandemide-definecilik-360x189.jpg\" alt=\"\" width=\"360\" height=\"189\" srcset=\"https:\/\/akunq.net\/tr\/wp-content\/uploads\/sites\/6\/2021\/02\/Pandemide-definecilik-360x189.jpg 360w, https:\/\/akunq.net\/tr\/wp-content\/uploads\/sites\/6\/2021\/02\/Pandemide-definecilik-768x403.jpg 768w, https:\/\/akunq.net\/tr\/wp-content\/uploads\/sites\/6\/2021\/02\/Pandemide-definecilik-560x294.jpg 560w, https:\/\/akunq.net\/tr\/wp-content\/uploads\/sites\/6\/2021\/02\/Pandemide-definecilik-260x137.jpg 260w, https:\/\/akunq.net\/tr\/wp-content\/uploads\/sites\/6\/2021\/02\/Pandemide-definecilik-160x84.jpg 160w, https:\/\/akunq.net\/tr\/wp-content\/uploads\/sites\/6\/2021\/02\/Pandemide-definecilik.jpg 1200w\" sizes=\"auto, (max-width: 360px) 100vw, 360px\" \/><\/p>\n<p><em><strong>\u201cKorona g\u00fcnlerinde araziden el ayak \u00e7ekilince definecilere g\u00fcn do\u011fdu\u201d yorumunu yapan arkeolog-edit\u00f6r Nezih Ba\u015fgelen, de\u011ferli eser ya da alt\u0131n bulma umuduyla binlerce y\u0131ll\u0131k tarihi yap\u0131lar\u0131n talan edilmesine kar\u015f\u0131 \u00e7a\u011fr\u0131da bulundu.<\/strong><\/em><\/p>\n<p><strong>Lale Elmac\u0131o\u011flu<\/strong><\/p>\n<p>Aralar\u0131nda \u00f6ren yerlerinin de bulundu\u011fu k\u00fclt\u00fcr varl\u0131klar\u0131 koruma alt\u0131nda olsa da, yeni tip koronavir\u00fcs (Kovid-19) salg\u0131n\u0131nda belli bir d\u00f6nem boyunca g\u00f6revliler sahadan uzak kald\u0131.<\/p>\n<p>Bu s\u00fcre\u00e7te \u00fclkenin d\u00f6rt bir yan\u0131ndan definecilik ve k\u00fclt\u00fcr varl\u0131klar\u0131 tahribat\u0131 haberleri geldi.<\/p>\n<p>Edirne\u2019den I\u011fd\u0131r\u2019a, Kastamonu\u2019dan Adana\u2019ya, Tokat\u2019tan Mersin\u2019e, Afyonkarahisar\u2019dan Samsun\u2019a alt\u0131n ve tarihi eser hayaliyle ka\u00e7ak kaz\u0131 yapanlar su\u00e7\u00fcst\u00fc yakaland\u0131.<\/p>\n<p>Aralar\u0131nda ekskavat\u00f6r i\u015f makinesiyle arkeolojik S\u0130T alan\u0131na girenler de vard\u0131; hilti, dinamit, matkap gibi ara\u00e7lar\u0131 kullananlar da\u2026<\/p>\n<p>Yurti\u00e7inde ve yurtd\u0131\u015f\u0131nda yasad\u0131\u015f\u0131 yollardan toprak alt\u0131 eser biriktirenler, alt\u0131n ya da de\u011ferli ba\u015fka bir varl\u0131k bulma umudunun pe\u015fine d\u00fc\u015f\u00fcnce, son bir y\u0131lda tahrip edilen tarihi yerlere ili\u015fkin haberlerde de art\u0131\u015f g\u00f6zlendi.<\/p>\n<p>Bu yerler aras\u0131nda \u0130zmir Kemalpa\u015fa\u2019daki Karabel ge\u00e7idinde bulunan 3 bin 200 y\u0131ll\u0131k Hitit Karabel An\u0131t\u0131, D\u00fcnya K\u00fclt\u00fcr Miras\u0131 listesindeki bin 700 y\u0131ll\u0131k tarihi surlar\u0131n Yedikule Kap\u0131s\u0131 \u00fczerinde bulunan alan\u0131 ve Van\u2019\u0131n Erci\u015f il\u00e7esindeki 5 bin y\u0131ll\u0131k tarihi mezarl\u0131k da bulunuyordu.<\/p>\n<p>Tokat\u2019taki 5 bin y\u0131ll\u0131k yer alt\u0131 yerle\u015fiminin yan\u0131 s\u0131ra Elaz\u0131\u011f\u2019daki 3 bin y\u0131ll\u0131k H\u0131d\u0131rbaba H\u00f6y\u00fc\u011f\u00fc, Mersin\u2019in Tarsus il\u00e7esindeki G\u00fclek Bo\u011faz\u0131\u2019nda yer alan bin 800 y\u0131ll\u0131k yaz\u0131t ve Bursa\u2019daki 900 y\u0131ll\u0131k Aya Yani Kilisesi de talan edildi.<\/p>\n<p>Ayd\u0131n\u2019daki Gerga Antik Kenti, \u015eile\u2019deki tarihi yap\u0131, Samsun\u2019un Sal\u0131pazar\u0131 il\u00e7esindeki Runik T\u00fcrk Kaya Yaz\u0131t ve Tamgalar\u0131 ile kaya mezarlar\u0131 da definecilerin b\u00fcy\u00fck tahribata yol a\u00e7t\u0131\u011f\u0131 yerlerden oldu.<\/p>\n<p>Salg\u0131n s\u00fcrecinde definecilik ve k\u00fclt\u00fcr varl\u0131klar\u0131 tahribat\u0131ndaki art\u0131\u015f\u0131, arazideki son durumu ve al\u0131nabilecek \u00f6nlemleri, Arkeoloji ve Sanat Yay\u0131nlar\u0131 kurucusu, arkeolog-edit\u00f6r Nezih Ba\u015fgelen\u2019le konu\u015ftuk<\/p>\n<p><strong>\u201cSon d\u00f6nemde jenerat\u00f6rl\u00fc, hiltili, i\u015f makineli, ekskavat\u00f6rl\u00fc defineciler ortaya \u00e7\u0131kt\u0131\u201d<\/strong><\/p>\n<p>T\u00fcrkiye\u2019nin k\u00fclt\u00fcr varl\u0131klar\u0131 ve arkeoloji a\u00e7\u0131s\u0131ndan y\u00fczy\u0131llard\u0131r en \u00f6nemli sorunlar\u0131ndan birisinin definecilik faaliyetleri nedeniyle olu\u015fan tahribat ve bulunan eserlerin yasa d\u0131\u015f\u0131 yollardan yurt d\u0131\u015f\u0131na ka\u00e7\u0131r\u0131lma oldu\u011funu ifade eden Ba\u015fgelen, salg\u0131n nedeniyle evlere kapan\u0131lan d\u00f6nemde bu alandaki (definecilik ve k\u00fclt\u00fcr varl\u0131klar\u0131 tahribat\u0131) y\u00fckseli\u015f i\u00e7in \u201cBu i\u015f vahim hale geldi. Korona g\u00fcnlerinde arazide el ayak \u00e7ekilince definecilere g\u00fcn do\u011fdu\u201d yorumunu yapt\u0131.<\/p>\n<p>Her d\u00f6nemde tahribatlarla kar\u015f\u0131la\u015f\u0131ld\u0131\u011f\u0131n\u0131 belirten Nezih Ba\u015fgelen, son d\u00f6nemde jenerat\u00f6rl\u00fc, hiltili, i\u015f makineli, \u00f6zel kablolu ve ekskavat\u00f6rl\u00fc \u015fekilde \u00e7ok daha haz\u0131rl\u0131kl\u0131 bi\u00e7imde sahalara girilmesine dikkat \u00e7ekti.<\/p>\n<p><strong>\u201c3 bin 200 y\u0131ll\u0131k Hitit Karabel An\u0131t\u0131 tahrip edildi\u201d<\/strong><\/p>\n<p>G\u00fcn\u00fcm\u00fczden 3-4 bin y\u0131l \u00f6ncesine ait pek \u00e7ok kabartman\u0131n t\u00fcm d\u00f6nemleri sapasa\u011flam ge\u00e7irirken, ge\u00e7ti\u011fimiz y\u0131l i\u00e7inde tahrip edildi\u011fini belirten Ba\u015fgelen, \u2018eserin arkas\u0131nda kap\u0131, alt\u0131n vard\u0131r\u2019 umuduyla talan edildi\u011fini anlat\u0131rken, G\u00fclek Bo\u011faz\u0131\u2019ndaki dar ge\u00e7i\u015fi ta\u00e7land\u0131ran hitabeye dinamit yerle\u015ftirirken yakalananlar\u0131n durumunu hat\u0131rlatt\u0131.<\/p>\n<p>\u201cEvlere kapan\u0131lmas\u0131n\u0131n definecilik ve k\u00fclt\u00fcr varl\u0131klar\u0131 tahribat\u0131 \u00fczerinde kolayla\u015ft\u0131r\u0131c\u0131 etkisi oldu\u201d<\/p>\n<p>Evlere kapan\u0131lmas\u0131n\u0131n definecilik ve k\u00fclt\u00fcr varl\u0131klar\u0131 tahribat\u0131 \u00fczerinde kolayla\u015ft\u0131r\u0131c\u0131 etkisi oldu\u011funu savunan Nezih Ba\u015fgelen, s\u00f6zlerini \u015fu ifadelerle s\u00fcrd\u00fcrd\u00fc:<\/p>\n<p>K\u00fclt\u00fcr varl\u0131klar\u0131, yetkililerin, k\u00fclt\u00fcr turizmi merakl\u0131lar\u0131n\u0131n ve do\u011faseverlerin s\u0131k\u00e7a kontrol\u00fc alt\u0131nda. Ancak pandemide hem g\u00f6revliler hem de toplumun duyarl\u0131 g\u00f6zleri, sahadan uzak kald\u0131. \u00d6zellikle salg\u0131n\u0131n ba\u015flang\u0131c\u0131nda T\u00fcrkiye tarihinde nadir rastlanan bir \u015fey oldu ve faaliyetler durdu. Salg\u0131n, gerek resmi gerek gayri resmi dikkat unsurlar\u0131n\u0131 devre d\u0131\u015f\u0131 b\u0131rakt\u0131. Defineciler, olaylar jandarmaya yans\u0131y\u0131p \u00f6nlenene kadar, arazide g\u00fcnlerce kimsenin haberi olmadan, rahat rahat \u00e7al\u0131\u015fabildi.<\/p>\n<p><strong>\u201cEkonomik s\u0131k\u0131nt\u0131lar nedeniyle definecilik, baz\u0131 art niyetli ki\u015filerin umut kap\u0131s\u0131 haline geldi\u201d<\/strong><\/p>\n<p>Ancak definecilikteki art\u0131\u015f\u0131n yaln\u0131zca illegal i\u015fler pe\u015findekilerin salg\u0131n d\u00f6nemini avantaja \u00e7evirmesiyle a\u00e7\u0131klanamayaca\u011f\u0131n\u0131 da ifade eden Nezih Ba\u015fgelen\u2019e g\u00f6re, ekonomik darbo\u011faz tetikleyici fakt\u00f6rlerin ba\u015f\u0131nda geliyor.<\/p>\n<p>\u201cEkonomik s\u0131k\u0131nt\u0131lar nedeniyle definecilik, baz\u0131 art niyetli ki\u015filerin umut kap\u0131s\u0131 haline geldi. K\u00f6t\u00fc niyetli insanlar, pandemi d\u00f6neminde \u2018Acaba surun, kalenin, tarihi yap\u0131n\u0131n i\u00e7inde bir \u015fey bulup satabilir miyim\u2019 derdine d\u00fc\u015ft\u00fc. Dara d\u00fc\u015fen baz\u0131 ki\u015filer, da\u011fda, tepede define bulma h\u00fclyas\u0131na gidiyor. Cebindeki son paras\u0131yla ya da e\u015finin y\u00fcz\u00fc\u011f\u00fcyle kaz\u0131 i\u00e7in dedekt\u00f6r alan var\u201d diyen Ba\u015fgelen, T\u00fcrkiye\u2019de kentle\u015fme (y\u00fczde 94) ve k\u0131rsal n\u00fcfus (y\u00fczde 6) fark\u0131n\u0131n a\u00e7\u0131lmas\u0131n\u0131n ve k\u0131rsal\u0131n s\u0131k\u0131nt\u0131lar\u0131n\u0131n b\u00fcy\u00fcmesinin de definecili\u011fi art\u0131rd\u0131\u011f\u0131 g\u00f6r\u00fc\u015f\u00fcnde.<\/p>\n<p><strong>\u201cK\u00fclt\u00fcrel ve Do\u011fal Miras\u0131 \u0130zleme Platformu\u201d<\/strong><\/p>\n<p>S\u00f6z konusu eylemlere kar\u015f\u0131 18 May\u0131s 2020 tarihinde sosyal medyada \u201cK\u00fclt\u00fcrel ve Do\u011fal Miras\u0131 \u0130zleme Platformu\u201dnu kurduklar\u0131n\u0131 belirten Ba\u015fgelen, g\u00f6n\u00fcll\u00fcleri olu\u015fuma \u00fcye olmaya davet etti ve ekledi:<\/p>\n<p>\u00dclkemizin d\u00f6rt bir yan\u0131nda arazideki t\u00fcm k\u00fclt\u00fcr varl\u0131klar\u0131, kaya an\u0131tlar\u0131, t\u00fcm\u00fcl\u00fcsler, \u00f6ren yerleri, yaz\u0131tlar definecilerin tehdidi ve tahrip tehlikesi alt\u0131nda. Binlerce y\u0131ld\u0131r bir \u015fey olmadan bizlere ula\u015fm\u0131\u015f k\u00fclt\u00fcr miras\u0131m\u0131z\u0131, tarihi eserlerimizi ve \u00fclkenin eski eser envanterini bu tip tahriplerle bir bir kaybediyoruz. Toplumun aralar\u0131nda ayd\u0131nlar, m\u00fczeciler, arkeologlar, sanat tarih\u00e7iler, mimarlar, restorat\u00f6rler ve bilim insanlar\u0131n\u0131n da bulundu\u011fu bireyleri olarak, her i\u015fimizi b\u0131rak\u0131p bu tahripleri engelleyebilmek i\u00e7in ilgilileri de yetkilileri de yan\u0131m\u0131za al\u0131p bir an \u00f6nce harekete ge\u00e7mek durumunday\u0131z.<\/p>\n<p><strong>Ba\u015fgelen\u2019den \u201cbilin\u00e7li insan\u201d vurgusu<\/strong><\/p>\n<p>K\u00fclt\u00fcr varl\u0131klar\u0131n\u0131n korunmas\u0131n\u0131n bu alana y\u00f6nelik bilin\u00e7li insan\u0131n konusu oldu\u011funu ifade eden Nezih Ba\u015fgelen, \u00f6ncelikle ilgili kitlelerin e\u011fitilmesinin \u015fart oldu\u011funu vurgulad\u0131.<\/p>\n<p>\u0130lkokuldan ba\u015flayarak, lise ve dengi okullar\u0131n sonuna kadar tarihi ve do\u011fal \u00e7evre de\u011ferleri, eski eserler ve do\u011fa varl\u0131klar\u0131 konusunda sevgi ve bilin\u00e7 olu\u015fturacak derslerin okutulmas\u0131 gerekti\u011fine de\u011finen Ba\u015fgelen, \u201cAyr\u0131ca y\u00f6neticilere, meslek i\u00e7i kurslarda, halkla yak\u0131n ili\u015fkisi bulunan kesime; \u00f6\u011fretmen-imam, ayr\u0131ca yurt sath\u0131nda k\u0131rsal alanda g\u00f6rev yapanlara jandarma, karayollar\u0131, k\u00f6y hizmetleri, orman g\u00f6revlilerine koruma e\u011fitimi verilmelidir\u201d \u015feklinde konu\u015ftu.<\/p>\n<p>Son olarak medyaya da d\u00fc\u015fen role de\u011finen Nezih Ba\u015fgelen, televizyon kanallar\u0131, yaz\u0131l\u0131 bas\u0131n ve sosyal medyada k\u00fclt\u00fcr varl\u0131klar\u0131n\u0131n korunmas\u0131n\u0131 \u00f6zendirmeye y\u00f6nelik i\u00e7erikler olu\u015fturulmas\u0131n\u0131n \u00f6nemini dile getirdi.<\/p>\n<p>Bas\u0131na yans\u0131yan haberlerin \u00e7o\u011funda detekt\u00f6rlerin, definecilik faaliyetlerinin simgesi haline geldi\u011fi tehlikesine dikkat \u00e7eken Ba\u015fgelen, i\u00e7eriklerin \u00f6zendirici hale gelmemesi uyar\u0131s\u0131n\u0131 yapt\u0131.<\/p>\n<hr \/>\n<p><em><strong><a href=\"https:\/\/www.indyturk.com\/node\/308581\/k%C3%BClt%C3%BCr\/pandemide-definecilik-artarken-k%C3%BClt%C3%BCr-varl%C4%B1klar%C4%B1-tahrip-oluyor-arkeolog-ba%C5%9Fgelen\" target=\"_blank\" rel=\"noopener noreferrer\">Independent Turkce<\/a><\/strong><\/em><\/p>\n","protected":false},"excerpt":{"rendered":"<p>\u201cKorona g\u00fcnlerinde araziden el ayak \u00e7ekilince definecilere g\u00fcn do\u011fdu\u201d yorumunu yapan arkeolog-edit\u00f6r Nezih Ba\u015fgelen, de\u011ferli eser ya da alt\u0131n bulma umuduyla binlerce y\u0131ll\u0131k tarihi yap\u0131lar\u0131n talan edilmesine kar\u015f\u0131 \u00e7a\u011fr\u0131da bulundu. Lale Elmac\u0131o\u011flu Aralar\u0131nda \u00f6ren yerlerinin de bulundu\u011fu k\u00fclt\u00fcr varl\u0131klar\u0131 koruma alt\u0131nda olsa da, yeni tip koronavir\u00fcs (Kovid-19) salg\u0131n\u0131nda belli bir d\u00f6nem boyunca g\u00f6revliler sahadan uzak [&hellip;]<\/p>\n","protected":false},"author":7,"featured_media":61245,"comment_status":"open","ping_status":"open","sticky":false,"template":"","format":"standard","meta":{"footnotes":""},"categories":[1],"tags":[],"class_list":["post-61244","post","type-post","status-publish","format-standard","has-post-thumbnail","hentry","category-haberler"],"yoast_head":"<!-- This site is optimized with the Yoast SEO plugin v27.4 - https:\/\/yoast.com\/product\/yoast-seo-wordpress\/ -->\n<title>Pandemide definecilik artarken, k\u00fclt\u00fcr varl\u0131klar\u0131 tahrip oluyor\u2026 - Bati Ermenistan Ve Bati Ermenileri Sorunlari Ara\u015ftirmalar Merkezi<\/title>\n<meta name=\"robots\" content=\"index, follow, max-snippet:-1, max-image-preview:large, max-video-preview:-1\" \/>\n<link rel=\"canonical\" href=\"https:\/\/akunq.net\/tr\/?p=61244\" \/>\n<meta property=\"og:locale\" content=\"en_US\" \/>\n<meta property=\"og:type\" content=\"article\" \/>\n<meta property=\"og:title\" content=\"Pandemide definecilik artarken, k\u00fclt\u00fcr varl\u0131klar\u0131 tahrip oluyor\u2026 - Bati Ermenistan Ve Bati Ermenileri Sorunlari Ara\u015ftirmalar Merkezi\" \/>\n<meta property=\"og:description\" content=\"\u201cKorona g\u00fcnlerinde araziden el ayak \u00e7ekilince definecilere g\u00fcn do\u011fdu\u201d yorumunu yapan arkeolog-edit\u00f6r Nezih Ba\u015fgelen, de\u011ferli eser ya da alt\u0131n bulma umuduyla binlerce y\u0131ll\u0131k tarihi yap\u0131lar\u0131n talan edilmesine kar\u015f\u0131 \u00e7a\u011fr\u0131da bulundu. Lale Elmac\u0131o\u011flu Aralar\u0131nda \u00f6ren yerlerinin de bulundu\u011fu k\u00fclt\u00fcr varl\u0131klar\u0131 koruma alt\u0131nda olsa da, yeni tip koronavir\u00fcs (Kovid-19) salg\u0131n\u0131nda belli bir d\u00f6nem boyunca g\u00f6revliler sahadan uzak [&hellip;]\" \/>\n<meta property=\"og:url\" content=\"https:\/\/akunq.net\/tr\/?p=61244\" \/>\n<meta property=\"og:site_name\" content=\"Bati Ermenistan Ve Bati Ermenileri Sorunlari Ara\u015ftirmalar Merkezi\" \/>\n<meta property=\"article:published_time\" content=\"2021-02-01T07:19:41+00:00\" \/>\n<meta property=\"og:image\" content=\"https:\/\/akunq.net\/tr\/wp-content\/uploads\/sites\/6\/2021\/02\/Pandemide-definecilik.jpg\" \/>\n\t<meta property=\"og:image:width\" content=\"1200\" \/>\n\t<meta property=\"og:image:height\" content=\"630\" \/>\n\t<meta property=\"og:image:type\" content=\"image\/jpeg\" \/>\n<meta name=\"author\" content=\"admin\" \/>\n<meta name=\"twitter:card\" content=\"summary_large_image\" \/>\n<meta name=\"twitter:label1\" content=\"Written by\" \/>\n\t<meta name=\"twitter:data1\" content=\"admin\" \/>\n\t<meta name=\"twitter:label2\" content=\"Est. reading time\" \/>\n\t<meta name=\"twitter:data2\" content=\"6 minutes\" \/>\n<script type=\"application\/ld+json\" class=\"yoast-schema-graph\">{\"@context\":\"https:\\\/\\\/schema.org\",\"@graph\":[{\"@type\":\"Article\",\"@id\":\"https:\\\/\\\/akunq.net\\\/tr\\\/?p=61244#article\",\"isPartOf\":{\"@id\":\"https:\\\/\\\/akunq.net\\\/tr\\\/?p=61244\"},\"author\":{\"name\":\"admin\",\"@id\":\"https:\\\/\\\/akunq.net\\\/tr\\\/#\\\/schema\\\/person\\\/096f1d38a12cce57fb855b485ed24c9e\"},\"headline\":\"Pandemide definecilik artarken, k\u00fclt\u00fcr varl\u0131klar\u0131 tahrip oluyor\u2026\",\"datePublished\":\"2021-02-01T07:19:41+00:00\",\"mainEntityOfPage\":{\"@id\":\"https:\\\/\\\/akunq.net\\\/tr\\\/?p=61244\"},\"wordCount\":1275,\"commentCount\":0,\"image\":{\"@id\":\"https:\\\/\\\/akunq.net\\\/tr\\\/?p=61244#primaryimage\"},\"thumbnailUrl\":\"https:\\\/\\\/akunq.net\\\/tr\\\/wp-content\\\/uploads\\\/sites\\\/6\\\/2021\\\/02\\\/Pandemide-definecilik.jpg\",\"articleSection\":[\"Haberler\"],\"inLanguage\":\"en-US\",\"potentialAction\":[{\"@type\":\"CommentAction\",\"name\":\"Comment\",\"target\":[\"https:\\\/\\\/akunq.net\\\/tr\\\/?p=61244#respond\"]}]},{\"@type\":\"WebPage\",\"@id\":\"https:\\\/\\\/akunq.net\\\/tr\\\/?p=61244\",\"url\":\"https:\\\/\\\/akunq.net\\\/tr\\\/?p=61244\",\"name\":\"Pandemide definecilik artarken, k\u00fclt\u00fcr varl\u0131klar\u0131 tahrip oluyor\u2026 - Bati Ermenistan Ve Bati Ermenileri Sorunlari Ara\u015ftirmalar Merkezi\",\"isPartOf\":{\"@id\":\"https:\\\/\\\/akunq.net\\\/tr\\\/#website\"},\"primaryImageOfPage\":{\"@id\":\"https:\\\/\\\/akunq.net\\\/tr\\\/?p=61244#primaryimage\"},\"image\":{\"@id\":\"https:\\\/\\\/akunq.net\\\/tr\\\/?p=61244#primaryimage\"},\"thumbnailUrl\":\"https:\\\/\\\/akunq.net\\\/tr\\\/wp-content\\\/uploads\\\/sites\\\/6\\\/2021\\\/02\\\/Pandemide-definecilik.jpg\",\"datePublished\":\"2021-02-01T07:19:41+00:00\",\"author\":{\"@id\":\"https:\\\/\\\/akunq.net\\\/tr\\\/#\\\/schema\\\/person\\\/096f1d38a12cce57fb855b485ed24c9e\"},\"breadcrumb\":{\"@id\":\"https:\\\/\\\/akunq.net\\\/tr\\\/?p=61244#breadcrumb\"},\"inLanguage\":\"en-US\",\"potentialAction\":[{\"@type\":\"ReadAction\",\"target\":[\"https:\\\/\\\/akunq.net\\\/tr\\\/?p=61244\"]}]},{\"@type\":\"ImageObject\",\"inLanguage\":\"en-US\",\"@id\":\"https:\\\/\\\/akunq.net\\\/tr\\\/?p=61244#primaryimage\",\"url\":\"https:\\\/\\\/akunq.net\\\/tr\\\/wp-content\\\/uploads\\\/sites\\\/6\\\/2021\\\/02\\\/Pandemide-definecilik.jpg\",\"contentUrl\":\"https:\\\/\\\/akunq.net\\\/tr\\\/wp-content\\\/uploads\\\/sites\\\/6\\\/2021\\\/02\\\/Pandemide-definecilik.jpg\",\"width\":1200,\"height\":630},{\"@type\":\"BreadcrumbList\",\"@id\":\"https:\\\/\\\/akunq.net\\\/tr\\\/?p=61244#breadcrumb\",\"itemListElement\":[{\"@type\":\"ListItem\",\"position\":1,\"name\":\"Home\",\"item\":\"https:\\\/\\\/akunq.net\\\/tr\"},{\"@type\":\"ListItem\",\"position\":2,\"name\":\"Pandemide definecilik artarken, k\u00fclt\u00fcr varl\u0131klar\u0131 tahrip oluyor\u2026\"}]},{\"@type\":\"WebSite\",\"@id\":\"https:\\\/\\\/akunq.net\\\/tr\\\/#website\",\"url\":\"https:\\\/\\\/akunq.net\\\/tr\\\/\",\"name\":\"Bati Ermenistan Ve Bati Ermenileri Sorunlari Ara\u015ftirmalar Merkezi\",\"description\":\"\",\"potentialAction\":[{\"@type\":\"SearchAction\",\"target\":{\"@type\":\"EntryPoint\",\"urlTemplate\":\"https:\\\/\\\/akunq.net\\\/tr\\\/?s={search_term_string}\"},\"query-input\":{\"@type\":\"PropertyValueSpecification\",\"valueRequired\":true,\"valueName\":\"search_term_string\"}}],\"inLanguage\":\"en-US\"},{\"@type\":\"Person\",\"@id\":\"https:\\\/\\\/akunq.net\\\/tr\\\/#\\\/schema\\\/person\\\/096f1d38a12cce57fb855b485ed24c9e\",\"name\":\"admin\",\"url\":\"https:\\\/\\\/akunq.net\\\/tr\\\/?author=7\"}]}<\/script>\n<!-- \/ Yoast SEO plugin. -->","yoast_head_json":{"title":"Pandemide definecilik artarken, k\u00fclt\u00fcr varl\u0131klar\u0131 tahrip oluyor\u2026 - Bati Ermenistan Ve Bati Ermenileri Sorunlari Ara\u015ftirmalar Merkezi","robots":{"index":"index","follow":"follow","max-snippet":"max-snippet:-1","max-image-preview":"max-image-preview:large","max-video-preview":"max-video-preview:-1"},"canonical":"https:\/\/akunq.net\/tr\/?p=61244","og_locale":"en_US","og_type":"article","og_title":"Pandemide definecilik artarken, k\u00fclt\u00fcr varl\u0131klar\u0131 tahrip oluyor\u2026 - Bati Ermenistan Ve Bati Ermenileri Sorunlari Ara\u015ftirmalar Merkezi","og_description":"\u201cKorona g\u00fcnlerinde araziden el ayak \u00e7ekilince definecilere g\u00fcn do\u011fdu\u201d yorumunu yapan arkeolog-edit\u00f6r Nezih Ba\u015fgelen, de\u011ferli eser ya da alt\u0131n bulma umuduyla binlerce y\u0131ll\u0131k tarihi yap\u0131lar\u0131n talan edilmesine kar\u015f\u0131 \u00e7a\u011fr\u0131da bulundu. Lale Elmac\u0131o\u011flu Aralar\u0131nda \u00f6ren yerlerinin de bulundu\u011fu k\u00fclt\u00fcr varl\u0131klar\u0131 koruma alt\u0131nda olsa da, yeni tip koronavir\u00fcs (Kovid-19) salg\u0131n\u0131nda belli bir d\u00f6nem boyunca g\u00f6revliler sahadan uzak [&hellip;]","og_url":"https:\/\/akunq.net\/tr\/?p=61244","og_site_name":"Bati Ermenistan Ve Bati Ermenileri Sorunlari Ara\u015ftirmalar Merkezi","article_published_time":"2021-02-01T07:19:41+00:00","og_image":[{"width":1200,"height":630,"url":"https:\/\/akunq.net\/tr\/wp-content\/uploads\/sites\/6\/2021\/02\/Pandemide-definecilik.jpg","type":"image\/jpeg"}],"author":"admin","twitter_card":"summary_large_image","twitter_misc":{"Written by":"admin","Est. reading time":"6 minutes"},"schema":{"@context":"https:\/\/schema.org","@graph":[{"@type":"Article","@id":"https:\/\/akunq.net\/tr\/?p=61244#article","isPartOf":{"@id":"https:\/\/akunq.net\/tr\/?p=61244"},"author":{"name":"admin","@id":"https:\/\/akunq.net\/tr\/#\/schema\/person\/096f1d38a12cce57fb855b485ed24c9e"},"headline":"Pandemide definecilik artarken, k\u00fclt\u00fcr varl\u0131klar\u0131 tahrip oluyor\u2026","datePublished":"2021-02-01T07:19:41+00:00","mainEntityOfPage":{"@id":"https:\/\/akunq.net\/tr\/?p=61244"},"wordCount":1275,"commentCount":0,"image":{"@id":"https:\/\/akunq.net\/tr\/?p=61244#primaryimage"},"thumbnailUrl":"https:\/\/akunq.net\/tr\/wp-content\/uploads\/sites\/6\/2021\/02\/Pandemide-definecilik.jpg","articleSection":["Haberler"],"inLanguage":"en-US","potentialAction":[{"@type":"CommentAction","name":"Comment","target":["https:\/\/akunq.net\/tr\/?p=61244#respond"]}]},{"@type":"WebPage","@id":"https:\/\/akunq.net\/tr\/?p=61244","url":"https:\/\/akunq.net\/tr\/?p=61244","name":"Pandemide definecilik artarken, k\u00fclt\u00fcr varl\u0131klar\u0131 tahrip oluyor\u2026 - Bati Ermenistan Ve Bati Ermenileri Sorunlari Ara\u015ftirmalar Merkezi","isPartOf":{"@id":"https:\/\/akunq.net\/tr\/#website"},"primaryImageOfPage":{"@id":"https:\/\/akunq.net\/tr\/?p=61244#primaryimage"},"image":{"@id":"https:\/\/akunq.net\/tr\/?p=61244#primaryimage"},"thumbnailUrl":"https:\/\/akunq.net\/tr\/wp-content\/uploads\/sites\/6\/2021\/02\/Pandemide-definecilik.jpg","datePublished":"2021-02-01T07:19:41+00:00","author":{"@id":"https:\/\/akunq.net\/tr\/#\/schema\/person\/096f1d38a12cce57fb855b485ed24c9e"},"breadcrumb":{"@id":"https:\/\/akunq.net\/tr\/?p=61244#breadcrumb"},"inLanguage":"en-US","potentialAction":[{"@type":"ReadAction","target":["https:\/\/akunq.net\/tr\/?p=61244"]}]},{"@type":"ImageObject","inLanguage":"en-US","@id":"https:\/\/akunq.net\/tr\/?p=61244#primaryimage","url":"https:\/\/akunq.net\/tr\/wp-content\/uploads\/sites\/6\/2021\/02\/Pandemide-definecilik.jpg","contentUrl":"https:\/\/akunq.net\/tr\/wp-content\/uploads\/sites\/6\/2021\/02\/Pandemide-definecilik.jpg","width":1200,"height":630},{"@type":"BreadcrumbList","@id":"https:\/\/akunq.net\/tr\/?p=61244#breadcrumb","itemListElement":[{"@type":"ListItem","position":1,"name":"Home","item":"https:\/\/akunq.net\/tr"},{"@type":"ListItem","position":2,"name":"Pandemide definecilik artarken, k\u00fclt\u00fcr varl\u0131klar\u0131 tahrip oluyor\u2026"}]},{"@type":"WebSite","@id":"https:\/\/akunq.net\/tr\/#website","url":"https:\/\/akunq.net\/tr\/","name":"Bati Ermenistan Ve Bati Ermenileri Sorunlari Ara\u015ftirmalar Merkezi","description":"","potentialAction":[{"@type":"SearchAction","target":{"@type":"EntryPoint","urlTemplate":"https:\/\/akunq.net\/tr\/?s={search_term_string}"},"query-input":{"@type":"PropertyValueSpecification","valueRequired":true,"valueName":"search_term_string"}}],"inLanguage":"en-US"},{"@type":"Person","@id":"https:\/\/akunq.net\/tr\/#\/schema\/person\/096f1d38a12cce57fb855b485ed24c9e","name":"admin","url":"https:\/\/akunq.net\/tr\/?author=7"}]}},"_links":{"self":[{"href":"https:\/\/akunq.net\/tr\/index.php?rest_route=\/wp\/v2\/posts\/61244","targetHints":{"allow":["GET"]}}],"collection":[{"href":"https:\/\/akunq.net\/tr\/index.php?rest_route=\/wp\/v2\/posts"}],"about":[{"href":"https:\/\/akunq.net\/tr\/index.php?rest_route=\/wp\/v2\/types\/post"}],"author":[{"embeddable":true,"href":"https:\/\/akunq.net\/tr\/index.php?rest_route=\/wp\/v2\/users\/7"}],"replies":[{"embeddable":true,"href":"https:\/\/akunq.net\/tr\/index.php?rest_route=%2Fwp%2Fv2%2Fcomments&post=61244"}],"version-history":[{"count":1,"href":"https:\/\/akunq.net\/tr\/index.php?rest_route=\/wp\/v2\/posts\/61244\/revisions"}],"predecessor-version":[{"id":61246,"href":"https:\/\/akunq.net\/tr\/index.php?rest_route=\/wp\/v2\/posts\/61244\/revisions\/61246"}],"wp:featuredmedia":[{"embeddable":true,"href":"https:\/\/akunq.net\/tr\/index.php?rest_route=\/wp\/v2\/media\/61245"}],"wp:attachment":[{"href":"https:\/\/akunq.net\/tr\/index.php?rest_route=%2Fwp%2Fv2%2Fmedia&parent=61244"}],"wp:term":[{"taxonomy":"category","embeddable":true,"href":"https:\/\/akunq.net\/tr\/index.php?rest_route=%2Fwp%2Fv2%2Fcategories&post=61244"},{"taxonomy":"post_tag","embeddable":true,"href":"https:\/\/akunq.net\/tr\/index.php?rest_route=%2Fwp%2Fv2%2Ftags&post=61244"}],"curies":[{"name":"wp","href":"https:\/\/api.w.org\/{rel}","templated":true}]}}