{"id":61234,"date":"2021-02-01T01:33:29","date_gmt":"2021-02-01T06:33:29","guid":{"rendered":"https:\/\/akunq.net\/tr\/?p=61234"},"modified":"2021-02-01T01:35:07","modified_gmt":"2021-02-01T06:35:07","slug":"gomidas-vartabedin-kilisesi-artik-yok","status":"publish","type":"post","link":"https:\/\/akunq.net\/tr\/?p=61234","title":{"rendered":"Gomidas Vartabed&#8217;in kilisesi art\u0131k yok"},"content":{"rendered":"<h4><img loading=\"lazy\" decoding=\"async\" class=\"aligncenter size-medium wp-image-61235\" src=\"https:\/\/akunq.net\/tr\/wp-content\/uploads\/2021\/02\/Gomidas-Vartabedin-kilisesi-360x270.jpg\" alt=\"\" width=\"360\" height=\"270\" srcset=\"https:\/\/akunq.net\/tr\/wp-content\/uploads\/sites\/6\/2021\/02\/Gomidas-Vartabedin-kilisesi-360x270.jpg 360w, https:\/\/akunq.net\/tr\/wp-content\/uploads\/sites\/6\/2021\/02\/Gomidas-Vartabedin-kilisesi-768x576.jpg 768w, https:\/\/akunq.net\/tr\/wp-content\/uploads\/sites\/6\/2021\/02\/Gomidas-Vartabedin-kilisesi-1536x1152.jpg 1536w, https:\/\/akunq.net\/tr\/wp-content\/uploads\/sites\/6\/2021\/02\/Gomidas-Vartabedin-kilisesi-2048x1536.jpg 2048w, https:\/\/akunq.net\/tr\/wp-content\/uploads\/sites\/6\/2021\/02\/Gomidas-Vartabedin-kilisesi-560x420.jpg 560w, https:\/\/akunq.net\/tr\/wp-content\/uploads\/sites\/6\/2021\/02\/Gomidas-Vartabedin-kilisesi-260x195.jpg 260w, https:\/\/akunq.net\/tr\/wp-content\/uploads\/sites\/6\/2021\/02\/Gomidas-Vartabedin-kilisesi-160x120.jpg 160w\" sizes=\"auto, (max-width: 360px) 100vw, 360px\" \/><\/h4>\n<h4><strong><em>Gomidas Vartabed\u2019in 150\u2019inci do\u011fum y\u0131ld\u00f6n\u00fcm\u00fcnde, 2019 y\u0131l\u0131nda Sofya Kalantaryan\u2019la birlikte K\u00fctahya\u2019ya yapt\u0131\u011f\u0131m\u0131z ziyarete o tarihi kiliseyi uzaktan da olsa g\u00f6rebilmi\u015f olman\u0131n verdi\u011fi mutlulu\u011funu d\u00fc\u015f\u00fcnd\u00fck\u00e7e, bir daha asla yeri doldurulamayacak b\u00f6ylesi de\u011ferli bir eserin yerle bir edili\u015finin verdi\u011fi ac\u0131 katlanarak artmaya devam ediyor.<\/em><\/strong><\/h4>\n<p>Sizlerden, birilerinin, Makedonya&#8217;daki Alaca Cami veya Mustafa Pa\u015fa Camiini bir \u015fekilde kendi mal varl\u0131\u011f\u0131na ge\u00e7irmi\u015f oldu\u011funu, \u00f6nce sinema sonra da d\u00fc\u011f\u00fcn salonuna \u00e7evirmekle kalmay\u0131p en sonunda da y\u0131kt\u0131\u011f\u0131n\u0131 d\u00fc\u015f\u00fcnmenizi isteyece\u011fim.<br \/>\nD\u00fc\u015f\u00fcncesi dahi insan\u0131n y\u00fcre\u011fini buruyor de\u011fil mi?<\/p>\n<p>\u0130\u015fte bizlerin de y\u00fcrekleri 107 y\u0131ld\u0131r maruz b\u0131rak\u0131ld\u0131\u011f\u0131m\u0131z bu tarz y\u0131k\u0131mlar nedeniyle her seferinde ac\u0131yla burulmaya devam ediyor.<\/p>\n<p>Ge\u00e7enlerde sat\u0131l\u0131\u011fa \u00e7\u0131kar\u0131lan bir ba\u015fka kilise nedeniyle ya\u015fad\u0131\u011f\u0131m\u0131z \u00fcz\u00fcnt\u00fc son bulmadan, bir kez daha, hem de bu sefer K\u00fctahya\u2019da, 15&#8217;inci as\u0131rdan bu yana var olan tarihi Surp Toros\/Teodoros kilisemizin y\u0131k\u0131m haberiyle y\u00fcre\u011fimiz buruldu.<\/p>\n<p>\u0130ncil\u2019de yer alan \u0130sa Mesih\u2019in Kud\u00fcs\u2019e giri\u015fte s\u00f6ylemi\u015f oldu\u011fu &#8220;Bunlar susacak olsa, ta\u015flar ba\u011f\u0131racakt\u0131r,&#8221; (Luka 19- 40) s\u00f6z\u00fc ger\u00e7eklerin asla susturulamayaca\u011f\u0131n\u0131 hat\u0131rlat\u0131r bizlere.<\/p>\n<p>\u00d6yle ya, 1915\u2019te Tekirda\u011f, Edirne, Bursa, Trabzon, Giresun, Ankara, \u00c7orum, Mara\u015f Antep ve daha onlarca \u015fehirde ya\u015fat\u0131lan ac\u0131lara tan\u0131k olan, o ac\u0131lar\u0131 dile getirecek insanlar\u0131n say\u0131s\u0131 art\u0131k yok denilecek kadar azald\u0131. Ancak yerle yeksan edilen, atalar\u0131m\u0131zdan kalan as\u0131rl\u0131k de\u011ferlerimize ait her bir ta\u015f, hala kaybedilen canlar\u0131m\u0131z yerine konu\u015fmaya, bizlere ya\u015fat\u0131lan ac\u0131lar\u0131, kay\u0131plar\u0131, yok edilen ya\u015famlar\u0131 hayk\u0131rmaya devam ediyor.<\/p>\n<div id=\"photoholder1\" class=\"photoholder no-display appear\"><img loading=\"lazy\" decoding=\"async\" class=\"no-display appear\" src=\"http:\/\/admin.agos.com.tr\/Upload\/Agos\/Images\/2010%20K%C3%BCtahya%20Sona%20Mentese%20(47).jpg\" alt=\"Kilise sinema salonu olarak da i\u015fletildi FOTO: Sona Mente\u015fe\" width=\"300\" height=\"250\" \/><\/div>\n<div class=\"photoholder no-display appear\"><em><span class=\"title\">Kilise sinema salonu olarak da i\u015fletildi FOTO: Sona Mente\u015fe<\/span><\/em><\/div>\n<p>Sosyal medya \u00fczerinde yap\u0131lm\u0131\u015f olan bir payla\u015f\u0131ma g\u00f6re kilise binas\u0131na sahip olan aile \u00fcyelerinden biri, kilisenin y\u0131k\u0131m\u0131 i\u00e7in \u201c1951 y\u0131l\u0131nda K\u00fctahya\u2019n\u0131n ilk sinemas\u0131 olarak in\u015fa edilen Saray Sinemas\u0131. 1951 y\u0131l\u0131 i\u00e7in b\u00f6yle bir vizyonu olan dedeme ve babama hep hayranl\u0131k duydum. Seyirciyi sinemaya \u00fccretsiz ta\u015f\u0131mak i\u00e7in ilk halk otob\u00fcs\u00fcn\u00fc hayata ge\u00e7irmi\u015f dedem&#8230; Y\u0131llard\u0131r verdi\u011fim m\u00fccadele sonunda Ocak 2021 y\u0131l\u0131nda y\u0131k\u0131m yap\u0131ld\u0131. Saray Sinemas\u0131 K\u00fctahya i\u00e7in tarihteki yerini ald\u0131. Hat\u0131ralarda ya\u015fayacak art\u0131k\u201d \u015feklinde bir a\u00e7\u0131klamada bulunmu\u015f.<\/p>\n<p><strong>Gomidas Vartabed\u2019in memleketi<\/strong><\/p>\n<p>Gomidas Vartabed\u2019in 150\u2019inci do\u011fum y\u0131ld\u00f6n\u00fcm\u00fcnde, 2019 y\u0131l\u0131nda Sofya Kalantaryan\u2019la birlikte K\u00fctahya\u2019ya yapt\u0131\u011f\u0131m\u0131z ziyarete o tarihi kiliseyi uzaktan da olsa g\u00f6rebilmi\u015f olman\u0131n verdi\u011fi mutlulu\u011funu d\u00fc\u015f\u00fcnd\u00fck\u00e7e, bir daha asla yeri doldurulamayacak b\u00f6ylesi de\u011ferli bir eserin yerle bir edili\u015finin verdi\u011fi ac\u0131 katlanarak artmaya devam ediyor.<\/p>\n<p>Darac\u0131k soka\u011f\u0131 t\u0131rmand\u0131ktan sonra kar\u015f\u0131m\u0131za \u00e7\u0131kan, Gomidas Vartabed\u2019in de ilahiler okudu\u011fu Surp Toros\/Teodoros kilisesinde bu kez de onun i\u00e7in dualar, ilahiler okumay\u0131 \u00e7ok istemi\u015ftik. Ancak \u2018kilisenin sahibi\u2019 ile yap\u0131lan telefon g\u00f6r\u00fc\u015fmesinden olumsuz cevap almam\u0131z \u00fczerine as\u0131rl\u0131k ac\u0131lar\u0131 s\u0131rt\u0131na y\u00fcklenmi\u015f olan kilisenin o tahta kap\u0131s\u0131n\u0131n \u00f6n\u00fcnde kalakalm\u0131\u015ft\u0131k. Sonra da \u201cVars\u0131n i\u00e7eri girmeyelim. Aslolan niyet etmek, ada\u011f\u0131n\u0131 yerine getirebilmektir. Biz de kilisenin kap\u0131s\u0131n\u0131n \u00f6n\u00fcnde, merdivenler \u00fczerinde yakt\u0131\u011f\u0131m\u0131z mumlar e\u015fli\u011finde onun i\u00e7in dualar okuruz\u201d demi\u015ftik.<\/p>\n<p>Kap\u0131s\u0131n\u0131n \u00f6n\u00fcnde dahi dua etmeye raz\u0131 geldi\u011fimiz o kilisemizin art\u0131k yok edildi\u011fi bilgisinin edindikten sonra t\u00fcm gece y\u00fcre\u011fimi kemiren ac\u0131 y\u00fcz\u00fcnden g\u00f6z\u00fcm\u00fc uyku tutmuyor..<\/p>\n<div id=\"photoholder2\" class=\"photoholder no-display appear\"><img loading=\"lazy\" decoding=\"async\" class=\"no-display appear\" src=\"http:\/\/admin.agos.com.tr\/Upload\/Agos\/Images\/kutahya%20surp%20toros%20y%C4%B1k%C4%B1m%20sonras%C4%B1.png\" alt=\"Kilise y\u0131k\u0131ld\u0131ktan sonra\" width=\"400\" height=\"300\" \/><\/div>\n<div class=\"photoholder no-display appear\"><em><span class=\"title\">Kilise y\u0131k\u0131ld\u0131ktan sonra<\/span><\/em><\/div>\n<p><strong>Ermeniler\u2019in hep hat\u0131ras\u0131nda kalacak<\/strong><\/p>\n<p>Kilise binas\u0131 K\u00fctahya\u2019da pek \u00e7ok insan\u0131n haf\u0131zas\u0131nda sineman\u0131n yan\u0131s\u0131ra bir d\u00f6nem de K\u00fctahyal\u0131 ailelerin \u00e7ocuklar\u0131n\u0131n mutluluklar\u0131n\u0131 dostlar\u0131yla payla\u015ft\u0131klar\u0131 \u2018D\u00fc\u011f\u00fcn Salonu\u2019 olarak yer edecek.<\/p>\n<p>Ancak biz Ermenilerin hat\u0131ralar\u0131nda ise y\u0131k\u0131ld\u0131\u011f\u0131 her seferinde K\u00fctahya\u2019da ya\u015fayan Ermeni \u00e7ini ustalar\u0131 taraf\u0131ndan yeniden in\u015fa ettirilen, kutsal ya\u011flarla mesh edilen duvarlar\u0131nda as\u0131rlar boyunca buhurdanl\u0131klardan t\u00fcten kokunun, okunan dualar\u0131n, ilahilerin sinmi\u015f olmas\u0131na kar\u015f\u0131n, 21. asr\u0131n ba\u015f\u0131nda yerle bir edilen be\u015f as\u0131rl\u0131k ge\u00e7mi\u015fi olan bir kilise olarak yer edecek.<\/p>\n<p><strong>Yerine ne yap\u0131lacak?<\/strong><br \/>\nYerle yeksan edilen tarihi kilisemizin yerine in\u015fa edilecek olan binalar\u0131n, tarihi K\u00fctahyam\u0131za kazand\u0131rm\u0131\u015f olaca\u011f\u0131 de\u011feri bilmiyorum. Ama olur da binalar\u0131 satmakta zorluk \u00e7ekip zarar edecek olursan\u0131z K\u00fctahya\u2019ya gelen turistleri oraya getirerek \u201cBir zamanlar K\u00fctahya\u2019n\u0131n bu mahallelerinde, yapt\u0131klar\u0131 \u00e7inilerle K\u00fctahya\u2019y\u0131 d\u00fcnyaya tan\u0131tan Ermeni \u00e7inici aileler ya\u015farm\u0131\u015f. 1512 y\u0131l\u0131ndaki kaynaklarda Ermenilerin o tarihte K\u00fctahya\u2019da ya\u015fad\u0131klar\u0131 mahallerde \u00fc\u00e7 kilise in\u015fa etmi\u015f olduklar\u0131 bilgisi yer almaktaym\u0131\u015f. En eski Ermeni kilisesinin 1411 tarihli Germiyan Zadeler [Germiyano\u011fullar\u0131] Vak\u0131fnamesinde yer ald\u0131\u011f\u0131n\u0131, ancak muhtemelen bahsi ge\u00e7en bu kilisenin y\u0131llar \u00f6nce y\u0131kt\u0131r\u0131l\u0131p yerine lojmanlar yapt\u0131r\u0131lm\u0131\u015f olan, Surp Asdvadzadzin kilisesi oldu\u011funu\u201d s\u00f6ylersiniz.<\/p>\n<p>Sonra da devam edersiniz: \u201cAma sizlerin dola\u015fmakta oldu\u011funuz bu binalar\u0131 yapt\u0131rmak i\u00e7in y\u0131kt\u0131rd\u0131\u011f\u0131m\u0131z Surp Toros\/Teodoros kilisenin de kendi \u00e7ap\u0131nda de\u011ferleri vard\u0131; K\u00fctahya\u2019da d\u00fcnyaya gelen d\u00fcnyaca \u00fcnl\u00fc besteci, etnom\u00fczikolog, koro \u015fefi, derleyici, Ermeni m\u00fczik okulunun kurucular\u0131ndan Rahip Gomidas y\u0131kt\u0131\u011f\u0131m\u0131z bu tarihi tarihi kilisede tam olarak 1869 y\u0131l\u0131n\u0131n 29 Eyl\u00fcl\u2019\u00fcnde vaftiz edildi; g\u00fczel sesleriyle nam salan muganni babas\u0131 K\u00fctahyal\u0131 Kevork So\u011fomonyan ve amcas\u0131 Harutyun So\u011fomonyan gibi Gomidas Vartabed de o g\u00fczel sesiyle bu kilisedeki yap\u0131lan ayinlerde ilahiler okudu, muhtemelen anne ve babas\u0131n\u0131n cenazelerinin de bu kiliseden kald\u0131r\u0131ld\u0131\u201d<\/p>\n<div id=\"photoholder3\" class=\"photoholder no-display appear\"><img loading=\"lazy\" decoding=\"async\" class=\"no-display appear\" src=\"http:\/\/admin.agos.com.tr\/Upload\/Agos\/Images\/sofya%20kalenderyan%20kutahya%20duz.jpg\" alt=\"2019 gezisinden FOTO: Besse Kabak\" width=\"300\" height=\"400\" \/><\/div>\n<div class=\"photoholder no-display appear\"><em><span class=\"title\">2019 gezisinden FOTO: Besse Kabak<\/span><\/em><\/div>\n<p>En sonunda da \u015fayet ruhsal g\u00f6zleriniz, kulaklar\u0131n\u0131z a\u00e7\u0131ksa, geceleri h\u00fck\u00fcm s\u00fcren sessizli\u011fe kulak kabart\u0131p, o sessizlik i\u00e7inde, Gomidas Vartabed\u2019in \u00e7ocukken okudu\u011fu o g\u00fczel ilahilerin ya da 1910 y\u0131l\u0131nda K\u00fctahya\u2019y\u0131 ziyaret etti\u011finde kurmu\u015f oldu\u011fu 100 ki\u015filik \u00e7ocuk korosuyla birlikte bu kilisede vermi\u015f oldu\u011fu iki muhte\u015fem konserde yer alan \u015fark\u0131lar\u0131n t\u0131n\u0131s\u0131n\u0131 duyabileceklerini s\u00f6yleyebilirsiniz&#8230;<\/p>\n<p><em><strong>http:\/\/www.agos.com.tr\/tr\/yazi\/25257\/gomidas-vartabed-in-kilisesi-artik-yok\u00a0<\/strong><\/em><\/p>\n","protected":false},"excerpt":{"rendered":"<p>Gomidas Vartabed\u2019in 150\u2019inci do\u011fum y\u0131ld\u00f6n\u00fcm\u00fcnde, 2019 y\u0131l\u0131nda Sofya Kalantaryan\u2019la birlikte K\u00fctahya\u2019ya yapt\u0131\u011f\u0131m\u0131z ziyarete o tarihi kiliseyi uzaktan da olsa g\u00f6rebilmi\u015f olman\u0131n verdi\u011fi mutlulu\u011funu d\u00fc\u015f\u00fcnd\u00fck\u00e7e, bir daha asla yeri doldurulamayacak b\u00f6ylesi de\u011ferli bir eserin yerle bir edili\u015finin verdi\u011fi ac\u0131 katlanarak artmaya devam ediyor. Sizlerden, birilerinin, Makedonya&#8217;daki Alaca Cami veya Mustafa Pa\u015fa Camiini bir \u015fekilde kendi mal [&hellip;]<\/p>\n","protected":false},"author":7,"featured_media":61235,"comment_status":"open","ping_status":"open","sticky":false,"template":"","format":"standard","meta":{"footnotes":""},"categories":[1,70],"tags":[],"class_list":["post-61234","post","type-post","status-publish","format-standard","has-post-thumbnail","hentry","category-haberler","category-makaleler"],"yoast_head":"<!-- This site is optimized with the Yoast SEO plugin v27.4 - https:\/\/yoast.com\/product\/yoast-seo-wordpress\/ -->\n<title>Gomidas Vartabed&#039;in kilisesi art\u0131k yok - Bati Ermenistan Ve Bati Ermenileri Sorunlari Ara\u015ftirmalar Merkezi<\/title>\n<meta name=\"robots\" content=\"index, follow, max-snippet:-1, max-image-preview:large, max-video-preview:-1\" \/>\n<link rel=\"canonical\" href=\"https:\/\/akunq.net\/tr\/?p=61234\" \/>\n<meta property=\"og:locale\" content=\"en_US\" \/>\n<meta property=\"og:type\" content=\"article\" \/>\n<meta property=\"og:title\" content=\"Gomidas Vartabed&#039;in kilisesi art\u0131k yok - Bati Ermenistan Ve Bati Ermenileri Sorunlari Ara\u015ftirmalar Merkezi\" \/>\n<meta property=\"og:description\" content=\"Gomidas Vartabed\u2019in 150\u2019inci do\u011fum y\u0131ld\u00f6n\u00fcm\u00fcnde, 2019 y\u0131l\u0131nda Sofya Kalantaryan\u2019la birlikte K\u00fctahya\u2019ya yapt\u0131\u011f\u0131m\u0131z ziyarete o tarihi kiliseyi uzaktan da olsa g\u00f6rebilmi\u015f olman\u0131n verdi\u011fi mutlulu\u011funu d\u00fc\u015f\u00fcnd\u00fck\u00e7e, bir daha asla yeri doldurulamayacak b\u00f6ylesi de\u011ferli bir eserin yerle bir edili\u015finin verdi\u011fi ac\u0131 katlanarak artmaya devam ediyor. Sizlerden, birilerinin, Makedonya&#8217;daki Alaca Cami veya Mustafa Pa\u015fa Camiini bir \u015fekilde kendi mal [&hellip;]\" \/>\n<meta property=\"og:url\" content=\"https:\/\/akunq.net\/tr\/?p=61234\" \/>\n<meta property=\"og:site_name\" content=\"Bati Ermenistan Ve Bati Ermenileri Sorunlari Ara\u015ftirmalar Merkezi\" \/>\n<meta property=\"article:published_time\" content=\"2021-02-01T06:33:29+00:00\" \/>\n<meta property=\"article:modified_time\" content=\"2021-02-01T06:35:07+00:00\" \/>\n<meta property=\"og:image\" content=\"https:\/\/akunq.net\/tr\/wp-content\/uploads\/sites\/6\/2021\/02\/Gomidas-Vartabedin-kilisesi-scaled.jpg\" \/>\n\t<meta property=\"og:image:width\" content=\"2560\" \/>\n\t<meta property=\"og:image:height\" content=\"1920\" \/>\n\t<meta property=\"og:image:type\" content=\"image\/jpeg\" \/>\n<meta name=\"author\" content=\"admin\" \/>\n<meta name=\"twitter:card\" content=\"summary_large_image\" \/>\n<meta name=\"twitter:label1\" content=\"Written by\" \/>\n\t<meta name=\"twitter:data1\" content=\"admin\" \/>\n\t<meta name=\"twitter:label2\" content=\"Est. reading time\" \/>\n\t<meta name=\"twitter:data2\" content=\"6 minutes\" \/>\n<script type=\"application\/ld+json\" class=\"yoast-schema-graph\">{\"@context\":\"https:\\\/\\\/schema.org\",\"@graph\":[{\"@type\":\"Article\",\"@id\":\"https:\\\/\\\/akunq.net\\\/tr\\\/?p=61234#article\",\"isPartOf\":{\"@id\":\"https:\\\/\\\/akunq.net\\\/tr\\\/?p=61234\"},\"author\":{\"name\":\"admin\",\"@id\":\"https:\\\/\\\/akunq.net\\\/tr\\\/#\\\/schema\\\/person\\\/096f1d38a12cce57fb855b485ed24c9e\"},\"headline\":\"Gomidas Vartabed&#8217;in kilisesi art\u0131k yok\",\"datePublished\":\"2021-02-01T06:33:29+00:00\",\"dateModified\":\"2021-02-01T06:35:07+00:00\",\"mainEntityOfPage\":{\"@id\":\"https:\\\/\\\/akunq.net\\\/tr\\\/?p=61234\"},\"wordCount\":1117,\"commentCount\":0,\"image\":{\"@id\":\"https:\\\/\\\/akunq.net\\\/tr\\\/?p=61234#primaryimage\"},\"thumbnailUrl\":\"https:\\\/\\\/akunq.net\\\/tr\\\/wp-content\\\/uploads\\\/sites\\\/6\\\/2021\\\/02\\\/Gomidas-Vartabedin-kilisesi-scaled.jpg\",\"articleSection\":[\"Haberler\",\"Makaleler\"],\"inLanguage\":\"en-US\",\"potentialAction\":[{\"@type\":\"CommentAction\",\"name\":\"Comment\",\"target\":[\"https:\\\/\\\/akunq.net\\\/tr\\\/?p=61234#respond\"]}]},{\"@type\":\"WebPage\",\"@id\":\"https:\\\/\\\/akunq.net\\\/tr\\\/?p=61234\",\"url\":\"https:\\\/\\\/akunq.net\\\/tr\\\/?p=61234\",\"name\":\"Gomidas Vartabed'in kilisesi art\u0131k yok - Bati Ermenistan Ve Bati Ermenileri Sorunlari Ara\u015ftirmalar Merkezi\",\"isPartOf\":{\"@id\":\"https:\\\/\\\/akunq.net\\\/tr\\\/#website\"},\"primaryImageOfPage\":{\"@id\":\"https:\\\/\\\/akunq.net\\\/tr\\\/?p=61234#primaryimage\"},\"image\":{\"@id\":\"https:\\\/\\\/akunq.net\\\/tr\\\/?p=61234#primaryimage\"},\"thumbnailUrl\":\"https:\\\/\\\/akunq.net\\\/tr\\\/wp-content\\\/uploads\\\/sites\\\/6\\\/2021\\\/02\\\/Gomidas-Vartabedin-kilisesi-scaled.jpg\",\"datePublished\":\"2021-02-01T06:33:29+00:00\",\"dateModified\":\"2021-02-01T06:35:07+00:00\",\"author\":{\"@id\":\"https:\\\/\\\/akunq.net\\\/tr\\\/#\\\/schema\\\/person\\\/096f1d38a12cce57fb855b485ed24c9e\"},\"breadcrumb\":{\"@id\":\"https:\\\/\\\/akunq.net\\\/tr\\\/?p=61234#breadcrumb\"},\"inLanguage\":\"en-US\",\"potentialAction\":[{\"@type\":\"ReadAction\",\"target\":[\"https:\\\/\\\/akunq.net\\\/tr\\\/?p=61234\"]}]},{\"@type\":\"ImageObject\",\"inLanguage\":\"en-US\",\"@id\":\"https:\\\/\\\/akunq.net\\\/tr\\\/?p=61234#primaryimage\",\"url\":\"https:\\\/\\\/akunq.net\\\/tr\\\/wp-content\\\/uploads\\\/sites\\\/6\\\/2021\\\/02\\\/Gomidas-Vartabedin-kilisesi-scaled.jpg\",\"contentUrl\":\"https:\\\/\\\/akunq.net\\\/tr\\\/wp-content\\\/uploads\\\/sites\\\/6\\\/2021\\\/02\\\/Gomidas-Vartabedin-kilisesi-scaled.jpg\",\"width\":2560,\"height\":1920},{\"@type\":\"BreadcrumbList\",\"@id\":\"https:\\\/\\\/akunq.net\\\/tr\\\/?p=61234#breadcrumb\",\"itemListElement\":[{\"@type\":\"ListItem\",\"position\":1,\"name\":\"Home\",\"item\":\"https:\\\/\\\/akunq.net\\\/tr\"},{\"@type\":\"ListItem\",\"position\":2,\"name\":\"Gomidas Vartabed&#8217;in kilisesi art\u0131k yok\"}]},{\"@type\":\"WebSite\",\"@id\":\"https:\\\/\\\/akunq.net\\\/tr\\\/#website\",\"url\":\"https:\\\/\\\/akunq.net\\\/tr\\\/\",\"name\":\"Bati Ermenistan Ve Bati Ermenileri Sorunlari Ara\u015ftirmalar Merkezi\",\"description\":\"\",\"potentialAction\":[{\"@type\":\"SearchAction\",\"target\":{\"@type\":\"EntryPoint\",\"urlTemplate\":\"https:\\\/\\\/akunq.net\\\/tr\\\/?s={search_term_string}\"},\"query-input\":{\"@type\":\"PropertyValueSpecification\",\"valueRequired\":true,\"valueName\":\"search_term_string\"}}],\"inLanguage\":\"en-US\"},{\"@type\":\"Person\",\"@id\":\"https:\\\/\\\/akunq.net\\\/tr\\\/#\\\/schema\\\/person\\\/096f1d38a12cce57fb855b485ed24c9e\",\"name\":\"admin\",\"url\":\"https:\\\/\\\/akunq.net\\\/tr\\\/?author=7\"}]}<\/script>\n<!-- \/ Yoast SEO plugin. -->","yoast_head_json":{"title":"Gomidas Vartabed'in kilisesi art\u0131k yok - Bati Ermenistan Ve Bati Ermenileri Sorunlari Ara\u015ftirmalar Merkezi","robots":{"index":"index","follow":"follow","max-snippet":"max-snippet:-1","max-image-preview":"max-image-preview:large","max-video-preview":"max-video-preview:-1"},"canonical":"https:\/\/akunq.net\/tr\/?p=61234","og_locale":"en_US","og_type":"article","og_title":"Gomidas Vartabed'in kilisesi art\u0131k yok - Bati Ermenistan Ve Bati Ermenileri Sorunlari Ara\u015ftirmalar Merkezi","og_description":"Gomidas Vartabed\u2019in 150\u2019inci do\u011fum y\u0131ld\u00f6n\u00fcm\u00fcnde, 2019 y\u0131l\u0131nda Sofya Kalantaryan\u2019la birlikte K\u00fctahya\u2019ya yapt\u0131\u011f\u0131m\u0131z ziyarete o tarihi kiliseyi uzaktan da olsa g\u00f6rebilmi\u015f olman\u0131n verdi\u011fi mutlulu\u011funu d\u00fc\u015f\u00fcnd\u00fck\u00e7e, bir daha asla yeri doldurulamayacak b\u00f6ylesi de\u011ferli bir eserin yerle bir edili\u015finin verdi\u011fi ac\u0131 katlanarak artmaya devam ediyor. Sizlerden, birilerinin, Makedonya&#8217;daki Alaca Cami veya Mustafa Pa\u015fa Camiini bir \u015fekilde kendi mal [&hellip;]","og_url":"https:\/\/akunq.net\/tr\/?p=61234","og_site_name":"Bati Ermenistan Ve Bati Ermenileri Sorunlari Ara\u015ftirmalar Merkezi","article_published_time":"2021-02-01T06:33:29+00:00","article_modified_time":"2021-02-01T06:35:07+00:00","og_image":[{"width":2560,"height":1920,"url":"https:\/\/akunq.net\/tr\/wp-content\/uploads\/sites\/6\/2021\/02\/Gomidas-Vartabedin-kilisesi-scaled.jpg","type":"image\/jpeg"}],"author":"admin","twitter_card":"summary_large_image","twitter_misc":{"Written by":"admin","Est. reading time":"6 minutes"},"schema":{"@context":"https:\/\/schema.org","@graph":[{"@type":"Article","@id":"https:\/\/akunq.net\/tr\/?p=61234#article","isPartOf":{"@id":"https:\/\/akunq.net\/tr\/?p=61234"},"author":{"name":"admin","@id":"https:\/\/akunq.net\/tr\/#\/schema\/person\/096f1d38a12cce57fb855b485ed24c9e"},"headline":"Gomidas Vartabed&#8217;in kilisesi art\u0131k yok","datePublished":"2021-02-01T06:33:29+00:00","dateModified":"2021-02-01T06:35:07+00:00","mainEntityOfPage":{"@id":"https:\/\/akunq.net\/tr\/?p=61234"},"wordCount":1117,"commentCount":0,"image":{"@id":"https:\/\/akunq.net\/tr\/?p=61234#primaryimage"},"thumbnailUrl":"https:\/\/akunq.net\/tr\/wp-content\/uploads\/sites\/6\/2021\/02\/Gomidas-Vartabedin-kilisesi-scaled.jpg","articleSection":["Haberler","Makaleler"],"inLanguage":"en-US","potentialAction":[{"@type":"CommentAction","name":"Comment","target":["https:\/\/akunq.net\/tr\/?p=61234#respond"]}]},{"@type":"WebPage","@id":"https:\/\/akunq.net\/tr\/?p=61234","url":"https:\/\/akunq.net\/tr\/?p=61234","name":"Gomidas Vartabed'in kilisesi art\u0131k yok - Bati Ermenistan Ve Bati Ermenileri Sorunlari Ara\u015ftirmalar Merkezi","isPartOf":{"@id":"https:\/\/akunq.net\/tr\/#website"},"primaryImageOfPage":{"@id":"https:\/\/akunq.net\/tr\/?p=61234#primaryimage"},"image":{"@id":"https:\/\/akunq.net\/tr\/?p=61234#primaryimage"},"thumbnailUrl":"https:\/\/akunq.net\/tr\/wp-content\/uploads\/sites\/6\/2021\/02\/Gomidas-Vartabedin-kilisesi-scaled.jpg","datePublished":"2021-02-01T06:33:29+00:00","dateModified":"2021-02-01T06:35:07+00:00","author":{"@id":"https:\/\/akunq.net\/tr\/#\/schema\/person\/096f1d38a12cce57fb855b485ed24c9e"},"breadcrumb":{"@id":"https:\/\/akunq.net\/tr\/?p=61234#breadcrumb"},"inLanguage":"en-US","potentialAction":[{"@type":"ReadAction","target":["https:\/\/akunq.net\/tr\/?p=61234"]}]},{"@type":"ImageObject","inLanguage":"en-US","@id":"https:\/\/akunq.net\/tr\/?p=61234#primaryimage","url":"https:\/\/akunq.net\/tr\/wp-content\/uploads\/sites\/6\/2021\/02\/Gomidas-Vartabedin-kilisesi-scaled.jpg","contentUrl":"https:\/\/akunq.net\/tr\/wp-content\/uploads\/sites\/6\/2021\/02\/Gomidas-Vartabedin-kilisesi-scaled.jpg","width":2560,"height":1920},{"@type":"BreadcrumbList","@id":"https:\/\/akunq.net\/tr\/?p=61234#breadcrumb","itemListElement":[{"@type":"ListItem","position":1,"name":"Home","item":"https:\/\/akunq.net\/tr"},{"@type":"ListItem","position":2,"name":"Gomidas Vartabed&#8217;in kilisesi art\u0131k yok"}]},{"@type":"WebSite","@id":"https:\/\/akunq.net\/tr\/#website","url":"https:\/\/akunq.net\/tr\/","name":"Bati Ermenistan Ve Bati Ermenileri Sorunlari Ara\u015ftirmalar Merkezi","description":"","potentialAction":[{"@type":"SearchAction","target":{"@type":"EntryPoint","urlTemplate":"https:\/\/akunq.net\/tr\/?s={search_term_string}"},"query-input":{"@type":"PropertyValueSpecification","valueRequired":true,"valueName":"search_term_string"}}],"inLanguage":"en-US"},{"@type":"Person","@id":"https:\/\/akunq.net\/tr\/#\/schema\/person\/096f1d38a12cce57fb855b485ed24c9e","name":"admin","url":"https:\/\/akunq.net\/tr\/?author=7"}]}},"_links":{"self":[{"href":"https:\/\/akunq.net\/tr\/index.php?rest_route=\/wp\/v2\/posts\/61234","targetHints":{"allow":["GET"]}}],"collection":[{"href":"https:\/\/akunq.net\/tr\/index.php?rest_route=\/wp\/v2\/posts"}],"about":[{"href":"https:\/\/akunq.net\/tr\/index.php?rest_route=\/wp\/v2\/types\/post"}],"author":[{"embeddable":true,"href":"https:\/\/akunq.net\/tr\/index.php?rest_route=\/wp\/v2\/users\/7"}],"replies":[{"embeddable":true,"href":"https:\/\/akunq.net\/tr\/index.php?rest_route=%2Fwp%2Fv2%2Fcomments&post=61234"}],"version-history":[{"count":1,"href":"https:\/\/akunq.net\/tr\/index.php?rest_route=\/wp\/v2\/posts\/61234\/revisions"}],"predecessor-version":[{"id":61236,"href":"https:\/\/akunq.net\/tr\/index.php?rest_route=\/wp\/v2\/posts\/61234\/revisions\/61236"}],"wp:featuredmedia":[{"embeddable":true,"href":"https:\/\/akunq.net\/tr\/index.php?rest_route=\/wp\/v2\/media\/61235"}],"wp:attachment":[{"href":"https:\/\/akunq.net\/tr\/index.php?rest_route=%2Fwp%2Fv2%2Fmedia&parent=61234"}],"wp:term":[{"taxonomy":"category","embeddable":true,"href":"https:\/\/akunq.net\/tr\/index.php?rest_route=%2Fwp%2Fv2%2Fcategories&post=61234"},{"taxonomy":"post_tag","embeddable":true,"href":"https:\/\/akunq.net\/tr\/index.php?rest_route=%2Fwp%2Fv2%2Ftags&post=61234"}],"curies":[{"name":"wp","href":"https:\/\/api.w.org\/{rel}","templated":true}]}}