{"id":61216,"date":"2021-01-29T03:42:20","date_gmt":"2021-01-29T08:42:20","guid":{"rendered":"https:\/\/akunq.net\/tr\/?p=61216"},"modified":"2021-01-29T03:42:20","modified_gmt":"2021-01-29T08:42:20","slug":"aihmnin-2020-bilancosu-ifade-ozgurlugunun-en-cok-ihlal-edildigi-ulke-turkiye","status":"publish","type":"post","link":"https:\/\/akunq.net\/tr\/?p=61216","title":{"rendered":"A\u0130HM&#8217;nin 2020 bilan\u00e7osu: \u0130fade \u00f6zg\u00fcrl\u00fc\u011f\u00fcn\u00fcn en \u00e7ok ihlal edildi\u011fi \u00fclke T\u00fcrkiye"},"content":{"rendered":"<div class=\"column u-show-for-medium medium-2 xlarge-1 u-overflow-visible c-aside__social\">\n<div class=\"u-margin-bottom-medium-3 u-position-sticky-80 u-zindex--10\">\n<div class=\"row collapse c-social-share t-social-share--blue js-social-share\"><\/div>\n<\/div>\n<\/div>\n<div class=\"column small-12 medium-10 xlarge-11 js-responsive-iframes-container\">\n<div class=\"c-article-content  js-article-content article__content\">\n<p><img loading=\"lazy\" decoding=\"async\" class=\"aligncenter size-medium wp-image-61217\" src=\"https:\/\/akunq.net\/tr\/wp-content\/uploads\/2021\/01\/A\u0130HM-360x203.jpg\" alt=\"\" width=\"360\" height=\"203\" srcset=\"https:\/\/akunq.net\/tr\/wp-content\/uploads\/sites\/6\/2021\/01\/A\u0130HM-360x203.jpg 360w, https:\/\/akunq.net\/tr\/wp-content\/uploads\/sites\/6\/2021\/01\/A\u0130HM-768x432.jpg 768w, https:\/\/akunq.net\/tr\/wp-content\/uploads\/sites\/6\/2021\/01\/A\u0130HM-560x315.jpg 560w, https:\/\/akunq.net\/tr\/wp-content\/uploads\/sites\/6\/2021\/01\/A\u0130HM-260x146.jpg 260w, https:\/\/akunq.net\/tr\/wp-content\/uploads\/sites\/6\/2021\/01\/A\u0130HM-160x90.jpg 160w, https:\/\/akunq.net\/tr\/wp-content\/uploads\/sites\/6\/2021\/01\/A\u0130HM.jpg 773w\" sizes=\"auto, (max-width: 360px) 100vw, 360px\" \/><\/p>\n<p><em><strong>Avrupa \u0130nsan Haklar\u0131 Mahkemesi&#8217;nin (A\u0130HM) 2020 raporuna g\u00f6re, ge\u00e7en y\u0131l en \u00e7ok mahkum edilen \u00fclke Rusya oldu, ikinci s\u0131rada T\u00fcrkiye geldi. Ancak T\u00fcrkiye 2019\u2019da oldu\u011fu gibi 2020&#8217;de ifade ve d\u00fc\u015f\u00fcnce \u00f6zg\u00fcrl\u00fc\u011f\u00fcn\u00fcn en \u00e7ok ihlal edildi\u011fi Avrupa \u00fclkesi oldu.<\/strong><\/em><\/p>\n<p>Mahkemenin Strasbourg&#8217;daki merkezinde bug\u00fcn d\u00fczenlenen bas\u0131n toplant\u0131s\u0131yla A\u0130HM&#8217;nin ge\u00e7en y\u0131lki \u00e7al\u0131\u015fmalar\u0131yla ilgili veriler a\u00e7\u0131kland\u0131.<\/p>\n<p>A\u0130HM ge\u00e7en y\u0131l toplam 871 davada karar a\u00e7\u0131klad\u0131. Davalar\u0131n 762&#8217;sinde Avrupa \u0130nsan Haklar\u0131 S\u00f6zle\u015fmesi&#8217;nin (A\u0130HS) en az bir maddesinin ihlal edildi\u011fine h\u00fckmedilirken, 84&#8217;\u00fcnde ihlal bulunmad\u0131. Davalar\u0131n 6&#8217;s\u0131 dostane \u00e7\u00f6z\u00fcmle, 24&#8217;\u00fc ise di\u011fer yollardan sonu\u00e7land\u0131.<\/p>\n<h2>En \u00e7ok hangi \u00fclkeler hakk\u0131nda bekleyen davalar var?<\/h2>\n<p>31 Aral\u0131k 2020 itibar\u0131yla, A\u0130HM\u2019de karara ba\u011flanmay\u0131 bekleyen davalar\u0131n y\u00fczde 22,4\u2019\u00fcn\u00fc Rusya\u2019dan, y\u00fczde 18,1\u2019ini ise T\u00fcrkiye\u2019de gelen ba\u015fvurular olu\u015fturdu. .<\/p>\n<p>Bu \u00fclkeleri, y\u00fczde 16,8 ile Ukrayna, y\u00fczde 12,2 Romanya ve y\u00fczde 5,6 ile \u0130talya izliyor. Bu \u00fclkelere kar\u015f\u0131 ba\u015fvurular toplam dosyalar\u0131n y\u00fczde 75&#8217;ine e\u015fit.<\/p>\n<p>Ancak 2019\u2019dan ge\u00e7en y\u0131l\u0131n sonuna kadar, T\u00fcrkiye&#8217;den gelen ba\u015fvurular\u0131 y\u00fczde 27 oran\u0131nda artt\u0131. A\u0130HM Ba\u015fkan\u0131 Robert Spano, bu art\u0131\u015f\u0131n, T\u00fcrkiye&#8217;de 15 Temmuz darbe giri\u015fimi sonras\u0131 T\u00fcrk mahkemelerinde g\u00f6r\u00fclen davalar\u0131n sonu\u00e7lanmaya ba\u015flanmas\u0131ndan kaynakland\u0131\u011f\u0131n\u0131 s\u00f6yledi.<\/p>\n<p>Son y\u0131llarda, T\u00fcrkiye merkezli ba\u015fvurular\u0131n bir k\u0131s\u0131m\u0131, A\u0130HS&#8217;in adil yarg\u0131lanma hakk\u0131yla ilgili maddesine dayan\u0131yor.<\/p>\n<h2>T\u00fcrkiye&#8217;nin 2020 A\u0130HM karnesi<\/h2>\n<p>A\u0130HM 2020 y\u0131l\u0131nda, T\u00fcrkiye hakk\u0131nda toplam 97 karar a\u00e7\u0131klad\u0131, bunlar\u0131n 6&#8217;s\u0131nda herhangi bir ihlal tespit edilmedi, bir dava dostane \u00e7\u00f6z\u00fcmle, be\u015f dava ise di\u011fer yollardan sonu\u00e7land\u0131.<\/p>\n<p>Toplam 85 davada ise A\u0130HS&#8217;nin en az bir maddesinin ihlal edildi\u011fi sonucuna var\u0131ld\u0131.<\/p>\n<h3>T\u00fcrkiye, en \u00e7ok hangi ihlalden mahkum oldu?<\/h3>\n<p>T\u00fcrkiye hakk\u0131ndaki davalarda 31 kez ifade \u00f6zg\u00fcrl\u00fc\u011f\u00fc, 21 kez adil yarg\u0131lanma hakk\u0131, 16 kez \u00f6zg\u00fcrl\u00fck ve g\u00fcvenlik hakk\u0131, 14 kez m\u00fclkiyet hakk\u0131, 11 kez de toplanma ve dernek kurma \u00f6zg\u00fcrl\u00fc\u011f\u00fcyle ilgili maddelerin ihlal edildi\u011fi sonucuna var\u0131ld\u0131.<\/p>\n<h2>N\u00fcfusa orant\u0131l\u0131 hesaplama farkl\u0131 bir tablo ortaya \u00e7\u0131k\u0131yor<\/h2>\n<p>Mahkemede i\u015flemi ba\u015flat\u0131lm\u0131\u015f ve karar bekleyen davalar\u0131 \u00fclkelerin n\u00fcfuslar\u0131na g\u00f6re ele ald\u0131\u011f\u0131m\u0131zda farkl\u0131 bir sonu\u00e7 \u00e7\u0131k\u0131yor.<\/p>\n<p>Buna g\u00f6re 10 bin ki\u015fiye 3,5 dava ba\u015fvurusuyla ilk s\u0131rada Karada\u011f yer al\u0131yor.<\/p>\n<p><em><strong>https:\/\/tr.euronews.com\/2021\/01\/28\/aihm-nin-2020-bilancosu-ifade-ozgurlugunun-en-cok-ihlal-edildigi-ulke-turkiye\u00a0<\/strong><\/em><\/p>\n<\/div>\n<\/div>\n","protected":false},"excerpt":{"rendered":"<p>Avrupa \u0130nsan Haklar\u0131 Mahkemesi&#8217;nin (A\u0130HM) 2020 raporuna g\u00f6re, ge\u00e7en y\u0131l en \u00e7ok mahkum edilen \u00fclke Rusya oldu, ikinci s\u0131rada T\u00fcrkiye geldi. Ancak T\u00fcrkiye 2019\u2019da oldu\u011fu gibi 2020&#8217;de ifade ve d\u00fc\u015f\u00fcnce \u00f6zg\u00fcrl\u00fc\u011f\u00fcn\u00fcn en \u00e7ok ihlal edildi\u011fi Avrupa \u00fclkesi oldu. Mahkemenin Strasbourg&#8217;daki merkezinde bug\u00fcn d\u00fczenlenen bas\u0131n toplant\u0131s\u0131yla A\u0130HM&#8217;nin ge\u00e7en y\u0131lki \u00e7al\u0131\u015fmalar\u0131yla ilgili veriler a\u00e7\u0131kland\u0131. A\u0130HM ge\u00e7en y\u0131l [&hellip;]<\/p>\n","protected":false},"author":7,"featured_media":61217,"comment_status":"open","ping_status":"open","sticky":false,"template":"","format":"standard","meta":{"footnotes":""},"categories":[1],"tags":[],"class_list":["post-61216","post","type-post","status-publish","format-standard","has-post-thumbnail","hentry","category-haberler"],"yoast_head":"<!-- This site is optimized with the Yoast SEO plugin v27.4 - https:\/\/yoast.com\/product\/yoast-seo-wordpress\/ -->\n<title>A\u0130HM&#039;nin 2020 bilan\u00e7osu: \u0130fade \u00f6zg\u00fcrl\u00fc\u011f\u00fcn\u00fcn en \u00e7ok ihlal edildi\u011fi \u00fclke T\u00fcrkiye - Bati Ermenistan Ve Bati Ermenileri Sorunlari Ara\u015ftirmalar Merkezi<\/title>\n<meta name=\"robots\" content=\"index, follow, max-snippet:-1, max-image-preview:large, max-video-preview:-1\" \/>\n<link rel=\"canonical\" href=\"https:\/\/akunq.net\/tr\/?p=61216\" \/>\n<meta property=\"og:locale\" content=\"en_US\" \/>\n<meta property=\"og:type\" content=\"article\" \/>\n<meta property=\"og:title\" content=\"A\u0130HM&#039;nin 2020 bilan\u00e7osu: \u0130fade \u00f6zg\u00fcrl\u00fc\u011f\u00fcn\u00fcn en \u00e7ok ihlal edildi\u011fi \u00fclke T\u00fcrkiye - Bati Ermenistan Ve Bati Ermenileri Sorunlari Ara\u015ftirmalar Merkezi\" \/>\n<meta property=\"og:description\" content=\"Avrupa \u0130nsan Haklar\u0131 Mahkemesi&#8217;nin (A\u0130HM) 2020 raporuna g\u00f6re, ge\u00e7en y\u0131l en \u00e7ok mahkum edilen \u00fclke Rusya oldu, ikinci s\u0131rada T\u00fcrkiye geldi. Ancak T\u00fcrkiye 2019\u2019da oldu\u011fu gibi 2020&#8217;de ifade ve d\u00fc\u015f\u00fcnce \u00f6zg\u00fcrl\u00fc\u011f\u00fcn\u00fcn en \u00e7ok ihlal edildi\u011fi Avrupa \u00fclkesi oldu. Mahkemenin Strasbourg&#8217;daki merkezinde bug\u00fcn d\u00fczenlenen bas\u0131n toplant\u0131s\u0131yla A\u0130HM&#8217;nin ge\u00e7en y\u0131lki \u00e7al\u0131\u015fmalar\u0131yla ilgili veriler a\u00e7\u0131kland\u0131. A\u0130HM ge\u00e7en y\u0131l [&hellip;]\" \/>\n<meta property=\"og:url\" content=\"https:\/\/akunq.net\/tr\/?p=61216\" \/>\n<meta property=\"og:site_name\" content=\"Bati Ermenistan Ve Bati Ermenileri Sorunlari Ara\u015ftirmalar Merkezi\" \/>\n<meta property=\"article:published_time\" content=\"2021-01-29T08:42:20+00:00\" \/>\n<meta property=\"og:image\" content=\"https:\/\/akunq.net\/tr\/wp-content\/uploads\/sites\/6\/2021\/01\/A\u0130HM.jpg\" \/>\n\t<meta property=\"og:image:width\" content=\"773\" \/>\n\t<meta property=\"og:image:height\" content=\"435\" \/>\n\t<meta property=\"og:image:type\" content=\"image\/jpeg\" \/>\n<meta name=\"author\" content=\"admin\" \/>\n<meta name=\"twitter:card\" content=\"summary_large_image\" \/>\n<meta name=\"twitter:label1\" content=\"Written by\" \/>\n\t<meta name=\"twitter:data1\" content=\"admin\" \/>\n\t<meta name=\"twitter:label2\" content=\"Est. reading time\" \/>\n\t<meta name=\"twitter:data2\" content=\"2 minutes\" \/>\n<script type=\"application\/ld+json\" class=\"yoast-schema-graph\">{\"@context\":\"https:\\\/\\\/schema.org\",\"@graph\":[{\"@type\":\"Article\",\"@id\":\"https:\\\/\\\/akunq.net\\\/tr\\\/?p=61216#article\",\"isPartOf\":{\"@id\":\"https:\\\/\\\/akunq.net\\\/tr\\\/?p=61216\"},\"author\":{\"name\":\"admin\",\"@id\":\"https:\\\/\\\/akunq.net\\\/tr\\\/#\\\/schema\\\/person\\\/096f1d38a12cce57fb855b485ed24c9e\"},\"headline\":\"A\u0130HM&#8217;nin 2020 bilan\u00e7osu: \u0130fade \u00f6zg\u00fcrl\u00fc\u011f\u00fcn\u00fcn en \u00e7ok ihlal edildi\u011fi \u00fclke T\u00fcrkiye\",\"datePublished\":\"2021-01-29T08:42:20+00:00\",\"mainEntityOfPage\":{\"@id\":\"https:\\\/\\\/akunq.net\\\/tr\\\/?p=61216\"},\"wordCount\":447,\"commentCount\":0,\"image\":{\"@id\":\"https:\\\/\\\/akunq.net\\\/tr\\\/?p=61216#primaryimage\"},\"thumbnailUrl\":\"https:\\\/\\\/akunq.net\\\/tr\\\/wp-content\\\/uploads\\\/sites\\\/6\\\/2021\\\/01\\\/A\u0130HM.jpg\",\"articleSection\":[\"Haberler\"],\"inLanguage\":\"en-US\",\"potentialAction\":[{\"@type\":\"CommentAction\",\"name\":\"Comment\",\"target\":[\"https:\\\/\\\/akunq.net\\\/tr\\\/?p=61216#respond\"]}]},{\"@type\":\"WebPage\",\"@id\":\"https:\\\/\\\/akunq.net\\\/tr\\\/?p=61216\",\"url\":\"https:\\\/\\\/akunq.net\\\/tr\\\/?p=61216\",\"name\":\"A\u0130HM'nin 2020 bilan\u00e7osu: \u0130fade \u00f6zg\u00fcrl\u00fc\u011f\u00fcn\u00fcn en \u00e7ok ihlal edildi\u011fi \u00fclke T\u00fcrkiye - Bati Ermenistan Ve Bati Ermenileri Sorunlari Ara\u015ftirmalar Merkezi\",\"isPartOf\":{\"@id\":\"https:\\\/\\\/akunq.net\\\/tr\\\/#website\"},\"primaryImageOfPage\":{\"@id\":\"https:\\\/\\\/akunq.net\\\/tr\\\/?p=61216#primaryimage\"},\"image\":{\"@id\":\"https:\\\/\\\/akunq.net\\\/tr\\\/?p=61216#primaryimage\"},\"thumbnailUrl\":\"https:\\\/\\\/akunq.net\\\/tr\\\/wp-content\\\/uploads\\\/sites\\\/6\\\/2021\\\/01\\\/A\u0130HM.jpg\",\"datePublished\":\"2021-01-29T08:42:20+00:00\",\"author\":{\"@id\":\"https:\\\/\\\/akunq.net\\\/tr\\\/#\\\/schema\\\/person\\\/096f1d38a12cce57fb855b485ed24c9e\"},\"breadcrumb\":{\"@id\":\"https:\\\/\\\/akunq.net\\\/tr\\\/?p=61216#breadcrumb\"},\"inLanguage\":\"en-US\",\"potentialAction\":[{\"@type\":\"ReadAction\",\"target\":[\"https:\\\/\\\/akunq.net\\\/tr\\\/?p=61216\"]}]},{\"@type\":\"ImageObject\",\"inLanguage\":\"en-US\",\"@id\":\"https:\\\/\\\/akunq.net\\\/tr\\\/?p=61216#primaryimage\",\"url\":\"https:\\\/\\\/akunq.net\\\/tr\\\/wp-content\\\/uploads\\\/sites\\\/6\\\/2021\\\/01\\\/A\u0130HM.jpg\",\"contentUrl\":\"https:\\\/\\\/akunq.net\\\/tr\\\/wp-content\\\/uploads\\\/sites\\\/6\\\/2021\\\/01\\\/A\u0130HM.jpg\",\"width\":773,\"height\":435},{\"@type\":\"BreadcrumbList\",\"@id\":\"https:\\\/\\\/akunq.net\\\/tr\\\/?p=61216#breadcrumb\",\"itemListElement\":[{\"@type\":\"ListItem\",\"position\":1,\"name\":\"Home\",\"item\":\"https:\\\/\\\/akunq.net\\\/tr\"},{\"@type\":\"ListItem\",\"position\":2,\"name\":\"A\u0130HM&#8217;nin 2020 bilan\u00e7osu: \u0130fade \u00f6zg\u00fcrl\u00fc\u011f\u00fcn\u00fcn en \u00e7ok ihlal edildi\u011fi \u00fclke T\u00fcrkiye\"}]},{\"@type\":\"WebSite\",\"@id\":\"https:\\\/\\\/akunq.net\\\/tr\\\/#website\",\"url\":\"https:\\\/\\\/akunq.net\\\/tr\\\/\",\"name\":\"Bati Ermenistan Ve Bati Ermenileri Sorunlari Ara\u015ftirmalar Merkezi\",\"description\":\"\",\"potentialAction\":[{\"@type\":\"SearchAction\",\"target\":{\"@type\":\"EntryPoint\",\"urlTemplate\":\"https:\\\/\\\/akunq.net\\\/tr\\\/?s={search_term_string}\"},\"query-input\":{\"@type\":\"PropertyValueSpecification\",\"valueRequired\":true,\"valueName\":\"search_term_string\"}}],\"inLanguage\":\"en-US\"},{\"@type\":\"Person\",\"@id\":\"https:\\\/\\\/akunq.net\\\/tr\\\/#\\\/schema\\\/person\\\/096f1d38a12cce57fb855b485ed24c9e\",\"name\":\"admin\",\"url\":\"https:\\\/\\\/akunq.net\\\/tr\\\/?author=7\"}]}<\/script>\n<!-- \/ Yoast SEO plugin. -->","yoast_head_json":{"title":"A\u0130HM'nin 2020 bilan\u00e7osu: \u0130fade \u00f6zg\u00fcrl\u00fc\u011f\u00fcn\u00fcn en \u00e7ok ihlal edildi\u011fi \u00fclke T\u00fcrkiye - Bati Ermenistan Ve Bati Ermenileri Sorunlari Ara\u015ftirmalar Merkezi","robots":{"index":"index","follow":"follow","max-snippet":"max-snippet:-1","max-image-preview":"max-image-preview:large","max-video-preview":"max-video-preview:-1"},"canonical":"https:\/\/akunq.net\/tr\/?p=61216","og_locale":"en_US","og_type":"article","og_title":"A\u0130HM'nin 2020 bilan\u00e7osu: \u0130fade \u00f6zg\u00fcrl\u00fc\u011f\u00fcn\u00fcn en \u00e7ok ihlal edildi\u011fi \u00fclke T\u00fcrkiye - Bati Ermenistan Ve Bati Ermenileri Sorunlari Ara\u015ftirmalar Merkezi","og_description":"Avrupa \u0130nsan Haklar\u0131 Mahkemesi&#8217;nin (A\u0130HM) 2020 raporuna g\u00f6re, ge\u00e7en y\u0131l en \u00e7ok mahkum edilen \u00fclke Rusya oldu, ikinci s\u0131rada T\u00fcrkiye geldi. Ancak T\u00fcrkiye 2019\u2019da oldu\u011fu gibi 2020&#8217;de ifade ve d\u00fc\u015f\u00fcnce \u00f6zg\u00fcrl\u00fc\u011f\u00fcn\u00fcn en \u00e7ok ihlal edildi\u011fi Avrupa \u00fclkesi oldu. Mahkemenin Strasbourg&#8217;daki merkezinde bug\u00fcn d\u00fczenlenen bas\u0131n toplant\u0131s\u0131yla A\u0130HM&#8217;nin ge\u00e7en y\u0131lki \u00e7al\u0131\u015fmalar\u0131yla ilgili veriler a\u00e7\u0131kland\u0131. A\u0130HM ge\u00e7en y\u0131l [&hellip;]","og_url":"https:\/\/akunq.net\/tr\/?p=61216","og_site_name":"Bati Ermenistan Ve Bati Ermenileri Sorunlari Ara\u015ftirmalar Merkezi","article_published_time":"2021-01-29T08:42:20+00:00","og_image":[{"width":773,"height":435,"url":"https:\/\/akunq.net\/tr\/wp-content\/uploads\/sites\/6\/2021\/01\/A\u0130HM.jpg","type":"image\/jpeg"}],"author":"admin","twitter_card":"summary_large_image","twitter_misc":{"Written by":"admin","Est. reading time":"2 minutes"},"schema":{"@context":"https:\/\/schema.org","@graph":[{"@type":"Article","@id":"https:\/\/akunq.net\/tr\/?p=61216#article","isPartOf":{"@id":"https:\/\/akunq.net\/tr\/?p=61216"},"author":{"name":"admin","@id":"https:\/\/akunq.net\/tr\/#\/schema\/person\/096f1d38a12cce57fb855b485ed24c9e"},"headline":"A\u0130HM&#8217;nin 2020 bilan\u00e7osu: \u0130fade \u00f6zg\u00fcrl\u00fc\u011f\u00fcn\u00fcn en \u00e7ok ihlal edildi\u011fi \u00fclke T\u00fcrkiye","datePublished":"2021-01-29T08:42:20+00:00","mainEntityOfPage":{"@id":"https:\/\/akunq.net\/tr\/?p=61216"},"wordCount":447,"commentCount":0,"image":{"@id":"https:\/\/akunq.net\/tr\/?p=61216#primaryimage"},"thumbnailUrl":"https:\/\/akunq.net\/tr\/wp-content\/uploads\/sites\/6\/2021\/01\/A\u0130HM.jpg","articleSection":["Haberler"],"inLanguage":"en-US","potentialAction":[{"@type":"CommentAction","name":"Comment","target":["https:\/\/akunq.net\/tr\/?p=61216#respond"]}]},{"@type":"WebPage","@id":"https:\/\/akunq.net\/tr\/?p=61216","url":"https:\/\/akunq.net\/tr\/?p=61216","name":"A\u0130HM'nin 2020 bilan\u00e7osu: \u0130fade \u00f6zg\u00fcrl\u00fc\u011f\u00fcn\u00fcn en \u00e7ok ihlal edildi\u011fi \u00fclke T\u00fcrkiye - Bati Ermenistan Ve Bati Ermenileri Sorunlari Ara\u015ftirmalar Merkezi","isPartOf":{"@id":"https:\/\/akunq.net\/tr\/#website"},"primaryImageOfPage":{"@id":"https:\/\/akunq.net\/tr\/?p=61216#primaryimage"},"image":{"@id":"https:\/\/akunq.net\/tr\/?p=61216#primaryimage"},"thumbnailUrl":"https:\/\/akunq.net\/tr\/wp-content\/uploads\/sites\/6\/2021\/01\/A\u0130HM.jpg","datePublished":"2021-01-29T08:42:20+00:00","author":{"@id":"https:\/\/akunq.net\/tr\/#\/schema\/person\/096f1d38a12cce57fb855b485ed24c9e"},"breadcrumb":{"@id":"https:\/\/akunq.net\/tr\/?p=61216#breadcrumb"},"inLanguage":"en-US","potentialAction":[{"@type":"ReadAction","target":["https:\/\/akunq.net\/tr\/?p=61216"]}]},{"@type":"ImageObject","inLanguage":"en-US","@id":"https:\/\/akunq.net\/tr\/?p=61216#primaryimage","url":"https:\/\/akunq.net\/tr\/wp-content\/uploads\/sites\/6\/2021\/01\/A\u0130HM.jpg","contentUrl":"https:\/\/akunq.net\/tr\/wp-content\/uploads\/sites\/6\/2021\/01\/A\u0130HM.jpg","width":773,"height":435},{"@type":"BreadcrumbList","@id":"https:\/\/akunq.net\/tr\/?p=61216#breadcrumb","itemListElement":[{"@type":"ListItem","position":1,"name":"Home","item":"https:\/\/akunq.net\/tr"},{"@type":"ListItem","position":2,"name":"A\u0130HM&#8217;nin 2020 bilan\u00e7osu: \u0130fade \u00f6zg\u00fcrl\u00fc\u011f\u00fcn\u00fcn en \u00e7ok ihlal edildi\u011fi \u00fclke T\u00fcrkiye"}]},{"@type":"WebSite","@id":"https:\/\/akunq.net\/tr\/#website","url":"https:\/\/akunq.net\/tr\/","name":"Bati Ermenistan Ve Bati Ermenileri Sorunlari Ara\u015ftirmalar Merkezi","description":"","potentialAction":[{"@type":"SearchAction","target":{"@type":"EntryPoint","urlTemplate":"https:\/\/akunq.net\/tr\/?s={search_term_string}"},"query-input":{"@type":"PropertyValueSpecification","valueRequired":true,"valueName":"search_term_string"}}],"inLanguage":"en-US"},{"@type":"Person","@id":"https:\/\/akunq.net\/tr\/#\/schema\/person\/096f1d38a12cce57fb855b485ed24c9e","name":"admin","url":"https:\/\/akunq.net\/tr\/?author=7"}]}},"_links":{"self":[{"href":"https:\/\/akunq.net\/tr\/index.php?rest_route=\/wp\/v2\/posts\/61216","targetHints":{"allow":["GET"]}}],"collection":[{"href":"https:\/\/akunq.net\/tr\/index.php?rest_route=\/wp\/v2\/posts"}],"about":[{"href":"https:\/\/akunq.net\/tr\/index.php?rest_route=\/wp\/v2\/types\/post"}],"author":[{"embeddable":true,"href":"https:\/\/akunq.net\/tr\/index.php?rest_route=\/wp\/v2\/users\/7"}],"replies":[{"embeddable":true,"href":"https:\/\/akunq.net\/tr\/index.php?rest_route=%2Fwp%2Fv2%2Fcomments&post=61216"}],"version-history":[{"count":1,"href":"https:\/\/akunq.net\/tr\/index.php?rest_route=\/wp\/v2\/posts\/61216\/revisions"}],"predecessor-version":[{"id":61218,"href":"https:\/\/akunq.net\/tr\/index.php?rest_route=\/wp\/v2\/posts\/61216\/revisions\/61218"}],"wp:featuredmedia":[{"embeddable":true,"href":"https:\/\/akunq.net\/tr\/index.php?rest_route=\/wp\/v2\/media\/61217"}],"wp:attachment":[{"href":"https:\/\/akunq.net\/tr\/index.php?rest_route=%2Fwp%2Fv2%2Fmedia&parent=61216"}],"wp:term":[{"taxonomy":"category","embeddable":true,"href":"https:\/\/akunq.net\/tr\/index.php?rest_route=%2Fwp%2Fv2%2Fcategories&post=61216"},{"taxonomy":"post_tag","embeddable":true,"href":"https:\/\/akunq.net\/tr\/index.php?rest_route=%2Fwp%2Fv2%2Ftags&post=61216"}],"curies":[{"name":"wp","href":"https:\/\/api.w.org\/{rel}","templated":true}]}}