{"id":61213,"date":"2021-01-29T03:32:22","date_gmt":"2021-01-29T08:32:22","guid":{"rendered":"https:\/\/akunq.net\/tr\/?p=61213"},"modified":"2021-01-29T03:32:22","modified_gmt":"2021-01-29T08:32:22","slug":"yalovada-alevilerin-evleri-isaretlendi","status":"publish","type":"post","link":"https:\/\/akunq.net\/tr\/?p=61213","title":{"rendered":"Yalova\u2019da Alevilerin evleri i\u015faretlendi"},"content":{"rendered":"<p><em><strong> <img loading=\"lazy\" decoding=\"async\" class=\"aligncenter size-medium wp-image-61214\" src=\"https:\/\/akunq.net\/tr\/wp-content\/uploads\/2021\/01\/\u0539\u0578\u0582\u0580\u0584\u056b\u0561\u0575\u0578\u0582\u0574-\u0561\u056c\u0587\u056b\u0576\u0565\u0580\u056b-\u057f\u0576\u0565\u0580-360x242.jpg\" alt=\"\" width=\"360\" height=\"242\" srcset=\"https:\/\/akunq.net\/tr\/wp-content\/uploads\/sites\/6\/2021\/01\/\u0539\u0578\u0582\u0580\u0584\u056b\u0561\u0575\u0578\u0582\u0574-\u0561\u056c\u0587\u056b\u0576\u0565\u0580\u056b-\u057f\u0576\u0565\u0580-360x242.jpg 360w, https:\/\/akunq.net\/tr\/wp-content\/uploads\/sites\/6\/2021\/01\/\u0539\u0578\u0582\u0580\u0584\u056b\u0561\u0575\u0578\u0582\u0574-\u0561\u056c\u0587\u056b\u0576\u0565\u0580\u056b-\u057f\u0576\u0565\u0580-560x377.jpg 560w, https:\/\/akunq.net\/tr\/wp-content\/uploads\/sites\/6\/2021\/01\/\u0539\u0578\u0582\u0580\u0584\u056b\u0561\u0575\u0578\u0582\u0574-\u0561\u056c\u0587\u056b\u0576\u0565\u0580\u056b-\u057f\u0576\u0565\u0580-260x175.jpg 260w, https:\/\/akunq.net\/tr\/wp-content\/uploads\/sites\/6\/2021\/01\/\u0539\u0578\u0582\u0580\u0584\u056b\u0561\u0575\u0578\u0582\u0574-\u0561\u056c\u0587\u056b\u0576\u0565\u0580\u056b-\u057f\u0576\u0565\u0580-160x108.jpg 160w, https:\/\/akunq.net\/tr\/wp-content\/uploads\/sites\/6\/2021\/01\/\u0539\u0578\u0582\u0580\u0584\u056b\u0561\u0575\u0578\u0582\u0574-\u0561\u056c\u0587\u056b\u0576\u0565\u0580\u056b-\u057f\u0576\u0565\u0580.jpg 750w\" sizes=\"auto, (max-width: 360px) 100vw, 360px\" \/><\/strong><\/em><\/p>\n<p><em><strong>Yalova\u2019da Alevi yurtta\u015flara ait be\u015f eve \u00e7arp\u0131 i\u015fareti konularak, duvarlar\u0131na \u201cAlevi\u201d yaz\u0131ld\u0131. Hac\u0131 Bekta\u015f Veli Anadolu K\u00fclt\u00fcr Vakf\u0131 Yalova \u015eube Ba\u015fkan\u0131 Fikret Demir, \u201cToplumun sinir u\u00e7lar\u0131 ile oynan\u0131yor\u201d dedi.\u00a0<\/strong><\/em><span id=\"more-221241\"><\/span><\/p>\n<p>Yalova Ba\u011flarba\u015f\u0131 Mahallesi Lokman Sokak\u2019ta oturan Alevi yurtta\u015flar\u0131n evlerine \u00e7arp\u0131 i\u015fareti konuldu.<\/p>\n<p>Be\u015f eve \u00e7arp\u0131 i\u015fareti koyan kimli\u011fi belirsiz ki\u015filer, evlerin duvarlar\u0131na da \u201cAlevi\u201d yazd\u0131.<\/p>\n<p>P\u0130RHA\u2019n\u0131n haberine g\u00f6re, ailelerin i\u015faretlemeyi fark edip polisi aramalar\u0131n\u0131n ard\u0131ndan mahalleye gelen polislerin soru\u015fturma ba\u015flatt\u0131\u011f\u0131 belirtildi.<\/p>\n<p>Evlerin i\u015faretlenmesiyle ilgili Hac\u0131 Bekta\u015f Veli Anadolu K\u00fclt\u00fcr Vakf\u0131 Yalova \u015eube Ba\u015fkan\u0131 Fikret Demir, \u201cToplumun sinir u\u00e7lar\u0131 ile oynan\u0131yor. Alevileri k\u0131\u015fk\u0131rtan bu \u0131rk\u00e7\u0131l\u0131\u011fa kar\u015f\u0131y\u0131z. Bu s\u00fcrecin takip\u00e7isi olaca\u011f\u0131z\u201d ifadelerini kulland\u0131.<\/p>\n<p><em><strong>https:\/\/gazetekarinca.com\/2021\/01\/yalovada-alevilerin-evleri-isaretlendi\/\u00a0<\/strong><\/em><\/p>\n","protected":false},"excerpt":{"rendered":"<p>Yalova\u2019da Alevi yurtta\u015flara ait be\u015f eve \u00e7arp\u0131 i\u015fareti konularak, duvarlar\u0131na \u201cAlevi\u201d yaz\u0131ld\u0131. Hac\u0131 Bekta\u015f Veli Anadolu K\u00fclt\u00fcr Vakf\u0131 Yalova \u015eube Ba\u015fkan\u0131 Fikret Demir, \u201cToplumun sinir u\u00e7lar\u0131 ile oynan\u0131yor\u201d dedi.\u00a0 Yalova Ba\u011flarba\u015f\u0131 Mahallesi Lokman Sokak\u2019ta oturan Alevi yurtta\u015flar\u0131n evlerine \u00e7arp\u0131 i\u015fareti konuldu. Be\u015f eve \u00e7arp\u0131 i\u015fareti koyan kimli\u011fi belirsiz ki\u015filer, evlerin duvarlar\u0131na da \u201cAlevi\u201d yazd\u0131. P\u0130RHA\u2019n\u0131n [&hellip;]<\/p>\n","protected":false},"author":7,"featured_media":61214,"comment_status":"open","ping_status":"open","sticky":false,"template":"","format":"standard","meta":{"footnotes":""},"categories":[1,53],"tags":[],"class_list":["post-61213","post","type-post","status-publish","format-standard","has-post-thumbnail","hentry","category-haberler","category-turkiyede-azinliklar"],"yoast_head":"<!-- This site is optimized with the Yoast SEO plugin v27.4 - https:\/\/yoast.com\/product\/yoast-seo-wordpress\/ -->\n<title>Yalova\u2019da Alevilerin evleri i\u015faretlendi - Bati Ermenistan Ve Bati Ermenileri Sorunlari Ara\u015ftirmalar Merkezi<\/title>\n<meta name=\"robots\" content=\"index, follow, max-snippet:-1, max-image-preview:large, max-video-preview:-1\" \/>\n<link rel=\"canonical\" href=\"https:\/\/akunq.net\/tr\/?p=61213\" \/>\n<meta property=\"og:locale\" content=\"en_US\" \/>\n<meta property=\"og:type\" content=\"article\" \/>\n<meta property=\"og:title\" content=\"Yalova\u2019da Alevilerin evleri i\u015faretlendi - Bati Ermenistan Ve Bati Ermenileri Sorunlari Ara\u015ftirmalar Merkezi\" \/>\n<meta property=\"og:description\" content=\"Yalova\u2019da Alevi yurtta\u015flara ait be\u015f eve \u00e7arp\u0131 i\u015fareti konularak, duvarlar\u0131na \u201cAlevi\u201d yaz\u0131ld\u0131. Hac\u0131 Bekta\u015f Veli Anadolu K\u00fclt\u00fcr Vakf\u0131 Yalova \u015eube Ba\u015fkan\u0131 Fikret Demir, \u201cToplumun sinir u\u00e7lar\u0131 ile oynan\u0131yor\u201d dedi.\u00a0 Yalova Ba\u011flarba\u015f\u0131 Mahallesi Lokman Sokak\u2019ta oturan Alevi yurtta\u015flar\u0131n evlerine \u00e7arp\u0131 i\u015fareti konuldu. Be\u015f eve \u00e7arp\u0131 i\u015fareti koyan kimli\u011fi belirsiz ki\u015filer, evlerin duvarlar\u0131na da \u201cAlevi\u201d yazd\u0131. P\u0130RHA\u2019n\u0131n [&hellip;]\" \/>\n<meta property=\"og:url\" content=\"https:\/\/akunq.net\/tr\/?p=61213\" \/>\n<meta property=\"og:site_name\" content=\"Bati Ermenistan Ve Bati Ermenileri Sorunlari Ara\u015ftirmalar Merkezi\" \/>\n<meta property=\"article:published_time\" content=\"2021-01-29T08:32:22+00:00\" \/>\n<meta property=\"og:image\" content=\"https:\/\/akunq.net\/tr\/wp-content\/uploads\/sites\/6\/2021\/01\/\u0539\u0578\u0582\u0580\u0584\u056b\u0561\u0575\u0578\u0582\u0574-\u0561\u056c\u0587\u056b\u0576\u0565\u0580\u056b-\u057f\u0576\u0565\u0580.jpg\" \/>\n\t<meta property=\"og:image:width\" content=\"750\" \/>\n\t<meta property=\"og:image:height\" content=\"505\" \/>\n\t<meta property=\"og:image:type\" content=\"image\/jpeg\" \/>\n<meta name=\"author\" content=\"admin\" \/>\n<meta name=\"twitter:card\" content=\"summary_large_image\" \/>\n<meta name=\"twitter:label1\" content=\"Written by\" \/>\n\t<meta name=\"twitter:data1\" content=\"admin\" \/>\n\t<meta name=\"twitter:label2\" content=\"Est. reading time\" \/>\n\t<meta name=\"twitter:data2\" content=\"1 minute\" \/>\n<script type=\"application\/ld+json\" class=\"yoast-schema-graph\">{\"@context\":\"https:\\\/\\\/schema.org\",\"@graph\":[{\"@type\":\"Article\",\"@id\":\"https:\\\/\\\/akunq.net\\\/tr\\\/?p=61213#article\",\"isPartOf\":{\"@id\":\"https:\\\/\\\/akunq.net\\\/tr\\\/?p=61213\"},\"author\":{\"name\":\"admin\",\"@id\":\"https:\\\/\\\/akunq.net\\\/tr\\\/#\\\/schema\\\/person\\\/096f1d38a12cce57fb855b485ed24c9e\"},\"headline\":\"Yalova\u2019da Alevilerin evleri i\u015faretlendi\",\"datePublished\":\"2021-01-29T08:32:22+00:00\",\"mainEntityOfPage\":{\"@id\":\"https:\\\/\\\/akunq.net\\\/tr\\\/?p=61213\"},\"wordCount\":154,\"commentCount\":0,\"image\":{\"@id\":\"https:\\\/\\\/akunq.net\\\/tr\\\/?p=61213#primaryimage\"},\"thumbnailUrl\":\"https:\\\/\\\/akunq.net\\\/tr\\\/wp-content\\\/uploads\\\/sites\\\/6\\\/2021\\\/01\\\/\u0539\u0578\u0582\u0580\u0584\u056b\u0561\u0575\u0578\u0582\u0574-\u0561\u056c\u0587\u056b\u0576\u0565\u0580\u056b-\u057f\u0576\u0565\u0580.jpg\",\"articleSection\":[\"Haberler\",\"T\u00fcrkiye\u2019de Az\u0131nl\u0131klar\"],\"inLanguage\":\"en-US\",\"potentialAction\":[{\"@type\":\"CommentAction\",\"name\":\"Comment\",\"target\":[\"https:\\\/\\\/akunq.net\\\/tr\\\/?p=61213#respond\"]}]},{\"@type\":\"WebPage\",\"@id\":\"https:\\\/\\\/akunq.net\\\/tr\\\/?p=61213\",\"url\":\"https:\\\/\\\/akunq.net\\\/tr\\\/?p=61213\",\"name\":\"Yalova\u2019da Alevilerin evleri i\u015faretlendi - Bati Ermenistan Ve Bati Ermenileri Sorunlari Ara\u015ftirmalar Merkezi\",\"isPartOf\":{\"@id\":\"https:\\\/\\\/akunq.net\\\/tr\\\/#website\"},\"primaryImageOfPage\":{\"@id\":\"https:\\\/\\\/akunq.net\\\/tr\\\/?p=61213#primaryimage\"},\"image\":{\"@id\":\"https:\\\/\\\/akunq.net\\\/tr\\\/?p=61213#primaryimage\"},\"thumbnailUrl\":\"https:\\\/\\\/akunq.net\\\/tr\\\/wp-content\\\/uploads\\\/sites\\\/6\\\/2021\\\/01\\\/\u0539\u0578\u0582\u0580\u0584\u056b\u0561\u0575\u0578\u0582\u0574-\u0561\u056c\u0587\u056b\u0576\u0565\u0580\u056b-\u057f\u0576\u0565\u0580.jpg\",\"datePublished\":\"2021-01-29T08:32:22+00:00\",\"author\":{\"@id\":\"https:\\\/\\\/akunq.net\\\/tr\\\/#\\\/schema\\\/person\\\/096f1d38a12cce57fb855b485ed24c9e\"},\"breadcrumb\":{\"@id\":\"https:\\\/\\\/akunq.net\\\/tr\\\/?p=61213#breadcrumb\"},\"inLanguage\":\"en-US\",\"potentialAction\":[{\"@type\":\"ReadAction\",\"target\":[\"https:\\\/\\\/akunq.net\\\/tr\\\/?p=61213\"]}]},{\"@type\":\"ImageObject\",\"inLanguage\":\"en-US\",\"@id\":\"https:\\\/\\\/akunq.net\\\/tr\\\/?p=61213#primaryimage\",\"url\":\"https:\\\/\\\/akunq.net\\\/tr\\\/wp-content\\\/uploads\\\/sites\\\/6\\\/2021\\\/01\\\/\u0539\u0578\u0582\u0580\u0584\u056b\u0561\u0575\u0578\u0582\u0574-\u0561\u056c\u0587\u056b\u0576\u0565\u0580\u056b-\u057f\u0576\u0565\u0580.jpg\",\"contentUrl\":\"https:\\\/\\\/akunq.net\\\/tr\\\/wp-content\\\/uploads\\\/sites\\\/6\\\/2021\\\/01\\\/\u0539\u0578\u0582\u0580\u0584\u056b\u0561\u0575\u0578\u0582\u0574-\u0561\u056c\u0587\u056b\u0576\u0565\u0580\u056b-\u057f\u0576\u0565\u0580.jpg\",\"width\":750,\"height\":505},{\"@type\":\"BreadcrumbList\",\"@id\":\"https:\\\/\\\/akunq.net\\\/tr\\\/?p=61213#breadcrumb\",\"itemListElement\":[{\"@type\":\"ListItem\",\"position\":1,\"name\":\"Home\",\"item\":\"https:\\\/\\\/akunq.net\\\/tr\"},{\"@type\":\"ListItem\",\"position\":2,\"name\":\"Yalova\u2019da Alevilerin evleri i\u015faretlendi\"}]},{\"@type\":\"WebSite\",\"@id\":\"https:\\\/\\\/akunq.net\\\/tr\\\/#website\",\"url\":\"https:\\\/\\\/akunq.net\\\/tr\\\/\",\"name\":\"Bati Ermenistan Ve Bati Ermenileri Sorunlari Ara\u015ftirmalar Merkezi\",\"description\":\"\",\"potentialAction\":[{\"@type\":\"SearchAction\",\"target\":{\"@type\":\"EntryPoint\",\"urlTemplate\":\"https:\\\/\\\/akunq.net\\\/tr\\\/?s={search_term_string}\"},\"query-input\":{\"@type\":\"PropertyValueSpecification\",\"valueRequired\":true,\"valueName\":\"search_term_string\"}}],\"inLanguage\":\"en-US\"},{\"@type\":\"Person\",\"@id\":\"https:\\\/\\\/akunq.net\\\/tr\\\/#\\\/schema\\\/person\\\/096f1d38a12cce57fb855b485ed24c9e\",\"name\":\"admin\",\"url\":\"https:\\\/\\\/akunq.net\\\/tr\\\/?author=7\"}]}<\/script>\n<!-- \/ Yoast SEO plugin. -->","yoast_head_json":{"title":"Yalova\u2019da Alevilerin evleri i\u015faretlendi - Bati Ermenistan Ve Bati Ermenileri Sorunlari Ara\u015ftirmalar Merkezi","robots":{"index":"index","follow":"follow","max-snippet":"max-snippet:-1","max-image-preview":"max-image-preview:large","max-video-preview":"max-video-preview:-1"},"canonical":"https:\/\/akunq.net\/tr\/?p=61213","og_locale":"en_US","og_type":"article","og_title":"Yalova\u2019da Alevilerin evleri i\u015faretlendi - Bati Ermenistan Ve Bati Ermenileri Sorunlari Ara\u015ftirmalar Merkezi","og_description":"Yalova\u2019da Alevi yurtta\u015flara ait be\u015f eve \u00e7arp\u0131 i\u015fareti konularak, duvarlar\u0131na \u201cAlevi\u201d yaz\u0131ld\u0131. Hac\u0131 Bekta\u015f Veli Anadolu K\u00fclt\u00fcr Vakf\u0131 Yalova \u015eube Ba\u015fkan\u0131 Fikret Demir, \u201cToplumun sinir u\u00e7lar\u0131 ile oynan\u0131yor\u201d dedi.\u00a0 Yalova Ba\u011flarba\u015f\u0131 Mahallesi Lokman Sokak\u2019ta oturan Alevi yurtta\u015flar\u0131n evlerine \u00e7arp\u0131 i\u015fareti konuldu. Be\u015f eve \u00e7arp\u0131 i\u015fareti koyan kimli\u011fi belirsiz ki\u015filer, evlerin duvarlar\u0131na da \u201cAlevi\u201d yazd\u0131. P\u0130RHA\u2019n\u0131n [&hellip;]","og_url":"https:\/\/akunq.net\/tr\/?p=61213","og_site_name":"Bati Ermenistan Ve Bati Ermenileri Sorunlari Ara\u015ftirmalar Merkezi","article_published_time":"2021-01-29T08:32:22+00:00","og_image":[{"width":750,"height":505,"url":"https:\/\/akunq.net\/tr\/wp-content\/uploads\/sites\/6\/2021\/01\/\u0539\u0578\u0582\u0580\u0584\u056b\u0561\u0575\u0578\u0582\u0574-\u0561\u056c\u0587\u056b\u0576\u0565\u0580\u056b-\u057f\u0576\u0565\u0580.jpg","type":"image\/jpeg"}],"author":"admin","twitter_card":"summary_large_image","twitter_misc":{"Written by":"admin","Est. reading time":"1 minute"},"schema":{"@context":"https:\/\/schema.org","@graph":[{"@type":"Article","@id":"https:\/\/akunq.net\/tr\/?p=61213#article","isPartOf":{"@id":"https:\/\/akunq.net\/tr\/?p=61213"},"author":{"name":"admin","@id":"https:\/\/akunq.net\/tr\/#\/schema\/person\/096f1d38a12cce57fb855b485ed24c9e"},"headline":"Yalova\u2019da Alevilerin evleri i\u015faretlendi","datePublished":"2021-01-29T08:32:22+00:00","mainEntityOfPage":{"@id":"https:\/\/akunq.net\/tr\/?p=61213"},"wordCount":154,"commentCount":0,"image":{"@id":"https:\/\/akunq.net\/tr\/?p=61213#primaryimage"},"thumbnailUrl":"https:\/\/akunq.net\/tr\/wp-content\/uploads\/sites\/6\/2021\/01\/\u0539\u0578\u0582\u0580\u0584\u056b\u0561\u0575\u0578\u0582\u0574-\u0561\u056c\u0587\u056b\u0576\u0565\u0580\u056b-\u057f\u0576\u0565\u0580.jpg","articleSection":["Haberler","T\u00fcrkiye\u2019de Az\u0131nl\u0131klar"],"inLanguage":"en-US","potentialAction":[{"@type":"CommentAction","name":"Comment","target":["https:\/\/akunq.net\/tr\/?p=61213#respond"]}]},{"@type":"WebPage","@id":"https:\/\/akunq.net\/tr\/?p=61213","url":"https:\/\/akunq.net\/tr\/?p=61213","name":"Yalova\u2019da Alevilerin evleri i\u015faretlendi - Bati Ermenistan Ve Bati Ermenileri Sorunlari Ara\u015ftirmalar Merkezi","isPartOf":{"@id":"https:\/\/akunq.net\/tr\/#website"},"primaryImageOfPage":{"@id":"https:\/\/akunq.net\/tr\/?p=61213#primaryimage"},"image":{"@id":"https:\/\/akunq.net\/tr\/?p=61213#primaryimage"},"thumbnailUrl":"https:\/\/akunq.net\/tr\/wp-content\/uploads\/sites\/6\/2021\/01\/\u0539\u0578\u0582\u0580\u0584\u056b\u0561\u0575\u0578\u0582\u0574-\u0561\u056c\u0587\u056b\u0576\u0565\u0580\u056b-\u057f\u0576\u0565\u0580.jpg","datePublished":"2021-01-29T08:32:22+00:00","author":{"@id":"https:\/\/akunq.net\/tr\/#\/schema\/person\/096f1d38a12cce57fb855b485ed24c9e"},"breadcrumb":{"@id":"https:\/\/akunq.net\/tr\/?p=61213#breadcrumb"},"inLanguage":"en-US","potentialAction":[{"@type":"ReadAction","target":["https:\/\/akunq.net\/tr\/?p=61213"]}]},{"@type":"ImageObject","inLanguage":"en-US","@id":"https:\/\/akunq.net\/tr\/?p=61213#primaryimage","url":"https:\/\/akunq.net\/tr\/wp-content\/uploads\/sites\/6\/2021\/01\/\u0539\u0578\u0582\u0580\u0584\u056b\u0561\u0575\u0578\u0582\u0574-\u0561\u056c\u0587\u056b\u0576\u0565\u0580\u056b-\u057f\u0576\u0565\u0580.jpg","contentUrl":"https:\/\/akunq.net\/tr\/wp-content\/uploads\/sites\/6\/2021\/01\/\u0539\u0578\u0582\u0580\u0584\u056b\u0561\u0575\u0578\u0582\u0574-\u0561\u056c\u0587\u056b\u0576\u0565\u0580\u056b-\u057f\u0576\u0565\u0580.jpg","width":750,"height":505},{"@type":"BreadcrumbList","@id":"https:\/\/akunq.net\/tr\/?p=61213#breadcrumb","itemListElement":[{"@type":"ListItem","position":1,"name":"Home","item":"https:\/\/akunq.net\/tr"},{"@type":"ListItem","position":2,"name":"Yalova\u2019da Alevilerin evleri i\u015faretlendi"}]},{"@type":"WebSite","@id":"https:\/\/akunq.net\/tr\/#website","url":"https:\/\/akunq.net\/tr\/","name":"Bati Ermenistan Ve Bati Ermenileri Sorunlari Ara\u015ftirmalar Merkezi","description":"","potentialAction":[{"@type":"SearchAction","target":{"@type":"EntryPoint","urlTemplate":"https:\/\/akunq.net\/tr\/?s={search_term_string}"},"query-input":{"@type":"PropertyValueSpecification","valueRequired":true,"valueName":"search_term_string"}}],"inLanguage":"en-US"},{"@type":"Person","@id":"https:\/\/akunq.net\/tr\/#\/schema\/person\/096f1d38a12cce57fb855b485ed24c9e","name":"admin","url":"https:\/\/akunq.net\/tr\/?author=7"}]}},"_links":{"self":[{"href":"https:\/\/akunq.net\/tr\/index.php?rest_route=\/wp\/v2\/posts\/61213","targetHints":{"allow":["GET"]}}],"collection":[{"href":"https:\/\/akunq.net\/tr\/index.php?rest_route=\/wp\/v2\/posts"}],"about":[{"href":"https:\/\/akunq.net\/tr\/index.php?rest_route=\/wp\/v2\/types\/post"}],"author":[{"embeddable":true,"href":"https:\/\/akunq.net\/tr\/index.php?rest_route=\/wp\/v2\/users\/7"}],"replies":[{"embeddable":true,"href":"https:\/\/akunq.net\/tr\/index.php?rest_route=%2Fwp%2Fv2%2Fcomments&post=61213"}],"version-history":[{"count":1,"href":"https:\/\/akunq.net\/tr\/index.php?rest_route=\/wp\/v2\/posts\/61213\/revisions"}],"predecessor-version":[{"id":61215,"href":"https:\/\/akunq.net\/tr\/index.php?rest_route=\/wp\/v2\/posts\/61213\/revisions\/61215"}],"wp:featuredmedia":[{"embeddable":true,"href":"https:\/\/akunq.net\/tr\/index.php?rest_route=\/wp\/v2\/media\/61214"}],"wp:attachment":[{"href":"https:\/\/akunq.net\/tr\/index.php?rest_route=%2Fwp%2Fv2%2Fmedia&parent=61213"}],"wp:term":[{"taxonomy":"category","embeddable":true,"href":"https:\/\/akunq.net\/tr\/index.php?rest_route=%2Fwp%2Fv2%2Fcategories&post=61213"},{"taxonomy":"post_tag","embeddable":true,"href":"https:\/\/akunq.net\/tr\/index.php?rest_route=%2Fwp%2Fv2%2Ftags&post=61213"}],"curies":[{"name":"wp","href":"https:\/\/api.w.org\/{rel}","templated":true}]}}