{"id":61207,"date":"2021-01-29T03:08:56","date_gmt":"2021-01-29T08:08:56","guid":{"rendered":"https:\/\/akunq.net\/tr\/?p=61207"},"modified":"2021-01-29T03:08:56","modified_gmt":"2021-01-29T08:08:56","slug":"hrant-dink-davasinda-son-3-sanik-1-subatta-savunma-yapacak","status":"publish","type":"post","link":"https:\/\/akunq.net\/tr\/?p=61207","title":{"rendered":"Hrant Dink davas\u0131nda son 3 san\u0131k 1 \u015eubat\u2019ta savunma yapacak"},"content":{"rendered":"<p><img loading=\"lazy\" decoding=\"async\" class=\"aligncenter size-medium wp-image-61208\" src=\"https:\/\/akunq.net\/tr\/wp-content\/uploads\/2021\/01\/Dink-8-360x240.jpg\" alt=\"\" width=\"360\" height=\"240\" srcset=\"https:\/\/akunq.net\/tr\/wp-content\/uploads\/sites\/6\/2021\/01\/Dink-8-360x240.jpg 360w, https:\/\/akunq.net\/tr\/wp-content\/uploads\/sites\/6\/2021\/01\/Dink-8-768x512.jpg 768w, https:\/\/akunq.net\/tr\/wp-content\/uploads\/sites\/6\/2021\/01\/Dink-8-560x373.jpg 560w, https:\/\/akunq.net\/tr\/wp-content\/uploads\/sites\/6\/2021\/01\/Dink-8-260x173.jpg 260w, https:\/\/akunq.net\/tr\/wp-content\/uploads\/sites\/6\/2021\/01\/Dink-8-160x107.jpg 160w, https:\/\/akunq.net\/tr\/wp-content\/uploads\/sites\/6\/2021\/01\/Dink-8.jpg 840w\" sizes=\"auto, (max-width: 360px) 100vw, 360px\" \/><\/p>\n<p><strong><em>Hrant Dink cinayetine ili\u015fkin kamu g\u00f6revlilerinin yarg\u0131land\u0131\u011f\u0131 davada sona gelindi. 1 \u015eubat\u2019taki duru\u015fmada san\u0131klar Ali Fuat Y\u0131lmazer, Ramazan Aky\u00fcrek ve Muharrem Demirkale savunma yapacak.<\/em><\/strong><\/p>\n<p><strong>Meltem AKYOL<\/strong><\/p>\n<p>Hrant Dink cinayetine ili\u015fkin kamu g\u00f6revlilerinin yarg\u0131land\u0131\u011f\u0131 davada sona gelindi. 1 \u015eubat Pazartesi g\u00fcn\u00fc g\u00f6r\u00fclecek duru\u015fmada d\u00f6nemin \u0130stihbarat C \u015eube M\u00fcd\u00fcr\u00fc Ali Fuat Y\u0131lmazer, eski Trabzon Emniyet M\u00fcd\u00fcr\u00fc ve \u0130stihbarat Daire Ba\u015fkan\u0131 Ramazan Aky\u00fcrek ve \u0130stanbul Jandarma \u0130stihbarat g\u00f6revlisi Muharrem Demirkale savunma yapacak.<\/p>\n<p>Agos Gazetesi Genel Yay\u0131n Y\u00f6netmeni Hrant Dink\u2019in \u00f6ld\u00fcr\u00fclmesine ili\u015fkin jandarma ve eski emniyet g\u00f6revlilerinin de aralar\u0131nda bulundu\u011fu 6\u2019s\u0131 tutuklu 13\u2019\u00fc firari 76 san\u0131\u011f\u0131n yarg\u0131lanmas\u0131na devam edildi. \u0130stanbul 14. A\u011f\u0131r Ceza Mahkemesinde g\u00f6r\u00fclen davan\u0131n 126. duru\u015fmas\u0131nda d\u00f6nemin samsun Jandarma G\u00f6revlisi Y\u00fcksel Avan ve \u0130stanbul Jandarma \u0130stihbarat G\u00f6revlisi Yavuz Karakaya ile gazeteci Ercan G\u00fcn esas hakk\u0131ndaki m\u00fctalaaya kar\u015f\u0131 beyanda bulundu.<\/p>\n<p><strong>AVUKAT 10 SAAT \u00d6NCE ATANMI\u015e<\/strong><\/p>\n<p>Duru\u015fmada ilk olarak daha \u00f6nce savunmalar\u0131 al\u0131nmayan d\u00f6nemin Trabzon polisi Mehmet U\u00e7ar ile Emniyet Genel M\u00fcd\u00fcrl\u00fc\u011f\u00fc \u0130stihbarat Daire Ba\u015fkanl\u0131\u011f\u0131 C \u015eube M\u00fcd\u00fcr Yard\u0131mc\u0131s\u0131 Osman G\u00fclbel\u2019in avukatlar\u0131n\u0131n m\u00fctalaaya kar\u015f\u0131 beyanlar\u0131 al\u0131nd\u0131. U\u00e7ar\u2019\u0131n vekili, Mehmet U\u00e7ar hakk\u0131nda Eski\u015fehir\u2019de devam eden bir yarg\u0131lama oldu\u011funu ve bunun sonucunun beklenmesini talep etti.<\/p>\n<p>Daha sonra s\u00f6z alan G\u00fclbel\u2019in avukat\u0131 ise baz\u0131 bilgileri kar\u0131\u015ft\u0131r\u0131nca, davaya 10 saat \u00f6nce atand\u0131\u011f\u0131n\u0131 belirtti. Avukat ard\u0131ndan, \u201cM\u00fcvekkilin kendisine gelen istihbarat raporlar\u0131n\u0131 gerekli yerlere iletti\u011fi beyanlar\u0131yla sabittir. \u00dczerine at\u0131l\u0131 su\u00e7lar\u0131n t\u00fcm\u00fcnden beraat\u0131n\u0131 talep ediyorum\u201d dedi.<\/p>\n<p><strong>AVUKATI OLMADAN SAVUNMASI ALINDI<\/strong><\/p>\n<p>Ard\u0131ndan san\u0131k savunmalar\u0131na ge\u00e7ildi. D\u00f6nemin Samsun Jandarma g\u00f6revlisi Y\u00fcksel Avan avukat\u0131n\u0131n \u00f6\u011fleden sonra gelece\u011fini, bu nedenle \u00f6\u011fleden sonra savunma yapmak istedi\u011fini s\u00f6yledi. Mahkeme ba\u015fkan\u0131 salonda savunma yapmak isteyen san\u0131k olup olmad\u0131\u011f\u0131n\u0131 sordu. Kimse s\u00f6z almay\u0131nca Avan\u2019\u0131n savunmas\u0131n\u0131 avukat\u0131 olmadan almaya ba\u015flad\u0131.<\/p>\n<p><strong>TAL\u0130MAT G\u00dc\u00c7L\u00dcO\u011eLU\u2019NDAN: \u201cJANDARMA KOMUTANLI\u011eINDA FOTO\u011eRAF \u0130ST\u0130YORLAR, \u00c7EKT\u0130R\u0130N\u201d DED\u0130<\/strong><\/p>\n<p>Samsun Emniyetinde tetik\u00e7i Og\u00fcn Samast ile foto\u011fraf \u00e7ektiren jandarma personelinden olan Y\u00fcksel Avan, foto\u011fraf\u0131 d\u00f6nemin Samsun \u0130l Jandarma Komutanl\u0131\u011f\u0131 Asayi\u015f \u015eube M\u00fcd\u00fcr\u00fc Atilla G\u00fc\u00e7l\u00fco\u011flu\u2019nun talimat\u0131 ile \u00e7ektirdi\u011fini s\u00f6yledi.<\/p>\n<p>Avan, \u201cOg\u00fcn Samast\u2019\u0131n yakaland\u0131\u011f\u0131 ak\u015fam Atilla G\u00fc\u00e7l\u00fco\u011flu\u2019nun emriyle \u00f6nce terminale gittim. Orada savc\u0131 beyin talimat\u0131 ile Samast\u2019\u0131n parmak izini ald\u0131m, foto\u011fraf\u0131n\u0131 \u00e7ektim, \u00fczerinden \u00e7\u0131kan silah\u0131n\u0131, bayra\u011f\u0131 ald\u0131m po\u015fete koydum. Oradan Samsun Emniyetine ge\u00e7tik. Atilla G\u00fc\u00e7l\u00fco\u011flu \u2018Jandarma Genel Komutanl\u0131\u011f\u0131 bizden foto\u011fraf istiyorlar, siz de Og\u00fcn Samast ile foto\u011fraf \u00e7ektirin\u2019 dedi. Ben sivil oldu\u011fum i\u00e7in uygun olmad\u0131\u011f\u0131m\u0131 s\u00f6yledim, Atilla G\u00fc\u00e7l\u00fco\u011flu jandarma yele\u011fi getirtti\u011fini s\u00f6yledi. Ben onun talimat\u0131 ile giydim ve foto\u011fraf\u0131 \u00e7ektirdim\u201d dedi.<\/p>\n<p>G\u00f6r\u00fcnt\u00fcleri bas\u0131na s\u0131zd\u0131rmakla da su\u00e7lanan Avan, \u201cBiz bu foto\u011fraflar\u0131 \u00e7ektik, \u00e7ekti\u011fimiz g\u00f6r\u00fcnt\u00fclerin, kasetlerin tamam\u0131n\u0131 \u00e7\u0131karma \u015fans\u0131m\u0131z yok. Foto\u011fraf makinemiz dijital de\u011fildir. Filmi tab ettirip bast\u0131rd\u0131ktan sonra video kayd\u0131yla birlikte alay komutan\u0131m\u0131za teslim ettik. Bizim elimizde ba\u015fka video ve foto\u011fraf kalmam\u0131\u015ft\u0131r. Ben bas\u0131na o g\u00fcnle ilgili foto\u011fraf, video veya bilgi s\u0131zd\u0131rmad\u0131m\u201d dedi.<\/p>\n<p>Avan, di\u011fer san\u0131klarla benzer \u015fekilde, \u201cBen herhangi bir ter\u00f6r \u00f6rg\u00fct\u00fc \u00fcyesi de\u011filim. Ter\u00f6rle m\u00fccadelede y\u0131llarca bu \u00fclkeye hizmet ettim\u201d diyerek beraat\u0131n\u0131 talep etti.<\/p>\n<p><strong>KARAKAYA\u2019NIN S\u00d6Z\u00dc KES\u0130LD\u0130, SAVUNMASI YARIDA BIRAKILDI<\/strong><\/p>\n<p>Avan\u2019\u0131n ard\u0131ndan cinayetin i\u015flendi\u011fi d\u00f6nemde \u0130stanbul \u0130l Jandarma Komutanl\u0131\u011f\u0131nda \u0130stihbarat \u015eube M\u00fcd\u00fcrl\u00fc\u011f\u00fc A\u015f\u0131r\u0131 Sa\u011f Faaliyetler Unsur Komutan\u0131 olarak g\u00f6rev yapan Yavuz Karakaya savunma yapt\u0131.<\/p>\n<p>San\u0131klarla kontak kurarak cinayetin planlanmas\u0131nda ortak hareket etti\u011fi belirtilen Karakaya, 19 Ocak 2007\u2019de Dink\u2019in \u00f6ld\u00fcr\u00fclmesine nezaret eden jandarma g\u00f6revlilerinden biri olmakla su\u00e7lan\u0131yor.<\/p>\n<p>Hrant Dink\u2019in cinayetinin oldu\u011fu yer ve \u00e7evresinde bulunan g\u00fcvenlik kamera g\u00f6r\u00fcnt\u00fclerinde \u0130stanbul Jandarma \u0130stihbarat \u015eube M\u00fcd\u00fcrl\u00fc\u011f\u00fc hizmetlerine tahsisli 2 ara\u00e7tan birinde bulunan personellerden biri oldu\u011fu belirlenen Karakaya\u2019n\u0131n telefon sinyal bilgilerinden de cinayetten \u00f6nce ve sonra olay yerinde oldu\u011fu tespit edildi.<\/p>\n<p>Savunmas\u0131na, \u201cBu 90\u2019l\u0131 y\u0131llar\u0131 and\u0131ran kirli cinayette g\u00fcnah ke\u00e7isi ilan edilerek bu hale getirilmekten utan\u00e7 duyuyorum\u201d diyerek ba\u015flayan Karakaya, yarg\u0131lama s\u00fcrecinde lehine olan delillerin g\u00f6rmezden gelindi\u011fini savundu.<\/p>\n<p>\u201cHukuk ihlali yap\u0131larak haz\u0131rlanan bu m\u00fctalaay\u0131 reddediyorum\u201d diyen Yavuz Karakaya, \u00d6zden \u00d6rnek\u2019in Darbe G\u00fcnl\u00fckleri kitab\u0131ndan al\u0131nt\u0131 yaparak kendisine kumpas kuruldu\u011funu iddia etti.<\/p>\n<p>15 Temmuz darbe giri\u015fimi davas\u0131nda yarg\u0131lanan Karakaya, orada s\u00fcren yarg\u0131laman\u0131n Dink davas\u0131 i\u00e7in de hakk\u0131nda a\u011f\u0131r bir g\u00f6lge olu\u015fturdu\u011funu savundu.<\/p>\n<p>Karakaya bu davaya ili\u015fki konu\u015fmaya devam edince mahkeme ba\u015fkan\u0131 Ak\u0131n G\u00fcrlek taraf\u0131ndan s\u00f6z\u00fc kesildi, G\u00fcrlek, Karakaya\u2019y\u0131 bu davaya ili\u015fkin savunma yapmas\u0131 y\u00f6n\u00fcnde uyard\u0131.<\/p>\n<p>Savunmas\u0131na devam eden Karakaya, \u201cEylemlerin sanki asli failiymi\u015fim gibi davran\u0131l\u0131yor. Bu davada yarg\u0131land\u0131\u011f\u0131m i\u00e7in \u00f6b\u00fcr dava da aleyhime i\u015fliyor. Ailem psikolojik tedavi g\u00f6r\u00fcyor. Bir astsubay olarak emir komuta zincirinin en alt k\u0131sm\u0131y\u0131m. Darbecilik \u00f6nyarg\u0131s\u0131yla su\u00e7lan\u0131yorum\u201d dedi.<\/p>\n<p>Karakaya, Trabzon jandarmadan gelenlerle m\u00fc\u015fterek hareket etti\u011fi su\u00e7lamas\u0131n\u0131 reddederken, telefonunun Hrant Dink\u2019in evinin bulundu\u011fu Bak\u0131rk\u00f6y\u2019de sinyal vermesinin normal oldu\u011funu savundu.<\/p>\n<p>Karakaya, \u201cBurada bulunan eski jandarma binas\u0131 \u00e7e\u015fitli haber elemanlar\u0131 ile bulu\u015fmak veya o civarda saha g\u00f6revi i\u00e7in ara\u00e7 park etmek gibi s\u0131radan durumlarda da kullan\u0131l\u0131r. Buraya gidip gelmi\u015fimdir\u201d dedi.<\/p>\n<p>Mahkeme ba\u015fkan\u0131 G\u00fcrlek\u2019in s\u0131k s\u0131k savunmas\u0131n\u0131 tamamlamas\u0131 y\u00f6n\u00fcnde uyard\u0131\u011f\u0131 Karakaya, hakk\u0131ndaki \u201cankers\u00f6rl\u00fc ard\u0131\u015f\u0131k arama\u201d su\u00e7lamas\u0131na ili\u015fkin ise \u015funlar\u0131 s\u00f6yledi:<\/p>\n<p>\u201cBana isnat edilen ve \u00f6rg\u00fct \u00fcyeli\u011fine kan\u0131t g\u00f6sterilen ankes\u00f6rl\u00fc telefon aramalar\u0131, Yarg\u0131tay kriterlerinde tarif edilen t\u00fcrde de\u011fildir. Kimin arad\u0131\u011f\u0131 da belli de\u011fil. Ankes\u00f6rl\u00fc telefon iddialar\u0131 t\u0131pk\u0131 HTS kay\u0131tlar\u0131 gibi hukuki bir analize tabi tutulmam\u0131\u015ft\u0131r\u201d dedi.<\/p>\n<p>Mahkeme ba\u015fkan\u0131 tekrar s\u00f6z\u00fcn\u00fc kesti, bunun \u00fczerine Karakaya, \u201cBenim neredeyse idam\u0131m\u0131 istiyorsunuz, b\u0131rak\u0131n konu\u015fay\u0131m\u201d dedi.<\/p>\n<p>Mahkeme ba\u015fkan\u0131 ise Karakaya\u2019n\u0131n avukat\u0131na s\u00f6z verdi. Avukat, Karakaya\u2019n\u0131n savunmas\u0131na devam etmesine talep etti, ancak mahkeme ba\u015fkan\u0131 kabul etmedi.<\/p>\n<p>Karakaya\u2019n\u0131n savunmas\u0131 yar\u0131da kesildi, avukat\u0131na s\u00f6z verildi.<\/p>\n<p><strong>\u201cC\u0130NAYET\u0130N KARANLIK NOKTALARINA Y\u00d6NELMEM\u0130Z GEREK\u0130YOR\u201d<\/strong><\/p>\n<p>Karakaya\u2019n\u0131n avukat\u0131, \u201cHukuki ayk\u0131r\u0131 deliller var ve m\u00fcvekkilimin savunmas\u0131 bunun \u00fczerine kurulu. M\u00fcvekkilimin savunmas\u0131 tamamlayamam\u0131\u015f olmas\u0131n\u0131n utanc\u0131yla ba\u015fl\u0131yorum s\u00f6ze\u201d diyerek konu\u015fmaya ba\u015flad\u0131.<\/p>\n<p>Karakaya\u2019n\u0131n avukat\u0131, \u201cBu dosyan\u0131n karanl\u0131k yerlerine odaklanmam\u0131z gerekiyor, ayd\u0131nlat\u0131lmak istenen yerlerine y\u00f6nelmemiz gerekiyor ki bu cinayetin karanl\u0131k noktalar\u0131 ortaya \u00e7\u0131ks\u0131n\u201d dedi.<\/p>\n<p>Avukat\u0131n savunmas\u0131 s\u0131ras\u0131nda mahkeme ba\u015fkan\u0131 G\u00fcrlek savunmas\u0131n\u0131 toparlamas\u0131n\u0131 y\u00f6n\u00fcnde uyar\u0131da bulundu. Karakaya\u2019n\u0131n avukat\u0131 bunun \u00fczerine \u201cIsrarla bu davada bir an \u00f6nce karar verilip dosya kapat\u0131lmak isteniyor. Bunu anlayabilmi\u015f de\u011filim\u201d diyerek Karakaya\u2019n\u0131n beraat\u0131n\u0131 talep etti.<\/p>\n<p>Duru\u015fman\u0131n \u00f6\u011fleden sonraki b\u00f6l\u00fcm\u00fcnde gazeteci Ercan G\u00fcn, m\u00fctalaaya kar\u015f\u0131 savunma yapt\u0131.<\/p>\n<p><strong>GAZETEC\u0130 G\u00dcN, BERAAT\u0130N\u0130 \u0130STED\u0130<\/strong><\/p>\n<p>S\u00f6zlerine \u201cBen su\u00e7 i\u015flemedim, haber yapt\u0131\u011f\u0131m i\u00e7in su\u00e7lan\u0131yorum. Haber yapmaktan ba\u015fka hi\u00e7bir eylemim yoktur, buna ra\u011fmen \u2018anayasal d\u00fczeni y\u0131kmak\u2019 istedi\u011fim iddia ediliyor. Bana y\u00f6nelik tek su\u00e7lama imza att\u0131\u011f\u0131m bir haber\u201d diyerek ba\u015flayan Ercan G\u00fcn, e\u011fitimine ve meslek hayat\u0131na ili\u015fkin bilgiler payla\u015ft\u0131.<\/p>\n<p>Samast\u2019\u0131n bayrakl\u0131 foto\u011fraf\u0131n\u0131n 22 Ocak 2007\u2019de Vatan gazetesinde yay\u0131mland\u0131\u011f\u0131n\u0131 belirten G\u00fcn, \u201cBu haberle jandarmay\u0131 y\u0131pratt\u0131\u011f\u0131m iddia ediliyor. Oysa haberin \u2018Jandarmadan ilk foto\u011fraflar\u2019 diye yay\u0131mlanmas\u0131n\u0131n nedeni Samast\u2019\u0131n jandarma taraf\u0131ndan yakalanmas\u0131d\u0131r. Burada edit\u00f6ryal bir hatam\u0131z vard\u0131r\u201d dedi.<\/p>\n<p>Do\u011fan \u015eent\u00fcrk\u2019\u00fcn talebiyle Samsun\u2019a gitti\u011fini s\u00f6yleyen G\u00fcn, \u201cAy\u0131n 31\u2019inde Samsun\u2019a gittik, u\u00e7ak ve konaklama bedelini \u00e7al\u0131\u015ft\u0131\u011f\u0131m kurum kar\u015f\u0131lad\u0131. Samsun\u2019da 1 gece kald\u0131ktan sonra anonslar\u0131 \u00e7ektik, anonslar jandarma \u00f6n\u00fcnde bile yap\u0131lmad\u0131\u201d diye konu\u015ftu.<\/p>\n<p>Nedim \u015eener\u2019in cinayet silah\u0131n\u0131n jandarma taraf\u0131ndan temizlendi\u011fi, eksik mermilerin tamamland\u0131\u011f\u0131 iddialar\u0131n\u0131 hat\u0131rlatan G\u00fcn, \u201cBir haberdeki edit\u00f6ryal hata jandarmay\u0131 y\u0131pratmak oluyorsa, bu nedir\u201d dedi.<\/p>\n<p>S\u00f6z konusu haberin izletildi\u011fi duru\u015fmada G\u00fcn, \u201cG\u00f6rd\u00fc\u011f\u00fcn\u00fcz gibi haberin hi\u00e7bir yerinde Ergenekon ya da ulusalc\u0131l\u0131k bir \u015fey yer almamaktad\u0131r. Bu haberden dolay\u0131 zarar g\u00f6rm\u00fc\u015f bir kimse var m\u0131d\u0131r? Bu haberle 2007 y\u0131l\u0131nda TGC\u2019nin y\u0131l\u0131n gazetecisi \u00f6d\u00fcl\u00fcn\u00fc ald\u0131m\u201d dedi.<\/p>\n<p>G\u00fcn, beraat\u0131n\u0131 talep etti.<\/p>\n<p>G\u00fcn\u2019\u00fcn ard\u0131ndan avukatlar beyanda bulundu. Avukat K\u00f6ksal Bayraktar, \u201cBizim m\u00fcvekkilimizin Amerika seyahati yoktur, baz\u0131 siyasiler gibi birinin ellerini \u00f6pmek i\u00e7in s\u0131raya girmemi\u015ftir. Bir Ba\u015fbakan Yard\u0131mc\u0131s\u0131 gibi bir Meclis Ba\u015fkan\u0131 gibi T\u00fcrk\u00e7e Olimpiyatlar\u0131\u2019na gitmemi\u015ftir. Afrika\u2019daki okullara gitmek i\u00e7in s\u0131raya girmemi\u015ftir\u201d dedi.<\/p>\n<p><strong>DAVA 1 \u015eUBAT\u2019TA DEVAM EDECEK<\/strong><\/p>\n<p>Avukat beyanlar\u0131n\u0131n ard\u0131ndan karar\u0131n\u0131 a\u00e7\u0131klayan mahkeme heyeti, bir sonraki duru\u015fma i\u00e7in 1 \u015eubat\u2019a g\u00fcn verdi.<\/p>\n<p>1 \u015eubat\u2019taki duru\u015fmada d\u00f6nemin istihbarat C \u015eube m\u00fcd\u00fcr\u00fc Ali Fuat Y\u0131lmazer, ski Trabzon Emniyet M\u00fcd\u00fcr\u00fc ve \u0130stihbarat Daire Ba\u015fkan\u0131 Ramazan Aky\u00fcrek ve \u0130stanbul Jandarma \u0130stihbarat G\u00f6revlisi Muharrem Demirkale ile Y\u00fcksel Avan\u2019\u0131n avukat\u0131 savunma yapacak.<\/p>\n<p><strong><em>https:\/\/www.evrensel.net\/haber\/424598\/hrant-dink-davasinda-son-3-sanik-1-subatta-savunma-yapacak\u00a0<\/em><\/strong><\/p>\n<p>&nbsp;<\/p>\n","protected":false},"excerpt":{"rendered":"<p>Hrant Dink cinayetine ili\u015fkin kamu g\u00f6revlilerinin yarg\u0131land\u0131\u011f\u0131 davada sona gelindi. 1 \u015eubat\u2019taki duru\u015fmada san\u0131klar Ali Fuat Y\u0131lmazer, Ramazan Aky\u00fcrek ve Muharrem Demirkale savunma yapacak. Meltem AKYOL Hrant Dink cinayetine ili\u015fkin kamu g\u00f6revlilerinin yarg\u0131land\u0131\u011f\u0131 davada sona gelindi. 1 \u015eubat Pazartesi g\u00fcn\u00fc g\u00f6r\u00fclecek duru\u015fmada d\u00f6nemin \u0130stihbarat C \u015eube M\u00fcd\u00fcr\u00fc Ali Fuat Y\u0131lmazer, eski Trabzon Emniyet M\u00fcd\u00fcr\u00fc ve [&hellip;]<\/p>\n","protected":false},"author":7,"featured_media":61208,"comment_status":"open","ping_status":"open","sticky":false,"template":"","format":"standard","meta":{"footnotes":""},"categories":[1],"tags":[],"class_list":["post-61207","post","type-post","status-publish","format-standard","has-post-thumbnail","hentry","category-haberler"],"yoast_head":"<!-- This site is optimized with the Yoast SEO plugin v27.4 - https:\/\/yoast.com\/product\/yoast-seo-wordpress\/ -->\n<title>Hrant Dink davas\u0131nda son 3 san\u0131k 1 \u015eubat\u2019ta savunma yapacak - Bati Ermenistan Ve Bati Ermenileri Sorunlari Ara\u015ftirmalar Merkezi<\/title>\n<meta name=\"robots\" content=\"index, follow, max-snippet:-1, max-image-preview:large, max-video-preview:-1\" \/>\n<link rel=\"canonical\" href=\"https:\/\/akunq.net\/tr\/?p=61207\" \/>\n<meta property=\"og:locale\" content=\"en_US\" \/>\n<meta property=\"og:type\" content=\"article\" \/>\n<meta property=\"og:title\" content=\"Hrant Dink davas\u0131nda son 3 san\u0131k 1 \u015eubat\u2019ta savunma yapacak - Bati Ermenistan Ve Bati Ermenileri Sorunlari Ara\u015ftirmalar Merkezi\" \/>\n<meta property=\"og:description\" content=\"Hrant Dink cinayetine ili\u015fkin kamu g\u00f6revlilerinin yarg\u0131land\u0131\u011f\u0131 davada sona gelindi. 1 \u015eubat\u2019taki duru\u015fmada san\u0131klar Ali Fuat Y\u0131lmazer, Ramazan Aky\u00fcrek ve Muharrem Demirkale savunma yapacak. Meltem AKYOL Hrant Dink cinayetine ili\u015fkin kamu g\u00f6revlilerinin yarg\u0131land\u0131\u011f\u0131 davada sona gelindi. 1 \u015eubat Pazartesi g\u00fcn\u00fc g\u00f6r\u00fclecek duru\u015fmada d\u00f6nemin \u0130stihbarat C \u015eube M\u00fcd\u00fcr\u00fc Ali Fuat Y\u0131lmazer, eski Trabzon Emniyet M\u00fcd\u00fcr\u00fc ve [&hellip;]\" \/>\n<meta property=\"og:url\" content=\"https:\/\/akunq.net\/tr\/?p=61207\" \/>\n<meta property=\"og:site_name\" content=\"Bati Ermenistan Ve Bati Ermenileri Sorunlari Ara\u015ftirmalar Merkezi\" \/>\n<meta property=\"article:published_time\" content=\"2021-01-29T08:08:56+00:00\" \/>\n<meta property=\"og:image\" content=\"https:\/\/akunq.net\/tr\/wp-content\/uploads\/sites\/6\/2021\/01\/Dink-8.jpg\" \/>\n\t<meta property=\"og:image:width\" content=\"840\" \/>\n\t<meta property=\"og:image:height\" content=\"560\" \/>\n\t<meta property=\"og:image:type\" content=\"image\/jpeg\" \/>\n<meta name=\"author\" content=\"admin\" \/>\n<meta name=\"twitter:card\" content=\"summary_large_image\" \/>\n<meta name=\"twitter:label1\" content=\"Written by\" \/>\n\t<meta name=\"twitter:data1\" content=\"admin\" \/>\n\t<meta name=\"twitter:label2\" content=\"Est. reading time\" \/>\n\t<meta name=\"twitter:data2\" content=\"9 minutes\" \/>\n<script type=\"application\/ld+json\" class=\"yoast-schema-graph\">{\"@context\":\"https:\\\/\\\/schema.org\",\"@graph\":[{\"@type\":\"Article\",\"@id\":\"https:\\\/\\\/akunq.net\\\/tr\\\/?p=61207#article\",\"isPartOf\":{\"@id\":\"https:\\\/\\\/akunq.net\\\/tr\\\/?p=61207\"},\"author\":{\"name\":\"admin\",\"@id\":\"https:\\\/\\\/akunq.net\\\/tr\\\/#\\\/schema\\\/person\\\/096f1d38a12cce57fb855b485ed24c9e\"},\"headline\":\"Hrant Dink davas\u0131nda son 3 san\u0131k 1 \u015eubat\u2019ta savunma yapacak\",\"datePublished\":\"2021-01-29T08:08:56+00:00\",\"mainEntityOfPage\":{\"@id\":\"https:\\\/\\\/akunq.net\\\/tr\\\/?p=61207\"},\"wordCount\":1736,\"commentCount\":0,\"image\":{\"@id\":\"https:\\\/\\\/akunq.net\\\/tr\\\/?p=61207#primaryimage\"},\"thumbnailUrl\":\"https:\\\/\\\/akunq.net\\\/tr\\\/wp-content\\\/uploads\\\/sites\\\/6\\\/2021\\\/01\\\/Dink-8.jpg\",\"articleSection\":[\"Haberler\"],\"inLanguage\":\"en-US\",\"potentialAction\":[{\"@type\":\"CommentAction\",\"name\":\"Comment\",\"target\":[\"https:\\\/\\\/akunq.net\\\/tr\\\/?p=61207#respond\"]}]},{\"@type\":\"WebPage\",\"@id\":\"https:\\\/\\\/akunq.net\\\/tr\\\/?p=61207\",\"url\":\"https:\\\/\\\/akunq.net\\\/tr\\\/?p=61207\",\"name\":\"Hrant Dink davas\u0131nda son 3 san\u0131k 1 \u015eubat\u2019ta savunma yapacak - Bati Ermenistan Ve Bati Ermenileri Sorunlari Ara\u015ftirmalar Merkezi\",\"isPartOf\":{\"@id\":\"https:\\\/\\\/akunq.net\\\/tr\\\/#website\"},\"primaryImageOfPage\":{\"@id\":\"https:\\\/\\\/akunq.net\\\/tr\\\/?p=61207#primaryimage\"},\"image\":{\"@id\":\"https:\\\/\\\/akunq.net\\\/tr\\\/?p=61207#primaryimage\"},\"thumbnailUrl\":\"https:\\\/\\\/akunq.net\\\/tr\\\/wp-content\\\/uploads\\\/sites\\\/6\\\/2021\\\/01\\\/Dink-8.jpg\",\"datePublished\":\"2021-01-29T08:08:56+00:00\",\"author\":{\"@id\":\"https:\\\/\\\/akunq.net\\\/tr\\\/#\\\/schema\\\/person\\\/096f1d38a12cce57fb855b485ed24c9e\"},\"breadcrumb\":{\"@id\":\"https:\\\/\\\/akunq.net\\\/tr\\\/?p=61207#breadcrumb\"},\"inLanguage\":\"en-US\",\"potentialAction\":[{\"@type\":\"ReadAction\",\"target\":[\"https:\\\/\\\/akunq.net\\\/tr\\\/?p=61207\"]}]},{\"@type\":\"ImageObject\",\"inLanguage\":\"en-US\",\"@id\":\"https:\\\/\\\/akunq.net\\\/tr\\\/?p=61207#primaryimage\",\"url\":\"https:\\\/\\\/akunq.net\\\/tr\\\/wp-content\\\/uploads\\\/sites\\\/6\\\/2021\\\/01\\\/Dink-8.jpg\",\"contentUrl\":\"https:\\\/\\\/akunq.net\\\/tr\\\/wp-content\\\/uploads\\\/sites\\\/6\\\/2021\\\/01\\\/Dink-8.jpg\",\"width\":840,\"height\":560},{\"@type\":\"BreadcrumbList\",\"@id\":\"https:\\\/\\\/akunq.net\\\/tr\\\/?p=61207#breadcrumb\",\"itemListElement\":[{\"@type\":\"ListItem\",\"position\":1,\"name\":\"Home\",\"item\":\"https:\\\/\\\/akunq.net\\\/tr\"},{\"@type\":\"ListItem\",\"position\":2,\"name\":\"Hrant Dink davas\u0131nda son 3 san\u0131k 1 \u015eubat\u2019ta savunma yapacak\"}]},{\"@type\":\"WebSite\",\"@id\":\"https:\\\/\\\/akunq.net\\\/tr\\\/#website\",\"url\":\"https:\\\/\\\/akunq.net\\\/tr\\\/\",\"name\":\"Bati Ermenistan Ve Bati Ermenileri Sorunlari Ara\u015ftirmalar Merkezi\",\"description\":\"\",\"potentialAction\":[{\"@type\":\"SearchAction\",\"target\":{\"@type\":\"EntryPoint\",\"urlTemplate\":\"https:\\\/\\\/akunq.net\\\/tr\\\/?s={search_term_string}\"},\"query-input\":{\"@type\":\"PropertyValueSpecification\",\"valueRequired\":true,\"valueName\":\"search_term_string\"}}],\"inLanguage\":\"en-US\"},{\"@type\":\"Person\",\"@id\":\"https:\\\/\\\/akunq.net\\\/tr\\\/#\\\/schema\\\/person\\\/096f1d38a12cce57fb855b485ed24c9e\",\"name\":\"admin\",\"url\":\"https:\\\/\\\/akunq.net\\\/tr\\\/?author=7\"}]}<\/script>\n<!-- \/ Yoast SEO plugin. -->","yoast_head_json":{"title":"Hrant Dink davas\u0131nda son 3 san\u0131k 1 \u015eubat\u2019ta savunma yapacak - Bati Ermenistan Ve Bati Ermenileri Sorunlari Ara\u015ftirmalar Merkezi","robots":{"index":"index","follow":"follow","max-snippet":"max-snippet:-1","max-image-preview":"max-image-preview:large","max-video-preview":"max-video-preview:-1"},"canonical":"https:\/\/akunq.net\/tr\/?p=61207","og_locale":"en_US","og_type":"article","og_title":"Hrant Dink davas\u0131nda son 3 san\u0131k 1 \u015eubat\u2019ta savunma yapacak - Bati Ermenistan Ve Bati Ermenileri Sorunlari Ara\u015ftirmalar Merkezi","og_description":"Hrant Dink cinayetine ili\u015fkin kamu g\u00f6revlilerinin yarg\u0131land\u0131\u011f\u0131 davada sona gelindi. 1 \u015eubat\u2019taki duru\u015fmada san\u0131klar Ali Fuat Y\u0131lmazer, Ramazan Aky\u00fcrek ve Muharrem Demirkale savunma yapacak. Meltem AKYOL Hrant Dink cinayetine ili\u015fkin kamu g\u00f6revlilerinin yarg\u0131land\u0131\u011f\u0131 davada sona gelindi. 1 \u015eubat Pazartesi g\u00fcn\u00fc g\u00f6r\u00fclecek duru\u015fmada d\u00f6nemin \u0130stihbarat C \u015eube M\u00fcd\u00fcr\u00fc Ali Fuat Y\u0131lmazer, eski Trabzon Emniyet M\u00fcd\u00fcr\u00fc ve [&hellip;]","og_url":"https:\/\/akunq.net\/tr\/?p=61207","og_site_name":"Bati Ermenistan Ve Bati Ermenileri Sorunlari Ara\u015ftirmalar Merkezi","article_published_time":"2021-01-29T08:08:56+00:00","og_image":[{"width":840,"height":560,"url":"https:\/\/akunq.net\/tr\/wp-content\/uploads\/sites\/6\/2021\/01\/Dink-8.jpg","type":"image\/jpeg"}],"author":"admin","twitter_card":"summary_large_image","twitter_misc":{"Written by":"admin","Est. reading time":"9 minutes"},"schema":{"@context":"https:\/\/schema.org","@graph":[{"@type":"Article","@id":"https:\/\/akunq.net\/tr\/?p=61207#article","isPartOf":{"@id":"https:\/\/akunq.net\/tr\/?p=61207"},"author":{"name":"admin","@id":"https:\/\/akunq.net\/tr\/#\/schema\/person\/096f1d38a12cce57fb855b485ed24c9e"},"headline":"Hrant Dink davas\u0131nda son 3 san\u0131k 1 \u015eubat\u2019ta savunma yapacak","datePublished":"2021-01-29T08:08:56+00:00","mainEntityOfPage":{"@id":"https:\/\/akunq.net\/tr\/?p=61207"},"wordCount":1736,"commentCount":0,"image":{"@id":"https:\/\/akunq.net\/tr\/?p=61207#primaryimage"},"thumbnailUrl":"https:\/\/akunq.net\/tr\/wp-content\/uploads\/sites\/6\/2021\/01\/Dink-8.jpg","articleSection":["Haberler"],"inLanguage":"en-US","potentialAction":[{"@type":"CommentAction","name":"Comment","target":["https:\/\/akunq.net\/tr\/?p=61207#respond"]}]},{"@type":"WebPage","@id":"https:\/\/akunq.net\/tr\/?p=61207","url":"https:\/\/akunq.net\/tr\/?p=61207","name":"Hrant Dink davas\u0131nda son 3 san\u0131k 1 \u015eubat\u2019ta savunma yapacak - Bati Ermenistan Ve Bati Ermenileri Sorunlari Ara\u015ftirmalar Merkezi","isPartOf":{"@id":"https:\/\/akunq.net\/tr\/#website"},"primaryImageOfPage":{"@id":"https:\/\/akunq.net\/tr\/?p=61207#primaryimage"},"image":{"@id":"https:\/\/akunq.net\/tr\/?p=61207#primaryimage"},"thumbnailUrl":"https:\/\/akunq.net\/tr\/wp-content\/uploads\/sites\/6\/2021\/01\/Dink-8.jpg","datePublished":"2021-01-29T08:08:56+00:00","author":{"@id":"https:\/\/akunq.net\/tr\/#\/schema\/person\/096f1d38a12cce57fb855b485ed24c9e"},"breadcrumb":{"@id":"https:\/\/akunq.net\/tr\/?p=61207#breadcrumb"},"inLanguage":"en-US","potentialAction":[{"@type":"ReadAction","target":["https:\/\/akunq.net\/tr\/?p=61207"]}]},{"@type":"ImageObject","inLanguage":"en-US","@id":"https:\/\/akunq.net\/tr\/?p=61207#primaryimage","url":"https:\/\/akunq.net\/tr\/wp-content\/uploads\/sites\/6\/2021\/01\/Dink-8.jpg","contentUrl":"https:\/\/akunq.net\/tr\/wp-content\/uploads\/sites\/6\/2021\/01\/Dink-8.jpg","width":840,"height":560},{"@type":"BreadcrumbList","@id":"https:\/\/akunq.net\/tr\/?p=61207#breadcrumb","itemListElement":[{"@type":"ListItem","position":1,"name":"Home","item":"https:\/\/akunq.net\/tr"},{"@type":"ListItem","position":2,"name":"Hrant Dink davas\u0131nda son 3 san\u0131k 1 \u015eubat\u2019ta savunma yapacak"}]},{"@type":"WebSite","@id":"https:\/\/akunq.net\/tr\/#website","url":"https:\/\/akunq.net\/tr\/","name":"Bati Ermenistan Ve Bati Ermenileri Sorunlari Ara\u015ftirmalar Merkezi","description":"","potentialAction":[{"@type":"SearchAction","target":{"@type":"EntryPoint","urlTemplate":"https:\/\/akunq.net\/tr\/?s={search_term_string}"},"query-input":{"@type":"PropertyValueSpecification","valueRequired":true,"valueName":"search_term_string"}}],"inLanguage":"en-US"},{"@type":"Person","@id":"https:\/\/akunq.net\/tr\/#\/schema\/person\/096f1d38a12cce57fb855b485ed24c9e","name":"admin","url":"https:\/\/akunq.net\/tr\/?author=7"}]}},"_links":{"self":[{"href":"https:\/\/akunq.net\/tr\/index.php?rest_route=\/wp\/v2\/posts\/61207","targetHints":{"allow":["GET"]}}],"collection":[{"href":"https:\/\/akunq.net\/tr\/index.php?rest_route=\/wp\/v2\/posts"}],"about":[{"href":"https:\/\/akunq.net\/tr\/index.php?rest_route=\/wp\/v2\/types\/post"}],"author":[{"embeddable":true,"href":"https:\/\/akunq.net\/tr\/index.php?rest_route=\/wp\/v2\/users\/7"}],"replies":[{"embeddable":true,"href":"https:\/\/akunq.net\/tr\/index.php?rest_route=%2Fwp%2Fv2%2Fcomments&post=61207"}],"version-history":[{"count":1,"href":"https:\/\/akunq.net\/tr\/index.php?rest_route=\/wp\/v2\/posts\/61207\/revisions"}],"predecessor-version":[{"id":61209,"href":"https:\/\/akunq.net\/tr\/index.php?rest_route=\/wp\/v2\/posts\/61207\/revisions\/61209"}],"wp:featuredmedia":[{"embeddable":true,"href":"https:\/\/akunq.net\/tr\/index.php?rest_route=\/wp\/v2\/media\/61208"}],"wp:attachment":[{"href":"https:\/\/akunq.net\/tr\/index.php?rest_route=%2Fwp%2Fv2%2Fmedia&parent=61207"}],"wp:term":[{"taxonomy":"category","embeddable":true,"href":"https:\/\/akunq.net\/tr\/index.php?rest_route=%2Fwp%2Fv2%2Fcategories&post=61207"},{"taxonomy":"post_tag","embeddable":true,"href":"https:\/\/akunq.net\/tr\/index.php?rest_route=%2Fwp%2Fv2%2Ftags&post=61207"}],"curies":[{"name":"wp","href":"https:\/\/api.w.org\/{rel}","templated":true}]}}