{"id":61204,"date":"2021-01-29T02:57:02","date_gmt":"2021-01-29T07:57:02","guid":{"rendered":"https:\/\/akunq.net\/tr\/?p=61204"},"modified":"2021-01-29T02:57:02","modified_gmt":"2021-01-29T07:57:02","slug":"3-bin-yillik-gizemli-yeralti-sehri-icin-calismalar-basladi","status":"publish","type":"post","link":"https:\/\/akunq.net\/tr\/?p=61204","title":{"rendered":"3 bin y\u0131ll\u0131k gizemli yeralt\u0131 \u015fehri i\u00e7in \u00e7al\u0131\u015fmalar ba\u015flad\u0131"},"content":{"rendered":"<p><img loading=\"lazy\" decoding=\"async\" class=\"aligncenter size-medium wp-image-61205\" src=\"https:\/\/akunq.net\/tr\/wp-content\/uploads\/2021\/01\/3-bin-y\u0131ll\u0131k-yeralt\u0131-\u015fehri-360x189.jpg\" alt=\"\" width=\"360\" height=\"189\" srcset=\"https:\/\/akunq.net\/tr\/wp-content\/uploads\/sites\/6\/2021\/01\/3-bin-y\u0131ll\u0131k-yeralt\u0131-\u015fehri-360x189.jpg 360w, https:\/\/akunq.net\/tr\/wp-content\/uploads\/sites\/6\/2021\/01\/3-bin-y\u0131ll\u0131k-yeralt\u0131-\u015fehri-560x294.jpg 560w, https:\/\/akunq.net\/tr\/wp-content\/uploads\/sites\/6\/2021\/01\/3-bin-y\u0131ll\u0131k-yeralt\u0131-\u015fehri-260x137.jpg 260w, https:\/\/akunq.net\/tr\/wp-content\/uploads\/sites\/6\/2021\/01\/3-bin-y\u0131ll\u0131k-yeralt\u0131-\u015fehri-160x84.jpg 160w, https:\/\/akunq.net\/tr\/wp-content\/uploads\/sites\/6\/2021\/01\/3-bin-y\u0131ll\u0131k-yeralt\u0131-\u015fehri.jpg 752w\" sizes=\"auto, (max-width: 360px) 100vw, 360px\" \/><\/p>\n<p><em><strong>Mardin\u2019in Midyat il\u00e7esindeki tarihi yeralt\u0131 \u015fehrinin g\u00fcn y\u00fcz\u00fcne \u00e7\u0131kar\u0131l\u0131p, turizme kazand\u0131r\u0131lmas\u0131 i\u00e7in Midyat Belediyesi\u2019nce ba\u015flat\u0131lan \u00e7al\u0131\u015fmalar devam ediyor.<\/strong><\/em><\/p>\n<p><strong><a class=\"name\" href=\"https:\/\/www.sabah.com.tr\/mehmet-is\/haberleri\">MEHMET \u0130\u015e<\/a><\/strong><\/p>\n<p>\u0130slam, H\u0131ristiyanl\u0131k ve Yezidilik inan\u00e7lar\u0131na mensup insanlar\u0131n konu\u015ftu\u011fu T\u00fcrk\u00e7e, K\u00fcrt\u00e7e, Arap\u00e7a ve S\u00fcryanice dillerinin bulu\u015fma noktas\u0131 olan Midyat\u2019ta ge\u00e7mi\u015fi binlerce y\u0131l \u00f6ncesine dayanan tarihi yer alt\u0131 \u015fehrinin g\u00fcn y\u00fcz\u00fcne \u00e7\u0131kar\u0131l\u0131p turizme kazand\u0131r\u0131lmas\u0131 i\u00e7in \u00e7al\u0131\u015fmalar devam ediyor. Tarih\u00e7iler, tarihi kaynaklarda, Midyat\u2019\u0131n \u2018ma\u011faralar Kenti\u2019 anlam\u0131na gelen \u2018Matiate\u2019 kelimesinden ismini ald\u0131\u011f\u0131n\u0131 ve \u2018Matiate\u2019 isminin Asur yaz\u0131tlar\u0131nda M\u00d6. 9.y\u00fczy\u0131lda ge\u00e7ti\u011fini ifade ediyor. Midyat Belediye Ba\u015fkan\u0131 Veysi \u015eahin taraf\u0131ndan Ak\u00e7akaya, I\u015f\u0131klar ve Ulu Cami Mahallelerinde ba\u015flat\u0131lan restorasyon \u00e7al\u0131\u015fmalar\u0131 kapsam\u0131nda \u00f6nceki zamanlarda \u015fehir de ya\u015fayan insanlar\u0131n bar\u0131nma, s\u0131\u011f\u0131nma ve ibadet yeri olarak kulland\u0131\u011f\u0131 yer alt\u0131 \u015fehrinin g\u00fcn y\u00fcz\u00fcne \u00e7\u0131kar\u0131larak turizme kazand\u0131r\u0131lmas\u0131 i\u00e7in \u00e7al\u0131\u015fmalar devam ediyor.<\/p>\n<p><strong>BAKAN YARDIMCISI DEM\u0130RCAN, \u00c7ALI\u015eMALARI \u0130NCELED\u0130<\/strong><\/p>\n<p>Bir dizi ziyarette bulunmak i\u00e7in Midyat\u2019a gelen K\u00fclt\u00fcr ve Turizm Bakan Yard\u0131mc\u0131s\u0131 Ahmet Misbah Demircan, Midyat Belediyesi\u2019ni ziyaret ettikten sonra, Midyat\u2019ta devam eden tarihi sokaklar ve yeralt\u0131 \u015fehrindeki \u00e7al\u0131\u015fmalar\u0131 inceledi. Bakan Yard\u0131mc\u0131s\u0131 Demircan\u2019a, Midyat Kaymakam\u0131 Tekin Dundar, Diyarbak\u0131r Vak\u0131flar B\u00f6lge M\u00fcd\u00fcr\u00fc Metin Evsen, Midyat Belediye Ba\u015fkan Yard\u0131mc\u0131lar\u0131 Abdurrahim \u00c7elik ve Mahsum Cengiz, \u00d6zel Kalem M\u00fcd\u00fcr\u00fc Halil Polat ve Ak Parti \u0130l Ba\u015fkan\u0131 Faruk K\u0131l\u0131\u00e7 ve \u0130l\u00e7e Ba\u015fkan\u0131 Atilla Yar\u0131\u015f e\u015flik etti. \u0130ncelemenin ard\u0131ndan a\u00e7\u0131klama yapan K\u00fclt\u00fcr ve Turizm Bakan Yard\u0131mc\u0131s\u0131 Ahmet Misbah Demircan, \u201cMidyat\u2019ta bug\u00fcn bulundu\u011fumuz alan ger\u00e7ekten \u00e7ok b\u00fcy\u00fcleyici, \u00e7ok etkileyici. \u00d6zellikle Kapadokya\u2019ya benzeyen yer alt\u0131 \u015fehirleri ve burada \u00e7ok ciddi, \u00e7ok g\u00fc\u00e7l\u00fc bir turizm iddias\u0131 yarat\u0131labilir. Ben bu anamda Midyat Belediyemizi, Say\u0131n Ba\u015fkan\u0131m\u0131z\u0131 tebrik ediyorum, takdir ediyorum. Ger\u00e7ekten \u00e7ok g\u00fczel bir vizyon perspektifi var. Burada, b\u00f6lgede hem belediyemizin, hem vak\u0131flar genel m\u00fcd\u00fcrl\u00fc\u011f\u00fcn\u00fcn yapaca\u011f\u0131 m\u00fc\u015fterek \u00e7al\u0131\u015fmalar buran\u0131n gelece\u011fini bamba\u015fka bir yere ta\u015f\u0131yacakt\u0131r. \u0130n\u015fallah en k\u0131sa zamanda say\u0131n Bakan\u0131m\u0131z\u0131 da al\u0131p, gelip, onun vizyonuyla burada \u00e7ok daha do\u011fru bir turizm perspektifini \u00e7\u0131kartmak i\u00e7in elimizden geleni yapmal\u0131y\u0131z diye d\u00fc\u015f\u00fcn\u00fcyorum. \u00c7ok etkilendim ve etkileyici. Midyat buradan kendisini yeniden tan\u0131mlayabilir, tan\u0131mlayacakt\u0131r. Ger\u00e7i buna ihtiyac\u0131 yok ama, bu \u00f6nemli ve iyi bir f\u0131rsat diye d\u00fc\u015f\u00fcn\u00fcyorum.\u201d dedi.<\/p>\n<p><em><strong>https:\/\/www.sabah.com.tr\/yasam\/2021\/01\/27\/3-bin-yillik-gizemli-yeralti-sehri-icin-calismalar-basladi\u00a0<\/strong><\/em><\/p>\n<p>&nbsp;<\/p>\n","protected":false},"excerpt":{"rendered":"<p>Mardin\u2019in Midyat il\u00e7esindeki tarihi yeralt\u0131 \u015fehrinin g\u00fcn y\u00fcz\u00fcne \u00e7\u0131kar\u0131l\u0131p, turizme kazand\u0131r\u0131lmas\u0131 i\u00e7in Midyat Belediyesi\u2019nce ba\u015flat\u0131lan \u00e7al\u0131\u015fmalar devam ediyor. MEHMET \u0130\u015e \u0130slam, H\u0131ristiyanl\u0131k ve Yezidilik inan\u00e7lar\u0131na mensup insanlar\u0131n konu\u015ftu\u011fu T\u00fcrk\u00e7e, K\u00fcrt\u00e7e, Arap\u00e7a ve S\u00fcryanice dillerinin bulu\u015fma noktas\u0131 olan Midyat\u2019ta ge\u00e7mi\u015fi binlerce y\u0131l \u00f6ncesine dayanan tarihi yer alt\u0131 \u015fehrinin g\u00fcn y\u00fcz\u00fcne \u00e7\u0131kar\u0131l\u0131p turizme kazand\u0131r\u0131lmas\u0131 i\u00e7in \u00e7al\u0131\u015fmalar devam [&hellip;]<\/p>\n","protected":false},"author":7,"featured_media":61205,"comment_status":"open","ping_status":"open","sticky":false,"template":"","format":"standard","meta":{"footnotes":""},"categories":[1],"tags":[],"class_list":["post-61204","post","type-post","status-publish","format-standard","has-post-thumbnail","hentry","category-haberler"],"yoast_head":"<!-- This site is optimized with the Yoast SEO plugin v27.4 - https:\/\/yoast.com\/product\/yoast-seo-wordpress\/ -->\n<title>3 bin y\u0131ll\u0131k gizemli yeralt\u0131 \u015fehri i\u00e7in \u00e7al\u0131\u015fmalar ba\u015flad\u0131 - Bati Ermenistan Ve Bati Ermenileri Sorunlari Ara\u015ftirmalar Merkezi<\/title>\n<meta name=\"robots\" content=\"index, follow, max-snippet:-1, max-image-preview:large, max-video-preview:-1\" \/>\n<link rel=\"canonical\" href=\"https:\/\/akunq.net\/tr\/?p=61204\" \/>\n<meta property=\"og:locale\" content=\"en_US\" \/>\n<meta property=\"og:type\" content=\"article\" \/>\n<meta property=\"og:title\" content=\"3 bin y\u0131ll\u0131k gizemli yeralt\u0131 \u015fehri i\u00e7in \u00e7al\u0131\u015fmalar ba\u015flad\u0131 - Bati Ermenistan Ve Bati Ermenileri Sorunlari Ara\u015ftirmalar Merkezi\" \/>\n<meta property=\"og:description\" content=\"Mardin\u2019in Midyat il\u00e7esindeki tarihi yeralt\u0131 \u015fehrinin g\u00fcn y\u00fcz\u00fcne \u00e7\u0131kar\u0131l\u0131p, turizme kazand\u0131r\u0131lmas\u0131 i\u00e7in Midyat Belediyesi\u2019nce ba\u015flat\u0131lan \u00e7al\u0131\u015fmalar devam ediyor. MEHMET \u0130\u015e \u0130slam, H\u0131ristiyanl\u0131k ve Yezidilik inan\u00e7lar\u0131na mensup insanlar\u0131n konu\u015ftu\u011fu T\u00fcrk\u00e7e, K\u00fcrt\u00e7e, Arap\u00e7a ve S\u00fcryanice dillerinin bulu\u015fma noktas\u0131 olan Midyat\u2019ta ge\u00e7mi\u015fi binlerce y\u0131l \u00f6ncesine dayanan tarihi yer alt\u0131 \u015fehrinin g\u00fcn y\u00fcz\u00fcne \u00e7\u0131kar\u0131l\u0131p turizme kazand\u0131r\u0131lmas\u0131 i\u00e7in \u00e7al\u0131\u015fmalar devam [&hellip;]\" \/>\n<meta property=\"og:url\" content=\"https:\/\/akunq.net\/tr\/?p=61204\" \/>\n<meta property=\"og:site_name\" content=\"Bati Ermenistan Ve Bati Ermenileri Sorunlari Ara\u015ftirmalar Merkezi\" \/>\n<meta property=\"article:published_time\" content=\"2021-01-29T07:57:02+00:00\" \/>\n<meta property=\"og:image\" content=\"https:\/\/akunq.net\/tr\/wp-content\/uploads\/sites\/6\/2021\/01\/3-bin-y\u0131ll\u0131k-yeralt\u0131-\u015fehri.jpg\" \/>\n\t<meta property=\"og:image:width\" content=\"752\" \/>\n\t<meta property=\"og:image:height\" content=\"395\" \/>\n\t<meta property=\"og:image:type\" content=\"image\/jpeg\" \/>\n<meta name=\"author\" content=\"admin\" \/>\n<meta name=\"twitter:card\" content=\"summary_large_image\" \/>\n<meta name=\"twitter:label1\" content=\"Written by\" \/>\n\t<meta name=\"twitter:data1\" content=\"admin\" \/>\n\t<meta name=\"twitter:label2\" content=\"Est. reading time\" \/>\n\t<meta name=\"twitter:data2\" content=\"2 minutes\" \/>\n<script type=\"application\/ld+json\" class=\"yoast-schema-graph\">{\"@context\":\"https:\\\/\\\/schema.org\",\"@graph\":[{\"@type\":\"Article\",\"@id\":\"https:\\\/\\\/akunq.net\\\/tr\\\/?p=61204#article\",\"isPartOf\":{\"@id\":\"https:\\\/\\\/akunq.net\\\/tr\\\/?p=61204\"},\"author\":{\"name\":\"admin\",\"@id\":\"https:\\\/\\\/akunq.net\\\/tr\\\/#\\\/schema\\\/person\\\/096f1d38a12cce57fb855b485ed24c9e\"},\"headline\":\"3 bin y\u0131ll\u0131k gizemli yeralt\u0131 \u015fehri i\u00e7in \u00e7al\u0131\u015fmalar ba\u015flad\u0131\",\"datePublished\":\"2021-01-29T07:57:02+00:00\",\"mainEntityOfPage\":{\"@id\":\"https:\\\/\\\/akunq.net\\\/tr\\\/?p=61204\"},\"wordCount\":490,\"commentCount\":0,\"image\":{\"@id\":\"https:\\\/\\\/akunq.net\\\/tr\\\/?p=61204#primaryimage\"},\"thumbnailUrl\":\"https:\\\/\\\/akunq.net\\\/tr\\\/wp-content\\\/uploads\\\/sites\\\/6\\\/2021\\\/01\\\/3-bin-y\u0131ll\u0131k-yeralt\u0131-\u015fehri.jpg\",\"articleSection\":[\"Haberler\"],\"inLanguage\":\"en-US\",\"potentialAction\":[{\"@type\":\"CommentAction\",\"name\":\"Comment\",\"target\":[\"https:\\\/\\\/akunq.net\\\/tr\\\/?p=61204#respond\"]}]},{\"@type\":\"WebPage\",\"@id\":\"https:\\\/\\\/akunq.net\\\/tr\\\/?p=61204\",\"url\":\"https:\\\/\\\/akunq.net\\\/tr\\\/?p=61204\",\"name\":\"3 bin y\u0131ll\u0131k gizemli yeralt\u0131 \u015fehri i\u00e7in \u00e7al\u0131\u015fmalar ba\u015flad\u0131 - Bati Ermenistan Ve Bati Ermenileri Sorunlari Ara\u015ftirmalar Merkezi\",\"isPartOf\":{\"@id\":\"https:\\\/\\\/akunq.net\\\/tr\\\/#website\"},\"primaryImageOfPage\":{\"@id\":\"https:\\\/\\\/akunq.net\\\/tr\\\/?p=61204#primaryimage\"},\"image\":{\"@id\":\"https:\\\/\\\/akunq.net\\\/tr\\\/?p=61204#primaryimage\"},\"thumbnailUrl\":\"https:\\\/\\\/akunq.net\\\/tr\\\/wp-content\\\/uploads\\\/sites\\\/6\\\/2021\\\/01\\\/3-bin-y\u0131ll\u0131k-yeralt\u0131-\u015fehri.jpg\",\"datePublished\":\"2021-01-29T07:57:02+00:00\",\"author\":{\"@id\":\"https:\\\/\\\/akunq.net\\\/tr\\\/#\\\/schema\\\/person\\\/096f1d38a12cce57fb855b485ed24c9e\"},\"breadcrumb\":{\"@id\":\"https:\\\/\\\/akunq.net\\\/tr\\\/?p=61204#breadcrumb\"},\"inLanguage\":\"en-US\",\"potentialAction\":[{\"@type\":\"ReadAction\",\"target\":[\"https:\\\/\\\/akunq.net\\\/tr\\\/?p=61204\"]}]},{\"@type\":\"ImageObject\",\"inLanguage\":\"en-US\",\"@id\":\"https:\\\/\\\/akunq.net\\\/tr\\\/?p=61204#primaryimage\",\"url\":\"https:\\\/\\\/akunq.net\\\/tr\\\/wp-content\\\/uploads\\\/sites\\\/6\\\/2021\\\/01\\\/3-bin-y\u0131ll\u0131k-yeralt\u0131-\u015fehri.jpg\",\"contentUrl\":\"https:\\\/\\\/akunq.net\\\/tr\\\/wp-content\\\/uploads\\\/sites\\\/6\\\/2021\\\/01\\\/3-bin-y\u0131ll\u0131k-yeralt\u0131-\u015fehri.jpg\",\"width\":752,\"height\":395},{\"@type\":\"BreadcrumbList\",\"@id\":\"https:\\\/\\\/akunq.net\\\/tr\\\/?p=61204#breadcrumb\",\"itemListElement\":[{\"@type\":\"ListItem\",\"position\":1,\"name\":\"Home\",\"item\":\"https:\\\/\\\/akunq.net\\\/tr\"},{\"@type\":\"ListItem\",\"position\":2,\"name\":\"3 bin y\u0131ll\u0131k gizemli yeralt\u0131 \u015fehri i\u00e7in \u00e7al\u0131\u015fmalar ba\u015flad\u0131\"}]},{\"@type\":\"WebSite\",\"@id\":\"https:\\\/\\\/akunq.net\\\/tr\\\/#website\",\"url\":\"https:\\\/\\\/akunq.net\\\/tr\\\/\",\"name\":\"Bati Ermenistan Ve Bati Ermenileri Sorunlari Ara\u015ftirmalar Merkezi\",\"description\":\"\",\"potentialAction\":[{\"@type\":\"SearchAction\",\"target\":{\"@type\":\"EntryPoint\",\"urlTemplate\":\"https:\\\/\\\/akunq.net\\\/tr\\\/?s={search_term_string}\"},\"query-input\":{\"@type\":\"PropertyValueSpecification\",\"valueRequired\":true,\"valueName\":\"search_term_string\"}}],\"inLanguage\":\"en-US\"},{\"@type\":\"Person\",\"@id\":\"https:\\\/\\\/akunq.net\\\/tr\\\/#\\\/schema\\\/person\\\/096f1d38a12cce57fb855b485ed24c9e\",\"name\":\"admin\",\"url\":\"https:\\\/\\\/akunq.net\\\/tr\\\/?author=7\"}]}<\/script>\n<!-- \/ Yoast SEO plugin. -->","yoast_head_json":{"title":"3 bin y\u0131ll\u0131k gizemli yeralt\u0131 \u015fehri i\u00e7in \u00e7al\u0131\u015fmalar ba\u015flad\u0131 - Bati Ermenistan Ve Bati Ermenileri Sorunlari Ara\u015ftirmalar Merkezi","robots":{"index":"index","follow":"follow","max-snippet":"max-snippet:-1","max-image-preview":"max-image-preview:large","max-video-preview":"max-video-preview:-1"},"canonical":"https:\/\/akunq.net\/tr\/?p=61204","og_locale":"en_US","og_type":"article","og_title":"3 bin y\u0131ll\u0131k gizemli yeralt\u0131 \u015fehri i\u00e7in \u00e7al\u0131\u015fmalar ba\u015flad\u0131 - Bati Ermenistan Ve Bati Ermenileri Sorunlari Ara\u015ftirmalar Merkezi","og_description":"Mardin\u2019in Midyat il\u00e7esindeki tarihi yeralt\u0131 \u015fehrinin g\u00fcn y\u00fcz\u00fcne \u00e7\u0131kar\u0131l\u0131p, turizme kazand\u0131r\u0131lmas\u0131 i\u00e7in Midyat Belediyesi\u2019nce ba\u015flat\u0131lan \u00e7al\u0131\u015fmalar devam ediyor. MEHMET \u0130\u015e \u0130slam, H\u0131ristiyanl\u0131k ve Yezidilik inan\u00e7lar\u0131na mensup insanlar\u0131n konu\u015ftu\u011fu T\u00fcrk\u00e7e, K\u00fcrt\u00e7e, Arap\u00e7a ve S\u00fcryanice dillerinin bulu\u015fma noktas\u0131 olan Midyat\u2019ta ge\u00e7mi\u015fi binlerce y\u0131l \u00f6ncesine dayanan tarihi yer alt\u0131 \u015fehrinin g\u00fcn y\u00fcz\u00fcne \u00e7\u0131kar\u0131l\u0131p turizme kazand\u0131r\u0131lmas\u0131 i\u00e7in \u00e7al\u0131\u015fmalar devam [&hellip;]","og_url":"https:\/\/akunq.net\/tr\/?p=61204","og_site_name":"Bati Ermenistan Ve Bati Ermenileri Sorunlari Ara\u015ftirmalar Merkezi","article_published_time":"2021-01-29T07:57:02+00:00","og_image":[{"width":752,"height":395,"url":"https:\/\/akunq.net\/tr\/wp-content\/uploads\/sites\/6\/2021\/01\/3-bin-y\u0131ll\u0131k-yeralt\u0131-\u015fehri.jpg","type":"image\/jpeg"}],"author":"admin","twitter_card":"summary_large_image","twitter_misc":{"Written by":"admin","Est. reading time":"2 minutes"},"schema":{"@context":"https:\/\/schema.org","@graph":[{"@type":"Article","@id":"https:\/\/akunq.net\/tr\/?p=61204#article","isPartOf":{"@id":"https:\/\/akunq.net\/tr\/?p=61204"},"author":{"name":"admin","@id":"https:\/\/akunq.net\/tr\/#\/schema\/person\/096f1d38a12cce57fb855b485ed24c9e"},"headline":"3 bin y\u0131ll\u0131k gizemli yeralt\u0131 \u015fehri i\u00e7in \u00e7al\u0131\u015fmalar ba\u015flad\u0131","datePublished":"2021-01-29T07:57:02+00:00","mainEntityOfPage":{"@id":"https:\/\/akunq.net\/tr\/?p=61204"},"wordCount":490,"commentCount":0,"image":{"@id":"https:\/\/akunq.net\/tr\/?p=61204#primaryimage"},"thumbnailUrl":"https:\/\/akunq.net\/tr\/wp-content\/uploads\/sites\/6\/2021\/01\/3-bin-y\u0131ll\u0131k-yeralt\u0131-\u015fehri.jpg","articleSection":["Haberler"],"inLanguage":"en-US","potentialAction":[{"@type":"CommentAction","name":"Comment","target":["https:\/\/akunq.net\/tr\/?p=61204#respond"]}]},{"@type":"WebPage","@id":"https:\/\/akunq.net\/tr\/?p=61204","url":"https:\/\/akunq.net\/tr\/?p=61204","name":"3 bin y\u0131ll\u0131k gizemli yeralt\u0131 \u015fehri i\u00e7in \u00e7al\u0131\u015fmalar ba\u015flad\u0131 - Bati Ermenistan Ve Bati Ermenileri Sorunlari Ara\u015ftirmalar Merkezi","isPartOf":{"@id":"https:\/\/akunq.net\/tr\/#website"},"primaryImageOfPage":{"@id":"https:\/\/akunq.net\/tr\/?p=61204#primaryimage"},"image":{"@id":"https:\/\/akunq.net\/tr\/?p=61204#primaryimage"},"thumbnailUrl":"https:\/\/akunq.net\/tr\/wp-content\/uploads\/sites\/6\/2021\/01\/3-bin-y\u0131ll\u0131k-yeralt\u0131-\u015fehri.jpg","datePublished":"2021-01-29T07:57:02+00:00","author":{"@id":"https:\/\/akunq.net\/tr\/#\/schema\/person\/096f1d38a12cce57fb855b485ed24c9e"},"breadcrumb":{"@id":"https:\/\/akunq.net\/tr\/?p=61204#breadcrumb"},"inLanguage":"en-US","potentialAction":[{"@type":"ReadAction","target":["https:\/\/akunq.net\/tr\/?p=61204"]}]},{"@type":"ImageObject","inLanguage":"en-US","@id":"https:\/\/akunq.net\/tr\/?p=61204#primaryimage","url":"https:\/\/akunq.net\/tr\/wp-content\/uploads\/sites\/6\/2021\/01\/3-bin-y\u0131ll\u0131k-yeralt\u0131-\u015fehri.jpg","contentUrl":"https:\/\/akunq.net\/tr\/wp-content\/uploads\/sites\/6\/2021\/01\/3-bin-y\u0131ll\u0131k-yeralt\u0131-\u015fehri.jpg","width":752,"height":395},{"@type":"BreadcrumbList","@id":"https:\/\/akunq.net\/tr\/?p=61204#breadcrumb","itemListElement":[{"@type":"ListItem","position":1,"name":"Home","item":"https:\/\/akunq.net\/tr"},{"@type":"ListItem","position":2,"name":"3 bin y\u0131ll\u0131k gizemli yeralt\u0131 \u015fehri i\u00e7in \u00e7al\u0131\u015fmalar ba\u015flad\u0131"}]},{"@type":"WebSite","@id":"https:\/\/akunq.net\/tr\/#website","url":"https:\/\/akunq.net\/tr\/","name":"Bati Ermenistan Ve Bati Ermenileri Sorunlari Ara\u015ftirmalar Merkezi","description":"","potentialAction":[{"@type":"SearchAction","target":{"@type":"EntryPoint","urlTemplate":"https:\/\/akunq.net\/tr\/?s={search_term_string}"},"query-input":{"@type":"PropertyValueSpecification","valueRequired":true,"valueName":"search_term_string"}}],"inLanguage":"en-US"},{"@type":"Person","@id":"https:\/\/akunq.net\/tr\/#\/schema\/person\/096f1d38a12cce57fb855b485ed24c9e","name":"admin","url":"https:\/\/akunq.net\/tr\/?author=7"}]}},"_links":{"self":[{"href":"https:\/\/akunq.net\/tr\/index.php?rest_route=\/wp\/v2\/posts\/61204","targetHints":{"allow":["GET"]}}],"collection":[{"href":"https:\/\/akunq.net\/tr\/index.php?rest_route=\/wp\/v2\/posts"}],"about":[{"href":"https:\/\/akunq.net\/tr\/index.php?rest_route=\/wp\/v2\/types\/post"}],"author":[{"embeddable":true,"href":"https:\/\/akunq.net\/tr\/index.php?rest_route=\/wp\/v2\/users\/7"}],"replies":[{"embeddable":true,"href":"https:\/\/akunq.net\/tr\/index.php?rest_route=%2Fwp%2Fv2%2Fcomments&post=61204"}],"version-history":[{"count":1,"href":"https:\/\/akunq.net\/tr\/index.php?rest_route=\/wp\/v2\/posts\/61204\/revisions"}],"predecessor-version":[{"id":61206,"href":"https:\/\/akunq.net\/tr\/index.php?rest_route=\/wp\/v2\/posts\/61204\/revisions\/61206"}],"wp:featuredmedia":[{"embeddable":true,"href":"https:\/\/akunq.net\/tr\/index.php?rest_route=\/wp\/v2\/media\/61205"}],"wp:attachment":[{"href":"https:\/\/akunq.net\/tr\/index.php?rest_route=%2Fwp%2Fv2%2Fmedia&parent=61204"}],"wp:term":[{"taxonomy":"category","embeddable":true,"href":"https:\/\/akunq.net\/tr\/index.php?rest_route=%2Fwp%2Fv2%2Fcategories&post=61204"},{"taxonomy":"post_tag","embeddable":true,"href":"https:\/\/akunq.net\/tr\/index.php?rest_route=%2Fwp%2Fv2%2Ftags&post=61204"}],"curies":[{"name":"wp","href":"https:\/\/api.w.org\/{rel}","templated":true}]}}