{"id":61198,"date":"2021-01-29T02:06:48","date_gmt":"2021-01-29T07:06:48","guid":{"rendered":"https:\/\/akunq.net\/tr\/?p=61198"},"modified":"2021-01-29T02:06:48","modified_gmt":"2021-01-29T07:06:48","slug":"paylandan-erdogana-o-portrenin-hikayesiyle-gercekten-yuzlesmeye-var-misin","status":"publish","type":"post","link":"https:\/\/akunq.net\/tr\/?p=61198","title":{"rendered":"Paylan&#8217;dan Erdo\u011fan&#8217;a: &#8216;O portrenin hikayesiyle ger\u00e7ekten y\u00fczle\u015fmeye var m\u0131s\u0131n?&#8217;"},"content":{"rendered":"<p><img loading=\"lazy\" decoding=\"async\" class=\"aligncenter size-medium wp-image-61199\" src=\"https:\/\/akunq.net\/tr\/wp-content\/uploads\/2021\/01\/Karabekir-360x218.jpg\" alt=\"\" width=\"360\" height=\"218\" srcset=\"https:\/\/akunq.net\/tr\/wp-content\/uploads\/sites\/6\/2021\/01\/Karabekir-360x218.jpg 360w, https:\/\/akunq.net\/tr\/wp-content\/uploads\/sites\/6\/2021\/01\/Karabekir-560x338.jpg 560w, https:\/\/akunq.net\/tr\/wp-content\/uploads\/sites\/6\/2021\/01\/Karabekir-260x157.jpg 260w, https:\/\/akunq.net\/tr\/wp-content\/uploads\/sites\/6\/2021\/01\/Karabekir-160x97.jpg 160w, https:\/\/akunq.net\/tr\/wp-content\/uploads\/sites\/6\/2021\/01\/Karabekir.jpg 576w\" sizes=\"auto, (max-width: 360px) 100vw, 360px\" \/><\/p>\n<p><em><strong>TBMM Ermeni Milletvekili Garo Paylan, T\u00fcrkiye Cumhurba\u015fkan\u0131 Recep Tayyip Erdo\u011fan&#8217;\u0131n, 1920 T\u00fcrk-Ermeni sava\u015f\u0131nda T\u00fcrk Silahl\u0131 Kuvvetleri&#8217;nin eli kanl\u0131 komutan\u0131 Kaz\u0131m Karabekir&#8217;in portresinin hikayesine ili\u015fkin telegram kanal\u0131nda yapt\u0131\u011f\u0131 payla\u015f\u0131ma de\u011findi.<\/strong><\/em><\/p>\n<p>Paylan, Erdo\u011fan&#8217;\u0131n &#8216;Kaz\u0131m Karabekir Pa\u015fa\u2019n\u0131n bu portresinin hikayesini biliyor musunuz?&#8217;\u00a0sorusuna cevaben sosyal medya hesab\u0131ndan yapt\u0131\u011f\u0131 payla\u015f\u0131mda \u015fu ifadelere yer verdi:<\/p>\n<p>&#8221;&#8217;O portrenin hikayesini&#8221; biliyor musun say\u0131n Erdo\u011fan?<\/p>\n<p>O \u00e7ocuklar, Ermeni halk\u0131na kar\u015f\u0131 uygulanan soyk\u0131r\u0131mda aileleri katledildi\u011fi i\u00e7in yetim kald\u0131lar.<\/p>\n<p>O portrenin hikayesiyle ger\u00e7ekten y\u00fczle\u015fmeye var m\u0131s\u0131n say\u0131n Erdo\u011fan?<\/p>\n<p>Hat\u0131rlanaca\u011f\u0131 \u00fczere\u00a0Erdo\u011fan,\u00a0Kaz\u0131m Karabekir&#8217;in\u00a0Ermeni Soyk\u0131r\u0131m\u0131&#8217;nda yetim kalan Ermeni \u00e7ocuklar\u0131 taraf\u0131ndan kendisine hediye edilen\u00a0100 y\u0131ll\u0131k portresini ve portrenin alt\u0131nda yaz\u0131lan notu payla\u015fm\u0131\u015ft\u0131:\u00a0\u00a0&#8221;Yetimlerin Babas\u0131 Kaz\u0131m Karabekir Pa\u015fa Hazretleri&#8230; Trabzon Ermeni Yetimleri Taraf\u0131ndan&#8230;&#8217; Rumi 9 Eyl\u00fcl 1338 (1922)&#8221;.<\/p>\n<p><em><strong>https:\/\/www.ermenihaber.am\/tr\/news\/2021\/01\/27\/Paylan-Erdo%C4%9Fan-Karabekir\/201285\u00a0<\/strong><\/em><\/p>\n","protected":false},"excerpt":{"rendered":"<p>TBMM Ermeni Milletvekili Garo Paylan, T\u00fcrkiye Cumhurba\u015fkan\u0131 Recep Tayyip Erdo\u011fan&#8217;\u0131n, 1920 T\u00fcrk-Ermeni sava\u015f\u0131nda T\u00fcrk Silahl\u0131 Kuvvetleri&#8217;nin eli kanl\u0131 komutan\u0131 Kaz\u0131m Karabekir&#8217;in portresinin hikayesine ili\u015fkin telegram kanal\u0131nda yapt\u0131\u011f\u0131 payla\u015f\u0131ma de\u011findi. Paylan, Erdo\u011fan&#8217;\u0131n &#8216;Kaz\u0131m Karabekir Pa\u015fa\u2019n\u0131n bu portresinin hikayesini biliyor musunuz?&#8217;\u00a0sorusuna cevaben sosyal medya hesab\u0131ndan yapt\u0131\u011f\u0131 payla\u015f\u0131mda \u015fu ifadelere yer verdi: &#8221;&#8217;O portrenin hikayesini&#8221; biliyor musun say\u0131n [&hellip;]<\/p>\n","protected":false},"author":7,"featured_media":61199,"comment_status":"open","ping_status":"open","sticky":false,"template":"","format":"standard","meta":{"footnotes":""},"categories":[1],"tags":[],"class_list":["post-61198","post","type-post","status-publish","format-standard","has-post-thumbnail","hentry","category-haberler"],"yoast_head":"<!-- This site is optimized with the Yoast SEO plugin v27.4 - https:\/\/yoast.com\/product\/yoast-seo-wordpress\/ -->\n<title>Paylan&#039;dan Erdo\u011fan&#039;a: &#039;O portrenin hikayesiyle ger\u00e7ekten y\u00fczle\u015fmeye var m\u0131s\u0131n?&#039; - Bati Ermenistan Ve Bati Ermenileri Sorunlari Ara\u015ftirmalar Merkezi<\/title>\n<meta name=\"robots\" content=\"index, follow, max-snippet:-1, max-image-preview:large, max-video-preview:-1\" \/>\n<link rel=\"canonical\" href=\"https:\/\/akunq.net\/tr\/?p=61198\" \/>\n<meta property=\"og:locale\" content=\"en_US\" \/>\n<meta property=\"og:type\" content=\"article\" \/>\n<meta property=\"og:title\" content=\"Paylan&#039;dan Erdo\u011fan&#039;a: &#039;O portrenin hikayesiyle ger\u00e7ekten y\u00fczle\u015fmeye var m\u0131s\u0131n?&#039; - Bati Ermenistan Ve Bati Ermenileri Sorunlari Ara\u015ftirmalar Merkezi\" \/>\n<meta property=\"og:description\" content=\"TBMM Ermeni Milletvekili Garo Paylan, T\u00fcrkiye Cumhurba\u015fkan\u0131 Recep Tayyip Erdo\u011fan&#8217;\u0131n, 1920 T\u00fcrk-Ermeni sava\u015f\u0131nda T\u00fcrk Silahl\u0131 Kuvvetleri&#8217;nin eli kanl\u0131 komutan\u0131 Kaz\u0131m Karabekir&#8217;in portresinin hikayesine ili\u015fkin telegram kanal\u0131nda yapt\u0131\u011f\u0131 payla\u015f\u0131ma de\u011findi. Paylan, Erdo\u011fan&#8217;\u0131n &#8216;Kaz\u0131m Karabekir Pa\u015fa\u2019n\u0131n bu portresinin hikayesini biliyor musunuz?&#8217;\u00a0sorusuna cevaben sosyal medya hesab\u0131ndan yapt\u0131\u011f\u0131 payla\u015f\u0131mda \u015fu ifadelere yer verdi: &#8221;&#8217;O portrenin hikayesini&#8221; biliyor musun say\u0131n [&hellip;]\" \/>\n<meta property=\"og:url\" content=\"https:\/\/akunq.net\/tr\/?p=61198\" \/>\n<meta property=\"og:site_name\" content=\"Bati Ermenistan Ve Bati Ermenileri Sorunlari Ara\u015ftirmalar Merkezi\" \/>\n<meta property=\"article:published_time\" content=\"2021-01-29T07:06:48+00:00\" \/>\n<meta property=\"og:image\" content=\"https:\/\/akunq.net\/tr\/wp-content\/uploads\/sites\/6\/2021\/01\/Karabekir.jpg\" \/>\n\t<meta property=\"og:image:width\" content=\"576\" \/>\n\t<meta property=\"og:image:height\" content=\"348\" \/>\n\t<meta property=\"og:image:type\" content=\"image\/jpeg\" \/>\n<meta name=\"author\" content=\"admin\" \/>\n<meta name=\"twitter:card\" content=\"summary_large_image\" \/>\n<meta name=\"twitter:label1\" content=\"Written by\" \/>\n\t<meta name=\"twitter:data1\" content=\"admin\" \/>\n\t<meta name=\"twitter:label2\" content=\"Est. reading time\" \/>\n\t<meta name=\"twitter:data2\" content=\"1 minute\" \/>\n<script type=\"application\/ld+json\" class=\"yoast-schema-graph\">{\"@context\":\"https:\\\/\\\/schema.org\",\"@graph\":[{\"@type\":\"Article\",\"@id\":\"https:\\\/\\\/akunq.net\\\/tr\\\/?p=61198#article\",\"isPartOf\":{\"@id\":\"https:\\\/\\\/akunq.net\\\/tr\\\/?p=61198\"},\"author\":{\"name\":\"admin\",\"@id\":\"https:\\\/\\\/akunq.net\\\/tr\\\/#\\\/schema\\\/person\\\/096f1d38a12cce57fb855b485ed24c9e\"},\"headline\":\"Paylan&#8217;dan Erdo\u011fan&#8217;a: &#8216;O portrenin hikayesiyle ger\u00e7ekten y\u00fczle\u015fmeye var m\u0131s\u0131n?&#8217;\",\"datePublished\":\"2021-01-29T07:06:48+00:00\",\"mainEntityOfPage\":{\"@id\":\"https:\\\/\\\/akunq.net\\\/tr\\\/?p=61198\"},\"wordCount\":191,\"commentCount\":0,\"image\":{\"@id\":\"https:\\\/\\\/akunq.net\\\/tr\\\/?p=61198#primaryimage\"},\"thumbnailUrl\":\"https:\\\/\\\/akunq.net\\\/tr\\\/wp-content\\\/uploads\\\/sites\\\/6\\\/2021\\\/01\\\/Karabekir.jpg\",\"articleSection\":[\"Haberler\"],\"inLanguage\":\"en-US\",\"potentialAction\":[{\"@type\":\"CommentAction\",\"name\":\"Comment\",\"target\":[\"https:\\\/\\\/akunq.net\\\/tr\\\/?p=61198#respond\"]}]},{\"@type\":\"WebPage\",\"@id\":\"https:\\\/\\\/akunq.net\\\/tr\\\/?p=61198\",\"url\":\"https:\\\/\\\/akunq.net\\\/tr\\\/?p=61198\",\"name\":\"Paylan'dan Erdo\u011fan'a: 'O portrenin hikayesiyle ger\u00e7ekten y\u00fczle\u015fmeye var m\u0131s\u0131n?' - Bati Ermenistan Ve Bati Ermenileri Sorunlari Ara\u015ftirmalar Merkezi\",\"isPartOf\":{\"@id\":\"https:\\\/\\\/akunq.net\\\/tr\\\/#website\"},\"primaryImageOfPage\":{\"@id\":\"https:\\\/\\\/akunq.net\\\/tr\\\/?p=61198#primaryimage\"},\"image\":{\"@id\":\"https:\\\/\\\/akunq.net\\\/tr\\\/?p=61198#primaryimage\"},\"thumbnailUrl\":\"https:\\\/\\\/akunq.net\\\/tr\\\/wp-content\\\/uploads\\\/sites\\\/6\\\/2021\\\/01\\\/Karabekir.jpg\",\"datePublished\":\"2021-01-29T07:06:48+00:00\",\"author\":{\"@id\":\"https:\\\/\\\/akunq.net\\\/tr\\\/#\\\/schema\\\/person\\\/096f1d38a12cce57fb855b485ed24c9e\"},\"breadcrumb\":{\"@id\":\"https:\\\/\\\/akunq.net\\\/tr\\\/?p=61198#breadcrumb\"},\"inLanguage\":\"en-US\",\"potentialAction\":[{\"@type\":\"ReadAction\",\"target\":[\"https:\\\/\\\/akunq.net\\\/tr\\\/?p=61198\"]}]},{\"@type\":\"ImageObject\",\"inLanguage\":\"en-US\",\"@id\":\"https:\\\/\\\/akunq.net\\\/tr\\\/?p=61198#primaryimage\",\"url\":\"https:\\\/\\\/akunq.net\\\/tr\\\/wp-content\\\/uploads\\\/sites\\\/6\\\/2021\\\/01\\\/Karabekir.jpg\",\"contentUrl\":\"https:\\\/\\\/akunq.net\\\/tr\\\/wp-content\\\/uploads\\\/sites\\\/6\\\/2021\\\/01\\\/Karabekir.jpg\",\"width\":576,\"height\":348},{\"@type\":\"BreadcrumbList\",\"@id\":\"https:\\\/\\\/akunq.net\\\/tr\\\/?p=61198#breadcrumb\",\"itemListElement\":[{\"@type\":\"ListItem\",\"position\":1,\"name\":\"Home\",\"item\":\"https:\\\/\\\/akunq.net\\\/tr\"},{\"@type\":\"ListItem\",\"position\":2,\"name\":\"Paylan&#8217;dan Erdo\u011fan&#8217;a: &#8216;O portrenin hikayesiyle ger\u00e7ekten y\u00fczle\u015fmeye var m\u0131s\u0131n?&#8217;\"}]},{\"@type\":\"WebSite\",\"@id\":\"https:\\\/\\\/akunq.net\\\/tr\\\/#website\",\"url\":\"https:\\\/\\\/akunq.net\\\/tr\\\/\",\"name\":\"Bati Ermenistan Ve Bati Ermenileri Sorunlari Ara\u015ftirmalar Merkezi\",\"description\":\"\",\"potentialAction\":[{\"@type\":\"SearchAction\",\"target\":{\"@type\":\"EntryPoint\",\"urlTemplate\":\"https:\\\/\\\/akunq.net\\\/tr\\\/?s={search_term_string}\"},\"query-input\":{\"@type\":\"PropertyValueSpecification\",\"valueRequired\":true,\"valueName\":\"search_term_string\"}}],\"inLanguage\":\"en-US\"},{\"@type\":\"Person\",\"@id\":\"https:\\\/\\\/akunq.net\\\/tr\\\/#\\\/schema\\\/person\\\/096f1d38a12cce57fb855b485ed24c9e\",\"name\":\"admin\",\"url\":\"https:\\\/\\\/akunq.net\\\/tr\\\/?author=7\"}]}<\/script>\n<!-- \/ Yoast SEO plugin. -->","yoast_head_json":{"title":"Paylan'dan Erdo\u011fan'a: 'O portrenin hikayesiyle ger\u00e7ekten y\u00fczle\u015fmeye var m\u0131s\u0131n?' - Bati Ermenistan Ve Bati Ermenileri Sorunlari Ara\u015ftirmalar Merkezi","robots":{"index":"index","follow":"follow","max-snippet":"max-snippet:-1","max-image-preview":"max-image-preview:large","max-video-preview":"max-video-preview:-1"},"canonical":"https:\/\/akunq.net\/tr\/?p=61198","og_locale":"en_US","og_type":"article","og_title":"Paylan'dan Erdo\u011fan'a: 'O portrenin hikayesiyle ger\u00e7ekten y\u00fczle\u015fmeye var m\u0131s\u0131n?' - Bati Ermenistan Ve Bati Ermenileri Sorunlari Ara\u015ftirmalar Merkezi","og_description":"TBMM Ermeni Milletvekili Garo Paylan, T\u00fcrkiye Cumhurba\u015fkan\u0131 Recep Tayyip Erdo\u011fan&#8217;\u0131n, 1920 T\u00fcrk-Ermeni sava\u015f\u0131nda T\u00fcrk Silahl\u0131 Kuvvetleri&#8217;nin eli kanl\u0131 komutan\u0131 Kaz\u0131m Karabekir&#8217;in portresinin hikayesine ili\u015fkin telegram kanal\u0131nda yapt\u0131\u011f\u0131 payla\u015f\u0131ma de\u011findi. Paylan, Erdo\u011fan&#8217;\u0131n &#8216;Kaz\u0131m Karabekir Pa\u015fa\u2019n\u0131n bu portresinin hikayesini biliyor musunuz?&#8217;\u00a0sorusuna cevaben sosyal medya hesab\u0131ndan yapt\u0131\u011f\u0131 payla\u015f\u0131mda \u015fu ifadelere yer verdi: &#8221;&#8217;O portrenin hikayesini&#8221; biliyor musun say\u0131n [&hellip;]","og_url":"https:\/\/akunq.net\/tr\/?p=61198","og_site_name":"Bati Ermenistan Ve Bati Ermenileri Sorunlari Ara\u015ftirmalar Merkezi","article_published_time":"2021-01-29T07:06:48+00:00","og_image":[{"width":576,"height":348,"url":"https:\/\/akunq.net\/tr\/wp-content\/uploads\/sites\/6\/2021\/01\/Karabekir.jpg","type":"image\/jpeg"}],"author":"admin","twitter_card":"summary_large_image","twitter_misc":{"Written by":"admin","Est. reading time":"1 minute"},"schema":{"@context":"https:\/\/schema.org","@graph":[{"@type":"Article","@id":"https:\/\/akunq.net\/tr\/?p=61198#article","isPartOf":{"@id":"https:\/\/akunq.net\/tr\/?p=61198"},"author":{"name":"admin","@id":"https:\/\/akunq.net\/tr\/#\/schema\/person\/096f1d38a12cce57fb855b485ed24c9e"},"headline":"Paylan&#8217;dan Erdo\u011fan&#8217;a: &#8216;O portrenin hikayesiyle ger\u00e7ekten y\u00fczle\u015fmeye var m\u0131s\u0131n?&#8217;","datePublished":"2021-01-29T07:06:48+00:00","mainEntityOfPage":{"@id":"https:\/\/akunq.net\/tr\/?p=61198"},"wordCount":191,"commentCount":0,"image":{"@id":"https:\/\/akunq.net\/tr\/?p=61198#primaryimage"},"thumbnailUrl":"https:\/\/akunq.net\/tr\/wp-content\/uploads\/sites\/6\/2021\/01\/Karabekir.jpg","articleSection":["Haberler"],"inLanguage":"en-US","potentialAction":[{"@type":"CommentAction","name":"Comment","target":["https:\/\/akunq.net\/tr\/?p=61198#respond"]}]},{"@type":"WebPage","@id":"https:\/\/akunq.net\/tr\/?p=61198","url":"https:\/\/akunq.net\/tr\/?p=61198","name":"Paylan'dan Erdo\u011fan'a: 'O portrenin hikayesiyle ger\u00e7ekten y\u00fczle\u015fmeye var m\u0131s\u0131n?' - Bati Ermenistan Ve Bati Ermenileri Sorunlari Ara\u015ftirmalar Merkezi","isPartOf":{"@id":"https:\/\/akunq.net\/tr\/#website"},"primaryImageOfPage":{"@id":"https:\/\/akunq.net\/tr\/?p=61198#primaryimage"},"image":{"@id":"https:\/\/akunq.net\/tr\/?p=61198#primaryimage"},"thumbnailUrl":"https:\/\/akunq.net\/tr\/wp-content\/uploads\/sites\/6\/2021\/01\/Karabekir.jpg","datePublished":"2021-01-29T07:06:48+00:00","author":{"@id":"https:\/\/akunq.net\/tr\/#\/schema\/person\/096f1d38a12cce57fb855b485ed24c9e"},"breadcrumb":{"@id":"https:\/\/akunq.net\/tr\/?p=61198#breadcrumb"},"inLanguage":"en-US","potentialAction":[{"@type":"ReadAction","target":["https:\/\/akunq.net\/tr\/?p=61198"]}]},{"@type":"ImageObject","inLanguage":"en-US","@id":"https:\/\/akunq.net\/tr\/?p=61198#primaryimage","url":"https:\/\/akunq.net\/tr\/wp-content\/uploads\/sites\/6\/2021\/01\/Karabekir.jpg","contentUrl":"https:\/\/akunq.net\/tr\/wp-content\/uploads\/sites\/6\/2021\/01\/Karabekir.jpg","width":576,"height":348},{"@type":"BreadcrumbList","@id":"https:\/\/akunq.net\/tr\/?p=61198#breadcrumb","itemListElement":[{"@type":"ListItem","position":1,"name":"Home","item":"https:\/\/akunq.net\/tr"},{"@type":"ListItem","position":2,"name":"Paylan&#8217;dan Erdo\u011fan&#8217;a: &#8216;O portrenin hikayesiyle ger\u00e7ekten y\u00fczle\u015fmeye var m\u0131s\u0131n?&#8217;"}]},{"@type":"WebSite","@id":"https:\/\/akunq.net\/tr\/#website","url":"https:\/\/akunq.net\/tr\/","name":"Bati Ermenistan Ve Bati Ermenileri Sorunlari Ara\u015ftirmalar Merkezi","description":"","potentialAction":[{"@type":"SearchAction","target":{"@type":"EntryPoint","urlTemplate":"https:\/\/akunq.net\/tr\/?s={search_term_string}"},"query-input":{"@type":"PropertyValueSpecification","valueRequired":true,"valueName":"search_term_string"}}],"inLanguage":"en-US"},{"@type":"Person","@id":"https:\/\/akunq.net\/tr\/#\/schema\/person\/096f1d38a12cce57fb855b485ed24c9e","name":"admin","url":"https:\/\/akunq.net\/tr\/?author=7"}]}},"_links":{"self":[{"href":"https:\/\/akunq.net\/tr\/index.php?rest_route=\/wp\/v2\/posts\/61198","targetHints":{"allow":["GET"]}}],"collection":[{"href":"https:\/\/akunq.net\/tr\/index.php?rest_route=\/wp\/v2\/posts"}],"about":[{"href":"https:\/\/akunq.net\/tr\/index.php?rest_route=\/wp\/v2\/types\/post"}],"author":[{"embeddable":true,"href":"https:\/\/akunq.net\/tr\/index.php?rest_route=\/wp\/v2\/users\/7"}],"replies":[{"embeddable":true,"href":"https:\/\/akunq.net\/tr\/index.php?rest_route=%2Fwp%2Fv2%2Fcomments&post=61198"}],"version-history":[{"count":1,"href":"https:\/\/akunq.net\/tr\/index.php?rest_route=\/wp\/v2\/posts\/61198\/revisions"}],"predecessor-version":[{"id":61200,"href":"https:\/\/akunq.net\/tr\/index.php?rest_route=\/wp\/v2\/posts\/61198\/revisions\/61200"}],"wp:featuredmedia":[{"embeddable":true,"href":"https:\/\/akunq.net\/tr\/index.php?rest_route=\/wp\/v2\/media\/61199"}],"wp:attachment":[{"href":"https:\/\/akunq.net\/tr\/index.php?rest_route=%2Fwp%2Fv2%2Fmedia&parent=61198"}],"wp:term":[{"taxonomy":"category","embeddable":true,"href":"https:\/\/akunq.net\/tr\/index.php?rest_route=%2Fwp%2Fv2%2Fcategories&post=61198"},{"taxonomy":"post_tag","embeddable":true,"href":"https:\/\/akunq.net\/tr\/index.php?rest_route=%2Fwp%2Fv2%2Ftags&post=61198"}],"curies":[{"name":"wp","href":"https:\/\/api.w.org\/{rel}","templated":true}]}}