{"id":61195,"date":"2021-01-29T01:59:58","date_gmt":"2021-01-29T06:59:58","guid":{"rendered":"https:\/\/akunq.net\/tr\/?p=61195"},"modified":"2021-01-29T01:59:58","modified_gmt":"2021-01-29T06:59:58","slug":"international-christian-concern-turkiye-ermeni-soykirimindan-sonra-hiristiyan-ermeni-toplumunu-yavas-yavas-boguyor","status":"publish","type":"post","link":"https:\/\/akunq.net\/tr\/?p=61195","title":{"rendered":"International Christian Concern: T\u00fcrkiye, Ermeni Soyk\u0131r\u0131m\u0131&#8217;ndan sonra H\u0131ristiyan Ermeni toplumunu yava\u015f yava\u015f bo\u011fuyor"},"content":{"rendered":"<p><img loading=\"lazy\" decoding=\"async\" class=\"aligncenter size-medium wp-image-61196\" src=\"https:\/\/akunq.net\/tr\/wp-content\/uploads\/2021\/01\/International-Christian-Concern-360x203.jpg\" alt=\"\" width=\"360\" height=\"203\" srcset=\"https:\/\/akunq.net\/tr\/wp-content\/uploads\/sites\/6\/2021\/01\/International-Christian-Concern-360x203.jpg 360w, https:\/\/akunq.net\/tr\/wp-content\/uploads\/sites\/6\/2021\/01\/International-Christian-Concern-560x315.jpg 560w, https:\/\/akunq.net\/tr\/wp-content\/uploads\/sites\/6\/2021\/01\/International-Christian-Concern-260x146.jpg 260w, https:\/\/akunq.net\/tr\/wp-content\/uploads\/sites\/6\/2021\/01\/International-Christian-Concern-160x90.jpg 160w, https:\/\/akunq.net\/tr\/wp-content\/uploads\/sites\/6\/2021\/01\/International-Christian-Concern.jpg 600w\" sizes=\"auto, (max-width: 360px) 100vw, 360px\" \/><\/p>\n<p style=\"font-weight: 400;\"><em><strong>Washington merkezli uluslararas\u0131 H\u0131ristiyan insan haklar\u0131 grubu\u00a0<a href=\"https:\/\/www.persecution.org\/2021\/01\/25\/turkey-has-been-slowly-suffocating-its-christian-community\/\">International Christian Concern<\/a>\u00a0Pazartesi g\u00fcn\u00fc yapt\u0131\u011f\u0131 a\u00e7\u0131klamada, T\u00fcrkiye&#8217;deki H\u0131ristiyan Ermeni az\u0131nl\u0131\u011f\u0131n ayr\u0131mc\u0131l\u0131k nedeniyle yava\u015f yava\u015f bo\u011fuldu\u011funu s\u00f6yledi.<\/strong><\/em><\/p>\n<p style=\"font-weight: 400;\">T\u00fcrkiye\u2019nin Ermenilere uygulad\u0131\u011f\u0131 Soyk\u0131r\u0131m\u0131na at\u0131fta bulunan grubun temsilcisi Claire Evans, &#8220;T\u00fcrkiye soyk\u0131r\u0131mdan bu yana H\u0131ristiyan toplumunu yava\u015f yava\u015f bo\u011fuyor&#8221; dedi.<\/p>\n<p style=\"font-weight: 400;\">T\u00fcrkiye&#8217;deki Ermeni toplumunun ac\u0131mas\u0131zca istismar edildi\u011fini s\u00f6yleyen Evans \u201cYurtd\u0131\u015f\u0131ndaki T\u00fcrk toplumlar\u0131ndan baz\u0131 gruplar da \u00f6zellikle Artsakh\u2019taki (Karaba\u011f) son sava\u015f s\u0131ras\u0131nda ve sonras\u0131nda yurtd\u0131\u015f\u0131ndaki Ermenileri hedef al\u0131yor\u201d diye belirtti.<\/p>\n<p style=\"font-weight: 400;\">Uluslararas\u0131 insan haklar\u0131 grubundann yap\u0131lan a\u00e7\u0131klamada, T\u00fcrkiye ve Azerbaycan taraf\u0131ndan Artsakh&#8217;ta ba\u015flat\u0131lan sava\u015f\u0131n \u00f6nceden planlanm\u0131\u015f oldu\u011funu Artsakh&#8217;taki Ermeni n\u00fcfusunu etnik kimlikleri nedeniyle yok etme niyetlerinin g\u00f6sterdi\u011fini de s\u00f6yleniyor.<\/p>\n<p><em><strong>https:\/\/www.ermenihaber.am\/tr\/news\/2021\/01\/27\/T%C3%BCrkiye-Ermeni-Soyk%C4%B1r%C4%B1m%C4%B1-H%C4%B1ristiyan\/201292\u00a0<\/strong><\/em><\/p>\n","protected":false},"excerpt":{"rendered":"<p>Washington merkezli uluslararas\u0131 H\u0131ristiyan insan haklar\u0131 grubu\u00a0International Christian Concern\u00a0Pazartesi g\u00fcn\u00fc yapt\u0131\u011f\u0131 a\u00e7\u0131klamada, T\u00fcrkiye&#8217;deki H\u0131ristiyan Ermeni az\u0131nl\u0131\u011f\u0131n ayr\u0131mc\u0131l\u0131k nedeniyle yava\u015f yava\u015f bo\u011fuldu\u011funu s\u00f6yledi. T\u00fcrkiye\u2019nin Ermenilere uygulad\u0131\u011f\u0131 Soyk\u0131r\u0131m\u0131na at\u0131fta bulunan grubun temsilcisi Claire Evans, &#8220;T\u00fcrkiye soyk\u0131r\u0131mdan bu yana H\u0131ristiyan toplumunu yava\u015f yava\u015f bo\u011fuyor&#8221; dedi. T\u00fcrkiye&#8217;deki Ermeni toplumunun ac\u0131mas\u0131zca istismar edildi\u011fini s\u00f6yleyen Evans \u201cYurtd\u0131\u015f\u0131ndaki T\u00fcrk toplumlar\u0131ndan baz\u0131 gruplar [&hellip;]<\/p>\n","protected":false},"author":7,"featured_media":61196,"comment_status":"open","ping_status":"open","sticky":false,"template":"","format":"standard","meta":{"footnotes":""},"categories":[1],"tags":[],"class_list":["post-61195","post","type-post","status-publish","format-standard","has-post-thumbnail","hentry","category-haberler"],"yoast_head":"<!-- This site is optimized with the Yoast SEO plugin v27.4 - https:\/\/yoast.com\/product\/yoast-seo-wordpress\/ -->\n<title>International Christian Concern: T\u00fcrkiye, Ermeni Soyk\u0131r\u0131m\u0131&#039;ndan sonra H\u0131ristiyan Ermeni toplumunu yava\u015f yava\u015f bo\u011fuyor - Bati Ermenistan Ve Bati Ermenileri Sorunlari Ara\u015ftirmalar Merkezi<\/title>\n<meta name=\"robots\" content=\"index, follow, max-snippet:-1, max-image-preview:large, max-video-preview:-1\" \/>\n<link rel=\"canonical\" href=\"https:\/\/akunq.net\/tr\/?p=61195\" \/>\n<meta property=\"og:locale\" content=\"en_US\" \/>\n<meta property=\"og:type\" content=\"article\" \/>\n<meta property=\"og:title\" content=\"International Christian Concern: T\u00fcrkiye, Ermeni Soyk\u0131r\u0131m\u0131&#039;ndan sonra H\u0131ristiyan Ermeni toplumunu yava\u015f yava\u015f bo\u011fuyor - Bati Ermenistan Ve Bati Ermenileri Sorunlari Ara\u015ftirmalar Merkezi\" \/>\n<meta property=\"og:description\" content=\"Washington merkezli uluslararas\u0131 H\u0131ristiyan insan haklar\u0131 grubu\u00a0International Christian Concern\u00a0Pazartesi g\u00fcn\u00fc yapt\u0131\u011f\u0131 a\u00e7\u0131klamada, T\u00fcrkiye&#8217;deki H\u0131ristiyan Ermeni az\u0131nl\u0131\u011f\u0131n ayr\u0131mc\u0131l\u0131k nedeniyle yava\u015f yava\u015f bo\u011fuldu\u011funu s\u00f6yledi. T\u00fcrkiye\u2019nin Ermenilere uygulad\u0131\u011f\u0131 Soyk\u0131r\u0131m\u0131na at\u0131fta bulunan grubun temsilcisi Claire Evans, &#8220;T\u00fcrkiye soyk\u0131r\u0131mdan bu yana H\u0131ristiyan toplumunu yava\u015f yava\u015f bo\u011fuyor&#8221; dedi. T\u00fcrkiye&#8217;deki Ermeni toplumunun ac\u0131mas\u0131zca istismar edildi\u011fini s\u00f6yleyen Evans \u201cYurtd\u0131\u015f\u0131ndaki T\u00fcrk toplumlar\u0131ndan baz\u0131 gruplar [&hellip;]\" \/>\n<meta property=\"og:url\" content=\"https:\/\/akunq.net\/tr\/?p=61195\" \/>\n<meta property=\"og:site_name\" content=\"Bati Ermenistan Ve Bati Ermenileri Sorunlari Ara\u015ftirmalar Merkezi\" \/>\n<meta property=\"article:published_time\" content=\"2021-01-29T06:59:58+00:00\" \/>\n<meta property=\"og:image\" content=\"https:\/\/akunq.net\/tr\/wp-content\/uploads\/sites\/6\/2021\/01\/International-Christian-Concern.jpg\" \/>\n\t<meta property=\"og:image:width\" content=\"600\" \/>\n\t<meta property=\"og:image:height\" content=\"338\" \/>\n\t<meta property=\"og:image:type\" content=\"image\/jpeg\" \/>\n<meta name=\"author\" content=\"admin\" \/>\n<meta name=\"twitter:card\" content=\"summary_large_image\" \/>\n<meta name=\"twitter:label1\" content=\"Written by\" \/>\n\t<meta name=\"twitter:data1\" content=\"admin\" \/>\n\t<meta name=\"twitter:label2\" content=\"Est. reading time\" \/>\n\t<meta name=\"twitter:data2\" content=\"1 minute\" \/>\n<script type=\"application\/ld+json\" class=\"yoast-schema-graph\">{\"@context\":\"https:\\\/\\\/schema.org\",\"@graph\":[{\"@type\":\"Article\",\"@id\":\"https:\\\/\\\/akunq.net\\\/tr\\\/?p=61195#article\",\"isPartOf\":{\"@id\":\"https:\\\/\\\/akunq.net\\\/tr\\\/?p=61195\"},\"author\":{\"name\":\"admin\",\"@id\":\"https:\\\/\\\/akunq.net\\\/tr\\\/#\\\/schema\\\/person\\\/096f1d38a12cce57fb855b485ed24c9e\"},\"headline\":\"International Christian Concern: T\u00fcrkiye, Ermeni Soyk\u0131r\u0131m\u0131&#8217;ndan sonra H\u0131ristiyan Ermeni toplumunu yava\u015f yava\u015f bo\u011fuyor\",\"datePublished\":\"2021-01-29T06:59:58+00:00\",\"mainEntityOfPage\":{\"@id\":\"https:\\\/\\\/akunq.net\\\/tr\\\/?p=61195\"},\"wordCount\":190,\"commentCount\":0,\"image\":{\"@id\":\"https:\\\/\\\/akunq.net\\\/tr\\\/?p=61195#primaryimage\"},\"thumbnailUrl\":\"https:\\\/\\\/akunq.net\\\/tr\\\/wp-content\\\/uploads\\\/sites\\\/6\\\/2021\\\/01\\\/International-Christian-Concern.jpg\",\"articleSection\":[\"Haberler\"],\"inLanguage\":\"en-US\",\"potentialAction\":[{\"@type\":\"CommentAction\",\"name\":\"Comment\",\"target\":[\"https:\\\/\\\/akunq.net\\\/tr\\\/?p=61195#respond\"]}]},{\"@type\":\"WebPage\",\"@id\":\"https:\\\/\\\/akunq.net\\\/tr\\\/?p=61195\",\"url\":\"https:\\\/\\\/akunq.net\\\/tr\\\/?p=61195\",\"name\":\"International Christian Concern: T\u00fcrkiye, Ermeni Soyk\u0131r\u0131m\u0131'ndan sonra H\u0131ristiyan Ermeni toplumunu yava\u015f yava\u015f bo\u011fuyor - Bati Ermenistan Ve Bati Ermenileri Sorunlari Ara\u015ftirmalar Merkezi\",\"isPartOf\":{\"@id\":\"https:\\\/\\\/akunq.net\\\/tr\\\/#website\"},\"primaryImageOfPage\":{\"@id\":\"https:\\\/\\\/akunq.net\\\/tr\\\/?p=61195#primaryimage\"},\"image\":{\"@id\":\"https:\\\/\\\/akunq.net\\\/tr\\\/?p=61195#primaryimage\"},\"thumbnailUrl\":\"https:\\\/\\\/akunq.net\\\/tr\\\/wp-content\\\/uploads\\\/sites\\\/6\\\/2021\\\/01\\\/International-Christian-Concern.jpg\",\"datePublished\":\"2021-01-29T06:59:58+00:00\",\"author\":{\"@id\":\"https:\\\/\\\/akunq.net\\\/tr\\\/#\\\/schema\\\/person\\\/096f1d38a12cce57fb855b485ed24c9e\"},\"breadcrumb\":{\"@id\":\"https:\\\/\\\/akunq.net\\\/tr\\\/?p=61195#breadcrumb\"},\"inLanguage\":\"en-US\",\"potentialAction\":[{\"@type\":\"ReadAction\",\"target\":[\"https:\\\/\\\/akunq.net\\\/tr\\\/?p=61195\"]}]},{\"@type\":\"ImageObject\",\"inLanguage\":\"en-US\",\"@id\":\"https:\\\/\\\/akunq.net\\\/tr\\\/?p=61195#primaryimage\",\"url\":\"https:\\\/\\\/akunq.net\\\/tr\\\/wp-content\\\/uploads\\\/sites\\\/6\\\/2021\\\/01\\\/International-Christian-Concern.jpg\",\"contentUrl\":\"https:\\\/\\\/akunq.net\\\/tr\\\/wp-content\\\/uploads\\\/sites\\\/6\\\/2021\\\/01\\\/International-Christian-Concern.jpg\",\"width\":600,\"height\":338},{\"@type\":\"BreadcrumbList\",\"@id\":\"https:\\\/\\\/akunq.net\\\/tr\\\/?p=61195#breadcrumb\",\"itemListElement\":[{\"@type\":\"ListItem\",\"position\":1,\"name\":\"Home\",\"item\":\"https:\\\/\\\/akunq.net\\\/tr\"},{\"@type\":\"ListItem\",\"position\":2,\"name\":\"International Christian Concern: T\u00fcrkiye, Ermeni Soyk\u0131r\u0131m\u0131&#8217;ndan sonra H\u0131ristiyan Ermeni toplumunu yava\u015f yava\u015f bo\u011fuyor\"}]},{\"@type\":\"WebSite\",\"@id\":\"https:\\\/\\\/akunq.net\\\/tr\\\/#website\",\"url\":\"https:\\\/\\\/akunq.net\\\/tr\\\/\",\"name\":\"Bati Ermenistan Ve Bati Ermenileri Sorunlari Ara\u015ftirmalar Merkezi\",\"description\":\"\",\"potentialAction\":[{\"@type\":\"SearchAction\",\"target\":{\"@type\":\"EntryPoint\",\"urlTemplate\":\"https:\\\/\\\/akunq.net\\\/tr\\\/?s={search_term_string}\"},\"query-input\":{\"@type\":\"PropertyValueSpecification\",\"valueRequired\":true,\"valueName\":\"search_term_string\"}}],\"inLanguage\":\"en-US\"},{\"@type\":\"Person\",\"@id\":\"https:\\\/\\\/akunq.net\\\/tr\\\/#\\\/schema\\\/person\\\/096f1d38a12cce57fb855b485ed24c9e\",\"name\":\"admin\",\"url\":\"https:\\\/\\\/akunq.net\\\/tr\\\/?author=7\"}]}<\/script>\n<!-- \/ Yoast SEO plugin. -->","yoast_head_json":{"title":"International Christian Concern: T\u00fcrkiye, Ermeni Soyk\u0131r\u0131m\u0131'ndan sonra H\u0131ristiyan Ermeni toplumunu yava\u015f yava\u015f bo\u011fuyor - Bati Ermenistan Ve Bati Ermenileri Sorunlari Ara\u015ftirmalar Merkezi","robots":{"index":"index","follow":"follow","max-snippet":"max-snippet:-1","max-image-preview":"max-image-preview:large","max-video-preview":"max-video-preview:-1"},"canonical":"https:\/\/akunq.net\/tr\/?p=61195","og_locale":"en_US","og_type":"article","og_title":"International Christian Concern: T\u00fcrkiye, Ermeni Soyk\u0131r\u0131m\u0131'ndan sonra H\u0131ristiyan Ermeni toplumunu yava\u015f yava\u015f bo\u011fuyor - Bati Ermenistan Ve Bati Ermenileri Sorunlari Ara\u015ftirmalar Merkezi","og_description":"Washington merkezli uluslararas\u0131 H\u0131ristiyan insan haklar\u0131 grubu\u00a0International Christian Concern\u00a0Pazartesi g\u00fcn\u00fc yapt\u0131\u011f\u0131 a\u00e7\u0131klamada, T\u00fcrkiye&#8217;deki H\u0131ristiyan Ermeni az\u0131nl\u0131\u011f\u0131n ayr\u0131mc\u0131l\u0131k nedeniyle yava\u015f yava\u015f bo\u011fuldu\u011funu s\u00f6yledi. T\u00fcrkiye\u2019nin Ermenilere uygulad\u0131\u011f\u0131 Soyk\u0131r\u0131m\u0131na at\u0131fta bulunan grubun temsilcisi Claire Evans, &#8220;T\u00fcrkiye soyk\u0131r\u0131mdan bu yana H\u0131ristiyan toplumunu yava\u015f yava\u015f bo\u011fuyor&#8221; dedi. T\u00fcrkiye&#8217;deki Ermeni toplumunun ac\u0131mas\u0131zca istismar edildi\u011fini s\u00f6yleyen Evans \u201cYurtd\u0131\u015f\u0131ndaki T\u00fcrk toplumlar\u0131ndan baz\u0131 gruplar [&hellip;]","og_url":"https:\/\/akunq.net\/tr\/?p=61195","og_site_name":"Bati Ermenistan Ve Bati Ermenileri Sorunlari Ara\u015ftirmalar Merkezi","article_published_time":"2021-01-29T06:59:58+00:00","og_image":[{"width":600,"height":338,"url":"https:\/\/akunq.net\/tr\/wp-content\/uploads\/sites\/6\/2021\/01\/International-Christian-Concern.jpg","type":"image\/jpeg"}],"author":"admin","twitter_card":"summary_large_image","twitter_misc":{"Written by":"admin","Est. reading time":"1 minute"},"schema":{"@context":"https:\/\/schema.org","@graph":[{"@type":"Article","@id":"https:\/\/akunq.net\/tr\/?p=61195#article","isPartOf":{"@id":"https:\/\/akunq.net\/tr\/?p=61195"},"author":{"name":"admin","@id":"https:\/\/akunq.net\/tr\/#\/schema\/person\/096f1d38a12cce57fb855b485ed24c9e"},"headline":"International Christian Concern: T\u00fcrkiye, Ermeni Soyk\u0131r\u0131m\u0131&#8217;ndan sonra H\u0131ristiyan Ermeni toplumunu yava\u015f yava\u015f bo\u011fuyor","datePublished":"2021-01-29T06:59:58+00:00","mainEntityOfPage":{"@id":"https:\/\/akunq.net\/tr\/?p=61195"},"wordCount":190,"commentCount":0,"image":{"@id":"https:\/\/akunq.net\/tr\/?p=61195#primaryimage"},"thumbnailUrl":"https:\/\/akunq.net\/tr\/wp-content\/uploads\/sites\/6\/2021\/01\/International-Christian-Concern.jpg","articleSection":["Haberler"],"inLanguage":"en-US","potentialAction":[{"@type":"CommentAction","name":"Comment","target":["https:\/\/akunq.net\/tr\/?p=61195#respond"]}]},{"@type":"WebPage","@id":"https:\/\/akunq.net\/tr\/?p=61195","url":"https:\/\/akunq.net\/tr\/?p=61195","name":"International Christian Concern: T\u00fcrkiye, Ermeni Soyk\u0131r\u0131m\u0131'ndan sonra H\u0131ristiyan Ermeni toplumunu yava\u015f yava\u015f bo\u011fuyor - Bati Ermenistan Ve Bati Ermenileri Sorunlari Ara\u015ftirmalar Merkezi","isPartOf":{"@id":"https:\/\/akunq.net\/tr\/#website"},"primaryImageOfPage":{"@id":"https:\/\/akunq.net\/tr\/?p=61195#primaryimage"},"image":{"@id":"https:\/\/akunq.net\/tr\/?p=61195#primaryimage"},"thumbnailUrl":"https:\/\/akunq.net\/tr\/wp-content\/uploads\/sites\/6\/2021\/01\/International-Christian-Concern.jpg","datePublished":"2021-01-29T06:59:58+00:00","author":{"@id":"https:\/\/akunq.net\/tr\/#\/schema\/person\/096f1d38a12cce57fb855b485ed24c9e"},"breadcrumb":{"@id":"https:\/\/akunq.net\/tr\/?p=61195#breadcrumb"},"inLanguage":"en-US","potentialAction":[{"@type":"ReadAction","target":["https:\/\/akunq.net\/tr\/?p=61195"]}]},{"@type":"ImageObject","inLanguage":"en-US","@id":"https:\/\/akunq.net\/tr\/?p=61195#primaryimage","url":"https:\/\/akunq.net\/tr\/wp-content\/uploads\/sites\/6\/2021\/01\/International-Christian-Concern.jpg","contentUrl":"https:\/\/akunq.net\/tr\/wp-content\/uploads\/sites\/6\/2021\/01\/International-Christian-Concern.jpg","width":600,"height":338},{"@type":"BreadcrumbList","@id":"https:\/\/akunq.net\/tr\/?p=61195#breadcrumb","itemListElement":[{"@type":"ListItem","position":1,"name":"Home","item":"https:\/\/akunq.net\/tr"},{"@type":"ListItem","position":2,"name":"International Christian Concern: T\u00fcrkiye, Ermeni Soyk\u0131r\u0131m\u0131&#8217;ndan sonra H\u0131ristiyan Ermeni toplumunu yava\u015f yava\u015f bo\u011fuyor"}]},{"@type":"WebSite","@id":"https:\/\/akunq.net\/tr\/#website","url":"https:\/\/akunq.net\/tr\/","name":"Bati Ermenistan Ve Bati Ermenileri Sorunlari Ara\u015ftirmalar Merkezi","description":"","potentialAction":[{"@type":"SearchAction","target":{"@type":"EntryPoint","urlTemplate":"https:\/\/akunq.net\/tr\/?s={search_term_string}"},"query-input":{"@type":"PropertyValueSpecification","valueRequired":true,"valueName":"search_term_string"}}],"inLanguage":"en-US"},{"@type":"Person","@id":"https:\/\/akunq.net\/tr\/#\/schema\/person\/096f1d38a12cce57fb855b485ed24c9e","name":"admin","url":"https:\/\/akunq.net\/tr\/?author=7"}]}},"_links":{"self":[{"href":"https:\/\/akunq.net\/tr\/index.php?rest_route=\/wp\/v2\/posts\/61195","targetHints":{"allow":["GET"]}}],"collection":[{"href":"https:\/\/akunq.net\/tr\/index.php?rest_route=\/wp\/v2\/posts"}],"about":[{"href":"https:\/\/akunq.net\/tr\/index.php?rest_route=\/wp\/v2\/types\/post"}],"author":[{"embeddable":true,"href":"https:\/\/akunq.net\/tr\/index.php?rest_route=\/wp\/v2\/users\/7"}],"replies":[{"embeddable":true,"href":"https:\/\/akunq.net\/tr\/index.php?rest_route=%2Fwp%2Fv2%2Fcomments&post=61195"}],"version-history":[{"count":1,"href":"https:\/\/akunq.net\/tr\/index.php?rest_route=\/wp\/v2\/posts\/61195\/revisions"}],"predecessor-version":[{"id":61197,"href":"https:\/\/akunq.net\/tr\/index.php?rest_route=\/wp\/v2\/posts\/61195\/revisions\/61197"}],"wp:featuredmedia":[{"embeddable":true,"href":"https:\/\/akunq.net\/tr\/index.php?rest_route=\/wp\/v2\/media\/61196"}],"wp:attachment":[{"href":"https:\/\/akunq.net\/tr\/index.php?rest_route=%2Fwp%2Fv2%2Fmedia&parent=61195"}],"wp:term":[{"taxonomy":"category","embeddable":true,"href":"https:\/\/akunq.net\/tr\/index.php?rest_route=%2Fwp%2Fv2%2Fcategories&post=61195"},{"taxonomy":"post_tag","embeddable":true,"href":"https:\/\/akunq.net\/tr\/index.php?rest_route=%2Fwp%2Fv2%2Ftags&post=61195"}],"curies":[{"name":"wp","href":"https:\/\/api.w.org\/{rel}","templated":true}]}}