{"id":61192,"date":"2021-01-27T03:26:00","date_gmt":"2021-01-27T08:26:00","guid":{"rendered":"https:\/\/akunq.net\/tr\/?p=61192"},"modified":"2021-01-27T03:26:00","modified_gmt":"2021-01-27T08:26:00","slug":"tarihi-yapi-saygi-bekliyor","status":"publish","type":"post","link":"https:\/\/akunq.net\/tr\/?p=61192","title":{"rendered":"Tarihi yap\u0131 sayg\u0131 bekliyor!"},"content":{"rendered":"<p><img loading=\"lazy\" decoding=\"async\" class=\"aligncenter size-medium wp-image-61193\" src=\"https:\/\/akunq.net\/tr\/wp-content\/uploads\/2021\/01\/Ermeni-Kilisesinin-eklentisi-olan-Vaftiz-Evi-360x270.jpg\" alt=\"\" width=\"360\" height=\"270\" srcset=\"https:\/\/akunq.net\/tr\/wp-content\/uploads\/sites\/6\/2021\/01\/Ermeni-Kilisesinin-eklentisi-olan-Vaftiz-Evi-360x270.jpg 360w, https:\/\/akunq.net\/tr\/wp-content\/uploads\/sites\/6\/2021\/01\/Ermeni-Kilisesinin-eklentisi-olan-Vaftiz-Evi-560x420.jpg 560w, https:\/\/akunq.net\/tr\/wp-content\/uploads\/sites\/6\/2021\/01\/Ermeni-Kilisesinin-eklentisi-olan-Vaftiz-Evi-260x195.jpg 260w, https:\/\/akunq.net\/tr\/wp-content\/uploads\/sites\/6\/2021\/01\/Ermeni-Kilisesinin-eklentisi-olan-Vaftiz-Evi-160x120.jpg 160w, https:\/\/akunq.net\/tr\/wp-content\/uploads\/sites\/6\/2021\/01\/Ermeni-Kilisesinin-eklentisi-olan-Vaftiz-Evi.jpg 700w\" sizes=\"auto, (max-width: 360px) 100vw, 360px\" \/><\/p>\n<p><strong><em><span class=\"haberozet\">\u00c7anakkale&#8217;nin tarihi ve simgesel yap\u0131lar\u0131ndan, Ermeni Kilisesi&#8217;nin eklentisi olan &#8220;Vaftiz Evi&#8221;nin y\u0131k\u0131lmas\u0131 tepkiyle kar\u015f\u0131land\u0131. \u0130lgili kurumlar\u0131n &#8216;kent belle\u011fi&#8217; haline gelen, tarihi-k\u00fclt\u00fcrel yap\u0131lar\u0131n korunmas\u0131 konusunda \u00e7al\u0131\u015fma yapmas\u0131 bekleniyor.<\/span><\/em><br \/>\n<\/strong><\/p>\n<p>\u00c7anakkale`de, Fevzipa\u015fa Mahallesi`nde bulunan, bug\u00fcnk\u00fc ismi Zafer Meydan\u0131 olan, alana eski ismi olan &#8220;Kilise Meydan\u0131&#8221; ismini veren Ermeni Kilisesi, bak\u0131ms\u0131zl\u0131\u011fa terk edildi. Kentin en eski yap\u0131lar\u0131ndan olan ve \u00c7anakkale Onsekiz Mart \u00dcniversitesi`nin kullan\u0131m\u0131nda olan Ermeni Kilisesi`nin eklentisi &#8220;Vaftiz Evi&#8221; y\u0131k\u0131ld\u0131. Eklentinin nas\u0131l y\u0131k\u0131ld\u0131\u011f\u0131 konusunda herhangi bir bilgiye ula\u015f\u0131lamazken, tarihi yap\u0131lar\u0131 korumakla ilgili kurumlar\u0131n, kent tarihine ge\u00e7mi\u015f, simgele\u015fmi\u015f eserlere daha fazla \u00f6zen g\u00f6stermesi bekleniyor. Konuyla ilgili \u00c7anakkale Belediyesi yetkililerinden al\u0131nan bilgiye g\u00f6re, yap\u0131n\u0131n zarar g\u00f6ren alanlar\u0131n\u0131n tespit edildi\u011fi, K\u00fclt\u00fcr Varl\u0131klar\u0131n\u0131 Koruma B\u00f6lge M\u00fcd\u00fcrl\u00fc\u011f\u00fc ile gerekli yaz\u0131\u015fmalar\u0131n yap\u0131ld\u0131\u011f\u0131 \u00f6\u011frenildi. \u015eimdi K\u00fclt\u00fcr Varl\u0131klar\u0131n\u0131 Koruma B\u00f6lge M\u00fcd\u00fcrl\u00fc\u011f\u00fc`n\u00fcn kentin simgele\u015fmi\u015f bu yap\u0131s\u0131na ilgi ve sayg\u0131 g\u00f6stermesi bekleniyor.<br \/>\n<em><strong>http:\/\/www.canakkaleolay.com\/Tarihi-yapi-saygi-bekliyor&#8211;52127\u00a0<\/strong><\/em><\/p>\n","protected":false},"excerpt":{"rendered":"<p>\u00c7anakkale&#8217;nin tarihi ve simgesel yap\u0131lar\u0131ndan, Ermeni Kilisesi&#8217;nin eklentisi olan &#8220;Vaftiz Evi&#8221;nin y\u0131k\u0131lmas\u0131 tepkiyle kar\u015f\u0131land\u0131. \u0130lgili kurumlar\u0131n &#8216;kent belle\u011fi&#8217; haline gelen, tarihi-k\u00fclt\u00fcrel yap\u0131lar\u0131n korunmas\u0131 konusunda \u00e7al\u0131\u015fma yapmas\u0131 bekleniyor. \u00c7anakkale`de, Fevzipa\u015fa Mahallesi`nde bulunan, bug\u00fcnk\u00fc ismi Zafer Meydan\u0131 olan, alana eski ismi olan &#8220;Kilise Meydan\u0131&#8221; ismini veren Ermeni Kilisesi, bak\u0131ms\u0131zl\u0131\u011fa terk edildi. Kentin en eski yap\u0131lar\u0131ndan olan ve [&hellip;]<\/p>\n","protected":false},"author":7,"featured_media":61193,"comment_status":"open","ping_status":"open","sticky":false,"template":"","format":"standard","meta":{"footnotes":""},"categories":[1],"tags":[],"class_list":["post-61192","post","type-post","status-publish","format-standard","has-post-thumbnail","hentry","category-haberler"],"yoast_head":"<!-- This site is optimized with the Yoast SEO plugin v27.4 - https:\/\/yoast.com\/product\/yoast-seo-wordpress\/ -->\n<title>Tarihi yap\u0131 sayg\u0131 bekliyor! - Bati Ermenistan Ve Bati Ermenileri Sorunlari Ara\u015ftirmalar Merkezi<\/title>\n<meta name=\"robots\" content=\"index, follow, max-snippet:-1, max-image-preview:large, max-video-preview:-1\" \/>\n<link rel=\"canonical\" href=\"https:\/\/akunq.net\/tr\/?p=61192\" \/>\n<meta property=\"og:locale\" content=\"en_US\" \/>\n<meta property=\"og:type\" content=\"article\" \/>\n<meta property=\"og:title\" content=\"Tarihi yap\u0131 sayg\u0131 bekliyor! - Bati Ermenistan Ve Bati Ermenileri Sorunlari Ara\u015ftirmalar Merkezi\" \/>\n<meta property=\"og:description\" content=\"\u00c7anakkale&#8217;nin tarihi ve simgesel yap\u0131lar\u0131ndan, Ermeni Kilisesi&#8217;nin eklentisi olan &#8220;Vaftiz Evi&#8221;nin y\u0131k\u0131lmas\u0131 tepkiyle kar\u015f\u0131land\u0131. \u0130lgili kurumlar\u0131n &#8216;kent belle\u011fi&#8217; haline gelen, tarihi-k\u00fclt\u00fcrel yap\u0131lar\u0131n korunmas\u0131 konusunda \u00e7al\u0131\u015fma yapmas\u0131 bekleniyor. \u00c7anakkale`de, Fevzipa\u015fa Mahallesi`nde bulunan, bug\u00fcnk\u00fc ismi Zafer Meydan\u0131 olan, alana eski ismi olan &#8220;Kilise Meydan\u0131&#8221; ismini veren Ermeni Kilisesi, bak\u0131ms\u0131zl\u0131\u011fa terk edildi. Kentin en eski yap\u0131lar\u0131ndan olan ve [&hellip;]\" \/>\n<meta property=\"og:url\" content=\"https:\/\/akunq.net\/tr\/?p=61192\" \/>\n<meta property=\"og:site_name\" content=\"Bati Ermenistan Ve Bati Ermenileri Sorunlari Ara\u015ftirmalar Merkezi\" \/>\n<meta property=\"article:published_time\" content=\"2021-01-27T08:26:00+00:00\" \/>\n<meta property=\"og:image\" content=\"https:\/\/akunq.net\/tr\/wp-content\/uploads\/sites\/6\/2021\/01\/Ermeni-Kilisesinin-eklentisi-olan-Vaftiz-Evi.jpg\" \/>\n\t<meta property=\"og:image:width\" content=\"700\" \/>\n\t<meta property=\"og:image:height\" content=\"525\" \/>\n\t<meta property=\"og:image:type\" content=\"image\/jpeg\" \/>\n<meta name=\"author\" content=\"admin\" \/>\n<meta name=\"twitter:card\" content=\"summary_large_image\" \/>\n<meta name=\"twitter:label1\" content=\"Written by\" \/>\n\t<meta name=\"twitter:data1\" content=\"admin\" \/>\n\t<meta name=\"twitter:label2\" content=\"Est. reading time\" \/>\n\t<meta name=\"twitter:data2\" content=\"1 minute\" \/>\n<script type=\"application\/ld+json\" class=\"yoast-schema-graph\">{\"@context\":\"https:\\\/\\\/schema.org\",\"@graph\":[{\"@type\":\"Article\",\"@id\":\"https:\\\/\\\/akunq.net\\\/tr\\\/?p=61192#article\",\"isPartOf\":{\"@id\":\"https:\\\/\\\/akunq.net\\\/tr\\\/?p=61192\"},\"author\":{\"name\":\"admin\",\"@id\":\"https:\\\/\\\/akunq.net\\\/tr\\\/#\\\/schema\\\/person\\\/096f1d38a12cce57fb855b485ed24c9e\"},\"headline\":\"Tarihi yap\u0131 sayg\u0131 bekliyor!\",\"datePublished\":\"2021-01-27T08:26:00+00:00\",\"mainEntityOfPage\":{\"@id\":\"https:\\\/\\\/akunq.net\\\/tr\\\/?p=61192\"},\"wordCount\":206,\"commentCount\":0,\"image\":{\"@id\":\"https:\\\/\\\/akunq.net\\\/tr\\\/?p=61192#primaryimage\"},\"thumbnailUrl\":\"https:\\\/\\\/akunq.net\\\/tr\\\/wp-content\\\/uploads\\\/sites\\\/6\\\/2021\\\/01\\\/Ermeni-Kilisesinin-eklentisi-olan-Vaftiz-Evi.jpg\",\"articleSection\":[\"Haberler\"],\"inLanguage\":\"en-US\",\"potentialAction\":[{\"@type\":\"CommentAction\",\"name\":\"Comment\",\"target\":[\"https:\\\/\\\/akunq.net\\\/tr\\\/?p=61192#respond\"]}]},{\"@type\":\"WebPage\",\"@id\":\"https:\\\/\\\/akunq.net\\\/tr\\\/?p=61192\",\"url\":\"https:\\\/\\\/akunq.net\\\/tr\\\/?p=61192\",\"name\":\"Tarihi yap\u0131 sayg\u0131 bekliyor! - Bati Ermenistan Ve Bati Ermenileri Sorunlari Ara\u015ftirmalar Merkezi\",\"isPartOf\":{\"@id\":\"https:\\\/\\\/akunq.net\\\/tr\\\/#website\"},\"primaryImageOfPage\":{\"@id\":\"https:\\\/\\\/akunq.net\\\/tr\\\/?p=61192#primaryimage\"},\"image\":{\"@id\":\"https:\\\/\\\/akunq.net\\\/tr\\\/?p=61192#primaryimage\"},\"thumbnailUrl\":\"https:\\\/\\\/akunq.net\\\/tr\\\/wp-content\\\/uploads\\\/sites\\\/6\\\/2021\\\/01\\\/Ermeni-Kilisesinin-eklentisi-olan-Vaftiz-Evi.jpg\",\"datePublished\":\"2021-01-27T08:26:00+00:00\",\"author\":{\"@id\":\"https:\\\/\\\/akunq.net\\\/tr\\\/#\\\/schema\\\/person\\\/096f1d38a12cce57fb855b485ed24c9e\"},\"breadcrumb\":{\"@id\":\"https:\\\/\\\/akunq.net\\\/tr\\\/?p=61192#breadcrumb\"},\"inLanguage\":\"en-US\",\"potentialAction\":[{\"@type\":\"ReadAction\",\"target\":[\"https:\\\/\\\/akunq.net\\\/tr\\\/?p=61192\"]}]},{\"@type\":\"ImageObject\",\"inLanguage\":\"en-US\",\"@id\":\"https:\\\/\\\/akunq.net\\\/tr\\\/?p=61192#primaryimage\",\"url\":\"https:\\\/\\\/akunq.net\\\/tr\\\/wp-content\\\/uploads\\\/sites\\\/6\\\/2021\\\/01\\\/Ermeni-Kilisesinin-eklentisi-olan-Vaftiz-Evi.jpg\",\"contentUrl\":\"https:\\\/\\\/akunq.net\\\/tr\\\/wp-content\\\/uploads\\\/sites\\\/6\\\/2021\\\/01\\\/Ermeni-Kilisesinin-eklentisi-olan-Vaftiz-Evi.jpg\",\"width\":700,\"height\":525},{\"@type\":\"BreadcrumbList\",\"@id\":\"https:\\\/\\\/akunq.net\\\/tr\\\/?p=61192#breadcrumb\",\"itemListElement\":[{\"@type\":\"ListItem\",\"position\":1,\"name\":\"Home\",\"item\":\"https:\\\/\\\/akunq.net\\\/tr\"},{\"@type\":\"ListItem\",\"position\":2,\"name\":\"Tarihi yap\u0131 sayg\u0131 bekliyor!\"}]},{\"@type\":\"WebSite\",\"@id\":\"https:\\\/\\\/akunq.net\\\/tr\\\/#website\",\"url\":\"https:\\\/\\\/akunq.net\\\/tr\\\/\",\"name\":\"Bati Ermenistan Ve Bati Ermenileri Sorunlari Ara\u015ftirmalar Merkezi\",\"description\":\"\",\"potentialAction\":[{\"@type\":\"SearchAction\",\"target\":{\"@type\":\"EntryPoint\",\"urlTemplate\":\"https:\\\/\\\/akunq.net\\\/tr\\\/?s={search_term_string}\"},\"query-input\":{\"@type\":\"PropertyValueSpecification\",\"valueRequired\":true,\"valueName\":\"search_term_string\"}}],\"inLanguage\":\"en-US\"},{\"@type\":\"Person\",\"@id\":\"https:\\\/\\\/akunq.net\\\/tr\\\/#\\\/schema\\\/person\\\/096f1d38a12cce57fb855b485ed24c9e\",\"name\":\"admin\",\"url\":\"https:\\\/\\\/akunq.net\\\/tr\\\/?author=7\"}]}<\/script>\n<!-- \/ Yoast SEO plugin. -->","yoast_head_json":{"title":"Tarihi yap\u0131 sayg\u0131 bekliyor! - Bati Ermenistan Ve Bati Ermenileri Sorunlari Ara\u015ftirmalar Merkezi","robots":{"index":"index","follow":"follow","max-snippet":"max-snippet:-1","max-image-preview":"max-image-preview:large","max-video-preview":"max-video-preview:-1"},"canonical":"https:\/\/akunq.net\/tr\/?p=61192","og_locale":"en_US","og_type":"article","og_title":"Tarihi yap\u0131 sayg\u0131 bekliyor! - Bati Ermenistan Ve Bati Ermenileri Sorunlari Ara\u015ftirmalar Merkezi","og_description":"\u00c7anakkale&#8217;nin tarihi ve simgesel yap\u0131lar\u0131ndan, Ermeni Kilisesi&#8217;nin eklentisi olan &#8220;Vaftiz Evi&#8221;nin y\u0131k\u0131lmas\u0131 tepkiyle kar\u015f\u0131land\u0131. \u0130lgili kurumlar\u0131n &#8216;kent belle\u011fi&#8217; haline gelen, tarihi-k\u00fclt\u00fcrel yap\u0131lar\u0131n korunmas\u0131 konusunda \u00e7al\u0131\u015fma yapmas\u0131 bekleniyor. \u00c7anakkale`de, Fevzipa\u015fa Mahallesi`nde bulunan, bug\u00fcnk\u00fc ismi Zafer Meydan\u0131 olan, alana eski ismi olan &#8220;Kilise Meydan\u0131&#8221; ismini veren Ermeni Kilisesi, bak\u0131ms\u0131zl\u0131\u011fa terk edildi. Kentin en eski yap\u0131lar\u0131ndan olan ve [&hellip;]","og_url":"https:\/\/akunq.net\/tr\/?p=61192","og_site_name":"Bati Ermenistan Ve Bati Ermenileri Sorunlari Ara\u015ftirmalar Merkezi","article_published_time":"2021-01-27T08:26:00+00:00","og_image":[{"width":700,"height":525,"url":"https:\/\/akunq.net\/tr\/wp-content\/uploads\/sites\/6\/2021\/01\/Ermeni-Kilisesinin-eklentisi-olan-Vaftiz-Evi.jpg","type":"image\/jpeg"}],"author":"admin","twitter_card":"summary_large_image","twitter_misc":{"Written by":"admin","Est. reading time":"1 minute"},"schema":{"@context":"https:\/\/schema.org","@graph":[{"@type":"Article","@id":"https:\/\/akunq.net\/tr\/?p=61192#article","isPartOf":{"@id":"https:\/\/akunq.net\/tr\/?p=61192"},"author":{"name":"admin","@id":"https:\/\/akunq.net\/tr\/#\/schema\/person\/096f1d38a12cce57fb855b485ed24c9e"},"headline":"Tarihi yap\u0131 sayg\u0131 bekliyor!","datePublished":"2021-01-27T08:26:00+00:00","mainEntityOfPage":{"@id":"https:\/\/akunq.net\/tr\/?p=61192"},"wordCount":206,"commentCount":0,"image":{"@id":"https:\/\/akunq.net\/tr\/?p=61192#primaryimage"},"thumbnailUrl":"https:\/\/akunq.net\/tr\/wp-content\/uploads\/sites\/6\/2021\/01\/Ermeni-Kilisesinin-eklentisi-olan-Vaftiz-Evi.jpg","articleSection":["Haberler"],"inLanguage":"en-US","potentialAction":[{"@type":"CommentAction","name":"Comment","target":["https:\/\/akunq.net\/tr\/?p=61192#respond"]}]},{"@type":"WebPage","@id":"https:\/\/akunq.net\/tr\/?p=61192","url":"https:\/\/akunq.net\/tr\/?p=61192","name":"Tarihi yap\u0131 sayg\u0131 bekliyor! - Bati Ermenistan Ve Bati Ermenileri Sorunlari Ara\u015ftirmalar Merkezi","isPartOf":{"@id":"https:\/\/akunq.net\/tr\/#website"},"primaryImageOfPage":{"@id":"https:\/\/akunq.net\/tr\/?p=61192#primaryimage"},"image":{"@id":"https:\/\/akunq.net\/tr\/?p=61192#primaryimage"},"thumbnailUrl":"https:\/\/akunq.net\/tr\/wp-content\/uploads\/sites\/6\/2021\/01\/Ermeni-Kilisesinin-eklentisi-olan-Vaftiz-Evi.jpg","datePublished":"2021-01-27T08:26:00+00:00","author":{"@id":"https:\/\/akunq.net\/tr\/#\/schema\/person\/096f1d38a12cce57fb855b485ed24c9e"},"breadcrumb":{"@id":"https:\/\/akunq.net\/tr\/?p=61192#breadcrumb"},"inLanguage":"en-US","potentialAction":[{"@type":"ReadAction","target":["https:\/\/akunq.net\/tr\/?p=61192"]}]},{"@type":"ImageObject","inLanguage":"en-US","@id":"https:\/\/akunq.net\/tr\/?p=61192#primaryimage","url":"https:\/\/akunq.net\/tr\/wp-content\/uploads\/sites\/6\/2021\/01\/Ermeni-Kilisesinin-eklentisi-olan-Vaftiz-Evi.jpg","contentUrl":"https:\/\/akunq.net\/tr\/wp-content\/uploads\/sites\/6\/2021\/01\/Ermeni-Kilisesinin-eklentisi-olan-Vaftiz-Evi.jpg","width":700,"height":525},{"@type":"BreadcrumbList","@id":"https:\/\/akunq.net\/tr\/?p=61192#breadcrumb","itemListElement":[{"@type":"ListItem","position":1,"name":"Home","item":"https:\/\/akunq.net\/tr"},{"@type":"ListItem","position":2,"name":"Tarihi yap\u0131 sayg\u0131 bekliyor!"}]},{"@type":"WebSite","@id":"https:\/\/akunq.net\/tr\/#website","url":"https:\/\/akunq.net\/tr\/","name":"Bati Ermenistan Ve Bati Ermenileri Sorunlari Ara\u015ftirmalar Merkezi","description":"","potentialAction":[{"@type":"SearchAction","target":{"@type":"EntryPoint","urlTemplate":"https:\/\/akunq.net\/tr\/?s={search_term_string}"},"query-input":{"@type":"PropertyValueSpecification","valueRequired":true,"valueName":"search_term_string"}}],"inLanguage":"en-US"},{"@type":"Person","@id":"https:\/\/akunq.net\/tr\/#\/schema\/person\/096f1d38a12cce57fb855b485ed24c9e","name":"admin","url":"https:\/\/akunq.net\/tr\/?author=7"}]}},"_links":{"self":[{"href":"https:\/\/akunq.net\/tr\/index.php?rest_route=\/wp\/v2\/posts\/61192","targetHints":{"allow":["GET"]}}],"collection":[{"href":"https:\/\/akunq.net\/tr\/index.php?rest_route=\/wp\/v2\/posts"}],"about":[{"href":"https:\/\/akunq.net\/tr\/index.php?rest_route=\/wp\/v2\/types\/post"}],"author":[{"embeddable":true,"href":"https:\/\/akunq.net\/tr\/index.php?rest_route=\/wp\/v2\/users\/7"}],"replies":[{"embeddable":true,"href":"https:\/\/akunq.net\/tr\/index.php?rest_route=%2Fwp%2Fv2%2Fcomments&post=61192"}],"version-history":[{"count":1,"href":"https:\/\/akunq.net\/tr\/index.php?rest_route=\/wp\/v2\/posts\/61192\/revisions"}],"predecessor-version":[{"id":61194,"href":"https:\/\/akunq.net\/tr\/index.php?rest_route=\/wp\/v2\/posts\/61192\/revisions\/61194"}],"wp:featuredmedia":[{"embeddable":true,"href":"https:\/\/akunq.net\/tr\/index.php?rest_route=\/wp\/v2\/media\/61193"}],"wp:attachment":[{"href":"https:\/\/akunq.net\/tr\/index.php?rest_route=%2Fwp%2Fv2%2Fmedia&parent=61192"}],"wp:term":[{"taxonomy":"category","embeddable":true,"href":"https:\/\/akunq.net\/tr\/index.php?rest_route=%2Fwp%2Fv2%2Fcategories&post=61192"},{"taxonomy":"post_tag","embeddable":true,"href":"https:\/\/akunq.net\/tr\/index.php?rest_route=%2Fwp%2Fv2%2Ftags&post=61192"}],"curies":[{"name":"wp","href":"https:\/\/api.w.org\/{rel}","templated":true}]}}