{"id":61173,"date":"2021-01-27T01:47:00","date_gmt":"2021-01-27T06:47:00","guid":{"rendered":"https:\/\/akunq.net\/tr\/?p=61173"},"modified":"2021-01-27T01:47:00","modified_gmt":"2021-01-27T06:47:00","slug":"ermenistanin-fransa-buykelciliginden-marsilyadaki-kultur-merkezine-yonelik-saldiri-ile-ilgili-aciklama","status":"publish","type":"post","link":"https:\/\/akunq.net\/tr\/?p=61173","title":{"rendered":"Ermenistan\u2019\u0131n Fransa B\u00fcykel\u00e7ili\u011fi\u2019nden Marsilya\u2019daki K\u00fclt\u00fcr merkezine y\u00f6nelik sald\u0131r\u0131 ile ilgili a\u00e7\u0131klama"},"content":{"rendered":"<p><img loading=\"lazy\" decoding=\"async\" class=\"aligncenter size-medium wp-image-61174\" src=\"https:\/\/akunq.net\/tr\/wp-content\/uploads\/2021\/01\/Marsilyadaki-St.-Sahak-St.-Mesrop-Ermeni-k\u00fclt\u00fcr-merkezi-360x202.jpg\" alt=\"\" width=\"360\" height=\"202\" srcset=\"https:\/\/akunq.net\/tr\/wp-content\/uploads\/sites\/6\/2021\/01\/Marsilyadaki-St.-Sahak-St.-Mesrop-Ermeni-k\u00fclt\u00fcr-merkezi-360x202.jpg 360w, https:\/\/akunq.net\/tr\/wp-content\/uploads\/sites\/6\/2021\/01\/Marsilyadaki-St.-Sahak-St.-Mesrop-Ermeni-k\u00fclt\u00fcr-merkezi-768x431.jpg 768w, https:\/\/akunq.net\/tr\/wp-content\/uploads\/sites\/6\/2021\/01\/Marsilyadaki-St.-Sahak-St.-Mesrop-Ermeni-k\u00fclt\u00fcr-merkezi-560x314.jpg 560w, https:\/\/akunq.net\/tr\/wp-content\/uploads\/sites\/6\/2021\/01\/Marsilyadaki-St.-Sahak-St.-Mesrop-Ermeni-k\u00fclt\u00fcr-merkezi-260x146.jpg 260w, https:\/\/akunq.net\/tr\/wp-content\/uploads\/sites\/6\/2021\/01\/Marsilyadaki-St.-Sahak-St.-Mesrop-Ermeni-k\u00fclt\u00fcr-merkezi-160x90.jpg 160w, https:\/\/akunq.net\/tr\/wp-content\/uploads\/sites\/6\/2021\/01\/Marsilyadaki-St.-Sahak-St.-Mesrop-Ermeni-k\u00fclt\u00fcr-merkezi.jpg 790w\" sizes=\"auto, (max-width: 360px) 100vw, 360px\" \/><\/p>\n<p style=\"font-weight: 400;\"><em><strong>Fransa&#8217;daki Ermeni B\u00fcy\u00fckel\u00e7ili\u011fi, Marsilya&#8217;daki &#8220;St. Sahak-St. Mesrop&#8221; Ermeni k\u00fclt\u00fcr merkezine d\u00fczenlenen sald\u0131r\u0131yla ilgili yapt\u0131\u011f\u0131 a\u00e7\u0131klamada olaydan duydu\u011fu endi\u015feyi dile getirdi.<\/strong><\/em><\/p>\n<p style=\"font-weight: 400;\">A\u00e7\u0131klamada \u201cMarsilya&#8217;daki Ermeni Kilisesi&#8217;nin k\u00fclt\u00fcr merkezine yap\u0131lan sald\u0131r\u0131 b\u00fcy\u00fck endi\u015fe yarat\u0131yor. Son \u00f6rne\u011fi Ermeni K\u00fclt\u00fcr merkezine d\u00fczenlenen sald\u0131r\u0131n\u0131n oldu\u011fu gibi Fransa&#8217;daki Ermeniler ve Ermeni k\u00fclt\u00fcr miras\u0131na y\u00f6nelik etnik k\u00f6kene dayal\u0131 her t\u00fcrl\u00fc T\u00fcrk-Azeri nefret eyleminin \u00f6n\u00fcn\u00fc almas\u0131 gerekti\u011fini bir daha da dile getiriyoruz&#8221; ifadelerine yer verildi.<\/p>\n<p>24 Ocak saat 18:40&#8217;da kimli\u011fi belirsiz ki\u015filer taraf\u0131ndan merkezin camlar\u0131na ate\u015f a\u00e7\u0131ld\u0131.<\/p>\n<p>Bundan \u00f6nce de Berlin, San Francisco, Paris ve Dessin\u2019de d\u00fczenlenlenen sald\u0131r\u0131larda Gomidas Vartabed\u2019in heykeli ve Ermeni Soyk\u0131r\u0131m\u0131 an\u0131tlar\u0131 zarar g\u00f6rm\u00fc\u015ft\u00fc. S\u00f6z konusu olaylar\u0131n i\u00e7inde T\u00fcrk a\u015f\u0131r\u0131 milliyet\u00e7i \u00f6rg\u00fct\u00fc &#8220;Bozkurtlar&#8221;\u0131n oldu\u011funu biliniyor. Org\u00fct\u00fcn faaliyetleri Fransada yasak oldu\u011funu da belirtelim.<\/p>\n<p><em><strong>https:\/\/www.ermenihaber.am\/tr\/news\/2021\/01\/26\/Ermenistan%E2%80%99%C4%B1n-Fransa-Marsilya\/201230\u00a0<\/strong><\/em><\/p>\n","protected":false},"excerpt":{"rendered":"<p>Fransa&#8217;daki Ermeni B\u00fcy\u00fckel\u00e7ili\u011fi, Marsilya&#8217;daki &#8220;St. Sahak-St. Mesrop&#8221; Ermeni k\u00fclt\u00fcr merkezine d\u00fczenlenen sald\u0131r\u0131yla ilgili yapt\u0131\u011f\u0131 a\u00e7\u0131klamada olaydan duydu\u011fu endi\u015feyi dile getirdi. A\u00e7\u0131klamada \u201cMarsilya&#8217;daki Ermeni Kilisesi&#8217;nin k\u00fclt\u00fcr merkezine yap\u0131lan sald\u0131r\u0131 b\u00fcy\u00fck endi\u015fe yarat\u0131yor. Son \u00f6rne\u011fi Ermeni K\u00fclt\u00fcr merkezine d\u00fczenlenen sald\u0131r\u0131n\u0131n oldu\u011fu gibi Fransa&#8217;daki Ermeniler ve Ermeni k\u00fclt\u00fcr miras\u0131na y\u00f6nelik etnik k\u00f6kene dayal\u0131 her t\u00fcrl\u00fc T\u00fcrk-Azeri nefret eyleminin [&hellip;]<\/p>\n","protected":false},"author":7,"featured_media":61174,"comment_status":"open","ping_status":"open","sticky":false,"template":"","format":"standard","meta":{"footnotes":""},"categories":[1],"tags":[],"class_list":["post-61173","post","type-post","status-publish","format-standard","has-post-thumbnail","hentry","category-haberler"],"yoast_head":"<!-- This site is optimized with the Yoast SEO plugin v27.4 - https:\/\/yoast.com\/product\/yoast-seo-wordpress\/ -->\n<title>Ermenistan\u2019\u0131n Fransa B\u00fcykel\u00e7ili\u011fi\u2019nden Marsilya\u2019daki K\u00fclt\u00fcr merkezine y\u00f6nelik sald\u0131r\u0131 ile ilgili a\u00e7\u0131klama - Bati Ermenistan Ve Bati Ermenileri Sorunlari Ara\u015ftirmalar Merkezi<\/title>\n<meta name=\"robots\" content=\"index, follow, max-snippet:-1, max-image-preview:large, max-video-preview:-1\" \/>\n<link rel=\"canonical\" href=\"https:\/\/akunq.net\/tr\/?p=61173\" \/>\n<meta property=\"og:locale\" content=\"en_US\" \/>\n<meta property=\"og:type\" content=\"article\" \/>\n<meta property=\"og:title\" content=\"Ermenistan\u2019\u0131n Fransa B\u00fcykel\u00e7ili\u011fi\u2019nden Marsilya\u2019daki K\u00fclt\u00fcr merkezine y\u00f6nelik sald\u0131r\u0131 ile ilgili a\u00e7\u0131klama - Bati Ermenistan Ve Bati Ermenileri Sorunlari Ara\u015ftirmalar Merkezi\" \/>\n<meta property=\"og:description\" content=\"Fransa&#8217;daki Ermeni B\u00fcy\u00fckel\u00e7ili\u011fi, Marsilya&#8217;daki &#8220;St. Sahak-St. Mesrop&#8221; Ermeni k\u00fclt\u00fcr merkezine d\u00fczenlenen sald\u0131r\u0131yla ilgili yapt\u0131\u011f\u0131 a\u00e7\u0131klamada olaydan duydu\u011fu endi\u015feyi dile getirdi. A\u00e7\u0131klamada \u201cMarsilya&#8217;daki Ermeni Kilisesi&#8217;nin k\u00fclt\u00fcr merkezine yap\u0131lan sald\u0131r\u0131 b\u00fcy\u00fck endi\u015fe yarat\u0131yor. Son \u00f6rne\u011fi Ermeni K\u00fclt\u00fcr merkezine d\u00fczenlenen sald\u0131r\u0131n\u0131n oldu\u011fu gibi Fransa&#8217;daki Ermeniler ve Ermeni k\u00fclt\u00fcr miras\u0131na y\u00f6nelik etnik k\u00f6kene dayal\u0131 her t\u00fcrl\u00fc T\u00fcrk-Azeri nefret eyleminin [&hellip;]\" \/>\n<meta property=\"og:url\" content=\"https:\/\/akunq.net\/tr\/?p=61173\" \/>\n<meta property=\"og:site_name\" content=\"Bati Ermenistan Ve Bati Ermenileri Sorunlari Ara\u015ftirmalar Merkezi\" \/>\n<meta property=\"article:published_time\" content=\"2021-01-27T06:47:00+00:00\" \/>\n<meta property=\"og:image\" content=\"https:\/\/akunq.net\/tr\/wp-content\/uploads\/sites\/6\/2021\/01\/Marsilyadaki-St.-Sahak-St.-Mesrop-Ermeni-k\u00fclt\u00fcr-merkezi.jpg\" \/>\n\t<meta property=\"og:image:width\" content=\"790\" \/>\n\t<meta property=\"og:image:height\" content=\"443\" \/>\n\t<meta property=\"og:image:type\" content=\"image\/jpeg\" \/>\n<meta name=\"author\" content=\"admin\" \/>\n<meta name=\"twitter:card\" content=\"summary_large_image\" \/>\n<meta name=\"twitter:label1\" content=\"Written by\" \/>\n\t<meta name=\"twitter:data1\" content=\"admin\" \/>\n\t<meta name=\"twitter:label2\" content=\"Est. reading time\" \/>\n\t<meta name=\"twitter:data2\" content=\"1 minute\" \/>\n<script type=\"application\/ld+json\" class=\"yoast-schema-graph\">{\"@context\":\"https:\\\/\\\/schema.org\",\"@graph\":[{\"@type\":\"Article\",\"@id\":\"https:\\\/\\\/akunq.net\\\/tr\\\/?p=61173#article\",\"isPartOf\":{\"@id\":\"https:\\\/\\\/akunq.net\\\/tr\\\/?p=61173\"},\"author\":{\"name\":\"admin\",\"@id\":\"https:\\\/\\\/akunq.net\\\/tr\\\/#\\\/schema\\\/person\\\/096f1d38a12cce57fb855b485ed24c9e\"},\"headline\":\"Ermenistan\u2019\u0131n Fransa B\u00fcykel\u00e7ili\u011fi\u2019nden Marsilya\u2019daki K\u00fclt\u00fcr merkezine y\u00f6nelik sald\u0131r\u0131 ile ilgili a\u00e7\u0131klama\",\"datePublished\":\"2021-01-27T06:47:00+00:00\",\"mainEntityOfPage\":{\"@id\":\"https:\\\/\\\/akunq.net\\\/tr\\\/?p=61173\"},\"wordCount\":213,\"commentCount\":0,\"image\":{\"@id\":\"https:\\\/\\\/akunq.net\\\/tr\\\/?p=61173#primaryimage\"},\"thumbnailUrl\":\"https:\\\/\\\/akunq.net\\\/tr\\\/wp-content\\\/uploads\\\/sites\\\/6\\\/2021\\\/01\\\/Marsilyadaki-St.-Sahak-St.-Mesrop-Ermeni-k\u00fclt\u00fcr-merkezi.jpg\",\"articleSection\":[\"Haberler\"],\"inLanguage\":\"en-US\",\"potentialAction\":[{\"@type\":\"CommentAction\",\"name\":\"Comment\",\"target\":[\"https:\\\/\\\/akunq.net\\\/tr\\\/?p=61173#respond\"]}]},{\"@type\":\"WebPage\",\"@id\":\"https:\\\/\\\/akunq.net\\\/tr\\\/?p=61173\",\"url\":\"https:\\\/\\\/akunq.net\\\/tr\\\/?p=61173\",\"name\":\"Ermenistan\u2019\u0131n Fransa B\u00fcykel\u00e7ili\u011fi\u2019nden Marsilya\u2019daki K\u00fclt\u00fcr merkezine y\u00f6nelik sald\u0131r\u0131 ile ilgili a\u00e7\u0131klama - Bati Ermenistan Ve Bati Ermenileri Sorunlari Ara\u015ftirmalar Merkezi\",\"isPartOf\":{\"@id\":\"https:\\\/\\\/akunq.net\\\/tr\\\/#website\"},\"primaryImageOfPage\":{\"@id\":\"https:\\\/\\\/akunq.net\\\/tr\\\/?p=61173#primaryimage\"},\"image\":{\"@id\":\"https:\\\/\\\/akunq.net\\\/tr\\\/?p=61173#primaryimage\"},\"thumbnailUrl\":\"https:\\\/\\\/akunq.net\\\/tr\\\/wp-content\\\/uploads\\\/sites\\\/6\\\/2021\\\/01\\\/Marsilyadaki-St.-Sahak-St.-Mesrop-Ermeni-k\u00fclt\u00fcr-merkezi.jpg\",\"datePublished\":\"2021-01-27T06:47:00+00:00\",\"author\":{\"@id\":\"https:\\\/\\\/akunq.net\\\/tr\\\/#\\\/schema\\\/person\\\/096f1d38a12cce57fb855b485ed24c9e\"},\"breadcrumb\":{\"@id\":\"https:\\\/\\\/akunq.net\\\/tr\\\/?p=61173#breadcrumb\"},\"inLanguage\":\"en-US\",\"potentialAction\":[{\"@type\":\"ReadAction\",\"target\":[\"https:\\\/\\\/akunq.net\\\/tr\\\/?p=61173\"]}]},{\"@type\":\"ImageObject\",\"inLanguage\":\"en-US\",\"@id\":\"https:\\\/\\\/akunq.net\\\/tr\\\/?p=61173#primaryimage\",\"url\":\"https:\\\/\\\/akunq.net\\\/tr\\\/wp-content\\\/uploads\\\/sites\\\/6\\\/2021\\\/01\\\/Marsilyadaki-St.-Sahak-St.-Mesrop-Ermeni-k\u00fclt\u00fcr-merkezi.jpg\",\"contentUrl\":\"https:\\\/\\\/akunq.net\\\/tr\\\/wp-content\\\/uploads\\\/sites\\\/6\\\/2021\\\/01\\\/Marsilyadaki-St.-Sahak-St.-Mesrop-Ermeni-k\u00fclt\u00fcr-merkezi.jpg\",\"width\":790,\"height\":443},{\"@type\":\"BreadcrumbList\",\"@id\":\"https:\\\/\\\/akunq.net\\\/tr\\\/?p=61173#breadcrumb\",\"itemListElement\":[{\"@type\":\"ListItem\",\"position\":1,\"name\":\"Home\",\"item\":\"https:\\\/\\\/akunq.net\\\/tr\"},{\"@type\":\"ListItem\",\"position\":2,\"name\":\"Ermenistan\u2019\u0131n Fransa B\u00fcykel\u00e7ili\u011fi\u2019nden Marsilya\u2019daki K\u00fclt\u00fcr merkezine y\u00f6nelik sald\u0131r\u0131 ile ilgili a\u00e7\u0131klama\"}]},{\"@type\":\"WebSite\",\"@id\":\"https:\\\/\\\/akunq.net\\\/tr\\\/#website\",\"url\":\"https:\\\/\\\/akunq.net\\\/tr\\\/\",\"name\":\"Bati Ermenistan Ve Bati Ermenileri Sorunlari Ara\u015ftirmalar Merkezi\",\"description\":\"\",\"potentialAction\":[{\"@type\":\"SearchAction\",\"target\":{\"@type\":\"EntryPoint\",\"urlTemplate\":\"https:\\\/\\\/akunq.net\\\/tr\\\/?s={search_term_string}\"},\"query-input\":{\"@type\":\"PropertyValueSpecification\",\"valueRequired\":true,\"valueName\":\"search_term_string\"}}],\"inLanguage\":\"en-US\"},{\"@type\":\"Person\",\"@id\":\"https:\\\/\\\/akunq.net\\\/tr\\\/#\\\/schema\\\/person\\\/096f1d38a12cce57fb855b485ed24c9e\",\"name\":\"admin\",\"url\":\"https:\\\/\\\/akunq.net\\\/tr\\\/?author=7\"}]}<\/script>\n<!-- \/ Yoast SEO plugin. -->","yoast_head_json":{"title":"Ermenistan\u2019\u0131n Fransa B\u00fcykel\u00e7ili\u011fi\u2019nden Marsilya\u2019daki K\u00fclt\u00fcr merkezine y\u00f6nelik sald\u0131r\u0131 ile ilgili a\u00e7\u0131klama - Bati Ermenistan Ve Bati Ermenileri Sorunlari Ara\u015ftirmalar Merkezi","robots":{"index":"index","follow":"follow","max-snippet":"max-snippet:-1","max-image-preview":"max-image-preview:large","max-video-preview":"max-video-preview:-1"},"canonical":"https:\/\/akunq.net\/tr\/?p=61173","og_locale":"en_US","og_type":"article","og_title":"Ermenistan\u2019\u0131n Fransa B\u00fcykel\u00e7ili\u011fi\u2019nden Marsilya\u2019daki K\u00fclt\u00fcr merkezine y\u00f6nelik sald\u0131r\u0131 ile ilgili a\u00e7\u0131klama - Bati Ermenistan Ve Bati Ermenileri Sorunlari Ara\u015ftirmalar Merkezi","og_description":"Fransa&#8217;daki Ermeni B\u00fcy\u00fckel\u00e7ili\u011fi, Marsilya&#8217;daki &#8220;St. Sahak-St. Mesrop&#8221; Ermeni k\u00fclt\u00fcr merkezine d\u00fczenlenen sald\u0131r\u0131yla ilgili yapt\u0131\u011f\u0131 a\u00e7\u0131klamada olaydan duydu\u011fu endi\u015feyi dile getirdi. A\u00e7\u0131klamada \u201cMarsilya&#8217;daki Ermeni Kilisesi&#8217;nin k\u00fclt\u00fcr merkezine yap\u0131lan sald\u0131r\u0131 b\u00fcy\u00fck endi\u015fe yarat\u0131yor. Son \u00f6rne\u011fi Ermeni K\u00fclt\u00fcr merkezine d\u00fczenlenen sald\u0131r\u0131n\u0131n oldu\u011fu gibi Fransa&#8217;daki Ermeniler ve Ermeni k\u00fclt\u00fcr miras\u0131na y\u00f6nelik etnik k\u00f6kene dayal\u0131 her t\u00fcrl\u00fc T\u00fcrk-Azeri nefret eyleminin [&hellip;]","og_url":"https:\/\/akunq.net\/tr\/?p=61173","og_site_name":"Bati Ermenistan Ve Bati Ermenileri Sorunlari Ara\u015ftirmalar Merkezi","article_published_time":"2021-01-27T06:47:00+00:00","og_image":[{"width":790,"height":443,"url":"https:\/\/akunq.net\/tr\/wp-content\/uploads\/sites\/6\/2021\/01\/Marsilyadaki-St.-Sahak-St.-Mesrop-Ermeni-k\u00fclt\u00fcr-merkezi.jpg","type":"image\/jpeg"}],"author":"admin","twitter_card":"summary_large_image","twitter_misc":{"Written by":"admin","Est. reading time":"1 minute"},"schema":{"@context":"https:\/\/schema.org","@graph":[{"@type":"Article","@id":"https:\/\/akunq.net\/tr\/?p=61173#article","isPartOf":{"@id":"https:\/\/akunq.net\/tr\/?p=61173"},"author":{"name":"admin","@id":"https:\/\/akunq.net\/tr\/#\/schema\/person\/096f1d38a12cce57fb855b485ed24c9e"},"headline":"Ermenistan\u2019\u0131n Fransa B\u00fcykel\u00e7ili\u011fi\u2019nden Marsilya\u2019daki K\u00fclt\u00fcr merkezine y\u00f6nelik sald\u0131r\u0131 ile ilgili a\u00e7\u0131klama","datePublished":"2021-01-27T06:47:00+00:00","mainEntityOfPage":{"@id":"https:\/\/akunq.net\/tr\/?p=61173"},"wordCount":213,"commentCount":0,"image":{"@id":"https:\/\/akunq.net\/tr\/?p=61173#primaryimage"},"thumbnailUrl":"https:\/\/akunq.net\/tr\/wp-content\/uploads\/sites\/6\/2021\/01\/Marsilyadaki-St.-Sahak-St.-Mesrop-Ermeni-k\u00fclt\u00fcr-merkezi.jpg","articleSection":["Haberler"],"inLanguage":"en-US","potentialAction":[{"@type":"CommentAction","name":"Comment","target":["https:\/\/akunq.net\/tr\/?p=61173#respond"]}]},{"@type":"WebPage","@id":"https:\/\/akunq.net\/tr\/?p=61173","url":"https:\/\/akunq.net\/tr\/?p=61173","name":"Ermenistan\u2019\u0131n Fransa B\u00fcykel\u00e7ili\u011fi\u2019nden Marsilya\u2019daki K\u00fclt\u00fcr merkezine y\u00f6nelik sald\u0131r\u0131 ile ilgili a\u00e7\u0131klama - Bati Ermenistan Ve Bati Ermenileri Sorunlari Ara\u015ftirmalar Merkezi","isPartOf":{"@id":"https:\/\/akunq.net\/tr\/#website"},"primaryImageOfPage":{"@id":"https:\/\/akunq.net\/tr\/?p=61173#primaryimage"},"image":{"@id":"https:\/\/akunq.net\/tr\/?p=61173#primaryimage"},"thumbnailUrl":"https:\/\/akunq.net\/tr\/wp-content\/uploads\/sites\/6\/2021\/01\/Marsilyadaki-St.-Sahak-St.-Mesrop-Ermeni-k\u00fclt\u00fcr-merkezi.jpg","datePublished":"2021-01-27T06:47:00+00:00","author":{"@id":"https:\/\/akunq.net\/tr\/#\/schema\/person\/096f1d38a12cce57fb855b485ed24c9e"},"breadcrumb":{"@id":"https:\/\/akunq.net\/tr\/?p=61173#breadcrumb"},"inLanguage":"en-US","potentialAction":[{"@type":"ReadAction","target":["https:\/\/akunq.net\/tr\/?p=61173"]}]},{"@type":"ImageObject","inLanguage":"en-US","@id":"https:\/\/akunq.net\/tr\/?p=61173#primaryimage","url":"https:\/\/akunq.net\/tr\/wp-content\/uploads\/sites\/6\/2021\/01\/Marsilyadaki-St.-Sahak-St.-Mesrop-Ermeni-k\u00fclt\u00fcr-merkezi.jpg","contentUrl":"https:\/\/akunq.net\/tr\/wp-content\/uploads\/sites\/6\/2021\/01\/Marsilyadaki-St.-Sahak-St.-Mesrop-Ermeni-k\u00fclt\u00fcr-merkezi.jpg","width":790,"height":443},{"@type":"BreadcrumbList","@id":"https:\/\/akunq.net\/tr\/?p=61173#breadcrumb","itemListElement":[{"@type":"ListItem","position":1,"name":"Home","item":"https:\/\/akunq.net\/tr"},{"@type":"ListItem","position":2,"name":"Ermenistan\u2019\u0131n Fransa B\u00fcykel\u00e7ili\u011fi\u2019nden Marsilya\u2019daki K\u00fclt\u00fcr merkezine y\u00f6nelik sald\u0131r\u0131 ile ilgili a\u00e7\u0131klama"}]},{"@type":"WebSite","@id":"https:\/\/akunq.net\/tr\/#website","url":"https:\/\/akunq.net\/tr\/","name":"Bati Ermenistan Ve Bati Ermenileri Sorunlari Ara\u015ftirmalar Merkezi","description":"","potentialAction":[{"@type":"SearchAction","target":{"@type":"EntryPoint","urlTemplate":"https:\/\/akunq.net\/tr\/?s={search_term_string}"},"query-input":{"@type":"PropertyValueSpecification","valueRequired":true,"valueName":"search_term_string"}}],"inLanguage":"en-US"},{"@type":"Person","@id":"https:\/\/akunq.net\/tr\/#\/schema\/person\/096f1d38a12cce57fb855b485ed24c9e","name":"admin","url":"https:\/\/akunq.net\/tr\/?author=7"}]}},"_links":{"self":[{"href":"https:\/\/akunq.net\/tr\/index.php?rest_route=\/wp\/v2\/posts\/61173","targetHints":{"allow":["GET"]}}],"collection":[{"href":"https:\/\/akunq.net\/tr\/index.php?rest_route=\/wp\/v2\/posts"}],"about":[{"href":"https:\/\/akunq.net\/tr\/index.php?rest_route=\/wp\/v2\/types\/post"}],"author":[{"embeddable":true,"href":"https:\/\/akunq.net\/tr\/index.php?rest_route=\/wp\/v2\/users\/7"}],"replies":[{"embeddable":true,"href":"https:\/\/akunq.net\/tr\/index.php?rest_route=%2Fwp%2Fv2%2Fcomments&post=61173"}],"version-history":[{"count":1,"href":"https:\/\/akunq.net\/tr\/index.php?rest_route=\/wp\/v2\/posts\/61173\/revisions"}],"predecessor-version":[{"id":61175,"href":"https:\/\/akunq.net\/tr\/index.php?rest_route=\/wp\/v2\/posts\/61173\/revisions\/61175"}],"wp:featuredmedia":[{"embeddable":true,"href":"https:\/\/akunq.net\/tr\/index.php?rest_route=\/wp\/v2\/media\/61174"}],"wp:attachment":[{"href":"https:\/\/akunq.net\/tr\/index.php?rest_route=%2Fwp%2Fv2%2Fmedia&parent=61173"}],"wp:term":[{"taxonomy":"category","embeddable":true,"href":"https:\/\/akunq.net\/tr\/index.php?rest_route=%2Fwp%2Fv2%2Fcategories&post=61173"},{"taxonomy":"post_tag","embeddable":true,"href":"https:\/\/akunq.net\/tr\/index.php?rest_route=%2Fwp%2Fv2%2Ftags&post=61173"}],"curies":[{"name":"wp","href":"https:\/\/api.w.org\/{rel}","templated":true}]}}