{"id":61170,"date":"2021-01-27T01:39:12","date_gmt":"2021-01-27T06:39:12","guid":{"rendered":"https:\/\/akunq.net\/tr\/?p=61170"},"modified":"2021-01-27T01:39:12","modified_gmt":"2021-01-27T06:39:12","slug":"ikinci-ayasofya-mabedi-doguyor","status":"publish","type":"post","link":"https:\/\/akunq.net\/tr\/?p=61170","title":{"rendered":"\u0130kinci Ayasofya mabedi do\u011fuyor"},"content":{"rendered":"<p><img loading=\"lazy\" decoding=\"async\" class=\"aligncenter size-medium wp-image-61171\" src=\"https:\/\/akunq.net\/tr\/wp-content\/uploads\/2021\/01\/\u0130kinci-Ayasofya-360x240.jpg\" alt=\"\" width=\"360\" height=\"240\" srcset=\"https:\/\/akunq.net\/tr\/wp-content\/uploads\/sites\/6\/2021\/01\/\u0130kinci-Ayasofya-360x240.jpg 360w, https:\/\/akunq.net\/tr\/wp-content\/uploads\/sites\/6\/2021\/01\/\u0130kinci-Ayasofya-560x373.jpg 560w, https:\/\/akunq.net\/tr\/wp-content\/uploads\/sites\/6\/2021\/01\/\u0130kinci-Ayasofya-260x173.jpg 260w, https:\/\/akunq.net\/tr\/wp-content\/uploads\/sites\/6\/2021\/01\/\u0130kinci-Ayasofya-160x107.jpg 160w, https:\/\/akunq.net\/tr\/wp-content\/uploads\/sites\/6\/2021\/01\/\u0130kinci-Ayasofya.jpg 760w\" sizes=\"auto, (max-width: 360px) 100vw, 360px\" \/><\/p>\n<p><em><strong>T\u00fcrkiye\u2019de S\u00fcnnilik d\u0131\u015f\u0131ndaki inan\u00e7lar\u0131n mabetleri, ibadethaneleri cezaevi, cami, m\u00fcze yap\u0131l\u0131yor ya da Mardin ve Bursa\u2019da oldu\u011fu gibi birileri taraf\u0131ndan ilanla sat\u0131l\u0131\u011fa \u00e7\u0131kar\u0131l\u0131rken; Ayasofya, Sukeylebiye\u2019de ya\u015fat\u0131lacak.\u00a0<\/strong><\/em><\/p>\n<p>Y\u0131llard\u0131r \u2018inan\u00e7 ve ibadet hakk\u0131\u2019 ad\u0131 alt\u0131na Mescid-i Aksa propaganas\u0131 yap\u0131p oy dev\u015firmeye \u00e7al\u0131\u015fanlar s\u00f6z konusu T\u00fcrkiye\u2019deki farkl\u0131 inan\u00e7lar olunca ibadethanelerini camiye, m\u00fczeye, cezaevine \u00e7evirmekte ve Alevilerin ibadethanelerini kabul etmemekte beis g\u00f6rm\u00fcyor. En son Anadolu ve Mezopotamya halklar\u0131n\u0131n binlerce y\u0131ll\u0131k tarihinden s\u00fcz\u00fcl\u00fcp miras olarak gelen Ortodoks d\u00fcnyas\u0131n\u0131n Ayasofya Katedrali-m\u00fczesi (Hagia Sophia ba\u015f kilisesi) da 24 Tem 2020\u2019de camiye \u00e7evrilmi\u015fti. Yakla\u015f\u0131k 1500 y\u0131ll\u0131k tarihi olan, nice iktidarlar\u0131n h\u0131\u015fm\u0131na ve do\u011fa olaylar\u0131na kar\u015f\u0131 direnerek ayakta kalan Ayasofya Katedrali\u2019nin (Eski Yunanca\u2019da Aya kutsal, Sofya bilgelik anlam\u0131na geliyor. Yani Kutsal Bilgelik) benzeri in\u015fa ediliyor.<\/p>\n<p><strong>Ayasofya\u2019n\u0131n kopyas\u0131<\/strong><\/p>\n<p>Suriye\u2019nin Hama vilayetine ba\u011fl\u0131 H\u0131ristiyan n\u00fcfusun \u00e7o\u011funlu\u011fu olu\u015fturdu\u011fu Sukeylebiye kentinde in\u015fa ediliyor. Mabet bir Ortodoks katedrali (Ba\u015fkilise) olarak hizmet verecek. \u0130n\u015fa Eyl\u00fcl 2020\u2019de ba\u015flad\u0131, Temmuz 2021\u2019de tamamlanmas\u0131 planlan\u0131yor. Suriye i\u00e7 sava\u015f\u0131 2011\u2019de ba\u015flad\u0131ktan sonra \u00fclkeyi istila eden cihadist gruplar\u0131n ilk hedefleri aras\u0131nda Keseb, Maalula, \u0130\u015ftebrak, Akrab, Zara, Zanuba, Zahra, \u0130krime, Maan, Lazkiye, Til Aran, Til Hasil, Fua, Keferya, Kobane gibi yerlerdeki Hristiyanlar, Aleviler ve K\u00fcrtler olmu\u015ftu. Ortodoks H\u0131ristiyanl\u0131\u011f\u0131n merkezlerinden biri olan Sukeylebiye kenti de cihadist gruplar\u0131n hedefi olmu\u015ftu.<\/p>\n<hr \/>\n<p><em><strong><a href=\"https:\/\/yeniyasamgazetesi.com\/ikinci-ayasofya-mabedi-doguyor\/\" target=\"_blank\" rel=\"noopener noreferrer\">Yeni Ya\u015fam Gazetesi<\/a><\/strong><\/em><\/p>\n","protected":false},"excerpt":{"rendered":"<p>T\u00fcrkiye\u2019de S\u00fcnnilik d\u0131\u015f\u0131ndaki inan\u00e7lar\u0131n mabetleri, ibadethaneleri cezaevi, cami, m\u00fcze yap\u0131l\u0131yor ya da Mardin ve Bursa\u2019da oldu\u011fu gibi birileri taraf\u0131ndan ilanla sat\u0131l\u0131\u011fa \u00e7\u0131kar\u0131l\u0131rken; Ayasofya, Sukeylebiye\u2019de ya\u015fat\u0131lacak.\u00a0 Y\u0131llard\u0131r \u2018inan\u00e7 ve ibadet hakk\u0131\u2019 ad\u0131 alt\u0131na Mescid-i Aksa propaganas\u0131 yap\u0131p oy dev\u015firmeye \u00e7al\u0131\u015fanlar s\u00f6z konusu T\u00fcrkiye\u2019deki farkl\u0131 inan\u00e7lar olunca ibadethanelerini camiye, m\u00fczeye, cezaevine \u00e7evirmekte ve Alevilerin ibadethanelerini kabul etmemekte [&hellip;]<\/p>\n","protected":false},"author":7,"featured_media":61171,"comment_status":"open","ping_status":"open","sticky":false,"template":"","format":"standard","meta":{"footnotes":""},"categories":[1],"tags":[],"class_list":["post-61170","post","type-post","status-publish","format-standard","has-post-thumbnail","hentry","category-haberler"],"yoast_head":"<!-- This site is optimized with the Yoast SEO plugin v27.4 - https:\/\/yoast.com\/product\/yoast-seo-wordpress\/ -->\n<title>\u0130kinci Ayasofya mabedi do\u011fuyor - Bati Ermenistan Ve Bati Ermenileri Sorunlari Ara\u015ftirmalar Merkezi<\/title>\n<meta name=\"robots\" content=\"index, follow, max-snippet:-1, max-image-preview:large, max-video-preview:-1\" \/>\n<link rel=\"canonical\" href=\"https:\/\/akunq.net\/tr\/?p=61170\" \/>\n<meta property=\"og:locale\" content=\"en_US\" \/>\n<meta property=\"og:type\" content=\"article\" \/>\n<meta property=\"og:title\" content=\"\u0130kinci Ayasofya mabedi do\u011fuyor - Bati Ermenistan Ve Bati Ermenileri Sorunlari Ara\u015ftirmalar Merkezi\" \/>\n<meta property=\"og:description\" content=\"T\u00fcrkiye\u2019de S\u00fcnnilik d\u0131\u015f\u0131ndaki inan\u00e7lar\u0131n mabetleri, ibadethaneleri cezaevi, cami, m\u00fcze yap\u0131l\u0131yor ya da Mardin ve Bursa\u2019da oldu\u011fu gibi birileri taraf\u0131ndan ilanla sat\u0131l\u0131\u011fa \u00e7\u0131kar\u0131l\u0131rken; Ayasofya, Sukeylebiye\u2019de ya\u015fat\u0131lacak.\u00a0 Y\u0131llard\u0131r \u2018inan\u00e7 ve ibadet hakk\u0131\u2019 ad\u0131 alt\u0131na Mescid-i Aksa propaganas\u0131 yap\u0131p oy dev\u015firmeye \u00e7al\u0131\u015fanlar s\u00f6z konusu T\u00fcrkiye\u2019deki farkl\u0131 inan\u00e7lar olunca ibadethanelerini camiye, m\u00fczeye, cezaevine \u00e7evirmekte ve Alevilerin ibadethanelerini kabul etmemekte [&hellip;]\" \/>\n<meta property=\"og:url\" content=\"https:\/\/akunq.net\/tr\/?p=61170\" \/>\n<meta property=\"og:site_name\" content=\"Bati Ermenistan Ve Bati Ermenileri Sorunlari Ara\u015ftirmalar Merkezi\" \/>\n<meta property=\"article:published_time\" content=\"2021-01-27T06:39:12+00:00\" \/>\n<meta property=\"og:image\" content=\"https:\/\/akunq.net\/tr\/wp-content\/uploads\/sites\/6\/2021\/01\/\u0130kinci-Ayasofya.jpg\" \/>\n\t<meta property=\"og:image:width\" content=\"760\" \/>\n\t<meta property=\"og:image:height\" content=\"506\" \/>\n\t<meta property=\"og:image:type\" content=\"image\/jpeg\" \/>\n<meta name=\"author\" content=\"admin\" \/>\n<meta name=\"twitter:card\" content=\"summary_large_image\" \/>\n<meta name=\"twitter:label1\" content=\"Written by\" \/>\n\t<meta name=\"twitter:data1\" content=\"admin\" \/>\n\t<meta name=\"twitter:label2\" content=\"Est. reading time\" \/>\n\t<meta name=\"twitter:data2\" content=\"1 minute\" \/>\n<script type=\"application\/ld+json\" class=\"yoast-schema-graph\">{\"@context\":\"https:\\\/\\\/schema.org\",\"@graph\":[{\"@type\":\"Article\",\"@id\":\"https:\\\/\\\/akunq.net\\\/tr\\\/?p=61170#article\",\"isPartOf\":{\"@id\":\"https:\\\/\\\/akunq.net\\\/tr\\\/?p=61170\"},\"author\":{\"name\":\"admin\",\"@id\":\"https:\\\/\\\/akunq.net\\\/tr\\\/#\\\/schema\\\/person\\\/096f1d38a12cce57fb855b485ed24c9e\"},\"headline\":\"\u0130kinci Ayasofya mabedi do\u011fuyor\",\"datePublished\":\"2021-01-27T06:39:12+00:00\",\"mainEntityOfPage\":{\"@id\":\"https:\\\/\\\/akunq.net\\\/tr\\\/?p=61170\"},\"wordCount\":284,\"commentCount\":0,\"image\":{\"@id\":\"https:\\\/\\\/akunq.net\\\/tr\\\/?p=61170#primaryimage\"},\"thumbnailUrl\":\"https:\\\/\\\/akunq.net\\\/tr\\\/wp-content\\\/uploads\\\/sites\\\/6\\\/2021\\\/01\\\/\u0130kinci-Ayasofya.jpg\",\"articleSection\":[\"Haberler\"],\"inLanguage\":\"en-US\",\"potentialAction\":[{\"@type\":\"CommentAction\",\"name\":\"Comment\",\"target\":[\"https:\\\/\\\/akunq.net\\\/tr\\\/?p=61170#respond\"]}]},{\"@type\":\"WebPage\",\"@id\":\"https:\\\/\\\/akunq.net\\\/tr\\\/?p=61170\",\"url\":\"https:\\\/\\\/akunq.net\\\/tr\\\/?p=61170\",\"name\":\"\u0130kinci Ayasofya mabedi do\u011fuyor - Bati Ermenistan Ve Bati Ermenileri Sorunlari Ara\u015ftirmalar Merkezi\",\"isPartOf\":{\"@id\":\"https:\\\/\\\/akunq.net\\\/tr\\\/#website\"},\"primaryImageOfPage\":{\"@id\":\"https:\\\/\\\/akunq.net\\\/tr\\\/?p=61170#primaryimage\"},\"image\":{\"@id\":\"https:\\\/\\\/akunq.net\\\/tr\\\/?p=61170#primaryimage\"},\"thumbnailUrl\":\"https:\\\/\\\/akunq.net\\\/tr\\\/wp-content\\\/uploads\\\/sites\\\/6\\\/2021\\\/01\\\/\u0130kinci-Ayasofya.jpg\",\"datePublished\":\"2021-01-27T06:39:12+00:00\",\"author\":{\"@id\":\"https:\\\/\\\/akunq.net\\\/tr\\\/#\\\/schema\\\/person\\\/096f1d38a12cce57fb855b485ed24c9e\"},\"breadcrumb\":{\"@id\":\"https:\\\/\\\/akunq.net\\\/tr\\\/?p=61170#breadcrumb\"},\"inLanguage\":\"en-US\",\"potentialAction\":[{\"@type\":\"ReadAction\",\"target\":[\"https:\\\/\\\/akunq.net\\\/tr\\\/?p=61170\"]}]},{\"@type\":\"ImageObject\",\"inLanguage\":\"en-US\",\"@id\":\"https:\\\/\\\/akunq.net\\\/tr\\\/?p=61170#primaryimage\",\"url\":\"https:\\\/\\\/akunq.net\\\/tr\\\/wp-content\\\/uploads\\\/sites\\\/6\\\/2021\\\/01\\\/\u0130kinci-Ayasofya.jpg\",\"contentUrl\":\"https:\\\/\\\/akunq.net\\\/tr\\\/wp-content\\\/uploads\\\/sites\\\/6\\\/2021\\\/01\\\/\u0130kinci-Ayasofya.jpg\",\"width\":760,\"height\":506},{\"@type\":\"BreadcrumbList\",\"@id\":\"https:\\\/\\\/akunq.net\\\/tr\\\/?p=61170#breadcrumb\",\"itemListElement\":[{\"@type\":\"ListItem\",\"position\":1,\"name\":\"Home\",\"item\":\"https:\\\/\\\/akunq.net\\\/tr\"},{\"@type\":\"ListItem\",\"position\":2,\"name\":\"\u0130kinci Ayasofya mabedi do\u011fuyor\"}]},{\"@type\":\"WebSite\",\"@id\":\"https:\\\/\\\/akunq.net\\\/tr\\\/#website\",\"url\":\"https:\\\/\\\/akunq.net\\\/tr\\\/\",\"name\":\"Bati Ermenistan Ve Bati Ermenileri Sorunlari Ara\u015ftirmalar Merkezi\",\"description\":\"\",\"potentialAction\":[{\"@type\":\"SearchAction\",\"target\":{\"@type\":\"EntryPoint\",\"urlTemplate\":\"https:\\\/\\\/akunq.net\\\/tr\\\/?s={search_term_string}\"},\"query-input\":{\"@type\":\"PropertyValueSpecification\",\"valueRequired\":true,\"valueName\":\"search_term_string\"}}],\"inLanguage\":\"en-US\"},{\"@type\":\"Person\",\"@id\":\"https:\\\/\\\/akunq.net\\\/tr\\\/#\\\/schema\\\/person\\\/096f1d38a12cce57fb855b485ed24c9e\",\"name\":\"admin\",\"url\":\"https:\\\/\\\/akunq.net\\\/tr\\\/?author=7\"}]}<\/script>\n<!-- \/ Yoast SEO plugin. -->","yoast_head_json":{"title":"\u0130kinci Ayasofya mabedi do\u011fuyor - Bati Ermenistan Ve Bati Ermenileri Sorunlari Ara\u015ftirmalar Merkezi","robots":{"index":"index","follow":"follow","max-snippet":"max-snippet:-1","max-image-preview":"max-image-preview:large","max-video-preview":"max-video-preview:-1"},"canonical":"https:\/\/akunq.net\/tr\/?p=61170","og_locale":"en_US","og_type":"article","og_title":"\u0130kinci Ayasofya mabedi do\u011fuyor - Bati Ermenistan Ve Bati Ermenileri Sorunlari Ara\u015ftirmalar Merkezi","og_description":"T\u00fcrkiye\u2019de S\u00fcnnilik d\u0131\u015f\u0131ndaki inan\u00e7lar\u0131n mabetleri, ibadethaneleri cezaevi, cami, m\u00fcze yap\u0131l\u0131yor ya da Mardin ve Bursa\u2019da oldu\u011fu gibi birileri taraf\u0131ndan ilanla sat\u0131l\u0131\u011fa \u00e7\u0131kar\u0131l\u0131rken; Ayasofya, Sukeylebiye\u2019de ya\u015fat\u0131lacak.\u00a0 Y\u0131llard\u0131r \u2018inan\u00e7 ve ibadet hakk\u0131\u2019 ad\u0131 alt\u0131na Mescid-i Aksa propaganas\u0131 yap\u0131p oy dev\u015firmeye \u00e7al\u0131\u015fanlar s\u00f6z konusu T\u00fcrkiye\u2019deki farkl\u0131 inan\u00e7lar olunca ibadethanelerini camiye, m\u00fczeye, cezaevine \u00e7evirmekte ve Alevilerin ibadethanelerini kabul etmemekte [&hellip;]","og_url":"https:\/\/akunq.net\/tr\/?p=61170","og_site_name":"Bati Ermenistan Ve Bati Ermenileri Sorunlari Ara\u015ftirmalar Merkezi","article_published_time":"2021-01-27T06:39:12+00:00","og_image":[{"width":760,"height":506,"url":"https:\/\/akunq.net\/tr\/wp-content\/uploads\/sites\/6\/2021\/01\/\u0130kinci-Ayasofya.jpg","type":"image\/jpeg"}],"author":"admin","twitter_card":"summary_large_image","twitter_misc":{"Written by":"admin","Est. reading time":"1 minute"},"schema":{"@context":"https:\/\/schema.org","@graph":[{"@type":"Article","@id":"https:\/\/akunq.net\/tr\/?p=61170#article","isPartOf":{"@id":"https:\/\/akunq.net\/tr\/?p=61170"},"author":{"name":"admin","@id":"https:\/\/akunq.net\/tr\/#\/schema\/person\/096f1d38a12cce57fb855b485ed24c9e"},"headline":"\u0130kinci Ayasofya mabedi do\u011fuyor","datePublished":"2021-01-27T06:39:12+00:00","mainEntityOfPage":{"@id":"https:\/\/akunq.net\/tr\/?p=61170"},"wordCount":284,"commentCount":0,"image":{"@id":"https:\/\/akunq.net\/tr\/?p=61170#primaryimage"},"thumbnailUrl":"https:\/\/akunq.net\/tr\/wp-content\/uploads\/sites\/6\/2021\/01\/\u0130kinci-Ayasofya.jpg","articleSection":["Haberler"],"inLanguage":"en-US","potentialAction":[{"@type":"CommentAction","name":"Comment","target":["https:\/\/akunq.net\/tr\/?p=61170#respond"]}]},{"@type":"WebPage","@id":"https:\/\/akunq.net\/tr\/?p=61170","url":"https:\/\/akunq.net\/tr\/?p=61170","name":"\u0130kinci Ayasofya mabedi do\u011fuyor - Bati Ermenistan Ve Bati Ermenileri Sorunlari Ara\u015ftirmalar Merkezi","isPartOf":{"@id":"https:\/\/akunq.net\/tr\/#website"},"primaryImageOfPage":{"@id":"https:\/\/akunq.net\/tr\/?p=61170#primaryimage"},"image":{"@id":"https:\/\/akunq.net\/tr\/?p=61170#primaryimage"},"thumbnailUrl":"https:\/\/akunq.net\/tr\/wp-content\/uploads\/sites\/6\/2021\/01\/\u0130kinci-Ayasofya.jpg","datePublished":"2021-01-27T06:39:12+00:00","author":{"@id":"https:\/\/akunq.net\/tr\/#\/schema\/person\/096f1d38a12cce57fb855b485ed24c9e"},"breadcrumb":{"@id":"https:\/\/akunq.net\/tr\/?p=61170#breadcrumb"},"inLanguage":"en-US","potentialAction":[{"@type":"ReadAction","target":["https:\/\/akunq.net\/tr\/?p=61170"]}]},{"@type":"ImageObject","inLanguage":"en-US","@id":"https:\/\/akunq.net\/tr\/?p=61170#primaryimage","url":"https:\/\/akunq.net\/tr\/wp-content\/uploads\/sites\/6\/2021\/01\/\u0130kinci-Ayasofya.jpg","contentUrl":"https:\/\/akunq.net\/tr\/wp-content\/uploads\/sites\/6\/2021\/01\/\u0130kinci-Ayasofya.jpg","width":760,"height":506},{"@type":"BreadcrumbList","@id":"https:\/\/akunq.net\/tr\/?p=61170#breadcrumb","itemListElement":[{"@type":"ListItem","position":1,"name":"Home","item":"https:\/\/akunq.net\/tr"},{"@type":"ListItem","position":2,"name":"\u0130kinci Ayasofya mabedi do\u011fuyor"}]},{"@type":"WebSite","@id":"https:\/\/akunq.net\/tr\/#website","url":"https:\/\/akunq.net\/tr\/","name":"Bati Ermenistan Ve Bati Ermenileri Sorunlari Ara\u015ftirmalar Merkezi","description":"","potentialAction":[{"@type":"SearchAction","target":{"@type":"EntryPoint","urlTemplate":"https:\/\/akunq.net\/tr\/?s={search_term_string}"},"query-input":{"@type":"PropertyValueSpecification","valueRequired":true,"valueName":"search_term_string"}}],"inLanguage":"en-US"},{"@type":"Person","@id":"https:\/\/akunq.net\/tr\/#\/schema\/person\/096f1d38a12cce57fb855b485ed24c9e","name":"admin","url":"https:\/\/akunq.net\/tr\/?author=7"}]}},"_links":{"self":[{"href":"https:\/\/akunq.net\/tr\/index.php?rest_route=\/wp\/v2\/posts\/61170","targetHints":{"allow":["GET"]}}],"collection":[{"href":"https:\/\/akunq.net\/tr\/index.php?rest_route=\/wp\/v2\/posts"}],"about":[{"href":"https:\/\/akunq.net\/tr\/index.php?rest_route=\/wp\/v2\/types\/post"}],"author":[{"embeddable":true,"href":"https:\/\/akunq.net\/tr\/index.php?rest_route=\/wp\/v2\/users\/7"}],"replies":[{"embeddable":true,"href":"https:\/\/akunq.net\/tr\/index.php?rest_route=%2Fwp%2Fv2%2Fcomments&post=61170"}],"version-history":[{"count":1,"href":"https:\/\/akunq.net\/tr\/index.php?rest_route=\/wp\/v2\/posts\/61170\/revisions"}],"predecessor-version":[{"id":61172,"href":"https:\/\/akunq.net\/tr\/index.php?rest_route=\/wp\/v2\/posts\/61170\/revisions\/61172"}],"wp:featuredmedia":[{"embeddable":true,"href":"https:\/\/akunq.net\/tr\/index.php?rest_route=\/wp\/v2\/media\/61171"}],"wp:attachment":[{"href":"https:\/\/akunq.net\/tr\/index.php?rest_route=%2Fwp%2Fv2%2Fmedia&parent=61170"}],"wp:term":[{"taxonomy":"category","embeddable":true,"href":"https:\/\/akunq.net\/tr\/index.php?rest_route=%2Fwp%2Fv2%2Fcategories&post=61170"},{"taxonomy":"post_tag","embeddable":true,"href":"https:\/\/akunq.net\/tr\/index.php?rest_route=%2Fwp%2Fv2%2Ftags&post=61170"}],"curies":[{"name":"wp","href":"https:\/\/api.w.org\/{rel}","templated":true}]}}