{"id":61162,"date":"2021-01-26T02:30:13","date_gmt":"2021-01-26T07:30:13","guid":{"rendered":"https:\/\/akunq.net\/tr\/?p=61162"},"modified":"2021-01-26T02:30:13","modified_gmt":"2021-01-26T07:30:13","slug":"adiyamanda-yeni-bir-bitki-turu-kesfedildi","status":"publish","type":"post","link":"https:\/\/akunq.net\/tr\/?p=61162","title":{"rendered":"Ad\u0131yaman\u2019da yeni bir bitki t\u00fcr\u00fc ke\u015ffedildi"},"content":{"rendered":"<p><img loading=\"lazy\" decoding=\"async\" class=\"aligncenter size-medium wp-image-61163\" src=\"https:\/\/akunq.net\/tr\/wp-content\/uploads\/2021\/01\/Ad\u0131yaman\u2019da-yeni-bir-bitki-360x203.jpg\" alt=\"\" width=\"360\" height=\"203\" srcset=\"https:\/\/akunq.net\/tr\/wp-content\/uploads\/sites\/6\/2021\/01\/Ad\u0131yaman\u2019da-yeni-bir-bitki-360x203.jpg 360w, https:\/\/akunq.net\/tr\/wp-content\/uploads\/sites\/6\/2021\/01\/Ad\u0131yaman\u2019da-yeni-bir-bitki-560x315.jpg 560w, https:\/\/akunq.net\/tr\/wp-content\/uploads\/sites\/6\/2021\/01\/Ad\u0131yaman\u2019da-yeni-bir-bitki-260x146.jpg 260w, https:\/\/akunq.net\/tr\/wp-content\/uploads\/sites\/6\/2021\/01\/Ad\u0131yaman\u2019da-yeni-bir-bitki-160x90.jpg 160w, https:\/\/akunq.net\/tr\/wp-content\/uploads\/sites\/6\/2021\/01\/Ad\u0131yaman\u2019da-yeni-bir-bitki.jpg 640w\" sizes=\"auto, (max-width: 360px) 100vw, 360px\" \/><\/p>\n<p id=\"trtspot1\"><em><strong>Bilim d\u00fcnyas\u0131 bu g\u00fcne kadar ke\u015ffedilmemi\u015f bir bitki t\u00fcr\u00fcn\u00fc Ad\u0131yaman\u2019da ke\u015ffetti. Bitkiye bilimsel olarak Rheum telianum, T\u00fcrk\u00e7e ise \u201cTel I\u015fk\u0131n\u0131\u201d ismi verildi.<\/strong><\/em><\/p>\n<p>Ad\u0131yaman\u2019\u0131n Kuzeydo\u011fu b\u00f6lgesinde y\u00fcksek ve da\u011fl\u0131k b\u00f6lgede ke\u015ffedilen ve kay\u0131tlara ge\u00e7irilen yeni bitki ile ilgili a\u00e7\u0131klamada bulunan Prof. Dr. Ahmet Zafer Tel, bug\u00fcne kadar yap\u0131lan \u00e7al\u0131\u015fmalar\u0131n sonucuna g\u00f6re t\u00fcm d\u00fcnya \u00fczerinde yay\u0131l\u0131\u015f g\u00f6steren 60 kadar \u0131\u015fk\u0131n t\u00fcr\u00fc oldu\u011funu ve bunun sadece 1 t\u00fcr\u00fcn\u00fcn \u00fclkemizde ya\u015fad\u0131\u011f\u0131n\u0131n bilindi\u011fini s\u00f6yledi.<\/p>\n<p>Prof. Dr. Ahmet Zafer Tel, a\u00e7\u0131klamas\u0131nda \u015funlar\u0131 kaydetti;<\/p>\n<p>Bir \u0131\u015fk\u0131n t\u00fcr\u00fcn\u00fcn (Rheum ribes) \u00fclkemizde ya\u015fad\u0131\u011f\u0131 biliniyordu. Bu t\u00fcr T\u00fcrkiye\u2019nin yan\u0131 s\u0131ra Filistin, L\u00fcbnan, Ermenistan, Kuzey\u00a0<a href=\"https:\/\/www.trthaber.com\/etiket\/irak\/\" target=\"_blank\" rel=\"noreferrer noopener\">Irak<\/a>\u00a0ve \u0130ran\u2019da olmak \u00fczere geni\u015f yay\u0131l\u0131\u015f alan\u0131na sahipti. Ad\u0131yaman\u2019da yapt\u0131\u011f\u0131m\u0131z floristik \u00e7al\u0131\u015fmalar esnas\u0131nda tespit etti\u011fimiz yeni \u0131\u015fk\u0131n t\u00fcr\u00fcn\u00fcn (Rheum telianum) farkl\u0131 t\u00fcr olabilece\u011fi y\u00f6n\u00fcnde kanaatimiz geli\u015fti ve yapt\u0131\u011f\u0131m\u0131z ayr\u0131nt\u0131l\u0131 inceleme sonucu bu bitkinin bilim d\u00fcnyas\u0131 i\u00e7in yeni bir t\u00fcr oldu\u011fu sonucuna vard\u0131k.<\/p>\n<p>Rheum telianum bitkisinin D\u00fcnya\u2019da sadece Ad\u0131yaman\u2019\u0131m\u0131zda yeti\u015fen\u00a0<a href=\"https:\/\/www.trthaber.com\/etiket\/endemik\/\" target=\"_blank\" rel=\"noreferrer noopener\">endemik<\/a>\u00a0bir t\u00fcr olmas\u0131 ve bunun yan\u0131nda t\u0131bbi ve ekonomik de\u011ferinin bulunmas\u0131 bu bitkiyi olduk\u00e7a \u00f6nemli k\u0131lmaktad\u0131r. Zira d\u00fcnya \u00fczerinde ya\u015fayan di\u011fer I\u015fk\u0131n t\u00fcrleri \u00fczerinde bug\u00fcne kadar yap\u0131lan bilhassa Amerika,\u00a0<a href=\"https:\/\/www.trthaber.com\/etiket\/almanya\/\" target=\"_blank\" rel=\"noreferrer noopener\">Almanya<\/a>\u00a0ve\u00a0<a href=\"https:\/\/www.trthaber.com\/etiket\/ingiltere\/\" target=\"_blank\" rel=\"noreferrer noopener\">\u0130ngiltere<\/a>\u00a0kaynakl\u0131 \u00e7al\u0131\u015fmalarda\u00a0<a href=\"https:\/\/www.trthaber.com\/etiket\/kanser\/\" target=\"_blank\" rel=\"noreferrer noopener\">kanser<\/a>h\u00fccrelerinin b\u00fcy\u00fcmesinin durdurulas\u0131 y\u00f6n\u00fcnde sonu\u00e7lar\u0131n bile al\u0131nd\u0131\u011f\u0131 g\u00f6r\u00fclmektedir. Y\u00fczy\u0131llard\u0131r Ad\u0131yaman da\u011flar\u0131nda yeti\u015fen bitkimiz y\u00f6re halk\u0131 taraf\u0131ndan toplan\u0131p yenen ve ticareti yap\u0131lan bir I\u015fk\u0131n t\u00fcr\u00fcd\u00fcr.<\/p>\n<p>T\u00fcrkiye\u2019de yeti\u015fen ikinci \u0131\u015fk\u0131n t\u00fcr\u00fc olarak kay\u0131tlara ge\u00e7en \u2018Tel I\u015fk\u0131n\u0131\u2019 ayn\u0131 zamanda Ad\u0131yaman\u2019\u0131m\u0131za \u00f6zg\u00fc endemik bir t\u00fcrd\u00fcr. Tel I\u015fk\u0131n\u0131\u2019n\u0131nhem \u00fclkemiz hem de d\u00fcnya i\u00e7in yeni t\u00fcr oldu\u011funu kan\u0131tlayan makale, bilimsel s\u00fcreci tamamlanarak sistematik botanik sahas\u0131nda hat\u0131r\u0131 say\u0131l\u0131r dergilerden olan \u2018Phytotaxa\u2019 isimli dergide yay\u0131nlanm\u0131\u015ft\u0131r. Ben lay\u0131k olmad\u0131\u011f\u0131m halde \u015fahs\u0131m\u0131 onura etmek ad\u0131na bitkiye ad\u0131m\u0131 veren de\u011ferli meslekta\u015flar\u0131ma \u00e7ok te\u015fekk\u00fcr ediyorum. Bilim d\u00fcnyas\u0131na ve Ad\u0131yaman\u2019\u0131m\u0131za hay\u0131rl\u0131 olsun.<\/p>\n<p><strong>\u201cBa\u015fka bitkiler de var\u201d<\/strong><\/p>\n<p>Ahmet Zafer Tel, \u2018Tel I\u015fk\u0131n\u0131\u2019n\u0131n Ad\u0131yaman i\u00e7in \u2018co\u011frafik i\u015faret\u2019 olmas\u0131yla ilgili olarak da, \u201cI\u015fk\u0131n bitkisinin \u00e7i\u00e7ek sap\u0131 yenmektedir ve besin de\u011feri olduk\u00e7a y\u00fcksek bir bitkidir. Yeni t\u00fcr\u00fcm\u00fcz\u00fcn bu \u00f6zelli\u011fi \u00f6nem arz etmektedir. D\u00fcnya n\u00fcfusunun giderek artmas\u0131yla besin ve\u00a0<a href=\"https:\/\/www.trthaber.com\/etiket\/dogal-kaynaklar\/\" target=\"_blank\" rel=\"noreferrer noopener\">do\u011fal kaynaklar<\/a>\u00a0maalesef bilin\u00e7siz \u015fekilde t\u00fcketilmekte, yeni ve alternatif g\u0131da \u00fcr\u00fcnlerine y\u00f6neli\u015f h\u0131z\u0131 artmaktad\u0131r. Bu nedenle g\u00fcn\u00fcm\u00fczde, yeni ve \u00f6zellikle ekonomik \u00f6neme sahip t\u00fcrlerin ke\u015ffi ger\u00e7ekten \u00e7ok \u00f6nemlidir. Bir bitki ile de olsa \u00fclkemiz g\u0131da ekonomisine ve \u00fcniversite-sanayi i\u015f birli\u011fine katk\u0131 sa\u011flam\u0131\u015f olman\u0131n mutlulu\u011funu ya\u015f\u0131yoruz. Yeni ke\u015ffetti\u011fimiz ve \u00fczerinde \u00e7al\u0131\u015ft\u0131\u011f\u0131m\u0131z ba\u015fka bitkiler de var. Bunlar da zaman\u0131 gelince bilim d\u00fcnyas\u0131 ile payla\u015f\u0131lacakt\u0131r. Bu ke\u015ffimiz ile bilimsel \u00e7al\u0131\u015fmalarda \u2018Temel Bilimlerin\u2019 \u00f6nemi bir kez daha anla\u015f\u0131lm\u0131\u015f oldu.<\/p>\n<p><strong>\u2018D\u00fcnyada sadece Ad\u0131yaman\u2019da yeti\u015fiyor\u2019<\/strong><\/p>\n<p>T\u00fcrk Patent ve Marka Kurumunun tabi oldu\u011fu 6769 say\u0131l\u0131 S\u0131nai M\u00fclkiyet Kanununun 34\u2019\u00fcnc\u00fc maddesine g\u00f6re co\u011frafik i\u015faret, belirgin bir niteli\u011fi, \u00fcn\u00fc veya di\u011fer \u00f6zellikleri bak\u0131m\u0131ndan k\u00f6kenin bulundu\u011fu y\u00f6re, alan, b\u00f6lge veya \u00fclke ile \u00f6zde\u015fle\u015fmi\u015f \u00fcr\u00fcn\u00fc g\u00f6steren i\u015farettir. G\u0131da, tar\u0131m, maden, el sanatlar\u0131, sanayi \u00fcr\u00fcnleri co\u011frafi i\u015faret tesciline konu olabilir. D\u00fcnyada sadece ilimizde yeti\u015fen Tel I\u015fk\u0131n\u0131, halk\u0131m\u0131z taraf\u0131ndan y\u0131llarca g\u0131da olarak kullan\u0131lan, ticareti yap\u0131lan, t\u0131bbi ve ekonomik \u00f6neme sahip bir bitki olmas\u0131na ra\u011fmen bilim d\u00fcnyas\u0131 i\u00e7in yeni t\u00fcr olma \u00f6zelli\u011fi bilinmiyordu.<\/p>\n<p><strong>\u201cCo\u011frafik i\u015faret niteli\u011fi ta\u015f\u0131maktad\u0131r\u201d<\/strong><\/p>\n<p>Yapt\u0131\u011f\u0131m\u0131z \u00e7al\u0131\u015fma ile bu \u00f6zelli\u011fi de ortaya \u00e7\u0131km\u0131\u015f oldu. \u00d6zetle d\u00fcnya i\u00e7in endemik olan bu \u0131\u015fk\u0131n t\u00fcr\u00fcm\u00fcz ayn\u0131 zamanda Ad\u0131yaman\u2019\u0131m\u0131z\u0131 yans\u0131tan bir co\u011frafik i\u015faret niteli\u011fi ta\u015f\u0131maktad\u0131r. Bu bitki t\u00fcr\u00fcn\u00fcn \u00fcretimi, i\u015flenmesi ve ekonomiye kazand\u0131r\u0131lmas\u0131 hususunda \u00e7al\u0131\u015fmalar\u0131m\u0131z ba\u015flam\u0131\u015ft\u0131r. \u00c7al\u0131\u015fmalar\u0131m\u0131z\u0131 destekleyen\u00a0<a href=\"https:\/\/www.trthaber.com\/etiket\/tarim-ve-orman-bakanligi\/\" target=\"_blank\" rel=\"noreferrer noopener\">Tar\u0131m ve Orman Bakanl\u0131\u011f\u0131<\/a>\u00a0Do\u011fa Koruma ve\u00a0<a href=\"https:\/\/www.trthaber.com\/etiket\/milli-parklar\/\" target=\"_blank\" rel=\"noreferrer noopener\">Milli Parklar<\/a>\u00a0Genel M\u00fcd\u00fcrl\u00fc\u011f\u00fcne, I\u011fd\u0131r \u00dcniversitesi Rekt\u00f6r\u00fc Prof. Dr. Mehmet Hakk\u0131 Alma\u2019ya ve Ad\u0131yaman \u00dcniversitesi Rekt\u00f6r\u00fc Prof. Dr. Mehmet Turgut\u2019a desteklerinden dolay\u0131 te\u015fekk\u00fcr ediyorum\u201d diye konu\u015ftu.<\/p>\n<p><em><strong><a href=\"https:\/\/www.trthaber.com\/haber\/bilim-teknoloji\/adiyamanda-yeni-bir-bitki-turu-kesfedildi-550603.html\">https:\/\/www.trthaber.com\/haber\/bilim-teknoloji\/adiyamanda-yeni-bir-bitki-turu-kesfedildi-550603.html<\/a><\/strong><\/em><\/p>\n","protected":false},"excerpt":{"rendered":"<p>Bilim d\u00fcnyas\u0131 bu g\u00fcne kadar ke\u015ffedilmemi\u015f bir bitki t\u00fcr\u00fcn\u00fc Ad\u0131yaman\u2019da ke\u015ffetti. Bitkiye bilimsel olarak Rheum telianum, T\u00fcrk\u00e7e ise \u201cTel I\u015fk\u0131n\u0131\u201d ismi verildi. Ad\u0131yaman\u2019\u0131n Kuzeydo\u011fu b\u00f6lgesinde y\u00fcksek ve da\u011fl\u0131k b\u00f6lgede ke\u015ffedilen ve kay\u0131tlara ge\u00e7irilen yeni bitki ile ilgili a\u00e7\u0131klamada bulunan Prof. Dr. Ahmet Zafer Tel, bug\u00fcne kadar yap\u0131lan \u00e7al\u0131\u015fmalar\u0131n sonucuna g\u00f6re t\u00fcm d\u00fcnya \u00fczerinde yay\u0131l\u0131\u015f g\u00f6steren [&hellip;]<\/p>\n","protected":false},"author":7,"featured_media":61163,"comment_status":"open","ping_status":"open","sticky":false,"template":"","format":"standard","meta":{"footnotes":""},"categories":[1],"tags":[],"class_list":["post-61162","post","type-post","status-publish","format-standard","has-post-thumbnail","hentry","category-haberler"],"yoast_head":"<!-- This site is optimized with the Yoast SEO plugin v27.4 - https:\/\/yoast.com\/product\/yoast-seo-wordpress\/ -->\n<title>Ad\u0131yaman\u2019da yeni bir bitki t\u00fcr\u00fc ke\u015ffedildi - Bati Ermenistan Ve Bati Ermenileri Sorunlari Ara\u015ftirmalar Merkezi<\/title>\n<meta name=\"robots\" content=\"index, follow, max-snippet:-1, max-image-preview:large, max-video-preview:-1\" \/>\n<link rel=\"canonical\" href=\"https:\/\/akunq.net\/tr\/?p=61162\" \/>\n<meta property=\"og:locale\" content=\"en_US\" \/>\n<meta property=\"og:type\" content=\"article\" \/>\n<meta property=\"og:title\" content=\"Ad\u0131yaman\u2019da yeni bir bitki t\u00fcr\u00fc ke\u015ffedildi - Bati Ermenistan Ve Bati Ermenileri Sorunlari Ara\u015ftirmalar Merkezi\" \/>\n<meta property=\"og:description\" content=\"Bilim d\u00fcnyas\u0131 bu g\u00fcne kadar ke\u015ffedilmemi\u015f bir bitki t\u00fcr\u00fcn\u00fc Ad\u0131yaman\u2019da ke\u015ffetti. Bitkiye bilimsel olarak Rheum telianum, T\u00fcrk\u00e7e ise \u201cTel I\u015fk\u0131n\u0131\u201d ismi verildi. Ad\u0131yaman\u2019\u0131n Kuzeydo\u011fu b\u00f6lgesinde y\u00fcksek ve da\u011fl\u0131k b\u00f6lgede ke\u015ffedilen ve kay\u0131tlara ge\u00e7irilen yeni bitki ile ilgili a\u00e7\u0131klamada bulunan Prof. Dr. Ahmet Zafer Tel, bug\u00fcne kadar yap\u0131lan \u00e7al\u0131\u015fmalar\u0131n sonucuna g\u00f6re t\u00fcm d\u00fcnya \u00fczerinde yay\u0131l\u0131\u015f g\u00f6steren [&hellip;]\" \/>\n<meta property=\"og:url\" content=\"https:\/\/akunq.net\/tr\/?p=61162\" \/>\n<meta property=\"og:site_name\" content=\"Bati Ermenistan Ve Bati Ermenileri Sorunlari Ara\u015ftirmalar Merkezi\" \/>\n<meta property=\"article:published_time\" content=\"2021-01-26T07:30:13+00:00\" \/>\n<meta property=\"og:image\" content=\"https:\/\/akunq.net\/tr\/wp-content\/uploads\/sites\/6\/2021\/01\/Ad\u0131yaman\u2019da-yeni-bir-bitki.jpg\" \/>\n\t<meta property=\"og:image:width\" content=\"640\" \/>\n\t<meta property=\"og:image:height\" content=\"360\" \/>\n\t<meta property=\"og:image:type\" content=\"image\/jpeg\" \/>\n<meta name=\"author\" content=\"admin\" \/>\n<meta name=\"twitter:card\" content=\"summary_large_image\" \/>\n<meta name=\"twitter:label1\" content=\"Written by\" \/>\n\t<meta name=\"twitter:data1\" content=\"admin\" \/>\n\t<meta name=\"twitter:label2\" content=\"Est. reading time\" \/>\n\t<meta name=\"twitter:data2\" content=\"4 minutes\" \/>\n<script type=\"application\/ld+json\" class=\"yoast-schema-graph\">{\"@context\":\"https:\\\/\\\/schema.org\",\"@graph\":[{\"@type\":\"Article\",\"@id\":\"https:\\\/\\\/akunq.net\\\/tr\\\/?p=61162#article\",\"isPartOf\":{\"@id\":\"https:\\\/\\\/akunq.net\\\/tr\\\/?p=61162\"},\"author\":{\"name\":\"admin\",\"@id\":\"https:\\\/\\\/akunq.net\\\/tr\\\/#\\\/schema\\\/person\\\/096f1d38a12cce57fb855b485ed24c9e\"},\"headline\":\"Ad\u0131yaman\u2019da yeni bir bitki t\u00fcr\u00fc ke\u015ffedildi\",\"datePublished\":\"2021-01-26T07:30:13+00:00\",\"mainEntityOfPage\":{\"@id\":\"https:\\\/\\\/akunq.net\\\/tr\\\/?p=61162\"},\"wordCount\":897,\"commentCount\":0,\"image\":{\"@id\":\"https:\\\/\\\/akunq.net\\\/tr\\\/?p=61162#primaryimage\"},\"thumbnailUrl\":\"https:\\\/\\\/akunq.net\\\/tr\\\/wp-content\\\/uploads\\\/sites\\\/6\\\/2021\\\/01\\\/Ad\u0131yaman\u2019da-yeni-bir-bitki.jpg\",\"articleSection\":[\"Haberler\"],\"inLanguage\":\"en-US\",\"potentialAction\":[{\"@type\":\"CommentAction\",\"name\":\"Comment\",\"target\":[\"https:\\\/\\\/akunq.net\\\/tr\\\/?p=61162#respond\"]}]},{\"@type\":\"WebPage\",\"@id\":\"https:\\\/\\\/akunq.net\\\/tr\\\/?p=61162\",\"url\":\"https:\\\/\\\/akunq.net\\\/tr\\\/?p=61162\",\"name\":\"Ad\u0131yaman\u2019da yeni bir bitki t\u00fcr\u00fc ke\u015ffedildi - Bati Ermenistan Ve Bati Ermenileri Sorunlari Ara\u015ftirmalar Merkezi\",\"isPartOf\":{\"@id\":\"https:\\\/\\\/akunq.net\\\/tr\\\/#website\"},\"primaryImageOfPage\":{\"@id\":\"https:\\\/\\\/akunq.net\\\/tr\\\/?p=61162#primaryimage\"},\"image\":{\"@id\":\"https:\\\/\\\/akunq.net\\\/tr\\\/?p=61162#primaryimage\"},\"thumbnailUrl\":\"https:\\\/\\\/akunq.net\\\/tr\\\/wp-content\\\/uploads\\\/sites\\\/6\\\/2021\\\/01\\\/Ad\u0131yaman\u2019da-yeni-bir-bitki.jpg\",\"datePublished\":\"2021-01-26T07:30:13+00:00\",\"author\":{\"@id\":\"https:\\\/\\\/akunq.net\\\/tr\\\/#\\\/schema\\\/person\\\/096f1d38a12cce57fb855b485ed24c9e\"},\"breadcrumb\":{\"@id\":\"https:\\\/\\\/akunq.net\\\/tr\\\/?p=61162#breadcrumb\"},\"inLanguage\":\"en-US\",\"potentialAction\":[{\"@type\":\"ReadAction\",\"target\":[\"https:\\\/\\\/akunq.net\\\/tr\\\/?p=61162\"]}]},{\"@type\":\"ImageObject\",\"inLanguage\":\"en-US\",\"@id\":\"https:\\\/\\\/akunq.net\\\/tr\\\/?p=61162#primaryimage\",\"url\":\"https:\\\/\\\/akunq.net\\\/tr\\\/wp-content\\\/uploads\\\/sites\\\/6\\\/2021\\\/01\\\/Ad\u0131yaman\u2019da-yeni-bir-bitki.jpg\",\"contentUrl\":\"https:\\\/\\\/akunq.net\\\/tr\\\/wp-content\\\/uploads\\\/sites\\\/6\\\/2021\\\/01\\\/Ad\u0131yaman\u2019da-yeni-bir-bitki.jpg\",\"width\":640,\"height\":360},{\"@type\":\"BreadcrumbList\",\"@id\":\"https:\\\/\\\/akunq.net\\\/tr\\\/?p=61162#breadcrumb\",\"itemListElement\":[{\"@type\":\"ListItem\",\"position\":1,\"name\":\"Home\",\"item\":\"https:\\\/\\\/akunq.net\\\/tr\"},{\"@type\":\"ListItem\",\"position\":2,\"name\":\"Ad\u0131yaman\u2019da yeni bir bitki t\u00fcr\u00fc ke\u015ffedildi\"}]},{\"@type\":\"WebSite\",\"@id\":\"https:\\\/\\\/akunq.net\\\/tr\\\/#website\",\"url\":\"https:\\\/\\\/akunq.net\\\/tr\\\/\",\"name\":\"Bati Ermenistan Ve Bati Ermenileri Sorunlari Ara\u015ftirmalar Merkezi\",\"description\":\"\",\"potentialAction\":[{\"@type\":\"SearchAction\",\"target\":{\"@type\":\"EntryPoint\",\"urlTemplate\":\"https:\\\/\\\/akunq.net\\\/tr\\\/?s={search_term_string}\"},\"query-input\":{\"@type\":\"PropertyValueSpecification\",\"valueRequired\":true,\"valueName\":\"search_term_string\"}}],\"inLanguage\":\"en-US\"},{\"@type\":\"Person\",\"@id\":\"https:\\\/\\\/akunq.net\\\/tr\\\/#\\\/schema\\\/person\\\/096f1d38a12cce57fb855b485ed24c9e\",\"name\":\"admin\",\"url\":\"https:\\\/\\\/akunq.net\\\/tr\\\/?author=7\"}]}<\/script>\n<!-- \/ Yoast SEO plugin. -->","yoast_head_json":{"title":"Ad\u0131yaman\u2019da yeni bir bitki t\u00fcr\u00fc ke\u015ffedildi - Bati Ermenistan Ve Bati Ermenileri Sorunlari Ara\u015ftirmalar Merkezi","robots":{"index":"index","follow":"follow","max-snippet":"max-snippet:-1","max-image-preview":"max-image-preview:large","max-video-preview":"max-video-preview:-1"},"canonical":"https:\/\/akunq.net\/tr\/?p=61162","og_locale":"en_US","og_type":"article","og_title":"Ad\u0131yaman\u2019da yeni bir bitki t\u00fcr\u00fc ke\u015ffedildi - Bati Ermenistan Ve Bati Ermenileri Sorunlari Ara\u015ftirmalar Merkezi","og_description":"Bilim d\u00fcnyas\u0131 bu g\u00fcne kadar ke\u015ffedilmemi\u015f bir bitki t\u00fcr\u00fcn\u00fc Ad\u0131yaman\u2019da ke\u015ffetti. Bitkiye bilimsel olarak Rheum telianum, T\u00fcrk\u00e7e ise \u201cTel I\u015fk\u0131n\u0131\u201d ismi verildi. Ad\u0131yaman\u2019\u0131n Kuzeydo\u011fu b\u00f6lgesinde y\u00fcksek ve da\u011fl\u0131k b\u00f6lgede ke\u015ffedilen ve kay\u0131tlara ge\u00e7irilen yeni bitki ile ilgili a\u00e7\u0131klamada bulunan Prof. Dr. Ahmet Zafer Tel, bug\u00fcne kadar yap\u0131lan \u00e7al\u0131\u015fmalar\u0131n sonucuna g\u00f6re t\u00fcm d\u00fcnya \u00fczerinde yay\u0131l\u0131\u015f g\u00f6steren [&hellip;]","og_url":"https:\/\/akunq.net\/tr\/?p=61162","og_site_name":"Bati Ermenistan Ve Bati Ermenileri Sorunlari Ara\u015ftirmalar Merkezi","article_published_time":"2021-01-26T07:30:13+00:00","og_image":[{"width":640,"height":360,"url":"https:\/\/akunq.net\/tr\/wp-content\/uploads\/sites\/6\/2021\/01\/Ad\u0131yaman\u2019da-yeni-bir-bitki.jpg","type":"image\/jpeg"}],"author":"admin","twitter_card":"summary_large_image","twitter_misc":{"Written by":"admin","Est. reading time":"4 minutes"},"schema":{"@context":"https:\/\/schema.org","@graph":[{"@type":"Article","@id":"https:\/\/akunq.net\/tr\/?p=61162#article","isPartOf":{"@id":"https:\/\/akunq.net\/tr\/?p=61162"},"author":{"name":"admin","@id":"https:\/\/akunq.net\/tr\/#\/schema\/person\/096f1d38a12cce57fb855b485ed24c9e"},"headline":"Ad\u0131yaman\u2019da yeni bir bitki t\u00fcr\u00fc ke\u015ffedildi","datePublished":"2021-01-26T07:30:13+00:00","mainEntityOfPage":{"@id":"https:\/\/akunq.net\/tr\/?p=61162"},"wordCount":897,"commentCount":0,"image":{"@id":"https:\/\/akunq.net\/tr\/?p=61162#primaryimage"},"thumbnailUrl":"https:\/\/akunq.net\/tr\/wp-content\/uploads\/sites\/6\/2021\/01\/Ad\u0131yaman\u2019da-yeni-bir-bitki.jpg","articleSection":["Haberler"],"inLanguage":"en-US","potentialAction":[{"@type":"CommentAction","name":"Comment","target":["https:\/\/akunq.net\/tr\/?p=61162#respond"]}]},{"@type":"WebPage","@id":"https:\/\/akunq.net\/tr\/?p=61162","url":"https:\/\/akunq.net\/tr\/?p=61162","name":"Ad\u0131yaman\u2019da yeni bir bitki t\u00fcr\u00fc ke\u015ffedildi - Bati Ermenistan Ve Bati Ermenileri Sorunlari Ara\u015ftirmalar Merkezi","isPartOf":{"@id":"https:\/\/akunq.net\/tr\/#website"},"primaryImageOfPage":{"@id":"https:\/\/akunq.net\/tr\/?p=61162#primaryimage"},"image":{"@id":"https:\/\/akunq.net\/tr\/?p=61162#primaryimage"},"thumbnailUrl":"https:\/\/akunq.net\/tr\/wp-content\/uploads\/sites\/6\/2021\/01\/Ad\u0131yaman\u2019da-yeni-bir-bitki.jpg","datePublished":"2021-01-26T07:30:13+00:00","author":{"@id":"https:\/\/akunq.net\/tr\/#\/schema\/person\/096f1d38a12cce57fb855b485ed24c9e"},"breadcrumb":{"@id":"https:\/\/akunq.net\/tr\/?p=61162#breadcrumb"},"inLanguage":"en-US","potentialAction":[{"@type":"ReadAction","target":["https:\/\/akunq.net\/tr\/?p=61162"]}]},{"@type":"ImageObject","inLanguage":"en-US","@id":"https:\/\/akunq.net\/tr\/?p=61162#primaryimage","url":"https:\/\/akunq.net\/tr\/wp-content\/uploads\/sites\/6\/2021\/01\/Ad\u0131yaman\u2019da-yeni-bir-bitki.jpg","contentUrl":"https:\/\/akunq.net\/tr\/wp-content\/uploads\/sites\/6\/2021\/01\/Ad\u0131yaman\u2019da-yeni-bir-bitki.jpg","width":640,"height":360},{"@type":"BreadcrumbList","@id":"https:\/\/akunq.net\/tr\/?p=61162#breadcrumb","itemListElement":[{"@type":"ListItem","position":1,"name":"Home","item":"https:\/\/akunq.net\/tr"},{"@type":"ListItem","position":2,"name":"Ad\u0131yaman\u2019da yeni bir bitki t\u00fcr\u00fc ke\u015ffedildi"}]},{"@type":"WebSite","@id":"https:\/\/akunq.net\/tr\/#website","url":"https:\/\/akunq.net\/tr\/","name":"Bati Ermenistan Ve Bati Ermenileri Sorunlari Ara\u015ftirmalar Merkezi","description":"","potentialAction":[{"@type":"SearchAction","target":{"@type":"EntryPoint","urlTemplate":"https:\/\/akunq.net\/tr\/?s={search_term_string}"},"query-input":{"@type":"PropertyValueSpecification","valueRequired":true,"valueName":"search_term_string"}}],"inLanguage":"en-US"},{"@type":"Person","@id":"https:\/\/akunq.net\/tr\/#\/schema\/person\/096f1d38a12cce57fb855b485ed24c9e","name":"admin","url":"https:\/\/akunq.net\/tr\/?author=7"}]}},"_links":{"self":[{"href":"https:\/\/akunq.net\/tr\/index.php?rest_route=\/wp\/v2\/posts\/61162","targetHints":{"allow":["GET"]}}],"collection":[{"href":"https:\/\/akunq.net\/tr\/index.php?rest_route=\/wp\/v2\/posts"}],"about":[{"href":"https:\/\/akunq.net\/tr\/index.php?rest_route=\/wp\/v2\/types\/post"}],"author":[{"embeddable":true,"href":"https:\/\/akunq.net\/tr\/index.php?rest_route=\/wp\/v2\/users\/7"}],"replies":[{"embeddable":true,"href":"https:\/\/akunq.net\/tr\/index.php?rest_route=%2Fwp%2Fv2%2Fcomments&post=61162"}],"version-history":[{"count":1,"href":"https:\/\/akunq.net\/tr\/index.php?rest_route=\/wp\/v2\/posts\/61162\/revisions"}],"predecessor-version":[{"id":61164,"href":"https:\/\/akunq.net\/tr\/index.php?rest_route=\/wp\/v2\/posts\/61162\/revisions\/61164"}],"wp:featuredmedia":[{"embeddable":true,"href":"https:\/\/akunq.net\/tr\/index.php?rest_route=\/wp\/v2\/media\/61163"}],"wp:attachment":[{"href":"https:\/\/akunq.net\/tr\/index.php?rest_route=%2Fwp%2Fv2%2Fmedia&parent=61162"}],"wp:term":[{"taxonomy":"category","embeddable":true,"href":"https:\/\/akunq.net\/tr\/index.php?rest_route=%2Fwp%2Fv2%2Fcategories&post=61162"},{"taxonomy":"post_tag","embeddable":true,"href":"https:\/\/akunq.net\/tr\/index.php?rest_route=%2Fwp%2Fv2%2Ftags&post=61162"}],"curies":[{"name":"wp","href":"https:\/\/api.w.org\/{rel}","templated":true}]}}