{"id":61153,"date":"2021-01-26T01:51:51","date_gmt":"2021-01-26T06:51:51","guid":{"rendered":"https:\/\/akunq.net\/tr\/?p=61153"},"modified":"2021-01-26T01:51:51","modified_gmt":"2021-01-26T06:51:51","slug":"gavur-mahallesinden-gecmeden-gazetecilige-gecilir-mi","status":"publish","type":"post","link":"https:\/\/akunq.net\/tr\/?p=61153","title":{"rendered":"G\u00e2vur Mahallesi\u2019nden ge\u00e7meden, gazetecili\u011fe ge\u00e7ilir mi?"},"content":{"rendered":"<h4><img loading=\"lazy\" decoding=\"async\" class=\"aligncenter size-medium wp-image-61154\" src=\"https:\/\/akunq.net\/tr\/wp-content\/uploads\/2021\/01\/Kay\u0131han-G\u00fcven-360x233.jpg\" alt=\"\" width=\"360\" height=\"233\" srcset=\"https:\/\/akunq.net\/tr\/wp-content\/uploads\/sites\/6\/2021\/01\/Kay\u0131han-G\u00fcven-360x233.jpg 360w, https:\/\/akunq.net\/tr\/wp-content\/uploads\/sites\/6\/2021\/01\/Kay\u0131han-G\u00fcven-768x497.jpg 768w, https:\/\/akunq.net\/tr\/wp-content\/uploads\/sites\/6\/2021\/01\/Kay\u0131han-G\u00fcven-560x362.jpg 560w, https:\/\/akunq.net\/tr\/wp-content\/uploads\/sites\/6\/2021\/01\/Kay\u0131han-G\u00fcven-260x168.jpg 260w, https:\/\/akunq.net\/tr\/wp-content\/uploads\/sites\/6\/2021\/01\/Kay\u0131han-G\u00fcven-160x104.jpg 160w, https:\/\/akunq.net\/tr\/wp-content\/uploads\/sites\/6\/2021\/01\/Kay\u0131han-G\u00fcven.jpg 1020w\" sizes=\"auto, (max-width: 360px) 100vw, 360px\" \/><\/h4>\n<h4><em><strong>Marmara \u00dcniversitesi \u0130leti\u015fim Fak\u00fcltesi&#8217;nin sevilen hocalar\u0131ndan Kay\u0131han G\u00fcven ge\u00e7ti\u011fimiz g\u00fcnlerde 68 ya\u015f\u0131nda hayatan\u0131 kaybetti. Marmara \u00dcniversitesi&#8217;nde \u00fc\u00e7 kez &#8216;Y\u0131l\u0131n Hocas\u0131&#8217; \u00f6d\u00fcl\u00fcne lay\u0131k g\u00f6r\u00fclen G\u00fcven son olarak \u0130stanbul Ayd\u0131n \u00dcniversitesi&#8217;nde g\u00f6rev yapmaktayd\u0131. Kay\u0131han G\u00fcven&#8217;in \u00f6\u011frencilerinden G\u00fcler Emektar, derslerinde mutlaka &#8220;Gavur Mahallesi&#8221;ni okutan hocas\u0131n\u0131n ard\u0131ndan yazd\u0131.<\/strong><\/em><\/h4>\n<p><strong>G\u00dcLER EMEKTAR\u00a0<\/strong><\/p>\n<p>Marmara \u00dcniversitesi \u0130leti\u015fim Fak\u00fcltesi Gazetecilik B\u00f6l\u00fcm\u00fc\u2019ne yaz\u0131ld\u0131\u011f\u0131mda, M\u0131g\u0131rdi\u00e7 Margosyan\u2019\u0131n \u2018G\u00e2vur Mahallesi\u2019 kitab\u0131 yay\u0131mlanal\u0131 alt\u0131 sene olmu\u015ftu. Fak\u00fclteye gitmek i\u00e7in kendi k\u00fc\u00e7\u00fck mahallemden \u00e7\u0131k\u0131p hi\u00e7 bilmedi\u011fim bir semte, Ni\u015fanta\u015f\u0131\u2019na do\u011fru yol al\u0131rken de\u011fil G\u00e2vur Mahallesi\u2019nden haberdar olmak, ya\u015fad\u0131\u011f\u0131m \u015fehrin ba\u015fka mahallelerine, ba\u015fka semtlerine bile yabanc\u0131yd\u0131m. \u00dcniversitenin ilk zamanlar\u0131 \u015ei\u015fli\u2019de k\u0131sa turlar at\u0131yor, yolumu en \u00e7ok Beyo\u011flu, Be\u015fikta\u015f, Emin\u00f6n\u00fc\u2019ne kadar uzat\u0131p bu \u015fehrin sokaklar\u0131na \u00e7ok da kar\u0131\u015famadan eve d\u00f6n\u00fcyordum. Arkada\u015flar vard\u0131, haftada bir iki g\u00fcn arkada\u015flarla ge\u00e7irilen g\u00fczel zamanlar vard\u0131, bolca otob\u00fcs \u00e7ilesi vard\u0131, ama arka planda t\u00fcm bunlar\u0131n tutundu\u011fu bir \u015fehir hen\u00fcz belirmemi\u015fti\u2026 Bir yerlerde vard\u0131ysa da ben onun pe\u015finden gidecek bir meraka d\u00fc\u015fmemi\u015ftim daha\u2026<\/p>\n<p>\u0130lerleyen aylarda yava\u015f yava\u015f \u0130stanbul\u2019la fl\u00f6rtle\u015fmeler ba\u015flam\u0131\u015f, yollar her defas\u0131nda biraz daha uzat\u0131lm\u0131\u015ft\u0131 ki bu kez de mesle\u011fi nerede, nas\u0131l yapaca\u011f\u0131m\u0131n belirsizli\u011fi sa\u011f\u0131mdan solumdan \u00e7eki\u015ftirir olmu\u015ftu. Daha \u00fcniversitenin ilk y\u0131l\u0131yd\u0131 ve bunun da ne acelesi vard\u0131? Soruya kendinden emin, net bir yan\u0131t verememek, giderek daha \u00e7ok omuzlar\u0131m\u0131 d\u00fc\u015f\u00fcr\u00fcyordu. Tam da bu \u015fa\u015fk\u0131nl\u0131\u011f\u0131n ortas\u0131nda bir y\u00f6n bulmaya \u00e7al\u0131\u015f\u0131rken, yolum \u00fcniversitenin haber ajans\u0131yla yani M\u0130HA (Marmara \u0130leti\u015fim Haber Ajans\u0131) ile kesi\u015fti. Fak\u00fclte bah\u00e7esinde, \u00e7ekid\u00fczen verilmi\u015f bir barakay\u0131 kendine mek\u00e2n edinmi\u015f ajans\u0131n kap\u0131s\u0131n\u0131 aralad\u0131\u011f\u0131mda, beklentim sadece mesleki anlamda biraz yol kat edebilmekti. 5N1K neymi\u015f, iyice bir \u00f6\u011frenir, sonra da yolumu tutar\u0131m diye d\u00fc\u015f\u00fcn\u00fcyordum. \u00d6yle olmad\u0131. \u00c7\u00fcnk\u00fc o kap\u0131n\u0131n ard\u0131nda ne gazetecilik 5N1K\u2019dan ibaretti ne de \u0130stanbul benimki kadar k\u00fc\u00e7\u00fck, d\u00fcz bir \u015fehirdi. Dahas\u0131 meslekte de \u0130stanbul\u2019da da kendi yolumuzu bulmak i\u00e7in \u00f6nce bilmedi\u011fimiz mahallelerde bir g\u00fczel kaybolmam\u0131z gerekiyordu. Diyarbak\u0131r\u2019\u0131n Han\u00e7epek Mahallesi de onlardan biriydi. M\u0131g\u0131rdi\u00e7 Margosyan\u2019\u0131n \u00e7ok sevdi\u011fim G\u00e2vur Mahallesi kitab\u0131yla i\u015fte b\u00f6yle tan\u0131\u015fm\u0131\u015f oldum.<\/p>\n<p><strong>Kay\u0131han G\u00fcven ve \u201cG\u00e2vur Mahallesi\u201d<\/strong><\/p>\n<p>M\u0130HA\u2019n\u0131n Genel Yay\u0131n Y\u00f6netmeni, fak\u00fcltenin pek k\u0131ymetli \u00f6\u011fretim \u00fcyesi, bizimse biricik hocam\u0131z Kay\u0131han G\u00fcven\u2019in, \u201ciyi gazetecili\u011fin\u201d \u015fart\u0131 olarak masam\u0131za b\u0131rakt\u0131\u011f\u0131 kitaplardand\u0131 G\u00e2vur Mahallesi. Ard\u0131ndan \u201cS\u00f6yle Margos Nerelisen?\u201d geldi, ard\u0131ndan \u201cBiletimiz \u0130stanbul\u2019a Kesildi\u201d&#8230; Margosyan, san\u0131yorum \u00e7o\u011fumuzu Ermeni edebiyat\u0131yla da tan\u0131\u015ft\u0131ran ilk yazard\u0131. Yine san\u0131yorum ki baz\u0131lar\u0131m\u0131z Aras Yay\u0131nc\u0131l\u0131k\u2019\u0131n H\u0131divyal Palas\u2019taki yerini de hocam\u0131z\u0131n pe\u015fine tak\u0131larak \u00f6\u011frenmi\u015fti.<\/p>\n<p>Kay\u0131han Hoca\u2019n\u0131n hi\u00e7 durmadan bize ta\u015f\u0131d\u0131\u011f\u0131 kitaplar aras\u0131nda Maria Yordanidu\u2019nun \u201cLoksandra: \u0130stanbul D\u00fc\u015f\u00fc\u201d, Mario Levi\u2019nin \u201c\u0130stanbul Bir Masald\u0131\u201d, Dido Sotiriyu\u2019nun \u201cBenden Selam S\u00f6yle Anadolu\u2019ya\u201d kitaplar\u0131 da vard\u0131. Sait Faik, Ya\u015far Kemal, Fikret Otyam, Orhan Kemal, Sal\u00e2h Birsel, Zeyyat Selimo\u011flu da g\u00fczel T\u00fcrk\u00e7eleri, zengin anlat\u0131lar\u0131, sanki hayat\u0131n i\u00e7inden \u00e7\u0131k\u0131p gelen insanlar\u0131yla zaten hep ba\u015fucumuzda olan yazarlar\u0131m\u0131zd\u0131. Bir \u00e7\u0131kar yol arad\u0131\u011f\u0131m\u0131zda Herodot ve Homeros hemen yan\u0131m\u0131zda belirir; Ara G\u00fcler\u2019in foto\u011fraflar\u0131ysa bizi bilmedi\u011fimiz k\u00f6\u015felere \u00e7a\u011f\u0131r\u0131rd\u0131\u2026<\/p>\n<p>Ba\u015fta hocam\u0131z, sonra tan\u0131\u015ft\u0131\u011f\u0131m\u0131z b\u00fct\u00fcn bu isimler, mesle\u011fimizle, \u0130stanbul\u2019la ve hayatla kurdu\u011fumuz ba\u011f\u0131 ince ince \u00f6rd\u00fcler. Sonra \u0130stanbul bizimle konu\u015fan bir \u015fehre d\u00f6n\u00fc\u015ft\u00fc. Gazetecilikse belli ba\u015fl\u0131 haber \u00f6\u011feleriyle s\u0131n\u0131rl\u0131 kalmay\u0131p r\u00f6portaj\u0131n g\u00fcc\u00fcn\u00fc kullanarak hayat\u0131n \u00f6z\u00fcne do\u011fru \u00e7\u0131kt\u0131\u011f\u0131m\u0131z bir yolculuk halini ald\u0131 bizim i\u00e7in\u2026 Kay\u0131han Hoca da izinden gitti\u011fi Ya\u015far Kemal gibi \u201cT\u00fcrkiye demokrasisinin, memleketi ad\u0131m ad\u0131m dola\u015farak tan\u0131kl\u0131klar\u0131n\u0131 aktaracak r\u00f6portajc\u0131lar sayesinde\u201d geli\u015fece\u011fine inan\u0131yordu. Usta yazar\u0131m\u0131z, romanlar\u0131 kadar \u00f6nemsedi\u011fi r\u00f6portaj gelene\u011fiyle ilgili \u015funlar\u0131 not d\u00fc\u015f\u00fcyordu: \u201cR\u00f6portaj bir yaratmad\u0131r. Ger\u00e7e\u011fe, ger\u00e7e\u011fin, ya\u015fam\u0131n \u00f6z\u00fcne yarat\u0131lmadan var\u0131lamaz. Yaratmadan hi\u00e7 kimse hi\u00e7bir \u015fekilde ger\u00e7e\u011fi yakalayamaz, yakalarsa da kar\u015f\u0131s\u0131ndakine anlatamaz. Haber ger\u00e7ek de\u011fil mi, bence haber ger\u00e7e\u011fin simgesidir. Haberin arkas\u0131nda neler var, neler d\u00f6n\u00fcyor, ne ya\u015famlar, dramlar, sevin\u00e7ler var, haber bunu bize veremez. R\u00f6portaj haberin varamad\u0131\u011f\u0131 yere varand\u0131r, nas\u0131l, yaratarak, ger\u00e7e\u011fi de\u011fi\u015ftirerek de\u011fil, yaratarak.\u201d Ve \u015f\u00fcphesiz ki r\u00f6portaj, tan\u0131kl\u0131klar\u0131yla T\u00fcrkiye\u2019ye sadece\u00a0 demokrasi i\u00e7in de\u011fil bas\u0131n sekt\u00f6r\u00fc i\u00e7in de nefes ald\u0131ran, \u00f6zg\u00fcrle\u015ftiren, zenginle\u015ftiren bir hava deli\u011fi olacakt\u0131\u2026<\/p>\n<p>Daha yolun ba\u015f\u0131ndayken, G\u00e2vur Mahallesi\u2019nden \u00e7\u0131k\u0131p haber n\u00f6beti tuttu\u011fumuzda tan\u0131k olduklar\u0131m\u0131z, ne \u00f6teki, ne dekoratif bir s\u00fcs, ne sofrada bir tat ne de mozaikteki bir renkti.<\/p>\n<p>Bizim tan\u0131kl\u0131klar\u0131m\u0131zda bilinmeyen diller, tan\u0131nmayan kimlikler, yerden kendili\u011finden bitmi\u015f k\u00fclt\u00fcrler, miraslar yoktu\u2026 Her \u015fey, herkes bu iklimin sahibi, bu ruhun kendisiydi\u2026 Loksandra\u2019n\u0131n \u0130stanbul D\u00fc\u015f\u00fc \u00f6ylesine canl\u0131, \u00f6ylesine ger\u00e7ekti ki \u00e7a\u011f\u0131n karma\u015fas\u0131na yenik d\u00fc\u015fm\u00fc\u015f say\u0131lar\u0131n bir anlam\u0131 kalm\u0131yordu\u2026 Hem zaten hepimizin g\u00f6bek ba\u011f\u0131n\u0131 Kure Mama kesmemi\u015f miydi?<\/p>\n<p><strong>Ruhban Okulu\u2019na yolculuklar<\/strong><\/p>\n<p>Hi\u00e7 ku\u015fku yok ki hocam\u0131z bunlar\u0131 hissetmeden, bu hislerle y\u00fczle\u015fmeden yapaca\u011f\u0131m\u0131z gazetecili\u011fin eksik kalaca\u011f\u0131n\u0131 d\u00fc\u015f\u00fcn\u00fcyordu\u2026 O haber n\u00f6betleri bizi s\u0131k s\u0131k Heybeliada Ruhban Okulu\u2019na g\u00f6t\u00fcrd\u00fc; ne zaman a\u00e7\u0131lacak sorusunu M\u0130HALILAR olarak bir ku\u015faktan \u00f6tekine aktar\u0131p durduk\u2026 O haber n\u00f6betleri bizi s\u0131k s\u0131k B\u00fcy\u00fckada\u2019daki Rum Yetimhanesi\u2019ne de g\u00f6t\u00fcrd\u00fc. \u0130stanbul\u2019un en \u00f6nemli haf\u0131za mekanlar\u0131ndan birinin, bu 206 odal\u0131 derin sessizli\u011fin, bize anlatt\u0131klar\u0131n\u0131 duymadan yolumuza devam edemedik\u2026 O haberlerden biri, 2003 y\u0131l\u0131n\u0131n bir yaz ay\u0131nda beni Agos Gazetesi\u2019ne, Hrant Dink\u2019in odas\u0131na kadar getirdi. Hrant Abi ile K\u0131nal\u0131ada\u2019n\u0131n ba\u015f\u0131na bela olmu\u015f antenlerin, o \u00fcrk\u00fct\u00fcc\u00fc g\u00f6r\u00fcnt\u00fcleriyle ada halk\u0131n\u0131n sa\u011fl\u0131\u011f\u0131na de\u011filse bile hayatlar\u0131n\u0131n tam ortas\u0131na nas\u0131l kanserojen bir etki sald\u0131klar\u0131n\u0131 konu\u015fmu\u015ftuk\u2026<\/p>\n<p>Aradan uzunca bir zaman ge\u00e7ti. \u0130\u00e7inde daldan dala savruldu\u011fumuz bas\u0131n sekt\u00f6r\u00fc, M\u0130HA\u2019n\u0131n o k\u00fc\u00e7\u00fck odas\u0131na hi\u00e7 benzemedi\u2026 Sevgili hocam\u0131z Kay\u0131han G\u00fcven\u2019in bize \u00f6\u011fretti\u011fi t\u00fcrden bir gazetecili\u011fi ne derece devam ettirebildik, hayat\u0131n \u00f6z\u00fcne ger\u00e7ekten dokunabildik mi, hatta gazeteci olabildik mi, do\u011frusu pek emin de\u011filim. Ama kendi ad\u0131ma kestirmeden \u015funu s\u00f6yleyebilirim: Etrafta g\u00f6rd\u00fc\u011f\u00fcm herkesle konu\u015fabilece\u011fimi, her \u015feyle bir ba\u011f kurabilece\u011fimi, sokaklar\u0131n da mekanlar\u0131n da bir haf\u0131za bar\u0131nd\u0131rabilece\u011fini ilk ondan \u00f6\u011frendim&#8230; \u0130laveten: B\u00fcy\u00fcd\u00fck\u00e7e anadilimle daha da kayna\u015ft\u0131ysam, aidiyetlerimle daha da bar\u0131\u015ft\u0131ysam \u015f\u00fcphe yok ki bunda M\u0131g\u0131rdi\u00e7 Margosyan\u2019\u0131n da hakk\u0131 vard\u0131r\u2026<\/p>\n<p>G\u00fcle g\u00fcle can\u0131m hocam; sizden sonra da \u0130stanbul\u2019a Hagop M\u0131ntzuri\u2019nin merakl\u0131 g\u00f6zleriyle bakmaya, yolumu bulmak i\u00e7in G\u00e2vur Mahallesi\u2019nde kaybolmaya devam edece\u011fim.<\/p>\n<p>M\u0130HALI \u00f6\u011frenci dostunuz G\u00fclerjan.<\/p>\n<p><em>guleremektar@gmail.com<\/em><\/p>\n<p><em>FOTO: \u0130stanbul Ayd\u0131n \u00dcniversitesi\u00a0<\/em><\/p>\n<p><em><strong>http:\/\/www.agos.com.tr\/tr\/yazi\/25233\/gvur-mahallesinden-gecmeden-gazetecilige-gecilir-mi\u00a0<\/strong><\/em><\/p>\n","protected":false},"excerpt":{"rendered":"<p>Marmara \u00dcniversitesi \u0130leti\u015fim Fak\u00fcltesi&#8217;nin sevilen hocalar\u0131ndan Kay\u0131han G\u00fcven ge\u00e7ti\u011fimiz g\u00fcnlerde 68 ya\u015f\u0131nda hayatan\u0131 kaybetti. Marmara \u00dcniversitesi&#8217;nde \u00fc\u00e7 kez &#8216;Y\u0131l\u0131n Hocas\u0131&#8217; \u00f6d\u00fcl\u00fcne lay\u0131k g\u00f6r\u00fclen G\u00fcven son olarak \u0130stanbul Ayd\u0131n \u00dcniversitesi&#8217;nde g\u00f6rev yapmaktayd\u0131. Kay\u0131han G\u00fcven&#8217;in \u00f6\u011frencilerinden G\u00fcler Emektar, derslerinde mutlaka &#8220;Gavur Mahallesi&#8221;ni okutan hocas\u0131n\u0131n ard\u0131ndan yazd\u0131. G\u00dcLER EMEKTAR\u00a0 Marmara \u00dcniversitesi \u0130leti\u015fim Fak\u00fcltesi Gazetecilik B\u00f6l\u00fcm\u00fc\u2019ne yaz\u0131ld\u0131\u011f\u0131mda, M\u0131g\u0131rdi\u00e7 Margosyan\u2019\u0131n [&hellip;]<\/p>\n","protected":false},"author":7,"featured_media":61154,"comment_status":"open","ping_status":"open","sticky":false,"template":"","format":"standard","meta":{"footnotes":""},"categories":[1,70],"tags":[],"class_list":["post-61153","post","type-post","status-publish","format-standard","has-post-thumbnail","hentry","category-haberler","category-makaleler"],"yoast_head":"<!-- This site is optimized with the Yoast SEO plugin v27.4 - https:\/\/yoast.com\/product\/yoast-seo-wordpress\/ -->\n<title>G\u00e2vur Mahallesi\u2019nden ge\u00e7meden, gazetecili\u011fe ge\u00e7ilir mi? - Bati Ermenistan Ve Bati Ermenileri Sorunlari Ara\u015ftirmalar Merkezi<\/title>\n<meta name=\"robots\" content=\"index, follow, max-snippet:-1, max-image-preview:large, max-video-preview:-1\" \/>\n<link rel=\"canonical\" href=\"https:\/\/akunq.net\/tr\/?p=61153\" \/>\n<meta property=\"og:locale\" content=\"en_US\" \/>\n<meta property=\"og:type\" content=\"article\" \/>\n<meta property=\"og:title\" content=\"G\u00e2vur Mahallesi\u2019nden ge\u00e7meden, gazetecili\u011fe ge\u00e7ilir mi? - Bati Ermenistan Ve Bati Ermenileri Sorunlari Ara\u015ftirmalar Merkezi\" \/>\n<meta property=\"og:description\" content=\"Marmara \u00dcniversitesi \u0130leti\u015fim Fak\u00fcltesi&#8217;nin sevilen hocalar\u0131ndan Kay\u0131han G\u00fcven ge\u00e7ti\u011fimiz g\u00fcnlerde 68 ya\u015f\u0131nda hayatan\u0131 kaybetti. Marmara \u00dcniversitesi&#8217;nde \u00fc\u00e7 kez &#8216;Y\u0131l\u0131n Hocas\u0131&#8217; \u00f6d\u00fcl\u00fcne lay\u0131k g\u00f6r\u00fclen G\u00fcven son olarak \u0130stanbul Ayd\u0131n \u00dcniversitesi&#8217;nde g\u00f6rev yapmaktayd\u0131. Kay\u0131han G\u00fcven&#8217;in \u00f6\u011frencilerinden G\u00fcler Emektar, derslerinde mutlaka &#8220;Gavur Mahallesi&#8221;ni okutan hocas\u0131n\u0131n ard\u0131ndan yazd\u0131. G\u00dcLER EMEKTAR\u00a0 Marmara \u00dcniversitesi \u0130leti\u015fim Fak\u00fcltesi Gazetecilik B\u00f6l\u00fcm\u00fc\u2019ne yaz\u0131ld\u0131\u011f\u0131mda, M\u0131g\u0131rdi\u00e7 Margosyan\u2019\u0131n [&hellip;]\" \/>\n<meta property=\"og:url\" content=\"https:\/\/akunq.net\/tr\/?p=61153\" \/>\n<meta property=\"og:site_name\" content=\"Bati Ermenistan Ve Bati Ermenileri Sorunlari Ara\u015ftirmalar Merkezi\" \/>\n<meta property=\"article:published_time\" content=\"2021-01-26T06:51:51+00:00\" \/>\n<meta property=\"og:image\" content=\"https:\/\/akunq.net\/tr\/wp-content\/uploads\/sites\/6\/2021\/01\/Kay\u0131han-G\u00fcven.jpg\" \/>\n\t<meta property=\"og:image:width\" content=\"1020\" \/>\n\t<meta property=\"og:image:height\" content=\"660\" \/>\n\t<meta property=\"og:image:type\" content=\"image\/jpeg\" \/>\n<meta name=\"author\" content=\"admin\" \/>\n<meta name=\"twitter:card\" content=\"summary_large_image\" \/>\n<meta name=\"twitter:label1\" content=\"Written by\" \/>\n\t<meta name=\"twitter:data1\" content=\"admin\" \/>\n\t<meta name=\"twitter:label2\" content=\"Est. reading time\" \/>\n\t<meta name=\"twitter:data2\" content=\"7 minutes\" \/>\n<script type=\"application\/ld+json\" class=\"yoast-schema-graph\">{\"@context\":\"https:\\\/\\\/schema.org\",\"@graph\":[{\"@type\":\"Article\",\"@id\":\"https:\\\/\\\/akunq.net\\\/tr\\\/?p=61153#article\",\"isPartOf\":{\"@id\":\"https:\\\/\\\/akunq.net\\\/tr\\\/?p=61153\"},\"author\":{\"name\":\"admin\",\"@id\":\"https:\\\/\\\/akunq.net\\\/tr\\\/#\\\/schema\\\/person\\\/096f1d38a12cce57fb855b485ed24c9e\"},\"headline\":\"G\u00e2vur Mahallesi\u2019nden ge\u00e7meden, gazetecili\u011fe ge\u00e7ilir mi?\",\"datePublished\":\"2021-01-26T06:51:51+00:00\",\"mainEntityOfPage\":{\"@id\":\"https:\\\/\\\/akunq.net\\\/tr\\\/?p=61153\"},\"wordCount\":1384,\"commentCount\":0,\"image\":{\"@id\":\"https:\\\/\\\/akunq.net\\\/tr\\\/?p=61153#primaryimage\"},\"thumbnailUrl\":\"https:\\\/\\\/akunq.net\\\/tr\\\/wp-content\\\/uploads\\\/sites\\\/6\\\/2021\\\/01\\\/Kay\u0131han-G\u00fcven.jpg\",\"articleSection\":[\"Haberler\",\"Makaleler\"],\"inLanguage\":\"en-US\",\"potentialAction\":[{\"@type\":\"CommentAction\",\"name\":\"Comment\",\"target\":[\"https:\\\/\\\/akunq.net\\\/tr\\\/?p=61153#respond\"]}]},{\"@type\":\"WebPage\",\"@id\":\"https:\\\/\\\/akunq.net\\\/tr\\\/?p=61153\",\"url\":\"https:\\\/\\\/akunq.net\\\/tr\\\/?p=61153\",\"name\":\"G\u00e2vur Mahallesi\u2019nden ge\u00e7meden, gazetecili\u011fe ge\u00e7ilir mi? - Bati Ermenistan Ve Bati Ermenileri Sorunlari Ara\u015ftirmalar Merkezi\",\"isPartOf\":{\"@id\":\"https:\\\/\\\/akunq.net\\\/tr\\\/#website\"},\"primaryImageOfPage\":{\"@id\":\"https:\\\/\\\/akunq.net\\\/tr\\\/?p=61153#primaryimage\"},\"image\":{\"@id\":\"https:\\\/\\\/akunq.net\\\/tr\\\/?p=61153#primaryimage\"},\"thumbnailUrl\":\"https:\\\/\\\/akunq.net\\\/tr\\\/wp-content\\\/uploads\\\/sites\\\/6\\\/2021\\\/01\\\/Kay\u0131han-G\u00fcven.jpg\",\"datePublished\":\"2021-01-26T06:51:51+00:00\",\"author\":{\"@id\":\"https:\\\/\\\/akunq.net\\\/tr\\\/#\\\/schema\\\/person\\\/096f1d38a12cce57fb855b485ed24c9e\"},\"breadcrumb\":{\"@id\":\"https:\\\/\\\/akunq.net\\\/tr\\\/?p=61153#breadcrumb\"},\"inLanguage\":\"en-US\",\"potentialAction\":[{\"@type\":\"ReadAction\",\"target\":[\"https:\\\/\\\/akunq.net\\\/tr\\\/?p=61153\"]}]},{\"@type\":\"ImageObject\",\"inLanguage\":\"en-US\",\"@id\":\"https:\\\/\\\/akunq.net\\\/tr\\\/?p=61153#primaryimage\",\"url\":\"https:\\\/\\\/akunq.net\\\/tr\\\/wp-content\\\/uploads\\\/sites\\\/6\\\/2021\\\/01\\\/Kay\u0131han-G\u00fcven.jpg\",\"contentUrl\":\"https:\\\/\\\/akunq.net\\\/tr\\\/wp-content\\\/uploads\\\/sites\\\/6\\\/2021\\\/01\\\/Kay\u0131han-G\u00fcven.jpg\",\"width\":1020,\"height\":660},{\"@type\":\"BreadcrumbList\",\"@id\":\"https:\\\/\\\/akunq.net\\\/tr\\\/?p=61153#breadcrumb\",\"itemListElement\":[{\"@type\":\"ListItem\",\"position\":1,\"name\":\"Home\",\"item\":\"https:\\\/\\\/akunq.net\\\/tr\"},{\"@type\":\"ListItem\",\"position\":2,\"name\":\"G\u00e2vur Mahallesi\u2019nden ge\u00e7meden, gazetecili\u011fe ge\u00e7ilir mi?\"}]},{\"@type\":\"WebSite\",\"@id\":\"https:\\\/\\\/akunq.net\\\/tr\\\/#website\",\"url\":\"https:\\\/\\\/akunq.net\\\/tr\\\/\",\"name\":\"Bati Ermenistan Ve Bati Ermenileri Sorunlari Ara\u015ftirmalar Merkezi\",\"description\":\"\",\"potentialAction\":[{\"@type\":\"SearchAction\",\"target\":{\"@type\":\"EntryPoint\",\"urlTemplate\":\"https:\\\/\\\/akunq.net\\\/tr\\\/?s={search_term_string}\"},\"query-input\":{\"@type\":\"PropertyValueSpecification\",\"valueRequired\":true,\"valueName\":\"search_term_string\"}}],\"inLanguage\":\"en-US\"},{\"@type\":\"Person\",\"@id\":\"https:\\\/\\\/akunq.net\\\/tr\\\/#\\\/schema\\\/person\\\/096f1d38a12cce57fb855b485ed24c9e\",\"name\":\"admin\",\"url\":\"https:\\\/\\\/akunq.net\\\/tr\\\/?author=7\"}]}<\/script>\n<!-- \/ Yoast SEO plugin. -->","yoast_head_json":{"title":"G\u00e2vur Mahallesi\u2019nden ge\u00e7meden, gazetecili\u011fe ge\u00e7ilir mi? - Bati Ermenistan Ve Bati Ermenileri Sorunlari Ara\u015ftirmalar Merkezi","robots":{"index":"index","follow":"follow","max-snippet":"max-snippet:-1","max-image-preview":"max-image-preview:large","max-video-preview":"max-video-preview:-1"},"canonical":"https:\/\/akunq.net\/tr\/?p=61153","og_locale":"en_US","og_type":"article","og_title":"G\u00e2vur Mahallesi\u2019nden ge\u00e7meden, gazetecili\u011fe ge\u00e7ilir mi? - Bati Ermenistan Ve Bati Ermenileri Sorunlari Ara\u015ftirmalar Merkezi","og_description":"Marmara \u00dcniversitesi \u0130leti\u015fim Fak\u00fcltesi&#8217;nin sevilen hocalar\u0131ndan Kay\u0131han G\u00fcven ge\u00e7ti\u011fimiz g\u00fcnlerde 68 ya\u015f\u0131nda hayatan\u0131 kaybetti. Marmara \u00dcniversitesi&#8217;nde \u00fc\u00e7 kez &#8216;Y\u0131l\u0131n Hocas\u0131&#8217; \u00f6d\u00fcl\u00fcne lay\u0131k g\u00f6r\u00fclen G\u00fcven son olarak \u0130stanbul Ayd\u0131n \u00dcniversitesi&#8217;nde g\u00f6rev yapmaktayd\u0131. Kay\u0131han G\u00fcven&#8217;in \u00f6\u011frencilerinden G\u00fcler Emektar, derslerinde mutlaka &#8220;Gavur Mahallesi&#8221;ni okutan hocas\u0131n\u0131n ard\u0131ndan yazd\u0131. G\u00dcLER EMEKTAR\u00a0 Marmara \u00dcniversitesi \u0130leti\u015fim Fak\u00fcltesi Gazetecilik B\u00f6l\u00fcm\u00fc\u2019ne yaz\u0131ld\u0131\u011f\u0131mda, M\u0131g\u0131rdi\u00e7 Margosyan\u2019\u0131n [&hellip;]","og_url":"https:\/\/akunq.net\/tr\/?p=61153","og_site_name":"Bati Ermenistan Ve Bati Ermenileri Sorunlari Ara\u015ftirmalar Merkezi","article_published_time":"2021-01-26T06:51:51+00:00","og_image":[{"width":1020,"height":660,"url":"https:\/\/akunq.net\/tr\/wp-content\/uploads\/sites\/6\/2021\/01\/Kay\u0131han-G\u00fcven.jpg","type":"image\/jpeg"}],"author":"admin","twitter_card":"summary_large_image","twitter_misc":{"Written by":"admin","Est. reading time":"7 minutes"},"schema":{"@context":"https:\/\/schema.org","@graph":[{"@type":"Article","@id":"https:\/\/akunq.net\/tr\/?p=61153#article","isPartOf":{"@id":"https:\/\/akunq.net\/tr\/?p=61153"},"author":{"name":"admin","@id":"https:\/\/akunq.net\/tr\/#\/schema\/person\/096f1d38a12cce57fb855b485ed24c9e"},"headline":"G\u00e2vur Mahallesi\u2019nden ge\u00e7meden, gazetecili\u011fe ge\u00e7ilir mi?","datePublished":"2021-01-26T06:51:51+00:00","mainEntityOfPage":{"@id":"https:\/\/akunq.net\/tr\/?p=61153"},"wordCount":1384,"commentCount":0,"image":{"@id":"https:\/\/akunq.net\/tr\/?p=61153#primaryimage"},"thumbnailUrl":"https:\/\/akunq.net\/tr\/wp-content\/uploads\/sites\/6\/2021\/01\/Kay\u0131han-G\u00fcven.jpg","articleSection":["Haberler","Makaleler"],"inLanguage":"en-US","potentialAction":[{"@type":"CommentAction","name":"Comment","target":["https:\/\/akunq.net\/tr\/?p=61153#respond"]}]},{"@type":"WebPage","@id":"https:\/\/akunq.net\/tr\/?p=61153","url":"https:\/\/akunq.net\/tr\/?p=61153","name":"G\u00e2vur Mahallesi\u2019nden ge\u00e7meden, gazetecili\u011fe ge\u00e7ilir mi? - Bati Ermenistan Ve Bati Ermenileri Sorunlari Ara\u015ftirmalar Merkezi","isPartOf":{"@id":"https:\/\/akunq.net\/tr\/#website"},"primaryImageOfPage":{"@id":"https:\/\/akunq.net\/tr\/?p=61153#primaryimage"},"image":{"@id":"https:\/\/akunq.net\/tr\/?p=61153#primaryimage"},"thumbnailUrl":"https:\/\/akunq.net\/tr\/wp-content\/uploads\/sites\/6\/2021\/01\/Kay\u0131han-G\u00fcven.jpg","datePublished":"2021-01-26T06:51:51+00:00","author":{"@id":"https:\/\/akunq.net\/tr\/#\/schema\/person\/096f1d38a12cce57fb855b485ed24c9e"},"breadcrumb":{"@id":"https:\/\/akunq.net\/tr\/?p=61153#breadcrumb"},"inLanguage":"en-US","potentialAction":[{"@type":"ReadAction","target":["https:\/\/akunq.net\/tr\/?p=61153"]}]},{"@type":"ImageObject","inLanguage":"en-US","@id":"https:\/\/akunq.net\/tr\/?p=61153#primaryimage","url":"https:\/\/akunq.net\/tr\/wp-content\/uploads\/sites\/6\/2021\/01\/Kay\u0131han-G\u00fcven.jpg","contentUrl":"https:\/\/akunq.net\/tr\/wp-content\/uploads\/sites\/6\/2021\/01\/Kay\u0131han-G\u00fcven.jpg","width":1020,"height":660},{"@type":"BreadcrumbList","@id":"https:\/\/akunq.net\/tr\/?p=61153#breadcrumb","itemListElement":[{"@type":"ListItem","position":1,"name":"Home","item":"https:\/\/akunq.net\/tr"},{"@type":"ListItem","position":2,"name":"G\u00e2vur Mahallesi\u2019nden ge\u00e7meden, gazetecili\u011fe ge\u00e7ilir mi?"}]},{"@type":"WebSite","@id":"https:\/\/akunq.net\/tr\/#website","url":"https:\/\/akunq.net\/tr\/","name":"Bati Ermenistan Ve Bati Ermenileri Sorunlari Ara\u015ftirmalar Merkezi","description":"","potentialAction":[{"@type":"SearchAction","target":{"@type":"EntryPoint","urlTemplate":"https:\/\/akunq.net\/tr\/?s={search_term_string}"},"query-input":{"@type":"PropertyValueSpecification","valueRequired":true,"valueName":"search_term_string"}}],"inLanguage":"en-US"},{"@type":"Person","@id":"https:\/\/akunq.net\/tr\/#\/schema\/person\/096f1d38a12cce57fb855b485ed24c9e","name":"admin","url":"https:\/\/akunq.net\/tr\/?author=7"}]}},"_links":{"self":[{"href":"https:\/\/akunq.net\/tr\/index.php?rest_route=\/wp\/v2\/posts\/61153","targetHints":{"allow":["GET"]}}],"collection":[{"href":"https:\/\/akunq.net\/tr\/index.php?rest_route=\/wp\/v2\/posts"}],"about":[{"href":"https:\/\/akunq.net\/tr\/index.php?rest_route=\/wp\/v2\/types\/post"}],"author":[{"embeddable":true,"href":"https:\/\/akunq.net\/tr\/index.php?rest_route=\/wp\/v2\/users\/7"}],"replies":[{"embeddable":true,"href":"https:\/\/akunq.net\/tr\/index.php?rest_route=%2Fwp%2Fv2%2Fcomments&post=61153"}],"version-history":[{"count":1,"href":"https:\/\/akunq.net\/tr\/index.php?rest_route=\/wp\/v2\/posts\/61153\/revisions"}],"predecessor-version":[{"id":61155,"href":"https:\/\/akunq.net\/tr\/index.php?rest_route=\/wp\/v2\/posts\/61153\/revisions\/61155"}],"wp:featuredmedia":[{"embeddable":true,"href":"https:\/\/akunq.net\/tr\/index.php?rest_route=\/wp\/v2\/media\/61154"}],"wp:attachment":[{"href":"https:\/\/akunq.net\/tr\/index.php?rest_route=%2Fwp%2Fv2%2Fmedia&parent=61153"}],"wp:term":[{"taxonomy":"category","embeddable":true,"href":"https:\/\/akunq.net\/tr\/index.php?rest_route=%2Fwp%2Fv2%2Fcategories&post=61153"},{"taxonomy":"post_tag","embeddable":true,"href":"https:\/\/akunq.net\/tr\/index.php?rest_route=%2Fwp%2Fv2%2Ftags&post=61153"}],"curies":[{"name":"wp","href":"https:\/\/api.w.org\/{rel}","templated":true}]}}