{"id":61150,"date":"2021-01-26T01:41:20","date_gmt":"2021-01-26T06:41:20","guid":{"rendered":"https:\/\/akunq.net\/tr\/?p=61150"},"modified":"2021-01-26T01:41:20","modified_gmt":"2021-01-26T06:41:20","slug":"azinlik-toplumlarindan-gencler-turkiye-cumhurbaskanliginda-bir-araya-geldi","status":"publish","type":"post","link":"https:\/\/akunq.net\/tr\/?p=61150","title":{"rendered":"Az\u0131nl\u0131k toplumlar\u0131ndan gen\u00e7ler T\u00fcrkiye Cumhurba\u015fkanl\u0131\u011f\u0131&#8217;nda bir araya geldi"},"content":{"rendered":"<p><img loading=\"lazy\" decoding=\"async\" class=\"aligncenter size-medium wp-image-61151\" src=\"https:\/\/akunq.net\/tr\/wp-content\/uploads\/2021\/01\/Az\u0131nl\u0131k-toplumlar\u0131ndan-gen\u00e7ler-360x270.jpg\" alt=\"\" width=\"360\" height=\"270\" srcset=\"https:\/\/akunq.net\/tr\/wp-content\/uploads\/sites\/6\/2021\/01\/Az\u0131nl\u0131k-toplumlar\u0131ndan-gen\u00e7ler-360x270.jpg 360w, https:\/\/akunq.net\/tr\/wp-content\/uploads\/sites\/6\/2021\/01\/Az\u0131nl\u0131k-toplumlar\u0131ndan-gen\u00e7ler-768x576.jpg 768w, https:\/\/akunq.net\/tr\/wp-content\/uploads\/sites\/6\/2021\/01\/Az\u0131nl\u0131k-toplumlar\u0131ndan-gen\u00e7ler-1536x1152.jpg 1536w, https:\/\/akunq.net\/tr\/wp-content\/uploads\/sites\/6\/2021\/01\/Az\u0131nl\u0131k-toplumlar\u0131ndan-gen\u00e7ler-560x420.jpg 560w, https:\/\/akunq.net\/tr\/wp-content\/uploads\/sites\/6\/2021\/01\/Az\u0131nl\u0131k-toplumlar\u0131ndan-gen\u00e7ler-260x195.jpg 260w, https:\/\/akunq.net\/tr\/wp-content\/uploads\/sites\/6\/2021\/01\/Az\u0131nl\u0131k-toplumlar\u0131ndan-gen\u00e7ler-160x120.jpg 160w, https:\/\/akunq.net\/tr\/wp-content\/uploads\/sites\/6\/2021\/01\/Az\u0131nl\u0131k-toplumlar\u0131ndan-gen\u00e7ler.jpg 1600w\" sizes=\"auto, (max-width: 360px) 100vw, 360px\" \/><\/p>\n<p><em><strong>Ermeni, Rum, S\u00fcryani ve Yahudi toplumlar\u0131ndan gen\u00e7ler T\u00fcrkiye Cumhurba\u015fkanl\u0131\u011f\u0131 \u00d6zel Kalem M\u00fcd\u00fcrleri\u2019nden Hasan Do\u011fan\u2019\u0131n ev sahipli\u011finde, Cumhurba\u015fkanl\u0131\u011f\u0131 K\u00fclliyesi\u2019nde bir araya geldiler.<\/strong><\/em><\/p>\n<p><em>G\u00f6r\u00fc\u015fme 22 Ocak Cuma g\u00fcn\u00fc ger\u00e7ekle\u015fti.<\/em><\/p>\n<p>Toplant\u0131ya, T\u00fcrkiye Ermenileri Patrikli\u011fi ad\u0131na, Patriklik \u201cMentee-Mentor\u201d projesi \u00fcyesi 14 gen\u00e7, proje koordinat\u00f6rlerinden Meri Taksi Deveciyan\u00a0 ve Aras Yolusever rehberli\u011finde kat\u0131ld\u0131.<\/p>\n<p>Toplant\u0131n\u0131n ba\u015f\u0131nda, kat\u0131l\u0131mc\u0131lar \u00f6ncelikle kendilerini tan\u0131tt\u0131 ve temsil ettikleri cemaatler hakk\u0131nda k\u0131saca konu\u015ftu.<\/p>\n<p>Mentee- Mentor projesinden verilen bilgiye g\u00f6re g\u00f6r\u00fc\u015fme esnas\u0131nda gen\u00e7lerin ortak paydada bulu\u015fmas\u0131 ve yeni projeler \u00fcretilmesi gerekti\u011fine de\u011finildi.<\/p>\n<p>Edinilen bilgiye g\u00f6re Ermeni toplumundan Jbid Luys Gezer, konu\u015fmas\u0131nda devletler kadar bireylere de i\u015fler d\u00fc\u015ft\u00fc\u011f\u00fcn\u00fc, az\u0131nl\u0131klar\u0131n k\u00fclt\u00fcrel mozai\u011fin birer par\u00e7as\u0131 oldu\u011funu ve \u00fcstlerine d\u00fc\u015fen g\u00f6revleri yapmalar\u0131 gerekti\u011fini s\u00f6yledi. Janin Azizof\u00a0 da bu tip g\u00f6r\u00fc\u015fmelerin geni\u015f kitlelerle yap\u0131lmas\u0131n\u0131 ve \u00e7ok say\u0131da ki\u015fiyle payla\u015f\u0131mda bulunman\u0131n yararl\u0131 olaca\u011f\u0131n\u0131 s\u00f6yledi.<\/p>\n<p>Cumhurba\u015fkanl\u0131\u011f\u0131 \u00d6zel Kalem M\u00fcd\u00fcr\u00fc Hasan Do\u011fan, bu vesileyle ileti\u015fimin \u00f6nemine vurgu yapt\u0131 ve \u00fclkenin geli\u015fimi i\u00e7in gen\u00e7li\u011fin \u00f6nemine de\u011findi.\u00a0 Benzer bulu\u015fmalar\u0131n tekrarlanmas\u0131n\u0131n, farkl\u0131 cemaat \u00fcyesi gen\u00e7lerin birbirlerini daha iyi tan\u0131malar\u0131 i\u00e7in f\u0131rsat olaca\u011f\u0131n\u0131 s\u00f6yledi. Toplant\u0131 yakla\u015f\u0131k 3 saat s\u00fcrd\u00fc.<\/p>\n<p>Toplant\u0131ya\u00a0 Ermeni toplumundan Nora Ba\u011fam, Norda Lazo\u011flu, Jbid Luys Gezer, \u015eila Paky\u00fcz, Yeraz \u00c7a\u011flayan, Janin Azizof, Lidya \u00c7ulci, Aris Dikran Ni\u015fan, Aksel Pula\u015f, Ayk Gezer, Rudi Ekser, Burak Tan\u0131\u015fman, \u00dcmit Ta\u015fk\u00f6pr\u00fc ve Sevag Uluk kat\u0131ld\u0131.<\/p>\n<p><em><strong>https:\/\/www.ermenihaber.am\/tr\/news\/2021\/01\/25\/Ermeni-Yahudi-Suryani-T%C3%BCrkiye\/201100\u00a0<\/strong><\/em><\/p>\n","protected":false},"excerpt":{"rendered":"<p>Ermeni, Rum, S\u00fcryani ve Yahudi toplumlar\u0131ndan gen\u00e7ler T\u00fcrkiye Cumhurba\u015fkanl\u0131\u011f\u0131 \u00d6zel Kalem M\u00fcd\u00fcrleri\u2019nden Hasan Do\u011fan\u2019\u0131n ev sahipli\u011finde, Cumhurba\u015fkanl\u0131\u011f\u0131 K\u00fclliyesi\u2019nde bir araya geldiler. G\u00f6r\u00fc\u015fme 22 Ocak Cuma g\u00fcn\u00fc ger\u00e7ekle\u015fti. Toplant\u0131ya, T\u00fcrkiye Ermenileri Patrikli\u011fi ad\u0131na, Patriklik \u201cMentee-Mentor\u201d projesi \u00fcyesi 14 gen\u00e7, proje koordinat\u00f6rlerinden Meri Taksi Deveciyan\u00a0 ve Aras Yolusever rehberli\u011finde kat\u0131ld\u0131. Toplant\u0131n\u0131n ba\u015f\u0131nda, kat\u0131l\u0131mc\u0131lar \u00f6ncelikle kendilerini tan\u0131tt\u0131 ve [&hellip;]<\/p>\n","protected":false},"author":7,"featured_media":61151,"comment_status":"open","ping_status":"open","sticky":false,"template":"","format":"standard","meta":{"footnotes":""},"categories":[1,53],"tags":[],"class_list":["post-61150","post","type-post","status-publish","format-standard","has-post-thumbnail","hentry","category-haberler","category-turkiyede-azinliklar"],"yoast_head":"<!-- This site is optimized with the Yoast SEO plugin v27.4 - https:\/\/yoast.com\/product\/yoast-seo-wordpress\/ -->\n<title>Az\u0131nl\u0131k toplumlar\u0131ndan gen\u00e7ler T\u00fcrkiye Cumhurba\u015fkanl\u0131\u011f\u0131&#039;nda bir araya geldi - Bati Ermenistan Ve Bati Ermenileri Sorunlari Ara\u015ftirmalar Merkezi<\/title>\n<meta name=\"robots\" content=\"index, follow, max-snippet:-1, max-image-preview:large, max-video-preview:-1\" \/>\n<link rel=\"canonical\" href=\"https:\/\/akunq.net\/tr\/?p=61150\" \/>\n<meta property=\"og:locale\" content=\"en_US\" \/>\n<meta property=\"og:type\" content=\"article\" \/>\n<meta property=\"og:title\" content=\"Az\u0131nl\u0131k toplumlar\u0131ndan gen\u00e7ler T\u00fcrkiye Cumhurba\u015fkanl\u0131\u011f\u0131&#039;nda bir araya geldi - Bati Ermenistan Ve Bati Ermenileri Sorunlari Ara\u015ftirmalar Merkezi\" \/>\n<meta property=\"og:description\" content=\"Ermeni, Rum, S\u00fcryani ve Yahudi toplumlar\u0131ndan gen\u00e7ler T\u00fcrkiye Cumhurba\u015fkanl\u0131\u011f\u0131 \u00d6zel Kalem M\u00fcd\u00fcrleri\u2019nden Hasan Do\u011fan\u2019\u0131n ev sahipli\u011finde, Cumhurba\u015fkanl\u0131\u011f\u0131 K\u00fclliyesi\u2019nde bir araya geldiler. G\u00f6r\u00fc\u015fme 22 Ocak Cuma g\u00fcn\u00fc ger\u00e7ekle\u015fti. Toplant\u0131ya, T\u00fcrkiye Ermenileri Patrikli\u011fi ad\u0131na, Patriklik \u201cMentee-Mentor\u201d projesi \u00fcyesi 14 gen\u00e7, proje koordinat\u00f6rlerinden Meri Taksi Deveciyan\u00a0 ve Aras Yolusever rehberli\u011finde kat\u0131ld\u0131. Toplant\u0131n\u0131n ba\u015f\u0131nda, kat\u0131l\u0131mc\u0131lar \u00f6ncelikle kendilerini tan\u0131tt\u0131 ve [&hellip;]\" \/>\n<meta property=\"og:url\" content=\"https:\/\/akunq.net\/tr\/?p=61150\" \/>\n<meta property=\"og:site_name\" content=\"Bati Ermenistan Ve Bati Ermenileri Sorunlari Ara\u015ftirmalar Merkezi\" \/>\n<meta property=\"article:published_time\" content=\"2021-01-26T06:41:20+00:00\" \/>\n<meta property=\"og:image\" content=\"https:\/\/akunq.net\/tr\/wp-content\/uploads\/sites\/6\/2021\/01\/Az\u0131nl\u0131k-toplumlar\u0131ndan-gen\u00e7ler.jpg\" \/>\n\t<meta property=\"og:image:width\" content=\"1600\" \/>\n\t<meta property=\"og:image:height\" content=\"1200\" \/>\n\t<meta property=\"og:image:type\" content=\"image\/jpeg\" \/>\n<meta name=\"author\" content=\"admin\" \/>\n<meta name=\"twitter:card\" content=\"summary_large_image\" \/>\n<meta name=\"twitter:label1\" content=\"Written by\" \/>\n\t<meta name=\"twitter:data1\" content=\"admin\" \/>\n\t<meta name=\"twitter:label2\" content=\"Est. reading time\" \/>\n\t<meta name=\"twitter:data2\" content=\"2 minutes\" \/>\n<script type=\"application\/ld+json\" class=\"yoast-schema-graph\">{\"@context\":\"https:\\\/\\\/schema.org\",\"@graph\":[{\"@type\":\"Article\",\"@id\":\"https:\\\/\\\/akunq.net\\\/tr\\\/?p=61150#article\",\"isPartOf\":{\"@id\":\"https:\\\/\\\/akunq.net\\\/tr\\\/?p=61150\"},\"author\":{\"name\":\"admin\",\"@id\":\"https:\\\/\\\/akunq.net\\\/tr\\\/#\\\/schema\\\/person\\\/096f1d38a12cce57fb855b485ed24c9e\"},\"headline\":\"Az\u0131nl\u0131k toplumlar\u0131ndan gen\u00e7ler T\u00fcrkiye Cumhurba\u015fkanl\u0131\u011f\u0131&#8217;nda bir araya geldi\",\"datePublished\":\"2021-01-26T06:41:20+00:00\",\"mainEntityOfPage\":{\"@id\":\"https:\\\/\\\/akunq.net\\\/tr\\\/?p=61150\"},\"wordCount\":324,\"commentCount\":0,\"image\":{\"@id\":\"https:\\\/\\\/akunq.net\\\/tr\\\/?p=61150#primaryimage\"},\"thumbnailUrl\":\"https:\\\/\\\/akunq.net\\\/tr\\\/wp-content\\\/uploads\\\/sites\\\/6\\\/2021\\\/01\\\/Az\u0131nl\u0131k-toplumlar\u0131ndan-gen\u00e7ler.jpg\",\"articleSection\":[\"Haberler\",\"T\u00fcrkiye\u2019de Az\u0131nl\u0131klar\"],\"inLanguage\":\"en-US\",\"potentialAction\":[{\"@type\":\"CommentAction\",\"name\":\"Comment\",\"target\":[\"https:\\\/\\\/akunq.net\\\/tr\\\/?p=61150#respond\"]}]},{\"@type\":\"WebPage\",\"@id\":\"https:\\\/\\\/akunq.net\\\/tr\\\/?p=61150\",\"url\":\"https:\\\/\\\/akunq.net\\\/tr\\\/?p=61150\",\"name\":\"Az\u0131nl\u0131k toplumlar\u0131ndan gen\u00e7ler T\u00fcrkiye Cumhurba\u015fkanl\u0131\u011f\u0131'nda bir araya geldi - Bati Ermenistan Ve Bati Ermenileri Sorunlari Ara\u015ftirmalar Merkezi\",\"isPartOf\":{\"@id\":\"https:\\\/\\\/akunq.net\\\/tr\\\/#website\"},\"primaryImageOfPage\":{\"@id\":\"https:\\\/\\\/akunq.net\\\/tr\\\/?p=61150#primaryimage\"},\"image\":{\"@id\":\"https:\\\/\\\/akunq.net\\\/tr\\\/?p=61150#primaryimage\"},\"thumbnailUrl\":\"https:\\\/\\\/akunq.net\\\/tr\\\/wp-content\\\/uploads\\\/sites\\\/6\\\/2021\\\/01\\\/Az\u0131nl\u0131k-toplumlar\u0131ndan-gen\u00e7ler.jpg\",\"datePublished\":\"2021-01-26T06:41:20+00:00\",\"author\":{\"@id\":\"https:\\\/\\\/akunq.net\\\/tr\\\/#\\\/schema\\\/person\\\/096f1d38a12cce57fb855b485ed24c9e\"},\"breadcrumb\":{\"@id\":\"https:\\\/\\\/akunq.net\\\/tr\\\/?p=61150#breadcrumb\"},\"inLanguage\":\"en-US\",\"potentialAction\":[{\"@type\":\"ReadAction\",\"target\":[\"https:\\\/\\\/akunq.net\\\/tr\\\/?p=61150\"]}]},{\"@type\":\"ImageObject\",\"inLanguage\":\"en-US\",\"@id\":\"https:\\\/\\\/akunq.net\\\/tr\\\/?p=61150#primaryimage\",\"url\":\"https:\\\/\\\/akunq.net\\\/tr\\\/wp-content\\\/uploads\\\/sites\\\/6\\\/2021\\\/01\\\/Az\u0131nl\u0131k-toplumlar\u0131ndan-gen\u00e7ler.jpg\",\"contentUrl\":\"https:\\\/\\\/akunq.net\\\/tr\\\/wp-content\\\/uploads\\\/sites\\\/6\\\/2021\\\/01\\\/Az\u0131nl\u0131k-toplumlar\u0131ndan-gen\u00e7ler.jpg\",\"width\":1600,\"height\":1200},{\"@type\":\"BreadcrumbList\",\"@id\":\"https:\\\/\\\/akunq.net\\\/tr\\\/?p=61150#breadcrumb\",\"itemListElement\":[{\"@type\":\"ListItem\",\"position\":1,\"name\":\"Home\",\"item\":\"https:\\\/\\\/akunq.net\\\/tr\"},{\"@type\":\"ListItem\",\"position\":2,\"name\":\"Az\u0131nl\u0131k toplumlar\u0131ndan gen\u00e7ler T\u00fcrkiye Cumhurba\u015fkanl\u0131\u011f\u0131&#8217;nda bir araya geldi\"}]},{\"@type\":\"WebSite\",\"@id\":\"https:\\\/\\\/akunq.net\\\/tr\\\/#website\",\"url\":\"https:\\\/\\\/akunq.net\\\/tr\\\/\",\"name\":\"Bati Ermenistan Ve Bati Ermenileri Sorunlari Ara\u015ftirmalar Merkezi\",\"description\":\"\",\"potentialAction\":[{\"@type\":\"SearchAction\",\"target\":{\"@type\":\"EntryPoint\",\"urlTemplate\":\"https:\\\/\\\/akunq.net\\\/tr\\\/?s={search_term_string}\"},\"query-input\":{\"@type\":\"PropertyValueSpecification\",\"valueRequired\":true,\"valueName\":\"search_term_string\"}}],\"inLanguage\":\"en-US\"},{\"@type\":\"Person\",\"@id\":\"https:\\\/\\\/akunq.net\\\/tr\\\/#\\\/schema\\\/person\\\/096f1d38a12cce57fb855b485ed24c9e\",\"name\":\"admin\",\"url\":\"https:\\\/\\\/akunq.net\\\/tr\\\/?author=7\"}]}<\/script>\n<!-- \/ Yoast SEO plugin. -->","yoast_head_json":{"title":"Az\u0131nl\u0131k toplumlar\u0131ndan gen\u00e7ler T\u00fcrkiye Cumhurba\u015fkanl\u0131\u011f\u0131'nda bir araya geldi - Bati Ermenistan Ve Bati Ermenileri Sorunlari Ara\u015ftirmalar Merkezi","robots":{"index":"index","follow":"follow","max-snippet":"max-snippet:-1","max-image-preview":"max-image-preview:large","max-video-preview":"max-video-preview:-1"},"canonical":"https:\/\/akunq.net\/tr\/?p=61150","og_locale":"en_US","og_type":"article","og_title":"Az\u0131nl\u0131k toplumlar\u0131ndan gen\u00e7ler T\u00fcrkiye Cumhurba\u015fkanl\u0131\u011f\u0131'nda bir araya geldi - Bati Ermenistan Ve Bati Ermenileri Sorunlari Ara\u015ftirmalar Merkezi","og_description":"Ermeni, Rum, S\u00fcryani ve Yahudi toplumlar\u0131ndan gen\u00e7ler T\u00fcrkiye Cumhurba\u015fkanl\u0131\u011f\u0131 \u00d6zel Kalem M\u00fcd\u00fcrleri\u2019nden Hasan Do\u011fan\u2019\u0131n ev sahipli\u011finde, Cumhurba\u015fkanl\u0131\u011f\u0131 K\u00fclliyesi\u2019nde bir araya geldiler. G\u00f6r\u00fc\u015fme 22 Ocak Cuma g\u00fcn\u00fc ger\u00e7ekle\u015fti. Toplant\u0131ya, T\u00fcrkiye Ermenileri Patrikli\u011fi ad\u0131na, Patriklik \u201cMentee-Mentor\u201d projesi \u00fcyesi 14 gen\u00e7, proje koordinat\u00f6rlerinden Meri Taksi Deveciyan\u00a0 ve Aras Yolusever rehberli\u011finde kat\u0131ld\u0131. Toplant\u0131n\u0131n ba\u015f\u0131nda, kat\u0131l\u0131mc\u0131lar \u00f6ncelikle kendilerini tan\u0131tt\u0131 ve [&hellip;]","og_url":"https:\/\/akunq.net\/tr\/?p=61150","og_site_name":"Bati Ermenistan Ve Bati Ermenileri Sorunlari Ara\u015ftirmalar Merkezi","article_published_time":"2021-01-26T06:41:20+00:00","og_image":[{"width":1600,"height":1200,"url":"https:\/\/akunq.net\/tr\/wp-content\/uploads\/sites\/6\/2021\/01\/Az\u0131nl\u0131k-toplumlar\u0131ndan-gen\u00e7ler.jpg","type":"image\/jpeg"}],"author":"admin","twitter_card":"summary_large_image","twitter_misc":{"Written by":"admin","Est. reading time":"2 minutes"},"schema":{"@context":"https:\/\/schema.org","@graph":[{"@type":"Article","@id":"https:\/\/akunq.net\/tr\/?p=61150#article","isPartOf":{"@id":"https:\/\/akunq.net\/tr\/?p=61150"},"author":{"name":"admin","@id":"https:\/\/akunq.net\/tr\/#\/schema\/person\/096f1d38a12cce57fb855b485ed24c9e"},"headline":"Az\u0131nl\u0131k toplumlar\u0131ndan gen\u00e7ler T\u00fcrkiye Cumhurba\u015fkanl\u0131\u011f\u0131&#8217;nda bir araya geldi","datePublished":"2021-01-26T06:41:20+00:00","mainEntityOfPage":{"@id":"https:\/\/akunq.net\/tr\/?p=61150"},"wordCount":324,"commentCount":0,"image":{"@id":"https:\/\/akunq.net\/tr\/?p=61150#primaryimage"},"thumbnailUrl":"https:\/\/akunq.net\/tr\/wp-content\/uploads\/sites\/6\/2021\/01\/Az\u0131nl\u0131k-toplumlar\u0131ndan-gen\u00e7ler.jpg","articleSection":["Haberler","T\u00fcrkiye\u2019de Az\u0131nl\u0131klar"],"inLanguage":"en-US","potentialAction":[{"@type":"CommentAction","name":"Comment","target":["https:\/\/akunq.net\/tr\/?p=61150#respond"]}]},{"@type":"WebPage","@id":"https:\/\/akunq.net\/tr\/?p=61150","url":"https:\/\/akunq.net\/tr\/?p=61150","name":"Az\u0131nl\u0131k toplumlar\u0131ndan gen\u00e7ler T\u00fcrkiye Cumhurba\u015fkanl\u0131\u011f\u0131'nda bir araya geldi - Bati Ermenistan Ve Bati Ermenileri Sorunlari Ara\u015ftirmalar Merkezi","isPartOf":{"@id":"https:\/\/akunq.net\/tr\/#website"},"primaryImageOfPage":{"@id":"https:\/\/akunq.net\/tr\/?p=61150#primaryimage"},"image":{"@id":"https:\/\/akunq.net\/tr\/?p=61150#primaryimage"},"thumbnailUrl":"https:\/\/akunq.net\/tr\/wp-content\/uploads\/sites\/6\/2021\/01\/Az\u0131nl\u0131k-toplumlar\u0131ndan-gen\u00e7ler.jpg","datePublished":"2021-01-26T06:41:20+00:00","author":{"@id":"https:\/\/akunq.net\/tr\/#\/schema\/person\/096f1d38a12cce57fb855b485ed24c9e"},"breadcrumb":{"@id":"https:\/\/akunq.net\/tr\/?p=61150#breadcrumb"},"inLanguage":"en-US","potentialAction":[{"@type":"ReadAction","target":["https:\/\/akunq.net\/tr\/?p=61150"]}]},{"@type":"ImageObject","inLanguage":"en-US","@id":"https:\/\/akunq.net\/tr\/?p=61150#primaryimage","url":"https:\/\/akunq.net\/tr\/wp-content\/uploads\/sites\/6\/2021\/01\/Az\u0131nl\u0131k-toplumlar\u0131ndan-gen\u00e7ler.jpg","contentUrl":"https:\/\/akunq.net\/tr\/wp-content\/uploads\/sites\/6\/2021\/01\/Az\u0131nl\u0131k-toplumlar\u0131ndan-gen\u00e7ler.jpg","width":1600,"height":1200},{"@type":"BreadcrumbList","@id":"https:\/\/akunq.net\/tr\/?p=61150#breadcrumb","itemListElement":[{"@type":"ListItem","position":1,"name":"Home","item":"https:\/\/akunq.net\/tr"},{"@type":"ListItem","position":2,"name":"Az\u0131nl\u0131k toplumlar\u0131ndan gen\u00e7ler T\u00fcrkiye Cumhurba\u015fkanl\u0131\u011f\u0131&#8217;nda bir araya geldi"}]},{"@type":"WebSite","@id":"https:\/\/akunq.net\/tr\/#website","url":"https:\/\/akunq.net\/tr\/","name":"Bati Ermenistan Ve Bati Ermenileri Sorunlari Ara\u015ftirmalar Merkezi","description":"","potentialAction":[{"@type":"SearchAction","target":{"@type":"EntryPoint","urlTemplate":"https:\/\/akunq.net\/tr\/?s={search_term_string}"},"query-input":{"@type":"PropertyValueSpecification","valueRequired":true,"valueName":"search_term_string"}}],"inLanguage":"en-US"},{"@type":"Person","@id":"https:\/\/akunq.net\/tr\/#\/schema\/person\/096f1d38a12cce57fb855b485ed24c9e","name":"admin","url":"https:\/\/akunq.net\/tr\/?author=7"}]}},"_links":{"self":[{"href":"https:\/\/akunq.net\/tr\/index.php?rest_route=\/wp\/v2\/posts\/61150","targetHints":{"allow":["GET"]}}],"collection":[{"href":"https:\/\/akunq.net\/tr\/index.php?rest_route=\/wp\/v2\/posts"}],"about":[{"href":"https:\/\/akunq.net\/tr\/index.php?rest_route=\/wp\/v2\/types\/post"}],"author":[{"embeddable":true,"href":"https:\/\/akunq.net\/tr\/index.php?rest_route=\/wp\/v2\/users\/7"}],"replies":[{"embeddable":true,"href":"https:\/\/akunq.net\/tr\/index.php?rest_route=%2Fwp%2Fv2%2Fcomments&post=61150"}],"version-history":[{"count":1,"href":"https:\/\/akunq.net\/tr\/index.php?rest_route=\/wp\/v2\/posts\/61150\/revisions"}],"predecessor-version":[{"id":61152,"href":"https:\/\/akunq.net\/tr\/index.php?rest_route=\/wp\/v2\/posts\/61150\/revisions\/61152"}],"wp:featuredmedia":[{"embeddable":true,"href":"https:\/\/akunq.net\/tr\/index.php?rest_route=\/wp\/v2\/media\/61151"}],"wp:attachment":[{"href":"https:\/\/akunq.net\/tr\/index.php?rest_route=%2Fwp%2Fv2%2Fmedia&parent=61150"}],"wp:term":[{"taxonomy":"category","embeddable":true,"href":"https:\/\/akunq.net\/tr\/index.php?rest_route=%2Fwp%2Fv2%2Fcategories&post=61150"},{"taxonomy":"post_tag","embeddable":true,"href":"https:\/\/akunq.net\/tr\/index.php?rest_route=%2Fwp%2Fv2%2Ftags&post=61150"}],"curies":[{"name":"wp","href":"https:\/\/api.w.org\/{rel}","templated":true}]}}