{"id":61138,"date":"2021-01-25T03:39:13","date_gmt":"2021-01-25T08:39:13","guid":{"rendered":"https:\/\/akunq.net\/tr\/?p=61138"},"modified":"2021-01-25T03:39:13","modified_gmt":"2021-01-25T08:39:13","slug":"hrant-dink-cinayetine-iliskin-76-sanigin-yargilandigi-davada-tahliye","status":"publish","type":"post","link":"https:\/\/akunq.net\/tr\/?p=61138","title":{"rendered":"Hrant Dink cinayetine ili\u015fkin 76 san\u0131\u011f\u0131n yarg\u0131land\u0131\u011f\u0131 davada tahliye"},"content":{"rendered":"<p><img loading=\"lazy\" decoding=\"async\" class=\"aligncenter size-medium wp-image-61139\" src=\"https:\/\/akunq.net\/tr\/wp-content\/uploads\/2021\/01\/Hrant-Dink-cinayeti-360x203.jpg\" alt=\"\" width=\"360\" height=\"203\" srcset=\"https:\/\/akunq.net\/tr\/wp-content\/uploads\/sites\/6\/2021\/01\/Hrant-Dink-cinayeti-360x203.jpg 360w, https:\/\/akunq.net\/tr\/wp-content\/uploads\/sites\/6\/2021\/01\/Hrant-Dink-cinayeti-768x432.jpg 768w, https:\/\/akunq.net\/tr\/wp-content\/uploads\/sites\/6\/2021\/01\/Hrant-Dink-cinayeti-560x315.jpg 560w, https:\/\/akunq.net\/tr\/wp-content\/uploads\/sites\/6\/2021\/01\/Hrant-Dink-cinayeti-260x146.jpg 260w, https:\/\/akunq.net\/tr\/wp-content\/uploads\/sites\/6\/2021\/01\/Hrant-Dink-cinayeti-160x90.jpg 160w, https:\/\/akunq.net\/tr\/wp-content\/uploads\/sites\/6\/2021\/01\/Hrant-Dink-cinayeti.jpg 864w\" sizes=\"auto, (max-width: 360px) 100vw, 360px\" \/><\/p>\n<p><em><strong>Bir s\u00fcre \u00f6nce tutuklanan san\u0131klardan d\u00f6nemin Trabzon jandarma istihbarat g\u00f6revlisi Volkan \u015eahin\u2019in adli kontrolle tahliyesine karar verildi.<\/strong><\/em><\/p>\n<p><strong>Murat Kaya<\/strong><\/p>\n<p>Agos Gazetesi Genel Yay\u0131n Y\u00f6netmeni Hrant Dink\u2019in \u00f6ld\u00fcr\u00fclmesine ili\u015fkin 76 san\u0131\u011f\u0131n yarg\u0131land\u0131\u011f\u0131 davada bir s\u00fcre \u00f6nce tutuklanan d\u00f6nemin Trabzon jandarma g\u00f6revlisi Volkan \u015eahin\u2019in adli kontrolle tahliyesine karar verildi.<\/p>\n<p>\u0130stanbul 14. A\u011f\u0131r Ceza Mahkemesindeki duru\u015fmada, esas hakk\u0131ndaki m\u00fctalaaya kar\u015f\u0131 san\u0131k savunmalar\u0131 al\u0131nd\u0131.<\/p>\n<p>Ara karar\u0131n\u0131 a\u00e7\u0131klayan mahkeme heyeti, 6 Ocak\u2019taki duru\u015fmada hakk\u0131nda yakalama karar\u0131 \u00e7\u0131kar\u0131lan ve bu karar sonras\u0131 tutuklanan Volkan \u015eahin\u2019in tahliye edilmesine karar verdi.<\/p>\n<p>Mevcut delil durumu, dosya kapsam\u0131, san\u0131k ve tan\u0131k beyanlar\u0131n\u0131n \u00f6rt\u00fc\u015f\u00fcr olmas\u0131n\u0131 dikkate alan heyet, Volkan \u015eahin\u2019in tahliyesine lehine de\u011fi\u015fen delil durumu gerek\u00e7esiyle h\u00fckmetti. Heyet, bu san\u0131k hakk\u0131nda \u201ckonutu terk etmeme\u201d \u015feklinde adli kontrol tedbiri uygulanmas\u0131n\u0131 h\u00fckme ba\u011flad\u0131.<\/p>\n<p>Mahkeme heyeti, tutuksuz san\u0131klardan eski Trabzon \u0130l Jandarma Alay Komutan\u0131 Ali \u00d6z hakk\u0131nda da dosya kapsam\u0131nda dinlenilen san\u0131k ve tan\u0131k beyanlar\u0131n\u0131n \u00f6rt\u00fc\u015fmesi ile aleyhine de\u011fi\u015fen delil durumuna g\u00f6re, ya\u015f\u0131 da dikkate al\u0131narak tutuklama de\u011fil ba\u015fka bir tedbir karar\u0131 al\u0131nd\u0131\u011f\u0131n\u0131 ifade etti.<\/p>\n<p>\u201cBu a\u015famada tutuklama yerine daha orant\u0131l\u0131 oldu\u011funa kanaat getirilen adli kontrol tedbirlerinin yeterli olaca\u011f\u0131\u201d ifadesini kullanan heyet, Ali \u00d6z ile ilgili \u201ckonutu terk etmeme\u201d \u015feklindeki adli kontrol tedbirinin uygulanmas\u0131n\u0131 kararla\u015ft\u0131rd\u0131.<\/p>\n<hr \/>\n<p><em><strong><a href=\"https:\/\/www.aa.com.tr\/tr\/turkiye\/hrant-dink-cinayetine-iliskin-76-sanigin-yargilandigi-davada-tahliye-\/2119456\" target=\"_blank\" rel=\"noopener noreferrer\">AA<\/a>\u00a0<\/strong><\/em><\/p>\n","protected":false},"excerpt":{"rendered":"<p>Bir s\u00fcre \u00f6nce tutuklanan san\u0131klardan d\u00f6nemin Trabzon jandarma istihbarat g\u00f6revlisi Volkan \u015eahin\u2019in adli kontrolle tahliyesine karar verildi. Murat Kaya Agos Gazetesi Genel Yay\u0131n Y\u00f6netmeni Hrant Dink\u2019in \u00f6ld\u00fcr\u00fclmesine ili\u015fkin 76 san\u0131\u011f\u0131n yarg\u0131land\u0131\u011f\u0131 davada bir s\u00fcre \u00f6nce tutuklanan d\u00f6nemin Trabzon jandarma g\u00f6revlisi Volkan \u015eahin\u2019in adli kontrolle tahliyesine karar verildi. \u0130stanbul 14. A\u011f\u0131r Ceza Mahkemesindeki duru\u015fmada, esas hakk\u0131ndaki [&hellip;]<\/p>\n","protected":false},"author":7,"featured_media":61139,"comment_status":"open","ping_status":"open","sticky":false,"template":"","format":"standard","meta":{"footnotes":""},"categories":[1],"tags":[],"class_list":["post-61138","post","type-post","status-publish","format-standard","has-post-thumbnail","hentry","category-haberler"],"yoast_head":"<!-- This site is optimized with the Yoast SEO plugin v27.4 - https:\/\/yoast.com\/product\/yoast-seo-wordpress\/ -->\n<title>Hrant Dink cinayetine ili\u015fkin 76 san\u0131\u011f\u0131n yarg\u0131land\u0131\u011f\u0131 davada tahliye - Bati Ermenistan Ve Bati Ermenileri Sorunlari Ara\u015ftirmalar Merkezi<\/title>\n<meta name=\"robots\" content=\"index, follow, max-snippet:-1, max-image-preview:large, max-video-preview:-1\" \/>\n<link rel=\"canonical\" href=\"https:\/\/akunq.net\/tr\/?p=61138\" \/>\n<meta property=\"og:locale\" content=\"en_US\" \/>\n<meta property=\"og:type\" content=\"article\" \/>\n<meta property=\"og:title\" content=\"Hrant Dink cinayetine ili\u015fkin 76 san\u0131\u011f\u0131n yarg\u0131land\u0131\u011f\u0131 davada tahliye - Bati Ermenistan Ve Bati Ermenileri Sorunlari Ara\u015ftirmalar Merkezi\" \/>\n<meta property=\"og:description\" content=\"Bir s\u00fcre \u00f6nce tutuklanan san\u0131klardan d\u00f6nemin Trabzon jandarma istihbarat g\u00f6revlisi Volkan \u015eahin\u2019in adli kontrolle tahliyesine karar verildi. Murat Kaya Agos Gazetesi Genel Yay\u0131n Y\u00f6netmeni Hrant Dink\u2019in \u00f6ld\u00fcr\u00fclmesine ili\u015fkin 76 san\u0131\u011f\u0131n yarg\u0131land\u0131\u011f\u0131 davada bir s\u00fcre \u00f6nce tutuklanan d\u00f6nemin Trabzon jandarma g\u00f6revlisi Volkan \u015eahin\u2019in adli kontrolle tahliyesine karar verildi. \u0130stanbul 14. A\u011f\u0131r Ceza Mahkemesindeki duru\u015fmada, esas hakk\u0131ndaki [&hellip;]\" \/>\n<meta property=\"og:url\" content=\"https:\/\/akunq.net\/tr\/?p=61138\" \/>\n<meta property=\"og:site_name\" content=\"Bati Ermenistan Ve Bati Ermenileri Sorunlari Ara\u015ftirmalar Merkezi\" \/>\n<meta property=\"article:published_time\" content=\"2021-01-25T08:39:13+00:00\" \/>\n<meta property=\"og:image\" content=\"https:\/\/akunq.net\/tr\/wp-content\/uploads\/sites\/6\/2021\/01\/Hrant-Dink-cinayeti.jpg\" \/>\n\t<meta property=\"og:image:width\" content=\"864\" \/>\n\t<meta property=\"og:image:height\" content=\"486\" \/>\n\t<meta property=\"og:image:type\" content=\"image\/jpeg\" \/>\n<meta name=\"author\" content=\"admin\" \/>\n<meta name=\"twitter:card\" content=\"summary_large_image\" \/>\n<meta name=\"twitter:label1\" content=\"Written by\" \/>\n\t<meta name=\"twitter:data1\" content=\"admin\" \/>\n\t<meta name=\"twitter:label2\" content=\"Est. reading time\" \/>\n\t<meta name=\"twitter:data2\" content=\"1 minute\" \/>\n<script type=\"application\/ld+json\" class=\"yoast-schema-graph\">{\"@context\":\"https:\\\/\\\/schema.org\",\"@graph\":[{\"@type\":\"Article\",\"@id\":\"https:\\\/\\\/akunq.net\\\/tr\\\/?p=61138#article\",\"isPartOf\":{\"@id\":\"https:\\\/\\\/akunq.net\\\/tr\\\/?p=61138\"},\"author\":{\"name\":\"admin\",\"@id\":\"https:\\\/\\\/akunq.net\\\/tr\\\/#\\\/schema\\\/person\\\/096f1d38a12cce57fb855b485ed24c9e\"},\"headline\":\"Hrant Dink cinayetine ili\u015fkin 76 san\u0131\u011f\u0131n yarg\u0131land\u0131\u011f\u0131 davada tahliye\",\"datePublished\":\"2021-01-25T08:39:13+00:00\",\"mainEntityOfPage\":{\"@id\":\"https:\\\/\\\/akunq.net\\\/tr\\\/?p=61138\"},\"wordCount\":268,\"commentCount\":0,\"image\":{\"@id\":\"https:\\\/\\\/akunq.net\\\/tr\\\/?p=61138#primaryimage\"},\"thumbnailUrl\":\"https:\\\/\\\/akunq.net\\\/tr\\\/wp-content\\\/uploads\\\/sites\\\/6\\\/2021\\\/01\\\/Hrant-Dink-cinayeti.jpg\",\"articleSection\":[\"Haberler\"],\"inLanguage\":\"en-US\",\"potentialAction\":[{\"@type\":\"CommentAction\",\"name\":\"Comment\",\"target\":[\"https:\\\/\\\/akunq.net\\\/tr\\\/?p=61138#respond\"]}]},{\"@type\":\"WebPage\",\"@id\":\"https:\\\/\\\/akunq.net\\\/tr\\\/?p=61138\",\"url\":\"https:\\\/\\\/akunq.net\\\/tr\\\/?p=61138\",\"name\":\"Hrant Dink cinayetine ili\u015fkin 76 san\u0131\u011f\u0131n yarg\u0131land\u0131\u011f\u0131 davada tahliye - Bati Ermenistan Ve Bati Ermenileri Sorunlari Ara\u015ftirmalar Merkezi\",\"isPartOf\":{\"@id\":\"https:\\\/\\\/akunq.net\\\/tr\\\/#website\"},\"primaryImageOfPage\":{\"@id\":\"https:\\\/\\\/akunq.net\\\/tr\\\/?p=61138#primaryimage\"},\"image\":{\"@id\":\"https:\\\/\\\/akunq.net\\\/tr\\\/?p=61138#primaryimage\"},\"thumbnailUrl\":\"https:\\\/\\\/akunq.net\\\/tr\\\/wp-content\\\/uploads\\\/sites\\\/6\\\/2021\\\/01\\\/Hrant-Dink-cinayeti.jpg\",\"datePublished\":\"2021-01-25T08:39:13+00:00\",\"author\":{\"@id\":\"https:\\\/\\\/akunq.net\\\/tr\\\/#\\\/schema\\\/person\\\/096f1d38a12cce57fb855b485ed24c9e\"},\"breadcrumb\":{\"@id\":\"https:\\\/\\\/akunq.net\\\/tr\\\/?p=61138#breadcrumb\"},\"inLanguage\":\"en-US\",\"potentialAction\":[{\"@type\":\"ReadAction\",\"target\":[\"https:\\\/\\\/akunq.net\\\/tr\\\/?p=61138\"]}]},{\"@type\":\"ImageObject\",\"inLanguage\":\"en-US\",\"@id\":\"https:\\\/\\\/akunq.net\\\/tr\\\/?p=61138#primaryimage\",\"url\":\"https:\\\/\\\/akunq.net\\\/tr\\\/wp-content\\\/uploads\\\/sites\\\/6\\\/2021\\\/01\\\/Hrant-Dink-cinayeti.jpg\",\"contentUrl\":\"https:\\\/\\\/akunq.net\\\/tr\\\/wp-content\\\/uploads\\\/sites\\\/6\\\/2021\\\/01\\\/Hrant-Dink-cinayeti.jpg\",\"width\":864,\"height\":486},{\"@type\":\"BreadcrumbList\",\"@id\":\"https:\\\/\\\/akunq.net\\\/tr\\\/?p=61138#breadcrumb\",\"itemListElement\":[{\"@type\":\"ListItem\",\"position\":1,\"name\":\"Home\",\"item\":\"https:\\\/\\\/akunq.net\\\/tr\"},{\"@type\":\"ListItem\",\"position\":2,\"name\":\"Hrant Dink cinayetine ili\u015fkin 76 san\u0131\u011f\u0131n yarg\u0131land\u0131\u011f\u0131 davada tahliye\"}]},{\"@type\":\"WebSite\",\"@id\":\"https:\\\/\\\/akunq.net\\\/tr\\\/#website\",\"url\":\"https:\\\/\\\/akunq.net\\\/tr\\\/\",\"name\":\"Bati Ermenistan Ve Bati Ermenileri Sorunlari Ara\u015ftirmalar Merkezi\",\"description\":\"\",\"potentialAction\":[{\"@type\":\"SearchAction\",\"target\":{\"@type\":\"EntryPoint\",\"urlTemplate\":\"https:\\\/\\\/akunq.net\\\/tr\\\/?s={search_term_string}\"},\"query-input\":{\"@type\":\"PropertyValueSpecification\",\"valueRequired\":true,\"valueName\":\"search_term_string\"}}],\"inLanguage\":\"en-US\"},{\"@type\":\"Person\",\"@id\":\"https:\\\/\\\/akunq.net\\\/tr\\\/#\\\/schema\\\/person\\\/096f1d38a12cce57fb855b485ed24c9e\",\"name\":\"admin\",\"url\":\"https:\\\/\\\/akunq.net\\\/tr\\\/?author=7\"}]}<\/script>\n<!-- \/ Yoast SEO plugin. -->","yoast_head_json":{"title":"Hrant Dink cinayetine ili\u015fkin 76 san\u0131\u011f\u0131n yarg\u0131land\u0131\u011f\u0131 davada tahliye - Bati Ermenistan Ve Bati Ermenileri Sorunlari Ara\u015ftirmalar Merkezi","robots":{"index":"index","follow":"follow","max-snippet":"max-snippet:-1","max-image-preview":"max-image-preview:large","max-video-preview":"max-video-preview:-1"},"canonical":"https:\/\/akunq.net\/tr\/?p=61138","og_locale":"en_US","og_type":"article","og_title":"Hrant Dink cinayetine ili\u015fkin 76 san\u0131\u011f\u0131n yarg\u0131land\u0131\u011f\u0131 davada tahliye - Bati Ermenistan Ve Bati Ermenileri Sorunlari Ara\u015ftirmalar Merkezi","og_description":"Bir s\u00fcre \u00f6nce tutuklanan san\u0131klardan d\u00f6nemin Trabzon jandarma istihbarat g\u00f6revlisi Volkan \u015eahin\u2019in adli kontrolle tahliyesine karar verildi. Murat Kaya Agos Gazetesi Genel Yay\u0131n Y\u00f6netmeni Hrant Dink\u2019in \u00f6ld\u00fcr\u00fclmesine ili\u015fkin 76 san\u0131\u011f\u0131n yarg\u0131land\u0131\u011f\u0131 davada bir s\u00fcre \u00f6nce tutuklanan d\u00f6nemin Trabzon jandarma g\u00f6revlisi Volkan \u015eahin\u2019in adli kontrolle tahliyesine karar verildi. \u0130stanbul 14. A\u011f\u0131r Ceza Mahkemesindeki duru\u015fmada, esas hakk\u0131ndaki [&hellip;]","og_url":"https:\/\/akunq.net\/tr\/?p=61138","og_site_name":"Bati Ermenistan Ve Bati Ermenileri Sorunlari Ara\u015ftirmalar Merkezi","article_published_time":"2021-01-25T08:39:13+00:00","og_image":[{"width":864,"height":486,"url":"https:\/\/akunq.net\/tr\/wp-content\/uploads\/sites\/6\/2021\/01\/Hrant-Dink-cinayeti.jpg","type":"image\/jpeg"}],"author":"admin","twitter_card":"summary_large_image","twitter_misc":{"Written by":"admin","Est. reading time":"1 minute"},"schema":{"@context":"https:\/\/schema.org","@graph":[{"@type":"Article","@id":"https:\/\/akunq.net\/tr\/?p=61138#article","isPartOf":{"@id":"https:\/\/akunq.net\/tr\/?p=61138"},"author":{"name":"admin","@id":"https:\/\/akunq.net\/tr\/#\/schema\/person\/096f1d38a12cce57fb855b485ed24c9e"},"headline":"Hrant Dink cinayetine ili\u015fkin 76 san\u0131\u011f\u0131n yarg\u0131land\u0131\u011f\u0131 davada tahliye","datePublished":"2021-01-25T08:39:13+00:00","mainEntityOfPage":{"@id":"https:\/\/akunq.net\/tr\/?p=61138"},"wordCount":268,"commentCount":0,"image":{"@id":"https:\/\/akunq.net\/tr\/?p=61138#primaryimage"},"thumbnailUrl":"https:\/\/akunq.net\/tr\/wp-content\/uploads\/sites\/6\/2021\/01\/Hrant-Dink-cinayeti.jpg","articleSection":["Haberler"],"inLanguage":"en-US","potentialAction":[{"@type":"CommentAction","name":"Comment","target":["https:\/\/akunq.net\/tr\/?p=61138#respond"]}]},{"@type":"WebPage","@id":"https:\/\/akunq.net\/tr\/?p=61138","url":"https:\/\/akunq.net\/tr\/?p=61138","name":"Hrant Dink cinayetine ili\u015fkin 76 san\u0131\u011f\u0131n yarg\u0131land\u0131\u011f\u0131 davada tahliye - Bati Ermenistan Ve Bati Ermenileri Sorunlari Ara\u015ftirmalar Merkezi","isPartOf":{"@id":"https:\/\/akunq.net\/tr\/#website"},"primaryImageOfPage":{"@id":"https:\/\/akunq.net\/tr\/?p=61138#primaryimage"},"image":{"@id":"https:\/\/akunq.net\/tr\/?p=61138#primaryimage"},"thumbnailUrl":"https:\/\/akunq.net\/tr\/wp-content\/uploads\/sites\/6\/2021\/01\/Hrant-Dink-cinayeti.jpg","datePublished":"2021-01-25T08:39:13+00:00","author":{"@id":"https:\/\/akunq.net\/tr\/#\/schema\/person\/096f1d38a12cce57fb855b485ed24c9e"},"breadcrumb":{"@id":"https:\/\/akunq.net\/tr\/?p=61138#breadcrumb"},"inLanguage":"en-US","potentialAction":[{"@type":"ReadAction","target":["https:\/\/akunq.net\/tr\/?p=61138"]}]},{"@type":"ImageObject","inLanguage":"en-US","@id":"https:\/\/akunq.net\/tr\/?p=61138#primaryimage","url":"https:\/\/akunq.net\/tr\/wp-content\/uploads\/sites\/6\/2021\/01\/Hrant-Dink-cinayeti.jpg","contentUrl":"https:\/\/akunq.net\/tr\/wp-content\/uploads\/sites\/6\/2021\/01\/Hrant-Dink-cinayeti.jpg","width":864,"height":486},{"@type":"BreadcrumbList","@id":"https:\/\/akunq.net\/tr\/?p=61138#breadcrumb","itemListElement":[{"@type":"ListItem","position":1,"name":"Home","item":"https:\/\/akunq.net\/tr"},{"@type":"ListItem","position":2,"name":"Hrant Dink cinayetine ili\u015fkin 76 san\u0131\u011f\u0131n yarg\u0131land\u0131\u011f\u0131 davada tahliye"}]},{"@type":"WebSite","@id":"https:\/\/akunq.net\/tr\/#website","url":"https:\/\/akunq.net\/tr\/","name":"Bati Ermenistan Ve Bati Ermenileri Sorunlari Ara\u015ftirmalar Merkezi","description":"","potentialAction":[{"@type":"SearchAction","target":{"@type":"EntryPoint","urlTemplate":"https:\/\/akunq.net\/tr\/?s={search_term_string}"},"query-input":{"@type":"PropertyValueSpecification","valueRequired":true,"valueName":"search_term_string"}}],"inLanguage":"en-US"},{"@type":"Person","@id":"https:\/\/akunq.net\/tr\/#\/schema\/person\/096f1d38a12cce57fb855b485ed24c9e","name":"admin","url":"https:\/\/akunq.net\/tr\/?author=7"}]}},"_links":{"self":[{"href":"https:\/\/akunq.net\/tr\/index.php?rest_route=\/wp\/v2\/posts\/61138","targetHints":{"allow":["GET"]}}],"collection":[{"href":"https:\/\/akunq.net\/tr\/index.php?rest_route=\/wp\/v2\/posts"}],"about":[{"href":"https:\/\/akunq.net\/tr\/index.php?rest_route=\/wp\/v2\/types\/post"}],"author":[{"embeddable":true,"href":"https:\/\/akunq.net\/tr\/index.php?rest_route=\/wp\/v2\/users\/7"}],"replies":[{"embeddable":true,"href":"https:\/\/akunq.net\/tr\/index.php?rest_route=%2Fwp%2Fv2%2Fcomments&post=61138"}],"version-history":[{"count":1,"href":"https:\/\/akunq.net\/tr\/index.php?rest_route=\/wp\/v2\/posts\/61138\/revisions"}],"predecessor-version":[{"id":61140,"href":"https:\/\/akunq.net\/tr\/index.php?rest_route=\/wp\/v2\/posts\/61138\/revisions\/61140"}],"wp:featuredmedia":[{"embeddable":true,"href":"https:\/\/akunq.net\/tr\/index.php?rest_route=\/wp\/v2\/media\/61139"}],"wp:attachment":[{"href":"https:\/\/akunq.net\/tr\/index.php?rest_route=%2Fwp%2Fv2%2Fmedia&parent=61138"}],"wp:term":[{"taxonomy":"category","embeddable":true,"href":"https:\/\/akunq.net\/tr\/index.php?rest_route=%2Fwp%2Fv2%2Fcategories&post=61138"},{"taxonomy":"post_tag","embeddable":true,"href":"https:\/\/akunq.net\/tr\/index.php?rest_route=%2Fwp%2Fv2%2Ftags&post=61138"}],"curies":[{"name":"wp","href":"https:\/\/api.w.org\/{rel}","templated":true}]}}