{"id":61127,"date":"2021-01-25T01:29:44","date_gmt":"2021-01-25T06:29:44","guid":{"rendered":"https:\/\/akunq.net\/tr\/?p=61127"},"modified":"2021-01-25T01:29:44","modified_gmt":"2021-01-25T06:29:44","slug":"akpli-cumhurbaskani-erdogan-gencler-dedelerinin-mezar-tasini-anlamaz-durumdadirlar","status":"publish","type":"post","link":"https:\/\/akunq.net\/tr\/?p=61127","title":{"rendered":"AKP&#8217;li Cumhurba\u015fkan\u0131 Erdo\u011fan: &#8220;Gen\u00e7ler dedelerinin mezar ta\u015f\u0131n\u0131 anlamaz durumdad\u0131rlar&#8221;"},"content":{"rendered":"<p><img loading=\"lazy\" decoding=\"async\" class=\"aligncenter size-medium wp-image-61128\" src=\"https:\/\/akunq.net\/tr\/wp-content\/uploads\/2021\/01\/Erdogan-Ataturk-360x203.jpeg\" alt=\"\" width=\"360\" height=\"203\" srcset=\"https:\/\/akunq.net\/tr\/wp-content\/uploads\/sites\/6\/2021\/01\/Erdogan-Ataturk-360x203.jpeg 360w, https:\/\/akunq.net\/tr\/wp-content\/uploads\/sites\/6\/2021\/01\/Erdogan-Ataturk-768x433.jpeg 768w, https:\/\/akunq.net\/tr\/wp-content\/uploads\/sites\/6\/2021\/01\/Erdogan-Ataturk-560x315.jpeg 560w, https:\/\/akunq.net\/tr\/wp-content\/uploads\/sites\/6\/2021\/01\/Erdogan-Ataturk-260x146.jpeg 260w, https:\/\/akunq.net\/tr\/wp-content\/uploads\/sites\/6\/2021\/01\/Erdogan-Ataturk-160x90.jpeg 160w, https:\/\/akunq.net\/tr\/wp-content\/uploads\/sites\/6\/2021\/01\/Erdogan-Ataturk.jpeg 900w\" sizes=\"auto, (max-width: 360px) 100vw, 360px\" \/><\/p>\n<p class=\"spot\"><em><strong>AKP&#8217;li Cumhurba\u015fkan\u0131 Recep Tayyip Erdo\u011fan, Cumhurba\u015fkanl\u0131\u011f\u0131 Saray\u0131&#8217;nda d\u00fczenlenen K\u00fclt\u00fcr ve Turizm Bakanl\u0131\u011f\u0131 2019-2020 \u00d6zel \u00d6d\u00fclleri T\u00f6reni&#8217;nde konu\u015ftu.<\/strong><\/em><\/p>\n<p>Erdo\u011fan a\u00e7\u0131klamas\u0131nda, Sosyal medya ve plaza dili nedeniyle dilin bozuldu\u011funu ve gen\u00e7lerin dedelerinin mezarlar\u0131n\u0131 okuyamad\u0131\u011f\u0131n\u0131 s\u00f6yledi.<\/p>\n<h3><strong>Erdo\u011fan&#8217;\u0131n a\u00e7\u0131klamalar\u0131ndan \u00f6ne \u00e7\u0131kanlar \u015f\u00f6yle:<\/strong><\/h3>\n<p>&#8220;Gerek 2020 ve gerekse 2021 Ocak ay\u0131 i\u00e7erisinde akademiden ve sanat camiam\u0131zdan bir\u00e7ok y\u0131ld\u0131z kayd\u0131. D\u00fcn sosyal bilimler alan\u0131nda en yetkin isimlerden sosyolog Nur Vergin hocam\u0131z\u0131 dar\u00fcl bekaya u\u011furlad\u0131k. Bu d\u00f6nemde T\u00fcrk sinemas\u0131na, tiyatrosuna, m\u00fczi\u011fine, k\u00fclt\u00fcr ve sanat hayat\u0131na katk\u0131 yapm\u0131\u015f pek\u00e7ok de\u011ferimiz vefat etti. Allah&#8217;tan rahmet diliyor, sevenlerine ba\u015fsa\u011fl\u0131\u011f\u0131 diliyorum.<\/p>\n<p>Alt\u0131n\u0131n k\u0131ymetini sarraf bilir derler. Medeniyetimizin g\u00f6rkemini, ecdad\u0131m\u0131z\u0131n ufkunu yans\u0131tan bu eserlerin de\u011ferleri uzun y\u0131llar bilinemedi. K\u00fclt\u00fcr\u00fcm\u00fcze ve k\u00fclt\u00fcr miras\u0131m\u0131za hakk\u0131yla sahip \u00e7\u0131kma noktas\u0131nda ciddi s\u0131k\u0131nt\u0131lar ya\u015fad\u0131k. Bir d\u00f6nem k\u00fclt\u00fcr d\u00fcnyam\u0131z\u0131 esir alan k\u0131s\u0131r ve ba\u011fnaz bak\u0131\u015f a\u00e7\u0131s\u0131, k\u00fclt\u00fcr de\u011ferlerimize s\u0131rt\u0131n\u0131 d\u00f6nd\u00fc.<\/p>\n<p>Dil olmadan insan, aile, toplum, millet, k\u00fclt\u00fcr ve medeniyet de olmaz. \u00c7inli m\u00fctefekkir Konfi\u00e7y\u00fcs&#8217;e atfedilen \u015fu k\u0131ssan\u0131n dil-k\u00fclt\u00fcr-beka ili\u015fkisini g\u00f6stermesi bak\u0131m\u0131ndan son derece \u00f6nemli oldu\u011funu d\u00fc\u015f\u00fcn\u00fcyorum. Konf\u00fc\u00e7yus&#8217;a sorarlar, bir memleketi idare etmeye \u00e7a\u011fr\u0131lsayd\u0131n\u0131z, yapaca\u011f\u0131n\u0131z ilk i\u015f ne olur. B\u00fcy\u00fck filozof, &#8220;\u0130\u015fe dil ile ba\u015flar \u00f6nce dili d\u00fczeltirdim. Dil d\u00fczg\u00fcn olmazsa, kelimeler d\u00fc\u015f\u00fcnceyi d\u00fczg\u00fcn anlatamaz. D\u00fc\u015f\u00fcnceler iyi anlatamazsa yap\u0131lmas\u0131 gereken vazifeler yap\u0131lamaz. Gereken yap\u0131lmazsa ahlak ve k\u00fclt\u00fcr bozulur. Ahlak ve k\u00fclt\u00fcr bozulursa adalet yolunu \u015fa\u015f\u0131r\u0131r. Adalet yanl\u0131\u015f yola saparsa halk g\u00fc\u00e7s\u00fcz duruma d\u00fc\u015fer.&#8221; \u0130\u015fte bunun i\u00e7in hi\u00e7bir \u015fey dil kadar \u00f6nemli de\u011fildir.<\/p>\n<p>Diline sahip \u00e7\u0131kmayan, zenginle\u015ftirmeyen milletler k\u00f6kleri kuruyan a\u011fa\u00e7lar gibi esen r\u00fczgarlarda y\u0131k\u0131lmaya mahkumdur. Peyami Safa merhum &#8216;Dilini kaybeden millet her \u015feyini kaybetmi\u015ftir&#8217; diyor.<\/p>\n<h3><strong>&#8220;B\u0130Z\u0130M D\u0130L NEREDE?&#8221;<\/strong><\/h3>\n<p>Caddelerde dola\u015ft\u0131\u011f\u0131n\u0131z zaman, d\u00fckkanlara, marketlere bakt\u0131\u011f\u0131n\u0131zda bizim dil nerede? Bamba\u015fka \u015feyler var tabelalarda. Bunu kaybetti\u011fimiz anda biz kendimizi kaybetmi\u015f oluruz. Nihat Sami Banarl\u0131, T\u00fcrk\u00e7enin S\u0131rlar\u0131 adl\u0131 eserinde \u00e7ok nefis bir tespit yap\u0131yor. Ketebe yekt\u00fcb\u00fc Arab&#8217;\u0131nd\u0131r, kitap katip benimdir. Bu kadar basit. Biz \u015fimdi buna muhta\u00e7\u0131z. Milli kimli\u011fimizin, haf\u0131zam\u0131z\u0131n ni\u015fanesi olan T\u00fcrk\u00e7eye hak etti\u011fi ihtimam\u0131 g\u00f6stermiyoruz.<\/p>\n<h3><strong>&#8220;GEN\u00c7LER DEDELER\u0130N\u0130N MEZAR TA\u015eINI ANLAMAZ DURUMDADIRLAR&#8221;<\/strong><\/h3>\n<p>Gen\u00e7ler bir as\u0131r \u00f6nce vefat eden dedelerinin mezar ta\u015f\u0131n\u0131 dahi okuyup, anlamaz durumdad\u0131rlar. \u00c7o\u011fu insan b\u0131rak\u0131n Yahya Kemal&#8217;i, \u00d6mer Seyfettin, Fuat K\u00f6pr\u00fcl\u00fc, Necip Faz\u0131l&#8217;\u0131, Peyami Safa&#8217;y\u0131, Tanp\u0131nar&#8217;\u0131 dahi s\u00f6zl\u00fck yard\u0131m\u0131 olmadan anlayam\u0131yor. Sosyal medya dili ve plaza dili ile bu tablo daha da k\u00f6t\u00fcle\u015fmektedir. Forward etmek, set etmek, aksiyon almak gibi ne \u0130ngilizceye ne de T\u00fcrk\u00e7eye uyan bir dil ortaya \u00e7\u0131km\u0131\u015ft\u0131r. Ne oldu\u011fu harf y\u0131\u011f\u0131nlar\u0131 sosyal medyay\u0131 istila etmi\u015ftir. Dilde m\u00fcstevlilerin adeta mahkumu durumunday\u0131z. Ba\u015fka dillerden kelime almak bir kusur de\u011fil aksine bir zenginliktir. T\u00fcrk\u00e7enin mayas\u0131n\u0131 bozmad\u0131\u011f\u0131 m\u00fcddet\u00e7e bunda bir beis de yoktur.<\/p>\n<p>As\u0131l T\u00fcrk\u00e7emizde olmayan zaman ve c\u00fcmle yap\u0131lar\u0131 ile dilimizin \u00f6z\u00fc tahrip ediliyor. Bu tuhaf dilin toplumun belli kesimleri aras\u0131nda bir sayg\u0131nl\u0131k g\u00f6stergesine d\u00f6n\u00fc\u015fmesi meselenin bir ba\u015fka boyutu. Merhum Cemil Meri\u00e7&#8217;ten ilhamla s\u00f6yleyecek olursak, bug\u00fcn dilimiz peri\u015fan, mefhumlar kaypak, kelimeler ise k\u00f6ks\u00fczd\u00fcr.<\/p>\n<p>Bizim bir k\u00fclt\u00fcr davam\u0131z varsa i\u015fte \u00f6ncelikle T\u00fcrk\u00e7eden ba\u015flam\u0131m\u0131z gerekiyor. Dilimize sahip \u00e7\u0131kt\u0131\u011f\u0131m\u0131z \u00f6l\u00e7\u00fcde kimli\u011fimize, tarihimize sahip \u00e7\u0131k\u0131laca\u011f\u0131na inan\u0131yorum. \u00d6ncelikle kendi dilimizi geli\u015ftirmemiz gerekiyor. Bu bak\u0131mdan gelece\u011fimize yapaca\u011f\u0131m\u0131z en b\u00fcy\u00fck yat\u0131r\u0131mlardan biri bizden \u00f6ncekilerin hatalar\u0131n\u0131 tekrarlamadan yabanc\u0131 dillerin istilas\u0131 kar\u015f\u0131s\u0131nda T\u00fcrk\u00e7emizi korumak, geli\u015ftirmek ve zenginle\u015ftirmek olacakt\u0131r.<\/p>\n<p><em><strong>https:\/\/www.cumhuriyet.com.tr\/haber\/akpli-cumhurbaskani-erdogan-gencler-dedelerinin-mezar-tasini-anlamaz-durumdadirlar-1807589\u00a0<\/strong><\/em><\/p>\n","protected":false},"excerpt":{"rendered":"<p>AKP&#8217;li Cumhurba\u015fkan\u0131 Recep Tayyip Erdo\u011fan, Cumhurba\u015fkanl\u0131\u011f\u0131 Saray\u0131&#8217;nda d\u00fczenlenen K\u00fclt\u00fcr ve Turizm Bakanl\u0131\u011f\u0131 2019-2020 \u00d6zel \u00d6d\u00fclleri T\u00f6reni&#8217;nde konu\u015ftu. Erdo\u011fan a\u00e7\u0131klamas\u0131nda, Sosyal medya ve plaza dili nedeniyle dilin bozuldu\u011funu ve gen\u00e7lerin dedelerinin mezarlar\u0131n\u0131 okuyamad\u0131\u011f\u0131n\u0131 s\u00f6yledi. Erdo\u011fan&#8217;\u0131n a\u00e7\u0131klamalar\u0131ndan \u00f6ne \u00e7\u0131kanlar \u015f\u00f6yle: &#8220;Gerek 2020 ve gerekse 2021 Ocak ay\u0131 i\u00e7erisinde akademiden ve sanat camiam\u0131zdan bir\u00e7ok y\u0131ld\u0131z kayd\u0131. D\u00fcn sosyal [&hellip;]<\/p>\n","protected":false},"author":7,"featured_media":61128,"comment_status":"open","ping_status":"open","sticky":false,"template":"","format":"standard","meta":{"footnotes":""},"categories":[1],"tags":[],"class_list":["post-61127","post","type-post","status-publish","format-standard","has-post-thumbnail","hentry","category-haberler"],"yoast_head":"<!-- This site is optimized with the Yoast SEO plugin v27.4 - https:\/\/yoast.com\/product\/yoast-seo-wordpress\/ -->\n<title>AKP&#039;li Cumhurba\u015fkan\u0131 Erdo\u011fan: &quot;Gen\u00e7ler dedelerinin mezar ta\u015f\u0131n\u0131 anlamaz durumdad\u0131rlar&quot; - Bati Ermenistan Ve Bati Ermenileri Sorunlari Ara\u015ftirmalar Merkezi<\/title>\n<meta name=\"robots\" content=\"index, follow, max-snippet:-1, max-image-preview:large, max-video-preview:-1\" \/>\n<link rel=\"canonical\" href=\"https:\/\/akunq.net\/tr\/?p=61127\" \/>\n<meta property=\"og:locale\" content=\"en_US\" \/>\n<meta property=\"og:type\" content=\"article\" \/>\n<meta property=\"og:title\" content=\"AKP&#039;li Cumhurba\u015fkan\u0131 Erdo\u011fan: &quot;Gen\u00e7ler dedelerinin mezar ta\u015f\u0131n\u0131 anlamaz durumdad\u0131rlar&quot; - Bati Ermenistan Ve Bati Ermenileri Sorunlari Ara\u015ftirmalar Merkezi\" \/>\n<meta property=\"og:description\" content=\"AKP&#8217;li Cumhurba\u015fkan\u0131 Recep Tayyip Erdo\u011fan, Cumhurba\u015fkanl\u0131\u011f\u0131 Saray\u0131&#8217;nda d\u00fczenlenen K\u00fclt\u00fcr ve Turizm Bakanl\u0131\u011f\u0131 2019-2020 \u00d6zel \u00d6d\u00fclleri T\u00f6reni&#8217;nde konu\u015ftu. Erdo\u011fan a\u00e7\u0131klamas\u0131nda, Sosyal medya ve plaza dili nedeniyle dilin bozuldu\u011funu ve gen\u00e7lerin dedelerinin mezarlar\u0131n\u0131 okuyamad\u0131\u011f\u0131n\u0131 s\u00f6yledi. Erdo\u011fan&#8217;\u0131n a\u00e7\u0131klamalar\u0131ndan \u00f6ne \u00e7\u0131kanlar \u015f\u00f6yle: &#8220;Gerek 2020 ve gerekse 2021 Ocak ay\u0131 i\u00e7erisinde akademiden ve sanat camiam\u0131zdan bir\u00e7ok y\u0131ld\u0131z kayd\u0131. D\u00fcn sosyal [&hellip;]\" \/>\n<meta property=\"og:url\" content=\"https:\/\/akunq.net\/tr\/?p=61127\" \/>\n<meta property=\"og:site_name\" content=\"Bati Ermenistan Ve Bati Ermenileri Sorunlari Ara\u015ftirmalar Merkezi\" \/>\n<meta property=\"article:published_time\" content=\"2021-01-25T06:29:44+00:00\" \/>\n<meta property=\"og:image\" content=\"https:\/\/akunq.net\/tr\/wp-content\/uploads\/sites\/6\/2021\/01\/Erdogan-Ataturk.jpeg\" \/>\n\t<meta property=\"og:image:width\" content=\"900\" \/>\n\t<meta property=\"og:image:height\" content=\"507\" \/>\n\t<meta property=\"og:image:type\" content=\"image\/jpeg\" \/>\n<meta name=\"author\" content=\"admin\" \/>\n<meta name=\"twitter:card\" content=\"summary_large_image\" \/>\n<meta name=\"twitter:label1\" content=\"Written by\" \/>\n\t<meta name=\"twitter:data1\" content=\"admin\" \/>\n\t<meta name=\"twitter:label2\" content=\"Est. reading time\" \/>\n\t<meta name=\"twitter:data2\" content=\"4 minutes\" \/>\n<script type=\"application\/ld+json\" class=\"yoast-schema-graph\">{\"@context\":\"https:\\\/\\\/schema.org\",\"@graph\":[{\"@type\":\"Article\",\"@id\":\"https:\\\/\\\/akunq.net\\\/tr\\\/?p=61127#article\",\"isPartOf\":{\"@id\":\"https:\\\/\\\/akunq.net\\\/tr\\\/?p=61127\"},\"author\":{\"name\":\"admin\",\"@id\":\"https:\\\/\\\/akunq.net\\\/tr\\\/#\\\/schema\\\/person\\\/096f1d38a12cce57fb855b485ed24c9e\"},\"headline\":\"AKP&#8217;li Cumhurba\u015fkan\u0131 Erdo\u011fan: &#8220;Gen\u00e7ler dedelerinin mezar ta\u015f\u0131n\u0131 anlamaz durumdad\u0131rlar&#8221;\",\"datePublished\":\"2021-01-25T06:29:44+00:00\",\"mainEntityOfPage\":{\"@id\":\"https:\\\/\\\/akunq.net\\\/tr\\\/?p=61127\"},\"wordCount\":767,\"commentCount\":0,\"image\":{\"@id\":\"https:\\\/\\\/akunq.net\\\/tr\\\/?p=61127#primaryimage\"},\"thumbnailUrl\":\"https:\\\/\\\/akunq.net\\\/tr\\\/wp-content\\\/uploads\\\/sites\\\/6\\\/2021\\\/01\\\/Erdogan-Ataturk.jpeg\",\"articleSection\":[\"Haberler\"],\"inLanguage\":\"en-US\",\"potentialAction\":[{\"@type\":\"CommentAction\",\"name\":\"Comment\",\"target\":[\"https:\\\/\\\/akunq.net\\\/tr\\\/?p=61127#respond\"]}]},{\"@type\":\"WebPage\",\"@id\":\"https:\\\/\\\/akunq.net\\\/tr\\\/?p=61127\",\"url\":\"https:\\\/\\\/akunq.net\\\/tr\\\/?p=61127\",\"name\":\"AKP'li Cumhurba\u015fkan\u0131 Erdo\u011fan: \\\"Gen\u00e7ler dedelerinin mezar ta\u015f\u0131n\u0131 anlamaz durumdad\u0131rlar\\\" - Bati Ermenistan Ve Bati Ermenileri Sorunlari Ara\u015ftirmalar Merkezi\",\"isPartOf\":{\"@id\":\"https:\\\/\\\/akunq.net\\\/tr\\\/#website\"},\"primaryImageOfPage\":{\"@id\":\"https:\\\/\\\/akunq.net\\\/tr\\\/?p=61127#primaryimage\"},\"image\":{\"@id\":\"https:\\\/\\\/akunq.net\\\/tr\\\/?p=61127#primaryimage\"},\"thumbnailUrl\":\"https:\\\/\\\/akunq.net\\\/tr\\\/wp-content\\\/uploads\\\/sites\\\/6\\\/2021\\\/01\\\/Erdogan-Ataturk.jpeg\",\"datePublished\":\"2021-01-25T06:29:44+00:00\",\"author\":{\"@id\":\"https:\\\/\\\/akunq.net\\\/tr\\\/#\\\/schema\\\/person\\\/096f1d38a12cce57fb855b485ed24c9e\"},\"breadcrumb\":{\"@id\":\"https:\\\/\\\/akunq.net\\\/tr\\\/?p=61127#breadcrumb\"},\"inLanguage\":\"en-US\",\"potentialAction\":[{\"@type\":\"ReadAction\",\"target\":[\"https:\\\/\\\/akunq.net\\\/tr\\\/?p=61127\"]}]},{\"@type\":\"ImageObject\",\"inLanguage\":\"en-US\",\"@id\":\"https:\\\/\\\/akunq.net\\\/tr\\\/?p=61127#primaryimage\",\"url\":\"https:\\\/\\\/akunq.net\\\/tr\\\/wp-content\\\/uploads\\\/sites\\\/6\\\/2021\\\/01\\\/Erdogan-Ataturk.jpeg\",\"contentUrl\":\"https:\\\/\\\/akunq.net\\\/tr\\\/wp-content\\\/uploads\\\/sites\\\/6\\\/2021\\\/01\\\/Erdogan-Ataturk.jpeg\",\"width\":900,\"height\":507},{\"@type\":\"BreadcrumbList\",\"@id\":\"https:\\\/\\\/akunq.net\\\/tr\\\/?p=61127#breadcrumb\",\"itemListElement\":[{\"@type\":\"ListItem\",\"position\":1,\"name\":\"Home\",\"item\":\"https:\\\/\\\/akunq.net\\\/tr\"},{\"@type\":\"ListItem\",\"position\":2,\"name\":\"AKP&#8217;li Cumhurba\u015fkan\u0131 Erdo\u011fan: &#8220;Gen\u00e7ler dedelerinin mezar ta\u015f\u0131n\u0131 anlamaz durumdad\u0131rlar&#8221;\"}]},{\"@type\":\"WebSite\",\"@id\":\"https:\\\/\\\/akunq.net\\\/tr\\\/#website\",\"url\":\"https:\\\/\\\/akunq.net\\\/tr\\\/\",\"name\":\"Bati Ermenistan Ve Bati Ermenileri Sorunlari Ara\u015ftirmalar Merkezi\",\"description\":\"\",\"potentialAction\":[{\"@type\":\"SearchAction\",\"target\":{\"@type\":\"EntryPoint\",\"urlTemplate\":\"https:\\\/\\\/akunq.net\\\/tr\\\/?s={search_term_string}\"},\"query-input\":{\"@type\":\"PropertyValueSpecification\",\"valueRequired\":true,\"valueName\":\"search_term_string\"}}],\"inLanguage\":\"en-US\"},{\"@type\":\"Person\",\"@id\":\"https:\\\/\\\/akunq.net\\\/tr\\\/#\\\/schema\\\/person\\\/096f1d38a12cce57fb855b485ed24c9e\",\"name\":\"admin\",\"url\":\"https:\\\/\\\/akunq.net\\\/tr\\\/?author=7\"}]}<\/script>\n<!-- \/ Yoast SEO plugin. -->","yoast_head_json":{"title":"AKP'li Cumhurba\u015fkan\u0131 Erdo\u011fan: \"Gen\u00e7ler dedelerinin mezar ta\u015f\u0131n\u0131 anlamaz durumdad\u0131rlar\" - Bati Ermenistan Ve Bati Ermenileri Sorunlari Ara\u015ftirmalar Merkezi","robots":{"index":"index","follow":"follow","max-snippet":"max-snippet:-1","max-image-preview":"max-image-preview:large","max-video-preview":"max-video-preview:-1"},"canonical":"https:\/\/akunq.net\/tr\/?p=61127","og_locale":"en_US","og_type":"article","og_title":"AKP'li Cumhurba\u015fkan\u0131 Erdo\u011fan: \"Gen\u00e7ler dedelerinin mezar ta\u015f\u0131n\u0131 anlamaz durumdad\u0131rlar\" - Bati Ermenistan Ve Bati Ermenileri Sorunlari Ara\u015ftirmalar Merkezi","og_description":"AKP&#8217;li Cumhurba\u015fkan\u0131 Recep Tayyip Erdo\u011fan, Cumhurba\u015fkanl\u0131\u011f\u0131 Saray\u0131&#8217;nda d\u00fczenlenen K\u00fclt\u00fcr ve Turizm Bakanl\u0131\u011f\u0131 2019-2020 \u00d6zel \u00d6d\u00fclleri T\u00f6reni&#8217;nde konu\u015ftu. Erdo\u011fan a\u00e7\u0131klamas\u0131nda, Sosyal medya ve plaza dili nedeniyle dilin bozuldu\u011funu ve gen\u00e7lerin dedelerinin mezarlar\u0131n\u0131 okuyamad\u0131\u011f\u0131n\u0131 s\u00f6yledi. Erdo\u011fan&#8217;\u0131n a\u00e7\u0131klamalar\u0131ndan \u00f6ne \u00e7\u0131kanlar \u015f\u00f6yle: &#8220;Gerek 2020 ve gerekse 2021 Ocak ay\u0131 i\u00e7erisinde akademiden ve sanat camiam\u0131zdan bir\u00e7ok y\u0131ld\u0131z kayd\u0131. D\u00fcn sosyal [&hellip;]","og_url":"https:\/\/akunq.net\/tr\/?p=61127","og_site_name":"Bati Ermenistan Ve Bati Ermenileri Sorunlari Ara\u015ftirmalar Merkezi","article_published_time":"2021-01-25T06:29:44+00:00","og_image":[{"width":900,"height":507,"url":"https:\/\/akunq.net\/tr\/wp-content\/uploads\/sites\/6\/2021\/01\/Erdogan-Ataturk.jpeg","type":"image\/jpeg"}],"author":"admin","twitter_card":"summary_large_image","twitter_misc":{"Written by":"admin","Est. reading time":"4 minutes"},"schema":{"@context":"https:\/\/schema.org","@graph":[{"@type":"Article","@id":"https:\/\/akunq.net\/tr\/?p=61127#article","isPartOf":{"@id":"https:\/\/akunq.net\/tr\/?p=61127"},"author":{"name":"admin","@id":"https:\/\/akunq.net\/tr\/#\/schema\/person\/096f1d38a12cce57fb855b485ed24c9e"},"headline":"AKP&#8217;li Cumhurba\u015fkan\u0131 Erdo\u011fan: &#8220;Gen\u00e7ler dedelerinin mezar ta\u015f\u0131n\u0131 anlamaz durumdad\u0131rlar&#8221;","datePublished":"2021-01-25T06:29:44+00:00","mainEntityOfPage":{"@id":"https:\/\/akunq.net\/tr\/?p=61127"},"wordCount":767,"commentCount":0,"image":{"@id":"https:\/\/akunq.net\/tr\/?p=61127#primaryimage"},"thumbnailUrl":"https:\/\/akunq.net\/tr\/wp-content\/uploads\/sites\/6\/2021\/01\/Erdogan-Ataturk.jpeg","articleSection":["Haberler"],"inLanguage":"en-US","potentialAction":[{"@type":"CommentAction","name":"Comment","target":["https:\/\/akunq.net\/tr\/?p=61127#respond"]}]},{"@type":"WebPage","@id":"https:\/\/akunq.net\/tr\/?p=61127","url":"https:\/\/akunq.net\/tr\/?p=61127","name":"AKP'li Cumhurba\u015fkan\u0131 Erdo\u011fan: \"Gen\u00e7ler dedelerinin mezar ta\u015f\u0131n\u0131 anlamaz durumdad\u0131rlar\" - Bati Ermenistan Ve Bati Ermenileri Sorunlari Ara\u015ftirmalar Merkezi","isPartOf":{"@id":"https:\/\/akunq.net\/tr\/#website"},"primaryImageOfPage":{"@id":"https:\/\/akunq.net\/tr\/?p=61127#primaryimage"},"image":{"@id":"https:\/\/akunq.net\/tr\/?p=61127#primaryimage"},"thumbnailUrl":"https:\/\/akunq.net\/tr\/wp-content\/uploads\/sites\/6\/2021\/01\/Erdogan-Ataturk.jpeg","datePublished":"2021-01-25T06:29:44+00:00","author":{"@id":"https:\/\/akunq.net\/tr\/#\/schema\/person\/096f1d38a12cce57fb855b485ed24c9e"},"breadcrumb":{"@id":"https:\/\/akunq.net\/tr\/?p=61127#breadcrumb"},"inLanguage":"en-US","potentialAction":[{"@type":"ReadAction","target":["https:\/\/akunq.net\/tr\/?p=61127"]}]},{"@type":"ImageObject","inLanguage":"en-US","@id":"https:\/\/akunq.net\/tr\/?p=61127#primaryimage","url":"https:\/\/akunq.net\/tr\/wp-content\/uploads\/sites\/6\/2021\/01\/Erdogan-Ataturk.jpeg","contentUrl":"https:\/\/akunq.net\/tr\/wp-content\/uploads\/sites\/6\/2021\/01\/Erdogan-Ataturk.jpeg","width":900,"height":507},{"@type":"BreadcrumbList","@id":"https:\/\/akunq.net\/tr\/?p=61127#breadcrumb","itemListElement":[{"@type":"ListItem","position":1,"name":"Home","item":"https:\/\/akunq.net\/tr"},{"@type":"ListItem","position":2,"name":"AKP&#8217;li Cumhurba\u015fkan\u0131 Erdo\u011fan: &#8220;Gen\u00e7ler dedelerinin mezar ta\u015f\u0131n\u0131 anlamaz durumdad\u0131rlar&#8221;"}]},{"@type":"WebSite","@id":"https:\/\/akunq.net\/tr\/#website","url":"https:\/\/akunq.net\/tr\/","name":"Bati Ermenistan Ve Bati Ermenileri Sorunlari Ara\u015ftirmalar Merkezi","description":"","potentialAction":[{"@type":"SearchAction","target":{"@type":"EntryPoint","urlTemplate":"https:\/\/akunq.net\/tr\/?s={search_term_string}"},"query-input":{"@type":"PropertyValueSpecification","valueRequired":true,"valueName":"search_term_string"}}],"inLanguage":"en-US"},{"@type":"Person","@id":"https:\/\/akunq.net\/tr\/#\/schema\/person\/096f1d38a12cce57fb855b485ed24c9e","name":"admin","url":"https:\/\/akunq.net\/tr\/?author=7"}]}},"_links":{"self":[{"href":"https:\/\/akunq.net\/tr\/index.php?rest_route=\/wp\/v2\/posts\/61127","targetHints":{"allow":["GET"]}}],"collection":[{"href":"https:\/\/akunq.net\/tr\/index.php?rest_route=\/wp\/v2\/posts"}],"about":[{"href":"https:\/\/akunq.net\/tr\/index.php?rest_route=\/wp\/v2\/types\/post"}],"author":[{"embeddable":true,"href":"https:\/\/akunq.net\/tr\/index.php?rest_route=\/wp\/v2\/users\/7"}],"replies":[{"embeddable":true,"href":"https:\/\/akunq.net\/tr\/index.php?rest_route=%2Fwp%2Fv2%2Fcomments&post=61127"}],"version-history":[{"count":1,"href":"https:\/\/akunq.net\/tr\/index.php?rest_route=\/wp\/v2\/posts\/61127\/revisions"}],"predecessor-version":[{"id":61129,"href":"https:\/\/akunq.net\/tr\/index.php?rest_route=\/wp\/v2\/posts\/61127\/revisions\/61129"}],"wp:featuredmedia":[{"embeddable":true,"href":"https:\/\/akunq.net\/tr\/index.php?rest_route=\/wp\/v2\/media\/61128"}],"wp:attachment":[{"href":"https:\/\/akunq.net\/tr\/index.php?rest_route=%2Fwp%2Fv2%2Fmedia&parent=61127"}],"wp:term":[{"taxonomy":"category","embeddable":true,"href":"https:\/\/akunq.net\/tr\/index.php?rest_route=%2Fwp%2Fv2%2Fcategories&post=61127"},{"taxonomy":"post_tag","embeddable":true,"href":"https:\/\/akunq.net\/tr\/index.php?rest_route=%2Fwp%2Fv2%2Ftags&post=61127"}],"curies":[{"name":"wp","href":"https:\/\/api.w.org\/{rel}","templated":true}]}}