{"id":61112,"date":"2021-01-22T03:58:43","date_gmt":"2021-01-22T08:58:43","guid":{"rendered":"https:\/\/akunq.net\/tr\/?p=61112"},"modified":"2021-01-22T03:58:43","modified_gmt":"2021-01-22T08:58:43","slug":"alevi-koylerinin-isaretlendigi-haritayi-paylasan-doktora-sorusturma","status":"publish","type":"post","link":"https:\/\/akunq.net\/tr\/?p=61112","title":{"rendered":"Alevi k\u00f6ylerinin i\u015faretlendi\u011fi haritay\u0131 payla\u015fan doktora soru\u015fturma"},"content":{"rendered":"<p><img loading=\"lazy\" decoding=\"async\" class=\"aligncenter size-medium wp-image-61113\" src=\"https:\/\/akunq.net\/tr\/wp-content\/uploads\/2021\/01\/Alevi-k\u00f6ylerinin-i\u015faretlendi\u011fi-harita-360x240.jpg\" alt=\"\" width=\"360\" height=\"240\" srcset=\"https:\/\/akunq.net\/tr\/wp-content\/uploads\/sites\/6\/2021\/01\/Alevi-k\u00f6ylerinin-i\u015faretlendi\u011fi-harita-360x240.jpg 360w, https:\/\/akunq.net\/tr\/wp-content\/uploads\/sites\/6\/2021\/01\/Alevi-k\u00f6ylerinin-i\u015faretlendi\u011fi-harita-768x511.jpg 768w, https:\/\/akunq.net\/tr\/wp-content\/uploads\/sites\/6\/2021\/01\/Alevi-k\u00f6ylerinin-i\u015faretlendi\u011fi-harita-560x373.jpg 560w, https:\/\/akunq.net\/tr\/wp-content\/uploads\/sites\/6\/2021\/01\/Alevi-k\u00f6ylerinin-i\u015faretlendi\u011fi-harita-260x173.jpg 260w, https:\/\/akunq.net\/tr\/wp-content\/uploads\/sites\/6\/2021\/01\/Alevi-k\u00f6ylerinin-i\u015faretlendi\u011fi-harita-160x107.jpg 160w, https:\/\/akunq.net\/tr\/wp-content\/uploads\/sites\/6\/2021\/01\/Alevi-k\u00f6ylerinin-i\u015faretlendi\u011fi-harita.jpg 1368w\" sizes=\"auto, (max-width: 360px) 100vw, 360px\" \/><\/p>\n<p><em><strong>Hasta yak\u0131n\u0131na g\u00f6nderildi\u011fi iddia edilen haritada Alevilerin ya\u015fad\u0131\u011f\u0131 k\u00f6ylerin yan\u0131na k\u0131rm\u0131z\u0131 harflerle &#8221;Alevi&#8221; yaz\u0131ld\u0131\u011f\u0131 g\u00f6r\u00fcld\u00fc. Tokat \u0130l Sa\u011fl\u0131k M\u00fcd\u00fcrl\u00fc\u011f\u00fc doktor hakk\u0131nda soru\u015fturma ba\u015flatt\u0131.<\/strong><\/em><\/p>\n<p>Tokat\u2019ta Sa\u011fl\u0131k Bakanl\u0131\u011f\u0131 logolu bir haritada Alevi k\u00f6ylerinin k\u0131rm\u0131z\u0131 renkli \u2018Alevi\u2019 yaz\u0131s\u0131 oldu\u011fu ortaya \u00e7\u0131kt\u0131. Tokat \u0130l Sa\u011fl\u0131k M\u00fcd\u00fcrl\u00fc\u011f\u00fc, bakanl\u0131\u011f\u0131n b\u00f6yle bir haritas\u0131 olmad\u0131\u011f\u0131n\u0131 ve harita \u00fczerinde de\u011fi\u015fiklik yapan doktor hakk\u0131nda soru\u015fturma ba\u015flat\u0131ld\u0131\u011f\u0131n\u0131 a\u00e7\u0131klad\u0131.<\/p>\n<p>Tokat\u2019ta yerel yay\u0131n yapan \u201cAnadolu\u2019nun Sesi Tokat\u201d sitesinde yer alan habere g\u00f6re, Tokat&#8217;\u0131n\u00a0\u00a0Almus il\u00e7esine ba\u011fl\u0131 Ar\u0131su k\u00f6y\u00fc Eskici mahallesinde rahats\u0131zlanan bir kad\u0131n ambulans ile hastaneye kald\u0131r\u0131ld\u0131.<\/p>\n<p>Hastan\u0131n \u0130stanbul\u2019da ya\u015fayan o\u011flu annesinin sa\u011fl\u0131k durumunu \u00f6\u011frenmek i\u00e7in arad\u0131\u011f\u0131 hastanede bir doktor hangi k\u00f6yden olduklar\u0131n\u0131 \u00f6\u011frenmek i\u00e7in Almus\u2019un k\u00f6ylerini g\u00f6steren bir harita g\u00f6nderdi.<\/p>\n<div class=\"dnd-widget-wrapper context-custom_image type-image\">\n<div class=\"dnd-atom-rendered\">\n<div class=\"entry-media-inner-img\"><img loading=\"lazy\" decoding=\"async\" title=\"whatsap.jpg\" src=\"https:\/\/www.indyturk.com\/sites\/default\/files\/styles\/800xauto\/public\/thumbnails\/image\/2021\/01\/21\/566226-343923989.jpg?itok=6hZ13IyN\" alt=\"whatsap.jpg\" width=\"169\" height=\"300\" \/><\/div>\n<\/div>\n<div class=\"dnd-caption-wrapper\">\n<div class=\"meta\"><em>Haberde Whatsapp yaz\u0131\u015fma ekran\u0131na yer verildi \/ Foto\u011fraf: Anadolu\u2019nun Sesi Tokat<\/em><\/div>\n<\/div>\n<\/div>\n<p>Hasta yak\u0131n\u0131na g\u00f6nderilen Sa\u011fl\u0131k Bakanl\u0131\u011f\u0131&#8217;n\u0131n logosunun oldu\u011fu haritada Alevilerin ya\u015fad\u0131\u011f\u0131 k\u00f6ylerin yan\u0131na k\u0131rm\u0131z\u0131 harflerle &#8221;Alevi&#8221; yaz\u0131ld\u0131\u011f\u0131 g\u00f6r\u00fcld\u00fc.<\/p>\n<div class=\"dnd-widget-wrapper context-custom_image type-image\">\n<div class=\"dnd-atom-rendered\">\n<div class=\"entry-media-inner-img\"><img loading=\"lazy\" decoding=\"async\" title=\"harita.jpg\" src=\"https:\/\/www.indyturk.com\/sites\/default\/files\/styles\/800xauto\/public\/thumbnails\/image\/2021\/01\/21\/566221-1852848700.jpg?itok=YIbFJf5d\" alt=\"harita.jpg\" width=\"696\" height=\"1237\" \/><\/div>\n<\/div>\n<div class=\"dnd-caption-wrapper\">\n<div class=\"meta\"><em>Whatsapp&#8217;tan g\u00f6nderildi\u011fi iddia edilen harita \/ Foto\u011fraf: Anadolu\u2019nun Sesi Tokat<\/em><\/div>\n<\/div>\n<\/div>\n<p>Haritan\u0131n kim taraf\u0131ndan ne ama\u00e7la haz\u0131rland\u0131\u011f\u0131 bilinmezken, Alevilerin ya\u015famad\u0131\u011f\u0131 k\u00f6ylerin yan\u0131nda hi\u00e7bir ifadenin bulunmad\u0131\u011f\u0131 g\u00f6r\u00fcld\u00fc.<\/p>\n<p><strong>&#8220;Doktor soru\u015fturulsun&#8221;<\/strong><\/p>\n<p>Konuya ili\u015fkin bir a\u00e7\u0131klama yapan Tokat \u0130li Dernekler Federasyonu Ba\u015fkan\u0131 Halil Bakan, haritay\u0131 g\u00f6nderen doktor hakk\u0131nda idari ve hukuki soru\u015fturma yap\u0131lmas\u0131n\u0131 ve soru\u015fturma sonu\u00e7lanana kadar g\u00f6revden uzakla\u015ft\u0131r\u0131lmas\u0131n\u0131 istedi.<\/p>\n<p>Bakan, &#8220;Bu bir servis etme i\u015fi de\u011fildir. \u0130nsanlar\u0131 aptal yerine koyarken hangi zeka t\u00fcr\u00fcn\u00fc baz al\u0131yorsunuz. Bu millete yaz\u0131k ediyorsunuz, yapmay\u0131n. \u00a0Bu konu basit bir mesele de\u011fildir. Bu doktor Hipokrat yemini etmi\u015ftir. Hastan\u0131n kimli\u011fini, inanc\u0131n\u0131, mezhebini sorgulama yetkisi yoktur. \u0130\u015fi hasta tedavi etmektir. Bu doktorun ayr\u0131\u015ft\u0131r\u0131c\u0131 tutumunun d\u0131\u015fa vurmu\u015f haline tan\u0131k olduk. Durum ciddidir, ge\u00e7i\u015ftirilemez. Bu doktorun bug\u00fcne kadar tedavi uygulad\u0131\u011f\u0131 hastalar, hastalara uygulad\u0131\u011f\u0131 tedavi y\u00f6ntemleri ve re\u00e7eteler mutlaka incelenmelidir. \u015eimdi yap\u0131lacak i\u015f doktor hakk\u0131nda idari ve hukuki soru\u015fturma yap\u0131lmas\u0131d\u0131r. Soru\u015fturma selameti a\u00e7\u0131s\u0131ndan g\u00f6revden uzakla\u015ft\u0131r\u0131lmal\u0131d\u0131r&#8221; dedi.<\/p>\n<p><strong>Doktor hakk\u0131nda soru\u015fturma ba\u015flat\u0131ld\u0131<\/strong><\/p>\n<p>Tokat \u0130l Sa\u011fl\u0131k M\u00fcd\u00fcrl\u00fc\u011f\u00fc, tepki \u00e7eken harita hakk\u0131nda bir a\u00e7\u0131klama yapt\u0131 ve doktor hakk\u0131na soru\u015fturma ba\u015flat\u0131ld\u0131\u011f\u0131n\u0131 bildirdi.<\/p>\n<p>\u0130l Sa\u011fl\u0131k M\u00fcd\u00fcrl\u00fc\u011f\u00fc&#8217;ndne yap\u0131lan a\u00e7\u0131klamada, &#8220;Baz\u0131 internet sitelerinde yer alan \u201cSa\u011fl\u0131k Bakanl\u0131\u011f\u0131 logolu haritada Aleviler fi\u015flendi\u201d ba\u015fl\u0131kl\u0131 haberler \u00fczerine bu a\u00e7\u0131klamaya gerek g\u00f6r\u00fclm\u00fc\u015ft\u00fcr&#8221; denildi.<\/p>\n<p>S\u00f6z konusu a\u00e7\u0131klamada, &#8220;Tokat Almus Toplum Sa\u011fl\u0131\u011f\u0131 Merkezinde g\u00f6revli bir hekimin, merkezde as\u0131l\u0131 olan Almus ve k\u00f6ylerini g\u00f6steren haritan\u0131n foto\u011fraf\u0131n\u0131 \u00e7ekti\u011fi ve \u015fahsi telefonundaki bu foto\u011fraf \u00fczerinde de\u011fi\u015fiklikler yapt\u0131\u011f\u0131 anla\u015f\u0131lm\u0131\u015ft\u0131r. Hekim, beyan\u0131nda Almus il\u00e7esinin k\u00fclt\u00fcr\u00fcn\u00fc ve k\u00f6ylerin eski isimlerini \u00f6\u011frenebilmek i\u00e7in haritada bu de\u011fi\u015fiklileri yapt\u0131\u011f\u0131n\u0131 ifade etmi\u015ftir. Haberlerde iddia edildi\u011finin aksine, m\u00fcd\u00fcrl\u00fc\u011f\u00fcm\u00fczde ya da ba\u011fl\u0131 sa\u011fl\u0131k tesislerimizde b\u00f6yle bir harita bulunmamaktad\u0131r&#8221; ifadelerine yer verildi.<\/p>\n<p>A\u00e7\u0131klamada ayr\u0131ca, &#8220;\u0130lgili personel hakk\u0131nda m\u00fcd\u00fcrl\u00fc\u011f\u00fcm\u00fczce idari soru\u015fturma ba\u015flat\u0131lm\u0131\u015ft\u0131r&#8221; bilgisi payla\u015f\u0131ld\u0131.<\/p>\n<p><strong><em>Anadolu\u2019nun Sesi Tokat, Independent T\u00fcrk\u00e7e<\/em><\/strong><\/p>\n<p><em><strong>https:\/\/www.indyturk.com\/node\/303886\/haber\/alevi-k%C3%B6ylerinin-i%C5%9Faretlendi%C4%9Fi-haritay%C4%B1-payla%C5%9Fan-doktora-soru%C5%9Fturma\u00a0<\/strong><\/em><\/p>\n","protected":false},"excerpt":{"rendered":"<p>Hasta yak\u0131n\u0131na g\u00f6nderildi\u011fi iddia edilen haritada Alevilerin ya\u015fad\u0131\u011f\u0131 k\u00f6ylerin yan\u0131na k\u0131rm\u0131z\u0131 harflerle &#8221;Alevi&#8221; yaz\u0131ld\u0131\u011f\u0131 g\u00f6r\u00fcld\u00fc. Tokat \u0130l Sa\u011fl\u0131k M\u00fcd\u00fcrl\u00fc\u011f\u00fc doktor hakk\u0131nda soru\u015fturma ba\u015flatt\u0131. Tokat\u2019ta Sa\u011fl\u0131k Bakanl\u0131\u011f\u0131 logolu bir haritada Alevi k\u00f6ylerinin k\u0131rm\u0131z\u0131 renkli \u2018Alevi\u2019 yaz\u0131s\u0131 oldu\u011fu ortaya \u00e7\u0131kt\u0131. Tokat \u0130l Sa\u011fl\u0131k M\u00fcd\u00fcrl\u00fc\u011f\u00fc, bakanl\u0131\u011f\u0131n b\u00f6yle bir haritas\u0131 olmad\u0131\u011f\u0131n\u0131 ve harita \u00fczerinde de\u011fi\u015fiklik yapan doktor hakk\u0131nda soru\u015fturma [&hellip;]<\/p>\n","protected":false},"author":7,"featured_media":61113,"comment_status":"open","ping_status":"open","sticky":false,"template":"","format":"standard","meta":{"footnotes":""},"categories":[1,53],"tags":[],"class_list":["post-61112","post","type-post","status-publish","format-standard","has-post-thumbnail","hentry","category-haberler","category-turkiyede-azinliklar"],"yoast_head":"<!-- This site is optimized with the Yoast SEO plugin v27.4 - https:\/\/yoast.com\/product\/yoast-seo-wordpress\/ -->\n<title>Alevi k\u00f6ylerinin i\u015faretlendi\u011fi haritay\u0131 payla\u015fan doktora soru\u015fturma - Bati Ermenistan Ve Bati Ermenileri Sorunlari Ara\u015ftirmalar Merkezi<\/title>\n<meta name=\"robots\" content=\"index, follow, max-snippet:-1, max-image-preview:large, max-video-preview:-1\" \/>\n<link rel=\"canonical\" href=\"https:\/\/akunq.net\/tr\/?p=61112\" \/>\n<meta property=\"og:locale\" content=\"en_US\" \/>\n<meta property=\"og:type\" content=\"article\" \/>\n<meta property=\"og:title\" content=\"Alevi k\u00f6ylerinin i\u015faretlendi\u011fi haritay\u0131 payla\u015fan doktora soru\u015fturma - Bati Ermenistan Ve Bati Ermenileri Sorunlari Ara\u015ftirmalar Merkezi\" \/>\n<meta property=\"og:description\" content=\"Hasta yak\u0131n\u0131na g\u00f6nderildi\u011fi iddia edilen haritada Alevilerin ya\u015fad\u0131\u011f\u0131 k\u00f6ylerin yan\u0131na k\u0131rm\u0131z\u0131 harflerle &#8221;Alevi&#8221; yaz\u0131ld\u0131\u011f\u0131 g\u00f6r\u00fcld\u00fc. Tokat \u0130l Sa\u011fl\u0131k M\u00fcd\u00fcrl\u00fc\u011f\u00fc doktor hakk\u0131nda soru\u015fturma ba\u015flatt\u0131. Tokat\u2019ta Sa\u011fl\u0131k Bakanl\u0131\u011f\u0131 logolu bir haritada Alevi k\u00f6ylerinin k\u0131rm\u0131z\u0131 renkli \u2018Alevi\u2019 yaz\u0131s\u0131 oldu\u011fu ortaya \u00e7\u0131kt\u0131. Tokat \u0130l Sa\u011fl\u0131k M\u00fcd\u00fcrl\u00fc\u011f\u00fc, bakanl\u0131\u011f\u0131n b\u00f6yle bir haritas\u0131 olmad\u0131\u011f\u0131n\u0131 ve harita \u00fczerinde de\u011fi\u015fiklik yapan doktor hakk\u0131nda soru\u015fturma [&hellip;]\" \/>\n<meta property=\"og:url\" content=\"https:\/\/akunq.net\/tr\/?p=61112\" \/>\n<meta property=\"og:site_name\" content=\"Bati Ermenistan Ve Bati Ermenileri Sorunlari Ara\u015ftirmalar Merkezi\" \/>\n<meta property=\"article:published_time\" content=\"2021-01-22T08:58:43+00:00\" \/>\n<meta property=\"og:image\" content=\"https:\/\/akunq.net\/tr\/wp-content\/uploads\/sites\/6\/2021\/01\/Alevi-k\u00f6ylerinin-i\u015faretlendi\u011fi-harita.jpg\" \/>\n\t<meta property=\"og:image:width\" content=\"1368\" \/>\n\t<meta property=\"og:image:height\" content=\"911\" \/>\n\t<meta property=\"og:image:type\" content=\"image\/jpeg\" \/>\n<meta name=\"author\" content=\"admin\" \/>\n<meta name=\"twitter:card\" content=\"summary_large_image\" \/>\n<meta name=\"twitter:label1\" content=\"Written by\" \/>\n\t<meta name=\"twitter:data1\" content=\"admin\" \/>\n\t<meta name=\"twitter:label2\" content=\"Est. reading time\" \/>\n\t<meta name=\"twitter:data2\" content=\"3 minutes\" \/>\n<script type=\"application\/ld+json\" class=\"yoast-schema-graph\">{\"@context\":\"https:\\\/\\\/schema.org\",\"@graph\":[{\"@type\":\"Article\",\"@id\":\"https:\\\/\\\/akunq.net\\\/tr\\\/?p=61112#article\",\"isPartOf\":{\"@id\":\"https:\\\/\\\/akunq.net\\\/tr\\\/?p=61112\"},\"author\":{\"name\":\"admin\",\"@id\":\"https:\\\/\\\/akunq.net\\\/tr\\\/#\\\/schema\\\/person\\\/096f1d38a12cce57fb855b485ed24c9e\"},\"headline\":\"Alevi k\u00f6ylerinin i\u015faretlendi\u011fi haritay\u0131 payla\u015fan doktora soru\u015fturma\",\"datePublished\":\"2021-01-22T08:58:43+00:00\",\"mainEntityOfPage\":{\"@id\":\"https:\\\/\\\/akunq.net\\\/tr\\\/?p=61112\"},\"wordCount\":675,\"commentCount\":0,\"image\":{\"@id\":\"https:\\\/\\\/akunq.net\\\/tr\\\/?p=61112#primaryimage\"},\"thumbnailUrl\":\"https:\\\/\\\/akunq.net\\\/tr\\\/wp-content\\\/uploads\\\/sites\\\/6\\\/2021\\\/01\\\/Alevi-k\u00f6ylerinin-i\u015faretlendi\u011fi-harita.jpg\",\"articleSection\":[\"Haberler\",\"T\u00fcrkiye\u2019de Az\u0131nl\u0131klar\"],\"inLanguage\":\"en-US\",\"potentialAction\":[{\"@type\":\"CommentAction\",\"name\":\"Comment\",\"target\":[\"https:\\\/\\\/akunq.net\\\/tr\\\/?p=61112#respond\"]}]},{\"@type\":\"WebPage\",\"@id\":\"https:\\\/\\\/akunq.net\\\/tr\\\/?p=61112\",\"url\":\"https:\\\/\\\/akunq.net\\\/tr\\\/?p=61112\",\"name\":\"Alevi k\u00f6ylerinin i\u015faretlendi\u011fi haritay\u0131 payla\u015fan doktora soru\u015fturma - Bati Ermenistan Ve Bati Ermenileri Sorunlari Ara\u015ftirmalar Merkezi\",\"isPartOf\":{\"@id\":\"https:\\\/\\\/akunq.net\\\/tr\\\/#website\"},\"primaryImageOfPage\":{\"@id\":\"https:\\\/\\\/akunq.net\\\/tr\\\/?p=61112#primaryimage\"},\"image\":{\"@id\":\"https:\\\/\\\/akunq.net\\\/tr\\\/?p=61112#primaryimage\"},\"thumbnailUrl\":\"https:\\\/\\\/akunq.net\\\/tr\\\/wp-content\\\/uploads\\\/sites\\\/6\\\/2021\\\/01\\\/Alevi-k\u00f6ylerinin-i\u015faretlendi\u011fi-harita.jpg\",\"datePublished\":\"2021-01-22T08:58:43+00:00\",\"author\":{\"@id\":\"https:\\\/\\\/akunq.net\\\/tr\\\/#\\\/schema\\\/person\\\/096f1d38a12cce57fb855b485ed24c9e\"},\"breadcrumb\":{\"@id\":\"https:\\\/\\\/akunq.net\\\/tr\\\/?p=61112#breadcrumb\"},\"inLanguage\":\"en-US\",\"potentialAction\":[{\"@type\":\"ReadAction\",\"target\":[\"https:\\\/\\\/akunq.net\\\/tr\\\/?p=61112\"]}]},{\"@type\":\"ImageObject\",\"inLanguage\":\"en-US\",\"@id\":\"https:\\\/\\\/akunq.net\\\/tr\\\/?p=61112#primaryimage\",\"url\":\"https:\\\/\\\/akunq.net\\\/tr\\\/wp-content\\\/uploads\\\/sites\\\/6\\\/2021\\\/01\\\/Alevi-k\u00f6ylerinin-i\u015faretlendi\u011fi-harita.jpg\",\"contentUrl\":\"https:\\\/\\\/akunq.net\\\/tr\\\/wp-content\\\/uploads\\\/sites\\\/6\\\/2021\\\/01\\\/Alevi-k\u00f6ylerinin-i\u015faretlendi\u011fi-harita.jpg\",\"width\":1368,\"height\":911},{\"@type\":\"BreadcrumbList\",\"@id\":\"https:\\\/\\\/akunq.net\\\/tr\\\/?p=61112#breadcrumb\",\"itemListElement\":[{\"@type\":\"ListItem\",\"position\":1,\"name\":\"Home\",\"item\":\"https:\\\/\\\/akunq.net\\\/tr\"},{\"@type\":\"ListItem\",\"position\":2,\"name\":\"Alevi k\u00f6ylerinin i\u015faretlendi\u011fi haritay\u0131 payla\u015fan doktora soru\u015fturma\"}]},{\"@type\":\"WebSite\",\"@id\":\"https:\\\/\\\/akunq.net\\\/tr\\\/#website\",\"url\":\"https:\\\/\\\/akunq.net\\\/tr\\\/\",\"name\":\"Bati Ermenistan Ve Bati Ermenileri Sorunlari Ara\u015ftirmalar Merkezi\",\"description\":\"\",\"potentialAction\":[{\"@type\":\"SearchAction\",\"target\":{\"@type\":\"EntryPoint\",\"urlTemplate\":\"https:\\\/\\\/akunq.net\\\/tr\\\/?s={search_term_string}\"},\"query-input\":{\"@type\":\"PropertyValueSpecification\",\"valueRequired\":true,\"valueName\":\"search_term_string\"}}],\"inLanguage\":\"en-US\"},{\"@type\":\"Person\",\"@id\":\"https:\\\/\\\/akunq.net\\\/tr\\\/#\\\/schema\\\/person\\\/096f1d38a12cce57fb855b485ed24c9e\",\"name\":\"admin\",\"url\":\"https:\\\/\\\/akunq.net\\\/tr\\\/?author=7\"}]}<\/script>\n<!-- \/ Yoast SEO plugin. -->","yoast_head_json":{"title":"Alevi k\u00f6ylerinin i\u015faretlendi\u011fi haritay\u0131 payla\u015fan doktora soru\u015fturma - Bati Ermenistan Ve Bati Ermenileri Sorunlari Ara\u015ftirmalar Merkezi","robots":{"index":"index","follow":"follow","max-snippet":"max-snippet:-1","max-image-preview":"max-image-preview:large","max-video-preview":"max-video-preview:-1"},"canonical":"https:\/\/akunq.net\/tr\/?p=61112","og_locale":"en_US","og_type":"article","og_title":"Alevi k\u00f6ylerinin i\u015faretlendi\u011fi haritay\u0131 payla\u015fan doktora soru\u015fturma - Bati Ermenistan Ve Bati Ermenileri Sorunlari Ara\u015ftirmalar Merkezi","og_description":"Hasta yak\u0131n\u0131na g\u00f6nderildi\u011fi iddia edilen haritada Alevilerin ya\u015fad\u0131\u011f\u0131 k\u00f6ylerin yan\u0131na k\u0131rm\u0131z\u0131 harflerle &#8221;Alevi&#8221; yaz\u0131ld\u0131\u011f\u0131 g\u00f6r\u00fcld\u00fc. Tokat \u0130l Sa\u011fl\u0131k M\u00fcd\u00fcrl\u00fc\u011f\u00fc doktor hakk\u0131nda soru\u015fturma ba\u015flatt\u0131. Tokat\u2019ta Sa\u011fl\u0131k Bakanl\u0131\u011f\u0131 logolu bir haritada Alevi k\u00f6ylerinin k\u0131rm\u0131z\u0131 renkli \u2018Alevi\u2019 yaz\u0131s\u0131 oldu\u011fu ortaya \u00e7\u0131kt\u0131. Tokat \u0130l Sa\u011fl\u0131k M\u00fcd\u00fcrl\u00fc\u011f\u00fc, bakanl\u0131\u011f\u0131n b\u00f6yle bir haritas\u0131 olmad\u0131\u011f\u0131n\u0131 ve harita \u00fczerinde de\u011fi\u015fiklik yapan doktor hakk\u0131nda soru\u015fturma [&hellip;]","og_url":"https:\/\/akunq.net\/tr\/?p=61112","og_site_name":"Bati Ermenistan Ve Bati Ermenileri Sorunlari Ara\u015ftirmalar Merkezi","article_published_time":"2021-01-22T08:58:43+00:00","og_image":[{"width":1368,"height":911,"url":"https:\/\/akunq.net\/tr\/wp-content\/uploads\/sites\/6\/2021\/01\/Alevi-k\u00f6ylerinin-i\u015faretlendi\u011fi-harita.jpg","type":"image\/jpeg"}],"author":"admin","twitter_card":"summary_large_image","twitter_misc":{"Written by":"admin","Est. reading time":"3 minutes"},"schema":{"@context":"https:\/\/schema.org","@graph":[{"@type":"Article","@id":"https:\/\/akunq.net\/tr\/?p=61112#article","isPartOf":{"@id":"https:\/\/akunq.net\/tr\/?p=61112"},"author":{"name":"admin","@id":"https:\/\/akunq.net\/tr\/#\/schema\/person\/096f1d38a12cce57fb855b485ed24c9e"},"headline":"Alevi k\u00f6ylerinin i\u015faretlendi\u011fi haritay\u0131 payla\u015fan doktora soru\u015fturma","datePublished":"2021-01-22T08:58:43+00:00","mainEntityOfPage":{"@id":"https:\/\/akunq.net\/tr\/?p=61112"},"wordCount":675,"commentCount":0,"image":{"@id":"https:\/\/akunq.net\/tr\/?p=61112#primaryimage"},"thumbnailUrl":"https:\/\/akunq.net\/tr\/wp-content\/uploads\/sites\/6\/2021\/01\/Alevi-k\u00f6ylerinin-i\u015faretlendi\u011fi-harita.jpg","articleSection":["Haberler","T\u00fcrkiye\u2019de Az\u0131nl\u0131klar"],"inLanguage":"en-US","potentialAction":[{"@type":"CommentAction","name":"Comment","target":["https:\/\/akunq.net\/tr\/?p=61112#respond"]}]},{"@type":"WebPage","@id":"https:\/\/akunq.net\/tr\/?p=61112","url":"https:\/\/akunq.net\/tr\/?p=61112","name":"Alevi k\u00f6ylerinin i\u015faretlendi\u011fi haritay\u0131 payla\u015fan doktora soru\u015fturma - Bati Ermenistan Ve Bati Ermenileri Sorunlari Ara\u015ftirmalar Merkezi","isPartOf":{"@id":"https:\/\/akunq.net\/tr\/#website"},"primaryImageOfPage":{"@id":"https:\/\/akunq.net\/tr\/?p=61112#primaryimage"},"image":{"@id":"https:\/\/akunq.net\/tr\/?p=61112#primaryimage"},"thumbnailUrl":"https:\/\/akunq.net\/tr\/wp-content\/uploads\/sites\/6\/2021\/01\/Alevi-k\u00f6ylerinin-i\u015faretlendi\u011fi-harita.jpg","datePublished":"2021-01-22T08:58:43+00:00","author":{"@id":"https:\/\/akunq.net\/tr\/#\/schema\/person\/096f1d38a12cce57fb855b485ed24c9e"},"breadcrumb":{"@id":"https:\/\/akunq.net\/tr\/?p=61112#breadcrumb"},"inLanguage":"en-US","potentialAction":[{"@type":"ReadAction","target":["https:\/\/akunq.net\/tr\/?p=61112"]}]},{"@type":"ImageObject","inLanguage":"en-US","@id":"https:\/\/akunq.net\/tr\/?p=61112#primaryimage","url":"https:\/\/akunq.net\/tr\/wp-content\/uploads\/sites\/6\/2021\/01\/Alevi-k\u00f6ylerinin-i\u015faretlendi\u011fi-harita.jpg","contentUrl":"https:\/\/akunq.net\/tr\/wp-content\/uploads\/sites\/6\/2021\/01\/Alevi-k\u00f6ylerinin-i\u015faretlendi\u011fi-harita.jpg","width":1368,"height":911},{"@type":"BreadcrumbList","@id":"https:\/\/akunq.net\/tr\/?p=61112#breadcrumb","itemListElement":[{"@type":"ListItem","position":1,"name":"Home","item":"https:\/\/akunq.net\/tr"},{"@type":"ListItem","position":2,"name":"Alevi k\u00f6ylerinin i\u015faretlendi\u011fi haritay\u0131 payla\u015fan doktora soru\u015fturma"}]},{"@type":"WebSite","@id":"https:\/\/akunq.net\/tr\/#website","url":"https:\/\/akunq.net\/tr\/","name":"Bati Ermenistan Ve Bati Ermenileri Sorunlari Ara\u015ftirmalar Merkezi","description":"","potentialAction":[{"@type":"SearchAction","target":{"@type":"EntryPoint","urlTemplate":"https:\/\/akunq.net\/tr\/?s={search_term_string}"},"query-input":{"@type":"PropertyValueSpecification","valueRequired":true,"valueName":"search_term_string"}}],"inLanguage":"en-US"},{"@type":"Person","@id":"https:\/\/akunq.net\/tr\/#\/schema\/person\/096f1d38a12cce57fb855b485ed24c9e","name":"admin","url":"https:\/\/akunq.net\/tr\/?author=7"}]}},"_links":{"self":[{"href":"https:\/\/akunq.net\/tr\/index.php?rest_route=\/wp\/v2\/posts\/61112","targetHints":{"allow":["GET"]}}],"collection":[{"href":"https:\/\/akunq.net\/tr\/index.php?rest_route=\/wp\/v2\/posts"}],"about":[{"href":"https:\/\/akunq.net\/tr\/index.php?rest_route=\/wp\/v2\/types\/post"}],"author":[{"embeddable":true,"href":"https:\/\/akunq.net\/tr\/index.php?rest_route=\/wp\/v2\/users\/7"}],"replies":[{"embeddable":true,"href":"https:\/\/akunq.net\/tr\/index.php?rest_route=%2Fwp%2Fv2%2Fcomments&post=61112"}],"version-history":[{"count":1,"href":"https:\/\/akunq.net\/tr\/index.php?rest_route=\/wp\/v2\/posts\/61112\/revisions"}],"predecessor-version":[{"id":61114,"href":"https:\/\/akunq.net\/tr\/index.php?rest_route=\/wp\/v2\/posts\/61112\/revisions\/61114"}],"wp:featuredmedia":[{"embeddable":true,"href":"https:\/\/akunq.net\/tr\/index.php?rest_route=\/wp\/v2\/media\/61113"}],"wp:attachment":[{"href":"https:\/\/akunq.net\/tr\/index.php?rest_route=%2Fwp%2Fv2%2Fmedia&parent=61112"}],"wp:term":[{"taxonomy":"category","embeddable":true,"href":"https:\/\/akunq.net\/tr\/index.php?rest_route=%2Fwp%2Fv2%2Fcategories&post=61112"},{"taxonomy":"post_tag","embeddable":true,"href":"https:\/\/akunq.net\/tr\/index.php?rest_route=%2Fwp%2Fv2%2Ftags&post=61112"}],"curies":[{"name":"wp","href":"https:\/\/api.w.org\/{rel}","templated":true}]}}