{"id":61103,"date":"2021-01-22T02:36:00","date_gmt":"2021-01-22T07:36:00","guid":{"rendered":"https:\/\/akunq.net\/tr\/?p=61103"},"modified":"2021-01-22T02:36:00","modified_gmt":"2021-01-22T07:36:00","slug":"altyapi-calismasinda-tarih-cikti","status":"publish","type":"post","link":"https:\/\/akunq.net\/tr\/?p=61103","title":{"rendered":"Altyap\u0131 \u00e7al\u0131\u015fmas\u0131nda tarih \u00e7\u0131kt\u0131"},"content":{"rendered":"<p><img loading=\"lazy\" decoding=\"async\" class=\"aligncenter size-medium wp-image-61104\" src=\"https:\/\/akunq.net\/tr\/wp-content\/uploads\/2021\/01\/Altyap\u0131-\u00e7al\u0131\u015fmas\u0131nda-tarih-360x202.jpg\" alt=\"\" width=\"360\" height=\"202\" srcset=\"https:\/\/akunq.net\/tr\/wp-content\/uploads\/sites\/6\/2021\/01\/Altyap\u0131-\u00e7al\u0131\u015fmas\u0131nda-tarih-360x202.jpg 360w, https:\/\/akunq.net\/tr\/wp-content\/uploads\/sites\/6\/2021\/01\/Altyap\u0131-\u00e7al\u0131\u015fmas\u0131nda-tarih-560x315.jpg 560w, https:\/\/akunq.net\/tr\/wp-content\/uploads\/sites\/6\/2021\/01\/Altyap\u0131-\u00e7al\u0131\u015fmas\u0131nda-tarih-260x146.jpg 260w, https:\/\/akunq.net\/tr\/wp-content\/uploads\/sites\/6\/2021\/01\/Altyap\u0131-\u00e7al\u0131\u015fmas\u0131nda-tarih-160x90.jpg 160w, https:\/\/akunq.net\/tr\/wp-content\/uploads\/sites\/6\/2021\/01\/Altyap\u0131-\u00e7al\u0131\u015fmas\u0131nda-tarih.jpg 730w\" sizes=\"auto, (max-width: 360px) 100vw, 360px\" \/><\/p>\n<p><em><strong>Trabzon\u2019da belediyenin alt yap\u0131 \u00e7al\u0131\u015fmalar\u0131nda, Roma d\u00f6nemine ait oldu\u011fu tahmin edilen kemerli kubbe \u015feklinde kal\u0131nt\u0131 ile tarihi zincir ve baz\u0131 metal par\u00e7alar bulunan alanda ba\u015flat\u0131lan incelemeler s\u00fcr\u00fcyor. Uzmanlar, kentte s\u0131rr\u0131 ve ak\u0131beti merak konusu olan alan\u0131n, b\u00fct\u00fcn\u00fcyle ele al\u0131nmas\u0131nda dikkat \u00e7ekerek, tarihi yerlerde bu t\u00fcr kaz\u0131lar\u0131n tarih bilimcileri e\u015fli\u011finde \u00f6zenle y\u00fcr\u00fct\u00fclmesini \u00f6neriyor.<\/strong><\/em><\/p>\n<p>Trabzon \u0130\u00e7mesuyu ve Kanalizasyon \u0130daresi (T\u0130SK\u0130) Genel M\u00fcd\u00fcrl\u00fc\u011f\u00fc ekiplerince, Kahramanmara\u015f Caddesi\u2019nde s\u00fcren alt yap\u0131 \u00e7al\u0131\u015fmalar\u0131 s\u0131ras\u0131nda, baz\u0131 kal\u0131nt\u0131lara rastland\u0131. Roma d\u00f6nemine ait oldu\u011fu tahmin edilen kemerli kubbe \u015feklinde kal\u0131nt\u0131n\u0131n ortaya \u00e7\u0131kmas\u0131 \u00fczerine ekipler, \u00e7al\u0131\u015fmalar\u0131n\u0131 durdurdu. Haber verilmesi \u00fczerine b\u00f6lgeye gelen M\u00fcze M\u00fcd\u00fcrl\u00fc\u011f\u00fc yetkilileri ve arkeologlarca alanda inceleme \u00e7al\u0131\u015fmas\u0131 ba\u015flat\u0131ld\u0131. Alanda ekiplerce kontroll\u00fc olarak s\u00fcrd\u00fcr\u00fclen kaz\u0131da, baz\u0131 tarihi zincir ve metal par\u00e7alar da ortaya \u00e7\u0131kar\u0131ld\u0131. Uzmanlar, kentte s\u0131rr\u0131 ve ak\u0131beti merak konusu olan alan\u0131n, b\u00fct\u00fcn\u00fcyle ele al\u0131nmas\u0131nda dikkat \u00e7ekerek, tarihi yerlerde bu t\u00fcr kaz\u0131lar\u0131n, tarih bilimcileri e\u015fli\u011finde \u00f6zenle y\u00fcr\u00fct\u00fclmesini \u00f6nerdi.<\/p>\n<p><strong>\u2018KAZILAR UZMANLAR E\u015eL\u0130\u011e\u0130NDE YAPILMALI\u2019<\/strong><\/p>\n<p>Do\u011fal ve Tarihi De\u011ferleri Koruma Derne\u011fi Ba\u015fkan\u0131 Do\u00e7. Dr. Co\u015fkun Er\u00fcz, \u2018su sarn\u0131c\u0131\u2019 olmas\u0131 muhtemel alanda Roma d\u00f6nemine ait izlere rastlan\u0131lmas\u0131n\u0131n m\u00fcmk\u00fcn olabilece\u011fini s\u00f6yledi. Trabzon\u2019un tarihi bir kent oldu\u011funu kaydeden Er\u00fcz, \u201cTrabzon\u2019da yo\u011fun bir \u015fekilde alt yap\u0131 \u00e7al\u0131\u015fmalar\u0131 yap\u0131l\u0131yor. Trabzon 2 bin 500 y\u0131l\u0131 net bilinen kalesi ve ticareti olan bir liman kenti. Trabzon\u2019da 2 metre derine kadar inildi\u011fi zaman eski yap\u0131 izleri \u00e7\u0131kmas\u0131 normaldir. \u00d6zellikle Meydan ve Kalekap\u0131 aras\u0131 olan b\u00f6lgede yap\u0131lacak kaz\u0131 \u00e7al\u0131\u015fmalar\u0131nda mutlaka ge\u00e7mi\u015f d\u00f6nemlere ait yap\u0131lar \u00e7\u0131kar. Bazen kuyu, bazen \u015fimdiki gibi sarn\u0131\u00e7 olarak ortaya \u00e7\u0131k\u0131yor. E\u011fer beton gibi har\u00e7l\u0131 malzeme o d\u00f6nemlerde kullan\u0131ld\u0131ysa g\u00fcn\u00fcm\u00fcze kadar gelmesi normal. Yap\u0131lan kaz\u0131da fark etti\u011fim y\u0131k\u0131lm\u0131\u015f bir eve ya da hana ait 18 ila 19\u2019uncu y\u00fczy\u0131lda kullan\u0131lm\u0131\u015f metalik malzemelerde ortaya \u00e7\u0131kt\u0131. O alanlarda Roma d\u00f6nemine ait olabilecek yap\u0131lara da rastlamak m\u00fcmk\u00fcn olacakt\u0131r. Daha \u00f6nce tabakhane camisinin oldu\u011fu alanda yap\u0131lan \u00e7al\u0131\u015fmada Trabzon\u2019un en eski tap\u0131na\u011f\u0131na ait kal\u0131nt\u0131lar ortaya \u00e7\u0131km\u0131\u015ft\u0131. Mara\u015f Caddesi de onun hemen 200 metre kuzeyinde bulunan bir alan. Bu alanlarda yap\u0131lacak olan kaz\u0131larda \u00e7ok dikkatli olunmas\u0131 gerekiyor. Kaz\u0131lar\u0131n ba\u015f\u0131nda m\u00fcze m\u00fcd\u00fcrl\u00fcklerinin uzmanlar\u0131 bulunmal\u0131. Kaz\u0131 esnas\u0131nda ta\u015f\u0131n\u0131r veya ta\u015f\u0131nmaz tarihi bir yap\u0131 ortaya \u00e7\u0131kt\u0131\u011f\u0131nda zarar verilmeden tarihe \u0131\u015f\u0131k tutabilsin. \u00d6zellikle gece kaz\u0131lar\u0131 olduk\u00e7a riskli, dikkatli bir \u015fekilde kaz\u0131lar yap\u0131lmal\u0131 ve \u00e7\u0131kan herhangi bir yap\u0131 da ona g\u00f6re \u00e7\u0131kar\u0131lmal\u0131\u201d dedi.<\/p>\n<p><strong>\u2018ALAN B\u00dcT\u00dcN\u00dcYLE KAZILIP DE\u011eERLEND\u0130R\u0130LMEL\u0130\u2019<\/strong><\/p>\n<p>Alt yap\u0131 \u00e7al\u0131\u015fmalar\u0131nda bulunan tarihi yap\u0131n\u0131n \u00f6nemini anlamak i\u00e7in o alan\u0131n b\u00fct\u00fcn\u00fc ile kaz\u0131l\u0131p ara\u015ft\u0131r\u0131lmas\u0131 gerekti\u011fine vurgu yapan Er\u00fcz, \u201c\u015eu an sarn\u0131\u00e7 oldu\u011funu d\u00fc\u015f\u00fcnd\u00fc\u011f\u00fcm\u00fcz yap\u0131 hakk\u0131nda belli bir bilgiye sahip de\u011filiz. Yap\u0131n\u0131n hangi mimari yap\u0131n\u0131n par\u00e7as\u0131 oldu\u011fu belirlenip ona g\u00f6re karar verilmesi gerekiyor. Bulunan sarn\u0131\u00e7 etraf\u0131 b\u00fct\u00fcn\u00fc ile kaz\u0131l\u0131p o alan\u0131n a\u00e7\u0131lmas\u0131 gerekiyor ki \u00f6nemli mi \u00f6nemsiz mi oldu\u011fu belirlensin. Osmanl\u0131 d\u00f6neminde her evin bir sarn\u0131c\u0131 mutlaka vard\u0131. \u00c7\u00fcnk\u00fc Trabzon \u00e7ok ya\u011f\u0131\u015f almas\u0131na ra\u011fmen akarsular\u0131 bulunmayan bir \u015fehir. Su teminat\u0131 da bu t\u00fcr sarn\u0131\u00e7 yap\u0131larla sa\u011flan\u0131yordu\u201d diye konu\u015ftu.<\/p>\n<p><strong>\u2018BULUNTULAR \u00c7IKMASI \u00c7OK NORMAL\u2019<\/strong><\/p>\n<p>Kent sakini Muhammet Korkmaz, \u201cTrabzon tarihi bir \u015fehir. B\u00f6yle buluntular \u00e7\u0131kmas\u0131 \u00e7ok normal. Biz de ge\u00e7erken merak ettik geldik. San\u0131r\u0131m eski d\u00f6nemlere ait bir su kuyusu ya da bir ge\u00e7it olabilir. Ama bu t\u00fcr yap\u0131lar\u0131n korunmas\u0131 gerekiyor\u201d \u015feklinde konu\u015ftu.<\/p>\n<p>Fahri Nuho\u011flu da, \u201cBen geldim, g\u00f6rd\u00fcm. Bu alan kiliselere ba\u011flan\u0131yor. Kiliseler de denize kadar uzan\u0131yormu\u015f eskiden. Bu t\u00fcr bulgular s\u00fcrekli \u00e7al\u0131\u015fmalar esnas\u0131nda ortaya \u00e7\u0131k\u0131yor. Daha \u00f6nce de \u015fimdi de rastl\u0131yoruz\u201d dedi.<\/p>\n<p><strong>BORULAR G\u00dcNEYDEN GE\u00c7\u0130R\u0130LECEK<\/strong><\/p>\n<p>\u00d6te yandan, T\u0130SK\u0130 Genel M\u00fcd\u00fcr\u00fc Ali Tekata\u015f da, \u00e7al\u0131\u015fmalar\u0131n devam edece\u011fini, kaz\u0131 g\u00fczergah\u0131n\u0131n da de\u011fi\u015ftirilece\u011fini kaydederek, \u201cSu kuyusu oldu\u011fu tahmin edilen bir yap\u0131 ortaya \u00e7\u0131kt\u0131. Alanda \u00e7al\u0131\u015fma yapan arkada\u015flar\u0131m\u0131z g\u00f6r\u00fcr g\u00f6rmez bize haber verdiler. \u0130lgili kurumlar alana davet edildi. Bu t\u00fcr yap\u0131lar\u0131n \u00e7\u0131kmas\u0131 bizim takvimimizi biraz sekteye u\u011fratsa da tarihe sayg\u0131m\u0131z kesinlikle var. Biz alt yap\u0131 \u00e7al\u0131\u015fmalar\u0131m\u0131za devam edece\u011fiz. Borular\u0131m\u0131z\u0131 biraz daha g\u00fcneyden ge\u00e7irece\u011fiz\u201d ifadelerinde bulundu.<\/p>\n<p><em><strong>https:\/\/www.milliyet.com.tr\/gundem\/altyapi-calismasinda-tarih-cikti-6411500\u00a0<\/strong><\/em><\/p>\n","protected":false},"excerpt":{"rendered":"<p>Trabzon\u2019da belediyenin alt yap\u0131 \u00e7al\u0131\u015fmalar\u0131nda, Roma d\u00f6nemine ait oldu\u011fu tahmin edilen kemerli kubbe \u015feklinde kal\u0131nt\u0131 ile tarihi zincir ve baz\u0131 metal par\u00e7alar bulunan alanda ba\u015flat\u0131lan incelemeler s\u00fcr\u00fcyor. Uzmanlar, kentte s\u0131rr\u0131 ve ak\u0131beti merak konusu olan alan\u0131n, b\u00fct\u00fcn\u00fcyle ele al\u0131nmas\u0131nda dikkat \u00e7ekerek, tarihi yerlerde bu t\u00fcr kaz\u0131lar\u0131n tarih bilimcileri e\u015fli\u011finde \u00f6zenle y\u00fcr\u00fct\u00fclmesini \u00f6neriyor. Trabzon \u0130\u00e7mesuyu ve [&hellip;]<\/p>\n","protected":false},"author":7,"featured_media":61104,"comment_status":"open","ping_status":"open","sticky":false,"template":"","format":"standard","meta":{"footnotes":""},"categories":[1],"tags":[],"class_list":["post-61103","post","type-post","status-publish","format-standard","has-post-thumbnail","hentry","category-haberler"],"yoast_head":"<!-- This site is optimized with the Yoast SEO plugin v27.4 - https:\/\/yoast.com\/product\/yoast-seo-wordpress\/ -->\n<title>Altyap\u0131 \u00e7al\u0131\u015fmas\u0131nda tarih \u00e7\u0131kt\u0131 - Bati Ermenistan Ve Bati Ermenileri Sorunlari Ara\u015ftirmalar Merkezi<\/title>\n<meta name=\"robots\" content=\"index, follow, max-snippet:-1, max-image-preview:large, max-video-preview:-1\" \/>\n<link rel=\"canonical\" href=\"https:\/\/akunq.net\/tr\/?p=61103\" \/>\n<meta property=\"og:locale\" content=\"en_US\" \/>\n<meta property=\"og:type\" content=\"article\" \/>\n<meta property=\"og:title\" content=\"Altyap\u0131 \u00e7al\u0131\u015fmas\u0131nda tarih \u00e7\u0131kt\u0131 - Bati Ermenistan Ve Bati Ermenileri Sorunlari Ara\u015ftirmalar Merkezi\" \/>\n<meta property=\"og:description\" content=\"Trabzon\u2019da belediyenin alt yap\u0131 \u00e7al\u0131\u015fmalar\u0131nda, Roma d\u00f6nemine ait oldu\u011fu tahmin edilen kemerli kubbe \u015feklinde kal\u0131nt\u0131 ile tarihi zincir ve baz\u0131 metal par\u00e7alar bulunan alanda ba\u015flat\u0131lan incelemeler s\u00fcr\u00fcyor. Uzmanlar, kentte s\u0131rr\u0131 ve ak\u0131beti merak konusu olan alan\u0131n, b\u00fct\u00fcn\u00fcyle ele al\u0131nmas\u0131nda dikkat \u00e7ekerek, tarihi yerlerde bu t\u00fcr kaz\u0131lar\u0131n tarih bilimcileri e\u015fli\u011finde \u00f6zenle y\u00fcr\u00fct\u00fclmesini \u00f6neriyor. Trabzon \u0130\u00e7mesuyu ve [&hellip;]\" \/>\n<meta property=\"og:url\" content=\"https:\/\/akunq.net\/tr\/?p=61103\" \/>\n<meta property=\"og:site_name\" content=\"Bati Ermenistan Ve Bati Ermenileri Sorunlari Ara\u015ftirmalar Merkezi\" \/>\n<meta property=\"article:published_time\" content=\"2021-01-22T07:36:00+00:00\" \/>\n<meta property=\"og:image\" content=\"https:\/\/akunq.net\/tr\/wp-content\/uploads\/sites\/6\/2021\/01\/Altyap\u0131-\u00e7al\u0131\u015fmas\u0131nda-tarih.jpg\" \/>\n\t<meta property=\"og:image:width\" content=\"730\" \/>\n\t<meta property=\"og:image:height\" content=\"410\" \/>\n\t<meta property=\"og:image:type\" content=\"image\/jpeg\" \/>\n<meta name=\"author\" content=\"admin\" \/>\n<meta name=\"twitter:card\" content=\"summary_large_image\" \/>\n<meta name=\"twitter:label1\" content=\"Written by\" \/>\n\t<meta name=\"twitter:data1\" content=\"admin\" \/>\n\t<meta name=\"twitter:label2\" content=\"Est. reading time\" \/>\n\t<meta name=\"twitter:data2\" content=\"4 minutes\" \/>\n<script type=\"application\/ld+json\" class=\"yoast-schema-graph\">{\"@context\":\"https:\\\/\\\/schema.org\",\"@graph\":[{\"@type\":\"Article\",\"@id\":\"https:\\\/\\\/akunq.net\\\/tr\\\/?p=61103#article\",\"isPartOf\":{\"@id\":\"https:\\\/\\\/akunq.net\\\/tr\\\/?p=61103\"},\"author\":{\"name\":\"admin\",\"@id\":\"https:\\\/\\\/akunq.net\\\/tr\\\/#\\\/schema\\\/person\\\/096f1d38a12cce57fb855b485ed24c9e\"},\"headline\":\"Altyap\u0131 \u00e7al\u0131\u015fmas\u0131nda tarih \u00e7\u0131kt\u0131\",\"datePublished\":\"2021-01-22T07:36:00+00:00\",\"mainEntityOfPage\":{\"@id\":\"https:\\\/\\\/akunq.net\\\/tr\\\/?p=61103\"},\"wordCount\":867,\"commentCount\":0,\"image\":{\"@id\":\"https:\\\/\\\/akunq.net\\\/tr\\\/?p=61103#primaryimage\"},\"thumbnailUrl\":\"https:\\\/\\\/akunq.net\\\/tr\\\/wp-content\\\/uploads\\\/sites\\\/6\\\/2021\\\/01\\\/Altyap\u0131-\u00e7al\u0131\u015fmas\u0131nda-tarih.jpg\",\"articleSection\":[\"Haberler\"],\"inLanguage\":\"en-US\",\"potentialAction\":[{\"@type\":\"CommentAction\",\"name\":\"Comment\",\"target\":[\"https:\\\/\\\/akunq.net\\\/tr\\\/?p=61103#respond\"]}]},{\"@type\":\"WebPage\",\"@id\":\"https:\\\/\\\/akunq.net\\\/tr\\\/?p=61103\",\"url\":\"https:\\\/\\\/akunq.net\\\/tr\\\/?p=61103\",\"name\":\"Altyap\u0131 \u00e7al\u0131\u015fmas\u0131nda tarih \u00e7\u0131kt\u0131 - Bati Ermenistan Ve Bati Ermenileri Sorunlari Ara\u015ftirmalar Merkezi\",\"isPartOf\":{\"@id\":\"https:\\\/\\\/akunq.net\\\/tr\\\/#website\"},\"primaryImageOfPage\":{\"@id\":\"https:\\\/\\\/akunq.net\\\/tr\\\/?p=61103#primaryimage\"},\"image\":{\"@id\":\"https:\\\/\\\/akunq.net\\\/tr\\\/?p=61103#primaryimage\"},\"thumbnailUrl\":\"https:\\\/\\\/akunq.net\\\/tr\\\/wp-content\\\/uploads\\\/sites\\\/6\\\/2021\\\/01\\\/Altyap\u0131-\u00e7al\u0131\u015fmas\u0131nda-tarih.jpg\",\"datePublished\":\"2021-01-22T07:36:00+00:00\",\"author\":{\"@id\":\"https:\\\/\\\/akunq.net\\\/tr\\\/#\\\/schema\\\/person\\\/096f1d38a12cce57fb855b485ed24c9e\"},\"breadcrumb\":{\"@id\":\"https:\\\/\\\/akunq.net\\\/tr\\\/?p=61103#breadcrumb\"},\"inLanguage\":\"en-US\",\"potentialAction\":[{\"@type\":\"ReadAction\",\"target\":[\"https:\\\/\\\/akunq.net\\\/tr\\\/?p=61103\"]}]},{\"@type\":\"ImageObject\",\"inLanguage\":\"en-US\",\"@id\":\"https:\\\/\\\/akunq.net\\\/tr\\\/?p=61103#primaryimage\",\"url\":\"https:\\\/\\\/akunq.net\\\/tr\\\/wp-content\\\/uploads\\\/sites\\\/6\\\/2021\\\/01\\\/Altyap\u0131-\u00e7al\u0131\u015fmas\u0131nda-tarih.jpg\",\"contentUrl\":\"https:\\\/\\\/akunq.net\\\/tr\\\/wp-content\\\/uploads\\\/sites\\\/6\\\/2021\\\/01\\\/Altyap\u0131-\u00e7al\u0131\u015fmas\u0131nda-tarih.jpg\",\"width\":730,\"height\":410},{\"@type\":\"BreadcrumbList\",\"@id\":\"https:\\\/\\\/akunq.net\\\/tr\\\/?p=61103#breadcrumb\",\"itemListElement\":[{\"@type\":\"ListItem\",\"position\":1,\"name\":\"Home\",\"item\":\"https:\\\/\\\/akunq.net\\\/tr\"},{\"@type\":\"ListItem\",\"position\":2,\"name\":\"Altyap\u0131 \u00e7al\u0131\u015fmas\u0131nda tarih \u00e7\u0131kt\u0131\"}]},{\"@type\":\"WebSite\",\"@id\":\"https:\\\/\\\/akunq.net\\\/tr\\\/#website\",\"url\":\"https:\\\/\\\/akunq.net\\\/tr\\\/\",\"name\":\"Bati Ermenistan Ve Bati Ermenileri Sorunlari Ara\u015ftirmalar Merkezi\",\"description\":\"\",\"potentialAction\":[{\"@type\":\"SearchAction\",\"target\":{\"@type\":\"EntryPoint\",\"urlTemplate\":\"https:\\\/\\\/akunq.net\\\/tr\\\/?s={search_term_string}\"},\"query-input\":{\"@type\":\"PropertyValueSpecification\",\"valueRequired\":true,\"valueName\":\"search_term_string\"}}],\"inLanguage\":\"en-US\"},{\"@type\":\"Person\",\"@id\":\"https:\\\/\\\/akunq.net\\\/tr\\\/#\\\/schema\\\/person\\\/096f1d38a12cce57fb855b485ed24c9e\",\"name\":\"admin\",\"url\":\"https:\\\/\\\/akunq.net\\\/tr\\\/?author=7\"}]}<\/script>\n<!-- \/ Yoast SEO plugin. -->","yoast_head_json":{"title":"Altyap\u0131 \u00e7al\u0131\u015fmas\u0131nda tarih \u00e7\u0131kt\u0131 - Bati Ermenistan Ve Bati Ermenileri Sorunlari Ara\u015ftirmalar Merkezi","robots":{"index":"index","follow":"follow","max-snippet":"max-snippet:-1","max-image-preview":"max-image-preview:large","max-video-preview":"max-video-preview:-1"},"canonical":"https:\/\/akunq.net\/tr\/?p=61103","og_locale":"en_US","og_type":"article","og_title":"Altyap\u0131 \u00e7al\u0131\u015fmas\u0131nda tarih \u00e7\u0131kt\u0131 - Bati Ermenistan Ve Bati Ermenileri Sorunlari Ara\u015ftirmalar Merkezi","og_description":"Trabzon\u2019da belediyenin alt yap\u0131 \u00e7al\u0131\u015fmalar\u0131nda, Roma d\u00f6nemine ait oldu\u011fu tahmin edilen kemerli kubbe \u015feklinde kal\u0131nt\u0131 ile tarihi zincir ve baz\u0131 metal par\u00e7alar bulunan alanda ba\u015flat\u0131lan incelemeler s\u00fcr\u00fcyor. Uzmanlar, kentte s\u0131rr\u0131 ve ak\u0131beti merak konusu olan alan\u0131n, b\u00fct\u00fcn\u00fcyle ele al\u0131nmas\u0131nda dikkat \u00e7ekerek, tarihi yerlerde bu t\u00fcr kaz\u0131lar\u0131n tarih bilimcileri e\u015fli\u011finde \u00f6zenle y\u00fcr\u00fct\u00fclmesini \u00f6neriyor. Trabzon \u0130\u00e7mesuyu ve [&hellip;]","og_url":"https:\/\/akunq.net\/tr\/?p=61103","og_site_name":"Bati Ermenistan Ve Bati Ermenileri Sorunlari Ara\u015ftirmalar Merkezi","article_published_time":"2021-01-22T07:36:00+00:00","og_image":[{"width":730,"height":410,"url":"https:\/\/akunq.net\/tr\/wp-content\/uploads\/sites\/6\/2021\/01\/Altyap\u0131-\u00e7al\u0131\u015fmas\u0131nda-tarih.jpg","type":"image\/jpeg"}],"author":"admin","twitter_card":"summary_large_image","twitter_misc":{"Written by":"admin","Est. reading time":"4 minutes"},"schema":{"@context":"https:\/\/schema.org","@graph":[{"@type":"Article","@id":"https:\/\/akunq.net\/tr\/?p=61103#article","isPartOf":{"@id":"https:\/\/akunq.net\/tr\/?p=61103"},"author":{"name":"admin","@id":"https:\/\/akunq.net\/tr\/#\/schema\/person\/096f1d38a12cce57fb855b485ed24c9e"},"headline":"Altyap\u0131 \u00e7al\u0131\u015fmas\u0131nda tarih \u00e7\u0131kt\u0131","datePublished":"2021-01-22T07:36:00+00:00","mainEntityOfPage":{"@id":"https:\/\/akunq.net\/tr\/?p=61103"},"wordCount":867,"commentCount":0,"image":{"@id":"https:\/\/akunq.net\/tr\/?p=61103#primaryimage"},"thumbnailUrl":"https:\/\/akunq.net\/tr\/wp-content\/uploads\/sites\/6\/2021\/01\/Altyap\u0131-\u00e7al\u0131\u015fmas\u0131nda-tarih.jpg","articleSection":["Haberler"],"inLanguage":"en-US","potentialAction":[{"@type":"CommentAction","name":"Comment","target":["https:\/\/akunq.net\/tr\/?p=61103#respond"]}]},{"@type":"WebPage","@id":"https:\/\/akunq.net\/tr\/?p=61103","url":"https:\/\/akunq.net\/tr\/?p=61103","name":"Altyap\u0131 \u00e7al\u0131\u015fmas\u0131nda tarih \u00e7\u0131kt\u0131 - Bati Ermenistan Ve Bati Ermenileri Sorunlari Ara\u015ftirmalar Merkezi","isPartOf":{"@id":"https:\/\/akunq.net\/tr\/#website"},"primaryImageOfPage":{"@id":"https:\/\/akunq.net\/tr\/?p=61103#primaryimage"},"image":{"@id":"https:\/\/akunq.net\/tr\/?p=61103#primaryimage"},"thumbnailUrl":"https:\/\/akunq.net\/tr\/wp-content\/uploads\/sites\/6\/2021\/01\/Altyap\u0131-\u00e7al\u0131\u015fmas\u0131nda-tarih.jpg","datePublished":"2021-01-22T07:36:00+00:00","author":{"@id":"https:\/\/akunq.net\/tr\/#\/schema\/person\/096f1d38a12cce57fb855b485ed24c9e"},"breadcrumb":{"@id":"https:\/\/akunq.net\/tr\/?p=61103#breadcrumb"},"inLanguage":"en-US","potentialAction":[{"@type":"ReadAction","target":["https:\/\/akunq.net\/tr\/?p=61103"]}]},{"@type":"ImageObject","inLanguage":"en-US","@id":"https:\/\/akunq.net\/tr\/?p=61103#primaryimage","url":"https:\/\/akunq.net\/tr\/wp-content\/uploads\/sites\/6\/2021\/01\/Altyap\u0131-\u00e7al\u0131\u015fmas\u0131nda-tarih.jpg","contentUrl":"https:\/\/akunq.net\/tr\/wp-content\/uploads\/sites\/6\/2021\/01\/Altyap\u0131-\u00e7al\u0131\u015fmas\u0131nda-tarih.jpg","width":730,"height":410},{"@type":"BreadcrumbList","@id":"https:\/\/akunq.net\/tr\/?p=61103#breadcrumb","itemListElement":[{"@type":"ListItem","position":1,"name":"Home","item":"https:\/\/akunq.net\/tr"},{"@type":"ListItem","position":2,"name":"Altyap\u0131 \u00e7al\u0131\u015fmas\u0131nda tarih \u00e7\u0131kt\u0131"}]},{"@type":"WebSite","@id":"https:\/\/akunq.net\/tr\/#website","url":"https:\/\/akunq.net\/tr\/","name":"Bati Ermenistan Ve Bati Ermenileri Sorunlari Ara\u015ftirmalar Merkezi","description":"","potentialAction":[{"@type":"SearchAction","target":{"@type":"EntryPoint","urlTemplate":"https:\/\/akunq.net\/tr\/?s={search_term_string}"},"query-input":{"@type":"PropertyValueSpecification","valueRequired":true,"valueName":"search_term_string"}}],"inLanguage":"en-US"},{"@type":"Person","@id":"https:\/\/akunq.net\/tr\/#\/schema\/person\/096f1d38a12cce57fb855b485ed24c9e","name":"admin","url":"https:\/\/akunq.net\/tr\/?author=7"}]}},"_links":{"self":[{"href":"https:\/\/akunq.net\/tr\/index.php?rest_route=\/wp\/v2\/posts\/61103","targetHints":{"allow":["GET"]}}],"collection":[{"href":"https:\/\/akunq.net\/tr\/index.php?rest_route=\/wp\/v2\/posts"}],"about":[{"href":"https:\/\/akunq.net\/tr\/index.php?rest_route=\/wp\/v2\/types\/post"}],"author":[{"embeddable":true,"href":"https:\/\/akunq.net\/tr\/index.php?rest_route=\/wp\/v2\/users\/7"}],"replies":[{"embeddable":true,"href":"https:\/\/akunq.net\/tr\/index.php?rest_route=%2Fwp%2Fv2%2Fcomments&post=61103"}],"version-history":[{"count":1,"href":"https:\/\/akunq.net\/tr\/index.php?rest_route=\/wp\/v2\/posts\/61103\/revisions"}],"predecessor-version":[{"id":61105,"href":"https:\/\/akunq.net\/tr\/index.php?rest_route=\/wp\/v2\/posts\/61103\/revisions\/61105"}],"wp:featuredmedia":[{"embeddable":true,"href":"https:\/\/akunq.net\/tr\/index.php?rest_route=\/wp\/v2\/media\/61104"}],"wp:attachment":[{"href":"https:\/\/akunq.net\/tr\/index.php?rest_route=%2Fwp%2Fv2%2Fmedia&parent=61103"}],"wp:term":[{"taxonomy":"category","embeddable":true,"href":"https:\/\/akunq.net\/tr\/index.php?rest_route=%2Fwp%2Fv2%2Fcategories&post=61103"},{"taxonomy":"post_tag","embeddable":true,"href":"https:\/\/akunq.net\/tr\/index.php?rest_route=%2Fwp%2Fv2%2Ftags&post=61103"}],"curies":[{"name":"wp","href":"https:\/\/api.w.org\/{rel}","templated":true}]}}