{"id":61094,"date":"2021-01-22T01:51:30","date_gmt":"2021-01-22T06:51:30","guid":{"rendered":"https:\/\/akunq.net\/tr\/?p=61094"},"modified":"2021-01-22T01:51:30","modified_gmt":"2021-01-22T06:51:30","slug":"avrupa-parlamentosu-selahattin-demirtas-basta-olmak-uzere-tum-siyasi-tutuklulari-serbest-birakin","status":"publish","type":"post","link":"https:\/\/akunq.net\/tr\/?p=61094","title":{"rendered":"Avrupa Parlamentosu: Selahattin Demirta\u015f ba\u015fta olmak \u00fczere t\u00fcm siyasi tutuklular\u0131 serbest b\u0131rak\u0131n"},"content":{"rendered":"<p><img loading=\"lazy\" decoding=\"async\" class=\"aligncenter size-medium wp-image-61095\" src=\"https:\/\/akunq.net\/tr\/wp-content\/uploads\/2021\/01\/Avrupa-Parlamentosu-360x203.jpg\" alt=\"\" width=\"360\" height=\"203\" srcset=\"https:\/\/akunq.net\/tr\/wp-content\/uploads\/sites\/6\/2021\/01\/Avrupa-Parlamentosu-360x203.jpg 360w, https:\/\/akunq.net\/tr\/wp-content\/uploads\/sites\/6\/2021\/01\/Avrupa-Parlamentosu-768x432.jpg 768w, https:\/\/akunq.net\/tr\/wp-content\/uploads\/sites\/6\/2021\/01\/Avrupa-Parlamentosu-560x315.jpg 560w, https:\/\/akunq.net\/tr\/wp-content\/uploads\/sites\/6\/2021\/01\/Avrupa-Parlamentosu-260x146.jpg 260w, https:\/\/akunq.net\/tr\/wp-content\/uploads\/sites\/6\/2021\/01\/Avrupa-Parlamentosu-160x90.jpg 160w, https:\/\/akunq.net\/tr\/wp-content\/uploads\/sites\/6\/2021\/01\/Avrupa-Parlamentosu.jpg 773w\" sizes=\"auto, (max-width: 360px) 100vw, 360px\" \/><\/p>\n<p><em><strong>T\u00fcrkiye D\u0131\u015fi\u015fleri Bakan\u0131 Mevl\u00fct \u00c7avu\u015fo\u011flu&#8217;nun Br\u00fcksel&#8217;de temaslarda bulundu\u011fu saatlerde Avrupa Parlamentosu ba\u015fta Selahattin Demirta\u015f olmak \u00fczere T\u00fcrkiye&#8217;deki &#8216;siyasi tutuklu&#8217; olarak nitelendirilen ki\u015filer i\u00e7in sert bir karar ald\u0131.<\/strong><\/em><\/p>\n<p>AB kurumlar\u0131nca haz\u0131rlanm\u0131\u015f daha \u00f6nceki T\u00fcrkiye raporlar\u0131 da g\u00f6z \u00f6n\u00fcnde bulundurularak haz\u0131rlanan kararda, Demirta\u015f i\u00e7in Avrupa \u0130nsan Haklar\u0131 Mahkemesi (A\u0130HM) h\u00fck\u00fcmleri kapsam\u0131nda derhal ko\u015fulsuz bir bi\u00e7imde serbest b\u0131rak\u0131lmas\u0131 \u00e7a\u011fr\u0131s\u0131 yap\u0131ld\u0131.<\/p>\n<h2>Y\u00fcksekda\u011f ve t\u00fcm tutuklu HDP&#8217;liler<\/h2>\n<p>Ayn\u0131 \u015fekilde Figen Y\u00fcksekda\u011f&#8217;a da y\u00f6nelik t\u00fcm su\u00e7lamalar\u0131n d\u00fc\u015f\u00fcr\u00fclmesi, t\u00fcm HDP&#8217;li tutuklular\u0131n &#8220;serbest kalmas\u0131 ve t\u00fcm bu ki\u015filerin tehditlerden ve bask\u0131dan azade \u015fekilde demokratik haklar\u0131n\u0131 kullanmaya devam edebilmeleri&#8221; talep ediliyor.<\/p>\n<p><strong>Herhangi bir ba\u011flay\u0131c\u0131l\u0131\u011f\u0131 olmayan karar metninde \u00f6ne \u00e7\u0131kan ifadeler \u015funlar:<\/strong><\/p>\n<ul>\n<li>AP, Avrupa Konseyi Bakanlar Komitesi&#8217;ne 21 Mart 2021 tarihinde ger\u00e7ekle\u015fecek bir sonraki toplant\u0131lar\u0131nda acil olarak A\u0130HM&#8217;in Demirta\u015f karar\u0131n\u0131n T\u00fcrkiye taraf\u0131ndan reddinin g\u00f6r\u00fc\u015f\u00fclmesi \u00e7a\u011fr\u0131s\u0131n\u0131 yapar. Bakanlar Komitesi&#8217;nde A\u0130HM B\u00fcy\u00fck Oturum karar\u0131n\u0131n T\u00fcrkiye taraf\u0131ndan uygulanmas\u0131n\u0131 sa\u011flamaya y\u00f6nelik gerekli t\u00fcm uygun ad\u0131mlar\u0131n at\u0131laca\u011f\u0131ndan ku\u015fku duymaz.<\/li>\n<li>AP, A\u0130HM kararlar\u0131n\u0131n ba\u011flay\u0131c\u0131 oldu\u011funu \u0131srarla hat\u0131rlat\u0131r ve bu da T\u00fcrk yetkililerin Demirta\u015f&#8217;\u0131 derhal serbest b\u0131rakmas\u0131 anlam\u0131na gelmektedir. Bunu yapmad\u0131\u011f\u0131 s\u00fcre boyunca T\u00fcrkiye&#8217;nin hem A\u0130HM hem de kendi i\u00e7 hukukunu ihlal etmekte oldu\u011funu hat\u0131rlat\u0131r.<\/li>\n<li>Demirta\u015f&#8217;a y\u00f6nelik tutum ve tav\u0131rdan \u00f6t\u00fcr\u00fc T\u00fcrk yetkililerini k\u0131nar. Demirta\u015f&#8217;\u0131n hukuksuz tutuklulu\u011funun 4 y\u0131la uzat\u0131lmas\u0131 kendisine, ailesine ve siyasi partisine geri d\u00f6n\u00fc\u015f\u00fc m\u00fcmk\u00fcn olmayan zararlar a\u00e7an zalimane bir siyasi cezaland\u0131rmad\u0131r. AP, T\u00fcrkiye&#8217;ye Demirta\u015f ile ilgili daha fazla sindirmeye y\u00f6nelik ad\u0131mlar atmaktan geri durma \u00e7a\u011fr\u0131s\u0131 yapar.<\/li>\n<li>AP, t\u00fcm AB yetkililerine, temsilcilerine ve \u00fcye devletlere bulduklar\u0131 her f\u0131rsatta Demirta\u015f&#8217;\u0131n ve di\u011fer tutuklu t\u00fcm insan haklar\u0131 savunucular\u0131n\u0131n, avukatlar\u0131n, gazetecilerin, akademisyenlerin ve siyasilerin durumu ile ilgili pozisyonlar\u0131n\u0131 T\u00fcrk yetkililere iletmeleri \u00e7a\u011fr\u0131s\u0131 yapar.<\/li>\n<li>AP, T\u00fcrk yarg\u0131s\u0131n\u0131n ve yetkililerinin A\u0130HM kararlar\u0131n\u0131 \u00f6nemsemeyen tutumlar\u0131 kar\u015f\u0131s\u0131nda derin endi\u015fe duymaktad\u0131r. T\u00fcrk alt mahkemelerinin de anayasa mahkeme kararlar\u0131na uymad\u0131\u011f\u0131 artan say\u0131da \u00f6rnekle g\u00f6r\u00fcl\u00fcyor. AP, T\u00fcrkiye&#8217;ye hukuka tam uyumlu \u015fekilde hareket etme, hukukun \u00fcst\u00fcnl\u00fc\u011f\u00fcn\u00fc, temel haklar\u0131, demokrasiyi ve az\u0131nl\u0131k haklar\u0131n\u0131 g\u00fc\u00e7lendirme \u00e7a\u011fr\u0131s\u0131 yapar.<\/li>\n<\/ul>\n<h2>Canan Kaftanc\u0131o\u011flu i\u00e7in de \u00e7a\u011fr\u0131: Siyasi ve yarg\u0131sal tacizi durdurun<\/h2>\n<ul>\n<li>AP, Cumhuriyet Halk Partisi&#8217;nin siyasi saiklerle Eyl\u00fcl 2019&#8217;da 10 y\u0131l hapse \u00e7arpt\u0131r\u0131lm\u0131\u015f ve Aral\u0131k 2020&#8217;de yeni bir su\u00e7lama ile hakk\u0131nda bir 10 y\u0131l daha istenen \u0130stanbul \u0130l Ba\u015fkan\u0131 Canan Kaftanc\u0131o\u011flu&#8217;nun da s\u00fcrekli olarak siyasi ve yarg\u0131sal tacize u\u011framas\u0131ndan ciddi \u015fekilde endi\u015fe duyar.<\/li>\n<li>AP, T\u00fcrkiye&#8217;de giderek zemini daralmakta olan sivil toplum ve erozyona u\u011frat\u0131lan temel haklar ve \u00f6zg\u00fcrl\u00fckler ve hukukun \u00fcst\u00fcnl\u00fc\u011f\u00fc konusunda da b\u00fcy\u00fck endi\u015fe duydu\u011funu ifade eder. \u00d6zellikle yarg\u0131 ba\u011f\u0131ms\u0131zl\u0131\u011f\u0131 konusuna dikkat \u00e7ekerek akademisyen, gazeteci, insan haklar\u0131 aktivisti, ruhani liderler, avukatlar ve LGBT bireylerin yarg\u0131sal tacizine bir son verilmesi \u00e7a\u011fr\u0131s\u0131nda bulunur. \u00f6zellikle \u00f6nde gelen bir sivil toplum fig\u00fcr\u00fc olan Osman Kavala&#8217;n\u0131n da A\u0130HM kararlar\u0131 \u00e7er\u00e7evesinde serbest b\u0131rak\u0131lmas\u0131 \u00e7a\u011fr\u0131s\u0131nda bulunur.<\/li>\n<li>T\u00fcrkiye&#8217;deki medya \u00f6zg\u00fcrl\u00fc\u011f\u00fc durumu da AP i\u00e7in y\u00fcksek derecede endi\u015fe kayna\u011f\u0131d\u0131r. T\u00fcrkiye&#8217;ye gazetecilerin g\u00fcvenli\u011fini sa\u011flama konusunda gerekli ad\u0131mlar\u0131 atma \u00e7a\u011fr\u0131s\u0131 yapar. Ayr\u0131ca gazetecilere, medya profesyonellerine, kar\u015f\u0131 da siyasi saiklerle a\u00e7\u0131lm\u0131\u015f davalar\u0131n son bulmas\u0131 i\u00e7in \u00e7a\u011fr\u0131 yapar. Sosyal medya hesaplar\u0131n\u0131n, linklerin kapatt\u0131r\u0131lmas\u0131, sans\u00fcrlenmesi gibi uygulamalar\u0131n da son bulmas\u0131n\u0131 ister.<\/li>\n<\/ul>\n<p><em><strong>https:\/\/tr.euronews.com\/2021\/01\/21\/avrupa-parlamentosu-selahattin-demirtas-basta-olmak-uzere-tum-siyasi-tutuklular-serbest-b-\u00a0<\/strong><\/em><\/p>\n","protected":false},"excerpt":{"rendered":"<p>T\u00fcrkiye D\u0131\u015fi\u015fleri Bakan\u0131 Mevl\u00fct \u00c7avu\u015fo\u011flu&#8217;nun Br\u00fcksel&#8217;de temaslarda bulundu\u011fu saatlerde Avrupa Parlamentosu ba\u015fta Selahattin Demirta\u015f olmak \u00fczere T\u00fcrkiye&#8217;deki &#8216;siyasi tutuklu&#8217; olarak nitelendirilen ki\u015filer i\u00e7in sert bir karar ald\u0131. AB kurumlar\u0131nca haz\u0131rlanm\u0131\u015f daha \u00f6nceki T\u00fcrkiye raporlar\u0131 da g\u00f6z \u00f6n\u00fcnde bulundurularak haz\u0131rlanan kararda, Demirta\u015f i\u00e7in Avrupa \u0130nsan Haklar\u0131 Mahkemesi (A\u0130HM) h\u00fck\u00fcmleri kapsam\u0131nda derhal ko\u015fulsuz bir bi\u00e7imde serbest b\u0131rak\u0131lmas\u0131 [&hellip;]<\/p>\n","protected":false},"author":7,"featured_media":61095,"comment_status":"open","ping_status":"open","sticky":false,"template":"","format":"standard","meta":{"footnotes":""},"categories":[1],"tags":[],"class_list":["post-61094","post","type-post","status-publish","format-standard","has-post-thumbnail","hentry","category-haberler"],"yoast_head":"<!-- This site is optimized with the Yoast SEO plugin v27.4 - https:\/\/yoast.com\/product\/yoast-seo-wordpress\/ -->\n<title>Avrupa Parlamentosu: Selahattin Demirta\u015f ba\u015fta olmak \u00fczere t\u00fcm siyasi tutuklular\u0131 serbest b\u0131rak\u0131n - Bati Ermenistan Ve Bati Ermenileri Sorunlari Ara\u015ftirmalar Merkezi<\/title>\n<meta name=\"robots\" content=\"index, follow, max-snippet:-1, max-image-preview:large, max-video-preview:-1\" \/>\n<link rel=\"canonical\" href=\"https:\/\/akunq.net\/tr\/?p=61094\" \/>\n<meta property=\"og:locale\" content=\"en_US\" \/>\n<meta property=\"og:type\" content=\"article\" \/>\n<meta property=\"og:title\" content=\"Avrupa Parlamentosu: Selahattin Demirta\u015f ba\u015fta olmak \u00fczere t\u00fcm siyasi tutuklular\u0131 serbest b\u0131rak\u0131n - Bati Ermenistan Ve Bati Ermenileri Sorunlari Ara\u015ftirmalar Merkezi\" \/>\n<meta property=\"og:description\" content=\"T\u00fcrkiye D\u0131\u015fi\u015fleri Bakan\u0131 Mevl\u00fct \u00c7avu\u015fo\u011flu&#8217;nun Br\u00fcksel&#8217;de temaslarda bulundu\u011fu saatlerde Avrupa Parlamentosu ba\u015fta Selahattin Demirta\u015f olmak \u00fczere T\u00fcrkiye&#8217;deki &#8216;siyasi tutuklu&#8217; olarak nitelendirilen ki\u015filer i\u00e7in sert bir karar ald\u0131. AB kurumlar\u0131nca haz\u0131rlanm\u0131\u015f daha \u00f6nceki T\u00fcrkiye raporlar\u0131 da g\u00f6z \u00f6n\u00fcnde bulundurularak haz\u0131rlanan kararda, Demirta\u015f i\u00e7in Avrupa \u0130nsan Haklar\u0131 Mahkemesi (A\u0130HM) h\u00fck\u00fcmleri kapsam\u0131nda derhal ko\u015fulsuz bir bi\u00e7imde serbest b\u0131rak\u0131lmas\u0131 [&hellip;]\" \/>\n<meta property=\"og:url\" content=\"https:\/\/akunq.net\/tr\/?p=61094\" \/>\n<meta property=\"og:site_name\" content=\"Bati Ermenistan Ve Bati Ermenileri Sorunlari Ara\u015ftirmalar Merkezi\" \/>\n<meta property=\"article:published_time\" content=\"2021-01-22T06:51:30+00:00\" \/>\n<meta property=\"og:image\" content=\"https:\/\/akunq.net\/tr\/wp-content\/uploads\/sites\/6\/2021\/01\/Avrupa-Parlamentosu.jpg\" \/>\n\t<meta property=\"og:image:width\" content=\"773\" \/>\n\t<meta property=\"og:image:height\" content=\"435\" \/>\n\t<meta property=\"og:image:type\" content=\"image\/jpeg\" \/>\n<meta name=\"author\" content=\"admin\" \/>\n<meta name=\"twitter:card\" content=\"summary_large_image\" \/>\n<meta name=\"twitter:label1\" content=\"Written by\" \/>\n\t<meta name=\"twitter:data1\" content=\"admin\" \/>\n\t<meta name=\"twitter:label2\" content=\"Est. reading time\" \/>\n\t<meta name=\"twitter:data2\" content=\"3 minutes\" \/>\n<script type=\"application\/ld+json\" class=\"yoast-schema-graph\">{\"@context\":\"https:\\\/\\\/schema.org\",\"@graph\":[{\"@type\":\"Article\",\"@id\":\"https:\\\/\\\/akunq.net\\\/tr\\\/?p=61094#article\",\"isPartOf\":{\"@id\":\"https:\\\/\\\/akunq.net\\\/tr\\\/?p=61094\"},\"author\":{\"name\":\"admin\",\"@id\":\"https:\\\/\\\/akunq.net\\\/tr\\\/#\\\/schema\\\/person\\\/096f1d38a12cce57fb855b485ed24c9e\"},\"headline\":\"Avrupa Parlamentosu: Selahattin Demirta\u015f ba\u015fta olmak \u00fczere t\u00fcm siyasi tutuklular\u0131 serbest b\u0131rak\u0131n\",\"datePublished\":\"2021-01-22T06:51:30+00:00\",\"mainEntityOfPage\":{\"@id\":\"https:\\\/\\\/akunq.net\\\/tr\\\/?p=61094\"},\"wordCount\":712,\"commentCount\":0,\"image\":{\"@id\":\"https:\\\/\\\/akunq.net\\\/tr\\\/?p=61094#primaryimage\"},\"thumbnailUrl\":\"https:\\\/\\\/akunq.net\\\/tr\\\/wp-content\\\/uploads\\\/sites\\\/6\\\/2021\\\/01\\\/Avrupa-Parlamentosu.jpg\",\"articleSection\":[\"Haberler\"],\"inLanguage\":\"en-US\",\"potentialAction\":[{\"@type\":\"CommentAction\",\"name\":\"Comment\",\"target\":[\"https:\\\/\\\/akunq.net\\\/tr\\\/?p=61094#respond\"]}]},{\"@type\":\"WebPage\",\"@id\":\"https:\\\/\\\/akunq.net\\\/tr\\\/?p=61094\",\"url\":\"https:\\\/\\\/akunq.net\\\/tr\\\/?p=61094\",\"name\":\"Avrupa Parlamentosu: Selahattin Demirta\u015f ba\u015fta olmak \u00fczere t\u00fcm siyasi tutuklular\u0131 serbest b\u0131rak\u0131n - Bati Ermenistan Ve Bati Ermenileri Sorunlari Ara\u015ftirmalar Merkezi\",\"isPartOf\":{\"@id\":\"https:\\\/\\\/akunq.net\\\/tr\\\/#website\"},\"primaryImageOfPage\":{\"@id\":\"https:\\\/\\\/akunq.net\\\/tr\\\/?p=61094#primaryimage\"},\"image\":{\"@id\":\"https:\\\/\\\/akunq.net\\\/tr\\\/?p=61094#primaryimage\"},\"thumbnailUrl\":\"https:\\\/\\\/akunq.net\\\/tr\\\/wp-content\\\/uploads\\\/sites\\\/6\\\/2021\\\/01\\\/Avrupa-Parlamentosu.jpg\",\"datePublished\":\"2021-01-22T06:51:30+00:00\",\"author\":{\"@id\":\"https:\\\/\\\/akunq.net\\\/tr\\\/#\\\/schema\\\/person\\\/096f1d38a12cce57fb855b485ed24c9e\"},\"breadcrumb\":{\"@id\":\"https:\\\/\\\/akunq.net\\\/tr\\\/?p=61094#breadcrumb\"},\"inLanguage\":\"en-US\",\"potentialAction\":[{\"@type\":\"ReadAction\",\"target\":[\"https:\\\/\\\/akunq.net\\\/tr\\\/?p=61094\"]}]},{\"@type\":\"ImageObject\",\"inLanguage\":\"en-US\",\"@id\":\"https:\\\/\\\/akunq.net\\\/tr\\\/?p=61094#primaryimage\",\"url\":\"https:\\\/\\\/akunq.net\\\/tr\\\/wp-content\\\/uploads\\\/sites\\\/6\\\/2021\\\/01\\\/Avrupa-Parlamentosu.jpg\",\"contentUrl\":\"https:\\\/\\\/akunq.net\\\/tr\\\/wp-content\\\/uploads\\\/sites\\\/6\\\/2021\\\/01\\\/Avrupa-Parlamentosu.jpg\",\"width\":773,\"height\":435},{\"@type\":\"BreadcrumbList\",\"@id\":\"https:\\\/\\\/akunq.net\\\/tr\\\/?p=61094#breadcrumb\",\"itemListElement\":[{\"@type\":\"ListItem\",\"position\":1,\"name\":\"Home\",\"item\":\"https:\\\/\\\/akunq.net\\\/tr\"},{\"@type\":\"ListItem\",\"position\":2,\"name\":\"Avrupa Parlamentosu: Selahattin Demirta\u015f ba\u015fta olmak \u00fczere t\u00fcm siyasi tutuklular\u0131 serbest b\u0131rak\u0131n\"}]},{\"@type\":\"WebSite\",\"@id\":\"https:\\\/\\\/akunq.net\\\/tr\\\/#website\",\"url\":\"https:\\\/\\\/akunq.net\\\/tr\\\/\",\"name\":\"Bati Ermenistan Ve Bati Ermenileri Sorunlari Ara\u015ftirmalar Merkezi\",\"description\":\"\",\"potentialAction\":[{\"@type\":\"SearchAction\",\"target\":{\"@type\":\"EntryPoint\",\"urlTemplate\":\"https:\\\/\\\/akunq.net\\\/tr\\\/?s={search_term_string}\"},\"query-input\":{\"@type\":\"PropertyValueSpecification\",\"valueRequired\":true,\"valueName\":\"search_term_string\"}}],\"inLanguage\":\"en-US\"},{\"@type\":\"Person\",\"@id\":\"https:\\\/\\\/akunq.net\\\/tr\\\/#\\\/schema\\\/person\\\/096f1d38a12cce57fb855b485ed24c9e\",\"name\":\"admin\",\"url\":\"https:\\\/\\\/akunq.net\\\/tr\\\/?author=7\"}]}<\/script>\n<!-- \/ Yoast SEO plugin. -->","yoast_head_json":{"title":"Avrupa Parlamentosu: Selahattin Demirta\u015f ba\u015fta olmak \u00fczere t\u00fcm siyasi tutuklular\u0131 serbest b\u0131rak\u0131n - Bati Ermenistan Ve Bati Ermenileri Sorunlari Ara\u015ftirmalar Merkezi","robots":{"index":"index","follow":"follow","max-snippet":"max-snippet:-1","max-image-preview":"max-image-preview:large","max-video-preview":"max-video-preview:-1"},"canonical":"https:\/\/akunq.net\/tr\/?p=61094","og_locale":"en_US","og_type":"article","og_title":"Avrupa Parlamentosu: Selahattin Demirta\u015f ba\u015fta olmak \u00fczere t\u00fcm siyasi tutuklular\u0131 serbest b\u0131rak\u0131n - Bati Ermenistan Ve Bati Ermenileri Sorunlari Ara\u015ftirmalar Merkezi","og_description":"T\u00fcrkiye D\u0131\u015fi\u015fleri Bakan\u0131 Mevl\u00fct \u00c7avu\u015fo\u011flu&#8217;nun Br\u00fcksel&#8217;de temaslarda bulundu\u011fu saatlerde Avrupa Parlamentosu ba\u015fta Selahattin Demirta\u015f olmak \u00fczere T\u00fcrkiye&#8217;deki &#8216;siyasi tutuklu&#8217; olarak nitelendirilen ki\u015filer i\u00e7in sert bir karar ald\u0131. AB kurumlar\u0131nca haz\u0131rlanm\u0131\u015f daha \u00f6nceki T\u00fcrkiye raporlar\u0131 da g\u00f6z \u00f6n\u00fcnde bulundurularak haz\u0131rlanan kararda, Demirta\u015f i\u00e7in Avrupa \u0130nsan Haklar\u0131 Mahkemesi (A\u0130HM) h\u00fck\u00fcmleri kapsam\u0131nda derhal ko\u015fulsuz bir bi\u00e7imde serbest b\u0131rak\u0131lmas\u0131 [&hellip;]","og_url":"https:\/\/akunq.net\/tr\/?p=61094","og_site_name":"Bati Ermenistan Ve Bati Ermenileri Sorunlari Ara\u015ftirmalar Merkezi","article_published_time":"2021-01-22T06:51:30+00:00","og_image":[{"width":773,"height":435,"url":"https:\/\/akunq.net\/tr\/wp-content\/uploads\/sites\/6\/2021\/01\/Avrupa-Parlamentosu.jpg","type":"image\/jpeg"}],"author":"admin","twitter_card":"summary_large_image","twitter_misc":{"Written by":"admin","Est. reading time":"3 minutes"},"schema":{"@context":"https:\/\/schema.org","@graph":[{"@type":"Article","@id":"https:\/\/akunq.net\/tr\/?p=61094#article","isPartOf":{"@id":"https:\/\/akunq.net\/tr\/?p=61094"},"author":{"name":"admin","@id":"https:\/\/akunq.net\/tr\/#\/schema\/person\/096f1d38a12cce57fb855b485ed24c9e"},"headline":"Avrupa Parlamentosu: Selahattin Demirta\u015f ba\u015fta olmak \u00fczere t\u00fcm siyasi tutuklular\u0131 serbest b\u0131rak\u0131n","datePublished":"2021-01-22T06:51:30+00:00","mainEntityOfPage":{"@id":"https:\/\/akunq.net\/tr\/?p=61094"},"wordCount":712,"commentCount":0,"image":{"@id":"https:\/\/akunq.net\/tr\/?p=61094#primaryimage"},"thumbnailUrl":"https:\/\/akunq.net\/tr\/wp-content\/uploads\/sites\/6\/2021\/01\/Avrupa-Parlamentosu.jpg","articleSection":["Haberler"],"inLanguage":"en-US","potentialAction":[{"@type":"CommentAction","name":"Comment","target":["https:\/\/akunq.net\/tr\/?p=61094#respond"]}]},{"@type":"WebPage","@id":"https:\/\/akunq.net\/tr\/?p=61094","url":"https:\/\/akunq.net\/tr\/?p=61094","name":"Avrupa Parlamentosu: Selahattin Demirta\u015f ba\u015fta olmak \u00fczere t\u00fcm siyasi tutuklular\u0131 serbest b\u0131rak\u0131n - Bati Ermenistan Ve Bati Ermenileri Sorunlari Ara\u015ftirmalar Merkezi","isPartOf":{"@id":"https:\/\/akunq.net\/tr\/#website"},"primaryImageOfPage":{"@id":"https:\/\/akunq.net\/tr\/?p=61094#primaryimage"},"image":{"@id":"https:\/\/akunq.net\/tr\/?p=61094#primaryimage"},"thumbnailUrl":"https:\/\/akunq.net\/tr\/wp-content\/uploads\/sites\/6\/2021\/01\/Avrupa-Parlamentosu.jpg","datePublished":"2021-01-22T06:51:30+00:00","author":{"@id":"https:\/\/akunq.net\/tr\/#\/schema\/person\/096f1d38a12cce57fb855b485ed24c9e"},"breadcrumb":{"@id":"https:\/\/akunq.net\/tr\/?p=61094#breadcrumb"},"inLanguage":"en-US","potentialAction":[{"@type":"ReadAction","target":["https:\/\/akunq.net\/tr\/?p=61094"]}]},{"@type":"ImageObject","inLanguage":"en-US","@id":"https:\/\/akunq.net\/tr\/?p=61094#primaryimage","url":"https:\/\/akunq.net\/tr\/wp-content\/uploads\/sites\/6\/2021\/01\/Avrupa-Parlamentosu.jpg","contentUrl":"https:\/\/akunq.net\/tr\/wp-content\/uploads\/sites\/6\/2021\/01\/Avrupa-Parlamentosu.jpg","width":773,"height":435},{"@type":"BreadcrumbList","@id":"https:\/\/akunq.net\/tr\/?p=61094#breadcrumb","itemListElement":[{"@type":"ListItem","position":1,"name":"Home","item":"https:\/\/akunq.net\/tr"},{"@type":"ListItem","position":2,"name":"Avrupa Parlamentosu: Selahattin Demirta\u015f ba\u015fta olmak \u00fczere t\u00fcm siyasi tutuklular\u0131 serbest b\u0131rak\u0131n"}]},{"@type":"WebSite","@id":"https:\/\/akunq.net\/tr\/#website","url":"https:\/\/akunq.net\/tr\/","name":"Bati Ermenistan Ve Bati Ermenileri Sorunlari Ara\u015ftirmalar Merkezi","description":"","potentialAction":[{"@type":"SearchAction","target":{"@type":"EntryPoint","urlTemplate":"https:\/\/akunq.net\/tr\/?s={search_term_string}"},"query-input":{"@type":"PropertyValueSpecification","valueRequired":true,"valueName":"search_term_string"}}],"inLanguage":"en-US"},{"@type":"Person","@id":"https:\/\/akunq.net\/tr\/#\/schema\/person\/096f1d38a12cce57fb855b485ed24c9e","name":"admin","url":"https:\/\/akunq.net\/tr\/?author=7"}]}},"_links":{"self":[{"href":"https:\/\/akunq.net\/tr\/index.php?rest_route=\/wp\/v2\/posts\/61094","targetHints":{"allow":["GET"]}}],"collection":[{"href":"https:\/\/akunq.net\/tr\/index.php?rest_route=\/wp\/v2\/posts"}],"about":[{"href":"https:\/\/akunq.net\/tr\/index.php?rest_route=\/wp\/v2\/types\/post"}],"author":[{"embeddable":true,"href":"https:\/\/akunq.net\/tr\/index.php?rest_route=\/wp\/v2\/users\/7"}],"replies":[{"embeddable":true,"href":"https:\/\/akunq.net\/tr\/index.php?rest_route=%2Fwp%2Fv2%2Fcomments&post=61094"}],"version-history":[{"count":1,"href":"https:\/\/akunq.net\/tr\/index.php?rest_route=\/wp\/v2\/posts\/61094\/revisions"}],"predecessor-version":[{"id":61096,"href":"https:\/\/akunq.net\/tr\/index.php?rest_route=\/wp\/v2\/posts\/61094\/revisions\/61096"}],"wp:featuredmedia":[{"embeddable":true,"href":"https:\/\/akunq.net\/tr\/index.php?rest_route=\/wp\/v2\/media\/61095"}],"wp:attachment":[{"href":"https:\/\/akunq.net\/tr\/index.php?rest_route=%2Fwp%2Fv2%2Fmedia&parent=61094"}],"wp:term":[{"taxonomy":"category","embeddable":true,"href":"https:\/\/akunq.net\/tr\/index.php?rest_route=%2Fwp%2Fv2%2Fcategories&post=61094"},{"taxonomy":"post_tag","embeddable":true,"href":"https:\/\/akunq.net\/tr\/index.php?rest_route=%2Fwp%2Fv2%2Ftags&post=61094"}],"curies":[{"name":"wp","href":"https:\/\/api.w.org\/{rel}","templated":true}]}}