{"id":61086,"date":"2021-01-21T02:53:31","date_gmt":"2021-01-21T07:53:31","guid":{"rendered":"https:\/\/akunq.net\/tr\/?p=61086"},"modified":"2021-01-21T02:53:31","modified_gmt":"2021-01-21T07:53:31","slug":"akit-yine-nefret-sacti-hrant-ve-rakel-dinki-hedef-aldi","status":"publish","type":"post","link":"https:\/\/akunq.net\/tr\/?p=61086","title":{"rendered":"Akit yine nefret sa\u00e7t\u0131: Hrant ve Rakel Dink\u2019i hedef ald\u0131"},"content":{"rendered":"<p><img loading=\"lazy\" decoding=\"async\" class=\"aligncenter size-medium wp-image-61087\" src=\"https:\/\/akunq.net\/tr\/wp-content\/uploads\/2021\/01\/Rakel-Dink-2-360x213.jpg\" alt=\"\" width=\"360\" height=\"213\" srcset=\"https:\/\/akunq.net\/tr\/wp-content\/uploads\/sites\/6\/2021\/01\/Rakel-Dink-2-360x213.jpg 360w, https:\/\/akunq.net\/tr\/wp-content\/uploads\/sites\/6\/2021\/01\/Rakel-Dink-2-560x332.jpg 560w, https:\/\/akunq.net\/tr\/wp-content\/uploads\/sites\/6\/2021\/01\/Rakel-Dink-2-260x154.jpg 260w, https:\/\/akunq.net\/tr\/wp-content\/uploads\/sites\/6\/2021\/01\/Rakel-Dink-2-160x95.jpg 160w, https:\/\/akunq.net\/tr\/wp-content\/uploads\/sites\/6\/2021\/01\/Rakel-Dink-2.jpg 760w\" sizes=\"auto, (max-width: 360px) 100vw, 360px\" \/><\/p>\n<p><em><strong>Yeni Akit gazetesi Yaz\u0131 \u0130\u015fleri M\u00fcd\u00fcr\u00fc Ali Karahasano\u011flu, 14 y\u0131l \u00f6nce katledilen Agos Gazetesi Genel Yay\u0131n Y\u00f6netmeni Hrant Dink\u2019i ve e\u015fi Rakel Dink\u2019i\u00a0<a href=\"https:\/\/hyetert.org\/2021\/01\/20\/hrant-dink-hrant-dink-sabah-hrant-aksam-dink\/\">bug\u00fcnk\u00fc yaz\u0131s\u0131nda<\/a>\u00a0hedef ald\u0131.<\/strong><\/em><\/p>\n<p>Hrant Dink\u2019in an\u0131lmas\u0131ndann rahats\u0131z olan Karahasano\u011flu, Yeni Akit gazetesi Yaz\u0131 \u0130\u015fleri M\u00fcd\u00fcr\u00fc Ali \u201cHrant Dink.. Hrant Dink.. Sabah Hrant, ak\u015fam Dink!\u201d ba\u015fl\u0131kl\u0131 yaz\u0131s\u0131nda \u201cBinlerce askerimiz, polisimiz \u015fehid oldu.. \u015eahsen bana sorsan\u0131z, 10 tanesini s\u00f6yle deseniz.. Tamamlayabilece\u011fimden emin de\u011filim.. Ama Hrant Dink\u2019i ezberledik.E\u015fini ezberledik.\u00c7ocuklar\u0131n\u0131.. Avukatlar\u0131n\u0131..Evini, i\u015fyerini.. Hepsini ezberledik. Ezberlettiler bize..\u201d ifadelerini kulland\u0131.<\/p>\n<p>Farkl\u0131 gruplar\u0131n Dink\u2019in \u00f6ld\u00fcr\u00fclmesini protesto etmesini de kabullenmeyen Karahasano\u011flu, \u201cSokaklara d\u00f6k\u00fcld\u00fcler.. M\u00fcsl\u00fcman, gayrim\u00fcslim hep birlikte.. Etnik k\u00f6keni ne olursa olsun.. Ba\u011f\u0131rd\u0131lar: \u201cHepimiz Ermeniyiz\u201d diye..\u201d \u015feklinde yazd\u0131.<\/p>\n<p>Bununla da yetinmeyen Karahasano\u011flu, Rakel Dink hakk\u0131nda \u015funlar\u0131 s\u00f6yledi:<\/p>\n<p>\u201cAma Hrant\u2019\u0131n e\u015fi Rakel \u201cYetmez\u201d diyor&#8230;<\/p>\n<p>\u201cHepimiz Ermeniyiz\u201d sloganlar\u0131n\u0131 g\u00f6rd\u00fc ya&#8230;<\/p>\n<p>Televizyonlar\u0131n, gazetelerin hepsinin, bir askere vermedikleri de\u011ferin, bin kat fazlas\u0131n\u0131 verdiklerini g\u00f6rd\u00fc ya..<\/p>\n<p>Bu s\u00f6zler de kesmiyor, Hrant gibi, on binlerce, y\u00fcz binlerce insan\u0131n haks\u0131z yere \u00f6ld\u00fcr\u00fcld\u00fc\u011f\u00fc bir co\u011frafyada, \u201cHrant.. Hrant\u201d diyerek, tek \u00f6ld\u00fcr\u00fclen ki\u015fi \u201cHrant Dink\u201dmi\u015f gibi tepemizde boza pi\u015firmeye \u00e7al\u0131\u015fanlar\u0131n devlete\/topluma sayg\u0131s\u0131zl\u0131\u011f\u0131..<\/p>\n<p>Ve rezalete, sayg\u0131s\u0131zl\u0131\u011fa, i\u00e7inde bulundu\u011fu topluma hakarette, tam da kendi kulland\u0131\u011f\u0131 s\u00f6zlerle cevap vereyim, \u201cRakel Dink \u015fu c\u00fcmleleri ile t\u00fcy dikiyor:<\/p>\n<p>\u201cHrant\u2019\u0131 \u2018FET\u00d6 \u00f6ld\u00fcrd\u00fc\u2019 demek \u2018ben yapmad\u0131m elim yapt\u0131\u2019, \u2018Ergenekon yapt\u0131\u2019 demek de \u2018ben yapmad\u0131m aya\u011f\u0131m yapt\u0131\u2019 demektir\u201d dedi.<\/p>\n<p>Nas\u0131l ama..<\/p>\n<p>Nas\u0131l taktik ama&#8230;<\/p>\n<p>E\u015fi \u00f6ld\u00fcr\u00fclm\u00fc\u015f bir han\u0131m..<\/p>\n<p>\u201cBenim e\u015fimi FET\u00d6 \u00f6ld\u00fcremez, \u00f6ld\u00fcrmez\u201d diyor.. \u201cSonu gelmeyen d\u00fc\u015fmanl\u0131\u011f\u0131n\u0131z, hakaretleriniz, kininiz, \u00f6fkeniz ger\u00e7ekten art\u0131k yoruyor. Siz hi\u00e7 yorulmad\u0131n\u0131z m\u0131? Susmak, pi\u015fkinlik utan\u00e7 verici.\u201d<\/p>\n<p>\u00d6yle bir k\u00fcstahl\u0131k ki..<\/p>\n<p>\u201cE\u015fimin davas\u0131 14 y\u0131ld\u0131r devam ediyor. Bu 14 y\u0131lda bir cinayet davas\u0131n\u0131 \u00e7\u00f6zemediler. \u00c7\u00fcnk\u00fc maksat \u00e7\u00f6zmek de\u011fil.\u201d<\/p>\n<p>Bu \u00fclkede E\u015fref Bitlis gibi bir general \u015fehid edilmi\u015f, bir ki\u015fi yarg\u0131lanmam\u0131\u015f.. Dosyas\u0131 kapat\u0131lm\u0131\u015f. Bu vatan i\u00e7in \u015fehid olmu\u015f binlerce ki\u015finin dosyalar\u0131 kapat\u0131lm\u0131\u015f.. Sanki ger\u00e7ekten su\u00e7lu devlet olsa ve o devlet, t\u00fcm bu su\u00e7lar\u0131 i\u015fleyen ayn\u0131 devlet olsa. E\u015fref Bitlis dosyas\u0131n\u0131 kapatan devlet, Hrant Dink dosyas\u0131n\u0131 kapatamazm\u0131\u015f gibi, devlete hakaret i\u00e7erikli s\u00f6zler sayg\u0131s\u0131zca, k\u00fcstah\u00e7a s\u00f6ylenen s\u00f6zler..<\/p>\n<p>Bunlar\u0131 \u015f\u0131martanlar kimler?<\/p>\n<p>Bir avu\u00e7 CHP\u2019li.. Bir avu\u00e7 HDP\u2019li&#8230; Ve bunlara \u015firinlik merakl\u0131s\u0131, bizim mahallenin bir avu\u00e7 entel-danteli!\u201d<\/p>\n<hr \/>\n<p><em><strong><a href=\"https:\/\/www.cumhuriyet.com.tr\/haber\/akit-yine-nefret-sacti-hrant-ve-rakel-dinki-hedef-aldi-1807499\" target=\"_blank\" rel=\"noopener noreferrer\">Cumhuriyet Gazetesi<\/a><\/strong><\/em><\/p>\n","protected":false},"excerpt":{"rendered":"<p>Yeni Akit gazetesi Yaz\u0131 \u0130\u015fleri M\u00fcd\u00fcr\u00fc Ali Karahasano\u011flu, 14 y\u0131l \u00f6nce katledilen Agos Gazetesi Genel Yay\u0131n Y\u00f6netmeni Hrant Dink\u2019i ve e\u015fi Rakel Dink\u2019i\u00a0bug\u00fcnk\u00fc yaz\u0131s\u0131nda\u00a0hedef ald\u0131. Hrant Dink\u2019in an\u0131lmas\u0131ndann rahats\u0131z olan Karahasano\u011flu, Yeni Akit gazetesi Yaz\u0131 \u0130\u015fleri M\u00fcd\u00fcr\u00fc Ali \u201cHrant Dink.. Hrant Dink.. Sabah Hrant, ak\u015fam Dink!\u201d ba\u015fl\u0131kl\u0131 yaz\u0131s\u0131nda \u201cBinlerce askerimiz, polisimiz \u015fehid oldu.. \u015eahsen bana [&hellip;]<\/p>\n","protected":false},"author":7,"featured_media":61087,"comment_status":"open","ping_status":"open","sticky":false,"template":"","format":"standard","meta":{"footnotes":""},"categories":[1],"tags":[],"class_list":["post-61086","post","type-post","status-publish","format-standard","has-post-thumbnail","hentry","category-haberler"],"yoast_head":"<!-- This site is optimized with the Yoast SEO plugin v27.4 - https:\/\/yoast.com\/product\/yoast-seo-wordpress\/ -->\n<title>Akit yine nefret sa\u00e7t\u0131: Hrant ve Rakel Dink\u2019i hedef ald\u0131 - Bati Ermenistan Ve Bati Ermenileri Sorunlari Ara\u015ftirmalar Merkezi<\/title>\n<meta name=\"robots\" content=\"index, follow, max-snippet:-1, max-image-preview:large, max-video-preview:-1\" \/>\n<link rel=\"canonical\" href=\"https:\/\/akunq.net\/tr\/?p=61086\" \/>\n<meta property=\"og:locale\" content=\"en_US\" \/>\n<meta property=\"og:type\" content=\"article\" \/>\n<meta property=\"og:title\" content=\"Akit yine nefret sa\u00e7t\u0131: Hrant ve Rakel Dink\u2019i hedef ald\u0131 - Bati Ermenistan Ve Bati Ermenileri Sorunlari Ara\u015ftirmalar Merkezi\" \/>\n<meta property=\"og:description\" content=\"Yeni Akit gazetesi Yaz\u0131 \u0130\u015fleri M\u00fcd\u00fcr\u00fc Ali Karahasano\u011flu, 14 y\u0131l \u00f6nce katledilen Agos Gazetesi Genel Yay\u0131n Y\u00f6netmeni Hrant Dink\u2019i ve e\u015fi Rakel Dink\u2019i\u00a0bug\u00fcnk\u00fc yaz\u0131s\u0131nda\u00a0hedef ald\u0131. Hrant Dink\u2019in an\u0131lmas\u0131ndann rahats\u0131z olan Karahasano\u011flu, Yeni Akit gazetesi Yaz\u0131 \u0130\u015fleri M\u00fcd\u00fcr\u00fc Ali \u201cHrant Dink.. Hrant Dink.. Sabah Hrant, ak\u015fam Dink!\u201d ba\u015fl\u0131kl\u0131 yaz\u0131s\u0131nda \u201cBinlerce askerimiz, polisimiz \u015fehid oldu.. \u015eahsen bana [&hellip;]\" \/>\n<meta property=\"og:url\" content=\"https:\/\/akunq.net\/tr\/?p=61086\" \/>\n<meta property=\"og:site_name\" content=\"Bati Ermenistan Ve Bati Ermenileri Sorunlari Ara\u015ftirmalar Merkezi\" \/>\n<meta property=\"article:published_time\" content=\"2021-01-21T07:53:31+00:00\" \/>\n<meta property=\"og:image\" content=\"https:\/\/akunq.net\/tr\/wp-content\/uploads\/sites\/6\/2021\/01\/Rakel-Dink-2.jpg\" \/>\n\t<meta property=\"og:image:width\" content=\"760\" \/>\n\t<meta property=\"og:image:height\" content=\"450\" \/>\n\t<meta property=\"og:image:type\" content=\"image\/jpeg\" \/>\n<meta name=\"author\" content=\"admin\" \/>\n<meta name=\"twitter:card\" content=\"summary_large_image\" \/>\n<meta name=\"twitter:label1\" content=\"Written by\" \/>\n\t<meta name=\"twitter:data1\" content=\"admin\" \/>\n\t<meta name=\"twitter:label2\" content=\"Est. reading time\" \/>\n\t<meta name=\"twitter:data2\" content=\"2 minutes\" \/>\n<script type=\"application\/ld+json\" class=\"yoast-schema-graph\">{\"@context\":\"https:\\\/\\\/schema.org\",\"@graph\":[{\"@type\":\"Article\",\"@id\":\"https:\\\/\\\/akunq.net\\\/tr\\\/?p=61086#article\",\"isPartOf\":{\"@id\":\"https:\\\/\\\/akunq.net\\\/tr\\\/?p=61086\"},\"author\":{\"name\":\"admin\",\"@id\":\"https:\\\/\\\/akunq.net\\\/tr\\\/#\\\/schema\\\/person\\\/096f1d38a12cce57fb855b485ed24c9e\"},\"headline\":\"Akit yine nefret sa\u00e7t\u0131: Hrant ve Rakel Dink\u2019i hedef ald\u0131\",\"datePublished\":\"2021-01-21T07:53:31+00:00\",\"mainEntityOfPage\":{\"@id\":\"https:\\\/\\\/akunq.net\\\/tr\\\/?p=61086\"},\"wordCount\":485,\"commentCount\":0,\"image\":{\"@id\":\"https:\\\/\\\/akunq.net\\\/tr\\\/?p=61086#primaryimage\"},\"thumbnailUrl\":\"https:\\\/\\\/akunq.net\\\/tr\\\/wp-content\\\/uploads\\\/sites\\\/6\\\/2021\\\/01\\\/Rakel-Dink-2.jpg\",\"articleSection\":[\"Haberler\"],\"inLanguage\":\"en-US\",\"potentialAction\":[{\"@type\":\"CommentAction\",\"name\":\"Comment\",\"target\":[\"https:\\\/\\\/akunq.net\\\/tr\\\/?p=61086#respond\"]}]},{\"@type\":\"WebPage\",\"@id\":\"https:\\\/\\\/akunq.net\\\/tr\\\/?p=61086\",\"url\":\"https:\\\/\\\/akunq.net\\\/tr\\\/?p=61086\",\"name\":\"Akit yine nefret sa\u00e7t\u0131: Hrant ve Rakel Dink\u2019i hedef ald\u0131 - Bati Ermenistan Ve Bati Ermenileri Sorunlari Ara\u015ftirmalar Merkezi\",\"isPartOf\":{\"@id\":\"https:\\\/\\\/akunq.net\\\/tr\\\/#website\"},\"primaryImageOfPage\":{\"@id\":\"https:\\\/\\\/akunq.net\\\/tr\\\/?p=61086#primaryimage\"},\"image\":{\"@id\":\"https:\\\/\\\/akunq.net\\\/tr\\\/?p=61086#primaryimage\"},\"thumbnailUrl\":\"https:\\\/\\\/akunq.net\\\/tr\\\/wp-content\\\/uploads\\\/sites\\\/6\\\/2021\\\/01\\\/Rakel-Dink-2.jpg\",\"datePublished\":\"2021-01-21T07:53:31+00:00\",\"author\":{\"@id\":\"https:\\\/\\\/akunq.net\\\/tr\\\/#\\\/schema\\\/person\\\/096f1d38a12cce57fb855b485ed24c9e\"},\"breadcrumb\":{\"@id\":\"https:\\\/\\\/akunq.net\\\/tr\\\/?p=61086#breadcrumb\"},\"inLanguage\":\"en-US\",\"potentialAction\":[{\"@type\":\"ReadAction\",\"target\":[\"https:\\\/\\\/akunq.net\\\/tr\\\/?p=61086\"]}]},{\"@type\":\"ImageObject\",\"inLanguage\":\"en-US\",\"@id\":\"https:\\\/\\\/akunq.net\\\/tr\\\/?p=61086#primaryimage\",\"url\":\"https:\\\/\\\/akunq.net\\\/tr\\\/wp-content\\\/uploads\\\/sites\\\/6\\\/2021\\\/01\\\/Rakel-Dink-2.jpg\",\"contentUrl\":\"https:\\\/\\\/akunq.net\\\/tr\\\/wp-content\\\/uploads\\\/sites\\\/6\\\/2021\\\/01\\\/Rakel-Dink-2.jpg\",\"width\":760,\"height\":450},{\"@type\":\"BreadcrumbList\",\"@id\":\"https:\\\/\\\/akunq.net\\\/tr\\\/?p=61086#breadcrumb\",\"itemListElement\":[{\"@type\":\"ListItem\",\"position\":1,\"name\":\"Home\",\"item\":\"https:\\\/\\\/akunq.net\\\/tr\"},{\"@type\":\"ListItem\",\"position\":2,\"name\":\"Akit yine nefret sa\u00e7t\u0131: Hrant ve Rakel Dink\u2019i hedef ald\u0131\"}]},{\"@type\":\"WebSite\",\"@id\":\"https:\\\/\\\/akunq.net\\\/tr\\\/#website\",\"url\":\"https:\\\/\\\/akunq.net\\\/tr\\\/\",\"name\":\"Bati Ermenistan Ve Bati Ermenileri Sorunlari Ara\u015ftirmalar Merkezi\",\"description\":\"\",\"potentialAction\":[{\"@type\":\"SearchAction\",\"target\":{\"@type\":\"EntryPoint\",\"urlTemplate\":\"https:\\\/\\\/akunq.net\\\/tr\\\/?s={search_term_string}\"},\"query-input\":{\"@type\":\"PropertyValueSpecification\",\"valueRequired\":true,\"valueName\":\"search_term_string\"}}],\"inLanguage\":\"en-US\"},{\"@type\":\"Person\",\"@id\":\"https:\\\/\\\/akunq.net\\\/tr\\\/#\\\/schema\\\/person\\\/096f1d38a12cce57fb855b485ed24c9e\",\"name\":\"admin\",\"url\":\"https:\\\/\\\/akunq.net\\\/tr\\\/?author=7\"}]}<\/script>\n<!-- \/ Yoast SEO plugin. -->","yoast_head_json":{"title":"Akit yine nefret sa\u00e7t\u0131: Hrant ve Rakel Dink\u2019i hedef ald\u0131 - Bati Ermenistan Ve Bati Ermenileri Sorunlari Ara\u015ftirmalar Merkezi","robots":{"index":"index","follow":"follow","max-snippet":"max-snippet:-1","max-image-preview":"max-image-preview:large","max-video-preview":"max-video-preview:-1"},"canonical":"https:\/\/akunq.net\/tr\/?p=61086","og_locale":"en_US","og_type":"article","og_title":"Akit yine nefret sa\u00e7t\u0131: Hrant ve Rakel Dink\u2019i hedef ald\u0131 - Bati Ermenistan Ve Bati Ermenileri Sorunlari Ara\u015ftirmalar Merkezi","og_description":"Yeni Akit gazetesi Yaz\u0131 \u0130\u015fleri M\u00fcd\u00fcr\u00fc Ali Karahasano\u011flu, 14 y\u0131l \u00f6nce katledilen Agos Gazetesi Genel Yay\u0131n Y\u00f6netmeni Hrant Dink\u2019i ve e\u015fi Rakel Dink\u2019i\u00a0bug\u00fcnk\u00fc yaz\u0131s\u0131nda\u00a0hedef ald\u0131. Hrant Dink\u2019in an\u0131lmas\u0131ndann rahats\u0131z olan Karahasano\u011flu, Yeni Akit gazetesi Yaz\u0131 \u0130\u015fleri M\u00fcd\u00fcr\u00fc Ali \u201cHrant Dink.. Hrant Dink.. Sabah Hrant, ak\u015fam Dink!\u201d ba\u015fl\u0131kl\u0131 yaz\u0131s\u0131nda \u201cBinlerce askerimiz, polisimiz \u015fehid oldu.. \u015eahsen bana [&hellip;]","og_url":"https:\/\/akunq.net\/tr\/?p=61086","og_site_name":"Bati Ermenistan Ve Bati Ermenileri Sorunlari Ara\u015ftirmalar Merkezi","article_published_time":"2021-01-21T07:53:31+00:00","og_image":[{"width":760,"height":450,"url":"https:\/\/akunq.net\/tr\/wp-content\/uploads\/sites\/6\/2021\/01\/Rakel-Dink-2.jpg","type":"image\/jpeg"}],"author":"admin","twitter_card":"summary_large_image","twitter_misc":{"Written by":"admin","Est. reading time":"2 minutes"},"schema":{"@context":"https:\/\/schema.org","@graph":[{"@type":"Article","@id":"https:\/\/akunq.net\/tr\/?p=61086#article","isPartOf":{"@id":"https:\/\/akunq.net\/tr\/?p=61086"},"author":{"name":"admin","@id":"https:\/\/akunq.net\/tr\/#\/schema\/person\/096f1d38a12cce57fb855b485ed24c9e"},"headline":"Akit yine nefret sa\u00e7t\u0131: Hrant ve Rakel Dink\u2019i hedef ald\u0131","datePublished":"2021-01-21T07:53:31+00:00","mainEntityOfPage":{"@id":"https:\/\/akunq.net\/tr\/?p=61086"},"wordCount":485,"commentCount":0,"image":{"@id":"https:\/\/akunq.net\/tr\/?p=61086#primaryimage"},"thumbnailUrl":"https:\/\/akunq.net\/tr\/wp-content\/uploads\/sites\/6\/2021\/01\/Rakel-Dink-2.jpg","articleSection":["Haberler"],"inLanguage":"en-US","potentialAction":[{"@type":"CommentAction","name":"Comment","target":["https:\/\/akunq.net\/tr\/?p=61086#respond"]}]},{"@type":"WebPage","@id":"https:\/\/akunq.net\/tr\/?p=61086","url":"https:\/\/akunq.net\/tr\/?p=61086","name":"Akit yine nefret sa\u00e7t\u0131: Hrant ve Rakel Dink\u2019i hedef ald\u0131 - Bati Ermenistan Ve Bati Ermenileri Sorunlari Ara\u015ftirmalar Merkezi","isPartOf":{"@id":"https:\/\/akunq.net\/tr\/#website"},"primaryImageOfPage":{"@id":"https:\/\/akunq.net\/tr\/?p=61086#primaryimage"},"image":{"@id":"https:\/\/akunq.net\/tr\/?p=61086#primaryimage"},"thumbnailUrl":"https:\/\/akunq.net\/tr\/wp-content\/uploads\/sites\/6\/2021\/01\/Rakel-Dink-2.jpg","datePublished":"2021-01-21T07:53:31+00:00","author":{"@id":"https:\/\/akunq.net\/tr\/#\/schema\/person\/096f1d38a12cce57fb855b485ed24c9e"},"breadcrumb":{"@id":"https:\/\/akunq.net\/tr\/?p=61086#breadcrumb"},"inLanguage":"en-US","potentialAction":[{"@type":"ReadAction","target":["https:\/\/akunq.net\/tr\/?p=61086"]}]},{"@type":"ImageObject","inLanguage":"en-US","@id":"https:\/\/akunq.net\/tr\/?p=61086#primaryimage","url":"https:\/\/akunq.net\/tr\/wp-content\/uploads\/sites\/6\/2021\/01\/Rakel-Dink-2.jpg","contentUrl":"https:\/\/akunq.net\/tr\/wp-content\/uploads\/sites\/6\/2021\/01\/Rakel-Dink-2.jpg","width":760,"height":450},{"@type":"BreadcrumbList","@id":"https:\/\/akunq.net\/tr\/?p=61086#breadcrumb","itemListElement":[{"@type":"ListItem","position":1,"name":"Home","item":"https:\/\/akunq.net\/tr"},{"@type":"ListItem","position":2,"name":"Akit yine nefret sa\u00e7t\u0131: Hrant ve Rakel Dink\u2019i hedef ald\u0131"}]},{"@type":"WebSite","@id":"https:\/\/akunq.net\/tr\/#website","url":"https:\/\/akunq.net\/tr\/","name":"Bati Ermenistan Ve Bati Ermenileri Sorunlari Ara\u015ftirmalar Merkezi","description":"","potentialAction":[{"@type":"SearchAction","target":{"@type":"EntryPoint","urlTemplate":"https:\/\/akunq.net\/tr\/?s={search_term_string}"},"query-input":{"@type":"PropertyValueSpecification","valueRequired":true,"valueName":"search_term_string"}}],"inLanguage":"en-US"},{"@type":"Person","@id":"https:\/\/akunq.net\/tr\/#\/schema\/person\/096f1d38a12cce57fb855b485ed24c9e","name":"admin","url":"https:\/\/akunq.net\/tr\/?author=7"}]}},"_links":{"self":[{"href":"https:\/\/akunq.net\/tr\/index.php?rest_route=\/wp\/v2\/posts\/61086","targetHints":{"allow":["GET"]}}],"collection":[{"href":"https:\/\/akunq.net\/tr\/index.php?rest_route=\/wp\/v2\/posts"}],"about":[{"href":"https:\/\/akunq.net\/tr\/index.php?rest_route=\/wp\/v2\/types\/post"}],"author":[{"embeddable":true,"href":"https:\/\/akunq.net\/tr\/index.php?rest_route=\/wp\/v2\/users\/7"}],"replies":[{"embeddable":true,"href":"https:\/\/akunq.net\/tr\/index.php?rest_route=%2Fwp%2Fv2%2Fcomments&post=61086"}],"version-history":[{"count":1,"href":"https:\/\/akunq.net\/tr\/index.php?rest_route=\/wp\/v2\/posts\/61086\/revisions"}],"predecessor-version":[{"id":61088,"href":"https:\/\/akunq.net\/tr\/index.php?rest_route=\/wp\/v2\/posts\/61086\/revisions\/61088"}],"wp:featuredmedia":[{"embeddable":true,"href":"https:\/\/akunq.net\/tr\/index.php?rest_route=\/wp\/v2\/media\/61087"}],"wp:attachment":[{"href":"https:\/\/akunq.net\/tr\/index.php?rest_route=%2Fwp%2Fv2%2Fmedia&parent=61086"}],"wp:term":[{"taxonomy":"category","embeddable":true,"href":"https:\/\/akunq.net\/tr\/index.php?rest_route=%2Fwp%2Fv2%2Fcategories&post=61086"},{"taxonomy":"post_tag","embeddable":true,"href":"https:\/\/akunq.net\/tr\/index.php?rest_route=%2Fwp%2Fv2%2Ftags&post=61086"}],"curies":[{"name":"wp","href":"https:\/\/api.w.org\/{rel}","templated":true}]}}