{"id":61083,"date":"2021-01-21T02:43:05","date_gmt":"2021-01-21T07:43:05","guid":{"rendered":"https:\/\/akunq.net\/tr\/?p=61083"},"modified":"2021-01-21T02:43:05","modified_gmt":"2021-01-21T07:43:05","slug":"bitmiyor-matemimiz-cunku-hala-cenazemiz-yerde","status":"publish","type":"post","link":"https:\/\/akunq.net\/tr\/?p=61083","title":{"rendered":"&#8220;Bitmiyor matemimiz, \u00e7\u00fcnk\u00fc hala cenazemiz yerde&#8221;"},"content":{"rendered":"<p><img loading=\"lazy\" decoding=\"async\" class=\"aligncenter size-medium wp-image-61084\" src=\"https:\/\/akunq.net\/tr\/wp-content\/uploads\/2021\/01\/\u054a\u0561\u0577\u0561\u0584-\u054f\u0565\u0574\u056b\u0580\u0569\u0561\u0577-360x203.jpeg\" alt=\"\" width=\"360\" height=\"203\" srcset=\"https:\/\/akunq.net\/tr\/wp-content\/uploads\/sites\/6\/2021\/01\/\u054a\u0561\u0577\u0561\u0584-\u054f\u0565\u0574\u056b\u0580\u0569\u0561\u0577-360x203.jpeg 360w, https:\/\/akunq.net\/tr\/wp-content\/uploads\/sites\/6\/2021\/01\/\u054a\u0561\u0577\u0561\u0584-\u054f\u0565\u0574\u056b\u0580\u0569\u0561\u0577-768x432.jpeg 768w, https:\/\/akunq.net\/tr\/wp-content\/uploads\/sites\/6\/2021\/01\/\u054a\u0561\u0577\u0561\u0584-\u054f\u0565\u0574\u056b\u0580\u0569\u0561\u0577-560x315.jpeg 560w, https:\/\/akunq.net\/tr\/wp-content\/uploads\/sites\/6\/2021\/01\/\u054a\u0561\u0577\u0561\u0584-\u054f\u0565\u0574\u056b\u0580\u0569\u0561\u0577-260x146.jpeg 260w, https:\/\/akunq.net\/tr\/wp-content\/uploads\/sites\/6\/2021\/01\/\u054a\u0561\u0577\u0561\u0584-\u054f\u0565\u0574\u056b\u0580\u0569\u0561\u0577-160x90.jpeg 160w, https:\/\/akunq.net\/tr\/wp-content\/uploads\/sites\/6\/2021\/01\/\u054a\u0561\u0577\u0561\u0584-\u054f\u0565\u0574\u056b\u0580\u0569\u0561\u0577.jpeg 1280w\" sizes=\"auto, (max-width: 360px) 100vw, 360px\" \/><\/p>\n<p><strong><em>Gazetemizin kurucusu ve genel yay\u0131n y\u00f6netmeni Hrant Dink katledili\u015finin 14. y\u0131l\u0131nda bu y\u0131la \u00f6zg\u00fc, pandemi ko\u015fullar\u0131 nedeniyle internet \u00fczerinden an\u0131ld\u0131. Geleneksel balkon konu\u015fmas\u0131n\u0131 Selahattin Demirta\u015f&#8217;\u0131n e\u015fi Ba\u015fak Demirta\u015f yapt\u0131 ve 23,5 Hrant Dink Haf\u0131za Mekan\u0131&#8217;ndan seslendi. Ba\u015fak Demirta\u015f&#8217;\u0131n konu\u015fma metnini sunuyoruz.<\/em><\/strong><\/p>\n<p><em>Merhaba sevgili dostlar, g\u00fczel insanlar, karde\u015flerim.<\/em><\/p>\n<p>Asla kabullenmedi\u011fimiz, y\u0131llar ge\u00e7se de al\u0131\u015fmad\u0131\u011f\u0131m\u0131z, al\u0131\u015fmayaca\u011f\u0131m\u0131z, derin yaram\u0131z,<\/p>\n<p>Dostumuz, abimiz, \u00f6z karde\u015fimiz, Hrant\u2019\u0131m\u0131z i\u00e7in, i\u015fte yine bir araday\u0131z.<\/p>\n<p>Bu y\u0131l salg\u0131n ko\u015fullar\u0131, bu \u015fekilde bir araya gelmemize el veriyor. Birbirimizin g\u00f6zlerini g\u00f6remiyoruz belki ama y\u00fcrek at\u0131\u015flar\u0131m\u0131z\u0131 duyabiliyoruz.<\/p>\n<p>Siz, her y\u0131l Agos\u2019un \u00f6n\u00fcnde toplananlar, buraya gelemeyip de d\u00fcnyan\u0131n d\u00f6rt bir yan\u0131nda y\u00fcre\u011fi bizimle atanlar, sadece yitirdi\u011fimiz bir de\u011feri anm\u0131yoruz, ar\u0131yoruz da ayn\u0131 zamanda.<\/p>\n<p>Adaleti ar\u0131yoruz, avu\u00e7lar\u0131m\u0131zdan kay\u0131p giden bar\u0131\u015f\u0131 ar\u0131yoruz. G\u00fcl\u00fc\u015f\u00fcm\u00fcz\u00fc kaybettik. Ne\u015femizi, ya\u015fama sevincimizi\u2026<\/p>\n<p>Yine topland\u0131k i\u015fte, ar\u0131yoruz.<\/p>\n<p>Yasl\u0131y\u0131z. Bitmiyor matemimiz.<\/p>\n<p>Bitmiyor \u00e7\u00fcnk\u00fc cenazemiz halen yerde.<\/p>\n<p>Bunca omuz yan yana geldik de kald\u0131ramad\u0131k cenazemizi. \u00c7\u00fcnk\u00fc a\u011f\u0131r. Vebali a\u011f\u0131r, miras\u0131 a\u011f\u0131r, vasiyeti a\u011f\u0131r.<\/p>\n<p>O nedenle ar\u0131yoruz.<\/p>\n<p>Biliyorum, bulmadan durmayaca\u011f\u0131z. Biliyorum, \u00e7ok yak\u0131n\u0131z.<\/p>\n<p>Kald\u0131raca\u011f\u0131z cenazemizi. D\u00fc\u015ft\u00fc\u011f\u00fc yerden kald\u0131raca\u011f\u0131z. Topra\u011fa g\u00f6mmek i\u00e7in de\u011fil, karde\u015flik \u00e7\u0131nar\u0131 niyetine topra\u011fa ekmek i\u00e7in.<\/p>\n<p>Hrant\u2019\u0131n sevgili dostlar\u0131, karde\u015flerim,<\/p>\n<p>Belki uzun s\u00fcrd\u00fc aray\u0131\u015f\u0131m\u0131z, gecikti bahar\u0131m\u0131z. Hrant\u2019a verdi\u011fimiz s\u00f6zler halen yerini bulmad\u0131. Asl\u0131nda bu gecikme ne toplumun su\u00e7udur ne de ezilenlerin ve \u00f6tekilerin.<\/p>\n<p>B\u00fct\u00fcn m\u00fcmk\u00fcnler g\u00f6z\u00fcm\u00fcz\u00fcn \u00f6n\u00fcnde dururken uzan\u0131p tutmaya cesaret edemeyen toplumun \u00f6nc\u00fclerindedir b\u00fcy\u00fck eksiklik. B\u00fct\u00fcn mesele uzan\u0131p tutmakta, buna c\u00fcret etmekte, bu cesareti g\u00f6stermektedir. Ama y\u0131lmak yok. Biz de t\u0131pk\u0131 sevgili Hrant\u2019\u0131n yapt\u0131\u011f\u0131 gibi, intikam duygular\u0131na teslim olmadan ak\u0131lla, sab\u0131rla, sevgiyle ama ille de diren\u00e7le sar\u0131laca\u011f\u0131z umuda. Bunca kutupla\u015fman\u0131n, d\u00fc\u015fmanla\u015ft\u0131rman\u0131n, gerilimin i\u00e7inden sa\u011fduyuyla \u00e7\u0131k\u0131\u015f\u0131n yolunu bulmak zorunday\u0131z. Bu kadar kaotik ve karma\u015f\u0131k g\u00f6r\u00fcnen durumdan kurtulmak asl\u0131nda \u00e7ok da basit. Yapmam\u0131z gereken tek \u015fey bir araya gelmektir. Demokrasi i\u00e7in yan yana durmakt\u0131r. Biz kad\u0131nlar bunun i\u00e7in \u00f6nc\u00fcl\u00fck yapabilecek g\u00fcce, inanca ve cesarete sahibiz. Gelin \u00f6nce biz kad\u0131nlar birle\u015felim. Adaletsizli\u011fe kar\u015f\u0131, her t\u00fcrl\u00fc \u015fiddete kar\u015f\u0131, yoksullu\u011fa kar\u015f\u0131 b\u00fcy\u00fck bir kad\u0131n demokrasi ittifak\u0131 kural\u0131m. Nefessiz kalm\u0131\u015f topluma bir yol a\u00e7al\u0131m. Bunun i\u00e7in daha ne kadar bekleyece\u011fiz? Ne olmas\u0131n\u0131 bekleyece\u011fiz?<\/p>\n<p>Bizi birle\u015ftirecek \u015fey bir lider, bir parti, bir kurtar\u0131c\u0131 de\u011fil, sadece kendi ellerimizdir. Gelin el ele verelim. Yar\u0131nlar\u0131m\u0131z\u0131, \u00e7ocuklar\u0131m\u0131z\u0131n gelece\u011fini kurtaral\u0131m.<\/p>\n<p>Aksi takdirde Hrant\u2019a verdi\u011fimiz s\u00f6z\u00fcn gere\u011fini nas\u0131l yerine getirece\u011fiz? Mahcup olmadan, nas\u0131l her y\u0131l bir araya gelece\u011fiz?<\/p>\n<p>Umuda dair \u015f\u00f6yle seslenmi\u015fti G\u00fclten Ak\u0131n:<\/p>\n<p><em>Karay\u0131 kald\u0131r\u0131n, mavi koyun, umudumu yitirmedim.<\/em><br \/>\n<em>Beni \u00e7a\u011f\u0131r\u0131n, g\u00fcl\u00fcmserken uykunun bir yerinde.<\/em><br \/>\n<em>Eliniz beyazken uzat\u0131n isterim.<\/em><br \/>\n<em>Karay\u0131 kald\u0131r\u0131n, sevgi koyun umudumu yitirmedim.<\/em><br \/>\n<em>G\u00fcz gelirken bir yan\u0131 kara sevdalarla,<\/em><br \/>\n<em>Avcumda bu yavru ku\u015f varken tedirgin.<\/em><br \/>\n<em>Sizde tutunacak, yaslanacak kollar.<\/em><br \/>\n<em>Biraz daha durun, biraz daha.<\/em><br \/>\n<em>Karay\u0131 kald\u0131r\u0131n, mavi koyun, umudumu g\u00f6t\u00fcrmeyin.<\/em><\/p>\n<p>De\u011ferli dostlar, sevgili karde\u015flerim,<\/p>\n<p>Hemen \u015furac\u0131kta, Urfa\u2019da, G\u00f6beklitepe\u2019de on iki bin y\u0131ll\u0131k bir k\u00f6y duruyor. D\u00fcnyan\u0131n en eski k\u00f6y\u00fc, en eski mahallesi, en eski evi. Orda ya\u015fayanlar kimdi, bilmiyoruz. Nas\u0131l ya\u015fad\u0131lar, bilmiyoruz. Ac\u0131lar\u0131n\u0131, sevin\u00e7lerini, korkular\u0131n\u0131, hayallerini bilmiyoruz. Bug\u00fcn ya\u015fasalard\u0131 kendilerine T\u00fcrk m\u00fc derlerdi, Ermeni mi, K\u00fcrt m\u00fc bilmiyoruz. Hangi dine inan\u0131rlard\u0131, hangi partiye oy verirlerdi, bilmiyoruz. Bildi\u011fimiz ve emin oldu\u011fumuz tek bir kimlikleri vard\u0131 onlar\u0131n: \u0130nsan. \u0130lk, onlar kazd\u0131 topra\u011f\u0131. \u0130lk, onlar tohum ekti Mezopotamya\u2019ya. Sonra biz gelmeye ba\u015flad\u0131k. Ya\u015fl\u0131 k\u0131tan\u0131n d\u00f6rt bir yan\u0131ndan. Onar onar, y\u00fczer y\u00fczer, biner biner. Milyon olduk sonra. En son 84 milyon. Ve o g\u00fcnden beri bu topraklar en \u00e7ok kimindir diye kavga ediyoruz. Y\u00fcz y\u0131ld\u0131r kavga ediyoruz. Bin y\u0131ld\u0131r kavga ediyoruz. Be\u015f bin y\u0131ld\u0131r kavga ediyoruz.<\/p>\n<p>Kavga ediyoruz dedi\u011fime bakmay\u0131n. Kavgay\u0131 ba\u015fkalar\u0131 ediyor asl\u0131nda. Biz sadece daya\u011f\u0131 yiyoruz. \u00c7\u00fcnk\u00fc kavga m\u00fclkiyet kavgas\u0131. Egemenlik, \u00fcst\u00fcnl\u00fck kavgas\u0131. Saltanat, \u015fatafat, iktidar kavgas\u0131. Biz sadece direniyoruz. Hayatta kalabilmek i\u00e7in. \u0130nsan kalabilmek amac\u0131yla direniyoruz. E\u015fitlik i\u00e7in, adalet i\u00e7in, bar\u0131\u015f i\u00e7in, karde\u015flik i\u00e7in, eme\u011fin hakk\u0131 i\u00e7in direniyoruz. Ve diyoruz ki, bizim kendi aram\u0131zda payla\u015famayaca\u011f\u0131m\u0131z hi\u00e7bir \u015feyimiz yok. Bu \u00fclke hepimizin. Bu topraklar hepimizin. Hak\u00e7a, e\u015fit\u00e7e, adil bir ya\u015fam m\u00fcmk\u00fcnd\u00fcr ve yak\u0131nd\u0131r, biliyoruz.<\/p>\n<p>D\u00f6rt milyar ya\u015f\u0131ndaki ya\u015fl\u0131 ve yorgun gezegenimizin son on iki bin y\u0131l\u0131nda nas\u0131l bu hale gelebildik, insan olmaktan nas\u0131l bu kadar uzakla\u015fabildik, herkesi bir defac\u0131k olsun bunu d\u00fc\u015f\u00fcnmeye davet ediyorum. Nas\u0131l unuttuk bunca ortak de\u011ferimizi, ortak ac\u0131m\u0131z\u0131, ortak sevincimizi? Nas\u0131l b\u0131rakabildik cenazemizi yerde? Nas\u0131l yaratt\u0131k bu ortak utanc\u0131m\u0131z\u0131?<\/p>\n<p>Gelin karde\u015flerim, gelin el ele verelim. Omuz omuza kald\u0131ral\u0131m art\u0131k cenazemizi. Bitirelim ortak matemimizi. Bak\u0131n, yerde yatan\u0131n bir tane kimli\u011fi var: insan. Ama ad\u0131 Hrant, ad\u0131 Tahir, ad\u0131 Berkin, ad\u0131 Ali \u0130smail, ad\u0131 Eren, ad\u0131 Ceylan, ad\u0131 Yasin, ad\u0131 Medeni, ad\u0131 Ethem, ad\u0131 U\u011fur, ad\u0131 Taybet, ad\u0131 Ayb\u00fcke, ad\u0131 Ekrem ama ad\u0131 insan. Korkmay\u0131n karde\u015flerim. El ele verin. Omuz verin bu cenazeye. Kimse tek ba\u015f\u0131na kald\u0131ramaz bunca y\u00fck\u00fc. Dedim ya, a\u011f\u0131rd\u0131r vebali. A\u011f\u0131rd\u0131r vasiyeti. Katillerimizin karanl\u0131\u011f\u0131na teslim olmadan, kay\u0131plar\u0131m\u0131z\u0131n hat\u0131ras\u0131nda bulu\u015fmaya davet edelim birbirimizi.<\/p>\n<p>Ba\u015farabiliriz g\u00fczel karde\u015flerim. Ba\u015farmak zorunday\u0131z. Nem gibi bedenimize yap\u0131\u015fm\u0131\u015f bu k\u00f6t\u00fcl\u00fc\u011f\u00fc yara yara, g\u00fcne\u015fli yar\u0131nlara, ayd\u0131nl\u0131k gelece\u011fe ula\u015faca\u011f\u0131z. Umudumuz zul\u00fcmden b\u00fcy\u00fck, \u00e7\u00fcnk\u00fc siz vars\u0131n\u0131z. \u00c7\u00fcnk\u00fc bizler var\u0131z. \u00c7\u00fcnk\u00fc bizler, \u00f6zg\u00fcrl\u00fc\u011fe ant i\u00e7mi\u015f milyonlar\u0131z. \u00c7\u00fcnk\u00fc biz insan\u0131z.<\/p>\n<p>Cesur olal\u0131m g\u00fczel karde\u015flerim ve inanal\u0131m. Hep birlikte kazanaca\u011f\u0131z, mutlaka kazanaca\u011f\u0131z.<\/p>\n<p>Son olarak, Selahattin\u2019in cezaevinden g\u00f6nderdi\u011fi bir \u015fiirle bitirmek istiyorum.<\/p>\n<p><em>G\u00fcmb\u00fcrd\u00fcyor yerin alt\u0131.<\/em><br \/>\n<em>Sars\u0131l\u0131yor g\u00f6k kuleler.<\/em><br \/>\n<em>\u00d6zg\u00fcrl\u00fc\u011fe gebe toprak,<\/em><br \/>\n<em>Do\u011furacak bizi yeniden.<\/em><\/p>\n<p><em>Ellerim ceplerimde, ad\u0131mlar\u0131m minnetsiz.<\/em><br \/>\n<em>Gams\u0131z y\u00fcr\u00fcyorum mezar diplerinden.<\/em><br \/>\n<em>\u00d6l\u00fclerimize yeminimiz var,<\/em><br \/>\n<em>Dirilerimize m\u00fcjdemiz.<\/em><\/p>\n<p><em>\u00dc\u015f\u00fcyen \u00e7ocuklar g\u00fcne\u015ften emsin.<\/em><br \/>\n<em>\u00d6ks\u00fcz kalm\u0131\u015f a\u015f\u0131klar kavu\u015fsun.<\/em><br \/>\n<em>Al\u0131n terine sevda kar\u0131\u015fs\u0131n diyedir, kavgam\u0131z.<\/em><br \/>\n<em>Bir madalya tak\u0131lmayacak g\u00f6\u011fs\u00fcm\u00fcze.<\/em><br \/>\n<em>Olsa olsa ya\u011fl\u0131 bir ilmek, boynumuza.<\/em><br \/>\n<em>Belki k\u00f6r bir kur\u015fun, s\u0131rt\u0131m\u0131za.<\/em><\/p>\n<p><em>Ne ad\u0131m\u0131z vard\u0131r bizim ne pasaportumuz.<\/em><br \/>\n<em>D\u00fc\u015ft\u00fc\u011f\u00fcm\u00fcz yerden tan\u0131rs\u0131n bizi.<\/em><br \/>\n<em>K\u0131r \u00e7i\u00e7ekleri biter topra\u011f\u0131m\u0131zda.<\/em><br \/>\n<em>Ya da bir gelincik, b\u00fct\u00fcn k\u0131z\u0131ll\u0131\u011f\u0131yla.<\/em><br \/>\n<em>Zulme isyan etmi\u015f topra\u011f\u0131n \u00e7ocuklar\u0131y\u0131z biz.<\/em><br \/>\n<em>Geliyoruz olanca heybetiyle.<\/em><br \/>\n<em>Az kald\u0131 bak, g\u00fcmb\u00fcrd\u00fcyor yerin alt\u0131.<\/em><br \/>\n<em>Sars\u0131l\u0131yor g\u00f6k kuleler.<\/em><br \/>\n<em>\u00d6zg\u00fcrl\u00fc\u011fe gebe toprak,<\/em><br \/>\n<em>Do\u011furacak bizi yeniden.<\/em><\/p>\n<p>Hepinize en i\u00e7ten sevgi sayg\u0131lar\u0131mla. Hrant\u2019\u0131n her daim g\u00fczel an\u0131s\u0131na h\u00fcrmetle.<\/p>\n<p>\u0554\u0565\u0566 \u0565\u0580\u0562\u0565\u0584 \u057a\u056b\u057f\u056b \u0579\u0574\u0578\u057c\u0576\u0561\u0576\u0584 \u0540\u0580\u0561\u0576\u0564 \u0565\u0572\u0562\u0561\u0575\u0580. Em te ji qet b\u00eer nakin birayemin\u00ea eziz.<\/p>\n<p>Te\u015fekk\u00fcr ediyorum. \u0547\u0576\u0578\u0580\u0570\u0561\u056f\u0561\u056c\u0578\u0582\u0569\u0575\u0578\u0582\u0576. Gelek spas.<\/p>\n<p><em><strong>http:\/\/www.agos.com.tr\/tr\/yazi\/25210\/bitmiyor-matemimiz-cunku-hala-cenazemiz-yerde\u00a0<\/strong><\/em><\/p>\n","protected":false},"excerpt":{"rendered":"<p>Gazetemizin kurucusu ve genel yay\u0131n y\u00f6netmeni Hrant Dink katledili\u015finin 14. y\u0131l\u0131nda bu y\u0131la \u00f6zg\u00fc, pandemi ko\u015fullar\u0131 nedeniyle internet \u00fczerinden an\u0131ld\u0131. Geleneksel balkon konu\u015fmas\u0131n\u0131 Selahattin Demirta\u015f&#8217;\u0131n e\u015fi Ba\u015fak Demirta\u015f yapt\u0131 ve 23,5 Hrant Dink Haf\u0131za Mekan\u0131&#8217;ndan seslendi. Ba\u015fak Demirta\u015f&#8217;\u0131n konu\u015fma metnini sunuyoruz. Merhaba sevgili dostlar, g\u00fczel insanlar, karde\u015flerim. Asla kabullenmedi\u011fimiz, y\u0131llar ge\u00e7se de al\u0131\u015fmad\u0131\u011f\u0131m\u0131z, al\u0131\u015fmayaca\u011f\u0131m\u0131z, derin [&hellip;]<\/p>\n","protected":false},"author":7,"featured_media":61084,"comment_status":"open","ping_status":"open","sticky":false,"template":"","format":"standard","meta":{"footnotes":""},"categories":[1],"tags":[],"class_list":["post-61083","post","type-post","status-publish","format-standard","has-post-thumbnail","hentry","category-haberler"],"yoast_head":"<!-- This site is optimized with the Yoast SEO plugin v27.4 - https:\/\/yoast.com\/product\/yoast-seo-wordpress\/ -->\n<title>&quot;Bitmiyor matemimiz, \u00e7\u00fcnk\u00fc hala cenazemiz yerde&quot; - Bati Ermenistan Ve Bati Ermenileri Sorunlari Ara\u015ftirmalar Merkezi<\/title>\n<meta name=\"robots\" content=\"index, follow, max-snippet:-1, max-image-preview:large, max-video-preview:-1\" \/>\n<link rel=\"canonical\" href=\"https:\/\/akunq.net\/tr\/?p=61083\" \/>\n<meta property=\"og:locale\" content=\"en_US\" \/>\n<meta property=\"og:type\" content=\"article\" \/>\n<meta property=\"og:title\" content=\"&quot;Bitmiyor matemimiz, \u00e7\u00fcnk\u00fc hala cenazemiz yerde&quot; - Bati Ermenistan Ve Bati Ermenileri Sorunlari Ara\u015ftirmalar Merkezi\" \/>\n<meta property=\"og:description\" content=\"Gazetemizin kurucusu ve genel yay\u0131n y\u00f6netmeni Hrant Dink katledili\u015finin 14. y\u0131l\u0131nda bu y\u0131la \u00f6zg\u00fc, pandemi ko\u015fullar\u0131 nedeniyle internet \u00fczerinden an\u0131ld\u0131. Geleneksel balkon konu\u015fmas\u0131n\u0131 Selahattin Demirta\u015f&#8217;\u0131n e\u015fi Ba\u015fak Demirta\u015f yapt\u0131 ve 23,5 Hrant Dink Haf\u0131za Mekan\u0131&#8217;ndan seslendi. Ba\u015fak Demirta\u015f&#8217;\u0131n konu\u015fma metnini sunuyoruz. Merhaba sevgili dostlar, g\u00fczel insanlar, karde\u015flerim. Asla kabullenmedi\u011fimiz, y\u0131llar ge\u00e7se de al\u0131\u015fmad\u0131\u011f\u0131m\u0131z, al\u0131\u015fmayaca\u011f\u0131m\u0131z, derin [&hellip;]\" \/>\n<meta property=\"og:url\" content=\"https:\/\/akunq.net\/tr\/?p=61083\" \/>\n<meta property=\"og:site_name\" content=\"Bati Ermenistan Ve Bati Ermenileri Sorunlari Ara\u015ftirmalar Merkezi\" \/>\n<meta property=\"article:published_time\" content=\"2021-01-21T07:43:05+00:00\" \/>\n<meta property=\"og:image\" content=\"https:\/\/akunq.net\/tr\/wp-content\/uploads\/sites\/6\/2021\/01\/\u054a\u0561\u0577\u0561\u0584-\u054f\u0565\u0574\u056b\u0580\u0569\u0561\u0577.jpeg\" \/>\n\t<meta property=\"og:image:width\" content=\"1280\" \/>\n\t<meta property=\"og:image:height\" content=\"720\" \/>\n\t<meta property=\"og:image:type\" content=\"image\/jpeg\" \/>\n<meta name=\"author\" content=\"admin\" \/>\n<meta name=\"twitter:card\" content=\"summary_large_image\" \/>\n<meta name=\"twitter:label1\" content=\"Written by\" \/>\n\t<meta name=\"twitter:data1\" content=\"admin\" \/>\n\t<meta name=\"twitter:label2\" content=\"Est. reading time\" \/>\n\t<meta name=\"twitter:data2\" content=\"7 minutes\" \/>\n<script type=\"application\/ld+json\" class=\"yoast-schema-graph\">{\"@context\":\"https:\\\/\\\/schema.org\",\"@graph\":[{\"@type\":\"Article\",\"@id\":\"https:\\\/\\\/akunq.net\\\/tr\\\/?p=61083#article\",\"isPartOf\":{\"@id\":\"https:\\\/\\\/akunq.net\\\/tr\\\/?p=61083\"},\"author\":{\"name\":\"admin\",\"@id\":\"https:\\\/\\\/akunq.net\\\/tr\\\/#\\\/schema\\\/person\\\/096f1d38a12cce57fb855b485ed24c9e\"},\"headline\":\"&#8220;Bitmiyor matemimiz, \u00e7\u00fcnk\u00fc hala cenazemiz yerde&#8221;\",\"datePublished\":\"2021-01-21T07:43:05+00:00\",\"mainEntityOfPage\":{\"@id\":\"https:\\\/\\\/akunq.net\\\/tr\\\/?p=61083\"},\"wordCount\":1377,\"commentCount\":0,\"image\":{\"@id\":\"https:\\\/\\\/akunq.net\\\/tr\\\/?p=61083#primaryimage\"},\"thumbnailUrl\":\"https:\\\/\\\/akunq.net\\\/tr\\\/wp-content\\\/uploads\\\/sites\\\/6\\\/2021\\\/01\\\/\u054a\u0561\u0577\u0561\u0584-\u054f\u0565\u0574\u056b\u0580\u0569\u0561\u0577.jpeg\",\"articleSection\":[\"Haberler\"],\"inLanguage\":\"en-US\",\"potentialAction\":[{\"@type\":\"CommentAction\",\"name\":\"Comment\",\"target\":[\"https:\\\/\\\/akunq.net\\\/tr\\\/?p=61083#respond\"]}]},{\"@type\":\"WebPage\",\"@id\":\"https:\\\/\\\/akunq.net\\\/tr\\\/?p=61083\",\"url\":\"https:\\\/\\\/akunq.net\\\/tr\\\/?p=61083\",\"name\":\"\\\"Bitmiyor matemimiz, \u00e7\u00fcnk\u00fc hala cenazemiz yerde\\\" - Bati Ermenistan Ve Bati Ermenileri Sorunlari Ara\u015ftirmalar Merkezi\",\"isPartOf\":{\"@id\":\"https:\\\/\\\/akunq.net\\\/tr\\\/#website\"},\"primaryImageOfPage\":{\"@id\":\"https:\\\/\\\/akunq.net\\\/tr\\\/?p=61083#primaryimage\"},\"image\":{\"@id\":\"https:\\\/\\\/akunq.net\\\/tr\\\/?p=61083#primaryimage\"},\"thumbnailUrl\":\"https:\\\/\\\/akunq.net\\\/tr\\\/wp-content\\\/uploads\\\/sites\\\/6\\\/2021\\\/01\\\/\u054a\u0561\u0577\u0561\u0584-\u054f\u0565\u0574\u056b\u0580\u0569\u0561\u0577.jpeg\",\"datePublished\":\"2021-01-21T07:43:05+00:00\",\"author\":{\"@id\":\"https:\\\/\\\/akunq.net\\\/tr\\\/#\\\/schema\\\/person\\\/096f1d38a12cce57fb855b485ed24c9e\"},\"breadcrumb\":{\"@id\":\"https:\\\/\\\/akunq.net\\\/tr\\\/?p=61083#breadcrumb\"},\"inLanguage\":\"en-US\",\"potentialAction\":[{\"@type\":\"ReadAction\",\"target\":[\"https:\\\/\\\/akunq.net\\\/tr\\\/?p=61083\"]}]},{\"@type\":\"ImageObject\",\"inLanguage\":\"en-US\",\"@id\":\"https:\\\/\\\/akunq.net\\\/tr\\\/?p=61083#primaryimage\",\"url\":\"https:\\\/\\\/akunq.net\\\/tr\\\/wp-content\\\/uploads\\\/sites\\\/6\\\/2021\\\/01\\\/\u054a\u0561\u0577\u0561\u0584-\u054f\u0565\u0574\u056b\u0580\u0569\u0561\u0577.jpeg\",\"contentUrl\":\"https:\\\/\\\/akunq.net\\\/tr\\\/wp-content\\\/uploads\\\/sites\\\/6\\\/2021\\\/01\\\/\u054a\u0561\u0577\u0561\u0584-\u054f\u0565\u0574\u056b\u0580\u0569\u0561\u0577.jpeg\",\"width\":1280,\"height\":720},{\"@type\":\"BreadcrumbList\",\"@id\":\"https:\\\/\\\/akunq.net\\\/tr\\\/?p=61083#breadcrumb\",\"itemListElement\":[{\"@type\":\"ListItem\",\"position\":1,\"name\":\"Home\",\"item\":\"https:\\\/\\\/akunq.net\\\/tr\"},{\"@type\":\"ListItem\",\"position\":2,\"name\":\"&#8220;Bitmiyor matemimiz, \u00e7\u00fcnk\u00fc hala cenazemiz yerde&#8221;\"}]},{\"@type\":\"WebSite\",\"@id\":\"https:\\\/\\\/akunq.net\\\/tr\\\/#website\",\"url\":\"https:\\\/\\\/akunq.net\\\/tr\\\/\",\"name\":\"Bati Ermenistan Ve Bati Ermenileri Sorunlari Ara\u015ftirmalar Merkezi\",\"description\":\"\",\"potentialAction\":[{\"@type\":\"SearchAction\",\"target\":{\"@type\":\"EntryPoint\",\"urlTemplate\":\"https:\\\/\\\/akunq.net\\\/tr\\\/?s={search_term_string}\"},\"query-input\":{\"@type\":\"PropertyValueSpecification\",\"valueRequired\":true,\"valueName\":\"search_term_string\"}}],\"inLanguage\":\"en-US\"},{\"@type\":\"Person\",\"@id\":\"https:\\\/\\\/akunq.net\\\/tr\\\/#\\\/schema\\\/person\\\/096f1d38a12cce57fb855b485ed24c9e\",\"name\":\"admin\",\"url\":\"https:\\\/\\\/akunq.net\\\/tr\\\/?author=7\"}]}<\/script>\n<!-- \/ Yoast SEO plugin. -->","yoast_head_json":{"title":"\"Bitmiyor matemimiz, \u00e7\u00fcnk\u00fc hala cenazemiz yerde\" - Bati Ermenistan Ve Bati Ermenileri Sorunlari Ara\u015ftirmalar Merkezi","robots":{"index":"index","follow":"follow","max-snippet":"max-snippet:-1","max-image-preview":"max-image-preview:large","max-video-preview":"max-video-preview:-1"},"canonical":"https:\/\/akunq.net\/tr\/?p=61083","og_locale":"en_US","og_type":"article","og_title":"\"Bitmiyor matemimiz, \u00e7\u00fcnk\u00fc hala cenazemiz yerde\" - Bati Ermenistan Ve Bati Ermenileri Sorunlari Ara\u015ftirmalar Merkezi","og_description":"Gazetemizin kurucusu ve genel yay\u0131n y\u00f6netmeni Hrant Dink katledili\u015finin 14. y\u0131l\u0131nda bu y\u0131la \u00f6zg\u00fc, pandemi ko\u015fullar\u0131 nedeniyle internet \u00fczerinden an\u0131ld\u0131. Geleneksel balkon konu\u015fmas\u0131n\u0131 Selahattin Demirta\u015f&#8217;\u0131n e\u015fi Ba\u015fak Demirta\u015f yapt\u0131 ve 23,5 Hrant Dink Haf\u0131za Mekan\u0131&#8217;ndan seslendi. Ba\u015fak Demirta\u015f&#8217;\u0131n konu\u015fma metnini sunuyoruz. Merhaba sevgili dostlar, g\u00fczel insanlar, karde\u015flerim. Asla kabullenmedi\u011fimiz, y\u0131llar ge\u00e7se de al\u0131\u015fmad\u0131\u011f\u0131m\u0131z, al\u0131\u015fmayaca\u011f\u0131m\u0131z, derin [&hellip;]","og_url":"https:\/\/akunq.net\/tr\/?p=61083","og_site_name":"Bati Ermenistan Ve Bati Ermenileri Sorunlari Ara\u015ftirmalar Merkezi","article_published_time":"2021-01-21T07:43:05+00:00","og_image":[{"width":1280,"height":720,"url":"https:\/\/akunq.net\/tr\/wp-content\/uploads\/sites\/6\/2021\/01\/\u054a\u0561\u0577\u0561\u0584-\u054f\u0565\u0574\u056b\u0580\u0569\u0561\u0577.jpeg","type":"image\/jpeg"}],"author":"admin","twitter_card":"summary_large_image","twitter_misc":{"Written by":"admin","Est. reading time":"7 minutes"},"schema":{"@context":"https:\/\/schema.org","@graph":[{"@type":"Article","@id":"https:\/\/akunq.net\/tr\/?p=61083#article","isPartOf":{"@id":"https:\/\/akunq.net\/tr\/?p=61083"},"author":{"name":"admin","@id":"https:\/\/akunq.net\/tr\/#\/schema\/person\/096f1d38a12cce57fb855b485ed24c9e"},"headline":"&#8220;Bitmiyor matemimiz, \u00e7\u00fcnk\u00fc hala cenazemiz yerde&#8221;","datePublished":"2021-01-21T07:43:05+00:00","mainEntityOfPage":{"@id":"https:\/\/akunq.net\/tr\/?p=61083"},"wordCount":1377,"commentCount":0,"image":{"@id":"https:\/\/akunq.net\/tr\/?p=61083#primaryimage"},"thumbnailUrl":"https:\/\/akunq.net\/tr\/wp-content\/uploads\/sites\/6\/2021\/01\/\u054a\u0561\u0577\u0561\u0584-\u054f\u0565\u0574\u056b\u0580\u0569\u0561\u0577.jpeg","articleSection":["Haberler"],"inLanguage":"en-US","potentialAction":[{"@type":"CommentAction","name":"Comment","target":["https:\/\/akunq.net\/tr\/?p=61083#respond"]}]},{"@type":"WebPage","@id":"https:\/\/akunq.net\/tr\/?p=61083","url":"https:\/\/akunq.net\/tr\/?p=61083","name":"\"Bitmiyor matemimiz, \u00e7\u00fcnk\u00fc hala cenazemiz yerde\" - Bati Ermenistan Ve Bati Ermenileri Sorunlari Ara\u015ftirmalar Merkezi","isPartOf":{"@id":"https:\/\/akunq.net\/tr\/#website"},"primaryImageOfPage":{"@id":"https:\/\/akunq.net\/tr\/?p=61083#primaryimage"},"image":{"@id":"https:\/\/akunq.net\/tr\/?p=61083#primaryimage"},"thumbnailUrl":"https:\/\/akunq.net\/tr\/wp-content\/uploads\/sites\/6\/2021\/01\/\u054a\u0561\u0577\u0561\u0584-\u054f\u0565\u0574\u056b\u0580\u0569\u0561\u0577.jpeg","datePublished":"2021-01-21T07:43:05+00:00","author":{"@id":"https:\/\/akunq.net\/tr\/#\/schema\/person\/096f1d38a12cce57fb855b485ed24c9e"},"breadcrumb":{"@id":"https:\/\/akunq.net\/tr\/?p=61083#breadcrumb"},"inLanguage":"en-US","potentialAction":[{"@type":"ReadAction","target":["https:\/\/akunq.net\/tr\/?p=61083"]}]},{"@type":"ImageObject","inLanguage":"en-US","@id":"https:\/\/akunq.net\/tr\/?p=61083#primaryimage","url":"https:\/\/akunq.net\/tr\/wp-content\/uploads\/sites\/6\/2021\/01\/\u054a\u0561\u0577\u0561\u0584-\u054f\u0565\u0574\u056b\u0580\u0569\u0561\u0577.jpeg","contentUrl":"https:\/\/akunq.net\/tr\/wp-content\/uploads\/sites\/6\/2021\/01\/\u054a\u0561\u0577\u0561\u0584-\u054f\u0565\u0574\u056b\u0580\u0569\u0561\u0577.jpeg","width":1280,"height":720},{"@type":"BreadcrumbList","@id":"https:\/\/akunq.net\/tr\/?p=61083#breadcrumb","itemListElement":[{"@type":"ListItem","position":1,"name":"Home","item":"https:\/\/akunq.net\/tr"},{"@type":"ListItem","position":2,"name":"&#8220;Bitmiyor matemimiz, \u00e7\u00fcnk\u00fc hala cenazemiz yerde&#8221;"}]},{"@type":"WebSite","@id":"https:\/\/akunq.net\/tr\/#website","url":"https:\/\/akunq.net\/tr\/","name":"Bati Ermenistan Ve Bati Ermenileri Sorunlari Ara\u015ftirmalar Merkezi","description":"","potentialAction":[{"@type":"SearchAction","target":{"@type":"EntryPoint","urlTemplate":"https:\/\/akunq.net\/tr\/?s={search_term_string}"},"query-input":{"@type":"PropertyValueSpecification","valueRequired":true,"valueName":"search_term_string"}}],"inLanguage":"en-US"},{"@type":"Person","@id":"https:\/\/akunq.net\/tr\/#\/schema\/person\/096f1d38a12cce57fb855b485ed24c9e","name":"admin","url":"https:\/\/akunq.net\/tr\/?author=7"}]}},"_links":{"self":[{"href":"https:\/\/akunq.net\/tr\/index.php?rest_route=\/wp\/v2\/posts\/61083","targetHints":{"allow":["GET"]}}],"collection":[{"href":"https:\/\/akunq.net\/tr\/index.php?rest_route=\/wp\/v2\/posts"}],"about":[{"href":"https:\/\/akunq.net\/tr\/index.php?rest_route=\/wp\/v2\/types\/post"}],"author":[{"embeddable":true,"href":"https:\/\/akunq.net\/tr\/index.php?rest_route=\/wp\/v2\/users\/7"}],"replies":[{"embeddable":true,"href":"https:\/\/akunq.net\/tr\/index.php?rest_route=%2Fwp%2Fv2%2Fcomments&post=61083"}],"version-history":[{"count":1,"href":"https:\/\/akunq.net\/tr\/index.php?rest_route=\/wp\/v2\/posts\/61083\/revisions"}],"predecessor-version":[{"id":61085,"href":"https:\/\/akunq.net\/tr\/index.php?rest_route=\/wp\/v2\/posts\/61083\/revisions\/61085"}],"wp:featuredmedia":[{"embeddable":true,"href":"https:\/\/akunq.net\/tr\/index.php?rest_route=\/wp\/v2\/media\/61084"}],"wp:attachment":[{"href":"https:\/\/akunq.net\/tr\/index.php?rest_route=%2Fwp%2Fv2%2Fmedia&parent=61083"}],"wp:term":[{"taxonomy":"category","embeddable":true,"href":"https:\/\/akunq.net\/tr\/index.php?rest_route=%2Fwp%2Fv2%2Fcategories&post=61083"},{"taxonomy":"post_tag","embeddable":true,"href":"https:\/\/akunq.net\/tr\/index.php?rest_route=%2Fwp%2Fv2%2Ftags&post=61083"}],"curies":[{"name":"wp","href":"https:\/\/api.w.org\/{rel}","templated":true}]}}