{"id":61080,"date":"2021-01-21T02:38:19","date_gmt":"2021-01-21T07:38:19","guid":{"rendered":"https:\/\/akunq.net\/tr\/?p=61080"},"modified":"2021-01-21T02:38:19","modified_gmt":"2021-01-21T07:38:19","slug":"kibris-baf-sehrinin-talatpasa-caddesinin-adi-ermeni-cemaatinin-talebiyle-degistirildi","status":"publish","type":"post","link":"https:\/\/akunq.net\/tr\/?p=61080","title":{"rendered":"K\u0131br\u0131s Baf \u015fehrinin Talatpa\u015fa caddesinin ad\u0131, Ermeni cemaatinin talebiyle de\u011fi\u015ftirildi"},"content":{"rendered":"<p><img loading=\"lazy\" decoding=\"async\" class=\"aligncenter size-medium wp-image-61081\" src=\"https:\/\/akunq.net\/tr\/wp-content\/uploads\/2021\/01\/K\u0131br\u0131s-Cumhuriyeti\u2019nin-Baf-\u015fehri-360x242.jpg\" alt=\"\" width=\"360\" height=\"242\" srcset=\"https:\/\/akunq.net\/tr\/wp-content\/uploads\/sites\/6\/2021\/01\/K\u0131br\u0131s-Cumhuriyeti\u2019nin-Baf-\u015fehri-360x242.jpg 360w, https:\/\/akunq.net\/tr\/wp-content\/uploads\/sites\/6\/2021\/01\/K\u0131br\u0131s-Cumhuriyeti\u2019nin-Baf-\u015fehri-560x376.jpg 560w, https:\/\/akunq.net\/tr\/wp-content\/uploads\/sites\/6\/2021\/01\/K\u0131br\u0131s-Cumhuriyeti\u2019nin-Baf-\u015fehri-260x175.jpg 260w, https:\/\/akunq.net\/tr\/wp-content\/uploads\/sites\/6\/2021\/01\/K\u0131br\u0131s-Cumhuriyeti\u2019nin-Baf-\u015fehri-160x107.jpg 160w, https:\/\/akunq.net\/tr\/wp-content\/uploads\/sites\/6\/2021\/01\/K\u0131br\u0131s-Cumhuriyeti\u2019nin-Baf-\u015fehri.jpg 670w\" sizes=\"auto, (max-width: 360px) 100vw, 360px\" \/><\/p>\n<p><em><strong>K\u0131br\u0131s Cumhuriyeti\u2019nin Baf \u015fehrinin, Ermeni Soyk\u0131r\u0131m\u0131n\u0131n ba\u015f mimarlar\u0131ndan Talat Pa\u015fa\u2019n\u0131n ad\u0131n\u0131 ta\u015f\u0131yan soka\u011f\u0131n ismi Baf (Pafhos) Ermeni cemaatinin tapebiyle de\u011fi\u015ftirildi. Baf belediye Meclisinin verdi\u011fi karar\u0131yla s\u00f6z konusu sokak art\u0131k Adalet ismini ta\u015f\u0131yacak.<\/strong><\/em><\/p>\n<p>Baf Belediye Ba\u015fkan\u0131 ve Belediye Meclisine te\u015fekk\u00fcr eden K\u0131br\u0131s Ermeni Ulusal Komitesi\u2019nin (Ermeni Davas\u0131) yapt\u0131\u011f\u0131 a\u00e7\u0131klamada \u201c<\/p>\n<p>Komisyonumuz, ilk kez 14 Temmuz 2020 tarihli toplant\u0131s\u0131nda konuyu de\u011ferlendirip Ermeni Soyk\u0131r\u0131m\u0131\u2019n\u0131 d\u00fczenleyen cellat\u0131n ad\u0131n\u0131n b\u00f6yle onurland\u0131r\u0131lmas\u0131n\u0131 a\u015fa\u011f\u0131lay\u0131c\u0131 bulmu\u015ftu.<\/p>\n<p>Ayr\u0131ca, Ermeni Soyk\u0131r\u0131m\u0131\u2019n\u0131n 100. y\u0131ld\u00f6n\u00fcm\u00fc vesilesiyle K\u0131br\u0131s Parlamentosu, Soyk\u0131r\u0131m\u2019\u0131n inkar\u0131n\u0131 su\u00e7 sayan bir tasar\u0131y\u0131 onaylam\u0131\u015ft\u015f. Bu kararla birlikte, T\u00fcrk soyk\u0131r\u0131mc\u0131n\u0131n onurland\u0131r\u0131lmas\u0131 durumunu yasal platforma ta\u015f\u0131nm\u0131\u015f oluyordu.<\/p>\n<p>Ve bug\u00fcn, hepimizin hayalimize ula\u015ft\u0131\u011f\u0131n\u0131 duyurmaktan mutluluk duyuyoruz. Baf Belediye Ba\u015fkan\u0131 Sn. Feton Fetonos\u2019u, Teredd\u00fct etmeden adaleti yerine getirdi\u011fi i\u00e7in te\u015fekk\u00fcrlerimizi sunuyoruz.\u201d<\/p>\n<p><em><strong><a href=\"https:\/\/www.ermenihaber.am\/tr\/news\/2021\/01\/20\/K%C4%B1br%C4%B1s-Talatpa%C5%9Fa-Ermeni\/200893\" target=\"_blank\" rel=\"noopener noreferrer\">ERMEN\u0130 HABER AJANSI<\/a><\/strong><\/em><\/p>\n","protected":false},"excerpt":{"rendered":"<p>K\u0131br\u0131s Cumhuriyeti\u2019nin Baf \u015fehrinin, Ermeni Soyk\u0131r\u0131m\u0131n\u0131n ba\u015f mimarlar\u0131ndan Talat Pa\u015fa\u2019n\u0131n ad\u0131n\u0131 ta\u015f\u0131yan soka\u011f\u0131n ismi Baf (Pafhos) Ermeni cemaatinin tapebiyle de\u011fi\u015ftirildi. Baf belediye Meclisinin verdi\u011fi karar\u0131yla s\u00f6z konusu sokak art\u0131k Adalet ismini ta\u015f\u0131yacak. Baf Belediye Ba\u015fkan\u0131 ve Belediye Meclisine te\u015fekk\u00fcr eden K\u0131br\u0131s Ermeni Ulusal Komitesi\u2019nin (Ermeni Davas\u0131) yapt\u0131\u011f\u0131 a\u00e7\u0131klamada \u201c Komisyonumuz, ilk kez 14 Temmuz 2020 [&hellip;]<\/p>\n","protected":false},"author":7,"featured_media":61081,"comment_status":"open","ping_status":"open","sticky":false,"template":"","format":"standard","meta":{"footnotes":""},"categories":[1],"tags":[],"class_list":["post-61080","post","type-post","status-publish","format-standard","has-post-thumbnail","hentry","category-haberler"],"yoast_head":"<!-- This site is optimized with the Yoast SEO plugin v27.4 - https:\/\/yoast.com\/product\/yoast-seo-wordpress\/ -->\n<title>K\u0131br\u0131s Baf \u015fehrinin Talatpa\u015fa caddesinin ad\u0131, Ermeni cemaatinin talebiyle de\u011fi\u015ftirildi - Bati Ermenistan Ve Bati Ermenileri Sorunlari Ara\u015ftirmalar Merkezi<\/title>\n<meta name=\"robots\" content=\"index, follow, max-snippet:-1, max-image-preview:large, max-video-preview:-1\" \/>\n<link rel=\"canonical\" href=\"https:\/\/akunq.net\/tr\/?p=61080\" \/>\n<meta property=\"og:locale\" content=\"en_US\" \/>\n<meta property=\"og:type\" content=\"article\" \/>\n<meta property=\"og:title\" content=\"K\u0131br\u0131s Baf \u015fehrinin Talatpa\u015fa caddesinin ad\u0131, Ermeni cemaatinin talebiyle de\u011fi\u015ftirildi - Bati Ermenistan Ve Bati Ermenileri Sorunlari Ara\u015ftirmalar Merkezi\" \/>\n<meta property=\"og:description\" content=\"K\u0131br\u0131s Cumhuriyeti\u2019nin Baf \u015fehrinin, Ermeni Soyk\u0131r\u0131m\u0131n\u0131n ba\u015f mimarlar\u0131ndan Talat Pa\u015fa\u2019n\u0131n ad\u0131n\u0131 ta\u015f\u0131yan soka\u011f\u0131n ismi Baf (Pafhos) Ermeni cemaatinin tapebiyle de\u011fi\u015ftirildi. Baf belediye Meclisinin verdi\u011fi karar\u0131yla s\u00f6z konusu sokak art\u0131k Adalet ismini ta\u015f\u0131yacak. Baf Belediye Ba\u015fkan\u0131 ve Belediye Meclisine te\u015fekk\u00fcr eden K\u0131br\u0131s Ermeni Ulusal Komitesi\u2019nin (Ermeni Davas\u0131) yapt\u0131\u011f\u0131 a\u00e7\u0131klamada \u201c Komisyonumuz, ilk kez 14 Temmuz 2020 [&hellip;]\" \/>\n<meta property=\"og:url\" content=\"https:\/\/akunq.net\/tr\/?p=61080\" \/>\n<meta property=\"og:site_name\" content=\"Bati Ermenistan Ve Bati Ermenileri Sorunlari Ara\u015ftirmalar Merkezi\" \/>\n<meta property=\"article:published_time\" content=\"2021-01-21T07:38:19+00:00\" \/>\n<meta property=\"og:image\" content=\"https:\/\/akunq.net\/tr\/wp-content\/uploads\/sites\/6\/2021\/01\/K\u0131br\u0131s-Cumhuriyeti\u2019nin-Baf-\u015fehri.jpg\" \/>\n\t<meta property=\"og:image:width\" content=\"670\" \/>\n\t<meta property=\"og:image:height\" content=\"450\" \/>\n\t<meta property=\"og:image:type\" content=\"image\/jpeg\" \/>\n<meta name=\"author\" content=\"admin\" \/>\n<meta name=\"twitter:card\" content=\"summary_large_image\" \/>\n<meta name=\"twitter:label1\" content=\"Written by\" \/>\n\t<meta name=\"twitter:data1\" content=\"admin\" \/>\n\t<meta name=\"twitter:label2\" content=\"Est. reading time\" \/>\n\t<meta name=\"twitter:data2\" content=\"1 minute\" \/>\n<script type=\"application\/ld+json\" class=\"yoast-schema-graph\">{\"@context\":\"https:\\\/\\\/schema.org\",\"@graph\":[{\"@type\":\"Article\",\"@id\":\"https:\\\/\\\/akunq.net\\\/tr\\\/?p=61080#article\",\"isPartOf\":{\"@id\":\"https:\\\/\\\/akunq.net\\\/tr\\\/?p=61080\"},\"author\":{\"name\":\"admin\",\"@id\":\"https:\\\/\\\/akunq.net\\\/tr\\\/#\\\/schema\\\/person\\\/096f1d38a12cce57fb855b485ed24c9e\"},\"headline\":\"K\u0131br\u0131s Baf \u015fehrinin Talatpa\u015fa caddesinin ad\u0131, Ermeni cemaatinin talebiyle de\u011fi\u015ftirildi\",\"datePublished\":\"2021-01-21T07:38:19+00:00\",\"mainEntityOfPage\":{\"@id\":\"https:\\\/\\\/akunq.net\\\/tr\\\/?p=61080\"},\"wordCount\":210,\"commentCount\":0,\"image\":{\"@id\":\"https:\\\/\\\/akunq.net\\\/tr\\\/?p=61080#primaryimage\"},\"thumbnailUrl\":\"https:\\\/\\\/akunq.net\\\/tr\\\/wp-content\\\/uploads\\\/sites\\\/6\\\/2021\\\/01\\\/K\u0131br\u0131s-Cumhuriyeti\u2019nin-Baf-\u015fehri.jpg\",\"articleSection\":[\"Haberler\"],\"inLanguage\":\"en-US\",\"potentialAction\":[{\"@type\":\"CommentAction\",\"name\":\"Comment\",\"target\":[\"https:\\\/\\\/akunq.net\\\/tr\\\/?p=61080#respond\"]}]},{\"@type\":\"WebPage\",\"@id\":\"https:\\\/\\\/akunq.net\\\/tr\\\/?p=61080\",\"url\":\"https:\\\/\\\/akunq.net\\\/tr\\\/?p=61080\",\"name\":\"K\u0131br\u0131s Baf \u015fehrinin Talatpa\u015fa caddesinin ad\u0131, Ermeni cemaatinin talebiyle de\u011fi\u015ftirildi - Bati Ermenistan Ve Bati Ermenileri Sorunlari Ara\u015ftirmalar Merkezi\",\"isPartOf\":{\"@id\":\"https:\\\/\\\/akunq.net\\\/tr\\\/#website\"},\"primaryImageOfPage\":{\"@id\":\"https:\\\/\\\/akunq.net\\\/tr\\\/?p=61080#primaryimage\"},\"image\":{\"@id\":\"https:\\\/\\\/akunq.net\\\/tr\\\/?p=61080#primaryimage\"},\"thumbnailUrl\":\"https:\\\/\\\/akunq.net\\\/tr\\\/wp-content\\\/uploads\\\/sites\\\/6\\\/2021\\\/01\\\/K\u0131br\u0131s-Cumhuriyeti\u2019nin-Baf-\u015fehri.jpg\",\"datePublished\":\"2021-01-21T07:38:19+00:00\",\"author\":{\"@id\":\"https:\\\/\\\/akunq.net\\\/tr\\\/#\\\/schema\\\/person\\\/096f1d38a12cce57fb855b485ed24c9e\"},\"breadcrumb\":{\"@id\":\"https:\\\/\\\/akunq.net\\\/tr\\\/?p=61080#breadcrumb\"},\"inLanguage\":\"en-US\",\"potentialAction\":[{\"@type\":\"ReadAction\",\"target\":[\"https:\\\/\\\/akunq.net\\\/tr\\\/?p=61080\"]}]},{\"@type\":\"ImageObject\",\"inLanguage\":\"en-US\",\"@id\":\"https:\\\/\\\/akunq.net\\\/tr\\\/?p=61080#primaryimage\",\"url\":\"https:\\\/\\\/akunq.net\\\/tr\\\/wp-content\\\/uploads\\\/sites\\\/6\\\/2021\\\/01\\\/K\u0131br\u0131s-Cumhuriyeti\u2019nin-Baf-\u015fehri.jpg\",\"contentUrl\":\"https:\\\/\\\/akunq.net\\\/tr\\\/wp-content\\\/uploads\\\/sites\\\/6\\\/2021\\\/01\\\/K\u0131br\u0131s-Cumhuriyeti\u2019nin-Baf-\u015fehri.jpg\",\"width\":670,\"height\":450},{\"@type\":\"BreadcrumbList\",\"@id\":\"https:\\\/\\\/akunq.net\\\/tr\\\/?p=61080#breadcrumb\",\"itemListElement\":[{\"@type\":\"ListItem\",\"position\":1,\"name\":\"Home\",\"item\":\"https:\\\/\\\/akunq.net\\\/tr\"},{\"@type\":\"ListItem\",\"position\":2,\"name\":\"K\u0131br\u0131s Baf \u015fehrinin Talatpa\u015fa caddesinin ad\u0131, Ermeni cemaatinin talebiyle de\u011fi\u015ftirildi\"}]},{\"@type\":\"WebSite\",\"@id\":\"https:\\\/\\\/akunq.net\\\/tr\\\/#website\",\"url\":\"https:\\\/\\\/akunq.net\\\/tr\\\/\",\"name\":\"Bati Ermenistan Ve Bati Ermenileri Sorunlari Ara\u015ftirmalar Merkezi\",\"description\":\"\",\"potentialAction\":[{\"@type\":\"SearchAction\",\"target\":{\"@type\":\"EntryPoint\",\"urlTemplate\":\"https:\\\/\\\/akunq.net\\\/tr\\\/?s={search_term_string}\"},\"query-input\":{\"@type\":\"PropertyValueSpecification\",\"valueRequired\":true,\"valueName\":\"search_term_string\"}}],\"inLanguage\":\"en-US\"},{\"@type\":\"Person\",\"@id\":\"https:\\\/\\\/akunq.net\\\/tr\\\/#\\\/schema\\\/person\\\/096f1d38a12cce57fb855b485ed24c9e\",\"name\":\"admin\",\"url\":\"https:\\\/\\\/akunq.net\\\/tr\\\/?author=7\"}]}<\/script>\n<!-- \/ Yoast SEO plugin. -->","yoast_head_json":{"title":"K\u0131br\u0131s Baf \u015fehrinin Talatpa\u015fa caddesinin ad\u0131, Ermeni cemaatinin talebiyle de\u011fi\u015ftirildi - Bati Ermenistan Ve Bati Ermenileri Sorunlari Ara\u015ftirmalar Merkezi","robots":{"index":"index","follow":"follow","max-snippet":"max-snippet:-1","max-image-preview":"max-image-preview:large","max-video-preview":"max-video-preview:-1"},"canonical":"https:\/\/akunq.net\/tr\/?p=61080","og_locale":"en_US","og_type":"article","og_title":"K\u0131br\u0131s Baf \u015fehrinin Talatpa\u015fa caddesinin ad\u0131, Ermeni cemaatinin talebiyle de\u011fi\u015ftirildi - Bati Ermenistan Ve Bati Ermenileri Sorunlari Ara\u015ftirmalar Merkezi","og_description":"K\u0131br\u0131s Cumhuriyeti\u2019nin Baf \u015fehrinin, Ermeni Soyk\u0131r\u0131m\u0131n\u0131n ba\u015f mimarlar\u0131ndan Talat Pa\u015fa\u2019n\u0131n ad\u0131n\u0131 ta\u015f\u0131yan soka\u011f\u0131n ismi Baf (Pafhos) Ermeni cemaatinin tapebiyle de\u011fi\u015ftirildi. Baf belediye Meclisinin verdi\u011fi karar\u0131yla s\u00f6z konusu sokak art\u0131k Adalet ismini ta\u015f\u0131yacak. Baf Belediye Ba\u015fkan\u0131 ve Belediye Meclisine te\u015fekk\u00fcr eden K\u0131br\u0131s Ermeni Ulusal Komitesi\u2019nin (Ermeni Davas\u0131) yapt\u0131\u011f\u0131 a\u00e7\u0131klamada \u201c Komisyonumuz, ilk kez 14 Temmuz 2020 [&hellip;]","og_url":"https:\/\/akunq.net\/tr\/?p=61080","og_site_name":"Bati Ermenistan Ve Bati Ermenileri Sorunlari Ara\u015ftirmalar Merkezi","article_published_time":"2021-01-21T07:38:19+00:00","og_image":[{"width":670,"height":450,"url":"https:\/\/akunq.net\/tr\/wp-content\/uploads\/sites\/6\/2021\/01\/K\u0131br\u0131s-Cumhuriyeti\u2019nin-Baf-\u015fehri.jpg","type":"image\/jpeg"}],"author":"admin","twitter_card":"summary_large_image","twitter_misc":{"Written by":"admin","Est. reading time":"1 minute"},"schema":{"@context":"https:\/\/schema.org","@graph":[{"@type":"Article","@id":"https:\/\/akunq.net\/tr\/?p=61080#article","isPartOf":{"@id":"https:\/\/akunq.net\/tr\/?p=61080"},"author":{"name":"admin","@id":"https:\/\/akunq.net\/tr\/#\/schema\/person\/096f1d38a12cce57fb855b485ed24c9e"},"headline":"K\u0131br\u0131s Baf \u015fehrinin Talatpa\u015fa caddesinin ad\u0131, Ermeni cemaatinin talebiyle de\u011fi\u015ftirildi","datePublished":"2021-01-21T07:38:19+00:00","mainEntityOfPage":{"@id":"https:\/\/akunq.net\/tr\/?p=61080"},"wordCount":210,"commentCount":0,"image":{"@id":"https:\/\/akunq.net\/tr\/?p=61080#primaryimage"},"thumbnailUrl":"https:\/\/akunq.net\/tr\/wp-content\/uploads\/sites\/6\/2021\/01\/K\u0131br\u0131s-Cumhuriyeti\u2019nin-Baf-\u015fehri.jpg","articleSection":["Haberler"],"inLanguage":"en-US","potentialAction":[{"@type":"CommentAction","name":"Comment","target":["https:\/\/akunq.net\/tr\/?p=61080#respond"]}]},{"@type":"WebPage","@id":"https:\/\/akunq.net\/tr\/?p=61080","url":"https:\/\/akunq.net\/tr\/?p=61080","name":"K\u0131br\u0131s Baf \u015fehrinin Talatpa\u015fa caddesinin ad\u0131, Ermeni cemaatinin talebiyle de\u011fi\u015ftirildi - Bati Ermenistan Ve Bati Ermenileri Sorunlari Ara\u015ftirmalar Merkezi","isPartOf":{"@id":"https:\/\/akunq.net\/tr\/#website"},"primaryImageOfPage":{"@id":"https:\/\/akunq.net\/tr\/?p=61080#primaryimage"},"image":{"@id":"https:\/\/akunq.net\/tr\/?p=61080#primaryimage"},"thumbnailUrl":"https:\/\/akunq.net\/tr\/wp-content\/uploads\/sites\/6\/2021\/01\/K\u0131br\u0131s-Cumhuriyeti\u2019nin-Baf-\u015fehri.jpg","datePublished":"2021-01-21T07:38:19+00:00","author":{"@id":"https:\/\/akunq.net\/tr\/#\/schema\/person\/096f1d38a12cce57fb855b485ed24c9e"},"breadcrumb":{"@id":"https:\/\/akunq.net\/tr\/?p=61080#breadcrumb"},"inLanguage":"en-US","potentialAction":[{"@type":"ReadAction","target":["https:\/\/akunq.net\/tr\/?p=61080"]}]},{"@type":"ImageObject","inLanguage":"en-US","@id":"https:\/\/akunq.net\/tr\/?p=61080#primaryimage","url":"https:\/\/akunq.net\/tr\/wp-content\/uploads\/sites\/6\/2021\/01\/K\u0131br\u0131s-Cumhuriyeti\u2019nin-Baf-\u015fehri.jpg","contentUrl":"https:\/\/akunq.net\/tr\/wp-content\/uploads\/sites\/6\/2021\/01\/K\u0131br\u0131s-Cumhuriyeti\u2019nin-Baf-\u015fehri.jpg","width":670,"height":450},{"@type":"BreadcrumbList","@id":"https:\/\/akunq.net\/tr\/?p=61080#breadcrumb","itemListElement":[{"@type":"ListItem","position":1,"name":"Home","item":"https:\/\/akunq.net\/tr"},{"@type":"ListItem","position":2,"name":"K\u0131br\u0131s Baf \u015fehrinin Talatpa\u015fa caddesinin ad\u0131, Ermeni cemaatinin talebiyle de\u011fi\u015ftirildi"}]},{"@type":"WebSite","@id":"https:\/\/akunq.net\/tr\/#website","url":"https:\/\/akunq.net\/tr\/","name":"Bati Ermenistan Ve Bati Ermenileri Sorunlari Ara\u015ftirmalar Merkezi","description":"","potentialAction":[{"@type":"SearchAction","target":{"@type":"EntryPoint","urlTemplate":"https:\/\/akunq.net\/tr\/?s={search_term_string}"},"query-input":{"@type":"PropertyValueSpecification","valueRequired":true,"valueName":"search_term_string"}}],"inLanguage":"en-US"},{"@type":"Person","@id":"https:\/\/akunq.net\/tr\/#\/schema\/person\/096f1d38a12cce57fb855b485ed24c9e","name":"admin","url":"https:\/\/akunq.net\/tr\/?author=7"}]}},"_links":{"self":[{"href":"https:\/\/akunq.net\/tr\/index.php?rest_route=\/wp\/v2\/posts\/61080","targetHints":{"allow":["GET"]}}],"collection":[{"href":"https:\/\/akunq.net\/tr\/index.php?rest_route=\/wp\/v2\/posts"}],"about":[{"href":"https:\/\/akunq.net\/tr\/index.php?rest_route=\/wp\/v2\/types\/post"}],"author":[{"embeddable":true,"href":"https:\/\/akunq.net\/tr\/index.php?rest_route=\/wp\/v2\/users\/7"}],"replies":[{"embeddable":true,"href":"https:\/\/akunq.net\/tr\/index.php?rest_route=%2Fwp%2Fv2%2Fcomments&post=61080"}],"version-history":[{"count":1,"href":"https:\/\/akunq.net\/tr\/index.php?rest_route=\/wp\/v2\/posts\/61080\/revisions"}],"predecessor-version":[{"id":61082,"href":"https:\/\/akunq.net\/tr\/index.php?rest_route=\/wp\/v2\/posts\/61080\/revisions\/61082"}],"wp:featuredmedia":[{"embeddable":true,"href":"https:\/\/akunq.net\/tr\/index.php?rest_route=\/wp\/v2\/media\/61081"}],"wp:attachment":[{"href":"https:\/\/akunq.net\/tr\/index.php?rest_route=%2Fwp%2Fv2%2Fmedia&parent=61080"}],"wp:term":[{"taxonomy":"category","embeddable":true,"href":"https:\/\/akunq.net\/tr\/index.php?rest_route=%2Fwp%2Fv2%2Fcategories&post=61080"},{"taxonomy":"post_tag","embeddable":true,"href":"https:\/\/akunq.net\/tr\/index.php?rest_route=%2Fwp%2Fv2%2Ftags&post=61080"}],"curies":[{"name":"wp","href":"https:\/\/api.w.org\/{rel}","templated":true}]}}