{"id":61068,"date":"2021-01-20T04:56:21","date_gmt":"2021-01-20T09:56:21","guid":{"rendered":"https:\/\/akunq.net\/tr\/?p=61068"},"modified":"2021-01-20T04:56:21","modified_gmt":"2021-01-20T09:56:21","slug":"hrant-dink-cesitli-illerde-anildi-adalet-talebi-haykirildi","status":"publish","type":"post","link":"https:\/\/akunq.net\/tr\/?p=61068","title":{"rendered":"Hrant Dink \u00e7e\u015fitli illerde an\u0131ld\u0131, adalet talebi hayk\u0131r\u0131ld\u0131"},"content":{"rendered":"<p><img loading=\"lazy\" decoding=\"async\" class=\"aligncenter size-medium wp-image-61069\" src=\"https:\/\/akunq.net\/tr\/wp-content\/uploads\/2021\/01\/Dink-7-360x240.jpg\" alt=\"\" width=\"360\" height=\"240\" srcset=\"https:\/\/akunq.net\/tr\/wp-content\/uploads\/sites\/6\/2021\/01\/Dink-7-360x240.jpg 360w, https:\/\/akunq.net\/tr\/wp-content\/uploads\/sites\/6\/2021\/01\/Dink-7-768x512.jpg 768w, https:\/\/akunq.net\/tr\/wp-content\/uploads\/sites\/6\/2021\/01\/Dink-7-560x373.jpg 560w, https:\/\/akunq.net\/tr\/wp-content\/uploads\/sites\/6\/2021\/01\/Dink-7-260x173.jpg 260w, https:\/\/akunq.net\/tr\/wp-content\/uploads\/sites\/6\/2021\/01\/Dink-7-160x107.jpg 160w, https:\/\/akunq.net\/tr\/wp-content\/uploads\/sites\/6\/2021\/01\/Dink-7.jpg 840w\" sizes=\"auto, (max-width: 360px) 100vw, 360px\" \/><\/p>\n<p><em><strong>Agos Gazetesi Genel Yay\u0131n Y\u00f6netmeni Hrant Dink, katledili\u015finin 14\u2019\u00fcnc\u00fc y\u0131l\u0131nda Anadolu\u2019nun \u00e7e\u015fitli kentlerinde an\u0131ld\u0131. Anmalarda adalet talebi hayk\u0131r\u0131ld\u0131 ve karde\u015flik sloganlar\u0131 at\u0131ld\u0131.<\/strong><\/em><\/p>\n<p>Agos Gazetesi Genel Yay\u0131n Y\u00f6netmeni, yazar, Ermeni ayd\u0131n\u0131 Hrant Dink, katledili\u015finin 14\u2019\u00fcnc\u00fc y\u0131l\u0131nda Anadolu\u2019nun \u00e7e\u015fitli kentlerinde an\u0131ld\u0131. D\u00fczenlenen anma t\u00f6renlerinde \u201cFa\u015fizme inat karde\u015fimsin Hrant\u201d sloganlar\u0131 at\u0131ld\u0131, adalet talebi hayk\u0131r\u0131ld\u0131.<\/p>\n<p>D\u00fczenlenen eylemlerden \u00f6ne \u00e7\u0131kanlar \u015f\u00f6yle:<\/p>\n<p><strong>\u0130ZM\u0130R: \u201cADALET \u0130\u00c7\u0130N M\u00dcCADELEY\u0130 Y\u00dcKSELTECE\u011e\u0130Z\u201d<\/strong><\/p>\n<p>\u0130zmir Emek ve Demokrasiye G\u00fc\u00e7leri, Alsancak T\u00fcrkan Saylan K\u00fclt\u00fcr Merkezi \u00f6n\u00fcnde d\u00fczenledikleri eylemde Hrant Dink\u2019i and\u0131.<\/p>\n<p>\u201cFa\u015fizme inat karde\u015fimsin Hrant\u201d, \u201cFa\u015fizme kar\u015f\u0131 omuz omuza\u201d sloganlar\u0131 at\u0131lan eylemde bas\u0131n a\u00e7\u0131klamas\u0131 okuyan E\u011fitim Sen \u0130zmir 1 No\u2019lu \u015eube Ba\u015fkan\u0131 Necip Vardal, dava s\u00fcrecine de\u011finerek, \u201cBu davada gelecek adalet, basit bir ceza karar\u0131 olmayacakt\u0131r. Bekledi\u011fimiz adalet, halklar\u0131n e\u015fitli\u011fini ve karde\u015fli\u011fini, demokrasiyi, \u00f6zg\u00fcrl\u00fc\u011f\u00fc bu topraklarda yeniden ye\u015fertecektir. Dolay\u0131s\u0131yla bu davan\u0131n 14 y\u0131ld\u0131r s\u00fcr\u00fcncemede kalmas\u0131n\u0131n nedeni, adaletin, muktedirleri yerinden edecek g\u00fcce sahip olmas\u0131nda yatmaktad\u0131r\u201d dedi.<\/p>\n<p>U\u011fur Mumcu, Hrant Dink, Musa Anter, Metin G\u00f6ktepe gibi onlarca cinayetin arkas\u0131ndaki g\u00fc\u00e7ler a\u00e7\u0131\u011fa \u00e7\u0131kar\u0131lmadan, bu konuda samimi bir hesapla\u015fma ve y\u00fczle\u015fme ya\u015fanmadan bu kara lekelerin tarihimizden asla silinmeyece\u011fini vurgulayan Vardal, \u201cHalklar\u0131n bir arada karde\u015f\u00e7e ya\u015famas\u0131na y\u00f6nelik \u0131rk\u00e7\u0131 ve fa\u015fist y\u00f6nelimlerin devrede oldu\u011fu b\u00f6yle bir d\u00f6nemde bizler hak ve hakikat aray\u0131\u015f\u0131nda Hrant i\u00e7in, adalet i\u00e7in m\u00fccadeleyi y\u00fckseltmeye devam edece\u011fiz\u201d diye konu\u015ftu.<\/p>\n<p><strong>ESK\u0130\u015eEH\u0130R: \u201c\u0130KT\u0130DAR DO\u011eRUDAN SORUMLUDUR\u201d<\/strong><\/p>\n<p>Hrant Dink, Eski\u015fehir\u2019de Adalar Migros \u00f6n\u00fcnde d\u00fczenlenen bas\u0131n a\u00e7\u0131klamas\u0131yla an\u0131ld\u0131.<\/p>\n<p>Eski\u015fehir Demokrasi G\u00fc\u00e7leri taraf\u0131ndan ger\u00e7ekle\u015ftirilen a\u00e7\u0131klamada, cinayetin h\u00e2l\u00e2 ayd\u0131nlat\u0131lmad\u0131\u011f\u0131na dikkat \u00e7ekilerek cinayete g\u00f6z yumanlar\u0131n, arkas\u0131ndaki g\u00fc\u00e7lerin a\u00e7\u0131\u011fa \u00e7\u0131kar\u0131lmad\u0131\u011f\u0131 dile getirildi.<\/p>\n<p>Bas\u0131n a\u00e7\u0131klamas\u0131n\u0131 okuyan \u015e\u00fckriye Ercan, \u201cBa\u015fta M\u0130T ve Genelkurmay olmak \u00fczere polis, asker, yarg\u0131, b\u00fcrokrasi, dolay\u0131s\u0131yla da t\u00fcm bu devlet kurumlar\u0131n\u0131n ba\u011fl\u0131 oldu\u011fu siyasi iktidar, Hrant\u2019\u0131n hedef haline getirilmesinde, \u00f6ld\u00fcr\u00fclmesinde, \u00f6ld\u00fcr\u00fcld\u00fckten sonra faillerin \u00fczerinin \u00f6rt\u00fclmesinde do\u011frudan sorumludur\u201d dedi.<\/p>\n<p>19 Ocak\u2019\u0131n son 14 y\u0131ld\u0131r bir y\u00fczle\u015fme \u00e7a\u011fr\u0131s\u0131 oldu\u011funu belirtilen Ercan, \u201cBu dava, bu y\u00fczle\u015fmenin de davas\u0131 oldu\u011fu i\u00e7in h\u0131zland\u0131r\u0131lm\u0131\u015f mahkeme karar\u0131yla bitirilemez. Hrant\u2019\u0131n ger\u00e7ek katillerinin a\u00e7\u0131\u011fa \u00e7\u0131kar\u0131lmas\u0131, bar\u0131\u015f i\u00e7erisinde ya\u015faman\u0131n, daha g\u00fczel ve daha \u00f6zg\u00fcr bir T\u00fcrkiye\u2019nin gere\u011fidir\u201d ifadelerini kulland\u0131.<\/p>\n<p><strong>MALATYA: \u201cGER\u00c7EK B\u0130R Y\u00dcZLE\u015eME SA\u011eLANANA KADAR M\u00dcCADELEM\u0130Z\u0130 S\u00dcRD\u00dcRECE\u011e\u0130Z\u201d<\/strong><\/p>\n<p>Malatya\u2019da \u0130nsan Haklar\u0131 Derne\u011finin \u00e7a\u011fr\u0131s\u0131yla Hrant Dink\u2019in do\u011fdu\u011fu evin \u00f6n\u00fcnde anma t\u00f6reni ve bas\u0131n a\u00e7\u0131klamas\u0131 d\u00fczenledi. Anmaya EMEP, KESK, HDP, \u00d6DP, ESP ve Pir Sultan Abdal k\u00fclt\u00fcr Derne\u011fi kat\u0131ld\u0131.<\/p>\n<p>\u0130HD ad\u0131na a\u00e7\u0131klamay\u0131 okuyan Mehmet Tuncel, sorumlulular\u0131n h\u00e2l\u00e2 ortaya \u00e7\u0131kar\u0131lmad\u0131\u011f\u0131n\u0131 vurgulad\u0131. Tuncel, \u201cSorumlular\u0131n korunmas\u0131n\u0131n nedeni bu konuda ba\u011f\u0131ms\u0131z, etkili ve kapsaml\u0131 soru\u015fturman\u0131n y\u00fcr\u00fct\u00fclememesi, yani uygulanan cezas\u0131zl\u0131k politikas\u0131d\u0131r. \u0130nsan haklar\u0131 savunucusu olarak cezas\u0131zl\u0131k politikas\u0131na hay\u0131r diyoruz\u201d dedi.<\/p>\n<p>H\u0131rant Dink\u2019in m\u00fccadelesinin s\u00fcrd\u00fcreceklerini ifade eden Tuncel, \u201cH\u0131rant Dink\u2019in m\u00fccadelesi ya\u015fam\u0131n her alan\u0131nda var olmaya devam edecek. O her g\u00fcn, her hak ve adalet aray\u0131\u015f\u0131nda, her demokrasi aray\u0131\u015f\u0131nda, her demokrasi ve \u00f6zg\u00fcrl\u00fck m\u00fccadelesinde yan\u0131 ba\u015f\u0131m\u0131za konan bar\u0131\u015f g\u00fcvercini olmay\u0131 s\u00fcrd\u00fcrecek. Bizler insan haklar\u0131 savunucular\u0131 olarak \u00fclkemizde ge\u00e7mi\u015fle ger\u00e7ek bir y\u00fczle\u015fme sa\u011flanana kadar m\u00fccadelemizi s\u00fcrd\u00fcrece\u011fiz\u201d mesaj\u0131n\u0131 verdi.<\/p>\n<p><em><strong>https:\/\/www.evrensel.net\/haber\/423938\/hrant-dink-cesitli-illerde-anildi-adalet-talebi-haykirildi\u00a0<\/strong><\/em><\/p>\n","protected":false},"excerpt":{"rendered":"<p>Agos Gazetesi Genel Yay\u0131n Y\u00f6netmeni Hrant Dink, katledili\u015finin 14\u2019\u00fcnc\u00fc y\u0131l\u0131nda Anadolu\u2019nun \u00e7e\u015fitli kentlerinde an\u0131ld\u0131. Anmalarda adalet talebi hayk\u0131r\u0131ld\u0131 ve karde\u015flik sloganlar\u0131 at\u0131ld\u0131. Agos Gazetesi Genel Yay\u0131n Y\u00f6netmeni, yazar, Ermeni ayd\u0131n\u0131 Hrant Dink, katledili\u015finin 14\u2019\u00fcnc\u00fc y\u0131l\u0131nda Anadolu\u2019nun \u00e7e\u015fitli kentlerinde an\u0131ld\u0131. D\u00fczenlenen anma t\u00f6renlerinde \u201cFa\u015fizme inat karde\u015fimsin Hrant\u201d sloganlar\u0131 at\u0131ld\u0131, adalet talebi hayk\u0131r\u0131ld\u0131. D\u00fczenlenen eylemlerden \u00f6ne \u00e7\u0131kanlar [&hellip;]<\/p>\n","protected":false},"author":7,"featured_media":61069,"comment_status":"open","ping_status":"open","sticky":false,"template":"","format":"standard","meta":{"footnotes":""},"categories":[1],"tags":[],"class_list":["post-61068","post","type-post","status-publish","format-standard","has-post-thumbnail","hentry","category-haberler"],"yoast_head":"<!-- This site is optimized with the Yoast SEO plugin v27.4 - https:\/\/yoast.com\/product\/yoast-seo-wordpress\/ -->\n<title>Hrant Dink \u00e7e\u015fitli illerde an\u0131ld\u0131, adalet talebi hayk\u0131r\u0131ld\u0131 - Bati Ermenistan Ve Bati Ermenileri Sorunlari Ara\u015ftirmalar Merkezi<\/title>\n<meta name=\"robots\" content=\"index, follow, max-snippet:-1, max-image-preview:large, max-video-preview:-1\" \/>\n<link rel=\"canonical\" href=\"https:\/\/akunq.net\/tr\/?p=61068\" \/>\n<meta property=\"og:locale\" content=\"en_US\" \/>\n<meta property=\"og:type\" content=\"article\" \/>\n<meta property=\"og:title\" content=\"Hrant Dink \u00e7e\u015fitli illerde an\u0131ld\u0131, adalet talebi hayk\u0131r\u0131ld\u0131 - Bati Ermenistan Ve Bati Ermenileri Sorunlari Ara\u015ftirmalar Merkezi\" \/>\n<meta property=\"og:description\" content=\"Agos Gazetesi Genel Yay\u0131n Y\u00f6netmeni Hrant Dink, katledili\u015finin 14\u2019\u00fcnc\u00fc y\u0131l\u0131nda Anadolu\u2019nun \u00e7e\u015fitli kentlerinde an\u0131ld\u0131. Anmalarda adalet talebi hayk\u0131r\u0131ld\u0131 ve karde\u015flik sloganlar\u0131 at\u0131ld\u0131. Agos Gazetesi Genel Yay\u0131n Y\u00f6netmeni, yazar, Ermeni ayd\u0131n\u0131 Hrant Dink, katledili\u015finin 14\u2019\u00fcnc\u00fc y\u0131l\u0131nda Anadolu\u2019nun \u00e7e\u015fitli kentlerinde an\u0131ld\u0131. D\u00fczenlenen anma t\u00f6renlerinde \u201cFa\u015fizme inat karde\u015fimsin Hrant\u201d sloganlar\u0131 at\u0131ld\u0131, adalet talebi hayk\u0131r\u0131ld\u0131. D\u00fczenlenen eylemlerden \u00f6ne \u00e7\u0131kanlar [&hellip;]\" \/>\n<meta property=\"og:url\" content=\"https:\/\/akunq.net\/tr\/?p=61068\" \/>\n<meta property=\"og:site_name\" content=\"Bati Ermenistan Ve Bati Ermenileri Sorunlari Ara\u015ftirmalar Merkezi\" \/>\n<meta property=\"article:published_time\" content=\"2021-01-20T09:56:21+00:00\" \/>\n<meta property=\"og:image\" content=\"https:\/\/akunq.net\/tr\/wp-content\/uploads\/sites\/6\/2021\/01\/Dink-7.jpg\" \/>\n\t<meta property=\"og:image:width\" content=\"840\" \/>\n\t<meta property=\"og:image:height\" content=\"560\" \/>\n\t<meta property=\"og:image:type\" content=\"image\/jpeg\" \/>\n<meta name=\"author\" content=\"admin\" \/>\n<meta name=\"twitter:card\" content=\"summary_large_image\" \/>\n<meta name=\"twitter:label1\" content=\"Written by\" \/>\n\t<meta name=\"twitter:data1\" content=\"admin\" \/>\n\t<meta name=\"twitter:label2\" content=\"Est. reading time\" \/>\n\t<meta name=\"twitter:data2\" content=\"4 minutes\" \/>\n<script type=\"application\/ld+json\" class=\"yoast-schema-graph\">{\"@context\":\"https:\\\/\\\/schema.org\",\"@graph\":[{\"@type\":\"Article\",\"@id\":\"https:\\\/\\\/akunq.net\\\/tr\\\/?p=61068#article\",\"isPartOf\":{\"@id\":\"https:\\\/\\\/akunq.net\\\/tr\\\/?p=61068\"},\"author\":{\"name\":\"admin\",\"@id\":\"https:\\\/\\\/akunq.net\\\/tr\\\/#\\\/schema\\\/person\\\/096f1d38a12cce57fb855b485ed24c9e\"},\"headline\":\"Hrant Dink \u00e7e\u015fitli illerde an\u0131ld\u0131, adalet talebi hayk\u0131r\u0131ld\u0131\",\"datePublished\":\"2021-01-20T09:56:21+00:00\",\"mainEntityOfPage\":{\"@id\":\"https:\\\/\\\/akunq.net\\\/tr\\\/?p=61068\"},\"wordCount\":719,\"commentCount\":0,\"image\":{\"@id\":\"https:\\\/\\\/akunq.net\\\/tr\\\/?p=61068#primaryimage\"},\"thumbnailUrl\":\"https:\\\/\\\/akunq.net\\\/tr\\\/wp-content\\\/uploads\\\/sites\\\/6\\\/2021\\\/01\\\/Dink-7.jpg\",\"articleSection\":[\"Haberler\"],\"inLanguage\":\"en-US\",\"potentialAction\":[{\"@type\":\"CommentAction\",\"name\":\"Comment\",\"target\":[\"https:\\\/\\\/akunq.net\\\/tr\\\/?p=61068#respond\"]}]},{\"@type\":\"WebPage\",\"@id\":\"https:\\\/\\\/akunq.net\\\/tr\\\/?p=61068\",\"url\":\"https:\\\/\\\/akunq.net\\\/tr\\\/?p=61068\",\"name\":\"Hrant Dink \u00e7e\u015fitli illerde an\u0131ld\u0131, adalet talebi hayk\u0131r\u0131ld\u0131 - Bati Ermenistan Ve Bati Ermenileri Sorunlari Ara\u015ftirmalar Merkezi\",\"isPartOf\":{\"@id\":\"https:\\\/\\\/akunq.net\\\/tr\\\/#website\"},\"primaryImageOfPage\":{\"@id\":\"https:\\\/\\\/akunq.net\\\/tr\\\/?p=61068#primaryimage\"},\"image\":{\"@id\":\"https:\\\/\\\/akunq.net\\\/tr\\\/?p=61068#primaryimage\"},\"thumbnailUrl\":\"https:\\\/\\\/akunq.net\\\/tr\\\/wp-content\\\/uploads\\\/sites\\\/6\\\/2021\\\/01\\\/Dink-7.jpg\",\"datePublished\":\"2021-01-20T09:56:21+00:00\",\"author\":{\"@id\":\"https:\\\/\\\/akunq.net\\\/tr\\\/#\\\/schema\\\/person\\\/096f1d38a12cce57fb855b485ed24c9e\"},\"breadcrumb\":{\"@id\":\"https:\\\/\\\/akunq.net\\\/tr\\\/?p=61068#breadcrumb\"},\"inLanguage\":\"en-US\",\"potentialAction\":[{\"@type\":\"ReadAction\",\"target\":[\"https:\\\/\\\/akunq.net\\\/tr\\\/?p=61068\"]}]},{\"@type\":\"ImageObject\",\"inLanguage\":\"en-US\",\"@id\":\"https:\\\/\\\/akunq.net\\\/tr\\\/?p=61068#primaryimage\",\"url\":\"https:\\\/\\\/akunq.net\\\/tr\\\/wp-content\\\/uploads\\\/sites\\\/6\\\/2021\\\/01\\\/Dink-7.jpg\",\"contentUrl\":\"https:\\\/\\\/akunq.net\\\/tr\\\/wp-content\\\/uploads\\\/sites\\\/6\\\/2021\\\/01\\\/Dink-7.jpg\",\"width\":840,\"height\":560},{\"@type\":\"BreadcrumbList\",\"@id\":\"https:\\\/\\\/akunq.net\\\/tr\\\/?p=61068#breadcrumb\",\"itemListElement\":[{\"@type\":\"ListItem\",\"position\":1,\"name\":\"Home\",\"item\":\"https:\\\/\\\/akunq.net\\\/tr\"},{\"@type\":\"ListItem\",\"position\":2,\"name\":\"Hrant Dink \u00e7e\u015fitli illerde an\u0131ld\u0131, adalet talebi hayk\u0131r\u0131ld\u0131\"}]},{\"@type\":\"WebSite\",\"@id\":\"https:\\\/\\\/akunq.net\\\/tr\\\/#website\",\"url\":\"https:\\\/\\\/akunq.net\\\/tr\\\/\",\"name\":\"Bati Ermenistan Ve Bati Ermenileri Sorunlari Ara\u015ftirmalar Merkezi\",\"description\":\"\",\"potentialAction\":[{\"@type\":\"SearchAction\",\"target\":{\"@type\":\"EntryPoint\",\"urlTemplate\":\"https:\\\/\\\/akunq.net\\\/tr\\\/?s={search_term_string}\"},\"query-input\":{\"@type\":\"PropertyValueSpecification\",\"valueRequired\":true,\"valueName\":\"search_term_string\"}}],\"inLanguage\":\"en-US\"},{\"@type\":\"Person\",\"@id\":\"https:\\\/\\\/akunq.net\\\/tr\\\/#\\\/schema\\\/person\\\/096f1d38a12cce57fb855b485ed24c9e\",\"name\":\"admin\",\"url\":\"https:\\\/\\\/akunq.net\\\/tr\\\/?author=7\"}]}<\/script>\n<!-- \/ Yoast SEO plugin. -->","yoast_head_json":{"title":"Hrant Dink \u00e7e\u015fitli illerde an\u0131ld\u0131, adalet talebi hayk\u0131r\u0131ld\u0131 - Bati Ermenistan Ve Bati Ermenileri Sorunlari Ara\u015ftirmalar Merkezi","robots":{"index":"index","follow":"follow","max-snippet":"max-snippet:-1","max-image-preview":"max-image-preview:large","max-video-preview":"max-video-preview:-1"},"canonical":"https:\/\/akunq.net\/tr\/?p=61068","og_locale":"en_US","og_type":"article","og_title":"Hrant Dink \u00e7e\u015fitli illerde an\u0131ld\u0131, adalet talebi hayk\u0131r\u0131ld\u0131 - Bati Ermenistan Ve Bati Ermenileri Sorunlari Ara\u015ftirmalar Merkezi","og_description":"Agos Gazetesi Genel Yay\u0131n Y\u00f6netmeni Hrant Dink, katledili\u015finin 14\u2019\u00fcnc\u00fc y\u0131l\u0131nda Anadolu\u2019nun \u00e7e\u015fitli kentlerinde an\u0131ld\u0131. Anmalarda adalet talebi hayk\u0131r\u0131ld\u0131 ve karde\u015flik sloganlar\u0131 at\u0131ld\u0131. Agos Gazetesi Genel Yay\u0131n Y\u00f6netmeni, yazar, Ermeni ayd\u0131n\u0131 Hrant Dink, katledili\u015finin 14\u2019\u00fcnc\u00fc y\u0131l\u0131nda Anadolu\u2019nun \u00e7e\u015fitli kentlerinde an\u0131ld\u0131. D\u00fczenlenen anma t\u00f6renlerinde \u201cFa\u015fizme inat karde\u015fimsin Hrant\u201d sloganlar\u0131 at\u0131ld\u0131, adalet talebi hayk\u0131r\u0131ld\u0131. D\u00fczenlenen eylemlerden \u00f6ne \u00e7\u0131kanlar [&hellip;]","og_url":"https:\/\/akunq.net\/tr\/?p=61068","og_site_name":"Bati Ermenistan Ve Bati Ermenileri Sorunlari Ara\u015ftirmalar Merkezi","article_published_time":"2021-01-20T09:56:21+00:00","og_image":[{"width":840,"height":560,"url":"https:\/\/akunq.net\/tr\/wp-content\/uploads\/sites\/6\/2021\/01\/Dink-7.jpg","type":"image\/jpeg"}],"author":"admin","twitter_card":"summary_large_image","twitter_misc":{"Written by":"admin","Est. reading time":"4 minutes"},"schema":{"@context":"https:\/\/schema.org","@graph":[{"@type":"Article","@id":"https:\/\/akunq.net\/tr\/?p=61068#article","isPartOf":{"@id":"https:\/\/akunq.net\/tr\/?p=61068"},"author":{"name":"admin","@id":"https:\/\/akunq.net\/tr\/#\/schema\/person\/096f1d38a12cce57fb855b485ed24c9e"},"headline":"Hrant Dink \u00e7e\u015fitli illerde an\u0131ld\u0131, adalet talebi hayk\u0131r\u0131ld\u0131","datePublished":"2021-01-20T09:56:21+00:00","mainEntityOfPage":{"@id":"https:\/\/akunq.net\/tr\/?p=61068"},"wordCount":719,"commentCount":0,"image":{"@id":"https:\/\/akunq.net\/tr\/?p=61068#primaryimage"},"thumbnailUrl":"https:\/\/akunq.net\/tr\/wp-content\/uploads\/sites\/6\/2021\/01\/Dink-7.jpg","articleSection":["Haberler"],"inLanguage":"en-US","potentialAction":[{"@type":"CommentAction","name":"Comment","target":["https:\/\/akunq.net\/tr\/?p=61068#respond"]}]},{"@type":"WebPage","@id":"https:\/\/akunq.net\/tr\/?p=61068","url":"https:\/\/akunq.net\/tr\/?p=61068","name":"Hrant Dink \u00e7e\u015fitli illerde an\u0131ld\u0131, adalet talebi hayk\u0131r\u0131ld\u0131 - Bati Ermenistan Ve Bati Ermenileri Sorunlari Ara\u015ftirmalar Merkezi","isPartOf":{"@id":"https:\/\/akunq.net\/tr\/#website"},"primaryImageOfPage":{"@id":"https:\/\/akunq.net\/tr\/?p=61068#primaryimage"},"image":{"@id":"https:\/\/akunq.net\/tr\/?p=61068#primaryimage"},"thumbnailUrl":"https:\/\/akunq.net\/tr\/wp-content\/uploads\/sites\/6\/2021\/01\/Dink-7.jpg","datePublished":"2021-01-20T09:56:21+00:00","author":{"@id":"https:\/\/akunq.net\/tr\/#\/schema\/person\/096f1d38a12cce57fb855b485ed24c9e"},"breadcrumb":{"@id":"https:\/\/akunq.net\/tr\/?p=61068#breadcrumb"},"inLanguage":"en-US","potentialAction":[{"@type":"ReadAction","target":["https:\/\/akunq.net\/tr\/?p=61068"]}]},{"@type":"ImageObject","inLanguage":"en-US","@id":"https:\/\/akunq.net\/tr\/?p=61068#primaryimage","url":"https:\/\/akunq.net\/tr\/wp-content\/uploads\/sites\/6\/2021\/01\/Dink-7.jpg","contentUrl":"https:\/\/akunq.net\/tr\/wp-content\/uploads\/sites\/6\/2021\/01\/Dink-7.jpg","width":840,"height":560},{"@type":"BreadcrumbList","@id":"https:\/\/akunq.net\/tr\/?p=61068#breadcrumb","itemListElement":[{"@type":"ListItem","position":1,"name":"Home","item":"https:\/\/akunq.net\/tr"},{"@type":"ListItem","position":2,"name":"Hrant Dink \u00e7e\u015fitli illerde an\u0131ld\u0131, adalet talebi hayk\u0131r\u0131ld\u0131"}]},{"@type":"WebSite","@id":"https:\/\/akunq.net\/tr\/#website","url":"https:\/\/akunq.net\/tr\/","name":"Bati Ermenistan Ve Bati Ermenileri Sorunlari Ara\u015ftirmalar Merkezi","description":"","potentialAction":[{"@type":"SearchAction","target":{"@type":"EntryPoint","urlTemplate":"https:\/\/akunq.net\/tr\/?s={search_term_string}"},"query-input":{"@type":"PropertyValueSpecification","valueRequired":true,"valueName":"search_term_string"}}],"inLanguage":"en-US"},{"@type":"Person","@id":"https:\/\/akunq.net\/tr\/#\/schema\/person\/096f1d38a12cce57fb855b485ed24c9e","name":"admin","url":"https:\/\/akunq.net\/tr\/?author=7"}]}},"_links":{"self":[{"href":"https:\/\/akunq.net\/tr\/index.php?rest_route=\/wp\/v2\/posts\/61068","targetHints":{"allow":["GET"]}}],"collection":[{"href":"https:\/\/akunq.net\/tr\/index.php?rest_route=\/wp\/v2\/posts"}],"about":[{"href":"https:\/\/akunq.net\/tr\/index.php?rest_route=\/wp\/v2\/types\/post"}],"author":[{"embeddable":true,"href":"https:\/\/akunq.net\/tr\/index.php?rest_route=\/wp\/v2\/users\/7"}],"replies":[{"embeddable":true,"href":"https:\/\/akunq.net\/tr\/index.php?rest_route=%2Fwp%2Fv2%2Fcomments&post=61068"}],"version-history":[{"count":1,"href":"https:\/\/akunq.net\/tr\/index.php?rest_route=\/wp\/v2\/posts\/61068\/revisions"}],"predecessor-version":[{"id":61070,"href":"https:\/\/akunq.net\/tr\/index.php?rest_route=\/wp\/v2\/posts\/61068\/revisions\/61070"}],"wp:featuredmedia":[{"embeddable":true,"href":"https:\/\/akunq.net\/tr\/index.php?rest_route=\/wp\/v2\/media\/61069"}],"wp:attachment":[{"href":"https:\/\/akunq.net\/tr\/index.php?rest_route=%2Fwp%2Fv2%2Fmedia&parent=61068"}],"wp:term":[{"taxonomy":"category","embeddable":true,"href":"https:\/\/akunq.net\/tr\/index.php?rest_route=%2Fwp%2Fv2%2Fcategories&post=61068"},{"taxonomy":"post_tag","embeddable":true,"href":"https:\/\/akunq.net\/tr\/index.php?rest_route=%2Fwp%2Fv2%2Ftags&post=61068"}],"curies":[{"name":"wp","href":"https:\/\/api.w.org\/{rel}","templated":true}]}}