{"id":61065,"date":"2021-01-20T04:45:54","date_gmt":"2021-01-20T09:45:54","guid":{"rendered":"https:\/\/akunq.net\/tr\/?p=61065"},"modified":"2021-01-20T04:45:54","modified_gmt":"2021-01-20T09:45:54","slug":"bogazicililer-hrant-dinki-andi-buradasin","status":"publish","type":"post","link":"https:\/\/akunq.net\/tr\/?p=61065","title":{"rendered":"Bo\u011fazi\u00e7ililer Hrant Dink\u2019i and\u0131: #Buradas\u0131n"},"content":{"rendered":"<p><img loading=\"lazy\" decoding=\"async\" class=\"aligncenter size-medium wp-image-61066\" src=\"https:\/\/akunq.net\/tr\/wp-content\/uploads\/2021\/01\/Hrant-Dink-6-360x270.jpg\" alt=\"\" width=\"360\" height=\"270\" srcset=\"https:\/\/akunq.net\/tr\/wp-content\/uploads\/sites\/6\/2021\/01\/Hrant-Dink-6-360x270.jpg 360w, https:\/\/akunq.net\/tr\/wp-content\/uploads\/sites\/6\/2021\/01\/Hrant-Dink-6-260x195.jpg 260w, https:\/\/akunq.net\/tr\/wp-content\/uploads\/sites\/6\/2021\/01\/Hrant-Dink-6-160x120.jpg 160w, https:\/\/akunq.net\/tr\/wp-content\/uploads\/sites\/6\/2021\/01\/Hrant-Dink-6.jpg 475w\" sizes=\"auto, (max-width: 360px) 100vw, 360px\" \/><\/p>\n<p><em><strong>Okullar\u0131na rekt\u00f6r olarak atanan Melih Bulu\u2019yu 4 Ocak\u2019tan bu yana protesto eden Bo\u011fazi\u00e7i \u00dcniversitesi \u00f6\u011frencileri, 14 y\u0131l \u00f6nce katledilen Agos Genel Yay\u0131n Y\u00f6netmeni Hrant Dink\u2019in salg\u0131n nedeniyle \u00e7evrimi\u00e7i d\u00fczenlenen anmas\u0131na kamp\u00fcsten kat\u0131ld\u0131.<\/strong><\/em><\/p>\n<p>Adalet ve Kalk\u0131nma Partisi (AKP) Genel Ba\u015fkan\u0131 ve Cumhurba\u015fkan\u0131 Recep Tayyip Erdo\u011fan\u2019\u0131n 2015\u2019te AKP\u2019den milletvekili aday aday\u0131 olan Prof. Dr. Melih Bulu\u2019yu 2 Ocak\u2019ta Bo\u011fazi\u00e7i \u00dcniversitesi\u2019nin rekt\u00f6rl\u00fc\u011f\u00fcne atamas\u0131na kar\u015f\u0131 protestolar G\u00fcney Kamp\u00fcs\u2019te ge\u00e7en hafta n\u00f6bete d\u00f6n\u00fc\u015ft\u00fc.<\/p>\n<p>Bo\u011fazi\u00e7i \u00dcniversitesi \u00f6\u011frencileri, bug\u00fcn 14 y\u0131l \u00f6nce katledilen Agos Genel Yay\u0131n Y\u00f6netmeni Hrant Dink\u2019in koronavir\u00fcs salg\u0131n\u0131 nedeniyle \u00e7evrimi\u00e7i d\u00fczenlenen anmas\u0131na kamp\u00fcsten kat\u0131ld\u0131. \u00d6\u011frenciler, kamp\u00fcse Ermenice, K\u00fcrt\u00e7e ve T\u00fcrk\u00e7e pankartlar ast\u0131.<\/p>\n<p><strong>Ne olmu\u015ftu?<\/strong><\/p>\n<p>Adalet ve Kalk\u0131nma Partisi (AKP) Genel Ba\u015fkan\u0131 ve Cumhurba\u015fkan\u0131 Recep Tayyip Erdo\u011fan, 2 Ocak\u2019ta, 2015\u2019te AKP\u2019den milletvekili aday aday\u0131 olan Prof. Dr. Melih Bulu\u2019yu Bo\u011fazi\u00e7i \u00dcniversitesi\u2019ne kararname ile rekt\u00f6r olarak atad\u0131.<\/p>\n<p>2002\u2019de Sar\u0131yer AKP \u0130l\u00e7e \u00d6rg\u00fct\u00fc\u2019n\u00fcn kurulu\u015funda yer alan Bulu\u2019nun Bo\u011fazi\u00e7i \u00dcniversitesi\u2019ne atanmas\u0131na \u00f6\u011frenciler ve akademisyenler tepki g\u00f6sterdi. \u0130lk defa \u00fcniversite d\u0131\u015f\u0131ndan bir rekt\u00f6r atand\u0131\u011f\u0131n\u0131, bunun kabul edilemez oldu\u011funu ve Bulu\u2019nun \u201ckayy\u0131m\u201d oldu\u011funu s\u00f6yleyen \u00f6\u011frenciler, 4 Ocak Pazartesi Bo\u011fazi\u00e7i \u00dcniversitesi\u2019nde eylem d\u00fczenledi. Polis, burada \u00f6\u011frencilere biber gaz\u0131 ve plastik mermiyle m\u00fcdahale etti. \u00dcniversite kap\u0131s\u0131na kelep\u00e7e vuruldu.<\/p>\n<p>Bulu\u2019yu protesto eden Bo\u011fazi\u00e7i \u00dcniversitesi\u2019nden akademisyenler de rekt\u00f6r devir-teslim t\u00f6renine tepki g\u00f6stererek Rekt\u00f6rl\u00fck binas\u0131na s\u0131rt d\u00f6nme eylemi ba\u015flatt\u0131.<\/p>\n<p>Polis, g\u00f6sterilere kat\u0131lan \u00f6\u011frencilerin evlerini bast\u0131. \u00c7ok say\u0131da \u00f6\u011frenci g\u00f6zalt\u0131na al\u0131nd\u0131. G\u00f6zalt\u0131na al\u0131nanlar, savc\u0131l\u0131k i\u015flemlerinin ard\u0131ndan serbest b\u0131rak\u0131ld\u0131.<\/p>\n<p>\u201cKayy\u0131m rekt\u00f6r istemiyoruz\u201d, \u201cMelih Bulu istifa\u201d diyen \u00f6\u011frenciler ve akademisyenler protestolar\u0131n\u0131 4 Ocak\u2019tan bu yana s\u00fcrd\u00fcr\u00fcyor.<\/p>\n<p><strong>Melih Bulu kimdir?<\/strong><\/p>\n<p>Prof. Dr. Melih Bulu, 2016 ile 2019 y\u0131llar\u0131 aras\u0131nda \u0130stinye \u00dcniversitesi\u2019nde dekanl\u0131k ve rekt\u00f6rl\u00fck yapt\u0131. 17 Ocak 2020\u2019de Hali\u00e7 \u00dcniversitesi rekt\u00f6rl\u00fc\u011f\u00fcne atanan Bulu, bu g\u00f6revde bir y\u0131l\u0131 tamamlamadan Bo\u011fazi\u00e7i \u00dcniversitesi rekt\u00f6rl\u00fc\u011f\u00fcne atand\u0131.<\/p>\n<p>Bulu, 2010 ile 2016 y\u0131llar\u0131 aras\u0131nda \u0130stanbul \u015eehir \u00dcniversitesi\u2019nde \u0130\u015fletme ve Y\u00f6netim Bilimleri Fak\u00fcltesi \u0130\u015fletme B\u00f6l\u00fcm\u00fc\u2019nde b\u00f6l\u00fcm ba\u015fkanl\u0131\u011f\u0131 yapt\u0131.<\/p>\n<p>Ayn\u0131 zamanda AKP Sar\u0131yer \u0130l\u00e7e Te\u015fkilat\u0131 kurucular\u0131ndan biri olan Bulu, 2015\u2019te AKP \u0130stanbul 1. b\u00f6lge milletvekili aday aday\u0131 oldu.<\/p>\n<p>ODT\u00dc End\u00fcstri M\u00fchendisli\u011fi\u2019nden 1992 y\u0131l\u0131nda mezun olan Bulu, y\u00fcksek lisans ve doktora e\u011fitimini Bo\u011fazi\u00e7i \u00dcniversitesi \u0130\u015fletme B\u00f6l\u00fcm\u00fc\u2019nde tamamlad\u0131.<br \/>\n<em><strong>https:\/\/bianet.org\/bianet\/siyaset\/237826-bogazicililer-hrant-dink-i-andi-buradasin?bia_source=rss\u00a0<\/strong><\/em><\/p>\n","protected":false},"excerpt":{"rendered":"<p>Okullar\u0131na rekt\u00f6r olarak atanan Melih Bulu\u2019yu 4 Ocak\u2019tan bu yana protesto eden Bo\u011fazi\u00e7i \u00dcniversitesi \u00f6\u011frencileri, 14 y\u0131l \u00f6nce katledilen Agos Genel Yay\u0131n Y\u00f6netmeni Hrant Dink\u2019in salg\u0131n nedeniyle \u00e7evrimi\u00e7i d\u00fczenlenen anmas\u0131na kamp\u00fcsten kat\u0131ld\u0131. Adalet ve Kalk\u0131nma Partisi (AKP) Genel Ba\u015fkan\u0131 ve Cumhurba\u015fkan\u0131 Recep Tayyip Erdo\u011fan\u2019\u0131n 2015\u2019te AKP\u2019den milletvekili aday aday\u0131 olan Prof. Dr. Melih Bulu\u2019yu 2 [&hellip;]<\/p>\n","protected":false},"author":7,"featured_media":61066,"comment_status":"open","ping_status":"open","sticky":false,"template":"","format":"standard","meta":{"footnotes":""},"categories":[1],"tags":[],"class_list":["post-61065","post","type-post","status-publish","format-standard","has-post-thumbnail","hentry","category-haberler"],"yoast_head":"<!-- This site is optimized with the Yoast SEO plugin v27.4 - https:\/\/yoast.com\/product\/yoast-seo-wordpress\/ -->\n<title>Bo\u011fazi\u00e7ililer Hrant Dink\u2019i and\u0131: #Buradas\u0131n - Bati Ermenistan Ve Bati Ermenileri Sorunlari Ara\u015ftirmalar Merkezi<\/title>\n<meta name=\"robots\" content=\"index, follow, max-snippet:-1, max-image-preview:large, max-video-preview:-1\" \/>\n<link rel=\"canonical\" href=\"https:\/\/akunq.net\/tr\/?p=61065\" \/>\n<meta property=\"og:locale\" content=\"en_US\" \/>\n<meta property=\"og:type\" content=\"article\" \/>\n<meta property=\"og:title\" content=\"Bo\u011fazi\u00e7ililer Hrant Dink\u2019i and\u0131: #Buradas\u0131n - Bati Ermenistan Ve Bati Ermenileri Sorunlari Ara\u015ftirmalar Merkezi\" \/>\n<meta property=\"og:description\" content=\"Okullar\u0131na rekt\u00f6r olarak atanan Melih Bulu\u2019yu 4 Ocak\u2019tan bu yana protesto eden Bo\u011fazi\u00e7i \u00dcniversitesi \u00f6\u011frencileri, 14 y\u0131l \u00f6nce katledilen Agos Genel Yay\u0131n Y\u00f6netmeni Hrant Dink\u2019in salg\u0131n nedeniyle \u00e7evrimi\u00e7i d\u00fczenlenen anmas\u0131na kamp\u00fcsten kat\u0131ld\u0131. Adalet ve Kalk\u0131nma Partisi (AKP) Genel Ba\u015fkan\u0131 ve Cumhurba\u015fkan\u0131 Recep Tayyip Erdo\u011fan\u2019\u0131n 2015\u2019te AKP\u2019den milletvekili aday aday\u0131 olan Prof. Dr. Melih Bulu\u2019yu 2 [&hellip;]\" \/>\n<meta property=\"og:url\" content=\"https:\/\/akunq.net\/tr\/?p=61065\" \/>\n<meta property=\"og:site_name\" content=\"Bati Ermenistan Ve Bati Ermenileri Sorunlari Ara\u015ftirmalar Merkezi\" \/>\n<meta property=\"article:published_time\" content=\"2021-01-20T09:45:54+00:00\" \/>\n<meta property=\"og:image\" content=\"https:\/\/akunq.net\/tr\/wp-content\/uploads\/sites\/6\/2021\/01\/Hrant-Dink-6.jpg\" \/>\n\t<meta property=\"og:image:width\" content=\"475\" \/>\n\t<meta property=\"og:image:height\" content=\"356\" \/>\n\t<meta property=\"og:image:type\" content=\"image\/jpeg\" \/>\n<meta name=\"author\" content=\"admin\" \/>\n<meta name=\"twitter:card\" content=\"summary_large_image\" \/>\n<meta name=\"twitter:label1\" content=\"Written by\" \/>\n\t<meta name=\"twitter:data1\" content=\"admin\" \/>\n\t<meta name=\"twitter:label2\" content=\"Est. reading time\" \/>\n\t<meta name=\"twitter:data2\" content=\"2 minutes\" \/>\n<script type=\"application\/ld+json\" class=\"yoast-schema-graph\">{\"@context\":\"https:\\\/\\\/schema.org\",\"@graph\":[{\"@type\":\"Article\",\"@id\":\"https:\\\/\\\/akunq.net\\\/tr\\\/?p=61065#article\",\"isPartOf\":{\"@id\":\"https:\\\/\\\/akunq.net\\\/tr\\\/?p=61065\"},\"author\":{\"name\":\"admin\",\"@id\":\"https:\\\/\\\/akunq.net\\\/tr\\\/#\\\/schema\\\/person\\\/096f1d38a12cce57fb855b485ed24c9e\"},\"headline\":\"Bo\u011fazi\u00e7ililer Hrant Dink\u2019i and\u0131: #Buradas\u0131n\",\"datePublished\":\"2021-01-20T09:45:54+00:00\",\"mainEntityOfPage\":{\"@id\":\"https:\\\/\\\/akunq.net\\\/tr\\\/?p=61065\"},\"wordCount\":507,\"commentCount\":0,\"image\":{\"@id\":\"https:\\\/\\\/akunq.net\\\/tr\\\/?p=61065#primaryimage\"},\"thumbnailUrl\":\"https:\\\/\\\/akunq.net\\\/tr\\\/wp-content\\\/uploads\\\/sites\\\/6\\\/2021\\\/01\\\/Hrant-Dink-6.jpg\",\"articleSection\":[\"Haberler\"],\"inLanguage\":\"en-US\",\"potentialAction\":[{\"@type\":\"CommentAction\",\"name\":\"Comment\",\"target\":[\"https:\\\/\\\/akunq.net\\\/tr\\\/?p=61065#respond\"]}]},{\"@type\":\"WebPage\",\"@id\":\"https:\\\/\\\/akunq.net\\\/tr\\\/?p=61065\",\"url\":\"https:\\\/\\\/akunq.net\\\/tr\\\/?p=61065\",\"name\":\"Bo\u011fazi\u00e7ililer Hrant Dink\u2019i and\u0131: #Buradas\u0131n - Bati Ermenistan Ve Bati Ermenileri Sorunlari Ara\u015ftirmalar Merkezi\",\"isPartOf\":{\"@id\":\"https:\\\/\\\/akunq.net\\\/tr\\\/#website\"},\"primaryImageOfPage\":{\"@id\":\"https:\\\/\\\/akunq.net\\\/tr\\\/?p=61065#primaryimage\"},\"image\":{\"@id\":\"https:\\\/\\\/akunq.net\\\/tr\\\/?p=61065#primaryimage\"},\"thumbnailUrl\":\"https:\\\/\\\/akunq.net\\\/tr\\\/wp-content\\\/uploads\\\/sites\\\/6\\\/2021\\\/01\\\/Hrant-Dink-6.jpg\",\"datePublished\":\"2021-01-20T09:45:54+00:00\",\"author\":{\"@id\":\"https:\\\/\\\/akunq.net\\\/tr\\\/#\\\/schema\\\/person\\\/096f1d38a12cce57fb855b485ed24c9e\"},\"breadcrumb\":{\"@id\":\"https:\\\/\\\/akunq.net\\\/tr\\\/?p=61065#breadcrumb\"},\"inLanguage\":\"en-US\",\"potentialAction\":[{\"@type\":\"ReadAction\",\"target\":[\"https:\\\/\\\/akunq.net\\\/tr\\\/?p=61065\"]}]},{\"@type\":\"ImageObject\",\"inLanguage\":\"en-US\",\"@id\":\"https:\\\/\\\/akunq.net\\\/tr\\\/?p=61065#primaryimage\",\"url\":\"https:\\\/\\\/akunq.net\\\/tr\\\/wp-content\\\/uploads\\\/sites\\\/6\\\/2021\\\/01\\\/Hrant-Dink-6.jpg\",\"contentUrl\":\"https:\\\/\\\/akunq.net\\\/tr\\\/wp-content\\\/uploads\\\/sites\\\/6\\\/2021\\\/01\\\/Hrant-Dink-6.jpg\",\"width\":475,\"height\":356},{\"@type\":\"BreadcrumbList\",\"@id\":\"https:\\\/\\\/akunq.net\\\/tr\\\/?p=61065#breadcrumb\",\"itemListElement\":[{\"@type\":\"ListItem\",\"position\":1,\"name\":\"Home\",\"item\":\"https:\\\/\\\/akunq.net\\\/tr\"},{\"@type\":\"ListItem\",\"position\":2,\"name\":\"Bo\u011fazi\u00e7ililer Hrant Dink\u2019i and\u0131: #Buradas\u0131n\"}]},{\"@type\":\"WebSite\",\"@id\":\"https:\\\/\\\/akunq.net\\\/tr\\\/#website\",\"url\":\"https:\\\/\\\/akunq.net\\\/tr\\\/\",\"name\":\"Bati Ermenistan Ve Bati Ermenileri Sorunlari Ara\u015ftirmalar Merkezi\",\"description\":\"\",\"potentialAction\":[{\"@type\":\"SearchAction\",\"target\":{\"@type\":\"EntryPoint\",\"urlTemplate\":\"https:\\\/\\\/akunq.net\\\/tr\\\/?s={search_term_string}\"},\"query-input\":{\"@type\":\"PropertyValueSpecification\",\"valueRequired\":true,\"valueName\":\"search_term_string\"}}],\"inLanguage\":\"en-US\"},{\"@type\":\"Person\",\"@id\":\"https:\\\/\\\/akunq.net\\\/tr\\\/#\\\/schema\\\/person\\\/096f1d38a12cce57fb855b485ed24c9e\",\"name\":\"admin\",\"url\":\"https:\\\/\\\/akunq.net\\\/tr\\\/?author=7\"}]}<\/script>\n<!-- \/ Yoast SEO plugin. -->","yoast_head_json":{"title":"Bo\u011fazi\u00e7ililer Hrant Dink\u2019i and\u0131: #Buradas\u0131n - Bati Ermenistan Ve Bati Ermenileri Sorunlari Ara\u015ftirmalar Merkezi","robots":{"index":"index","follow":"follow","max-snippet":"max-snippet:-1","max-image-preview":"max-image-preview:large","max-video-preview":"max-video-preview:-1"},"canonical":"https:\/\/akunq.net\/tr\/?p=61065","og_locale":"en_US","og_type":"article","og_title":"Bo\u011fazi\u00e7ililer Hrant Dink\u2019i and\u0131: #Buradas\u0131n - Bati Ermenistan Ve Bati Ermenileri Sorunlari Ara\u015ftirmalar Merkezi","og_description":"Okullar\u0131na rekt\u00f6r olarak atanan Melih Bulu\u2019yu 4 Ocak\u2019tan bu yana protesto eden Bo\u011fazi\u00e7i \u00dcniversitesi \u00f6\u011frencileri, 14 y\u0131l \u00f6nce katledilen Agos Genel Yay\u0131n Y\u00f6netmeni Hrant Dink\u2019in salg\u0131n nedeniyle \u00e7evrimi\u00e7i d\u00fczenlenen anmas\u0131na kamp\u00fcsten kat\u0131ld\u0131. Adalet ve Kalk\u0131nma Partisi (AKP) Genel Ba\u015fkan\u0131 ve Cumhurba\u015fkan\u0131 Recep Tayyip Erdo\u011fan\u2019\u0131n 2015\u2019te AKP\u2019den milletvekili aday aday\u0131 olan Prof. Dr. Melih Bulu\u2019yu 2 [&hellip;]","og_url":"https:\/\/akunq.net\/tr\/?p=61065","og_site_name":"Bati Ermenistan Ve Bati Ermenileri Sorunlari Ara\u015ftirmalar Merkezi","article_published_time":"2021-01-20T09:45:54+00:00","og_image":[{"width":475,"height":356,"url":"https:\/\/akunq.net\/tr\/wp-content\/uploads\/sites\/6\/2021\/01\/Hrant-Dink-6.jpg","type":"image\/jpeg"}],"author":"admin","twitter_card":"summary_large_image","twitter_misc":{"Written by":"admin","Est. reading time":"2 minutes"},"schema":{"@context":"https:\/\/schema.org","@graph":[{"@type":"Article","@id":"https:\/\/akunq.net\/tr\/?p=61065#article","isPartOf":{"@id":"https:\/\/akunq.net\/tr\/?p=61065"},"author":{"name":"admin","@id":"https:\/\/akunq.net\/tr\/#\/schema\/person\/096f1d38a12cce57fb855b485ed24c9e"},"headline":"Bo\u011fazi\u00e7ililer Hrant Dink\u2019i and\u0131: #Buradas\u0131n","datePublished":"2021-01-20T09:45:54+00:00","mainEntityOfPage":{"@id":"https:\/\/akunq.net\/tr\/?p=61065"},"wordCount":507,"commentCount":0,"image":{"@id":"https:\/\/akunq.net\/tr\/?p=61065#primaryimage"},"thumbnailUrl":"https:\/\/akunq.net\/tr\/wp-content\/uploads\/sites\/6\/2021\/01\/Hrant-Dink-6.jpg","articleSection":["Haberler"],"inLanguage":"en-US","potentialAction":[{"@type":"CommentAction","name":"Comment","target":["https:\/\/akunq.net\/tr\/?p=61065#respond"]}]},{"@type":"WebPage","@id":"https:\/\/akunq.net\/tr\/?p=61065","url":"https:\/\/akunq.net\/tr\/?p=61065","name":"Bo\u011fazi\u00e7ililer Hrant Dink\u2019i and\u0131: #Buradas\u0131n - Bati Ermenistan Ve Bati Ermenileri Sorunlari Ara\u015ftirmalar Merkezi","isPartOf":{"@id":"https:\/\/akunq.net\/tr\/#website"},"primaryImageOfPage":{"@id":"https:\/\/akunq.net\/tr\/?p=61065#primaryimage"},"image":{"@id":"https:\/\/akunq.net\/tr\/?p=61065#primaryimage"},"thumbnailUrl":"https:\/\/akunq.net\/tr\/wp-content\/uploads\/sites\/6\/2021\/01\/Hrant-Dink-6.jpg","datePublished":"2021-01-20T09:45:54+00:00","author":{"@id":"https:\/\/akunq.net\/tr\/#\/schema\/person\/096f1d38a12cce57fb855b485ed24c9e"},"breadcrumb":{"@id":"https:\/\/akunq.net\/tr\/?p=61065#breadcrumb"},"inLanguage":"en-US","potentialAction":[{"@type":"ReadAction","target":["https:\/\/akunq.net\/tr\/?p=61065"]}]},{"@type":"ImageObject","inLanguage":"en-US","@id":"https:\/\/akunq.net\/tr\/?p=61065#primaryimage","url":"https:\/\/akunq.net\/tr\/wp-content\/uploads\/sites\/6\/2021\/01\/Hrant-Dink-6.jpg","contentUrl":"https:\/\/akunq.net\/tr\/wp-content\/uploads\/sites\/6\/2021\/01\/Hrant-Dink-6.jpg","width":475,"height":356},{"@type":"BreadcrumbList","@id":"https:\/\/akunq.net\/tr\/?p=61065#breadcrumb","itemListElement":[{"@type":"ListItem","position":1,"name":"Home","item":"https:\/\/akunq.net\/tr"},{"@type":"ListItem","position":2,"name":"Bo\u011fazi\u00e7ililer Hrant Dink\u2019i and\u0131: #Buradas\u0131n"}]},{"@type":"WebSite","@id":"https:\/\/akunq.net\/tr\/#website","url":"https:\/\/akunq.net\/tr\/","name":"Bati Ermenistan Ve Bati Ermenileri Sorunlari Ara\u015ftirmalar Merkezi","description":"","potentialAction":[{"@type":"SearchAction","target":{"@type":"EntryPoint","urlTemplate":"https:\/\/akunq.net\/tr\/?s={search_term_string}"},"query-input":{"@type":"PropertyValueSpecification","valueRequired":true,"valueName":"search_term_string"}}],"inLanguage":"en-US"},{"@type":"Person","@id":"https:\/\/akunq.net\/tr\/#\/schema\/person\/096f1d38a12cce57fb855b485ed24c9e","name":"admin","url":"https:\/\/akunq.net\/tr\/?author=7"}]}},"_links":{"self":[{"href":"https:\/\/akunq.net\/tr\/index.php?rest_route=\/wp\/v2\/posts\/61065","targetHints":{"allow":["GET"]}}],"collection":[{"href":"https:\/\/akunq.net\/tr\/index.php?rest_route=\/wp\/v2\/posts"}],"about":[{"href":"https:\/\/akunq.net\/tr\/index.php?rest_route=\/wp\/v2\/types\/post"}],"author":[{"embeddable":true,"href":"https:\/\/akunq.net\/tr\/index.php?rest_route=\/wp\/v2\/users\/7"}],"replies":[{"embeddable":true,"href":"https:\/\/akunq.net\/tr\/index.php?rest_route=%2Fwp%2Fv2%2Fcomments&post=61065"}],"version-history":[{"count":1,"href":"https:\/\/akunq.net\/tr\/index.php?rest_route=\/wp\/v2\/posts\/61065\/revisions"}],"predecessor-version":[{"id":61067,"href":"https:\/\/akunq.net\/tr\/index.php?rest_route=\/wp\/v2\/posts\/61065\/revisions\/61067"}],"wp:featuredmedia":[{"embeddable":true,"href":"https:\/\/akunq.net\/tr\/index.php?rest_route=\/wp\/v2\/media\/61066"}],"wp:attachment":[{"href":"https:\/\/akunq.net\/tr\/index.php?rest_route=%2Fwp%2Fv2%2Fmedia&parent=61065"}],"wp:term":[{"taxonomy":"category","embeddable":true,"href":"https:\/\/akunq.net\/tr\/index.php?rest_route=%2Fwp%2Fv2%2Fcategories&post=61065"},{"taxonomy":"post_tag","embeddable":true,"href":"https:\/\/akunq.net\/tr\/index.php?rest_route=%2Fwp%2Fv2%2Ftags&post=61065"}],"curies":[{"name":"wp","href":"https:\/\/api.w.org\/{rel}","templated":true}]}}