{"id":61056,"date":"2021-01-20T03:15:11","date_gmt":"2021-01-20T08:15:11","guid":{"rendered":"https:\/\/akunq.net\/tr\/?p=61056"},"modified":"2021-01-20T03:15:11","modified_gmt":"2021-01-20T08:15:11","slug":"rakel-dink-hranti-feto-oldurdu-demek-ben-yapmadim-elim-yapti-ergenekon-yapti-demek-de-ben-yapmadim-ayagim-yapti-demek","status":"publish","type":"post","link":"https:\/\/akunq.net\/tr\/?p=61056","title":{"rendered":"Rakel Dink: Hrant\u2019\u0131 \u2018FET\u00d6 \u00f6ld\u00fcrd\u00fc\u2019 demek \u2018ben yapmad\u0131m elim yapt\u0131\u2019, \u2018Ergenekon yapt\u0131\u2019 demek de \u2018ben yapmad\u0131m aya\u011f\u0131m yapt\u0131\u2019 demektir"},"content":{"rendered":"<p><img loading=\"lazy\" decoding=\"async\" class=\"aligncenter size-medium wp-image-61057\" src=\"https:\/\/akunq.net\/tr\/wp-content\/uploads\/2021\/01\/Rakel-Dink-360x203.jpg\" alt=\"\" width=\"360\" height=\"203\" srcset=\"https:\/\/akunq.net\/tr\/wp-content\/uploads\/sites\/6\/2021\/01\/Rakel-Dink-360x203.jpg 360w, https:\/\/akunq.net\/tr\/wp-content\/uploads\/sites\/6\/2021\/01\/Rakel-Dink-768x432.jpg 768w, https:\/\/akunq.net\/tr\/wp-content\/uploads\/sites\/6\/2021\/01\/Rakel-Dink-1536x864.jpg 1536w, https:\/\/akunq.net\/tr\/wp-content\/uploads\/sites\/6\/2021\/01\/Rakel-Dink-560x315.jpg 560w, https:\/\/akunq.net\/tr\/wp-content\/uploads\/sites\/6\/2021\/01\/Rakel-Dink-260x146.jpg 260w, https:\/\/akunq.net\/tr\/wp-content\/uploads\/sites\/6\/2021\/01\/Rakel-Dink-160x90.jpg 160w, https:\/\/akunq.net\/tr\/wp-content\/uploads\/sites\/6\/2021\/01\/Rakel-Dink.jpg 1600w\" sizes=\"auto, (max-width: 360px) 100vw, 360px\" \/><\/p>\n<p><em><strong>Gazeteci Hrant Dink, katledili\u015finin 14. y\u0131l\u0131nda Covid-19 sebebiyle sanal ortamda an\u0131ld\u0131.<\/strong><\/em><\/p>\n<p>Her y\u0131l, Agos gazetesi \u00f6n\u00fcnde yap\u0131lan anma t\u00f6reni bu y\u0131l salg\u0131n nedeniyle sanal ortamda ger\u00e7ekle\u015fti. D\u00fcnyan\u0131n her yerinden Hrant\u2019\u0131n Arkada\u015flar\u0131, \u201cBuradas\u0131n Ahparig\u201d yazan pankartlar\u0131n\u0131 Hrant Dink\u2019in \u00f6ld\u00fcr\u00fcld\u00fc\u011f\u00fc yere b\u0131rakt\u0131.<\/p>\n<p>Hrant Dink\u2019in e\u015fi Rakel Dink anma konu\u015fmas\u0131nda \u201cHrant\u2019\u0131 \u2018FET\u00d6 \u00f6ld\u00fcrd\u00fc\u2019 demek \u2018ben yapmad\u0131m elim yapt\u0131\u2019, \u2018Ergenekon yapt\u0131\u2019 demek de \u2018ben yapmad\u0131m aya\u011f\u0131m yapt\u0131\u2019 demektir\u201d dedi.<\/p>\n<p>\u201cBug\u00fcn pandemi \u015fartlar\u0131yla, ac\u0131lar\u0131 ve bilinmezlikleriyle buraday\u0131z. Biliyorum ki, y\u00fcrekleri burada \u00e7arpanlar \u00e7ok \u00e7oktur\u201d diyen Dink, \u201cBasit\u00e7e s\u00f6yleyelim, Hrant\u2019\u0131 FET\u00d6 \u00f6ld\u00fcrd\u00fc demek, \u201cben yapmad\u0131m elim yapt\u0131\u201d demektir. Hrant\u2019\u0131 Erkenekon \u00f6ld\u00fcrm\u00fc\u015f demek, \u201cben yapmad\u0131m aya\u011f\u0131m yapt\u0131\u201d demektir. Y\u0131llarca dilinle ba\u011f\u0131ra ba\u011f\u0131ra, aya\u011f\u0131nla y\u00fcr\u00fcyerek buraya geldin. Ve silah\u0131 iki elinle tutup teti\u011fi \u00e7ektin. \u00c7uta\u011f\u0131m\u0131 \u00f6ld\u00fcrd\u00fcn. Sen aya\u011f\u0131n, sen elin, sen dilin de\u011filsen nesin? 14 y\u0131ld\u0131r g\u00f6revini lay\u0131\u011f\u0131yla yapt\u0131\u011f\u0131n\u0131 kan\u0131tlamaya \u00e7al\u0131\u015fan onca inkarc\u0131n\u0131n, san\u0131klar\u0131n ve tan\u0131klar\u0131n arkas\u0131nda bir garip devlet g\u00f6r\u00fcnt\u00fcs\u00fc var. Katil olmad\u0131\u011f\u0131n\u0131 kan\u0131tlamak i\u00e7in adeta aptal oldu\u011funu kan\u0131tlamaya \u00e7al\u0131\u015fan bir devlet\u201d diye konu\u015ftu.<\/p>\n<p>Hrant Dink\u2019in katledili\u015finin 14. y\u0131l\u0131nda yap\u0131lan anmada Ba\u015fak Demirta\u015f da konu\u015ftu. \u201cBiz de t\u0131pk\u0131 sevgili Hrant\u2019\u0131n yapt\u0131\u011f\u0131 gibi, intikam duygular\u0131na teslim olmadan ak\u0131lla, sab\u0131rla, sevgiyle ama ille de diren\u00e7le sar\u0131laca\u011f\u0131z umuda\u201d diyen Demirta\u015f, \u201cBunca kutupla\u015fman\u0131n, d\u00fc\u015fmanla\u015ft\u0131rman\u0131n, gerilimin i\u00e7inden sa\u011fduyuyla \u00e7\u0131k\u0131\u015f\u0131n yolunu bulmak zorunday\u0131z. Bu kadar kaotik ve karma\u015f\u0131k g\u00f6r\u00fcnen durumdan kurtulmak asl\u0131nda \u00e7ok da basit. Yapmam\u0131z gereken tek \u015fey bir araya gelmektir. Demokrasi i\u00e7in yan yana durmakt\u0131r. Biz kad\u0131nlar bunun i\u00e7in \u00f6nc\u00fcl\u00fck yapabilecek g\u00fcce, inanca ve cesarete sahibiz. Gelin \u00f6nce biz kad\u0131nlar birle\u015felim. Adaletsizli\u011fe kar\u015f\u0131, her t\u00fcrl\u00fc \u015fiddete kar\u015f\u0131, yoksullu\u011fa kar\u015f\u0131 b\u00fcy\u00fck bir kad\u0131n demokrasi ittifak\u0131 kural\u0131m\u201d ifadelerini kulland\u0131.<\/p>\n<p>Ba\u015fak Demirta\u015f, cezaevinde tutuklu bulunan Selahattin Demirta\u015f\u2019\u0131n g\u00f6nderdi\u011fi bir \u015fiir ile konu\u015fmas\u0131n\u0131 bitirdi.<\/p>\n<div class=\"fluid-width-video-wrapper\"><iframe id=\"fitvid999749\" title=\"Hrant Dink, katledili\u015finin 14. y\u0131l\u0131nda sanal ortamda an\u0131ld\u0131\" src=\"https:\/\/www.youtube.com\/embed\/pcLVY4aVhK0?feature=oembed\" frameborder=\"0\" allowfullscreen=\"allowfullscreen\" data-mce-fragment=\"1\"><\/iframe><\/div>\n<p><strong>\u201cO kadar \u00e7ok biriken ac\u0131 var ki, ac\u0131m\u0131z\u0131 dile getirmekten utan\u0131r olduk\u201d<\/strong><br \/>\nRakel Dink, anma konu\u015fmas\u0131n\u0131 \u015f\u00f6yle s\u00fcrd\u00fcrd\u00fc:<\/p>\n<p>\u201cSevgili dostlar, 14 y\u0131ld\u0131r buraday\u0131z. Bug\u00fcn pandemi \u015fartlar\u0131yla, ac\u0131lar\u0131 ve bilinmezlikleriyle buraday\u0131z. Biliyorum ki, y\u00fcrekleri burada \u00e7arpanlar \u00e7ok \u00e7oktur.<\/p>\n<p>Buras\u0131 unutturulmak istenen konular\u0131n hat\u0131rland\u0131\u011f\u0131, hat\u0131rlat\u0131ld\u0131\u011f\u0131 bir yer oldu. Buras\u0131 ac\u0131larda karde\u015f olmay\u0131 \u00f6\u011frendi\u011fimiz yer, ac\u0131lar\u0131 payla\u015fma, y\u00fczle\u015fme, y\u00fczle\u015ftirme yeri oldu. Adalet ve do\u011fruluk arayanlar\u0131n, isteyenlerin bir araya geldi\u011fi yer oldu. Bu alan devletin i\u015fledi\u011fi, g\u00f6z yumdu\u011fu, duyars\u0131zca, ac\u0131mas\u0131zca cevaps\u0131z, sonu\u00e7suz b\u0131rak\u0131lan cinayetlerin, davalar\u0131n dile getirildi\u011fi yer oldu.<\/p>\n<p>Bir k\u0131l\u0131\u00e7 art\u0131\u011f\u0131 torunu olarak, y\u00fczy\u0131ld\u0131r ya\u015fad\u0131\u011f\u0131m\u0131z ac\u0131lar\u0131 inkar etmek, yalanlamak yetmedi bir de \u201cs\u00f6zde soyk\u0131r\u0131m\u201d diyerek, yalanlar\u0131na t\u00fcy diktiler. Birilerini ac\u0131t\u0131yor muyuz, incitiyor muyuz diye hi\u00e7 d\u00fc\u015f\u00fcnd\u00fcn\u00fcz m\u00fc? Ermeni\u2019ye sonu gelmeyen d\u00fc\u015fmanl\u0131\u011f\u0131n\u0131z, hakaretleriniz, a\u015fa\u011f\u0131lamalar\u0131n\u0131z, kininiz, \u00f6fkeniz ger\u00e7ekten art\u0131k yoruyor. Siz hi\u00e7 yorulmad\u0131n\u0131z m\u0131? Yaz\u0131k. Susmak, pi\u015fkinlik utan\u00e7 verici. Rab yard\u0131mc\u0131m\u0131z olsun.<\/p>\n<p>\u201cG\u00f6rd\u00fc\u011f\u00fc insan karde\u015fini sevmeyen, g\u00f6rmedi\u011fi Allah\u2019\u0131 seviyorum diyen yalanc\u0131d\u0131r.\u201d diyor Tanr\u0131 S\u00f6z\u00fc. Tekrarlanmamas\u0131 i\u00e7in, sorumluluk, duyarl\u0131l\u0131k, adalet ve do\u011frulukla pi\u015fmanl\u0131k gerekiyor. \u0130tiraf, \u00f6z\u00fcr ve t\u00f6vbe gerekiyor.<\/p>\n<p>Sevgili dostlar, o kadar \u00e7ok biriken ac\u0131lar, katliamlar, cinayetler, yaslar, davalar var ki, ac\u0131m\u0131z\u0131 dile getirmekten utan\u0131r olduk. Vatanda\u015f\u0131yla sorunlar\u0131 bitmeyen bir devletimiz var maalesef\u2026 Halbuki \u00f6ld\u00fcrmekten, d\u00fc\u015fmanl\u0131ktan, sava\u015ftan kim ne kazanm\u0131\u015ft\u0131r, \u00f6l\u00fcm\u00fcn, yas\u0131n, ac\u0131lar\u0131n, k\u0131tl\u0131\u011f\u0131n, bereketsizliklerin \u00e7o\u011falmas\u0131ndan ba\u015fka?<\/p>\n<p>Bar\u0131\u015f esenlik, sevgi, iyilik, bereketle sevin\u00e7 varken; neden k\u00f6t\u00fcl\u00fck, neden d\u00fc\u015fmanl\u0131k, neden zul\u00fcm, neden sava\u015flar? Bunlar Tanr\u0131\u2019ya da d\u00fc\u015fmanl\u0131kt\u0131r. Temiz eller b\u00f6yle mi olur? Bu vir\u00fcs hangi sabunla temizlenir. \u0130nsan onuru b\u00f6yle mi korunur? Devletler, y\u00f6netimler b\u00f6yle mi onurlu olur?\u201d<\/p>\n<p><strong>\u201c14 y\u0131lda bir cinayet davas\u0131n\u0131 \u00e7\u00f6zemediler!\u201d<\/strong><br \/>\n\u201cE\u015fimin davas\u0131 14 y\u0131ld\u0131r devam ediyor. Bu 14 y\u0131lda bir cinayet davas\u0131n\u0131 \u00e7\u00f6zemediler! \u00c7\u00f6zemediler, \u00e7\u00fcnk\u00fc maksat \u00e7\u00f6zmek de\u011fil. Nas\u0131l kapat\u0131r\u0131z diye \u00e7abal\u0131yorlar ama her yere o kadar bula\u015fm\u0131\u015f ki bir t\u00fcrl\u00fc paketleyemiyorlar. \u015eu kadar y\u0131ld\u0131r etkili bir soru\u015fturma y\u00fcr\u00fctememek ba\u015fka nas\u0131l izah edilebilir? \u015eu kadar senedir tehdit edenlerin, hedef g\u00f6sterenlerin bir kere bile sorgulanmam\u0131\u015f olmalar\u0131, ba\u015fka nas\u0131l a\u00e7\u0131klanabilir? Yak\u0131nda davada yine bir karar \u00e7\u0131kar\u0131p bitti demeye \u00e7al\u0131\u015facaklar. Bitti\u011finden eminseniz neden avukatlar\u0131m\u0131z\u0131n taleplerini reddediyorsunuz? Neden tehdit edenleri, hedef g\u00f6sterenleri ve azmettirenleri soru\u015fturmuyorsunuz?<\/p>\n<p>14 y\u0131ld\u0131r bu \u00fclkede nice ittifaklar kuruldu, bozuldu. Ona g\u00f6re bizim dava da renk de\u011fi\u015ftirdi durdu. \u0130nsan d\u00fc\u015f\u00fcnmeden edemiyor: acaba bu defa hangi ittifaktaki kimlere dokunuyor?<\/p>\n<p>Basit\u00e7e s\u00f6yleyelim, Hrant\u2019\u0131 FET\u00d6 \u00f6ld\u00fcrd\u00fc demek, \u201cben yapmad\u0131m elim yapt\u0131\u201d demektir. Hrant\u2019\u0131 Erkenekon \u00f6ld\u00fcrm\u00fc\u015f demek, \u201cben yapmad\u0131m aya\u011f\u0131m yapt\u0131\u201d demektir. Y\u0131llarca dilinle ba\u011f\u0131ra ba\u011f\u0131ra, aya\u011f\u0131nla y\u00fcr\u00fcyerek buraya geldin. Ve silah\u0131 iki elinle tutup teti\u011fi \u00e7ektin. \u00c7uta\u011f\u0131m\u0131 \u00f6ld\u00fcrd\u00fcn. Sen aya\u011f\u0131n, sen elin, sen dilin de\u011filsen nesin? 14 y\u0131ld\u0131r g\u00f6revini lay\u0131\u011f\u0131yla yapt\u0131\u011f\u0131n\u0131 kan\u0131tlamaya \u00e7al\u0131\u015fan onca inkarc\u0131n\u0131n, san\u0131klar\u0131n ve tan\u0131klar\u0131n arkas\u0131nda bir garip devlet g\u00f6r\u00fcnt\u00fcs\u00fc var. Katil olmad\u0131\u011f\u0131n\u0131 kan\u0131tlamak i\u00e7in adeta aptal oldu\u011funu kan\u0131tlamaya \u00e7al\u0131\u015fan bir devlet\u2026 B\u0131rak\u0131n hangi duvar, hangi bina y\u0131k\u0131l\u0131rsa y\u0131k\u0131ls\u0131n. Bu halk bundan iyisini in\u015fa edecektir. \u0130n\u015fa edemeyecekse zaten harabedir.<\/p>\n<p>Rabb\u2019in i\u011frendi\u011fi yedi \u015fey vard\u0131r. Maalesef gururdan, yalandan ge\u00e7ilmiyor. \u0130nsan \u00f6ld\u00fcrenler, d\u00fczenbazlar, k\u00f6t\u00fcl\u00fckten zevk alanlar \u00e7o\u011fald\u0131k\u00e7a \u00e7o\u011fal\u0131yor. Ve maalesef ay\u0131r\u0131mc\u0131 zihniyet, \u00e7eki\u015fmeler, d\u00fc\u015fmanl\u0131k ve yalanc\u0131l\u0131k soluyarak beslenip semizleniyor. \u00dclkemiz i\u00e7in yas tutsak yeridir, \u00e7\u00fcnk\u00fc hepsi fazlas\u0131yla var.\u201d<\/p>\n<p><em><strong>https:\/\/t24.com.tr\/haber\/canli-hrant-dink-katledilisinin-14-yilinda-sanal-ortamda-aniliyor,927525\u00a0<\/strong><\/em><\/p>\n","protected":false},"excerpt":{"rendered":"<p>Gazeteci Hrant Dink, katledili\u015finin 14. y\u0131l\u0131nda Covid-19 sebebiyle sanal ortamda an\u0131ld\u0131. Her y\u0131l, Agos gazetesi \u00f6n\u00fcnde yap\u0131lan anma t\u00f6reni bu y\u0131l salg\u0131n nedeniyle sanal ortamda ger\u00e7ekle\u015fti. D\u00fcnyan\u0131n her yerinden Hrant\u2019\u0131n Arkada\u015flar\u0131, \u201cBuradas\u0131n Ahparig\u201d yazan pankartlar\u0131n\u0131 Hrant Dink\u2019in \u00f6ld\u00fcr\u00fcld\u00fc\u011f\u00fc yere b\u0131rakt\u0131. Hrant Dink\u2019in e\u015fi Rakel Dink anma konu\u015fmas\u0131nda \u201cHrant\u2019\u0131 \u2018FET\u00d6 \u00f6ld\u00fcrd\u00fc\u2019 demek \u2018ben yapmad\u0131m elim yapt\u0131\u2019, [&hellip;]<\/p>\n","protected":false},"author":7,"featured_media":61057,"comment_status":"open","ping_status":"open","sticky":false,"template":"","format":"standard","meta":{"footnotes":""},"categories":[1],"tags":[],"class_list":["post-61056","post","type-post","status-publish","format-standard","has-post-thumbnail","hentry","category-haberler"],"yoast_head":"<!-- This site is optimized with the Yoast SEO plugin v27.4 - https:\/\/yoast.com\/product\/yoast-seo-wordpress\/ -->\n<title>Rakel Dink: Hrant\u2019\u0131 \u2018FET\u00d6 \u00f6ld\u00fcrd\u00fc\u2019 demek \u2018ben yapmad\u0131m elim yapt\u0131\u2019, \u2018Ergenekon yapt\u0131\u2019 demek de \u2018ben yapmad\u0131m aya\u011f\u0131m yapt\u0131\u2019 demektir - Bati Ermenistan Ve Bati Ermenileri Sorunlari Ara\u015ftirmalar Merkezi<\/title>\n<meta name=\"robots\" content=\"index, follow, max-snippet:-1, max-image-preview:large, max-video-preview:-1\" \/>\n<link rel=\"canonical\" href=\"https:\/\/akunq.net\/tr\/?p=61056\" \/>\n<meta property=\"og:locale\" content=\"en_US\" \/>\n<meta property=\"og:type\" content=\"article\" \/>\n<meta property=\"og:title\" content=\"Rakel Dink: Hrant\u2019\u0131 \u2018FET\u00d6 \u00f6ld\u00fcrd\u00fc\u2019 demek \u2018ben yapmad\u0131m elim yapt\u0131\u2019, \u2018Ergenekon yapt\u0131\u2019 demek de \u2018ben yapmad\u0131m aya\u011f\u0131m yapt\u0131\u2019 demektir - Bati Ermenistan Ve Bati Ermenileri Sorunlari Ara\u015ftirmalar Merkezi\" \/>\n<meta property=\"og:description\" content=\"Gazeteci Hrant Dink, katledili\u015finin 14. y\u0131l\u0131nda Covid-19 sebebiyle sanal ortamda an\u0131ld\u0131. Her y\u0131l, Agos gazetesi \u00f6n\u00fcnde yap\u0131lan anma t\u00f6reni bu y\u0131l salg\u0131n nedeniyle sanal ortamda ger\u00e7ekle\u015fti. D\u00fcnyan\u0131n her yerinden Hrant\u2019\u0131n Arkada\u015flar\u0131, \u201cBuradas\u0131n Ahparig\u201d yazan pankartlar\u0131n\u0131 Hrant Dink\u2019in \u00f6ld\u00fcr\u00fcld\u00fc\u011f\u00fc yere b\u0131rakt\u0131. Hrant Dink\u2019in e\u015fi Rakel Dink anma konu\u015fmas\u0131nda \u201cHrant\u2019\u0131 \u2018FET\u00d6 \u00f6ld\u00fcrd\u00fc\u2019 demek \u2018ben yapmad\u0131m elim yapt\u0131\u2019, [&hellip;]\" \/>\n<meta property=\"og:url\" content=\"https:\/\/akunq.net\/tr\/?p=61056\" \/>\n<meta property=\"og:site_name\" content=\"Bati Ermenistan Ve Bati Ermenileri Sorunlari Ara\u015ftirmalar Merkezi\" \/>\n<meta property=\"article:published_time\" content=\"2021-01-20T08:15:11+00:00\" \/>\n<meta property=\"og:image\" content=\"https:\/\/akunq.net\/tr\/wp-content\/uploads\/sites\/6\/2021\/01\/Rakel-Dink.jpg\" \/>\n\t<meta property=\"og:image:width\" content=\"1600\" \/>\n\t<meta property=\"og:image:height\" content=\"900\" \/>\n\t<meta property=\"og:image:type\" content=\"image\/jpeg\" \/>\n<meta name=\"author\" content=\"admin\" \/>\n<meta name=\"twitter:card\" content=\"summary_large_image\" \/>\n<meta name=\"twitter:label1\" content=\"Written by\" \/>\n\t<meta name=\"twitter:data1\" content=\"admin\" \/>\n\t<meta name=\"twitter:label2\" content=\"Est. reading time\" \/>\n\t<meta name=\"twitter:data2\" content=\"6 minutes\" \/>\n<script type=\"application\/ld+json\" class=\"yoast-schema-graph\">{\"@context\":\"https:\\\/\\\/schema.org\",\"@graph\":[{\"@type\":\"Article\",\"@id\":\"https:\\\/\\\/akunq.net\\\/tr\\\/?p=61056#article\",\"isPartOf\":{\"@id\":\"https:\\\/\\\/akunq.net\\\/tr\\\/?p=61056\"},\"author\":{\"name\":\"admin\",\"@id\":\"https:\\\/\\\/akunq.net\\\/tr\\\/#\\\/schema\\\/person\\\/096f1d38a12cce57fb855b485ed24c9e\"},\"headline\":\"Rakel Dink: Hrant\u2019\u0131 \u2018FET\u00d6 \u00f6ld\u00fcrd\u00fc\u2019 demek \u2018ben yapmad\u0131m elim yapt\u0131\u2019, \u2018Ergenekon yapt\u0131\u2019 demek de \u2018ben yapmad\u0131m aya\u011f\u0131m yapt\u0131\u2019 demektir\",\"datePublished\":\"2021-01-20T08:15:11+00:00\",\"mainEntityOfPage\":{\"@id\":\"https:\\\/\\\/akunq.net\\\/tr\\\/?p=61056\"},\"wordCount\":1149,\"commentCount\":0,\"image\":{\"@id\":\"https:\\\/\\\/akunq.net\\\/tr\\\/?p=61056#primaryimage\"},\"thumbnailUrl\":\"https:\\\/\\\/akunq.net\\\/tr\\\/wp-content\\\/uploads\\\/sites\\\/6\\\/2021\\\/01\\\/Rakel-Dink.jpg\",\"articleSection\":[\"Haberler\"],\"inLanguage\":\"en-US\",\"potentialAction\":[{\"@type\":\"CommentAction\",\"name\":\"Comment\",\"target\":[\"https:\\\/\\\/akunq.net\\\/tr\\\/?p=61056#respond\"]}]},{\"@type\":\"WebPage\",\"@id\":\"https:\\\/\\\/akunq.net\\\/tr\\\/?p=61056\",\"url\":\"https:\\\/\\\/akunq.net\\\/tr\\\/?p=61056\",\"name\":\"Rakel Dink: Hrant\u2019\u0131 \u2018FET\u00d6 \u00f6ld\u00fcrd\u00fc\u2019 demek \u2018ben yapmad\u0131m elim yapt\u0131\u2019, \u2018Ergenekon yapt\u0131\u2019 demek de \u2018ben yapmad\u0131m aya\u011f\u0131m yapt\u0131\u2019 demektir - Bati Ermenistan Ve Bati Ermenileri Sorunlari Ara\u015ftirmalar Merkezi\",\"isPartOf\":{\"@id\":\"https:\\\/\\\/akunq.net\\\/tr\\\/#website\"},\"primaryImageOfPage\":{\"@id\":\"https:\\\/\\\/akunq.net\\\/tr\\\/?p=61056#primaryimage\"},\"image\":{\"@id\":\"https:\\\/\\\/akunq.net\\\/tr\\\/?p=61056#primaryimage\"},\"thumbnailUrl\":\"https:\\\/\\\/akunq.net\\\/tr\\\/wp-content\\\/uploads\\\/sites\\\/6\\\/2021\\\/01\\\/Rakel-Dink.jpg\",\"datePublished\":\"2021-01-20T08:15:11+00:00\",\"author\":{\"@id\":\"https:\\\/\\\/akunq.net\\\/tr\\\/#\\\/schema\\\/person\\\/096f1d38a12cce57fb855b485ed24c9e\"},\"breadcrumb\":{\"@id\":\"https:\\\/\\\/akunq.net\\\/tr\\\/?p=61056#breadcrumb\"},\"inLanguage\":\"en-US\",\"potentialAction\":[{\"@type\":\"ReadAction\",\"target\":[\"https:\\\/\\\/akunq.net\\\/tr\\\/?p=61056\"]}]},{\"@type\":\"ImageObject\",\"inLanguage\":\"en-US\",\"@id\":\"https:\\\/\\\/akunq.net\\\/tr\\\/?p=61056#primaryimage\",\"url\":\"https:\\\/\\\/akunq.net\\\/tr\\\/wp-content\\\/uploads\\\/sites\\\/6\\\/2021\\\/01\\\/Rakel-Dink.jpg\",\"contentUrl\":\"https:\\\/\\\/akunq.net\\\/tr\\\/wp-content\\\/uploads\\\/sites\\\/6\\\/2021\\\/01\\\/Rakel-Dink.jpg\",\"width\":1600,\"height\":900},{\"@type\":\"BreadcrumbList\",\"@id\":\"https:\\\/\\\/akunq.net\\\/tr\\\/?p=61056#breadcrumb\",\"itemListElement\":[{\"@type\":\"ListItem\",\"position\":1,\"name\":\"Home\",\"item\":\"https:\\\/\\\/akunq.net\\\/tr\"},{\"@type\":\"ListItem\",\"position\":2,\"name\":\"Rakel Dink: Hrant\u2019\u0131 \u2018FET\u00d6 \u00f6ld\u00fcrd\u00fc\u2019 demek \u2018ben yapmad\u0131m elim yapt\u0131\u2019, \u2018Ergenekon yapt\u0131\u2019 demek de \u2018ben yapmad\u0131m aya\u011f\u0131m yapt\u0131\u2019 demektir\"}]},{\"@type\":\"WebSite\",\"@id\":\"https:\\\/\\\/akunq.net\\\/tr\\\/#website\",\"url\":\"https:\\\/\\\/akunq.net\\\/tr\\\/\",\"name\":\"Bati Ermenistan Ve Bati Ermenileri Sorunlari Ara\u015ftirmalar Merkezi\",\"description\":\"\",\"potentialAction\":[{\"@type\":\"SearchAction\",\"target\":{\"@type\":\"EntryPoint\",\"urlTemplate\":\"https:\\\/\\\/akunq.net\\\/tr\\\/?s={search_term_string}\"},\"query-input\":{\"@type\":\"PropertyValueSpecification\",\"valueRequired\":true,\"valueName\":\"search_term_string\"}}],\"inLanguage\":\"en-US\"},{\"@type\":\"Person\",\"@id\":\"https:\\\/\\\/akunq.net\\\/tr\\\/#\\\/schema\\\/person\\\/096f1d38a12cce57fb855b485ed24c9e\",\"name\":\"admin\",\"url\":\"https:\\\/\\\/akunq.net\\\/tr\\\/?author=7\"}]}<\/script>\n<!-- \/ Yoast SEO plugin. -->","yoast_head_json":{"title":"Rakel Dink: Hrant\u2019\u0131 \u2018FET\u00d6 \u00f6ld\u00fcrd\u00fc\u2019 demek \u2018ben yapmad\u0131m elim yapt\u0131\u2019, \u2018Ergenekon yapt\u0131\u2019 demek de \u2018ben yapmad\u0131m aya\u011f\u0131m yapt\u0131\u2019 demektir - Bati Ermenistan Ve Bati Ermenileri Sorunlari Ara\u015ftirmalar Merkezi","robots":{"index":"index","follow":"follow","max-snippet":"max-snippet:-1","max-image-preview":"max-image-preview:large","max-video-preview":"max-video-preview:-1"},"canonical":"https:\/\/akunq.net\/tr\/?p=61056","og_locale":"en_US","og_type":"article","og_title":"Rakel Dink: Hrant\u2019\u0131 \u2018FET\u00d6 \u00f6ld\u00fcrd\u00fc\u2019 demek \u2018ben yapmad\u0131m elim yapt\u0131\u2019, \u2018Ergenekon yapt\u0131\u2019 demek de \u2018ben yapmad\u0131m aya\u011f\u0131m yapt\u0131\u2019 demektir - Bati Ermenistan Ve Bati Ermenileri Sorunlari Ara\u015ftirmalar Merkezi","og_description":"Gazeteci Hrant Dink, katledili\u015finin 14. y\u0131l\u0131nda Covid-19 sebebiyle sanal ortamda an\u0131ld\u0131. Her y\u0131l, Agos gazetesi \u00f6n\u00fcnde yap\u0131lan anma t\u00f6reni bu y\u0131l salg\u0131n nedeniyle sanal ortamda ger\u00e7ekle\u015fti. D\u00fcnyan\u0131n her yerinden Hrant\u2019\u0131n Arkada\u015flar\u0131, \u201cBuradas\u0131n Ahparig\u201d yazan pankartlar\u0131n\u0131 Hrant Dink\u2019in \u00f6ld\u00fcr\u00fcld\u00fc\u011f\u00fc yere b\u0131rakt\u0131. Hrant Dink\u2019in e\u015fi Rakel Dink anma konu\u015fmas\u0131nda \u201cHrant\u2019\u0131 \u2018FET\u00d6 \u00f6ld\u00fcrd\u00fc\u2019 demek \u2018ben yapmad\u0131m elim yapt\u0131\u2019, [&hellip;]","og_url":"https:\/\/akunq.net\/tr\/?p=61056","og_site_name":"Bati Ermenistan Ve Bati Ermenileri Sorunlari Ara\u015ftirmalar Merkezi","article_published_time":"2021-01-20T08:15:11+00:00","og_image":[{"width":1600,"height":900,"url":"https:\/\/akunq.net\/tr\/wp-content\/uploads\/sites\/6\/2021\/01\/Rakel-Dink.jpg","type":"image\/jpeg"}],"author":"admin","twitter_card":"summary_large_image","twitter_misc":{"Written by":"admin","Est. reading time":"6 minutes"},"schema":{"@context":"https:\/\/schema.org","@graph":[{"@type":"Article","@id":"https:\/\/akunq.net\/tr\/?p=61056#article","isPartOf":{"@id":"https:\/\/akunq.net\/tr\/?p=61056"},"author":{"name":"admin","@id":"https:\/\/akunq.net\/tr\/#\/schema\/person\/096f1d38a12cce57fb855b485ed24c9e"},"headline":"Rakel Dink: Hrant\u2019\u0131 \u2018FET\u00d6 \u00f6ld\u00fcrd\u00fc\u2019 demek \u2018ben yapmad\u0131m elim yapt\u0131\u2019, \u2018Ergenekon yapt\u0131\u2019 demek de \u2018ben yapmad\u0131m aya\u011f\u0131m yapt\u0131\u2019 demektir","datePublished":"2021-01-20T08:15:11+00:00","mainEntityOfPage":{"@id":"https:\/\/akunq.net\/tr\/?p=61056"},"wordCount":1149,"commentCount":0,"image":{"@id":"https:\/\/akunq.net\/tr\/?p=61056#primaryimage"},"thumbnailUrl":"https:\/\/akunq.net\/tr\/wp-content\/uploads\/sites\/6\/2021\/01\/Rakel-Dink.jpg","articleSection":["Haberler"],"inLanguage":"en-US","potentialAction":[{"@type":"CommentAction","name":"Comment","target":["https:\/\/akunq.net\/tr\/?p=61056#respond"]}]},{"@type":"WebPage","@id":"https:\/\/akunq.net\/tr\/?p=61056","url":"https:\/\/akunq.net\/tr\/?p=61056","name":"Rakel Dink: Hrant\u2019\u0131 \u2018FET\u00d6 \u00f6ld\u00fcrd\u00fc\u2019 demek \u2018ben yapmad\u0131m elim yapt\u0131\u2019, \u2018Ergenekon yapt\u0131\u2019 demek de \u2018ben yapmad\u0131m aya\u011f\u0131m yapt\u0131\u2019 demektir - Bati Ermenistan Ve Bati Ermenileri Sorunlari Ara\u015ftirmalar Merkezi","isPartOf":{"@id":"https:\/\/akunq.net\/tr\/#website"},"primaryImageOfPage":{"@id":"https:\/\/akunq.net\/tr\/?p=61056#primaryimage"},"image":{"@id":"https:\/\/akunq.net\/tr\/?p=61056#primaryimage"},"thumbnailUrl":"https:\/\/akunq.net\/tr\/wp-content\/uploads\/sites\/6\/2021\/01\/Rakel-Dink.jpg","datePublished":"2021-01-20T08:15:11+00:00","author":{"@id":"https:\/\/akunq.net\/tr\/#\/schema\/person\/096f1d38a12cce57fb855b485ed24c9e"},"breadcrumb":{"@id":"https:\/\/akunq.net\/tr\/?p=61056#breadcrumb"},"inLanguage":"en-US","potentialAction":[{"@type":"ReadAction","target":["https:\/\/akunq.net\/tr\/?p=61056"]}]},{"@type":"ImageObject","inLanguage":"en-US","@id":"https:\/\/akunq.net\/tr\/?p=61056#primaryimage","url":"https:\/\/akunq.net\/tr\/wp-content\/uploads\/sites\/6\/2021\/01\/Rakel-Dink.jpg","contentUrl":"https:\/\/akunq.net\/tr\/wp-content\/uploads\/sites\/6\/2021\/01\/Rakel-Dink.jpg","width":1600,"height":900},{"@type":"BreadcrumbList","@id":"https:\/\/akunq.net\/tr\/?p=61056#breadcrumb","itemListElement":[{"@type":"ListItem","position":1,"name":"Home","item":"https:\/\/akunq.net\/tr"},{"@type":"ListItem","position":2,"name":"Rakel Dink: Hrant\u2019\u0131 \u2018FET\u00d6 \u00f6ld\u00fcrd\u00fc\u2019 demek \u2018ben yapmad\u0131m elim yapt\u0131\u2019, \u2018Ergenekon yapt\u0131\u2019 demek de \u2018ben yapmad\u0131m aya\u011f\u0131m yapt\u0131\u2019 demektir"}]},{"@type":"WebSite","@id":"https:\/\/akunq.net\/tr\/#website","url":"https:\/\/akunq.net\/tr\/","name":"Bati Ermenistan Ve Bati Ermenileri Sorunlari Ara\u015ftirmalar Merkezi","description":"","potentialAction":[{"@type":"SearchAction","target":{"@type":"EntryPoint","urlTemplate":"https:\/\/akunq.net\/tr\/?s={search_term_string}"},"query-input":{"@type":"PropertyValueSpecification","valueRequired":true,"valueName":"search_term_string"}}],"inLanguage":"en-US"},{"@type":"Person","@id":"https:\/\/akunq.net\/tr\/#\/schema\/person\/096f1d38a12cce57fb855b485ed24c9e","name":"admin","url":"https:\/\/akunq.net\/tr\/?author=7"}]}},"_links":{"self":[{"href":"https:\/\/akunq.net\/tr\/index.php?rest_route=\/wp\/v2\/posts\/61056","targetHints":{"allow":["GET"]}}],"collection":[{"href":"https:\/\/akunq.net\/tr\/index.php?rest_route=\/wp\/v2\/posts"}],"about":[{"href":"https:\/\/akunq.net\/tr\/index.php?rest_route=\/wp\/v2\/types\/post"}],"author":[{"embeddable":true,"href":"https:\/\/akunq.net\/tr\/index.php?rest_route=\/wp\/v2\/users\/7"}],"replies":[{"embeddable":true,"href":"https:\/\/akunq.net\/tr\/index.php?rest_route=%2Fwp%2Fv2%2Fcomments&post=61056"}],"version-history":[{"count":1,"href":"https:\/\/akunq.net\/tr\/index.php?rest_route=\/wp\/v2\/posts\/61056\/revisions"}],"predecessor-version":[{"id":61058,"href":"https:\/\/akunq.net\/tr\/index.php?rest_route=\/wp\/v2\/posts\/61056\/revisions\/61058"}],"wp:featuredmedia":[{"embeddable":true,"href":"https:\/\/akunq.net\/tr\/index.php?rest_route=\/wp\/v2\/media\/61057"}],"wp:attachment":[{"href":"https:\/\/akunq.net\/tr\/index.php?rest_route=%2Fwp%2Fv2%2Fmedia&parent=61056"}],"wp:term":[{"taxonomy":"category","embeddable":true,"href":"https:\/\/akunq.net\/tr\/index.php?rest_route=%2Fwp%2Fv2%2Fcategories&post=61056"},{"taxonomy":"post_tag","embeddable":true,"href":"https:\/\/akunq.net\/tr\/index.php?rest_route=%2Fwp%2Fv2%2Ftags&post=61056"}],"curies":[{"name":"wp","href":"https:\/\/api.w.org\/{rel}","templated":true}]}}