{"id":61050,"date":"2021-01-20T02:56:24","date_gmt":"2021-01-20T07:56:24","guid":{"rendered":"https:\/\/akunq.net\/tr\/?p=61050"},"modified":"2021-01-20T02:56:24","modified_gmt":"2021-01-20T07:56:24","slug":"imamoglu-hrant-dinkin-buyudugu-yetimhanenin-yerine-genclik-merkezi-kurulacak","status":"publish","type":"post","link":"https:\/\/akunq.net\/tr\/?p=61050","title":{"rendered":"\u0130mamo\u011flu: Hrant Dink\u2019in b\u00fcy\u00fcd\u00fc\u011f\u00fc yetimhanenin yerine gen\u00e7lik merkezi kurulacak"},"content":{"rendered":"<p><img loading=\"lazy\" decoding=\"async\" class=\"aligncenter size-medium wp-image-61051\" src=\"https:\/\/akunq.net\/tr\/wp-content\/uploads\/2021\/01\/Dink-360x208.jpeg\" alt=\"\" width=\"360\" height=\"208\" srcset=\"https:\/\/akunq.net\/tr\/wp-content\/uploads\/sites\/6\/2021\/01\/Dink-360x208.jpeg 360w, https:\/\/akunq.net\/tr\/wp-content\/uploads\/sites\/6\/2021\/01\/Dink-768x444.jpeg 768w, https:\/\/akunq.net\/tr\/wp-content\/uploads\/sites\/6\/2021\/01\/Dink-560x324.jpeg 560w, https:\/\/akunq.net\/tr\/wp-content\/uploads\/sites\/6\/2021\/01\/Dink-260x150.jpeg 260w, https:\/\/akunq.net\/tr\/wp-content\/uploads\/sites\/6\/2021\/01\/Dink-160x93.jpeg 160w, https:\/\/akunq.net\/tr\/wp-content\/uploads\/sites\/6\/2021\/01\/Dink.jpeg 800w\" sizes=\"auto, (max-width: 360px) 100vw, 360px\" \/><\/p>\n<p><em><strong>\u0130stanbul B\u00fcy\u00fck\u015fehir Belediyesi Ba\u015fkan\u0131 Ekrem \u0130mamo\u011flu, sosyal medya hesab\u0131ndan Agos Gazetesi Genel Yay\u0131n Y\u00f6netmeni Hrant Dink\u2019in katledili\u015finin 14. y\u0131l d\u00f6n\u00fcm\u00fcnde bir payla\u015f\u0131m yapt\u0131. \u0130mamo\u011flu, Dink\u2019in b\u00fcy\u00fcd\u00fc\u011f\u00fc Tuzla Ermeni Yetimhanesi\u2019nin Kamp Armen Gen\u00e7lik Merkezi\u2019ne d\u00f6n\u00fc\u015ft\u00fcr\u00fclece\u011fini a\u00e7\u0131klad\u0131.<\/strong><\/em><\/p>\n<p>\u0130mamo\u011flu, \u0130BB meclisinden oybirli\u011fi ile \u00e7\u0131kan karar do\u011frultusunda Tuzla Ermeni Yetimhanesi\u2019nin alan\u0131yla ilgili plan de\u011fi\u015fikli\u011finin kabul edildi\u011fini s\u00f6yledi. Kamp Armen Gen\u00e7lik Merkezi olarak kullan\u0131lacak yetimhanenin plan \u00e7al\u0131\u015fmalar\u0131 ba\u015flad\u0131.<\/p>\n<p><strong>\u2018HERHANG\u0130 B\u0130R ENGEL KALMADI\u2019<\/strong><\/p>\n<p>\u0130mamo\u011flu\u2019nun payla\u015f\u0131m\u0131 \u015f\u00f6yle:<\/p>\n<p>\u201cAn\u0131s\u0131na sayg\u0131yla\u2026<\/p>\n<p>Gazeteci Hrant Dink\u2019in b\u00fcy\u00fcd\u00fc\u011f\u00fc Tuzla Ermeni Yetimhanesi\u2019nin alan\u0131yla ilgili plan de\u011fi\u015fikli\u011fi \u0130BB Meclisimizden oy birli\u011fiyle ge\u00e7ti. B\u00f6ylece, kurulacak Kamp Armen Gen\u00e7lik Merkezi\u2019nin \u00f6n\u00fcnde herhangi bir engel kalmad\u0131. Vefat y\u0131l d\u00f6n\u00fcm\u00fcnde rahmetle an\u0131yorum.\u201d<\/p>\n<p><em><strong>https:\/\/artigercek.com\/haberler\/hrant-dink-in-buyudugu-yetimhanenin-yerine-kamp-armen-genclik-merkezi-kurulacak\u00a0<\/strong><\/em><\/p>\n","protected":false},"excerpt":{"rendered":"<p>\u0130stanbul B\u00fcy\u00fck\u015fehir Belediyesi Ba\u015fkan\u0131 Ekrem \u0130mamo\u011flu, sosyal medya hesab\u0131ndan Agos Gazetesi Genel Yay\u0131n Y\u00f6netmeni Hrant Dink\u2019in katledili\u015finin 14. y\u0131l d\u00f6n\u00fcm\u00fcnde bir payla\u015f\u0131m yapt\u0131. \u0130mamo\u011flu, Dink\u2019in b\u00fcy\u00fcd\u00fc\u011f\u00fc Tuzla Ermeni Yetimhanesi\u2019nin Kamp Armen Gen\u00e7lik Merkezi\u2019ne d\u00f6n\u00fc\u015ft\u00fcr\u00fclece\u011fini a\u00e7\u0131klad\u0131. \u0130mamo\u011flu, \u0130BB meclisinden oybirli\u011fi ile \u00e7\u0131kan karar do\u011frultusunda Tuzla Ermeni Yetimhanesi\u2019nin alan\u0131yla ilgili plan de\u011fi\u015fikli\u011finin kabul edildi\u011fini s\u00f6yledi. Kamp Armen [&hellip;]<\/p>\n","protected":false},"author":7,"featured_media":61051,"comment_status":"open","ping_status":"open","sticky":false,"template":"","format":"standard","meta":{"footnotes":""},"categories":[1],"tags":[],"class_list":["post-61050","post","type-post","status-publish","format-standard","has-post-thumbnail","hentry","category-haberler"],"yoast_head":"<!-- This site is optimized with the Yoast SEO plugin v27.4 - https:\/\/yoast.com\/product\/yoast-seo-wordpress\/ -->\n<title>\u0130mamo\u011flu: Hrant Dink\u2019in b\u00fcy\u00fcd\u00fc\u011f\u00fc yetimhanenin yerine gen\u00e7lik merkezi kurulacak - Bati Ermenistan Ve Bati Ermenileri Sorunlari Ara\u015ftirmalar Merkezi<\/title>\n<meta name=\"robots\" content=\"index, follow, max-snippet:-1, max-image-preview:large, max-video-preview:-1\" \/>\n<link rel=\"canonical\" href=\"https:\/\/akunq.net\/tr\/?p=61050\" \/>\n<meta property=\"og:locale\" content=\"en_US\" \/>\n<meta property=\"og:type\" content=\"article\" \/>\n<meta property=\"og:title\" content=\"\u0130mamo\u011flu: Hrant Dink\u2019in b\u00fcy\u00fcd\u00fc\u011f\u00fc yetimhanenin yerine gen\u00e7lik merkezi kurulacak - Bati Ermenistan Ve Bati Ermenileri Sorunlari Ara\u015ftirmalar Merkezi\" \/>\n<meta property=\"og:description\" content=\"\u0130stanbul B\u00fcy\u00fck\u015fehir Belediyesi Ba\u015fkan\u0131 Ekrem \u0130mamo\u011flu, sosyal medya hesab\u0131ndan Agos Gazetesi Genel Yay\u0131n Y\u00f6netmeni Hrant Dink\u2019in katledili\u015finin 14. y\u0131l d\u00f6n\u00fcm\u00fcnde bir payla\u015f\u0131m yapt\u0131. \u0130mamo\u011flu, Dink\u2019in b\u00fcy\u00fcd\u00fc\u011f\u00fc Tuzla Ermeni Yetimhanesi\u2019nin Kamp Armen Gen\u00e7lik Merkezi\u2019ne d\u00f6n\u00fc\u015ft\u00fcr\u00fclece\u011fini a\u00e7\u0131klad\u0131. \u0130mamo\u011flu, \u0130BB meclisinden oybirli\u011fi ile \u00e7\u0131kan karar do\u011frultusunda Tuzla Ermeni Yetimhanesi\u2019nin alan\u0131yla ilgili plan de\u011fi\u015fikli\u011finin kabul edildi\u011fini s\u00f6yledi. Kamp Armen [&hellip;]\" \/>\n<meta property=\"og:url\" content=\"https:\/\/akunq.net\/tr\/?p=61050\" \/>\n<meta property=\"og:site_name\" content=\"Bati Ermenistan Ve Bati Ermenileri Sorunlari Ara\u015ftirmalar Merkezi\" \/>\n<meta property=\"article:published_time\" content=\"2021-01-20T07:56:24+00:00\" \/>\n<meta property=\"og:image\" content=\"https:\/\/akunq.net\/tr\/wp-content\/uploads\/sites\/6\/2021\/01\/Dink.jpeg\" \/>\n\t<meta property=\"og:image:width\" content=\"800\" \/>\n\t<meta property=\"og:image:height\" content=\"463\" \/>\n\t<meta property=\"og:image:type\" content=\"image\/jpeg\" \/>\n<meta name=\"author\" content=\"admin\" \/>\n<meta name=\"twitter:card\" content=\"summary_large_image\" \/>\n<meta name=\"twitter:label1\" content=\"Written by\" \/>\n\t<meta name=\"twitter:data1\" content=\"admin\" \/>\n\t<meta name=\"twitter:label2\" content=\"Est. reading time\" \/>\n\t<meta name=\"twitter:data2\" content=\"1 minute\" \/>\n<script type=\"application\/ld+json\" class=\"yoast-schema-graph\">{\"@context\":\"https:\\\/\\\/schema.org\",\"@graph\":[{\"@type\":\"Article\",\"@id\":\"https:\\\/\\\/akunq.net\\\/tr\\\/?p=61050#article\",\"isPartOf\":{\"@id\":\"https:\\\/\\\/akunq.net\\\/tr\\\/?p=61050\"},\"author\":{\"name\":\"admin\",\"@id\":\"https:\\\/\\\/akunq.net\\\/tr\\\/#\\\/schema\\\/person\\\/096f1d38a12cce57fb855b485ed24c9e\"},\"headline\":\"\u0130mamo\u011flu: Hrant Dink\u2019in b\u00fcy\u00fcd\u00fc\u011f\u00fc yetimhanenin yerine gen\u00e7lik merkezi kurulacak\",\"datePublished\":\"2021-01-20T07:56:24+00:00\",\"mainEntityOfPage\":{\"@id\":\"https:\\\/\\\/akunq.net\\\/tr\\\/?p=61050\"},\"wordCount\":190,\"commentCount\":0,\"image\":{\"@id\":\"https:\\\/\\\/akunq.net\\\/tr\\\/?p=61050#primaryimage\"},\"thumbnailUrl\":\"https:\\\/\\\/akunq.net\\\/tr\\\/wp-content\\\/uploads\\\/sites\\\/6\\\/2021\\\/01\\\/Dink.jpeg\",\"articleSection\":[\"Haberler\"],\"inLanguage\":\"en-US\",\"potentialAction\":[{\"@type\":\"CommentAction\",\"name\":\"Comment\",\"target\":[\"https:\\\/\\\/akunq.net\\\/tr\\\/?p=61050#respond\"]}]},{\"@type\":\"WebPage\",\"@id\":\"https:\\\/\\\/akunq.net\\\/tr\\\/?p=61050\",\"url\":\"https:\\\/\\\/akunq.net\\\/tr\\\/?p=61050\",\"name\":\"\u0130mamo\u011flu: Hrant Dink\u2019in b\u00fcy\u00fcd\u00fc\u011f\u00fc yetimhanenin yerine gen\u00e7lik merkezi kurulacak - Bati Ermenistan Ve Bati Ermenileri Sorunlari Ara\u015ftirmalar Merkezi\",\"isPartOf\":{\"@id\":\"https:\\\/\\\/akunq.net\\\/tr\\\/#website\"},\"primaryImageOfPage\":{\"@id\":\"https:\\\/\\\/akunq.net\\\/tr\\\/?p=61050#primaryimage\"},\"image\":{\"@id\":\"https:\\\/\\\/akunq.net\\\/tr\\\/?p=61050#primaryimage\"},\"thumbnailUrl\":\"https:\\\/\\\/akunq.net\\\/tr\\\/wp-content\\\/uploads\\\/sites\\\/6\\\/2021\\\/01\\\/Dink.jpeg\",\"datePublished\":\"2021-01-20T07:56:24+00:00\",\"author\":{\"@id\":\"https:\\\/\\\/akunq.net\\\/tr\\\/#\\\/schema\\\/person\\\/096f1d38a12cce57fb855b485ed24c9e\"},\"breadcrumb\":{\"@id\":\"https:\\\/\\\/akunq.net\\\/tr\\\/?p=61050#breadcrumb\"},\"inLanguage\":\"en-US\",\"potentialAction\":[{\"@type\":\"ReadAction\",\"target\":[\"https:\\\/\\\/akunq.net\\\/tr\\\/?p=61050\"]}]},{\"@type\":\"ImageObject\",\"inLanguage\":\"en-US\",\"@id\":\"https:\\\/\\\/akunq.net\\\/tr\\\/?p=61050#primaryimage\",\"url\":\"https:\\\/\\\/akunq.net\\\/tr\\\/wp-content\\\/uploads\\\/sites\\\/6\\\/2021\\\/01\\\/Dink.jpeg\",\"contentUrl\":\"https:\\\/\\\/akunq.net\\\/tr\\\/wp-content\\\/uploads\\\/sites\\\/6\\\/2021\\\/01\\\/Dink.jpeg\",\"width\":800,\"height\":463},{\"@type\":\"BreadcrumbList\",\"@id\":\"https:\\\/\\\/akunq.net\\\/tr\\\/?p=61050#breadcrumb\",\"itemListElement\":[{\"@type\":\"ListItem\",\"position\":1,\"name\":\"Home\",\"item\":\"https:\\\/\\\/akunq.net\\\/tr\"},{\"@type\":\"ListItem\",\"position\":2,\"name\":\"\u0130mamo\u011flu: Hrant Dink\u2019in b\u00fcy\u00fcd\u00fc\u011f\u00fc yetimhanenin yerine gen\u00e7lik merkezi kurulacak\"}]},{\"@type\":\"WebSite\",\"@id\":\"https:\\\/\\\/akunq.net\\\/tr\\\/#website\",\"url\":\"https:\\\/\\\/akunq.net\\\/tr\\\/\",\"name\":\"Bati Ermenistan Ve Bati Ermenileri Sorunlari Ara\u015ftirmalar Merkezi\",\"description\":\"\",\"potentialAction\":[{\"@type\":\"SearchAction\",\"target\":{\"@type\":\"EntryPoint\",\"urlTemplate\":\"https:\\\/\\\/akunq.net\\\/tr\\\/?s={search_term_string}\"},\"query-input\":{\"@type\":\"PropertyValueSpecification\",\"valueRequired\":true,\"valueName\":\"search_term_string\"}}],\"inLanguage\":\"en-US\"},{\"@type\":\"Person\",\"@id\":\"https:\\\/\\\/akunq.net\\\/tr\\\/#\\\/schema\\\/person\\\/096f1d38a12cce57fb855b485ed24c9e\",\"name\":\"admin\",\"url\":\"https:\\\/\\\/akunq.net\\\/tr\\\/?author=7\"}]}<\/script>\n<!-- \/ Yoast SEO plugin. -->","yoast_head_json":{"title":"\u0130mamo\u011flu: Hrant Dink\u2019in b\u00fcy\u00fcd\u00fc\u011f\u00fc yetimhanenin yerine gen\u00e7lik merkezi kurulacak - Bati Ermenistan Ve Bati Ermenileri Sorunlari Ara\u015ftirmalar Merkezi","robots":{"index":"index","follow":"follow","max-snippet":"max-snippet:-1","max-image-preview":"max-image-preview:large","max-video-preview":"max-video-preview:-1"},"canonical":"https:\/\/akunq.net\/tr\/?p=61050","og_locale":"en_US","og_type":"article","og_title":"\u0130mamo\u011flu: Hrant Dink\u2019in b\u00fcy\u00fcd\u00fc\u011f\u00fc yetimhanenin yerine gen\u00e7lik merkezi kurulacak - Bati Ermenistan Ve Bati Ermenileri Sorunlari Ara\u015ftirmalar Merkezi","og_description":"\u0130stanbul B\u00fcy\u00fck\u015fehir Belediyesi Ba\u015fkan\u0131 Ekrem \u0130mamo\u011flu, sosyal medya hesab\u0131ndan Agos Gazetesi Genel Yay\u0131n Y\u00f6netmeni Hrant Dink\u2019in katledili\u015finin 14. y\u0131l d\u00f6n\u00fcm\u00fcnde bir payla\u015f\u0131m yapt\u0131. \u0130mamo\u011flu, Dink\u2019in b\u00fcy\u00fcd\u00fc\u011f\u00fc Tuzla Ermeni Yetimhanesi\u2019nin Kamp Armen Gen\u00e7lik Merkezi\u2019ne d\u00f6n\u00fc\u015ft\u00fcr\u00fclece\u011fini a\u00e7\u0131klad\u0131. \u0130mamo\u011flu, \u0130BB meclisinden oybirli\u011fi ile \u00e7\u0131kan karar do\u011frultusunda Tuzla Ermeni Yetimhanesi\u2019nin alan\u0131yla ilgili plan de\u011fi\u015fikli\u011finin kabul edildi\u011fini s\u00f6yledi. Kamp Armen [&hellip;]","og_url":"https:\/\/akunq.net\/tr\/?p=61050","og_site_name":"Bati Ermenistan Ve Bati Ermenileri Sorunlari Ara\u015ftirmalar Merkezi","article_published_time":"2021-01-20T07:56:24+00:00","og_image":[{"width":800,"height":463,"url":"https:\/\/akunq.net\/tr\/wp-content\/uploads\/sites\/6\/2021\/01\/Dink.jpeg","type":"image\/jpeg"}],"author":"admin","twitter_card":"summary_large_image","twitter_misc":{"Written by":"admin","Est. reading time":"1 minute"},"schema":{"@context":"https:\/\/schema.org","@graph":[{"@type":"Article","@id":"https:\/\/akunq.net\/tr\/?p=61050#article","isPartOf":{"@id":"https:\/\/akunq.net\/tr\/?p=61050"},"author":{"name":"admin","@id":"https:\/\/akunq.net\/tr\/#\/schema\/person\/096f1d38a12cce57fb855b485ed24c9e"},"headline":"\u0130mamo\u011flu: Hrant Dink\u2019in b\u00fcy\u00fcd\u00fc\u011f\u00fc yetimhanenin yerine gen\u00e7lik merkezi kurulacak","datePublished":"2021-01-20T07:56:24+00:00","mainEntityOfPage":{"@id":"https:\/\/akunq.net\/tr\/?p=61050"},"wordCount":190,"commentCount":0,"image":{"@id":"https:\/\/akunq.net\/tr\/?p=61050#primaryimage"},"thumbnailUrl":"https:\/\/akunq.net\/tr\/wp-content\/uploads\/sites\/6\/2021\/01\/Dink.jpeg","articleSection":["Haberler"],"inLanguage":"en-US","potentialAction":[{"@type":"CommentAction","name":"Comment","target":["https:\/\/akunq.net\/tr\/?p=61050#respond"]}]},{"@type":"WebPage","@id":"https:\/\/akunq.net\/tr\/?p=61050","url":"https:\/\/akunq.net\/tr\/?p=61050","name":"\u0130mamo\u011flu: Hrant Dink\u2019in b\u00fcy\u00fcd\u00fc\u011f\u00fc yetimhanenin yerine gen\u00e7lik merkezi kurulacak - Bati Ermenistan Ve Bati Ermenileri Sorunlari Ara\u015ftirmalar Merkezi","isPartOf":{"@id":"https:\/\/akunq.net\/tr\/#website"},"primaryImageOfPage":{"@id":"https:\/\/akunq.net\/tr\/?p=61050#primaryimage"},"image":{"@id":"https:\/\/akunq.net\/tr\/?p=61050#primaryimage"},"thumbnailUrl":"https:\/\/akunq.net\/tr\/wp-content\/uploads\/sites\/6\/2021\/01\/Dink.jpeg","datePublished":"2021-01-20T07:56:24+00:00","author":{"@id":"https:\/\/akunq.net\/tr\/#\/schema\/person\/096f1d38a12cce57fb855b485ed24c9e"},"breadcrumb":{"@id":"https:\/\/akunq.net\/tr\/?p=61050#breadcrumb"},"inLanguage":"en-US","potentialAction":[{"@type":"ReadAction","target":["https:\/\/akunq.net\/tr\/?p=61050"]}]},{"@type":"ImageObject","inLanguage":"en-US","@id":"https:\/\/akunq.net\/tr\/?p=61050#primaryimage","url":"https:\/\/akunq.net\/tr\/wp-content\/uploads\/sites\/6\/2021\/01\/Dink.jpeg","contentUrl":"https:\/\/akunq.net\/tr\/wp-content\/uploads\/sites\/6\/2021\/01\/Dink.jpeg","width":800,"height":463},{"@type":"BreadcrumbList","@id":"https:\/\/akunq.net\/tr\/?p=61050#breadcrumb","itemListElement":[{"@type":"ListItem","position":1,"name":"Home","item":"https:\/\/akunq.net\/tr"},{"@type":"ListItem","position":2,"name":"\u0130mamo\u011flu: Hrant Dink\u2019in b\u00fcy\u00fcd\u00fc\u011f\u00fc yetimhanenin yerine gen\u00e7lik merkezi kurulacak"}]},{"@type":"WebSite","@id":"https:\/\/akunq.net\/tr\/#website","url":"https:\/\/akunq.net\/tr\/","name":"Bati Ermenistan Ve Bati Ermenileri Sorunlari Ara\u015ftirmalar Merkezi","description":"","potentialAction":[{"@type":"SearchAction","target":{"@type":"EntryPoint","urlTemplate":"https:\/\/akunq.net\/tr\/?s={search_term_string}"},"query-input":{"@type":"PropertyValueSpecification","valueRequired":true,"valueName":"search_term_string"}}],"inLanguage":"en-US"},{"@type":"Person","@id":"https:\/\/akunq.net\/tr\/#\/schema\/person\/096f1d38a12cce57fb855b485ed24c9e","name":"admin","url":"https:\/\/akunq.net\/tr\/?author=7"}]}},"_links":{"self":[{"href":"https:\/\/akunq.net\/tr\/index.php?rest_route=\/wp\/v2\/posts\/61050","targetHints":{"allow":["GET"]}}],"collection":[{"href":"https:\/\/akunq.net\/tr\/index.php?rest_route=\/wp\/v2\/posts"}],"about":[{"href":"https:\/\/akunq.net\/tr\/index.php?rest_route=\/wp\/v2\/types\/post"}],"author":[{"embeddable":true,"href":"https:\/\/akunq.net\/tr\/index.php?rest_route=\/wp\/v2\/users\/7"}],"replies":[{"embeddable":true,"href":"https:\/\/akunq.net\/tr\/index.php?rest_route=%2Fwp%2Fv2%2Fcomments&post=61050"}],"version-history":[{"count":1,"href":"https:\/\/akunq.net\/tr\/index.php?rest_route=\/wp\/v2\/posts\/61050\/revisions"}],"predecessor-version":[{"id":61052,"href":"https:\/\/akunq.net\/tr\/index.php?rest_route=\/wp\/v2\/posts\/61050\/revisions\/61052"}],"wp:featuredmedia":[{"embeddable":true,"href":"https:\/\/akunq.net\/tr\/index.php?rest_route=\/wp\/v2\/media\/61051"}],"wp:attachment":[{"href":"https:\/\/akunq.net\/tr\/index.php?rest_route=%2Fwp%2Fv2%2Fmedia&parent=61050"}],"wp:term":[{"taxonomy":"category","embeddable":true,"href":"https:\/\/akunq.net\/tr\/index.php?rest_route=%2Fwp%2Fv2%2Fcategories&post=61050"},{"taxonomy":"post_tag","embeddable":true,"href":"https:\/\/akunq.net\/tr\/index.php?rest_route=%2Fwp%2Fv2%2Ftags&post=61050"}],"curies":[{"name":"wp","href":"https:\/\/api.w.org\/{rel}","templated":true}]}}