{"id":61044,"date":"2021-01-20T02:14:54","date_gmt":"2021-01-20T07:14:54","guid":{"rendered":"https:\/\/akunq.net\/tr\/?p=61044"},"modified":"2021-01-20T02:14:54","modified_gmt":"2021-01-20T07:14:54","slug":"butunluklu-bir-yargilama-olanagi-kalmadi","status":"publish","type":"post","link":"https:\/\/akunq.net\/tr\/?p=61044","title":{"rendered":"&#8220;B\u00fct\u00fcnl\u00fckl\u00fc bir yarg\u0131lama olana\u011f\u0131 kalmad\u0131&#8221;"},"content":{"rendered":"<h4><img loading=\"lazy\" decoding=\"async\" class=\"aligncenter size-medium wp-image-61045\" src=\"https:\/\/akunq.net\/tr\/wp-content\/uploads\/2021\/01\/Dink-6-360x239.jpg\" alt=\"\" width=\"360\" height=\"239\" srcset=\"https:\/\/akunq.net\/tr\/wp-content\/uploads\/sites\/6\/2021\/01\/Dink-6-360x239.jpg 360w, https:\/\/akunq.net\/tr\/wp-content\/uploads\/sites\/6\/2021\/01\/Dink-6-560x373.jpg 560w, https:\/\/akunq.net\/tr\/wp-content\/uploads\/sites\/6\/2021\/01\/Dink-6-260x173.jpg 260w, https:\/\/akunq.net\/tr\/wp-content\/uploads\/sites\/6\/2021\/01\/Dink-6-160x106.jpg 160w, https:\/\/akunq.net\/tr\/wp-content\/uploads\/sites\/6\/2021\/01\/Dink-6.jpg 702w\" sizes=\"auto, (max-width: 360px) 100vw, 360px\" \/><\/h4>\n<h4><em><strong>Kamu g\u00f6revlilerinin yarg\u0131land\u0131\u011f\u0131 Hrant Dink Cinayeti Davas\u0131 sonlara yakla\u015f\u0131rken Dink Ailesi avukatlar\u0131ndan Hakan Bak\u0131rc\u0131o\u011flu, davada gelinen a\u015famay\u0131 \u00f6zetleyen bir de\u011ferlendirme kaleme ald\u0131. Bak\u0131rc\u0131o\u011flu, soru\u015fturman\u0131n ve davan\u0131n geni\u015fletilmesine y\u00f6nelik taleplerinin kar\u015f\u0131l\u0131k bulmad\u0131\u011f\u0131na dikkat \u00e7ekiyor ve &#8220;B\u00fct\u00fcnl\u00fckl\u00fc bir yarg\u0131lamam\u0131n ger\u00e7ekle\u015fmesi olana\u011f\u0131 kalmam\u0131\u015f oldu&#8221; diyor. Bak\u0131rc\u0131o\u011flu&#8217;nun de\u011ferlendirmesini sunuyoruz.<\/strong><\/em><\/h4>\n<p><strong>AV. HAKAN BAKIRCIO\u011eLU<\/strong><\/p>\n<p>Hrant Dink, yaz\u0131lar\u0131, kat\u0131ld\u0131\u011f\u0131 programlar, panel ve sempozyumlarda Ermeni meselesini, Ermeni toplumunun ve kurumlar\u0131n\u0131n ya\u015fad\u0131\u011f\u0131 sorunlar\u0131 etkili bir \u00fcslup ile tart\u0131\u015fmaya a\u00e7m\u0131\u015ft\u0131r. Hrant Dink\u2019in yaratt\u0131\u011f\u0131 ve yarataca\u011f\u0131 etkileri k\u0131rmaya y\u00f6nelik ilk ad\u0131mlardan biri 2002 y\u0131l\u0131nda \u015eanl\u0131urfa\u2019da konu\u015fmac\u0131 olarak kat\u0131ld\u0131\u011f\u0131 bir sempozyumda \u201cBen T\u00fcrk de\u011filim, T\u00fcrkiyeliyim ve Ermeni\u2019yim\u201d \u015feklinde beyanda bulundu\u011fu i\u00e7in hakk\u0131nda \u201cT\u00fcrkl\u00fc\u011f\u00fc\u00a0 A\u015fa\u011f\u0131lama\u201d su\u00e7lamas\u0131 ile a\u00e7\u0131lan dava olmu\u015ftur.<\/p>\n<p>2003 y\u0131l\u0131nda, Hrant Dink\u2019e Avusturalya\u2019n\u0131n Sydney \u015fehrinde kat\u0131laca\u011f\u0131 bir programda silahl\u0131 bir eylem yap\u0131laca\u011f\u0131na dair ihbar yap\u0131lm\u0131\u015f, bu ihbar D\u0131\u015fi\u015fleri Bakanl\u0131\u011f\u0131nca 17 Ocak 2003 tarihinde Emniyet Genel M\u00fcd\u00fcrl\u00fc\u011f\u00fc \u0130stihbarat Daire Ba\u015fkanl\u0131\u011f\u0131 ile M\u0130T M\u00fcste\u015farl\u0131\u011f\u0131na iletilmi\u015ftir.<\/p>\n<p>Hrant Dink\u2019in, M.Kemal Atat\u00fcrk\u2019\u00fcn manevi k\u0131z\u0131 Sabiha G\u00f6k\u00e7en&#8217;in yetimhaneden al\u0131nm\u0131\u015f bir Ermeni oldu\u011funa ili\u015fkin iddiay\u0131 i\u00e7eren haberi \u00fczerine Genelkurmay Ba\u015fkanl\u0131\u011f\u0131 taraf\u0131ndan 22 \u015eubat 2004 tarihinde bu haberden hareketle Hrant Dink\u2019e y\u00f6nelik olduk\u00e7a a\u011f\u0131r ifadeler i\u00e7eren bir bas\u0131n a\u00e7\u0131klamas\u0131 yap\u0131lm\u0131\u015ft\u0131r. Genelkurmay Ba\u015fkanl\u0131\u011f\u0131 bas\u0131n a\u00e7\u0131klamas\u0131nda Hrant Dink\u2019in dile getirdi\u011fi iddiay\u0131 \u2018sa\u011fl\u0131ks\u0131z\u2019 ve \u2018tehlikeli\u2019 olarak nitelemi\u015f, ki\u015fi ve kurumlar\u0131 da g\u00f6reve davet etmi\u015ftir.<\/p>\n<p>Ki\u015fi ve kurumlar\u0131 g\u00f6reve davet eden Genelkurmay Ba\u015fkanl\u0131\u011f\u0131 taraf\u0131ndan M\u0130T M\u00fcste\u015far\u0131 \u015eenkal Atasagun ile de g\u00f6r\u00fc\u015f\u00fclm\u00fc\u015f ve Hrant Dink ile bir g\u00f6r\u00fc\u015fme yap\u0131lmas\u0131 istenmi\u015ftir.\u00a0 Genelkurmay Ba\u015fkanl\u0131\u011f\u0131n\u0131n bu iste\u011fi \u00fczerine M\u0130T M\u00fcste\u015far\u0131 \u015eenkal Atasagun, M\u0130T \u0130stanbul B\u00f6lge Ba\u015fkan\u0131 H\u00fcseyin Kubilay G\u00fcnay\u2019\u0131 arayarak Hrant Dink ile g\u00f6r\u00fc\u015f\u00fclmesi talimat\u0131n\u0131 vermi\u015ftir.\u00a0 H.Kubilay G\u00fcnay ile \u0130stanbul Valisi Muammer G\u00fcler, Hrant Dink ile g\u00f6r\u00fc\u015fmenin \u0130stanbul Valili\u011finde yap\u0131lmas\u0131n\u0131 karara ba\u011flam\u0131\u015flard\u0131r. Bu g\u00f6r\u00fc\u015fme ile ilgili vali yard\u0131mc\u0131s\u0131 Ergun G\u00fcng\u00f6r ve M\u0130T \u0130stanbul B\u00f6lge Ba\u015fkanl\u0131\u011f\u0131nda ter\u00f6rden sorumlu daire ba\u015fkan\u0131 \u00d6zel Y\u0131lmaz ve memur H. S. g\u00f6revlendirilmi\u015ftir.<\/p>\n<p>Ergun G\u00fcng\u00f6r 23 \u015eubat 2004 tarihinde Hrant Dink\u2019i telefon ile arayarak Valili\u011fe gelmesini istemi\u015f, 24 \u015eubat 2004 tarihinde de \u0130stanbul Valili\u011finde Ergun G\u00fcng\u00f6r, \u00d6zel Y\u0131lmaz ve H. S. taraf\u0131ndan Hrant Dink ile g\u00f6r\u00fc\u015fme ger\u00e7ekle\u015ftirilmi\u015ftir. Hrant Dink\u2019in kendisine y\u00f6nelik \u2018had bildirme\u2019 olarak tan\u0131mlad\u0131\u011f\u0131 bu g\u00f6r\u00fc\u015fmede, Ergun G\u00fcng\u00f6r Hrant Dink\u2019e \u201csokaktaki adam\u0131n\u201d tehdit olu\u015fturdu\u011funu beyan etmi\u015f, \u00d6zel Y\u0131lmaz da Hrant Dink\u2019e toplumun tepkisini \u00fczerine \u00e7ekebilece\u011fi uyar\u0131s\u0131nda bulunmu\u015ftur.<\/p>\n<p>Hrant Dink\u2019in yazd\u0131\u011f\u0131 yaz\u0131lar 25 \u015eubat 2004 tarihinde Mehmet Soykan ve Recep Taner isimli ki\u015filer taraf\u0131ndan ayr\u0131 ayr\u0131 su\u00e7 duyurular\u0131na konu edilmi\u015ftir. Ard\u0131nda da \u00f6nce T\u00fcrk Ortodoks Kilisesi taraf\u0131ndan ve sonras\u0131nda da bir birtak\u0131m ki\u015fi ve kurulu\u015flar taraf\u0131ndan tek tip dilek\u00e7elerle Hrant Dink hakk\u0131nda su\u00e7 duyurusunda bulunulmu\u015ftur.<\/p>\n<p>26 \u015eubat 2004 tarihinde Levent Temiz \u00f6nderli\u011finde bir grup taraf\u0131ndan Agos gazetesi \u00f6n\u00fcnde eylem yap\u0131lm\u0131\u015f, \u2018Ya Sev Ya Terk Et\u2019, \u2018Bir Gece Ans\u0131z\u0131n Gelebiliriz\u2019 sloganlar\u0131 at\u0131lm\u0131\u015f ve Hrant Dink\u2019in \u00f6fkelerinin hedefi oldu\u011fu s\u00f6ylenmi\u015ftir.\u00a0 Hrant Dink bu tarihler itibari ile \u00f6l\u00fcm tehditleri de almaya ba\u015flam\u0131\u015ft\u0131r.<\/p>\n<p>16 Nisan 2004 tarihinde Hrant Dink ve Karin Karaka\u015fl\u0131 hakk\u0131nda \u201cT\u00fcrkl\u00fc\u011f\u00fc A\u015fa\u011f\u0131lama\u201d su\u00e7lamas\u0131 ile iddianame d\u00fczenlemi\u015f, yarg\u0131lama s\u00fcreci ba\u015flam\u0131\u015f ve duru\u015fmalar\u0131n g\u00f6r\u00fcld\u00fc\u011f\u00fc tarihlerde Hrant Dink\u2019e y\u00f6nelik eylemler yap\u0131lm\u0131\u015f, sloganlar at\u0131lm\u0131\u015f ve fiziki sald\u0131r\u0131 giri\u015fimleri ya\u015fanm\u0131\u015ft\u0131r. Yarg\u0131lama sonucu 2005 y\u0131l\u0131nda Hrant Dink hakk\u0131nda \u201cmahkumiyet\u201d karar\u0131 olu\u015fturulmu\u015ftur.\u00a0 Bu karar, Yarg\u0131tay Cumhuriyet Savc\u0131s\u0131 \u00d6mer Faruk Emina\u011fao\u011flu\u2019nun yaz\u0131larda \u2018T\u00fcrkl\u00fc\u011f\u00fc A\u015fa\u011f\u0131lama\u2019 su\u00e7unun ger\u00e7ekle\u015fmedi\u011fi ve beraat karar\u0131 verilmesi gerekti\u011fi tebli\u011fnamesine ra\u011fmen 1 May\u0131s 2006 tarihinde Yarg\u0131tay taraf\u0131ndan onanm\u0131\u015ft\u0131r.<\/p>\n<div id=\"photoholder1\" class=\"photoholder no-display appear\"><img loading=\"lazy\" decoding=\"async\" class=\"no-display appear\" src=\"http:\/\/admin.agos.com.tr\/Upload\/Agos\/Images\/hakan%20bak%C4%B1rc%C4%B1.jpg\" alt=\"Hakan Bak\u0131rc\u0131o\u011flu\" width=\"400\" height=\"240\" \/><\/div>\n<div class=\"photoholder no-display appear\"><em><span class=\"title\">Hakan Bak\u0131rc\u0131o\u011flu<\/span><\/em><\/div>\n<p>Kurulan \u201cmahkumiyet\u201d karar\u0131 \u00fczerine Hrant Dink taraf\u0131ndan &#8220;Bu su\u00e7 benim alg\u0131lamamla \u0131rk\u00e7\u0131l\u0131kt\u0131r ve ben b\u00f6yle bir su\u00e7 i\u015flemedim. Bu benim aln\u0131ma s\u00fcr\u00fclmek istenen kara bir lekedir\u201d a\u00e7\u0131klamas\u0131 yap\u0131lm\u0131\u015ft\u0131r.<\/p>\n<p>Hrant Dink 14 Temmuz 2006 tarihinde Reuters Haber Ajans\u0131na: \u201c \u2018Elbette bu bir soyk\u0131r\u0131md\u0131r\u2019 diyorum, \u00e7\u00fcnk\u00fc sonu\u00e7 kendisini tan\u0131ml\u0131yor ve ad\u0131n\u0131 koyuyor. 4 bin y\u0131ld\u0131r bu topraklarda ya\u015fayan halk\u0131n bu olanlar ile birlikte art\u0131k ortadan yok oldu\u011funu g\u00f6r\u00fcyoruz\u201d \u015feklinde g\u00f6r\u00fc\u015f vermi\u015f ve bu g\u00f6r\u00fc\u015f Agos gazetesinde de haberle\u015ftirilmi\u015ftir. Bu beyan ve bu beyana dair haber nedeni ile Hrant Dink ve beraberinde Arat Dink ve Sarkis Seropyan hakk\u0131nda 2006 y\u0131l\u0131 Eyl\u00fcl ay\u0131nda \u201cT\u00fcrkl\u00fc\u011f\u00fc A\u015fa\u011f\u0131lama\u201d su\u00e7lamas\u0131 ile bir yeni dava daha a\u00e7\u0131lm\u0131\u015ft\u0131r.<\/p>\n<p>Davalar\u0131n g\u00f6r\u00fclen duru\u015fmalar\u0131nda adliye binas\u0131 \u00f6n\u00fcnde Hrant Dink\u2019e y\u00f6nelik eylemler yap\u0131lm\u0131\u015f, pankartlar a\u00e7\u0131lm\u0131\u015f, sloganlar at\u0131lm\u0131\u015f, adliye binas\u0131 i\u00e7inde Hrant Dink\u2019e y\u00f6nelik fiziki sald\u0131r\u0131 giri\u015fimleri ya\u015fanm\u0131\u015ft\u0131r. Bu s\u00fcre\u00e7te bas\u0131n yay\u0131n organlar\u0131nda Hrant Dink aleyhine bir\u00e7ok haber yap\u0131lm\u0131\u015f ve yaz\u0131 yaz\u0131lm\u0131\u015ft\u0131r.<\/p>\n<p>2004 y\u0131l\u0131ndan itibaren esas\u0131nda Hrant Dink\u2019e y\u00f6nelik bir lin\u00e7 s\u00fcreci \u00f6rg\u00fctlenmi\u015ftir ve lin\u00e7, cinayetin i\u015flendi\u011fi 19 Ocak 2007 tarihine de\u011fin a\u011f\u0131rla\u015farak s\u00fcrm\u00fc\u015ft\u00fcr.\u00a0 Hedef haline getirilmesi s\u00fcrecinde Hrant Dink \u201cAz\u0131nl\u0131k-Misyonerlik-Vatana ihanet\u201d ve \u201cT\u00fcrkl\u00fc\u011f\u00fc a\u015fa\u011f\u0131lama\u201d su\u00e7lamas\u0131 ile kurulan haks\u0131z h\u00fck\u00fcmden sonra \u201cTescilli T\u00fcrk d\u00fc\u015fman\u0131\u201d gibi terimlerle an\u0131lmaya ba\u015flanm\u0131\u015ft\u0131r. Hrant Dink hakk\u0131nda kurulan mahkumiyet h\u00fckm\u00fc elbette ki cinayeti tasarlayanlarda cinayet i\u00e7in uygun zemin olu\u015ftu\u011fu alg\u0131s\u0131n\u0131 yaratm\u0131\u015ft\u0131r.<\/p>\n<p>2005 y\u0131l\u0131 itibari ile Orhan Pamuk, Hasan Cemal, Murat Belge, \u0130smet Berkan, Elif \u015eafak ve Ayd\u0131n Engin hakk\u0131nda da davalar a\u00e7\u0131lm\u0131\u015f ve bu davalarda da adliye binas\u0131 i\u00e7inde ve d\u0131\u015f\u0131nda olaylar ya\u015fanm\u0131\u015ft\u0131r. 5 \u015eubat 2006 tarihinde rahip Andrea Santoro Trabzon\u2019da kilisede \u00f6ld\u00fcr\u00fclm\u00fc\u015f ve 17 May\u0131s 2006 tarihinde de Dan\u0131\u015ftay\u2019da silahl\u0131 sald\u0131r\u0131 d\u00fczenlenmi\u015f hakim Mustafa Y\u00fccel \u00d6zbilgin hayat\u0131n\u0131 kaybetmi\u015f, 2.Daire Ba\u015fkan\u0131 Mustafa Birden ve \u00fc\u00e7 [3] \u00fcyesi de yaralanm\u0131\u015ft\u0131.<\/p>\n<p><strong>Lin\u00e7 s\u00fcreci<\/strong><\/p>\n<p>Hrant Dink \u00fclkenin sertle\u015fen siyasal iklimini, kendine y\u00f6nelik lin\u00e7 s\u00fcrecini ve olu\u015fan tehdidi g\u00f6rm\u00fc\u015f ve bu konular ile ilgili ilki 2004 y\u0131l\u0131nda ve sonuncusu da \u00f6ld\u00fcr\u00fcld\u00fc\u011f\u00fc 19 Ocak 2007 tarihinde olmak \u00fczere bir dizi yaz\u0131 kaleme alm\u0131\u015ft\u0131r.<\/p>\n<p>Genelkurmay Ba\u015fkanl\u0131\u011f\u0131n\u0131n bas\u0131n a\u00e7\u0131klamas\u0131 ve Agos gazetesi \u00f6n\u00fcndeki eylemler sonras\u0131 kaleme ald\u0131\u011f\u0131 5 Mart 2004 tarihli yaz\u0131s\u0131nda; \u201cetraf taraf da tela\u015flanm\u0131\u015f sa\u011f olsunlar hafta boyunca destek ziyaretine geldiler, telefonlar a\u00e7t\u0131lar, yaz\u0131lar yazd\u0131lar. Kad\u0131nlar bir s\u00fcredir bizim han\u0131ma ta\u015f\u0131nm\u0131\u015f duaya \u00e7ekilmi\u015fler. Beni korumas\u0131 i\u00e7in Tanr\u0131\u2019ya yalvar\u0131yorlar. Belli ki benim i\u00e7in korkuyorlar. Peki ya ben? Korkmad\u0131\u011f\u0131m\u0131 s\u00f6yleyemem&#8230;Ama\u2026\u00fclkemi b\u0131rak\u0131p ka\u00e7acak de\u011filim. Al\u0131\u015fk\u0131n\u0131m zaten b\u00f6yle ya\u015famaya. Bundan sonra biraz daha korka korka ya\u015far\u0131m\u2026 Hepsi bu.\u201d\u00a0 demi\u015ftir.<\/p>\n<p>Yeni\u00e7a\u011f gazetesinde 9 Ekim 2004 tarihinde \u201cErmeni\u2019ye Bak\u201d man\u015feti ile Hrant Dink aleyhine bir haber yap\u0131lm\u0131\u015f ve Hrant Dink de aleyhine yap\u0131lan bu haber sonras\u0131 11 Ekim 2004 tarihinde bir yaz\u0131 kaleme alm\u0131\u015f, bu yaz\u0131s\u0131nda; 1918 y\u0131l\u0131nda \u201cAbdullah\u201d ad\u0131n\u0131 alan ve korku i\u00e7inde ya\u015fayan Ermeni bir \u00e7ocu\u011fun hikayesini anlatm\u0131\u015f ve \u2018Abdullah\u2019 gibi hissetti\u011fini anlatm\u0131\u015ft\u0131r.<\/p>\n<p>\u00d6ld\u00fcr\u00fclmeden 2 hafta \u00f6nce 5 Ocak 2007 tarihinde \u201cZorlu Y\u0131la Ba\u015flarken\u201d ba\u015fl\u0131kl\u0131 bir yaz\u0131 kaleme alm\u0131\u015f ve bu yaz\u0131s\u0131nda;\u00a0 2007 y\u0131l\u0131n\u0131n \u00e7ok zor bir y\u0131l olaca\u011f\u0131n\u0131, i\u00e7 siyasetin cumhurba\u015fkan\u0131 ve milletvekili genel se\u00e7imlerine kilitlenmi\u015f oldu\u011funu bu nedenle gerginli\u011fin erkenden ya\u015fanmaya ba\u015flad\u0131\u011f\u0131n\u0131, siyaset d\u0131\u015f\u0131 devlet merkezli g\u00fc\u00e7lerin de\u011fi\u015fik kanatlardan devreye girerek gerginli\u011fi k\u0131\u015fk\u0131rtmalar\u0131n\u0131n kuvvetle muhtemel oldu\u011funu, baz\u0131 derinliklerin, gizlenmi\u015f zihniyetlerin tekrar g\u00fcn y\u00fcz\u00fcne \u00e7\u0131k\u0131p cirit atacaklar\u0131n\u0131, Ermeni sorununun i\u00e7eride ve d\u0131\u015far\u0131da t\u00fcm sertli\u011fi ile g\u00fcndeme oturdu\u011funu, bu sorun \u00fczerine sergiledi\u011fi duru\u015f ve s\u00f6ylemler nedeni ile haklar\u0131nda yeniden yarg\u0131lamalar yap\u0131laca\u011f\u0131n\u0131 anlatm\u0131\u015ft\u0131r.<\/p>\n<p>Hrant Dink \u00f6ld\u00fcr\u00fclmeden bir hafta \u00f6nce, 12 Ocak 2007 tarihinde ise \u201cNi\u00e7in Hedef Se\u00e7ildim\u201d ba\u015fl\u0131\u011f\u0131n\u0131 ta\u015f\u0131yan bir yaz\u0131 kalem alm\u0131\u015f, bu yaz\u0131s\u0131nda, Genelkurmay Ba\u015fkanl\u0131\u011f\u0131n\u0131n 21 \u015eubat 2004 tarihli bas\u0131n a\u00e7\u0131klamas\u0131n\u0131, bu a\u00e7\u0131klaman\u0131n ard\u0131ndan \u0130stanbul Valili\u011fine \u00e7a\u011fr\u0131lmas\u0131n\u0131 ve 24 \u015eubat 2004 tarihinde \u0130stanbul Valili\u011finde yap\u0131lan g\u00f6r\u00fc\u015fmeyi, Agos Gazetesi \u00f6n\u00fcnde yap\u0131lan eylemleri ve bu s\u00fcre\u00e7lerde hissettiklerini anlatm\u0131\u015f ve yaz\u0131s\u0131n\u0131n sonlar\u0131nda da \u2018art\u0131k hedefte\u2019 oldu\u011funu belirtmi\u015f, \u201cVe i\u015fte yine u\u00e7urumun k\u0131y\u0131s\u0131ndayd\u0131m. Pe\u015fimde tekrar birileri vard\u0131. Onlar\u0131 seziyordum. Ve onlar\u0131n Kerin\u00e7siz ekibiyle s\u0131n\u0131rl\u0131 ve salt onlardan olu\u015facak denli s\u0131radan ve g\u00f6r\u00fcn\u00fcr olmad\u0131klar\u0131n\u0131 \u00e7ok iyi biliyordum.\u201d\u00a0 demek sureti ile yaz\u0131s\u0131n\u0131 sonland\u0131rm\u0131\u015ft\u0131r.<\/p>\n<p>Ya\u015fanan bu olay ve geli\u015fmeler sonucu Hrant Dink 19 Ocak 2007 tarihinde Agos Gazetesi \u00f6n\u00fcnde \u00f6ld\u00fcr\u00fclm\u00fc\u015ft\u00fc.<\/p>\n<p><strong>C\u0130NAYET SORU\u015eTURMASI, C\u0130NAYET \u00d6NCES\u0130 DEVLET G\u00d6REVL\u0130LER\u0130N\u0130N SAH\u0130P OLDU\u011eU B\u0130LG\u0130LER\u00a0<\/strong><br \/>\nHrant Dink\u2019e y\u00f6nelik 2004 y\u0131l\u0131nda ba\u015flayan, s\u00fcre\u00e7 i\u00e7erisinde a\u011f\u0131rla\u015fan sald\u0131r\u0131 ve tehditler ile ilgili devletin t\u00fcm birimleri bilgi sahibi olmu\u015flard\u0131r.<\/p>\n<p>\u0130stanbul Valili\u011findeki g\u00f6r\u00fc\u015fmede Ergun G\u00fcng\u00f6r Hrant Dink\u2019e \u201csokaktaki adam\u0131n\u201d tehdit olu\u015fturdu\u011funu beyan etmi\u015f, \u00d6zel Y\u0131lmaz da Hrant Dink\u2019e toplumun tepkisini \u00fczerine \u00e7ekebilece\u011fi uyar\u0131s\u0131nda bulunmu\u015ftur.<\/p>\n<p>Vali Muammer G\u00fcler, Hrant Dink hakk\u0131nda a\u00e7\u0131lan davalarda ya\u015fananlar\u0131n bilindi\u011fini ve Hrant Dink\u2019in tehditler ald\u0131\u011f\u0131n\u0131, \u0130l Emniyet M\u00fcd\u00fcr\u00fc Celalettin Cerrah da Hrant Dink\u2019e y\u00f6nelik eylemler yap\u0131ld\u0131\u011f\u0131n\u0131 ve Ermeni toplumuna y\u00f6nelik tehditlerin oldu\u011funu, bu hususlar\u0131n g\u00fcvenlik ve istihbarat birimlerinin kat\u0131ld\u0131\u011f\u0131 toplant\u0131larda konu\u015fuldu\u011funu ve de\u011ferlendirildi\u011fini beyan etmi\u015ftir.<\/p>\n<p>Soru\u015fturma ve davalarda \u2018\u015f\u00fcpheli\u2019 \u2018san\u0131k\u2019\u00a0 veya \u2018tan\u0131k\u2019 olarak ifadeleri al\u0131nan devlet g\u00f6revlileri, Hrant Dink\u2019e y\u00f6nelik \u201cbir tehdit atmosferinin oldu\u011funu\u201d, Hrant Dink\u2019in \u201cpotansiyel hedefler aras\u0131nda\u201d bulundu\u011funu beyan ettiler.<\/p>\n<p>Cinayet sonras\u0131 yap\u0131lan soru\u015fturmada, devlet g\u00f6revlilerinin Hrant Dink\u2019in \u2018potansiyel hedefler\u2019 aras\u0131nda yer ald\u0131\u011f\u0131na ve Hrant Dink\u2019e y\u00f6nelik \u2018tehdit atmosferi\u2019 oldu\u011funa dair bilgileri ve \u00f6ng\u00f6r\u00fclerinin yan\u0131 s\u0131ra Hrant Dink\u2019in \u00f6ld\u00fcr\u00fclece\u011fi somut bilgisine de sahip olduklar\u0131n\u0131 a\u00e7\u0131\u011fa \u00e7\u0131kard\u0131.<\/p>\n<p>Cinayete y\u00f6nelik \u00f6rg\u00fctlenmenin ger\u00e7ekle\u015fti\u011fi Trabzon\u2019da \u0130l Emniyet M\u00fcd\u00fcrl\u00fc\u011f\u00fc ile \u0130l Jandarma Komutanl\u0131\u011f\u0131 g\u00f6revlilerinin ve cinayetin ger\u00e7ekle\u015fti\u011fi \u0130stanbul\u2019da \u0130l Emniyet M\u00fcd\u00fcrl\u00fc\u011f\u00fc g\u00f6revlilerinin ve Ankara\u2019da Emniyet Genel M\u00fcd\u00fcrl\u00fc\u011f\u00fc g\u00f6revlilerinin cinayete y\u00f6nelik tasar\u0131 ile ilgili bilgilerinin oldu\u011fu belgeleri ile a\u00e7\u0131\u011fa \u00e7\u0131kt\u0131. \u0130stanbul Cumhuriyet Ba\u015fsavc\u0131l\u0131\u011f\u0131 cinayetin ger\u00e7ekle\u015fti\u011fi tarihten 10 y\u0131l sonra 10 May\u0131s 2017 tarihinde d\u00fczenledi\u011fi iddianamesinde Trabzon \u0130l Jandarma Komutanl\u0131\u011f\u0131 g\u00f6revlilerinin cinayetin i\u015flenece\u011fi bilgisine sahip olduklar\u0131 ve cinayetin i\u015flenmesinin \u00f6n\u00fcne ge\u00e7medikleri iddias\u0131n\u0131n da \u00f6tesinde Trabzon \u0130l Jandarma Komutanl\u0131\u011f\u0131 ile \u0130stanbul \u0130l Jandarma Komutanl\u0131\u011f\u0131 g\u00f6revlilerinin cinayet i\u00e7in organize olduklar\u0131 iddias\u0131 ile iddianamede d\u00fczenledi.<\/p>\n<p>Hrant Dink cinayeti tasar\u0131s\u0131 ile ilgili Trabzon \u0130l Emniyet M\u00fcd\u00fcrl\u00fc\u011f\u00fc g\u00f6revlileri ile Trabzon \u0130l Jandarma Komutanl\u0131\u011f\u0131 g\u00f6revlileri taraf\u0131ndan d\u00fczenlenen 2 belge cinayete dair soru\u015fturma ve yarg\u0131lamada b\u00fcy\u00fck \u00f6nem ta\u015f\u0131d\u0131.<\/p>\n<p>Bu belgelerden Trabzon \u0130l Emniyet M\u00fcd\u00fcrl\u00fc\u011f\u00fc taraf\u0131ndan d\u00fczenlenen, \u0130stanbul \u0130l Emniyet M\u00fcd\u00fcrl\u00fc\u011f\u00fc ile Emniyet Genel M\u00fcd\u00fcrl\u00fc\u011f\u00fc \u0130stihbarat Daire Ba\u015fkanl\u0131\u011f\u0131na cinayetin ger\u00e7ekle\u015fti\u011fi 19 Ocak 2007 tarihinden 11 ay \u00f6nce 17 \u015eubat 2006 tarihinde g\u00f6nderilen yaz\u0131da; 2004 y\u0131l\u0131nda bombal\u0131 sald\u0131r\u0131 eylemi d\u00fczenleyen, bir s\u00fcre cezaevinde yatan, radikal fikirleri bulunan, Ermenilere kar\u015f\u0131 b\u00fcy\u00fck bir kin besleyen ve \u0130stanbul\u2019da eylem yapmaya karar veren Yasin Hayal\u2019in, eylem karar\u0131n\u0131 somutla\u015ft\u0131rd\u0131\u011f\u0131 ve Hrant Dink\u2019e y\u00f6nelik eylem yapmay\u0131 tasarlad\u0131\u011f\u0131 bilgileri ve bu belgelerden Trabzon \u0130l Jandarma Komutanl\u0131\u011f\u0131 taraf\u0131ndan d\u00fczenlenen belgede ise cinayeti Yasin Hayal\u2019in organize etti\u011fi, \u0130stanbul\u2019da ke\u015fif yapt\u0131\u011f\u0131, kroki haz\u0131rlad\u0131\u011f\u0131, cinayet i\u00e7in el yap\u0131m\u0131 bir silah temin etti\u011fi ve cinayeti Og\u00fcn Samast\u2019\u0131n i\u015fledi\u011fi bilgileri yer almaktad\u0131r.<\/p>\n<p>Hrant Dink\u2019e y\u00f6nelik 2004 y\u0131l\u0131 itibari ile ba\u015flayan ve zaman i\u00e7erisinde a\u011f\u0131rla\u015fan tehdit atmosferi bulunmas\u0131na ve bu tehdit atmosferinin yan\u0131 s\u0131ra Hrant Dink\u2019in \u00f6ld\u00fcr\u00fclece\u011fine dair somut bilgi-istihbarat olmas\u0131na ra\u011fmen devlet g\u00f6revlileri taraf\u0131ndan Hrant Dink\u2019e y\u00f6nelik koruma tedbirleri al\u0131nmam\u0131\u015f, cinayeti tasarlayan \u00f6rg\u00fcte operasyon yap\u0131lamam\u0131\u015f ve Hrant Dink\u2019in \u00f6ld\u00fcr\u00fclmesi olanakl\u0131 hale getirilmi\u015fti.<\/p>\n<p>Hrant Dink\u2019in bir ki\u015fi veya \u00f6rg\u00fct taraf\u0131ndan \u00f6ld\u00fcr\u00fclece\u011fi somut bilgisinin bulunmamas\u0131, salt bir tehdit atmosferinin varl\u0131\u011f\u0131 durumunda dahi ya\u015fam\u0131n\u0131 ve fiziksel b\u00fct\u00fcnl\u00fc\u011f\u00fcn\u00fc korumaya y\u00f6nelik koruma tedbirleri al\u0131nmas\u0131 zorunlulu\u011fu bulunmas\u0131na ra\u011fmen bu yap\u0131lmam\u0131\u015ft\u0131r.<\/p>\n<p>Hrant Dink davas\u0131n\u0131n g\u00f6r\u00fcld\u00fc\u011f\u00fc \u0130stanbul 14.A\u011f\u0131r Ceza Mahkemesi dava dosyas\u0131na, m\u00fcdahil taraf olarak talebimiz \u00fczerine, Orhan Pamuk hakk\u0131nda 2005 y\u0131l\u0131 Aral\u0131k ay\u0131nda al\u0131nan koruma karar\u0131 ile ilgili belgeler g\u00f6nderildi. Belgeler incelendi\u011finde, Orhan Pamuk\u2019a \u2018T\u00fcrkl\u00fc\u011f\u00fc A\u015fa\u011f\u0131lama\u2019 su\u00e7lamas\u0131 ile a\u00e7\u0131lan davan\u0131n duru\u015fmas\u0131n\u0131n g\u00f6r\u00fcld\u00fc\u011f\u00fc 16 Aral\u0131k 2005 tarihinde adliye binas\u0131 i\u00e7inde ve d\u0131\u015f\u0131nda ya\u015fanan olaylar \u00fczerine \u0130stanbul \u0130l Emniyet M\u00fcd\u00fcrl\u00fc\u011f\u00fc ile \u0130stanbul Valili\u011fi taraf\u0131ndan 20 Aral\u0131k 2005 tarihinde Orhan Pamuk\u2019un koruma alt\u0131na al\u0131nmas\u0131na y\u00f6nelik yaz\u0131\u015fmalar yap\u0131lmaya ba\u015fland\u0131\u011f\u0131, Orhan Pamuk\u2019a y\u00f6nelik ter\u00f6r \u00f6rg\u00fctleri taraf\u0131ndan bir sald\u0131r\u0131 planlamas\u0131n\u0131n veya ya\u015fam\u0131na y\u00f6nelik bir tehdidin bulunup bulunmad\u0131\u011f\u0131n\u0131n soruldu\u011fu \u0130stanbul \u0130l Emniyeti Ter\u00f6rle M\u00fccadele \u015eube M\u00fcd\u00fcrl\u00fc\u011f\u00fc, \u0130stihbarat \u015eube M\u00fcd\u00fcrl\u00fc\u011f\u00fc ile M\u0130T \u0130stanbul B\u00f6lge Ba\u015fkanl\u0131\u011f\u0131 taraf\u0131ndan da bu sorulara Orhan Pamuk\u2019un \u2018ter\u00f6r \u00f6rg\u00fctlerinin hedefi oldu\u011fu hususunda herhangi bir bilgi ve belgeye rastlan\u0131lmad\u0131\u011f\u0131\u2019 , Orhan Pamuk\u2019a y\u00f6nelik \u2018somut bir tehdit tespit edilmedi\u011fi\u2019, Orhan Pamuk\u2019a yaln\u0131zca \u2018m\u00fcnferit sata\u015fmalar olabilece\u011fi\u2019 yan\u0131tlar\u0131n\u0131n verildi\u011fi ve Orhan Pamuk\u2019a m\u00fcnferit sata\u015fmalar olabilece\u011fi olas\u0131l\u0131\u011f\u0131n\u0131 bertaraf etmeye y\u00f6nelik \u0130stanbul \u0130l Emniyet M\u00fcd\u00fcrl\u00fc\u011f\u00fcn\u00fcn teklifi \u00fczerine \u0130stanbul Valili\u011fi taraf\u0131ndan 21 Aral\u0131k 2005 tarihinde Orhan Pamuk\u2019a y\u00f6nelik resen koruma tedbirleri al\u0131nd\u0131\u011f\u0131 g\u00f6r\u00fcld\u00fc [Orhan Pamuk\u2019a y\u00f6nelik olas\u0131 riskleri bertaraf i\u00e7in al\u0131nan koruma karar\u0131 elbette ki yerinde ve do\u011fru bir karar olmu\u015ftur].<\/p>\n<p>Hrant Dink hakk\u0131nda ise 2004 y\u0131l\u0131nda ba\u015flayan davalar\u0131n bir\u00e7ok duru\u015fmas\u0131 olmu\u015f ve bu duru\u015fmalarda fiziki sald\u0131r\u0131 giri\u015fimleri ya\u015fanm\u0131\u015f, Hrant Dink 2004 y\u0131l\u0131ndan itibaren \u00f6l\u00fcm tehditleri alm\u0131\u015f bu geli\u015fmelerin yan\u0131 s\u0131ra cinayetin i\u015flenmesinden 11 ay \u00f6nce, 17 \u015eubat 2006 tarihinde Trabzon \u0130l Emniyet M\u00fcd\u00fcrl\u00fc\u011f\u00fc, \u0130stanbul \u0130l Emniyet M\u00fcd\u00fcrl\u00fc\u011f\u00fc ile Emniyet Genel M\u00fcd\u00fcrl\u00fc\u011f\u00fc taraf\u0131ndan Hrant Dink\u2019in Yasin Hayal taraf\u0131ndan \u00f6ld\u00fcr\u00fclece\u011fi somut bilgisine sahip olunmas\u0131na ra\u011fmen Hrant Dink hakk\u0131nda \u015fahsi, fiziki ve mek\u00e2nsal koruma tedbirleri al\u0131nmam\u0131\u015ft\u0131r.<\/p>\n<p><strong>HRANT D\u0130NK C\u0130NAYET\u0130NE DA\u0130R 2007 VE 2008 YILLARINDA D\u00dcZENLENEN \u0130DD\u0130ANAMELER ve C\u0130NAYETTE SORUMLULU\u011eU OLAN DEVLET G\u00d6REVL\u0130LER\u0130 HAKKINDA A\u00c7ILMAYAN DAVALAR<\/strong><br \/>\nSoru\u015fturma ve incelemelerde Hrant Dink\u2019in \u00f6ld\u00fcr\u00fclece\u011finin devlet g\u00f6revlileri taraf\u0131ndan bilindi\u011fi, bu konu ile yaz\u0131\u015fmalar yap\u0131ld\u0131\u011f\u0131 ile ilgili bilgi ve belgelere ula\u015f\u0131lmas\u0131na ra\u011fmen Hrant Dink cinayetine ili\u015fkin soru\u015fturmay\u0131 y\u00fcr\u00fcten \u0130stanbul C. Ba\u015fsavc\u0131l\u0131\u011f\u0131 taraf\u0131ndan 2007 y\u0131l\u0131nda devlet g\u00f6revlileri hakk\u0131nda iddianame d\u00fczenlenmedi.<\/p>\n<p>\u0130stanbul C. Ba\u015fsavc\u0131l\u0131\u011f\u0131 taraf\u0131ndan 20 Nisan 2007 tarihinde cinayette sorumlulu\u011fu bulunan, cinayete i\u015ftirak eden devlet g\u00f6revlileri hakk\u0131nda iddianame d\u00fczenlenmedi. Salt Erhan Tuncel, Yasin Hayal, Og\u00fcn Samast\u2019\u0131n aralar\u0131nda bulundu\u011fu 18 ki\u015fi hakk\u0131nda iddianame d\u00fczenlendi, sonraki tarihlerde ise ek iddianameler ile birlikte hakk\u0131nda iddianame d\u00fczenlenen ki\u015fi say\u0131s\u0131 20 oldu.<\/p>\n<p>Trabzon C. Ba\u015fsavc\u0131l\u0131\u011f\u0131 taraf\u0131ndan ise Trabzon \u0130l Jandarma Komutanl\u0131\u011f\u0131n\u0131n 8 g\u00f6revlisi hakk\u0131nda Hrant Dink cinayeti soru\u015fturmas\u0131 kapsam\u0131nda 2007 y\u0131l\u0131 ve 2008 y\u0131llar\u0131nda iddianameler d\u00fczenlendi fakat Trabzon \u0130l Jandarma Komutanl\u0131\u011f\u0131 g\u00f6revlilerine y\u00f6nelik d\u00fczenlenen iddianamelerde yaln\u0131zca \u2018g\u00f6revi \u0130hmal\u2019 su\u00e7lamas\u0131 y\u00f6neltildi.<\/p>\n<p>\u0130stanbul \u0130l Emniyet M\u00fcd\u00fcrl\u00fc\u011f\u00fc, Trabzon \u0130l Emniyet M\u00fcd\u00fcrl\u00fc\u011f\u00fc, Emniyet Genel M\u00fcd\u00fcrl\u00fc\u011f\u00fc, Milli \u0130stihbarat Te\u015fkilat\u0131 ile \u0130stanbul Valilik g\u00f6revlilerinin Hrant Dink cinayetinde a\u00e7\u0131k sorumluluklar\u0131 bulunmas\u0131na, Hrant Dink\u2019e y\u00f6nelik tehdit atmosferi ve\/veya Hrant Dink\u2019in \u00f6ld\u00fcr\u00fclece\u011fi bilgilerine sahip olmalar\u0131na ra\u011fmen cinayet tasar\u0131s\u0131n\u0131 engellememeleri, Hrant Dink\u2019in korunmas\u0131na y\u00f6nelik tedbirleri almamalar\u0131 nedeni ile 2007 y\u0131l\u0131nda iddianameler d\u00fczenlenmesi ve yarg\u0131lanmaya ba\u015flanmalar\u0131 gerekli iken devlet g\u00f6revlileri hakk\u0131nda iddianameler d\u00fczenlenmedi ve devlet g\u00f6revlilerinin yarg\u0131lanmamas\u0131 amac\u0131na y\u00f6nelik bariyerler olu\u015fturuldu.<\/p>\n<p><strong>HRANT D\u0130NK\u2019\u0130N \u00d6LD\u00dcR\u00dcLMES\u0130N\u0130 OLANAKLI HALE GET\u0130REN, HRANT D\u0130NK C\u0130NAYET\u0130NE \u0130\u015eT\u0130RAK EDEN DEVLET G\u00d6REV\u0130LER\u0130 HAKKINDA 4 ARALIK 2015 YILI ve 10 MAYIS 2017 TAR\u0130HLER\u0130NDE D\u00dcZENLENEN \u0130DD\u0130ANAMELER\u00a0<\/strong><br \/>\nHrant Dink cinayeti ile ilgili Ba\u015fbakanl\u0131k Tefti\u015f Kurulu taraf\u0131ndan 10 Ekim 2008 tarihinde ve Cumhurba\u015fkanl\u0131\u011f\u0131 Devlet Denetleme Kurulu taraf\u0131ndan 2 \u015eubat 2012 tarihinde raporlar d\u00fczenlendi, bu raporlarda Devlet g\u00f6revlilerinin Hrant Dink cinayetindeki sorumluluklar\u0131na dair kapsaml\u0131 de\u011ferlendirmeler yap\u0131ld\u0131.<\/p>\n<p>\u0130nsan Haklar\u0131 Avrupa Mahkemesi taraf\u0131ndan 14 Eyl\u00fcl 2010 tarihinde, Dink-T\u00fcrkiye karar\u0131nda; resmi makamlar\u0131n Hrant Dink\u2019in \u00f6l\u00fcmc\u00fcl bir sald\u0131r\u0131ya maruz kalma ihtimalinin y\u00fcksek oldu\u011funu bildiklerini ya da bilebilecek durumda olduklar\u0131n\u0131,\u00a0 somut ko\u015fullara bak\u0131ld\u0131\u011f\u0131nda Hrant Dink\u2019e y\u00f6nelik tehlikenin a\u00e7\u0131k ve yak\u0131n bir tehlike oldu\u011funu, cinayetin i\u015flenmesini \u00f6nlemekle y\u00fck\u00fcml\u00fc olan makamlar\u0131n ayr\u0131 ayr\u0131 ya da koordineli bir bi\u00e7imde planlanmas\u0131ndan ve yak\u0131nda i\u015flenece\u011finden haberdar olmalar\u0131na ra\u011fmen Hrant Dink cinayetinin engellenmesi amac\u0131 ile harekete ge\u00e7medikleri ve cinayette sorumlulu\u011fu olan g\u00f6revliler hakk\u0131nda etkin bir soru\u015fturma da yap\u0131lmad\u0131\u011f\u0131, bu nedenlerle ya\u015fama hakk\u0131n\u0131n ihlal edildi\u011fi sonu\u00e7lar\u0131na var\u0131lm\u0131\u015ft\u0131.<\/p>\n<p>Ba\u015fbakanl\u0131k Tefti\u015f Kurulu, Cumhurba\u015fkanl\u0131\u011f\u0131 Devlet Denetleme Kurulu ve \u0130nsan Haklar\u0131 Avrupa Mahkemesi karar\u0131na ra\u011fmen uzun y\u0131llar Hrant Dink cinayetine i\u015ftirak eden devlet g\u00f6revlilerinin soru\u015fturulmalar\u0131 ve yarg\u0131lanmalar\u0131 olanakl\u0131 olmad\u0131, devlet g\u00f6revlilerinin soru\u015fturulmalar\u0131na ve yarg\u0131lanmalar\u0131na y\u00f6nelik olu\u015fturulan diren\u00e7 k\u0131r\u0131lmad\u0131.<\/p>\n<p>2007 y\u0131l\u0131ndan itibaren m\u00fcdahil taraf olarak \u0130stanbul Cumhuriyet Ba\u015fsavc\u0131l\u0131\u011f\u0131na bir yandan \u00e7ok say\u0131da su\u00e7 duyurusunda bulunduk bir yandan da soru\u015fturman\u0131n geni\u015fletilmesine y\u00f6nelik taleplerimiz oldu.<\/p>\n<p>\u0130stanbul C. Ba\u015fsavc\u0131l\u0131\u011f\u0131n\u0131n ve \u0130stanbul B\u00f6lge \u0130dare Mahkemesinin \u2018kovu\u015fturmas\u0131zl\u0131k\u2019 ve \u2018soru\u015fturma izni verilmemesi\u2019 kararlar\u0131na itiraz ve ba\u015fvurular sonucu Bak\u0131rk\u00f6y 8.A\u011f\u0131r Ceza Mahkemesi 21 May\u0131s 2014 tarihinde ve Anayasa Mahkemesi 17 Temmuz 2014 tarihinde devlet g\u00f6revlileri hakk\u0131nda Dink cinayeti nedeni ile etkili soru\u015fturma yap\u0131lmas\u0131 ve iddianame d\u00fczenlenmesi,\u00a0 Hakimler Savc\u0131lar Y\u00fcksek Kurulu 3.Dairesi de 1 Temmuz 2014 tarihinde Devlet g\u00f6revlilerinin Dink cinayeti nedeni ile soru\u015fturulmalar\u0131 gerekti\u011fine y\u00f6nelik kararlar olu\u015fturdu.<\/p>\n<p>Bu kararlar ile \u0130stanbul C. Ba\u015fsavc\u0131l\u0131\u011f\u0131 taraf\u0131ndan Devlet g\u00f6revlileri hakk\u0131nda soru\u015fturma ba\u015flat\u0131ld\u0131 ve devlet g\u00f6revlilerinin \u015f\u00fcpheli s\u0131fat\u0131 ile ifadeleri al\u0131nmaya ba\u015fland\u0131.<\/p>\n<p>\u0130stanbul C. Ba\u015fsavc\u0131l\u0131\u011f\u0131 taraf\u0131ndan ilk olarak 4 Aral\u0131k 2015 tarihinde ve ikinci olarak 10 May\u0131s 2017 tarihinde a\u011f\u0131rl\u0131\u011f\u0131 Trabzon \u0130l Jandarma Komutanl\u0131\u011f\u0131, \u0130stanbul \u0130l Jandarma Komutanl\u0131\u011f\u0131, Trabzon \u0130l Emniyet M\u00fcd\u00fcrl\u00fc\u011f\u00fc, \u0130stanbul \u0130l Emniyet M\u00fcd\u00fcrl\u00fc\u011f\u00fc, Emniyet Genel M\u00fcd\u00fcrl\u00fc\u011f\u00fc \u0130stihbarat Daire Ba\u015fkanl\u0131\u011f\u0131, Samsun \u0130l Emniyet M\u00fcd\u00fcrl\u00fc\u011f\u00fc ile Samsun \u0130l Jandarma Komutanl\u0131\u011f\u0131 g\u00f6revlisi olmak \u00fczere 77 ki\u015fi hakk\u0131nda iddianame d\u00fczenlendi ve 2016 y\u0131l\u0131nda \u0130stanbul 14.A\u011f\u0131r Ceza Mahkemesinde yarg\u0131lama ba\u015flad\u0131.<\/p>\n<p><strong>\u0130STANBUL CUMHUR\u0130YET BA\u015eSAVCILI\u011eI TARAFINDAN SORU\u015eTURULMAYAN KONULAR ve D\u00dcZENLENMEYEN \u0130DD\u0130ANAMELER\u00a0<\/strong><br \/>\n\u0130stanbul C. Ba\u015fsavc\u0131l\u0131\u011f\u0131n\u0131n cinayetin ger\u00e7ekle\u015fmesinden uzun y\u0131llar sonra da olsa cinayette sorumlulu\u011fu olan devlet g\u00f6revlileri hakk\u0131nda iddianame d\u00fczenlemi\u015f olmas\u0131 elbette Hrant Dink cinayetinde \u00f6nemli bir ad\u0131m oldu.\u00a0 Fakat,\u00a0 \u0130stanbul C. Ba\u015fsavc\u0131l\u0131\u011f\u0131 taraf\u0131ndan,<\/p>\n<p>1. Cinayete giden s\u00fcre\u00e7te ya\u015fananlar ve Hrant Dink\u2019e y\u00f6nelik lin\u00e7 s\u00fcrecini \u00f6rg\u00fctleyenler hakk\u0131nda etkili bir soru\u015fturma y\u00fcr\u00fct\u00fclmedi ve cinayete giden s\u00fcre\u00e7te yer alan ki\u015filerin cinayet ile ba\u011flar\u0131n\u0131 a\u00e7\u0131\u011fa \u00e7\u0131karmaya y\u00f6nelik soru\u015fturma derinle\u015ftirilmedi. Oysa ki cinayete giden s\u00fcre\u00e7te ya\u015fananlar ile cinayet aras\u0131nda do\u011frudan bir ba\u011f bulunmakta idi. \u015e\u00fcpheli s\u0131fat\u0131 ile ifadeleri al\u0131nan Veli K\u00fc\u00e7\u00fck, Kemal Kerin\u00e7siz ile Oktay Y\u0131ld\u0131r\u0131m hakk\u0131nda kovu\u015fturmas\u0131zl\u0131k karar\u0131 olu\u015fturuldu.<\/p>\n<p>2. Cinayette sorumlulu\u011fu olan veya sorumlulu\u011fu tart\u0131\u015f\u0131lan kurumlar\u0131n vermi\u015f olduklar\u0131 yan\u0131tlar ile yetinildi ve kurum ar\u015fivlerinde inceleme yap\u0131lmad\u0131 [Cinayette sorumlulu\u011fu olan Devlet g\u00f6revlilerinin bir k\u0131sm\u0131, hatta \u00f6nemli bir b\u00f6l\u00fcm\u00fc cinayete dair soru\u015fturman\u0131n y\u00fcr\u00fct\u00fcm\u00fcnde g\u00f6rev ald\u0131lar yan\u0131 s\u0131ra soru\u015fturma ve dava dosyalar\u0131na bilgi ve belge g\u00f6nderdiler ve beyanlarda bulundular].<\/p>\n<p>3. Cinayette sorumlulu\u011fu olan \u0130stanbul Valilik g\u00f6revlileri ile \u0130stanbul ve Trabzon M\u0130T B\u00f6lge Ba\u015fkanl\u0131\u011f\u0131 g\u00f6revlilerini soru\u015fturulmad\u0131 [yaln\u0131zca 2004 y\u0131l\u0131nda \u0130stanbul Valili\u011finde Hrant Dink ile g\u00f6r\u00fc\u015fmeye kat\u0131lan vali yard\u0131mc\u0131s\u0131 Ergun G\u00fcng\u00f6r ile M\u0130T \u0130stanbul B\u00f6lge Ba\u015fkanl\u0131\u011f\u0131 g\u00f6revlisi \u00d6zel Y\u0131lmaz\u2019\u0131n \u015f\u00fcpheli s\u0131fat\u0131 ile ifadesini ald\u0131 ve E.G\u00fcng\u00f6r ile \u00d6.Y\u0131lmaz hakk\u0131nda \u2018kovu\u015fturmas\u0131zl\u0131k\u2019 karar\u0131 olu\u015fturdu].<\/p>\n<p>4. Cinayette sorumlulu\u011fu bulunan \u0130stanbul \u0130l Emniyet M\u00fcd\u00fcrl\u00fc\u011f\u00fc ile Emniyet Genel M\u00fcd\u00fcrl\u00fc\u011f\u00fcn\u00fcn bir k\u0131s\u0131m g\u00f6revlisi hakk\u0131nda iddianame d\u00fczenlenmedi.<\/p>\n<p>5. Elbette en \u00f6nemlisi de somut olarak cinayetin kim veya kimler taraf\u0131ndan ve hangi s\u00fcre\u00e7lerden ge\u00e7irilerek karara ba\u011fland\u0131\u011f\u0131 a\u00e7\u0131\u011fa \u00e7\u0131kar\u0131lamad\u0131.<\/p>\n<p>\u0130stanbul C. Ba\u015fsavc\u0131l\u0131\u011f\u0131n\u0131n kovu\u015fturmas\u0131zl\u0131k karar\u0131na y\u00f6nelik itiraz\u0131m\u0131z Sulh Ceza Mahkemesi taraf\u0131ndan reddedildi. Anayasa Mahkemesi ise 2019 y\u0131l\u0131nda bu konular ile yapm\u0131\u015f oldu\u011fumuz ba\u015fvurumuzda ihlal karar\u0131 olu\u015fturmad\u0131.<\/p>\n<p>\u0130stanbul C. Ba\u015fsavc\u0131l\u0131\u011f\u0131 taraf\u0131ndan soru\u015fturman\u0131n y\u00fcr\u00fct\u00fclme bi\u00e7imi ve olu\u015fturan kovu\u015fturmas\u0131zl\u0131k kararlar\u0131 ile davan\u0131n s\u0131n\u0131r\u0131 ve kapsam\u0131 b\u00fcy\u00fck \u00f6l\u00e7\u00fcde belirlenmi\u015f oldu ve<\/p>\n<p><strong>\u0130STANBUL 14.A\u011eIR CEZA MAHKEMES\u0130\u2019NDE G\u00d6R\u00dcLEN DAVADAK\u0130 SON DURUM\u00a0<\/strong><br \/>\n\u0130stanbul 14.A\u011f\u0131r Ceza Mahkemesinde 2016 y\u0131l\u0131nda ba\u015flayan dava Mahkeme ba\u015fkan\u0131 ile hakimlerin de\u011fi\u015fmesi nedeni ile birka\u00e7 farkl\u0131 heyet taraf\u0131ndan g\u00f6r\u00fcld\u00fc. Son de\u011fi\u015fikli\u011fe de\u011fin Mahkeme heyetleri taraf\u0131ndan m\u00fcdahil taraf olarak taleplerimiz dikkate al\u0131nmakta iken Mahkeme heyetindeki son de\u011fi\u015fiklik ile birlikte tutum de\u011fi\u015fikli\u011fi ger\u00e7ekle\u015fti.<\/p>\n<p>Mahkeme heyeti, ilk olarak, \u00f6nceki Mahkeme heyeti taraf\u0131ndan tan\u0131k olarak dinlenmesine karar verilen M\u0130T g\u00f6revlilerinin dinlenmesi karar\u0131ndan r\u00fccu etti. M\u0130T g\u00f6revlilerinin tan\u0131k olarak bilgilerine ba\u015fvurulmas\u0131ndan vazge\u00e7ilmesini gerektiren bir neden olmad\u0131\u011f\u0131n\u0131 belirterek M\u0130T g\u00f6revlilerinin dinlenmesi karar\u0131na geri d\u00f6n\u00fclmesini talep ettik fakat bu talebimiz reddedildi. Duru\u015fmada, Mahkemenin M\u0130T g\u00f6revlilerinin bilgilerine ba\u015fvurulmamas\u0131na y\u00f6nelik ald\u0131\u011f\u0131 karar\u0131n yarg\u0131lama ile cinayetin t\u00fcm y\u00f6nlerinin a\u00e7\u0131\u011fa \u00e7\u0131kart\u0131lmas\u0131n\u0131n ama\u00e7lanmad\u0131\u011f\u0131 sonucunu do\u011furaca\u011f\u0131n\u0131, mahkemenin bu tutumunun m\u00fcdahil taraf olarak taraf\u0131m\u0131zca da bu \u015fekilde de\u011ferlendirilece\u011fini de beyan etmi\u015ftik.<\/p>\n<p>16 Eyl\u00fcl 2020 tarihli duru\u015fmada Genelkurmay Ba\u015fkanl\u0131\u011f\u0131na yaz\u0131 yaz\u0131lmas\u0131na, yaz\u0131lacak yaz\u0131da 22 \u015eubat 2004 tarihli bas\u0131n a\u00e7\u0131klamas\u0131 yap\u0131lmas\u0131n\u0131n neden ve nas\u0131l karara ba\u011fland\u0131\u011f\u0131n\u0131n, bu yaz\u0131 ile ne ama\u00e7land\u0131\u011f\u0131n\u0131n, M\u0130T M\u00fcste\u015far\u0131n\u0131n Genelkurmay Ba\u015fkanl\u0131\u011f\u0131ndan kim taraf\u0131ndan arand\u0131\u011f\u0131n\u0131n, Hrant Dink ile neden g\u00f6r\u00fc\u015f\u00fclmesinin neden istendi\u011finin ve Hrant Dink ile yap\u0131lan g\u00f6r\u00fc\u015fmede ne ama\u00e7land\u0131\u011f\u0131n\u0131n sorulmas\u0131n\u0131 talep ettik, bu talebimiz de Mahkeme heyeti taraf\u0131ndan reddedildi.<\/p>\n<p>Yine 16 Eyl\u00fcl tarihli duru\u015fmada Hrant Dink cinayeti tasar\u0131s\u0131 ve Yasin Hayal\u2019in faaliyetleri ve Mc Donalds eylemi ile bilgisi olan 6 ki\u015finin tan\u0131k olarak bilgilerine ba\u015fvurulmas\u0131n\u0131 talep ettik ve bu talebimiz de di\u011fer taleplerimiz gibi reddedildi.<\/p>\n<p>Kovu\u015fturman\u0131n geni\u015fletilmesine y\u00f6nelik taleplerimizi reddeden Mahkeme heyeti taraf\u0131ndan dava dosyas\u0131 esas hakk\u0131ndaki m\u00fctalaas\u0131n\u0131 haz\u0131rlamak \u00fczere C. Savc\u0131s\u0131na tevdi edildi ve bu karar\u0131 ile Mahkeme delil toplama s\u00fcrecini sonland\u0131rd\u0131\u011f\u0131n\u0131 ile dava dosyas\u0131ndaki delil durumuna g\u00f6re karar olu\u015fturaca\u011f\u0131n\u0131 ortaya koydu.<\/p>\n<p>C. Savc\u0131s\u0131 taraf\u0131ndan da 14 Aral\u0131k 2020 tarihinde dava dosyas\u0131na esas hakk\u0131ndaki m\u00fctalaa sunuldu.<\/p>\n<p>\u0130stanbul C. Ba\u015fsavc\u0131l\u0131\u011f\u0131 taraf\u0131ndan cinayetin \u00f6nemli birka\u00e7 boyutuna dair etkili soru\u015fturma yap\u0131lmam\u0131\u015ft\u0131 ve d\u00fczenlenen iddianameler de bu nedenle b\u00fct\u00fcnl\u00fckl\u00fc bir yarg\u0131lamay\u0131 olanakl\u0131 hale getirmemi\u015fti.<\/p>\n<p>\u0130stanbul 14.A\u011f\u0131r Ceza Mahkemesinin son heyeti taraf\u0131ndan Hrant Dink cinayeti yarg\u0131lamas\u0131n\u0131n s\u0131n\u0131rlar\u0131n\u0131n ve kapsam\u0131n\u0131n belirlenmesine y\u00f6nelik bir tutum al\u0131nd\u0131 ve Mahkeme cinayeti bir b\u00fct\u00fcn olarak, t\u00fcm y\u00f6nleri ile tart\u0131\u015fmayaca\u011f\u0131n\u0131 ve yarg\u0131lamaya konu etmeyece\u011fini ortaya koydu.<\/p>\n<p>Davan\u0131n kapsam\u0131n\u0131 ve s\u0131n\u0131rlar\u0131n\u0131 belirlemeye \u00e7al\u0131\u015fan, cinayeti t\u00fcm y\u00f6nleri ile yarg\u0131lamaya konu etmeyece\u011fini ortaya koyan Mahkemenin olu\u015fturaca\u011f\u0131 karar\u0131n\u0131n m\u00fcdahil taraf olarak bizim i\u00e7in de davaya duyarl\u0131 olan toplum kesimleri i\u00e7in de ikna edici olmayaca\u011f\u0131n\u0131 bu tarih itibari ile beyan etmekteyiz.<\/p>\n<p><em><strong>FOTO: Berge Arabian\u00a0<\/strong><\/em><\/p>\n<p><em><strong>http:\/\/www.agos.com.tr\/tr\/yazi\/25199\/butunluklu-bir-yargilama-olanagi-kalmadi\u00a0<\/strong><\/em><\/p>\n","protected":false},"excerpt":{"rendered":"<p>Kamu g\u00f6revlilerinin yarg\u0131land\u0131\u011f\u0131 Hrant Dink Cinayeti Davas\u0131 sonlara yakla\u015f\u0131rken Dink Ailesi avukatlar\u0131ndan Hakan Bak\u0131rc\u0131o\u011flu, davada gelinen a\u015famay\u0131 \u00f6zetleyen bir de\u011ferlendirme kaleme ald\u0131. Bak\u0131rc\u0131o\u011flu, soru\u015fturman\u0131n ve davan\u0131n geni\u015fletilmesine y\u00f6nelik taleplerinin kar\u015f\u0131l\u0131k bulmad\u0131\u011f\u0131na dikkat \u00e7ekiyor ve &#8220;B\u00fct\u00fcnl\u00fckl\u00fc bir yarg\u0131lamam\u0131n ger\u00e7ekle\u015fmesi olana\u011f\u0131 kalmam\u0131\u015f oldu&#8221; diyor. Bak\u0131rc\u0131o\u011flu&#8217;nun de\u011ferlendirmesini sunuyoruz. AV. HAKAN BAKIRCIO\u011eLU Hrant Dink, yaz\u0131lar\u0131, kat\u0131ld\u0131\u011f\u0131 programlar, panel ve [&hellip;]<\/p>\n","protected":false},"author":7,"featured_media":61045,"comment_status":"open","ping_status":"open","sticky":false,"template":"","format":"standard","meta":{"footnotes":""},"categories":[1,70],"tags":[],"class_list":["post-61044","post","type-post","status-publish","format-standard","has-post-thumbnail","hentry","category-haberler","category-makaleler"],"yoast_head":"<!-- This site is optimized with the Yoast SEO plugin v27.4 - https:\/\/yoast.com\/product\/yoast-seo-wordpress\/ -->\n<title>&quot;B\u00fct\u00fcnl\u00fckl\u00fc bir yarg\u0131lama olana\u011f\u0131 kalmad\u0131&quot; - Bati Ermenistan Ve Bati Ermenileri Sorunlari Ara\u015ftirmalar Merkezi<\/title>\n<meta name=\"robots\" content=\"index, follow, max-snippet:-1, max-image-preview:large, max-video-preview:-1\" \/>\n<link rel=\"canonical\" href=\"https:\/\/akunq.net\/tr\/?p=61044\" \/>\n<meta property=\"og:locale\" content=\"en_US\" \/>\n<meta property=\"og:type\" content=\"article\" \/>\n<meta property=\"og:title\" content=\"&quot;B\u00fct\u00fcnl\u00fckl\u00fc bir yarg\u0131lama olana\u011f\u0131 kalmad\u0131&quot; - Bati Ermenistan Ve Bati Ermenileri Sorunlari Ara\u015ftirmalar Merkezi\" \/>\n<meta property=\"og:description\" content=\"Kamu g\u00f6revlilerinin yarg\u0131land\u0131\u011f\u0131 Hrant Dink Cinayeti Davas\u0131 sonlara yakla\u015f\u0131rken Dink Ailesi avukatlar\u0131ndan Hakan Bak\u0131rc\u0131o\u011flu, davada gelinen a\u015famay\u0131 \u00f6zetleyen bir de\u011ferlendirme kaleme ald\u0131. Bak\u0131rc\u0131o\u011flu, soru\u015fturman\u0131n ve davan\u0131n geni\u015fletilmesine y\u00f6nelik taleplerinin kar\u015f\u0131l\u0131k bulmad\u0131\u011f\u0131na dikkat \u00e7ekiyor ve &#8220;B\u00fct\u00fcnl\u00fckl\u00fc bir yarg\u0131lamam\u0131n ger\u00e7ekle\u015fmesi olana\u011f\u0131 kalmam\u0131\u015f oldu&#8221; diyor. Bak\u0131rc\u0131o\u011flu&#8217;nun de\u011ferlendirmesini sunuyoruz. AV. HAKAN BAKIRCIO\u011eLU Hrant Dink, yaz\u0131lar\u0131, kat\u0131ld\u0131\u011f\u0131 programlar, panel ve [&hellip;]\" \/>\n<meta property=\"og:url\" content=\"https:\/\/akunq.net\/tr\/?p=61044\" \/>\n<meta property=\"og:site_name\" content=\"Bati Ermenistan Ve Bati Ermenileri Sorunlari Ara\u015ftirmalar Merkezi\" \/>\n<meta property=\"article:published_time\" content=\"2021-01-20T07:14:54+00:00\" \/>\n<meta property=\"og:image\" content=\"https:\/\/akunq.net\/tr\/wp-content\/uploads\/sites\/6\/2021\/01\/Dink-6.jpg\" \/>\n\t<meta property=\"og:image:width\" content=\"702\" \/>\n\t<meta property=\"og:image:height\" content=\"467\" \/>\n\t<meta property=\"og:image:type\" content=\"image\/jpeg\" \/>\n<meta name=\"author\" content=\"admin\" \/>\n<meta name=\"twitter:card\" content=\"summary_large_image\" \/>\n<meta name=\"twitter:label1\" content=\"Written by\" \/>\n\t<meta name=\"twitter:data1\" content=\"admin\" \/>\n\t<meta name=\"twitter:label2\" content=\"Est. reading time\" \/>\n\t<meta name=\"twitter:data2\" content=\"23 minutes\" \/>\n<script type=\"application\/ld+json\" class=\"yoast-schema-graph\">{\"@context\":\"https:\\\/\\\/schema.org\",\"@graph\":[{\"@type\":\"Article\",\"@id\":\"https:\\\/\\\/akunq.net\\\/tr\\\/?p=61044#article\",\"isPartOf\":{\"@id\":\"https:\\\/\\\/akunq.net\\\/tr\\\/?p=61044\"},\"author\":{\"name\":\"admin\",\"@id\":\"https:\\\/\\\/akunq.net\\\/tr\\\/#\\\/schema\\\/person\\\/096f1d38a12cce57fb855b485ed24c9e\"},\"headline\":\"&#8220;B\u00fct\u00fcnl\u00fckl\u00fc bir yarg\u0131lama olana\u011f\u0131 kalmad\u0131&#8221;\",\"datePublished\":\"2021-01-20T07:14:54+00:00\",\"mainEntityOfPage\":{\"@id\":\"https:\\\/\\\/akunq.net\\\/tr\\\/?p=61044\"},\"wordCount\":4653,\"commentCount\":0,\"image\":{\"@id\":\"https:\\\/\\\/akunq.net\\\/tr\\\/?p=61044#primaryimage\"},\"thumbnailUrl\":\"https:\\\/\\\/akunq.net\\\/tr\\\/wp-content\\\/uploads\\\/sites\\\/6\\\/2021\\\/01\\\/Dink-6.jpg\",\"articleSection\":[\"Haberler\",\"Makaleler\"],\"inLanguage\":\"en-US\",\"potentialAction\":[{\"@type\":\"CommentAction\",\"name\":\"Comment\",\"target\":[\"https:\\\/\\\/akunq.net\\\/tr\\\/?p=61044#respond\"]}]},{\"@type\":\"WebPage\",\"@id\":\"https:\\\/\\\/akunq.net\\\/tr\\\/?p=61044\",\"url\":\"https:\\\/\\\/akunq.net\\\/tr\\\/?p=61044\",\"name\":\"\\\"B\u00fct\u00fcnl\u00fckl\u00fc bir yarg\u0131lama olana\u011f\u0131 kalmad\u0131\\\" - Bati Ermenistan Ve Bati Ermenileri Sorunlari Ara\u015ftirmalar Merkezi\",\"isPartOf\":{\"@id\":\"https:\\\/\\\/akunq.net\\\/tr\\\/#website\"},\"primaryImageOfPage\":{\"@id\":\"https:\\\/\\\/akunq.net\\\/tr\\\/?p=61044#primaryimage\"},\"image\":{\"@id\":\"https:\\\/\\\/akunq.net\\\/tr\\\/?p=61044#primaryimage\"},\"thumbnailUrl\":\"https:\\\/\\\/akunq.net\\\/tr\\\/wp-content\\\/uploads\\\/sites\\\/6\\\/2021\\\/01\\\/Dink-6.jpg\",\"datePublished\":\"2021-01-20T07:14:54+00:00\",\"author\":{\"@id\":\"https:\\\/\\\/akunq.net\\\/tr\\\/#\\\/schema\\\/person\\\/096f1d38a12cce57fb855b485ed24c9e\"},\"breadcrumb\":{\"@id\":\"https:\\\/\\\/akunq.net\\\/tr\\\/?p=61044#breadcrumb\"},\"inLanguage\":\"en-US\",\"potentialAction\":[{\"@type\":\"ReadAction\",\"target\":[\"https:\\\/\\\/akunq.net\\\/tr\\\/?p=61044\"]}]},{\"@type\":\"ImageObject\",\"inLanguage\":\"en-US\",\"@id\":\"https:\\\/\\\/akunq.net\\\/tr\\\/?p=61044#primaryimage\",\"url\":\"https:\\\/\\\/akunq.net\\\/tr\\\/wp-content\\\/uploads\\\/sites\\\/6\\\/2021\\\/01\\\/Dink-6.jpg\",\"contentUrl\":\"https:\\\/\\\/akunq.net\\\/tr\\\/wp-content\\\/uploads\\\/sites\\\/6\\\/2021\\\/01\\\/Dink-6.jpg\",\"width\":702,\"height\":467},{\"@type\":\"BreadcrumbList\",\"@id\":\"https:\\\/\\\/akunq.net\\\/tr\\\/?p=61044#breadcrumb\",\"itemListElement\":[{\"@type\":\"ListItem\",\"position\":1,\"name\":\"Home\",\"item\":\"https:\\\/\\\/akunq.net\\\/tr\"},{\"@type\":\"ListItem\",\"position\":2,\"name\":\"&#8220;B\u00fct\u00fcnl\u00fckl\u00fc bir yarg\u0131lama olana\u011f\u0131 kalmad\u0131&#8221;\"}]},{\"@type\":\"WebSite\",\"@id\":\"https:\\\/\\\/akunq.net\\\/tr\\\/#website\",\"url\":\"https:\\\/\\\/akunq.net\\\/tr\\\/\",\"name\":\"Bati Ermenistan Ve Bati Ermenileri Sorunlari Ara\u015ftirmalar Merkezi\",\"description\":\"\",\"potentialAction\":[{\"@type\":\"SearchAction\",\"target\":{\"@type\":\"EntryPoint\",\"urlTemplate\":\"https:\\\/\\\/akunq.net\\\/tr\\\/?s={search_term_string}\"},\"query-input\":{\"@type\":\"PropertyValueSpecification\",\"valueRequired\":true,\"valueName\":\"search_term_string\"}}],\"inLanguage\":\"en-US\"},{\"@type\":\"Person\",\"@id\":\"https:\\\/\\\/akunq.net\\\/tr\\\/#\\\/schema\\\/person\\\/096f1d38a12cce57fb855b485ed24c9e\",\"name\":\"admin\",\"url\":\"https:\\\/\\\/akunq.net\\\/tr\\\/?author=7\"}]}<\/script>\n<!-- \/ Yoast SEO plugin. -->","yoast_head_json":{"title":"\"B\u00fct\u00fcnl\u00fckl\u00fc bir yarg\u0131lama olana\u011f\u0131 kalmad\u0131\" - Bati Ermenistan Ve Bati Ermenileri Sorunlari Ara\u015ftirmalar Merkezi","robots":{"index":"index","follow":"follow","max-snippet":"max-snippet:-1","max-image-preview":"max-image-preview:large","max-video-preview":"max-video-preview:-1"},"canonical":"https:\/\/akunq.net\/tr\/?p=61044","og_locale":"en_US","og_type":"article","og_title":"\"B\u00fct\u00fcnl\u00fckl\u00fc bir yarg\u0131lama olana\u011f\u0131 kalmad\u0131\" - Bati Ermenistan Ve Bati Ermenileri Sorunlari Ara\u015ftirmalar Merkezi","og_description":"Kamu g\u00f6revlilerinin yarg\u0131land\u0131\u011f\u0131 Hrant Dink Cinayeti Davas\u0131 sonlara yakla\u015f\u0131rken Dink Ailesi avukatlar\u0131ndan Hakan Bak\u0131rc\u0131o\u011flu, davada gelinen a\u015famay\u0131 \u00f6zetleyen bir de\u011ferlendirme kaleme ald\u0131. Bak\u0131rc\u0131o\u011flu, soru\u015fturman\u0131n ve davan\u0131n geni\u015fletilmesine y\u00f6nelik taleplerinin kar\u015f\u0131l\u0131k bulmad\u0131\u011f\u0131na dikkat \u00e7ekiyor ve &#8220;B\u00fct\u00fcnl\u00fckl\u00fc bir yarg\u0131lamam\u0131n ger\u00e7ekle\u015fmesi olana\u011f\u0131 kalmam\u0131\u015f oldu&#8221; diyor. Bak\u0131rc\u0131o\u011flu&#8217;nun de\u011ferlendirmesini sunuyoruz. AV. HAKAN BAKIRCIO\u011eLU Hrant Dink, yaz\u0131lar\u0131, kat\u0131ld\u0131\u011f\u0131 programlar, panel ve [&hellip;]","og_url":"https:\/\/akunq.net\/tr\/?p=61044","og_site_name":"Bati Ermenistan Ve Bati Ermenileri Sorunlari Ara\u015ftirmalar Merkezi","article_published_time":"2021-01-20T07:14:54+00:00","og_image":[{"width":702,"height":467,"url":"https:\/\/akunq.net\/tr\/wp-content\/uploads\/sites\/6\/2021\/01\/Dink-6.jpg","type":"image\/jpeg"}],"author":"admin","twitter_card":"summary_large_image","twitter_misc":{"Written by":"admin","Est. reading time":"23 minutes"},"schema":{"@context":"https:\/\/schema.org","@graph":[{"@type":"Article","@id":"https:\/\/akunq.net\/tr\/?p=61044#article","isPartOf":{"@id":"https:\/\/akunq.net\/tr\/?p=61044"},"author":{"name":"admin","@id":"https:\/\/akunq.net\/tr\/#\/schema\/person\/096f1d38a12cce57fb855b485ed24c9e"},"headline":"&#8220;B\u00fct\u00fcnl\u00fckl\u00fc bir yarg\u0131lama olana\u011f\u0131 kalmad\u0131&#8221;","datePublished":"2021-01-20T07:14:54+00:00","mainEntityOfPage":{"@id":"https:\/\/akunq.net\/tr\/?p=61044"},"wordCount":4653,"commentCount":0,"image":{"@id":"https:\/\/akunq.net\/tr\/?p=61044#primaryimage"},"thumbnailUrl":"https:\/\/akunq.net\/tr\/wp-content\/uploads\/sites\/6\/2021\/01\/Dink-6.jpg","articleSection":["Haberler","Makaleler"],"inLanguage":"en-US","potentialAction":[{"@type":"CommentAction","name":"Comment","target":["https:\/\/akunq.net\/tr\/?p=61044#respond"]}]},{"@type":"WebPage","@id":"https:\/\/akunq.net\/tr\/?p=61044","url":"https:\/\/akunq.net\/tr\/?p=61044","name":"\"B\u00fct\u00fcnl\u00fckl\u00fc bir yarg\u0131lama olana\u011f\u0131 kalmad\u0131\" - Bati Ermenistan Ve Bati Ermenileri Sorunlari Ara\u015ftirmalar Merkezi","isPartOf":{"@id":"https:\/\/akunq.net\/tr\/#website"},"primaryImageOfPage":{"@id":"https:\/\/akunq.net\/tr\/?p=61044#primaryimage"},"image":{"@id":"https:\/\/akunq.net\/tr\/?p=61044#primaryimage"},"thumbnailUrl":"https:\/\/akunq.net\/tr\/wp-content\/uploads\/sites\/6\/2021\/01\/Dink-6.jpg","datePublished":"2021-01-20T07:14:54+00:00","author":{"@id":"https:\/\/akunq.net\/tr\/#\/schema\/person\/096f1d38a12cce57fb855b485ed24c9e"},"breadcrumb":{"@id":"https:\/\/akunq.net\/tr\/?p=61044#breadcrumb"},"inLanguage":"en-US","potentialAction":[{"@type":"ReadAction","target":["https:\/\/akunq.net\/tr\/?p=61044"]}]},{"@type":"ImageObject","inLanguage":"en-US","@id":"https:\/\/akunq.net\/tr\/?p=61044#primaryimage","url":"https:\/\/akunq.net\/tr\/wp-content\/uploads\/sites\/6\/2021\/01\/Dink-6.jpg","contentUrl":"https:\/\/akunq.net\/tr\/wp-content\/uploads\/sites\/6\/2021\/01\/Dink-6.jpg","width":702,"height":467},{"@type":"BreadcrumbList","@id":"https:\/\/akunq.net\/tr\/?p=61044#breadcrumb","itemListElement":[{"@type":"ListItem","position":1,"name":"Home","item":"https:\/\/akunq.net\/tr"},{"@type":"ListItem","position":2,"name":"&#8220;B\u00fct\u00fcnl\u00fckl\u00fc bir yarg\u0131lama olana\u011f\u0131 kalmad\u0131&#8221;"}]},{"@type":"WebSite","@id":"https:\/\/akunq.net\/tr\/#website","url":"https:\/\/akunq.net\/tr\/","name":"Bati Ermenistan Ve Bati Ermenileri Sorunlari Ara\u015ftirmalar Merkezi","description":"","potentialAction":[{"@type":"SearchAction","target":{"@type":"EntryPoint","urlTemplate":"https:\/\/akunq.net\/tr\/?s={search_term_string}"},"query-input":{"@type":"PropertyValueSpecification","valueRequired":true,"valueName":"search_term_string"}}],"inLanguage":"en-US"},{"@type":"Person","@id":"https:\/\/akunq.net\/tr\/#\/schema\/person\/096f1d38a12cce57fb855b485ed24c9e","name":"admin","url":"https:\/\/akunq.net\/tr\/?author=7"}]}},"_links":{"self":[{"href":"https:\/\/akunq.net\/tr\/index.php?rest_route=\/wp\/v2\/posts\/61044","targetHints":{"allow":["GET"]}}],"collection":[{"href":"https:\/\/akunq.net\/tr\/index.php?rest_route=\/wp\/v2\/posts"}],"about":[{"href":"https:\/\/akunq.net\/tr\/index.php?rest_route=\/wp\/v2\/types\/post"}],"author":[{"embeddable":true,"href":"https:\/\/akunq.net\/tr\/index.php?rest_route=\/wp\/v2\/users\/7"}],"replies":[{"embeddable":true,"href":"https:\/\/akunq.net\/tr\/index.php?rest_route=%2Fwp%2Fv2%2Fcomments&post=61044"}],"version-history":[{"count":1,"href":"https:\/\/akunq.net\/tr\/index.php?rest_route=\/wp\/v2\/posts\/61044\/revisions"}],"predecessor-version":[{"id":61046,"href":"https:\/\/akunq.net\/tr\/index.php?rest_route=\/wp\/v2\/posts\/61044\/revisions\/61046"}],"wp:featuredmedia":[{"embeddable":true,"href":"https:\/\/akunq.net\/tr\/index.php?rest_route=\/wp\/v2\/media\/61045"}],"wp:attachment":[{"href":"https:\/\/akunq.net\/tr\/index.php?rest_route=%2Fwp%2Fv2%2Fmedia&parent=61044"}],"wp:term":[{"taxonomy":"category","embeddable":true,"href":"https:\/\/akunq.net\/tr\/index.php?rest_route=%2Fwp%2Fv2%2Fcategories&post=61044"},{"taxonomy":"post_tag","embeddable":true,"href":"https:\/\/akunq.net\/tr\/index.php?rest_route=%2Fwp%2Fv2%2Ftags&post=61044"}],"curies":[{"name":"wp","href":"https:\/\/api.w.org\/{rel}","templated":true}]}}