{"id":61041,"date":"2021-01-20T02:04:53","date_gmt":"2021-01-20T07:04:53","guid":{"rendered":"https:\/\/akunq.net\/tr\/?p=61041"},"modified":"2021-01-20T02:04:53","modified_gmt":"2021-01-20T07:04:53","slug":"garo-paylan-ortada-bir-milli-mutabakat-cinayeti-var","status":"publish","type":"post","link":"https:\/\/akunq.net\/tr\/?p=61041","title":{"rendered":"Garo Paylan: Ortada bir milli mutabakat cinayeti var"},"content":{"rendered":"<p><img loading=\"lazy\" decoding=\"async\" class=\"aligncenter size-medium wp-image-61042\" src=\"https:\/\/akunq.net\/tr\/wp-content\/uploads\/2021\/01\/Paylan-360x208.jpeg\" alt=\"\" width=\"360\" height=\"208\" srcset=\"https:\/\/akunq.net\/tr\/wp-content\/uploads\/sites\/6\/2021\/01\/Paylan-360x208.jpeg 360w, https:\/\/akunq.net\/tr\/wp-content\/uploads\/sites\/6\/2021\/01\/Paylan-768x444.jpeg 768w, https:\/\/akunq.net\/tr\/wp-content\/uploads\/sites\/6\/2021\/01\/Paylan-560x324.jpeg 560w, https:\/\/akunq.net\/tr\/wp-content\/uploads\/sites\/6\/2021\/01\/Paylan-260x150.jpeg 260w, https:\/\/akunq.net\/tr\/wp-content\/uploads\/sites\/6\/2021\/01\/Paylan-160x93.jpeg 160w, https:\/\/akunq.net\/tr\/wp-content\/uploads\/sites\/6\/2021\/01\/Paylan.jpeg 800w\" sizes=\"auto, (max-width: 360px) 100vw, 360px\" \/><\/p>\n<p class=\"article-spot\"><em><strong>HDP Milletvekili Garo Paylan ve Dink davas\u0131n\u0131n avukatlar\u0131ndan Bahri Belen dava s\u00fcreciyle ilgili Art\u0131 TV&#8217;ye konu\u015ftu. Paylan, cinayetin \u015fimdi de &#8216;FET\u00d6&#8217;ye y\u0131k\u0131lmaya \u00e7al\u0131\u015f\u0131ld\u0131\u011f\u0131n\u0131 s\u00f6yledi.<\/strong><\/em><\/p>\n<p><strong>ARTI GER\u00c7EK &#8211;\u00a0<\/strong>Agos Gazetesi Genel Yay\u0131n Y\u00f6netmeni Hrant Dink 14 y\u0131l \u00f6nce 17 ya\u015f\u0131ndaki Og\u00fcn Samast taraf\u0131ndan vurularak \u00f6ld\u00fcr\u00fcld\u00fc. Dink&#8217;in \u00f6l\u00fcm\u00fcnde ihmali ve sorumlulu\u011fu olmakla su\u00e7lanan yedisi tutuklu, 13&#8217;\u00fc firari 76 kamu g\u00fcvenlik g\u00f6revlisinin yarg\u0131land\u0131\u011f\u0131 dava hala devam ediyor.<\/p>\n<p>HDP milletvekili Garo Paylan ve dava avukatlar\u0131ndan Bahri Belen ARTI TV&#8217;de Ezo \u00d6zer ile Odak program\u0131&#8217;na kat\u0131ld\u0131. Paylan yapt\u0131\u011f\u0131 a\u00e7\u0131klamalarda Hrant Dink&#8217;in katillerinin hala korundu\u011funun alt\u0131n\u0131 \u00e7izdi ve &#8220;Hrant Dink davas\u0131 hep bir ara\u00e7 dava olarak g\u00f6r\u00fcld\u00fc. Ortada milli mutabakat cinayeti var&#8221; dedi.<\/p>\n<p>Davan\u0131n avukatlar\u0131ndan Bahri Belen ise yapt\u0131\u011f\u0131 a\u00e7\u0131klamalarda &#8220;Bu dosyada g\u00f6rd\u00fcm ki &#8220;o bir Ermeni&#8221; diyerek herkes susmu\u015f&#8221; ifadelerine yer verdi.<\/p>\n<p><strong>&#8216;HRANT&#8217;IN KAT\u0130LLER\u0130 HALA KORUNUYOR VE MAALESEF HRANT HALA O KALDIRIMDA YATIYOR&#8217;<\/strong><\/p>\n<p>Paylan, Hrant Dink cinayeti ile ilgili devletin bir sorumluluk almad\u0131\u011f\u0131n\u0131 ifade etti ve konu\u015fmalar\u0131n\u0131 \u015f\u00f6yle s\u00fcrd\u00fcrd\u00fc:<\/p>\n<p>&#8220;Devlet Hrant Dink&#8217;in katiliyken sorumlulu\u011fu da alamazd\u0131. Katil bir devlet anlay\u0131\u015f\u0131 Hrant Dink cinayetinin sorumlulu\u011funu alamazd\u0131. O anlay\u0131\u015f hala devam ediyor. Hrant&#8217;\u0131n katilleri hala korunuyor, kollan\u0131yor ve Hrant malesef o kald\u0131r\u0131mda yat\u0131yor. Hrant Dink&#8217;i o kald\u0131r\u0131mdan kald\u0131r\u0131p adaletle bulu\u015fturup hayal etti\u011fi bir T\u00fcrkiye&#8217;ye kavu\u015fturamad\u0131k. Yaln\u0131zca Dink davas\u0131 T\u00fcrkiye&#8217;de bir ar\u0131nma davas\u0131na d\u00f6n\u00fc\u015febilirdi. Devletin karanl\u0131\u011f\u0131yla y\u00fczle\u015febilirdik. Ama bunu 14 y\u0131ld\u0131r ba\u015faramad\u0131k. Ben \u015f\u00f6yle g\u00f6r\u00fcyorum 14 yll\u0131k b\u00fcy\u00fck bir m\u00fccadele var, avukatlar\u0131m\u0131z b\u00fcy\u00fck bir m\u00fccadele y\u00fcr\u00fctt\u00fcler. Hrant&#8217;\u0131n Arkada\u015flar\u0131 122 dava boyunca mahkeme salonlar\u0131n\u0131n \u00f6n\u00fcndeydi. Ama bana g\u00f6re hen\u00fcz Hrant Dink davas\u0131 ba\u015flamad\u0131. \u00c7\u00fcnk\u00fc Hrant Dink davas\u0131 hep bir ara\u00e7 dava olarak g\u00f6r\u00fcld\u00fc. Siyasette belli ba\u015fl\u0131 ki\u015filerin ba\u015fka ki\u015fileri tasfiye etmesinin bir arac\u0131 olarak g\u00f6r\u00fcld\u00fc. \u00d6ncelikle Ergenekoncu denilen, bu davan\u0131n da tabii ki san\u0131\u011f\u0131 olmas\u0131 gereken baz\u0131 unsurlar bu davada \u00f6ne konuldu, Hrant&#8217;\u0131n katilleri olarak bu cinayetin sorumlular\u0131ndan bir b\u00f6l\u00fcm\u00fc \u00fczerinde yarg\u0131lama yap\u0131ld\u0131. Daha sonra siyasette dengeler de\u011fi\u015fti, g\u00fc\u00e7 dengeleri de\u011fi\u015fti. 15 temmuz darbe giri\u015fminden sonra \u00f6zellikle FET\u00d6&#8217;c\u00fc denilen unsurlar \u00fczerine dava y\u0131k\u0131lmaya \u00e7al\u0131\u015f\u0131ld\u0131. Ama ortada bir milli mutabakat cinayeti vard\u0131. Bu ortak sorumlulu\u011fa hi\u00e7bir zaman bak\u0131lmad\u0131. Biz bu davan\u0131n san\u0131klar\u0131na hi\u00e7 bir zaman FET\u00d6 veya Ergenekoncu diyerek bakmad\u0131k. Hepsi kamu g\u00f6revlileriydi, bu iktidar\u0131n atad\u0131\u011f\u0131 kamu g\u00f6revlileriydi.&#8221;<\/p>\n<p><strong>&#8216;BU DEVLET ESK\u0130 KAMU G\u00d6REVL\u0130LER\u0130N\u0130N H\u0130\u00c7B\u0130R\u0130N\u0130N KONU\u015eMASINI \u0130STEM\u0130YOR&#8217;<\/strong><\/p>\n<p>Paylan Hrant davas\u0131n\u0131n devlet i\u00e7erisindeki tasfiye operasyonlar\u0131n\u0131n arac\u0131 haline getirildi\u011fini vurgulad\u0131. Kamu g\u00f6revlilerinin konu\u015fmas\u0131n\u0131n devlet taraf\u0131ndan istenmedi\u011fini de ekleyen Paylan, s\u00f6zlerine \u015f\u00f6yle devam etti:\u00a0 &#8220;Davada her zaman davan\u0131n bir b\u00f6l\u00fcm\u00fc ile ilgilenildi. Belli tasfiye operasyonlar\u0131n\u0131n arac\u0131 haline getirildi. \u015eimdi benim g\u00f6rd\u00fc\u011f\u00fcm davada h\u0131zla bir sonuca do\u011fru y\u00fcr\u00fcnmeye \u00e7al\u0131\u015f\u0131l\u0131yor. Davan\u0131n faili FET\u00d6&#8217;c\u00fclerdi diye uluslararas\u0131 kamuoyuna da anlatmaya \u00e7al\u0131\u015facaklar. Bu \u015fekilde bir mahkumiyete y\u00fcr\u00fcnecek. Ancak ben bu mahkumiyetin yeterli olaca\u011f\u0131n\u0131 d\u00fc\u015f\u00fcnm\u00fcyorum. Mesela Ali Fuat Y\u0131lmazer \u0130stihabarat Daire Ba\u015fkan\u0131 bundan birka\u00e7 y\u0131l \u00f6nce ben konu\u015faca\u011f\u0131m dedi mahkemede. Aradan iki hafta ge\u00e7medi k\u0131z\u0131n\u0131 tutuklad\u0131lar. Konu\u015faca\u011f\u0131m diyen san\u0131\u011f\u0131n k\u0131z\u0131n\u0131 tutuklad\u0131lar ve Y\u0131lmazer sessizli\u011fie b\u00fcr\u00fcnd\u00fc. Bu devlet eski kamu g\u00f6revlilerinin hi\u00e7birinin konu\u015fmas\u0131n\u0131 istemiyor. D\u00fc\u015f\u00fcn\u00fcn 15 y\u0131l \u00f6nceki milliyet\u00e7i iklimden \u00e7ok daha derinini ya\u015f\u0131yoruz. \u015eu anda \u0131rk\u00e7\u0131 politikalar\u0131 s\u00fcrd\u00fcren bir anlay\u0131\u015ftan\u00a0ve onun kontrol\u00fcndeki yarg\u0131dan adalet beklemek hayaldir. Bu yarg\u0131dan hala adalet bekleyen varsa ger\u00e7ekten naiftir.&#8221;<\/p>\n<p><strong>&#8216;B\u0130Z B\u0130TT\u0130 DEMEDEN BU DAVA B\u0130TMEYECEK&#8217;<\/strong><\/p>\n<p>Paylan davan\u0131n siyasi anlamda \u00f6n\u00fcn\u00fcn t\u0131kand\u0131\u011f\u0131n\u0131 ifade etti ve s\u00f6zlerini \u015f\u00f6yle s\u00fcrd\u00fcrd\u00fc: &#8220;Ba\u015fak Demirta\u015f anmada konu\u015ftu, sevgili Demirta\u015f y\u0131llard\u0131r \u0131rk\u00e7\u0131 saiklerle cezaevinde, binlerce arkada\u015f\u0131m\u0131z yolda\u015f\u0131m\u0131z cezaevinde. Onlara \u0131rk\u00e7\u0131 politikalar\u0131 uygulayan bu siyasi anlay\u0131\u015f\u0131n bu davan\u0131n \u00f6n\u00fcn\u00fc a\u00e7ma ihtimali yoktur. Bu dava siyasi anlamda \u00f6n\u00fc t\u0131kanm\u0131\u015f bir davad\u0131r. Pek \u00e7ok soru\u015fturman\u0131n \u00f6n\u00fc kapand\u0131. Genelkurmay Ba\u015fkan\u0131 bir bildiri yay\u0131nlad\u0131 ve Hrant Dink&#8217;i hedefle\u015ftirdi. Genelkurmay bildirisinde Hrant Dink a\u00e7\u0131k\u00e7a tehdit edildi. O bildiriyi yazanlar mahkemede san\u0131k oldular m\u0131? Olmad\u0131lar. Kim o bildiriyi yazd\u0131, kim hedefle\u015ftirdi? Hrant&#8217;\u0131 daha sonra valili\u011fe \u00e7a\u011f\u0131r\u0131p tehdit ettiler. Valili\u011fe \u00e7a\u011f\u0131ran g\u00f6revliler ve M\u0130T yetkilileri bu davan\u0131n san\u0131\u011f\u0131 oldular m\u0131? Hay\u0131r. O zaman bu dava ba\u015flamam\u0131\u015ft\u0131r. Hrant&#8217;\u0131 hedefe koyan ve kap\u0131s\u0131na gelen milliyet\u00e7i \u0131rk\u00e7\u0131 g\u00fcruhlar vard\u0131, onlar\u0131 kim y\u00f6nlendirmi\u015fti? Onlar san\u0131k oldular m\u0131 hay\u0131r olmad\u0131lar. Emniyette, jandarmada \u00f6ld\u00fcr diyenler kimdir? Kim, Hrant&#8217;\u0131n kalemini k\u0131rm\u0131\u015ft\u0131r bu davada g\u00f6rd\u00fck m\u00fc? Hay\u0131r g\u00f6rmedik. Bizim i\u00e7in bu dava hen\u00fcz ba\u015flamam\u0131\u015ft\u0131r. Biz bitti demeden de bu dava bitmeyecek.&#8221;<\/p>\n<p><strong>&#8216;O B\u0130R ERMEN\u0130&#8217; D\u0130YEREK HERKES SUSMU\u015e&#8217;<\/strong><\/p>\n<p>Hrant Dink&#8217;in avukatlar\u0131ndan Bahri Belen de kamu g\u00f6revlilerinin davada sessiz kald\u0131\u011f\u0131n\u0131n alt\u0131n\u0131 \u00e7izdi. &#8220;O bir Ermeni&#8221; diyerek herkesin suskun kald\u0131\u011f\u0131n\u0131 ifade eden Belen \u015f\u00f6yle konu\u015ftu:\u00a0&#8220;Devlet g\u00f6kten zembille inmi\u015f bir mekanizma de\u011fil. Devlet yurtta\u015flar\u0131n g\u00fcvenlik, adalet, huzur ve insanca bir ya\u015fam bekledi\u011fi \u00f6rg\u00fctlenmenin ad\u0131. E\u011fer bu devlet yurtta\u015flar\u0131na hukuk ve adalet konusunda bir g\u00fcven sa\u011flarsa o toplumda g\u00fcven olur. Hrant, U\u011fur Mumcu, Kemal T\u00fcrkler ve bir\u00e7ok ki\u015finin cinayeti devlet i\u00e7indeki bir tak\u0131m karanl\u0131k g\u00fc\u00e7lerin, o devletin belli \u015fekilde y\u00f6netilmesinin haz\u0131rl\u0131klar\u0131n\u0131 yapt\u0131klar\u0131 i\u00e7in ger\u00e7ekle\u015fmi\u015ftir. Siyasi cinayetler ba\u015flad\u0131\u011f\u0131 zaman bilin ki o \u00fclkede ola\u011fan\u00fcst\u00fc bir durum, ola\u011fan\u00fcst\u00fc bir rejim haz\u0131rl\u0131\u011f\u0131 vard\u0131r. \u015eimdi bu cinayetin \u00f6ncesinde de b\u00f6yle haz\u0131rl\u0131klar\u0131n oldu\u011funu da tahmin ediyorum ama bunu kim yap\u0131yor. Bu dosyada g\u00f6rd\u00fc\u011f\u00fcm bir \u015fey var; ki &#8220;o bir Ermeni&#8221; diyerek herkes susmu\u015f herkes g\u00f6rmezden gelmi\u015f. &#8221;<\/p>\n<p><strong>&#8216;DAVA AYDINLANIRSA BARI\u015e \u0130\u00c7\u0130NDE YA\u015eAMA UMUDUNUN TEMELLER\u0130 DAHA SA\u011eLAM ATILACAKTIR&#8217;<\/strong><\/p>\n<p>Belen s\u00f6zlerinin devam\u0131nda, davada ortaya \u00e7\u0131kacak ger\u00e7eklerin\u00a0\u00fclkenin gelece\u011fini de ayd\u0131nlatacak derecede \u00f6nemli oldu\u011funu vurgulad\u0131:<\/p>\n<p>&#8220;Kamuoyu \u015funu bilmeli bence iktidardaki bu olumsuz g\u00f6r\u00fcnt\u00fcye kar\u015f\u0131n halk\u0131n \u00e7o\u011funlu\u011funun bir \u00e7ok a\u00e7\u0131dan \u00e7ok bilin\u00e7lendi\u011fini, halk\u0131n \u00e7o\u011funlu\u011funun eski \u00f6tekile\u015ftirme anlay\u0131\u015f\u0131n\u0131n fark\u0131na vard\u0131\u011f\u0131n\u0131 d\u00fc\u015f\u00fcn\u00fcyorum. Kamuoyu, bu davada ger\u00e7ekleri ortaya \u00e7\u0131karacak bir karar\u0131n, \u00fclkenin gelece\u011fini ayd\u0131nlataca\u011f\u0131n\u0131n bilincinde olmal\u0131d\u0131r. Hrant&#8217;\u0131n \u00f6ld\u00fcr\u00fclmesi ile ilgili cinayetin \u00e7er\u00e7evesinde ayd\u0131nlanmayan her \u015fey bu \u00fclkenin gelece\u011finin g\u00f6lgesi olarak kalacakt\u0131r. Bu davada ne kadar \u00e7ok \u015fey ayd\u0131nlan\u0131r, ger\u00e7ekler ne kadar ortaya \u00e7\u0131karsa o zaman bu \u00fclkede bar\u0131\u015f i\u00e7inde ya\u015fama umudunun temelleri daha sa\u011flam at\u0131lacakt\u0131r diye d\u00fc\u015f\u00fcn\u00fcyorum.&#8221;<\/p>\n<p><em><strong>https:\/\/artigercek.com\/haberler\/14-yilinda-hrant-dink-cinayeti\u00a0<\/strong><\/em><\/p>\n","protected":false},"excerpt":{"rendered":"<p>HDP Milletvekili Garo Paylan ve Dink davas\u0131n\u0131n avukatlar\u0131ndan Bahri Belen dava s\u00fcreciyle ilgili Art\u0131 TV&#8217;ye konu\u015ftu. Paylan, cinayetin \u015fimdi de &#8216;FET\u00d6&#8217;ye y\u0131k\u0131lmaya \u00e7al\u0131\u015f\u0131ld\u0131\u011f\u0131n\u0131 s\u00f6yledi. ARTI GER\u00c7EK &#8211;\u00a0Agos Gazetesi Genel Yay\u0131n Y\u00f6netmeni Hrant Dink 14 y\u0131l \u00f6nce 17 ya\u015f\u0131ndaki Og\u00fcn Samast taraf\u0131ndan vurularak \u00f6ld\u00fcr\u00fcld\u00fc. Dink&#8217;in \u00f6l\u00fcm\u00fcnde ihmali ve sorumlulu\u011fu olmakla su\u00e7lanan yedisi tutuklu, 13&#8217;\u00fc firari 76 [&hellip;]<\/p>\n","protected":false},"author":7,"featured_media":61042,"comment_status":"open","ping_status":"open","sticky":false,"template":"","format":"standard","meta":{"footnotes":""},"categories":[1],"tags":[],"class_list":["post-61041","post","type-post","status-publish","format-standard","has-post-thumbnail","hentry","category-haberler"],"yoast_head":"<!-- This site is optimized with the Yoast SEO plugin v27.4 - https:\/\/yoast.com\/product\/yoast-seo-wordpress\/ -->\n<title>Garo Paylan: Ortada bir milli mutabakat cinayeti var - Bati Ermenistan Ve Bati Ermenileri Sorunlari Ara\u015ftirmalar Merkezi<\/title>\n<meta name=\"robots\" content=\"index, follow, max-snippet:-1, max-image-preview:large, max-video-preview:-1\" \/>\n<link rel=\"canonical\" href=\"https:\/\/akunq.net\/tr\/?p=61041\" \/>\n<meta property=\"og:locale\" content=\"en_US\" \/>\n<meta property=\"og:type\" content=\"article\" \/>\n<meta property=\"og:title\" content=\"Garo Paylan: Ortada bir milli mutabakat cinayeti var - Bati Ermenistan Ve Bati Ermenileri Sorunlari Ara\u015ftirmalar Merkezi\" \/>\n<meta property=\"og:description\" content=\"HDP Milletvekili Garo Paylan ve Dink davas\u0131n\u0131n avukatlar\u0131ndan Bahri Belen dava s\u00fcreciyle ilgili Art\u0131 TV&#8217;ye konu\u015ftu. Paylan, cinayetin \u015fimdi de &#8216;FET\u00d6&#8217;ye y\u0131k\u0131lmaya \u00e7al\u0131\u015f\u0131ld\u0131\u011f\u0131n\u0131 s\u00f6yledi. ARTI GER\u00c7EK &#8211;\u00a0Agos Gazetesi Genel Yay\u0131n Y\u00f6netmeni Hrant Dink 14 y\u0131l \u00f6nce 17 ya\u015f\u0131ndaki Og\u00fcn Samast taraf\u0131ndan vurularak \u00f6ld\u00fcr\u00fcld\u00fc. Dink&#8217;in \u00f6l\u00fcm\u00fcnde ihmali ve sorumlulu\u011fu olmakla su\u00e7lanan yedisi tutuklu, 13&#8217;\u00fc firari 76 [&hellip;]\" \/>\n<meta property=\"og:url\" content=\"https:\/\/akunq.net\/tr\/?p=61041\" \/>\n<meta property=\"og:site_name\" content=\"Bati Ermenistan Ve Bati Ermenileri Sorunlari Ara\u015ftirmalar Merkezi\" \/>\n<meta property=\"article:published_time\" content=\"2021-01-20T07:04:53+00:00\" \/>\n<meta property=\"og:image\" content=\"https:\/\/akunq.net\/tr\/wp-content\/uploads\/sites\/6\/2021\/01\/Paylan.jpeg\" \/>\n\t<meta property=\"og:image:width\" content=\"800\" \/>\n\t<meta property=\"og:image:height\" content=\"463\" \/>\n\t<meta property=\"og:image:type\" content=\"image\/jpeg\" \/>\n<meta name=\"author\" content=\"admin\" \/>\n<meta name=\"twitter:card\" content=\"summary_large_image\" \/>\n<meta name=\"twitter:label1\" content=\"Written by\" \/>\n\t<meta name=\"twitter:data1\" content=\"admin\" \/>\n\t<meta name=\"twitter:label2\" content=\"Est. reading time\" \/>\n\t<meta name=\"twitter:data2\" content=\"6 minutes\" \/>\n<script type=\"application\/ld+json\" class=\"yoast-schema-graph\">{\"@context\":\"https:\\\/\\\/schema.org\",\"@graph\":[{\"@type\":\"Article\",\"@id\":\"https:\\\/\\\/akunq.net\\\/tr\\\/?p=61041#article\",\"isPartOf\":{\"@id\":\"https:\\\/\\\/akunq.net\\\/tr\\\/?p=61041\"},\"author\":{\"name\":\"admin\",\"@id\":\"https:\\\/\\\/akunq.net\\\/tr\\\/#\\\/schema\\\/person\\\/096f1d38a12cce57fb855b485ed24c9e\"},\"headline\":\"Garo Paylan: Ortada bir milli mutabakat cinayeti var\",\"datePublished\":\"2021-01-20T07:04:53+00:00\",\"mainEntityOfPage\":{\"@id\":\"https:\\\/\\\/akunq.net\\\/tr\\\/?p=61041\"},\"wordCount\":1291,\"commentCount\":0,\"image\":{\"@id\":\"https:\\\/\\\/akunq.net\\\/tr\\\/?p=61041#primaryimage\"},\"thumbnailUrl\":\"https:\\\/\\\/akunq.net\\\/tr\\\/wp-content\\\/uploads\\\/sites\\\/6\\\/2021\\\/01\\\/Paylan.jpeg\",\"articleSection\":[\"Haberler\"],\"inLanguage\":\"en-US\",\"potentialAction\":[{\"@type\":\"CommentAction\",\"name\":\"Comment\",\"target\":[\"https:\\\/\\\/akunq.net\\\/tr\\\/?p=61041#respond\"]}]},{\"@type\":\"WebPage\",\"@id\":\"https:\\\/\\\/akunq.net\\\/tr\\\/?p=61041\",\"url\":\"https:\\\/\\\/akunq.net\\\/tr\\\/?p=61041\",\"name\":\"Garo Paylan: Ortada bir milli mutabakat cinayeti var - Bati Ermenistan Ve Bati Ermenileri Sorunlari Ara\u015ftirmalar Merkezi\",\"isPartOf\":{\"@id\":\"https:\\\/\\\/akunq.net\\\/tr\\\/#website\"},\"primaryImageOfPage\":{\"@id\":\"https:\\\/\\\/akunq.net\\\/tr\\\/?p=61041#primaryimage\"},\"image\":{\"@id\":\"https:\\\/\\\/akunq.net\\\/tr\\\/?p=61041#primaryimage\"},\"thumbnailUrl\":\"https:\\\/\\\/akunq.net\\\/tr\\\/wp-content\\\/uploads\\\/sites\\\/6\\\/2021\\\/01\\\/Paylan.jpeg\",\"datePublished\":\"2021-01-20T07:04:53+00:00\",\"author\":{\"@id\":\"https:\\\/\\\/akunq.net\\\/tr\\\/#\\\/schema\\\/person\\\/096f1d38a12cce57fb855b485ed24c9e\"},\"breadcrumb\":{\"@id\":\"https:\\\/\\\/akunq.net\\\/tr\\\/?p=61041#breadcrumb\"},\"inLanguage\":\"en-US\",\"potentialAction\":[{\"@type\":\"ReadAction\",\"target\":[\"https:\\\/\\\/akunq.net\\\/tr\\\/?p=61041\"]}]},{\"@type\":\"ImageObject\",\"inLanguage\":\"en-US\",\"@id\":\"https:\\\/\\\/akunq.net\\\/tr\\\/?p=61041#primaryimage\",\"url\":\"https:\\\/\\\/akunq.net\\\/tr\\\/wp-content\\\/uploads\\\/sites\\\/6\\\/2021\\\/01\\\/Paylan.jpeg\",\"contentUrl\":\"https:\\\/\\\/akunq.net\\\/tr\\\/wp-content\\\/uploads\\\/sites\\\/6\\\/2021\\\/01\\\/Paylan.jpeg\",\"width\":800,\"height\":463},{\"@type\":\"BreadcrumbList\",\"@id\":\"https:\\\/\\\/akunq.net\\\/tr\\\/?p=61041#breadcrumb\",\"itemListElement\":[{\"@type\":\"ListItem\",\"position\":1,\"name\":\"Home\",\"item\":\"https:\\\/\\\/akunq.net\\\/tr\"},{\"@type\":\"ListItem\",\"position\":2,\"name\":\"Garo Paylan: Ortada bir milli mutabakat cinayeti var\"}]},{\"@type\":\"WebSite\",\"@id\":\"https:\\\/\\\/akunq.net\\\/tr\\\/#website\",\"url\":\"https:\\\/\\\/akunq.net\\\/tr\\\/\",\"name\":\"Bati Ermenistan Ve Bati Ermenileri Sorunlari Ara\u015ftirmalar Merkezi\",\"description\":\"\",\"potentialAction\":[{\"@type\":\"SearchAction\",\"target\":{\"@type\":\"EntryPoint\",\"urlTemplate\":\"https:\\\/\\\/akunq.net\\\/tr\\\/?s={search_term_string}\"},\"query-input\":{\"@type\":\"PropertyValueSpecification\",\"valueRequired\":true,\"valueName\":\"search_term_string\"}}],\"inLanguage\":\"en-US\"},{\"@type\":\"Person\",\"@id\":\"https:\\\/\\\/akunq.net\\\/tr\\\/#\\\/schema\\\/person\\\/096f1d38a12cce57fb855b485ed24c9e\",\"name\":\"admin\",\"url\":\"https:\\\/\\\/akunq.net\\\/tr\\\/?author=7\"}]}<\/script>\n<!-- \/ Yoast SEO plugin. -->","yoast_head_json":{"title":"Garo Paylan: Ortada bir milli mutabakat cinayeti var - Bati Ermenistan Ve Bati Ermenileri Sorunlari Ara\u015ftirmalar Merkezi","robots":{"index":"index","follow":"follow","max-snippet":"max-snippet:-1","max-image-preview":"max-image-preview:large","max-video-preview":"max-video-preview:-1"},"canonical":"https:\/\/akunq.net\/tr\/?p=61041","og_locale":"en_US","og_type":"article","og_title":"Garo Paylan: Ortada bir milli mutabakat cinayeti var - Bati Ermenistan Ve Bati Ermenileri Sorunlari Ara\u015ftirmalar Merkezi","og_description":"HDP Milletvekili Garo Paylan ve Dink davas\u0131n\u0131n avukatlar\u0131ndan Bahri Belen dava s\u00fcreciyle ilgili Art\u0131 TV&#8217;ye konu\u015ftu. Paylan, cinayetin \u015fimdi de &#8216;FET\u00d6&#8217;ye y\u0131k\u0131lmaya \u00e7al\u0131\u015f\u0131ld\u0131\u011f\u0131n\u0131 s\u00f6yledi. ARTI GER\u00c7EK &#8211;\u00a0Agos Gazetesi Genel Yay\u0131n Y\u00f6netmeni Hrant Dink 14 y\u0131l \u00f6nce 17 ya\u015f\u0131ndaki Og\u00fcn Samast taraf\u0131ndan vurularak \u00f6ld\u00fcr\u00fcld\u00fc. Dink&#8217;in \u00f6l\u00fcm\u00fcnde ihmali ve sorumlulu\u011fu olmakla su\u00e7lanan yedisi tutuklu, 13&#8217;\u00fc firari 76 [&hellip;]","og_url":"https:\/\/akunq.net\/tr\/?p=61041","og_site_name":"Bati Ermenistan Ve Bati Ermenileri Sorunlari Ara\u015ftirmalar Merkezi","article_published_time":"2021-01-20T07:04:53+00:00","og_image":[{"width":800,"height":463,"url":"https:\/\/akunq.net\/tr\/wp-content\/uploads\/sites\/6\/2021\/01\/Paylan.jpeg","type":"image\/jpeg"}],"author":"admin","twitter_card":"summary_large_image","twitter_misc":{"Written by":"admin","Est. reading time":"6 minutes"},"schema":{"@context":"https:\/\/schema.org","@graph":[{"@type":"Article","@id":"https:\/\/akunq.net\/tr\/?p=61041#article","isPartOf":{"@id":"https:\/\/akunq.net\/tr\/?p=61041"},"author":{"name":"admin","@id":"https:\/\/akunq.net\/tr\/#\/schema\/person\/096f1d38a12cce57fb855b485ed24c9e"},"headline":"Garo Paylan: Ortada bir milli mutabakat cinayeti var","datePublished":"2021-01-20T07:04:53+00:00","mainEntityOfPage":{"@id":"https:\/\/akunq.net\/tr\/?p=61041"},"wordCount":1291,"commentCount":0,"image":{"@id":"https:\/\/akunq.net\/tr\/?p=61041#primaryimage"},"thumbnailUrl":"https:\/\/akunq.net\/tr\/wp-content\/uploads\/sites\/6\/2021\/01\/Paylan.jpeg","articleSection":["Haberler"],"inLanguage":"en-US","potentialAction":[{"@type":"CommentAction","name":"Comment","target":["https:\/\/akunq.net\/tr\/?p=61041#respond"]}]},{"@type":"WebPage","@id":"https:\/\/akunq.net\/tr\/?p=61041","url":"https:\/\/akunq.net\/tr\/?p=61041","name":"Garo Paylan: Ortada bir milli mutabakat cinayeti var - Bati Ermenistan Ve Bati Ermenileri Sorunlari Ara\u015ftirmalar Merkezi","isPartOf":{"@id":"https:\/\/akunq.net\/tr\/#website"},"primaryImageOfPage":{"@id":"https:\/\/akunq.net\/tr\/?p=61041#primaryimage"},"image":{"@id":"https:\/\/akunq.net\/tr\/?p=61041#primaryimage"},"thumbnailUrl":"https:\/\/akunq.net\/tr\/wp-content\/uploads\/sites\/6\/2021\/01\/Paylan.jpeg","datePublished":"2021-01-20T07:04:53+00:00","author":{"@id":"https:\/\/akunq.net\/tr\/#\/schema\/person\/096f1d38a12cce57fb855b485ed24c9e"},"breadcrumb":{"@id":"https:\/\/akunq.net\/tr\/?p=61041#breadcrumb"},"inLanguage":"en-US","potentialAction":[{"@type":"ReadAction","target":["https:\/\/akunq.net\/tr\/?p=61041"]}]},{"@type":"ImageObject","inLanguage":"en-US","@id":"https:\/\/akunq.net\/tr\/?p=61041#primaryimage","url":"https:\/\/akunq.net\/tr\/wp-content\/uploads\/sites\/6\/2021\/01\/Paylan.jpeg","contentUrl":"https:\/\/akunq.net\/tr\/wp-content\/uploads\/sites\/6\/2021\/01\/Paylan.jpeg","width":800,"height":463},{"@type":"BreadcrumbList","@id":"https:\/\/akunq.net\/tr\/?p=61041#breadcrumb","itemListElement":[{"@type":"ListItem","position":1,"name":"Home","item":"https:\/\/akunq.net\/tr"},{"@type":"ListItem","position":2,"name":"Garo Paylan: Ortada bir milli mutabakat cinayeti var"}]},{"@type":"WebSite","@id":"https:\/\/akunq.net\/tr\/#website","url":"https:\/\/akunq.net\/tr\/","name":"Bati Ermenistan Ve Bati Ermenileri Sorunlari Ara\u015ftirmalar Merkezi","description":"","potentialAction":[{"@type":"SearchAction","target":{"@type":"EntryPoint","urlTemplate":"https:\/\/akunq.net\/tr\/?s={search_term_string}"},"query-input":{"@type":"PropertyValueSpecification","valueRequired":true,"valueName":"search_term_string"}}],"inLanguage":"en-US"},{"@type":"Person","@id":"https:\/\/akunq.net\/tr\/#\/schema\/person\/096f1d38a12cce57fb855b485ed24c9e","name":"admin","url":"https:\/\/akunq.net\/tr\/?author=7"}]}},"_links":{"self":[{"href":"https:\/\/akunq.net\/tr\/index.php?rest_route=\/wp\/v2\/posts\/61041","targetHints":{"allow":["GET"]}}],"collection":[{"href":"https:\/\/akunq.net\/tr\/index.php?rest_route=\/wp\/v2\/posts"}],"about":[{"href":"https:\/\/akunq.net\/tr\/index.php?rest_route=\/wp\/v2\/types\/post"}],"author":[{"embeddable":true,"href":"https:\/\/akunq.net\/tr\/index.php?rest_route=\/wp\/v2\/users\/7"}],"replies":[{"embeddable":true,"href":"https:\/\/akunq.net\/tr\/index.php?rest_route=%2Fwp%2Fv2%2Fcomments&post=61041"}],"version-history":[{"count":1,"href":"https:\/\/akunq.net\/tr\/index.php?rest_route=\/wp\/v2\/posts\/61041\/revisions"}],"predecessor-version":[{"id":61043,"href":"https:\/\/akunq.net\/tr\/index.php?rest_route=\/wp\/v2\/posts\/61041\/revisions\/61043"}],"wp:featuredmedia":[{"embeddable":true,"href":"https:\/\/akunq.net\/tr\/index.php?rest_route=\/wp\/v2\/media\/61042"}],"wp:attachment":[{"href":"https:\/\/akunq.net\/tr\/index.php?rest_route=%2Fwp%2Fv2%2Fmedia&parent=61041"}],"wp:term":[{"taxonomy":"category","embeddable":true,"href":"https:\/\/akunq.net\/tr\/index.php?rest_route=%2Fwp%2Fv2%2Fcategories&post=61041"},{"taxonomy":"post_tag","embeddable":true,"href":"https:\/\/akunq.net\/tr\/index.php?rest_route=%2Fwp%2Fv2%2Ftags&post=61041"}],"curies":[{"name":"wp","href":"https:\/\/api.w.org\/{rel}","templated":true}]}}