{"id":61037,"date":"2021-01-19T06:05:04","date_gmt":"2021-01-19T11:05:04","guid":{"rendered":"https:\/\/akunq.net\/tr\/?p=61037"},"modified":"2021-01-19T06:05:04","modified_gmt":"2021-01-19T11:05:04","slug":"rahat-uyu-hrant%e2%80%a8-yalniz-degilsin-tarihten-gelen-acini-yasini-anliyorum-paylasiyorum-sevgili-kardesim","status":"publish","type":"post","link":"https:\/\/akunq.net\/tr\/?p=61037","title":{"rendered":"Rahat uyu Hrant,\u2028 yaln\u0131z de\u011filsin, tarihten gelen ac\u0131n\u0131, yas\u0131n\u0131 anl\u0131yorum, payla\u015f\u0131yorum, sevgili karde\u015fim"},"content":{"rendered":"<p><img loading=\"lazy\" decoding=\"async\" class=\"aligncenter size-medium wp-image-61038\" src=\"https:\/\/akunq.net\/tr\/wp-content\/uploads\/2021\/01\/Dink-5-360x203.jpg\" alt=\"\" width=\"360\" height=\"203\" srcset=\"https:\/\/akunq.net\/tr\/wp-content\/uploads\/sites\/6\/2021\/01\/Dink-5-360x203.jpg 360w, https:\/\/akunq.net\/tr\/wp-content\/uploads\/sites\/6\/2021\/01\/Dink-5-768x432.jpg 768w, https:\/\/akunq.net\/tr\/wp-content\/uploads\/sites\/6\/2021\/01\/Dink-5-560x315.jpg 560w, https:\/\/akunq.net\/tr\/wp-content\/uploads\/sites\/6\/2021\/01\/Dink-5-260x146.jpg 260w, https:\/\/akunq.net\/tr\/wp-content\/uploads\/sites\/6\/2021\/01\/Dink-5-160x90.jpg 160w, https:\/\/akunq.net\/tr\/wp-content\/uploads\/sites\/6\/2021\/01\/Dink-5.jpg 1200w\" sizes=\"auto, (max-width: 360px) 100vw, 360px\" \/><\/p>\n<p><strong>Hasan Cemal<\/strong><\/p>\n<p><em><a title=\"Email\" href=\"mailto:hsncml@t24.com.tr\">hsncml@t24.com.tr<\/a><\/em><\/p>\n<p><em><strong>Bar\u0131\u015fa, demokrasiye ula\u015fmak i\u00e7in daha ne kadar ac\u0131 \u00e7ekece\u011fiz, daha ne kadar bedel \u00f6demeye devam edece\u011fiz, yetmedi mi?<\/strong><\/em><\/p>\n<p>Lapa lapa kar ya\u011f\u0131yor.<br \/>\nAra s\u0131ra r\u00fczgar savurunca<br \/>\ntipiye \u00e7eviriyor.<br \/>\n\u0130\u00e7imde bir h\u00fcz\u00fcn dalgas\u0131&#8230;<br \/>\nOn d\u00f6rt y\u0131l ge\u00e7mi\u015f&#8230;<br \/>\n<strong><em><u>\u0130stanbul, 19 Ocak 2007<br \/>\n<\/u><\/em><\/strong>Ni\u015fanta\u015f\u0131&#8217;nda doktorday\u0131m.<br \/>\nG\u00f6z\u00fcm televizyona tak\u0131ld\u0131.<br \/>\nEkranda\u00a0<strong>Hrant Dink<\/strong>\u00a0foto\u011fraf\u0131<br \/>\nve son dakika yaz\u0131s\u0131:<\/p>\n<p><strong><em>Hrant Dink&#8217;i<br \/>\n<\/em><\/strong><strong><em>vurdular!<\/em><\/strong><\/p>\n<p>Yerde yatan o g\u00f6r\u00fcnt\u00fcs\u00fc beliriyor ekranda&#8230;<br \/>\nNi\u015fanta\u015f\u0131&#8217;ndan Osmanbey&#8217;e,<br \/>\nAgos&#8217;un \u00f6n\u00fcne ko\u015farak geldi\u011fimde<br \/>\nanababa g\u00fcnleri ya\u015fanmaya ba\u015flam\u0131\u015ft\u0131.<br \/>\n<strong>Agos<\/strong>&#8216;a ilk kez ad\u0131m at\u0131yordum.<br \/>\nYa\u015fanmakta olan tarifsiz ac\u0131n\u0131n derinli\u011fi<br \/>\nanlat\u0131l\u0131r gibi de\u011fil.<br \/>\nBir k\u00f6\u015fede \u00e7\u0131\u011fl\u0131klarla a\u011flayan<br \/>\nsevgili\u00a0<strong>Rakel<\/strong>&#8216;in bir s\u00f6z\u00fc<br \/>\nh\u00e2l\u00e2 kula\u011f\u0131mda \u00e7\u0131nl\u0131yor:<\/p>\n<p><em>\u015eu binan\u0131n \u00f6n\u00fcne<br \/>\n<\/em><em>bir polis dikmek<br \/>\n<\/em><em>o kadar zor muydu?<\/em><\/p>\n<p><img loading=\"lazy\" decoding=\"async\" src=\"https:\/\/media-cdn.t24.com.tr\/media\/library\/2021\/01\/1610977376372-hrant-dink-vakfi-rakel-dink-ve-avukatimiz-olumle-tehdit-ediliyor-e-09-ed.jpg\" alt=\"\" width=\"400\" height=\"245\" \/><\/p>\n<p>\u015ea\u015fk\u0131n ve peri\u015fan herkes.<br \/>\n<strong>Hrant Dink<\/strong>&#8216;i kaybetmenin ac\u0131s\u0131,<br \/>\nac\u0131s\u0131n\u0131n derinli\u011fi kendini<br \/>\nher ge\u00e7en dakika daha \u00e7ok hissettiriyor.<br \/>\nAma dik durup s\u00f6z s\u00f6ylemek laz\u0131m.<br \/>\nDik durup yazmak laz\u0131m.<br \/>\nKaranl\u0131\u011f\u0131 ayd\u0131nlatacak kibritler \u00e7akmaya,<br \/>\nmumlar yakmaya devam etmekten<br \/>\nba\u015fka \u00e7are yok. Bu \u00fclkede karanl\u0131klar\u0131n<br \/>\nyaratt\u0131\u011f\u0131, tarihin i\u00e7inden gelen katilleri<br \/>\nba\u015fka t\u00fcrl\u00fc g\u00fcn \u0131\u015f\u0131\u011f\u0131na \u00e7\u0131karamazd\u0131k ki.<br \/>\nHerkes ya\u015fanan b\u00fcy\u00fck ac\u0131ya,<br \/>\ntrajediye g\u00f6m\u00fclm\u00fc\u015f,<br \/>\nkendi i\u00e7ine a\u011fl\u0131yor sessizce.<br \/>\nArt\u0131k sevgili Hrant&#8217;\u0131 hi\u00e7bir \u015fey<br \/>\ngeri getiremezdi ama onun hat\u0131ras\u0131<br \/>\nya\u015fat\u0131labilirdi. G\u00fcn\u00fcn birinde e\u011fer<br \/>\nbu topraklarda\u00a0<strong>ger\u00e7ek bar\u0131\u015f<br \/>\n<\/strong><strong>ve demokrasi<br \/>\n<\/strong>yerli yerine oturacaksa,<br \/>\nHrant Dink&#8217;in hayat\u0131yla \u00f6demi\u015f oldu\u011fu<br \/>\nbedel an\u0131tla\u015ft\u0131r\u0131labilir, bir daha<br \/>\nb\u00f6ylesi ac\u0131lar ya\u015fanmas\u0131n diye&#8230;<br \/>\nGe\u00e7 vakit eve d\u00f6nd\u00fcm.<br \/>\nYan\u0131mda Hrant Dink&#8217;in son yaz\u0131s\u0131 var,<br \/>\nAgos&#8217;ta yay\u0131mlanan. Gazeteden \u00e7\u0131karken<br \/>\nbir k\u00f6\u015fede duran gazete y\u0131\u011f\u0131n\u0131ndan<br \/>\nalm\u0131\u015ft\u0131m.<br \/>\nHrant \u015f\u00f6yle demi\u015f son yaz\u0131s\u0131nda:<\/p>\n<p><em>T\u0131pk\u0131 bir g\u00fcvercin gibiyim&#8230;<br \/>\n<\/em><em>Onun kadar sa\u011f\u0131ma soluma,<br \/>\n<\/em><em>\u00f6n\u00fcme arkama g\u00f6z takm\u0131\u015f<br \/>\n<\/em><em>durumday\u0131m.<br \/>\n<\/em><em>Ba\u015f\u0131m onunki kadar hareketli&#8230;<br \/>\n<\/em><em>Ve an\u0131nda d\u00f6necek denli de s\u00fcratli.<br \/>\n<\/em><em>Ne diyordu D\u0131\u015fi\u015fleri Bakan\u0131 G\u00fcl?<br \/>\n<\/em><em>Ne diyordu Adalet Bakan\u0131 \u00c7i\u00e7ek?<br \/>\n<\/em><em>&#8220;Can\u0131m, 301&#8217;in bu kadar da abart\u0131lacak<br \/>\n<\/em><em>bir yan\u0131 yok. Mahk\u00fbm olmu\u015f, hapse girmi\u015f biri var m\u0131?&#8221;<\/em><em><br \/>\n<\/em><em>Sanki bedel \u00f6demek<br \/>\n<\/em><em>sadece hapse girmekmi\u015f gibi&#8230;<br \/>\n<\/em><em>\u0130\u015fte size bedel&#8230;<br \/>\n<\/em><em>\u0130nsan\u0131 g\u00fcvercin \u00fcrkekli\u011fine<br \/>\n<\/em><em>hapsetmenin nas\u0131l bir bedel oldug\u0306unu<br \/>\nbilir misiniz ey bakanlar?<\/em><em><br \/>\n<\/em><em>Bilir misiniz?<\/em><em><br \/>\n<\/em><em>Siz, hi\u00e7 mi g\u00fcvercin izlemezsiniz?<br \/>\n<\/em><em>\u2028<\/em><em>Kolay bir s\u00fcre\u00e7 de\u011fil ya\u015fad\u0131klar\u0131m&#8230;<\/em><em><br \/>\n<\/em><em>Ve ailece ya\u015fad\u0131klar\u0131m\u0131z&#8230;<br \/>\n<\/em><em>Ciddi ciddi, \u00fclkeyi terk edip<br \/>\nuzakla\u015fmay\u0131 d\u00fc\u015f\u00fcnd\u00fc\u011f\u00fcm<br \/>\n<\/em><em>anlar bile oldu. \u00d6zellikle de tehditler<br \/>\n<\/em><em>yak\u0131nlar\u0131ma bula\u015ft\u0131\u011f\u0131nda&#8230;<\/em><em><br \/>\n<\/em><em>O noktada hep \u00e7aresiz kald\u0131m.<\/em><em><br \/>\n<\/em><em>\u00d6l\u00fcm kal\u0131m dedikleri bu olsa gerek&#8230;<br \/>\nB\u00fct\u00fcn bunlar olurken, \u015fu ger\u00e7e\u011fi de<br \/>\n<\/em><em>tek g\u00fcvencem sayaca\u011f\u0131m.<br \/>\n<\/em><em>Evet, kendimi bir g\u00fcvercinin<br \/>\n<\/em><em>ruh tedirginli\u011fi i\u00e7inde g\u00f6rebilirim<br \/>\n<\/em><em>ama biliyorum ki bu \u00fclkede<br \/>\n<\/em><em>insanlar g\u00fcvercinlere dokunmaz.<\/em><\/p>\n<p><img loading=\"lazy\" decoding=\"async\" src=\"https:\/\/media-cdn.t24.com.tr\/media\/library\/2021\/01\/1610977574415-ekran-resmi-2021-01-18-15.45\" alt=\"\" width=\"400\" height=\"248\" \/><\/p>\n<p>G\u00f6zya\u015flar\u0131m\u0131 tutamad\u0131m gece vakti.<br \/>\nUyuyamad\u0131m da.<br \/>\nYaz\u0131 gelmi\u015fti!<br \/>\nKalkt\u0131m, bilgisayar\u0131n bas\u0327\u0131na oturup<br \/>\nertesi g\u00fcn\u00fcn yaz\u0131s\u0131n\u0131 yazd\u0131m.<br \/>\nG\u00fcnlerce Hrant Dink i\u00e7in yazacakt\u0131m.<\/p>\n<p><strong><em><u>Hey sen,<br \/>\n<\/u><\/em><\/strong><strong><em><u>eline kan bula\u015fan!<\/u><\/em><\/strong><\/p>\n<p>Hey sen, eline kan bula\u015fan!<br \/>\nSen de\u011fil misin?<br \/>\n<strong>Vatan hainleri<\/strong>\u00a0diye s\u00fcrekli ba\u011f\u0131ran,<br \/>\nyazan, man\u015fet atan&#8230;<br \/>\nSen de\u011fil misin?<br \/>\n<strong>Ali Kemal&#8217;ler, Artin Kemal&#8217;ler<\/strong>\u00a0diye<br \/>\nhi\u00e7 durmadan lin\u00e7 \u00e7a\u011fr\u0131lar\u0131 yapan&#8230;<br \/>\nSen de\u011fil misin?<br \/>\n<strong>Kan\u0131 bozuklar<\/strong>\u00a0diye hayk\u0131ran&#8230;<br \/>\nSen de\u011fil misin?<br \/>\n<strong>Apo-Ermeni d\u00f6l\u00fc<\/strong>\u00a0diye \u0131rk\u00e7\u0131l\u0131k yapan,<br \/>\nErmeni d\u00fc\u015fmanl\u0131\u011f\u0131n\u0131 k\u0131\u015fk\u0131rtan&#8230;<br \/>\nSen de\u011fil misin?<br \/>\n<strong>M\u00fctareke bas\u0131n\u0131<\/strong>\u00a0diye durmaks\u0131z\u0131n<br \/>\nd\u00fcs\u0327manl\u0131k \u00fcreten, lin\u00e7 k\u00fclt\u00fcr\u00fcn\u00fc k\u00f6p\u00fcrten,<br \/>\nhedef g\u00f6steren&#8230;<br \/>\nSen de\u011fil misin?<br \/>\n&#8220;<strong>Kurt<\/strong>&#8220;lu televizyon dizileriyle \u015fiddeti<br \/>\n\u00f6zendiren, su\u00e7u g\u00fczelle\u015ftiren,<br \/>\nmafya babalar\u0131n\u0131, yeralt\u0131 d\u00fcnyas\u0131n\u0131n<br \/>\ninsanlar\u0131n\u0131, rambolar\u0131 y\u00fccelten&#8230;<br \/>\nSen de\u011fil misin?<br \/>\n&#8220;<strong>Kurs\u0327un atan da yiyen de vatanseverdir<\/strong>&#8221;<br \/>\ndiye hukuk d\u0131\u015f\u0131l\u0131\u011f\u0131 \u00f6ven,<br \/>\nSusurluk yollar\u0131na ta\u015flar d\u00f6\u015feyen&#8230;<\/p>\n<p><img loading=\"lazy\" decoding=\"async\" src=\"https:\/\/media-cdn.t24.com.tr\/media\/library\/2021\/01\/1610977624776-rakel-dink-1-690-x-450.jpg\" alt=\"\" width=\"400\" height=\"261\" \/><\/p>\n<p>Sen de\u011fil misin?<br \/>\nK\u0131br\u0131s&#8217;ta \u00e7\u00f6z\u00fcm\u00fc, K\u0131br\u0131s&#8217;ta Annan Plan\u0131&#8217;n\u0131<br \/>\nsavunanlar\u0131\u00a0<strong>vatan haini, vatan sat\u0131c\u0131s\u0131<\/strong>\u00a0ilan eden&#8230;<br \/>\nSen de\u011fil misin?<br \/>\n<strong>K\u00fcrt sorunu<\/strong>\u00a0diyeni bile vatan haini<br \/>\nilan eden&#8230;<br \/>\nSen de\u011fil misin?<br \/>\n<strong>Ermeni sorunu<\/strong>\u00a0diyeni bile<br \/>\nvatan haini ilan eden&#8230;<br \/>\nSen de\u011fil misin?<br \/>\n<strong>AB yolunu savunan\u0131 bile<br \/>\n<\/strong>vatan haini ilan eden&#8230;<br \/>\nSen de\u011fil misin?<br \/>\nAB \u00fcyeli\u011fini savunanlara kar\u015f\u0131<br \/>\n<strong>milli kurtulu\u015f sava\u015f\u0131 \u00e7a\u011fr\u0131lar\u0131<\/strong>\u00a0yapan&#8230;<br \/>\nSen de\u011fil misin?<br \/>\nLin\u00e7 giri\u015fiminde bulunanlar\u0131,<br \/>\n<strong>milli duygular\u0131n \u015fahlan\u0131\u015f\u0131,<br \/>\n<\/strong><strong>milliyet\u00e7i kabar\u0131\u015f<\/strong>\u00a0diye<br \/>\nkollayan, deme\u00e7ler veren,<br \/>\nba\u015fyaz\u0131lar yazan&#8230;<br \/>\nSen de\u011fil misin?<br \/>\nBir \u00fcniversite \u00e7at\u0131s\u0131 alt\u0131nda,<br \/>\nseksen y\u0131ll\u0131k cumhuriyet tarihinin<br \/>\nilk &#8216;<strong>Ermeni Konferans\u0131<\/strong>&#8216;n\u0131 toplamak<br \/>\nisteyenleri\u00a0<strong>hain<\/strong>\u00a0ilan edebilen&#8230;<br \/>\nSen de\u011fil misin?<br \/>\nSeksen y\u0131ll\u0131k cumhuriyet tarihinin<br \/>\nbir \u00fcniversite \u00e7at\u0131s\u0131 alt\u0131ndaki<br \/>\n<strong>ilk Ermeni Konferans\u0131 i\u00e7in milletin arkadan han\u00e7erlenmesi<\/strong>\u00a0diye,<br \/>\n<strong>hain komplo<\/strong>\u00a0diye deme\u00e7ler verebilen&#8230;<br \/>\nSen de\u011fil misin?<br \/>\nT\u00fcrkiye&#8217;nin AB \u00fcyeli\u011fini savunanlar i\u00e7in,<br \/>\nK\u0131br\u0131s&#8217;ta, K\u00fcrt sorununda \u00e7\u00f6z\u00fcm<br \/>\ndiyenler i\u00e7in\u00a0<strong>\u0130stiklal Mahkemeleri<\/strong>,<br \/>\n<strong>dara\u011fa\u00e7lar\u0131<\/strong>\u00a0kurulmas\u0131n\u0131 isteyen,<br \/>\nhatta b\u00f6ylelerinin &#8216;cellatl\u0131\u011f\u0131&#8217;na bug\u00fcnden<br \/>\ntalip olan, bunun i\u00e7in gazete k\u00f6\u015fesinde<br \/>\nyaz\u0131lar yazan&#8230;<\/p>\n<p><strong><em><u>T\u00fcrkiye&#8217;yi siyah-beyaz<br \/>\n<\/u><\/em><\/strong><strong><em><u>&#8216;d\u00fc\u015fman kamplar&#8217;a b\u00f6lerek,<br \/>\n<\/u><\/em><\/strong><strong><em><u>demokrasinin yolunu<br \/>\n<\/u><\/em><\/strong><strong><em><u>kesmek isteyenler<\/u><\/em><\/strong><\/p>\n<h5><img loading=\"lazy\" decoding=\"async\" src=\"https:\/\/media-cdn.t24.com.tr\/media\/library\/2021\/01\/1610977720636-ekran-resmi-2021-01-18-15.48\" alt=\"\" width=\"400\" height=\"422\" \/>Hrant ve Rakel&#8217;in yeni tan\u0131\u015ft\u0131klar\u0131 y\u0131llardan kalma bir foto\u011fraf<\/h5>\n<p>Sen de\u011fil misin?<br \/>\n<strong>Bir roman yazd\u0131\u011f\u0131 i\u00e7in<br \/>\n<\/strong><strong>insanlar\u0131 vatan haini ilan edebilen&#8230;<\/strong><br \/>\nSen de\u011fil misin?<br \/>\nBir konus\u0327ma yapt\u0131\u011f\u0131 i\u00e7in insanlar\u0131 vatan<br \/>\nhaini ilan edebilen&#8230;<br \/>\nSen de\u011fil misin?<br \/>\nBir deme\u00e7 verdi\u011fi i\u00e7in insanlar\u0131<br \/>\n<strong>T\u00fcrkl\u00fck d\u00fc\u015fman\u0131<\/strong>\u00a0ilan edebilen&#8230;<br \/>\nSen de\u011fil misin?<br \/>\n<strong>&#8220;Ermeni soyk\u0131r\u0131m\u0131 vard\u0131r&#8221; diyeni T\u00fcrk<br \/>\nd\u00fc\u015fman\u0131, vatan haini ilan eden&#8230;<br \/>\n<\/strong>Sen de\u011fil misin?<br \/>\nHer ta\u015f\u0131n alt\u0131nda vatan haini,<br \/>\nT\u00fcrk d\u00fc\u015fman\u0131 arayan&#8230;<br \/>\nSen de\u011fil misin?<br \/>\nHer \u015feye siyah-beyaz bakan,<br \/>\nher t\u00fcrl\u00fc farkl\u0131l\u0131\u011f\u0131 dost-d\u00fc\u015fman<br \/>\n\u00e7er\u00e7evesine oturtan, farkl\u0131 olana kar\u015f\u0131<br \/>\n<strong>sava\u015f \u00e7a\u011fr\u0131lar\u0131<\/strong>\u00a0yapabilen&#8230;<br \/>\nSen de\u011fil misin?<br \/>\nBu \u00fclkenin siyasetinde, kamuoyunda,<br \/>\nmedyas\u0131nda, internet d\u00fcnyas\u0131nda<br \/>\n&#8220;<strong>d\u00fc\u015fman yaratma k\u00fclt\u00fcr\u00fc<\/strong>&#8220;n\u00fc<br \/>\nhi\u00e7 durmaks\u0131z\u0131n k\u00f6p\u00fcrten&#8230;<br \/>\nSen de\u011fil misin?<br \/>\nBazen oy, bazen siyasal \u00e7\u0131kar, bazen<br \/>\nreyting, bazen tiraj, bazen k\u00e2r,<br \/>\nbazen \u015f\u00f6hret, bazen milliyet\u00e7ilik u\u011fruna<br \/>\n<strong>d\u00fc\u015fman yaratma k\u00fclt\u00fcr\u00fc<\/strong>\u00a0alan\u0131nda<br \/>\nbezirg\u00e2nl\u0131\u011fa soyunan, &#8220;<strong>lin\u00e7 k\u00fclt\u00fcr\u00fc<\/strong>&#8220;ne<br \/>\nseyirci kalan&#8230;<br \/>\nSen de\u011fil misin?<br \/>\nT\u00fcrkiye&#8217;yi siyah-beyaz<br \/>\n&#8216;<strong>d\u00fc\u015fman kamplar<\/strong>&#8216;a b\u00f6lerek,<br \/>\nbu \u00fclkede demokrasinin yolunu kesmek<br \/>\nisteyenlere kol kanat geren,<br \/>\nt\u00fcrl\u00fc \u00e7e\u015fitli hesaplarla bu karanl\u0131k odaklar\u0131<br \/>\nkollayan ya da g\u00f6rmezlikten gelen&#8230;<br \/>\nSen de\u011fil misin?..<br \/>\nEvet, o sensin!<br \/>\nBak, \u015fimdi senin eline de kan bula\u015ft\u0131,<br \/>\nsevgili karde\u015fim, de\u011ferli meslekta\u015f\u0131m<br \/>\n<strong>Hrant Dink&#8217;in kan\u0131&#8230;<\/strong><strong><br \/>\n<\/strong>G\u00f6rm\u00fcyor musun, fark\u0131nda deg\u0306il misin?<br \/>\nDaha h\u00e2l\u00e2 neler s\u00f6yl\u00fcyor,<br \/>\ndaha neler yazabiliyor,<br \/>\ndaha h\u00e2l\u00e2 timsah g\u00f6zya\u015flar\u0131<br \/>\nd\u00f6kebiliyorsun, insaf!<br \/>\nHi\u00e7 mi utanma duygun yok?<br \/>\nEline kan bulas\u0327t\u0131, kan!<br \/>\nHrant Dink&#8217;in kan\u0131&#8230;<br \/>\n\u0130\u00e7im yan\u0131yor.<\/p>\n<p><strong><em><u>Tarihin hortlaklar\u0131d\u0131r<br \/>\n<\/u><\/em><\/strong><strong><em><u>bizi esir alan, yaz\u0131k!<\/u><\/em><\/strong><\/p>\n<p><strong>Niye bu suikast?<\/strong><strong><br \/>\n<\/strong>E\u011fer ad\u0131 Ermeni olan bir sorunumuz<br \/>\nolmasayd\u0131, bu cinayete kurban gider miydi<br \/>\nHrant Dink?<br \/>\nNiye bu suikast?<br \/>\nE\u011fer Ermeni olmasayd\u0131,<br \/>\nbug\u00fcn hayatta olur muydu?<br \/>\nNiye bu suikast?<br \/>\n<strong>Ge\u00e7mi\u015ften bu kadar korkmasayd\u0131k,<br \/>\n<\/strong><strong>sevgili karde\u015fim Hrant bug\u00fcn<br \/>\n<\/strong><strong>aram\u0131zda ya\u015far m\u0131yd\u0131?<br \/>\n<\/strong>Tarihin hortlaklar\u0131 bizi bu kadar esir<br \/>\nalmasayd\u0131, bug\u00fcn hayatta olur muydu?<br \/>\nNiye bu suikast?<br \/>\nTarihin kanla yaz\u0131ld\u0131\u011f\u0131n\u0131,<br \/>\ntarihte herkesin me\u015fru ac\u0131lar\u0131 oldu\u011funu,<br \/>\nhi\u00e7bir \u00fclke ve ulus tarihinin<br \/>\ntertemiz olmad\u0131\u011f\u0131n\u0131,<br \/>\ntarihin kepaze sayfalar\u0131n\u0131n<br \/>\nyaln\u0131z bize mahsus olmad\u0131g\u0306\u0131n\u0131 bilseydik,<br \/>\nbu ger\u00e7ekler bize \u00f6\u011fretilseydi,<br \/>\nHrant Dink aram\u0131zda olur muydu?<br \/>\nNiye bu suikast?<br \/>\nBir tek s\u00f6zc\u00fckten mi?<br \/>\n<strong>Soyk\u0131r\u0131m dedi\u011fi i\u00e7in mi?<br \/>\n<\/strong>Soyk\u0131r\u0131m de\u011fil de tehcir ya da trajedi<br \/>\ndeseniz, tarihin o sayfalar\u0131na<br \/>\nsoyk\u0131r\u0131m de\u011fil de k\u0131r\u0131m ad\u0131n\u0131 koysan\u0131z,<br \/>\nne de\u011fi\u015fir ki?\u2028Ac\u0131 y\u00fckl\u00fc o sayfalar\u0131n<br \/>\nmanevi a\u011f\u0131rl\u0131\u011f\u0131n\u0131 hissedebilseydik,<br \/>\n<strong>o ac\u0131 dolu sayfalarla bunca y\u0131ld\u0131r<br \/>\ny\u00fczle\u015febilseydik, Hrant Dink<br \/>\n<\/strong><strong>bug\u00fcn h\u00e2l\u00e2 aram\u0131zda olur muydu?<br \/>\n<\/strong>Niye bu suikast?<br \/>\n\u00dcniversitelerde\u00a0<strong>Ermeni enstit\u00fcleri<br \/>\n<\/strong>kurabilseydik, tarihi ille de tek boyutlu<br \/>\n\u00f6\u011fretme illetine kap\u0131lmasayd\u0131k,<br \/>\nger\u00e7e\u011fin bir de\u011fil bin y\u00fcz\u00fc oldu\u011funu<br \/>\nbilerek,\u00a0<strong>\u00fcniversite ad\u0131na yak\u0131\u015f\u0131r \u00f6zg\u00fcr<br \/>\ntart\u0131\u015fma platformlar\u0131 olu\u015ftursayd\u0131k<\/strong>,<br \/>\nbug\u00fcn ya\u015far m\u0131yd\u0131 Hrant?<br \/>\nNiye bu suikast?<br \/>\nSeksen y\u0131ll\u0131k cumhuriyet tarihimizde,<br \/>\nseksen y\u0131l\u0131n sonunda bir \u00fcniversite \u00e7at\u0131s\u0131<br \/>\nalt\u0131nda,\u00a0<strong>ad\u0131 Ermeni olan ilk konferans\u0131<br \/>\n<\/strong>toplamak isteyenleri vatan haini ilan<br \/>\netmemi\u015f olsayd\u0131k,<br \/>\nHrant hayatta olur muydu?<\/p>\n<p><img loading=\"lazy\" decoding=\"async\" src=\"https:\/\/media-cdn.t24.com.tr\/media\/library\/2021\/01\/1610977829360-93665665-037363647-1.jpg\" alt=\"\" width=\"400\" height=\"225\" \/><\/p>\n<p>Niye bu suikast?<br \/>\nBir \u00fcniversite \u00e7at\u0131s\u0131 alt\u0131nda<br \/>\nilk kez bir Ermeni Konferans\u0131 yap\u0131lmas\u0131n\u0131<br \/>\nisteyenler, bu y\u00fczden bu konferans\u0131<br \/>\niptal eden mahkeme kararlar\u0131n\u0131 ele\u015ftirenler,<br \/>\n301&#8217;den mahkemeleri boylamasalard\u0131,<br \/>\n&#8220;<strong>Milleti arkadan han\u00e7erleyenler<\/strong>&#8221; diye<br \/>\nkaralanmasalard\u0131, Hrant Dink bug\u00fcn<br \/>\naram\u0131zda olur muydu?<br \/>\nNiye bu suikast?<br \/>\n\u00dcniversite \u00e7at\u0131s\u0131 alt\u0131nda bile<br \/>\n&#8220;<strong>Devlet gibi d\u00fcs\u0327\u00fcneceksin!<\/strong>&#8221;<br \/>\ndayatmas\u0131 olmasayd\u0131 bu \u00fclkede,<br \/>\n&#8220;<strong>Soyk\u0131r\u0131m yoktur!<\/strong>&#8221; diyen de,<br \/>\n&#8220;<strong>Soyk\u0131r\u0131m vard\u0131r!<\/strong>&#8221; diyen de<br \/>\nayn\u0131 \u00e7at\u0131 alt\u0131nda tarihi \u00f6zg\u00fcrce<br \/>\nara\u015ft\u0131rabilseydi,\u00a0<strong>farkl\u0131 olana<br \/>\n<\/strong><strong>d\u00fc\u015fman muamelesi<\/strong>\u00a0yap\u0131lmasayd\u0131,<br \/>\nHrant kardes\u0327im bug\u00fcn ya\u015far m\u0131yd\u0131?<br \/>\nNiye bu suikast?<br \/>\nBu \u00fclkede\u00a0<strong>301<\/strong>&#8216;e iktidar\u0131yla, muhalefetiyle<br \/>\nsahip \u00e7\u0131k\u0131lmas\u0131yd\u0131, 301&#8217;i de\u011fi\u015ftirmek<br \/>\nya da kald\u0131rmak yerine,<br \/>\n&#8220;Uygulama beklensin!&#8221; inad\u0131<br \/>\nsergilenmeseydi, Hrant Dink<br \/>\nbug\u00fcn ya\u015f\u0131yor olur muydu?<br \/>\nNiye bu suikast?<br \/>\nBu topraklar\u0131n de\u011ferli romanc\u0131lar\u0131,<br \/>\nyazd\u0131klar\u0131 romanlar\u0131ndan, s\u00f6yledikleri<br \/>\ns\u00f6zlerinden dolay\u0131 301&#8217;den<br \/>\nmahkeme kap\u0131lar\u0131na g\u00f6nderilmeselerdi,<br \/>\nmedyan\u0131n man\u015fet ve k\u00f6\u015felerinde<br \/>\n\u015feytanla\u015ft\u0131r\u0131lmasalar, hedef tahtas\u0131<br \/>\nyap\u0131lmasalard\u0131, s\u00f6yleyin, Hrant karde\u015fim<br \/>\nbug\u00fcn hayatta olur muydu?<br \/>\nNiye bu suikast?<br \/>\nTarih bilinci olan, y\u00fcrekli, kararl\u0131,<br \/>\ndaha \u00f6nemlisi demokrasi k\u00fclt\u00fcr\u00fcn\u00fc<br \/>\n\u00f6z\u00fcmsemi\u015f ger\u00e7ek devlet adamlar\u0131 olsayd\u0131<br \/>\nbu \u00fclkede, sevgili Hrant bug\u00fcn aram\u0131zda<br \/>\nya\u015f\u0131yor olur muydu?<br \/>\nNiye bu suikast?<br \/>\nSiyaset\u00e7isi, gazetecisi, kamuoyu \u00f6nderi,<br \/>\nakademisyeni, hukuk\u00e7usu, \u015fusu busu,<br \/>\n&#8216;d\u00fc\u015fman yaratma k\u00fclt\u00fcr\u00fc&#8217;ne bu topraklarda<br \/>\nge\u00e7it vermeselerdi, s\u00f6yleyin,<br \/>\nHrant karde\u015fim bug\u00fcn hayatta<br \/>\nolur muydu?<\/p>\n<p><img loading=\"lazy\" decoding=\"async\" src=\"https:\/\/media-cdn.t24.com.tr\/media\/library\/2021\/01\/1610977902386-93665667-037363780-1.jpg\" alt=\"\" width=\"400\" height=\"225\" \/><\/p>\n<p>Niye bu suikast?<br \/>\nBen niye 301&#8217;den beraat ettim de<br \/>\nHrant mahk\u00fbm oldu?<br \/>\nBen T\u00fcrk, Hrant Ermeni<br \/>\noldu\u011fu i\u00e7in mi?\u00a0S\u00f6yleyin niye?<br \/>\n&#8220;Kendimi bir g\u00fcvercinin ruh tedirginli\u011fi<br \/>\ni\u00e7inde g\u00f6rebilirim, ama biliyorum ki<br \/>\nbu \u00fclkede insanlar g\u00fcvercinlere dokunmaz,&#8221;<br \/>\ndiyen Hrant Dink&#8217;e nas\u0131l k\u0131yabildiler?<br \/>\nBar\u0131\u015fa, demokrasiye,<br \/>\ng\u00fczel g\u00fcnlere<br \/>\nula\u015fmak i\u00e7in<br \/>\ndaha ne kadar ac\u0131 \u00e7ekece\u011fiz,<br \/>\ndaha ne kadar bedel \u00f6demeye<br \/>\ndevam edece\u011fiz,<br \/>\ndaha ne kadar kederli<br \/>\nzamanlarda ya\u015fayaca\u011f\u0131z?..<br \/>\nYetmedi mi?..<br \/>\nRahat uyu sevgili Hrant.\u2028Yaln\u0131z de\u011filsin.<br \/>\nTarihten gelen ac\u0131n\u0131, yas\u0131n\u0131 anl\u0131yorum,<br \/>\npayla\u015f\u0131yorum, sevgili karde\u015fim.<\/p>\n<p><em><strong>https:\/\/t24.com.tr\/yazarlar\/hasan-cemal\/rahat-uyu-hrant-yalniz-degilsin-tarihten-gelen-acini-yasini-anliyorum-paylasiyorum-sevgili-kardesim,29507\u00a0<\/strong><\/em><\/p>\n","protected":false},"excerpt":{"rendered":"<p>Hasan Cemal hsncml@t24.com.tr Bar\u0131\u015fa, demokrasiye ula\u015fmak i\u00e7in daha ne kadar ac\u0131 \u00e7ekece\u011fiz, daha ne kadar bedel \u00f6demeye devam edece\u011fiz, yetmedi mi? Lapa lapa kar ya\u011f\u0131yor. Ara s\u0131ra r\u00fczgar savurunca tipiye \u00e7eviriyor. \u0130\u00e7imde bir h\u00fcz\u00fcn dalgas\u0131&#8230; On d\u00f6rt y\u0131l ge\u00e7mi\u015f&#8230; \u0130stanbul, 19 Ocak 2007 Ni\u015fanta\u015f\u0131&#8217;nda doktorday\u0131m. G\u00f6z\u00fcm televizyona tak\u0131ld\u0131. Ekranda\u00a0Hrant Dink\u00a0foto\u011fraf\u0131 ve son dakika yaz\u0131s\u0131: Hrant [&hellip;]<\/p>\n","protected":false},"author":7,"featured_media":61038,"comment_status":"open","ping_status":"open","sticky":false,"template":"","format":"standard","meta":{"footnotes":""},"categories":[1,70],"tags":[],"class_list":["post-61037","post","type-post","status-publish","format-standard","has-post-thumbnail","hentry","category-haberler","category-makaleler"],"yoast_head":"<!-- This site is optimized with the Yoast SEO plugin v27.4 - https:\/\/yoast.com\/product\/yoast-seo-wordpress\/ -->\n<title>Rahat uyu Hrant,\u2028 yaln\u0131z de\u011filsin, tarihten gelen ac\u0131n\u0131, yas\u0131n\u0131 anl\u0131yorum, payla\u015f\u0131yorum, sevgili karde\u015fim - Bati Ermenistan Ve Bati Ermenileri Sorunlari Ara\u015ftirmalar Merkezi<\/title>\n<meta name=\"robots\" content=\"index, follow, max-snippet:-1, max-image-preview:large, max-video-preview:-1\" \/>\n<link rel=\"canonical\" href=\"https:\/\/akunq.net\/tr\/?p=61037\" \/>\n<meta property=\"og:locale\" content=\"en_US\" \/>\n<meta property=\"og:type\" content=\"article\" \/>\n<meta property=\"og:title\" content=\"Rahat uyu Hrant,\u2028 yaln\u0131z de\u011filsin, tarihten gelen ac\u0131n\u0131, yas\u0131n\u0131 anl\u0131yorum, payla\u015f\u0131yorum, sevgili karde\u015fim - Bati Ermenistan Ve Bati Ermenileri Sorunlari Ara\u015ftirmalar Merkezi\" \/>\n<meta property=\"og:description\" content=\"Hasan Cemal hsncml@t24.com.tr Bar\u0131\u015fa, demokrasiye ula\u015fmak i\u00e7in daha ne kadar ac\u0131 \u00e7ekece\u011fiz, daha ne kadar bedel \u00f6demeye devam edece\u011fiz, yetmedi mi? Lapa lapa kar ya\u011f\u0131yor. Ara s\u0131ra r\u00fczgar savurunca tipiye \u00e7eviriyor. \u0130\u00e7imde bir h\u00fcz\u00fcn dalgas\u0131&#8230; On d\u00f6rt y\u0131l ge\u00e7mi\u015f&#8230; \u0130stanbul, 19 Ocak 2007 Ni\u015fanta\u015f\u0131&#8217;nda doktorday\u0131m. G\u00f6z\u00fcm televizyona tak\u0131ld\u0131. Ekranda\u00a0Hrant Dink\u00a0foto\u011fraf\u0131 ve son dakika yaz\u0131s\u0131: Hrant [&hellip;]\" \/>\n<meta property=\"og:url\" content=\"https:\/\/akunq.net\/tr\/?p=61037\" \/>\n<meta property=\"og:site_name\" content=\"Bati Ermenistan Ve Bati Ermenileri Sorunlari Ara\u015ftirmalar Merkezi\" \/>\n<meta property=\"article:published_time\" content=\"2021-01-19T11:05:04+00:00\" \/>\n<meta property=\"og:image\" content=\"https:\/\/akunq.net\/tr\/wp-content\/uploads\/sites\/6\/2021\/01\/Dink-5.jpg\" \/>\n\t<meta property=\"og:image:width\" content=\"1200\" \/>\n\t<meta property=\"og:image:height\" content=\"675\" \/>\n\t<meta property=\"og:image:type\" content=\"image\/jpeg\" \/>\n<meta name=\"author\" content=\"admin\" \/>\n<meta name=\"twitter:card\" content=\"summary_large_image\" \/>\n<meta name=\"twitter:label1\" content=\"Written by\" \/>\n\t<meta name=\"twitter:data1\" content=\"admin\" \/>\n\t<meta name=\"twitter:label2\" content=\"Est. reading time\" \/>\n\t<meta name=\"twitter:data2\" content=\"10 minutes\" \/>\n<script type=\"application\/ld+json\" class=\"yoast-schema-graph\">{\"@context\":\"https:\\\/\\\/schema.org\",\"@graph\":[{\"@type\":\"Article\",\"@id\":\"https:\\\/\\\/akunq.net\\\/tr\\\/?p=61037#article\",\"isPartOf\":{\"@id\":\"https:\\\/\\\/akunq.net\\\/tr\\\/?p=61037\"},\"author\":{\"name\":\"admin\",\"@id\":\"https:\\\/\\\/akunq.net\\\/tr\\\/#\\\/schema\\\/person\\\/096f1d38a12cce57fb855b485ed24c9e\"},\"headline\":\"Rahat uyu Hrant,\\u2028 yaln\u0131z de\u011filsin, tarihten gelen ac\u0131n\u0131, yas\u0131n\u0131 anl\u0131yorum, payla\u015f\u0131yorum, sevgili karde\u015fim\",\"datePublished\":\"2021-01-19T11:05:04+00:00\",\"mainEntityOfPage\":{\"@id\":\"https:\\\/\\\/akunq.net\\\/tr\\\/?p=61037\"},\"wordCount\":1925,\"commentCount\":0,\"image\":{\"@id\":\"https:\\\/\\\/akunq.net\\\/tr\\\/?p=61037#primaryimage\"},\"thumbnailUrl\":\"https:\\\/\\\/akunq.net\\\/tr\\\/wp-content\\\/uploads\\\/sites\\\/6\\\/2021\\\/01\\\/Dink-5.jpg\",\"articleSection\":[\"Haberler\",\"Makaleler\"],\"inLanguage\":\"en-US\",\"potentialAction\":[{\"@type\":\"CommentAction\",\"name\":\"Comment\",\"target\":[\"https:\\\/\\\/akunq.net\\\/tr\\\/?p=61037#respond\"]}]},{\"@type\":\"WebPage\",\"@id\":\"https:\\\/\\\/akunq.net\\\/tr\\\/?p=61037\",\"url\":\"https:\\\/\\\/akunq.net\\\/tr\\\/?p=61037\",\"name\":\"Rahat uyu Hrant,\\u2028 yaln\u0131z de\u011filsin, tarihten gelen ac\u0131n\u0131, yas\u0131n\u0131 anl\u0131yorum, payla\u015f\u0131yorum, sevgili karde\u015fim - Bati Ermenistan Ve Bati Ermenileri Sorunlari Ara\u015ftirmalar Merkezi\",\"isPartOf\":{\"@id\":\"https:\\\/\\\/akunq.net\\\/tr\\\/#website\"},\"primaryImageOfPage\":{\"@id\":\"https:\\\/\\\/akunq.net\\\/tr\\\/?p=61037#primaryimage\"},\"image\":{\"@id\":\"https:\\\/\\\/akunq.net\\\/tr\\\/?p=61037#primaryimage\"},\"thumbnailUrl\":\"https:\\\/\\\/akunq.net\\\/tr\\\/wp-content\\\/uploads\\\/sites\\\/6\\\/2021\\\/01\\\/Dink-5.jpg\",\"datePublished\":\"2021-01-19T11:05:04+00:00\",\"author\":{\"@id\":\"https:\\\/\\\/akunq.net\\\/tr\\\/#\\\/schema\\\/person\\\/096f1d38a12cce57fb855b485ed24c9e\"},\"breadcrumb\":{\"@id\":\"https:\\\/\\\/akunq.net\\\/tr\\\/?p=61037#breadcrumb\"},\"inLanguage\":\"en-US\",\"potentialAction\":[{\"@type\":\"ReadAction\",\"target\":[\"https:\\\/\\\/akunq.net\\\/tr\\\/?p=61037\"]}]},{\"@type\":\"ImageObject\",\"inLanguage\":\"en-US\",\"@id\":\"https:\\\/\\\/akunq.net\\\/tr\\\/?p=61037#primaryimage\",\"url\":\"https:\\\/\\\/akunq.net\\\/tr\\\/wp-content\\\/uploads\\\/sites\\\/6\\\/2021\\\/01\\\/Dink-5.jpg\",\"contentUrl\":\"https:\\\/\\\/akunq.net\\\/tr\\\/wp-content\\\/uploads\\\/sites\\\/6\\\/2021\\\/01\\\/Dink-5.jpg\",\"width\":1200,\"height\":675},{\"@type\":\"BreadcrumbList\",\"@id\":\"https:\\\/\\\/akunq.net\\\/tr\\\/?p=61037#breadcrumb\",\"itemListElement\":[{\"@type\":\"ListItem\",\"position\":1,\"name\":\"Home\",\"item\":\"https:\\\/\\\/akunq.net\\\/tr\"},{\"@type\":\"ListItem\",\"position\":2,\"name\":\"Rahat uyu Hrant,\\u2028 yaln\u0131z de\u011filsin, tarihten gelen ac\u0131n\u0131, yas\u0131n\u0131 anl\u0131yorum, payla\u015f\u0131yorum, sevgili karde\u015fim\"}]},{\"@type\":\"WebSite\",\"@id\":\"https:\\\/\\\/akunq.net\\\/tr\\\/#website\",\"url\":\"https:\\\/\\\/akunq.net\\\/tr\\\/\",\"name\":\"Bati Ermenistan Ve Bati Ermenileri Sorunlari Ara\u015ftirmalar Merkezi\",\"description\":\"\",\"potentialAction\":[{\"@type\":\"SearchAction\",\"target\":{\"@type\":\"EntryPoint\",\"urlTemplate\":\"https:\\\/\\\/akunq.net\\\/tr\\\/?s={search_term_string}\"},\"query-input\":{\"@type\":\"PropertyValueSpecification\",\"valueRequired\":true,\"valueName\":\"search_term_string\"}}],\"inLanguage\":\"en-US\"},{\"@type\":\"Person\",\"@id\":\"https:\\\/\\\/akunq.net\\\/tr\\\/#\\\/schema\\\/person\\\/096f1d38a12cce57fb855b485ed24c9e\",\"name\":\"admin\",\"url\":\"https:\\\/\\\/akunq.net\\\/tr\\\/?author=7\"}]}<\/script>\n<!-- \/ Yoast SEO plugin. -->","yoast_head_json":{"title":"Rahat uyu Hrant,\u2028 yaln\u0131z de\u011filsin, tarihten gelen ac\u0131n\u0131, yas\u0131n\u0131 anl\u0131yorum, payla\u015f\u0131yorum, sevgili karde\u015fim - Bati Ermenistan Ve Bati Ermenileri Sorunlari Ara\u015ftirmalar Merkezi","robots":{"index":"index","follow":"follow","max-snippet":"max-snippet:-1","max-image-preview":"max-image-preview:large","max-video-preview":"max-video-preview:-1"},"canonical":"https:\/\/akunq.net\/tr\/?p=61037","og_locale":"en_US","og_type":"article","og_title":"Rahat uyu Hrant,\u2028 yaln\u0131z de\u011filsin, tarihten gelen ac\u0131n\u0131, yas\u0131n\u0131 anl\u0131yorum, payla\u015f\u0131yorum, sevgili karde\u015fim - Bati Ermenistan Ve Bati Ermenileri Sorunlari Ara\u015ftirmalar Merkezi","og_description":"Hasan Cemal hsncml@t24.com.tr Bar\u0131\u015fa, demokrasiye ula\u015fmak i\u00e7in daha ne kadar ac\u0131 \u00e7ekece\u011fiz, daha ne kadar bedel \u00f6demeye devam edece\u011fiz, yetmedi mi? Lapa lapa kar ya\u011f\u0131yor. Ara s\u0131ra r\u00fczgar savurunca tipiye \u00e7eviriyor. \u0130\u00e7imde bir h\u00fcz\u00fcn dalgas\u0131&#8230; On d\u00f6rt y\u0131l ge\u00e7mi\u015f&#8230; \u0130stanbul, 19 Ocak 2007 Ni\u015fanta\u015f\u0131&#8217;nda doktorday\u0131m. G\u00f6z\u00fcm televizyona tak\u0131ld\u0131. Ekranda\u00a0Hrant Dink\u00a0foto\u011fraf\u0131 ve son dakika yaz\u0131s\u0131: Hrant [&hellip;]","og_url":"https:\/\/akunq.net\/tr\/?p=61037","og_site_name":"Bati Ermenistan Ve Bati Ermenileri Sorunlari Ara\u015ftirmalar Merkezi","article_published_time":"2021-01-19T11:05:04+00:00","og_image":[{"width":1200,"height":675,"url":"https:\/\/akunq.net\/tr\/wp-content\/uploads\/sites\/6\/2021\/01\/Dink-5.jpg","type":"image\/jpeg"}],"author":"admin","twitter_card":"summary_large_image","twitter_misc":{"Written by":"admin","Est. reading time":"10 minutes"},"schema":{"@context":"https:\/\/schema.org","@graph":[{"@type":"Article","@id":"https:\/\/akunq.net\/tr\/?p=61037#article","isPartOf":{"@id":"https:\/\/akunq.net\/tr\/?p=61037"},"author":{"name":"admin","@id":"https:\/\/akunq.net\/tr\/#\/schema\/person\/096f1d38a12cce57fb855b485ed24c9e"},"headline":"Rahat uyu Hrant,\u2028 yaln\u0131z de\u011filsin, tarihten gelen ac\u0131n\u0131, yas\u0131n\u0131 anl\u0131yorum, payla\u015f\u0131yorum, sevgili karde\u015fim","datePublished":"2021-01-19T11:05:04+00:00","mainEntityOfPage":{"@id":"https:\/\/akunq.net\/tr\/?p=61037"},"wordCount":1925,"commentCount":0,"image":{"@id":"https:\/\/akunq.net\/tr\/?p=61037#primaryimage"},"thumbnailUrl":"https:\/\/akunq.net\/tr\/wp-content\/uploads\/sites\/6\/2021\/01\/Dink-5.jpg","articleSection":["Haberler","Makaleler"],"inLanguage":"en-US","potentialAction":[{"@type":"CommentAction","name":"Comment","target":["https:\/\/akunq.net\/tr\/?p=61037#respond"]}]},{"@type":"WebPage","@id":"https:\/\/akunq.net\/tr\/?p=61037","url":"https:\/\/akunq.net\/tr\/?p=61037","name":"Rahat uyu Hrant,\u2028 yaln\u0131z de\u011filsin, tarihten gelen ac\u0131n\u0131, yas\u0131n\u0131 anl\u0131yorum, payla\u015f\u0131yorum, sevgili karde\u015fim - Bati Ermenistan Ve Bati Ermenileri Sorunlari Ara\u015ftirmalar Merkezi","isPartOf":{"@id":"https:\/\/akunq.net\/tr\/#website"},"primaryImageOfPage":{"@id":"https:\/\/akunq.net\/tr\/?p=61037#primaryimage"},"image":{"@id":"https:\/\/akunq.net\/tr\/?p=61037#primaryimage"},"thumbnailUrl":"https:\/\/akunq.net\/tr\/wp-content\/uploads\/sites\/6\/2021\/01\/Dink-5.jpg","datePublished":"2021-01-19T11:05:04+00:00","author":{"@id":"https:\/\/akunq.net\/tr\/#\/schema\/person\/096f1d38a12cce57fb855b485ed24c9e"},"breadcrumb":{"@id":"https:\/\/akunq.net\/tr\/?p=61037#breadcrumb"},"inLanguage":"en-US","potentialAction":[{"@type":"ReadAction","target":["https:\/\/akunq.net\/tr\/?p=61037"]}]},{"@type":"ImageObject","inLanguage":"en-US","@id":"https:\/\/akunq.net\/tr\/?p=61037#primaryimage","url":"https:\/\/akunq.net\/tr\/wp-content\/uploads\/sites\/6\/2021\/01\/Dink-5.jpg","contentUrl":"https:\/\/akunq.net\/tr\/wp-content\/uploads\/sites\/6\/2021\/01\/Dink-5.jpg","width":1200,"height":675},{"@type":"BreadcrumbList","@id":"https:\/\/akunq.net\/tr\/?p=61037#breadcrumb","itemListElement":[{"@type":"ListItem","position":1,"name":"Home","item":"https:\/\/akunq.net\/tr"},{"@type":"ListItem","position":2,"name":"Rahat uyu Hrant,\u2028 yaln\u0131z de\u011filsin, tarihten gelen ac\u0131n\u0131, yas\u0131n\u0131 anl\u0131yorum, payla\u015f\u0131yorum, sevgili karde\u015fim"}]},{"@type":"WebSite","@id":"https:\/\/akunq.net\/tr\/#website","url":"https:\/\/akunq.net\/tr\/","name":"Bati Ermenistan Ve Bati Ermenileri Sorunlari Ara\u015ftirmalar Merkezi","description":"","potentialAction":[{"@type":"SearchAction","target":{"@type":"EntryPoint","urlTemplate":"https:\/\/akunq.net\/tr\/?s={search_term_string}"},"query-input":{"@type":"PropertyValueSpecification","valueRequired":true,"valueName":"search_term_string"}}],"inLanguage":"en-US"},{"@type":"Person","@id":"https:\/\/akunq.net\/tr\/#\/schema\/person\/096f1d38a12cce57fb855b485ed24c9e","name":"admin","url":"https:\/\/akunq.net\/tr\/?author=7"}]}},"_links":{"self":[{"href":"https:\/\/akunq.net\/tr\/index.php?rest_route=\/wp\/v2\/posts\/61037","targetHints":{"allow":["GET"]}}],"collection":[{"href":"https:\/\/akunq.net\/tr\/index.php?rest_route=\/wp\/v2\/posts"}],"about":[{"href":"https:\/\/akunq.net\/tr\/index.php?rest_route=\/wp\/v2\/types\/post"}],"author":[{"embeddable":true,"href":"https:\/\/akunq.net\/tr\/index.php?rest_route=\/wp\/v2\/users\/7"}],"replies":[{"embeddable":true,"href":"https:\/\/akunq.net\/tr\/index.php?rest_route=%2Fwp%2Fv2%2Fcomments&post=61037"}],"version-history":[{"count":1,"href":"https:\/\/akunq.net\/tr\/index.php?rest_route=\/wp\/v2\/posts\/61037\/revisions"}],"predecessor-version":[{"id":61039,"href":"https:\/\/akunq.net\/tr\/index.php?rest_route=\/wp\/v2\/posts\/61037\/revisions\/61039"}],"wp:featuredmedia":[{"embeddable":true,"href":"https:\/\/akunq.net\/tr\/index.php?rest_route=\/wp\/v2\/media\/61038"}],"wp:attachment":[{"href":"https:\/\/akunq.net\/tr\/index.php?rest_route=%2Fwp%2Fv2%2Fmedia&parent=61037"}],"wp:term":[{"taxonomy":"category","embeddable":true,"href":"https:\/\/akunq.net\/tr\/index.php?rest_route=%2Fwp%2Fv2%2Fcategories&post=61037"},{"taxonomy":"post_tag","embeddable":true,"href":"https:\/\/akunq.net\/tr\/index.php?rest_route=%2Fwp%2Fv2%2Ftags&post=61037"}],"curies":[{"name":"wp","href":"https:\/\/api.w.org\/{rel}","templated":true}]}}