{"id":61034,"date":"2021-01-19T03:43:20","date_gmt":"2021-01-19T08:43:20","guid":{"rendered":"https:\/\/akunq.net\/tr\/?p=61034"},"modified":"2021-01-19T03:43:20","modified_gmt":"2021-01-19T08:43:20","slug":"gazeteciler-hrant-dink-davasini-anlatiyor-cinayete-ortak-olan-devleti-izliyoruz","status":"publish","type":"post","link":"https:\/\/akunq.net\/tr\/?p=61034","title":{"rendered":"Gazeteciler Hrant Dink davas\u0131n\u0131 anlat\u0131yor: Cinayete ortak olan devleti izliyoruz"},"content":{"rendered":"<p><img loading=\"lazy\" decoding=\"async\" class=\"aligncenter size-medium wp-image-61035\" src=\"https:\/\/akunq.net\/tr\/wp-content\/uploads\/2021\/01\/Hrant-Dink-5-360x187.jpg\" alt=\"\" width=\"360\" height=\"187\" srcset=\"https:\/\/akunq.net\/tr\/wp-content\/uploads\/sites\/6\/2021\/01\/Hrant-Dink-5-360x187.jpg 360w, https:\/\/akunq.net\/tr\/wp-content\/uploads\/sites\/6\/2021\/01\/Hrant-Dink-5-768x399.jpg 768w, https:\/\/akunq.net\/tr\/wp-content\/uploads\/sites\/6\/2021\/01\/Hrant-Dink-5-560x291.jpg 560w, https:\/\/akunq.net\/tr\/wp-content\/uploads\/sites\/6\/2021\/01\/Hrant-Dink-5-260x135.jpg 260w, https:\/\/akunq.net\/tr\/wp-content\/uploads\/sites\/6\/2021\/01\/Hrant-Dink-5-160x83.jpg 160w, https:\/\/akunq.net\/tr\/wp-content\/uploads\/sites\/6\/2021\/01\/Hrant-Dink-5.jpg 800w\" sizes=\"auto, (max-width: 360px) 100vw, 360px\" \/><\/p>\n<p><em><strong>Hrant Dink davas\u0131n\u0131 takip eden gazetecilerden Canan Co\u015fkun, \u201cEn \u00e7ok konu\u015fulmas\u0131 gereken M\u0130T, bu davaya hi\u00e7 kar\u0131\u015ft\u0131r\u0131lmad\u0131. Davan\u0131n san\u0131klar\u0131 birbiriyle kavga ederken, birbirini su\u00e7larken asl\u0131nda devletin i\u015fleyi\u015fini de bize g\u00f6steriyorlar\u201d diyor. Elif Akg\u00fcl anlat\u0131yor: \u201c10 y\u0131l \u00f6nce Be\u015fikta\u015f DGM\u2019de \u2018Hrant\u2019\u0131n Arkada\u015flar\u0131\u2019 pankart\u0131 arkas\u0131nda onlarca insan vard\u0131. \u0130nsanlar, \u2018liberal AKP\u2019liler\u2019 olarak g\u00f6r\u00fclen isimleri bahane ederek uzakla\u015ft\u0131lar.\u201d<\/strong><\/em><\/p>\n<p><strong>Filiz Gazi<\/strong><\/p>\n<p>DUVAR \u2013 Agos Gazetesi Genel Yay\u0131n Y\u00f6netmeni Hrant Dink\u2019in 19 Ocak 2007 tarihinde gazeteye sahiplik eden Sebat Apartman\u0131 \u00f6n\u00fcnde katledilmesinin \u00fczerinden 14 y\u0131l ge\u00e7ti. Cinayeti ayd\u0131nlatmas\u0131 beklenen yarg\u0131 s\u00fcreci 124\u2019\u00fcnc\u00fc celselere geldi. Y\u00fczlerce klas\u00f6r\u00fcn birikti\u011fi davada 5 kez heyet de\u011fi\u015fti. Yarg\u0131lama s\u00fcreci cinayetin kimler taraf\u0131ndan, kimlerin verdi\u011fi emir ve talimatlar kapsam\u0131nda ger\u00e7ekle\u015ftirildi\u011fini ortaya \u00e7\u0131karabilecek nitelikte olmad\u0131.<\/p>\n<p>Dink davas\u0131n\u0131n ilk duru\u015fmas\u0131 2007 Temmuz\u2019unda g\u00f6r\u00fcld\u00fc. Bu davada toplamda 18 ki\u015fi yarg\u0131lan\u0131yordu. 2010\u2019da Dink ailesi avukatlar\u0131 Avrupa \u0130nsan Haklar\u0131 Mahkemesi\u2019ne (A\u0130HM) ba\u015fvurdu. A\u0130HM mahk\u00fbmiyet karar\u0131nda, \u201ckamu g\u00f6revlilerine ili\u015fkin etkin soru\u015fturma yap\u0131lmad\u0131\u011f\u0131\u201d y\u00f6n\u00fcnde karar verdi. 26 Ocak 2016\u2019da Yarg\u0131tay karar\u0131yla Dink suikast\u0131 ana davas\u0131, kamu g\u00f6revlilerinin ihmali davas\u0131yla birle\u015ftirildi. Kamu g\u00f6revlilerinin soru\u015fturulmas\u0131 ancak bu tarihten sonra ba\u015flayabildi.<\/p>\n<p>Gelinen a\u015famada 7\u2019si tutuklu, 13 firari, 76 san\u0131kl\u0131 yarg\u0131land\u0131\u011f\u0131 dava kapsam\u0131nda yarg\u0131lanan isimler aras\u0131nda Fetullah G\u00fclen, eski savc\u0131 Zekeriya \u00d6z, d\u00f6nemin Trabzon \u0130l jandarma Komutan\u0131 Ali \u00d6z, d\u00f6nemin Emniyet \u0130stihbarat Dairesi Ba\u015fkan\u0131 Ramazan Aky\u00fcrek, cinayetin i\u015flendi\u011fi d\u00f6nem Trabzon Emniyet M\u00fcd\u00fcr\u00fc olan Re\u015fat Altay, Trabzon \u0130stihbarat \u015eube M\u00fcd\u00fcr\u00fc olan Engin Din\u00e7, cinayetin i\u015flendi\u011fi s\u0131rada \u0130stanbul \u0130l Emniyet M\u00fcd\u00fcr\u00fc Celalettin Cerrah, \u0130stanbul \u0130stihbarat \u015eube M\u00fcd\u00fcr\u00fc Ahmet \u0130lhan G\u00fcler gibi isimler yer al\u0131yor.<\/p>\n<p>Nerdeyse ba\u015f\u0131ndan bu yana duru\u015fmalar\u0131 takip eden gazeteciler Canan Co\u015fkun ve Elif Akg\u00fcl\u2019le Dink cinayeti yarg\u0131lamas\u0131n\u0131, t\u00fcrl\u00fc y\u00f6nleriyle mahkeme salonunda nelere tan\u0131kl\u0131k ettiklerini konu\u015ftuk.<\/p>\n<p><strong>\u2018SANIKLAR KAVGA ED\u0130YOR KAR\u015eIMIZDA\u2019<\/strong><\/p>\n<p>Canan Co\u015fkun, Hrant Dink davas\u0131n\u0131 Aral\u0131k 2013\u2019ten beri takip ediyor. Co\u015fkun, bu \u0131srarl\u0131 takibin sadece gazetecilik refleksiyle ilgili olmad\u0131\u011f\u0131n\u0131 s\u00f6yl\u00fcyor. Bunun yan\u0131nda, ironik bir \u015fekilde mahkemelerde ya\u015fanan hukuksuzlu\u011fun alt\u0131n\u0131 \u00e7iziyor:<\/p>\n<p>\u201cAdaletin tesis edildi\u011fi yer oldu\u011fu iddias\u0131n\u0131 ta\u015f\u0131yan mahkemelerde, g\u00f6z\u00fcm\u00fcz\u00fcn \u00f6n\u00fcnde devam eden hukuksuzlu\u011fa tan\u0131kl\u0131k etmek zorunday\u0131z. Manevi bir \u00f6nemi de var. \u0130fade \u00f6zg\u00fcrl\u00fc\u011f\u00fcn\u00fc kulland\u0131\u011f\u0131 i\u00e7in \u00f6ld\u00fcr\u00fclen bir meslek b\u00fcy\u00fc\u011f\u00fcm\u00fcz\u00fcn davas\u0131n\u0131 takip ediyoruz. San\u0131klar kavga ediyor kar\u015f\u0131m\u0131zda, birbirlerini su\u00e7luyorlar. Davan\u0131n san\u0131klar\u0131 birbiriyle kavga ederken, birbirini su\u00e7larken asl\u0131nda devletin i\u015fleyi\u015fini de bize g\u00f6steriyorlar. B\u00f6yle rezillikler ya\u015fan\u0131rken biz de tan\u0131kl\u0131k etmek zorunday\u0131z diye d\u00fc\u015f\u00fcn\u00fcyorum.\u201d<\/p>\n<p><strong>\u2018M\u0130T H\u0130\u00c7B\u0130R \u015eEK\u0130LDE BU DAVAYA KARI\u015eTIRILMADI\u2019<\/strong><\/p>\n<p>Co\u015fkun, devlet mekanizmalar\u0131n\u0131 anlamaya ili\u015fkin bu davan\u0131n pek \u00e7ok y\u00f6n\u00fcyle ele al\u0131nabilece\u011fini s\u00f6yl\u00fcyor ve M\u0130T g\u00f6revlileri hakk\u0131nda bug\u00fcne dek dava a\u00e7\u0131lmad\u0131\u011f\u0131na dikkat \u00e7ekiyor:<\/p>\n<p>\u201cEmniyetinden jandarmas\u0131na kadar pek \u00e7ok kamu g\u00f6revlisi yarg\u0131lan\u0131yor ama hi\u00e7 konu\u015fulmayan ama en \u00e7ok konu\u015fulmas\u0131 gereken k\u0131sm\u0131 devletin b\u00fct\u00fcn kurumlar\u0131 birbirine girmi\u015fken M\u0130T\u2019\u0131n bu davaya hi\u00e7 kar\u0131\u015ft\u0131r\u0131lmamas\u0131. \u015e\u00f6yle bir \u015fey de ya\u015fand\u0131. Ba\u015fbakanl\u0131k Tefti\u015f Kurulu (BTK) ge\u00e7mi\u015fte bir rapor haz\u0131rlam\u0131\u015ft\u0131. Bu kurulun \u00fc\u00e7 \u00fcyesi tan\u0131k olarak dinlendi. Tan\u0131k olarak dinlenen BTK \u00fcyesi Yasemin Tu\u011f\u00e7e \u0130nan, Trabzon\u2019daki incelemeler s\u0131ras\u0131nda M\u0130T B\u00f6lge Ba\u015fkanl\u0131\u011f\u0131\u2019na gittiklerini ve bilgi istediklerini anlatt\u0131. M\u0130T B\u00f6lge Ba\u015fkanl\u0131\u011f\u0131\u2019na \u2018bize bir k\u0131r\u0131nt\u0131 verin\u2019 demi\u015fler. Yan\u0131t \u2018Size k\u0131r\u0131nt\u0131 verirsek o sizi f\u0131r\u0131na g\u00f6t\u00fcr\u00fcr\u2019 olmu\u015f. Ak\u0131n G\u00fcrlek\u2019in bu davaya atanmas\u0131ndan sonra tam anlam\u0131yla ko\u015far ad\u0131m karara gidiliyor. Ak\u0131n G\u00fcrlek\u2019ten \u00f6nceki heyet M\u0130T g\u00f6revlilerinin tan\u0131k olarak dinlenmesini kabul etmi\u015fti. Ak\u0131n G\u00fcrlek geldi ve bu karardan geri d\u00f6nd\u00fc. \u015eubat ay\u0131nda karar\u0131n verilece\u011fini d\u00fc\u015f\u00fcn\u00fcyoruz. Verilen karar bizi o f\u0131r\u0131na asla yakla\u015ft\u0131rmayacak. Biz, bu davada cinayete ortak olan devleti izliyoruz.\u201d<\/p>\n<p><strong>\u2018MAHKEMEDE BAKIN B\u0130Z NASIL AD\u0130L\u0130Z ROL\u00dc KES\u0130L\u0130YOR\u2019<\/strong><\/p>\n<p>15 Temmuz darbe giri\u015fimi iddianameleri ile savc\u0131l\u0131k, Dink cinayetini, \u201cdarbe kalk\u0131\u015fmas\u0131na giden s\u00fcre\u00e7te bu yolda bu ama\u00e7 i\u00e7in att\u0131r\u0131lan ilk kur\u015fun\u201d olarak kabul etti.<\/p>\n<p>Co\u015fkun tam burada davan\u0131n \u2018FET\u00d6 \u00e7uval\u0131na\u2019 at\u0131ld\u0131\u011f\u0131n\u0131 s\u00f6yl\u00fcyor ve \u015f\u00f6yle devam ediyor: \u201cBu davada yarg\u0131lanan san\u0131klar\u0131n, kamu g\u00f6revlilerinin ge\u00e7mi\u015fte Fethullah\u00e7\u0131 yap\u0131n\u0131n y\u00fcr\u00fctt\u00fc\u011f\u00fc alanda faaliyet g\u00f6steren san\u0131klar oldu\u011fu asla ink\u00e2r edilemez ama bu cinayeti tek ba\u015flar\u0131na yapmad\u0131lar.\u201d<\/p>\n<p>Co\u015fkun\u2019a t\u00fcm bunlar\u0131n \u0131\u015f\u0131\u011f\u0131nda bunca s\u00fcredir mahkemede ne oluyor o zaman diye soruyorum. \u015e\u00f6yle yan\u0131tl\u0131yor:<\/p>\n<p>\u201cSon perdesi rezil bir oyunculukla tamamlanan bir tiyatro asl\u0131nda. Tiyatrocu arkada\u015flar k\u0131zmas\u0131n. \u2018Neyin rol\u00fc?\u2019 diye soral\u0131m. Son 4 y\u0131lda, \u2018bak\u0131n biz nas\u0131l adiliz\u2019 rol\u00fc kesiliyor.\u2019<\/p>\n<p><strong>\u2018YAKIN TAR\u0130HL\u0130 B\u0130R DURU\u015eMADA SAVCI UYUMU\u015eTU\u2019<\/strong><\/p>\n<p>Co\u015fkun, davan\u0131n g\u00fcn ge\u00e7tik\u00e7e kamuoyunun ilgisinden uzakla\u015ft\u0131\u011f\u0131n\u0131, salonda heyet ve birka\u00e7 gazeteciyle duru\u015fmalar\u0131n ge\u00e7ti\u011fini anlat\u0131yor:<\/p>\n<p>\u201c\u0130lk duru\u015fmay\u0131 hat\u0131rl\u0131yorum. Yer yoktu. \u015eimdi da\u011f\u0131n\u0131k, geni\u015f geni\u015f oturdu\u011fumuz salonda tek bir sandalyede iki ki\u015fi oturmaya \u00e7al\u0131\u015f\u0131yorduk. \u015eimdi topu topu 5- 6 gazeteci takip ediyor. San\u0131klar\u0131n gelmedi\u011fi duru\u015fmalar bile yap\u0131ld\u0131. Yaln\u0131z bir hali var davan\u0131n. Bunda yarg\u0131laman\u0131n bu kadar uzun s\u00fcrmesinin tabii ki de bir etkisi var. Yak\u0131n tarihli bir duru\u015fmada savc\u0131 uyumu\u015ftu. Uykunun rehavetiyle nefes al\u0131\u015fveri\u015fini izlemi\u015ftik.\u201d<\/p>\n<p>Elif Akg\u00fcl: Dink davas\u0131 gelinen noktada \u2018misyonunu\u2019 doldurdu\u011fu i\u00e7in siyasi \u00e7evrelerce \u00e7ok fazla ilgi g\u00f6rm\u00fcyor.<\/p>\n<p><strong>\u2018DEVLET DED\u0130\u011e\u0130M\u0130Z \u015eEY\u0130N ETE KEM\u0130\u011eE B\u00dcR\u00dcNM\u00dc\u015e HAL\u0130N\u0130 \u0130ZL\u0130YORUZ\u2019<\/strong><\/p>\n<p>Gazeteci Elif Akg\u00fcl, 2011\u2019den bu yana davay\u0131 takip ediyor. \u201cMesleki anlamda da Hrant Dink davas\u0131 girdi\u011fim ilk dava haberiydi. 10 y\u0131l boyunca gidemedi\u011fim duru\u015fma say\u0131s\u0131 3 faland\u0131r\u201d diyor.<\/p>\n<p>Akg\u00fcl\u2019e yarg\u0131lama boyunca akl\u0131ndan \u00e7\u0131kmayacak \u015feyleri soruyorum. \u015e\u00f6yle yan\u0131tl\u0131yor:<\/p>\n<p>\u201cCinayetin i\u015flendi\u011fi d\u00f6nemde \u0130stanbul \u0130l Emniyet M\u00fcd\u00fcr\u00fc Celalettin Cerrah savunma yaparken yine ayn\u0131 d\u00f6nemde \u0130stanbul \u0130stihbarat C \u015eube M\u00fcd\u00fcr\u00fc olan Ali Fuat Y\u0131lmazer kalk\u0131p \u2018Sen o d\u00f6nem Devrimci Kararg\u00e2h operasyonu i\u00e7in beni aln\u0131mdan \u00f6pmedin mi?\u2019 demi\u015fti. Devrimci Kararg\u00e2h davas\u0131n\u0131 hat\u0131rlarsak e\u011fer sa\u00e7mal\u0131k \u00f6tesi, ger\u00e7ek\u00fcst\u00fc torba bir davayd\u0131. Yine san\u0131k Ali Fuat Y\u0131lmazer\u2019in Emine Erdo\u011fan\u2019dan \u2018yenge\u2019 diye bahsetti\u011fi anlar dahi oldu. Emniyet \u0130stihbarat Dairesi Ba\u015fkan\u0131 Ramazan Aky\u00fcrek, \u0130stanbul \u0130l Emniyet M\u00fcd\u00fcr\u00fc Celalettin Cerrah\u2019\u0131n kendisinden belgeyi yok etmek istedi\u011fini s\u00f6ylerken Cerrah ve \u0130stanbul te\u015fkilat\u0131 kar\u015f\u0131 \u00e7\u0131km\u0131\u015ft\u0131. B\u00f6yle \u00e7ok \u015fey ya\u015fand\u0131. Birbirlerini nas\u0131l kollad\u0131klar\u0131n\u0131, yeri gelince nas\u0131l kutupla\u015ft\u0131klar\u0131n\u0131 da g\u00f6rd\u00fck. Devlet dedi\u011fimiz \u015feyin baya ete kemi\u011fe b\u00fcr\u00fcnm\u00fc\u015f halini g\u00f6rd\u00fck orada.\u201d<\/p>\n<p>\u201cBenim a\u00e7\u0131mdan 15 Temmuz sonras\u0131 \u00e7arp\u0131c\u0131yd\u0131. Ali Fuat Y\u0131lmazer ve Raman Aky\u00fcrek\u2019i uzun d\u00f6nem kimse savunmad\u0131. Avukatlar\u0131 s\u00fcrekli istifa etti. Ramazan Aky\u00fcrek\u2019in ilk savunmas\u0131n\u0131 yapan avukat bildi\u011fin meczuptu. O kadar k\u00f6t\u00fcyd\u00fc ki azledildi.\u201d<\/p>\n<p><strong>\u2018SANIKLARDAK\u0130 HAYAL KIRIKLI\u011eINI G\u00d6R\u00dcYORUZ\u2019<\/strong><\/p>\n<p>Akg\u00fcl, \u201cdevleti g\u00f6rd\u00fc\u011f\u00fcm\u00fcz yer\u201d dedi\u011fi Dink cinayeti yarg\u0131lamas\u0131nda azmettiricilikle su\u00e7lanan Erhan Tuncel\u2019in bir c\u00fcmlesini hat\u0131rlatarak anlat\u0131yor:<\/p>\n<p>\u201cErhan Tuncel tutuklanma karar\u0131n\u0131n \u00e7\u0131kt\u0131\u011f\u0131 duru\u015fman\u0131n sonunda hayat\u0131 boyunca en anlaml\u0131 c\u00fcmleyi s\u00f6ylemi\u015f olabilir. Cezaevine g\u00f6t\u00fcr\u00fcl\u00fcrken \u2018T\u00fcrkiye Cumhuriyeti devleti, kendisine hizmet etmi\u015f kimseyi cezas\u0131z b\u0131rakmamaktad\u0131r\u2019 demi\u015fti. \u0130lk \u00f6nce muhbirleri harcar devlet. Eski hakim Mehmet Ekinci de falan da onu g\u00f6rm\u00fc\u015ft\u00fck. Ne kadar asker oluyorsan o kadar g\u00f6zden \u00e7\u0131kar\u0131l\u0131yorsun. Erhan Tuncel\u2019i baya\u011f\u0131 a\u011flayarak g\u00f6t\u00fcrm\u00fc\u015flerdi.\u201d<\/p>\n<p>Akg\u00fcl, t\u00fcm davan\u0131n seyrinden memnun olmasa da kimi isimlerin orada yarg\u0131lan\u0131yor olu\u015funu anlaml\u0131 buluyor.<\/p>\n<p>\u201cYarg\u0131lananlar aras\u0131nda Trabzon Emniyet M\u00fcd\u00fcr\u00fc olan Re\u015fat Altay var. 1978\u2019de, Beyaz\u0131t\u2019ta 7 \u00f6\u011frencinin \u00f6l\u00fcm\u00fcne yol veren bir isim. Yine yarg\u0131lananlar aras\u0131nda Muammer G\u00fcler, Celalettin Cerrah gibi isimler var. Bu isimleri davada g\u00f6rmek anlaml\u0131 geliyor. \u015eu da var\u2026 Hepsindeki hayal k\u0131r\u0131kl\u0131\u011f\u0131n\u0131 g\u00f6rebiliyoruz. \u2018Devlete hizmet ettim ama bana yap\u0131lanlara bak\u2019 gibi. Ben bu anlamda davan\u0131n seyrinden memnun olmasam da belli bir ba\u015far\u0131y\u0131 sa\u011flad\u0131\u011f\u0131n\u0131 d\u00fc\u015f\u00fcn\u00fcyorum. Bu ba\u015far\u0131n\u0131n bir sebebi \u00fclke i\u00e7indeki iktidar kavgas\u0131ndan kaynaklan\u0131yor ama nihayetinde bu isimler yarg\u0131lan\u0131yor. Toplumsal bask\u0131 onlar\u0131n bile tart\u0131\u015f\u0131labilir noktaya geldiklerini g\u00f6steriyor.\u201d<\/p>\n<p><strong>\u2018D\u0130NK DAVASI B\u0130R\u00c7OK \u0130NSAN \u0130\u00c7\u0130N KAR\u0130YER DAVASI OLDU\u2019<\/strong><\/p>\n<p>10 y\u0131ld\u0131r kimler takip ediyor bu davay\u0131? \u0130lk g\u00fcnden bu yana neler de\u011fi\u015fti? Toplumsal muhalefet Hrant Dink yarg\u0131lamas\u0131n\u0131 nerede b\u0131rakt\u0131? Akg\u00fcl anlat\u0131yor:<\/p>\n<p>\u201c10 y\u0131l \u00f6nce Be\u015fikta\u015f DGM\u2019de \u2018Hrant\u2019\u0131n Arkada\u015flar\u0131\u2019 pankart\u0131 arkas\u0131nda onlarca insan vard\u0131. Barbaros Meydan\u0131\u2019ndan DGM\u2019ye y\u00fcr\u00fcyorlard\u0131. Hat\u0131rlars\u0131n\u2026 \u0130nsanlar, \u2018liberal AKP\u2019liler\u2019 olarak g\u00f6r\u00fclen Oral \u00c7al\u0131\u015flar, Ethem Mah\u00e7upyan gibi isimleri bahane ederek uzakla\u015ft\u0131lar. Yine o d\u00f6nem flamalar\u0131yla y\u00fcr\u00fcy\u00fc\u015fe kat\u0131lmak i\u00e7in canh\u0131ra\u015f m\u00fccadele eden \u00f6rg\u00fctleri de sonras\u0131nda g\u00f6rmedik. \u00d6yle bir noktaya geldi ki Dink davas\u0131 bir\u00e7ok insan i\u00e7in kariyer davas\u0131 oldu. Nedim \u015eener ismi bunlardan biri. Misal, \u0130stihbarat Daire Ba\u015fkan\u0131 Engin Din\u00e7\u2019in san\u0131k olarak duru\u015fmada dinlenece\u011fi g\u00fcn herkes oradayd\u0131. Gazeteciler, kimi isimler foto\u011fraf \u00e7ekiniyorlard\u0131. Din\u00e7, ge\u00e7en hafta yeniden savunma yapt\u0131 ama bu sefer sadece biz vard\u0131k.\u201d<\/p>\n<p>\u201cDink davas\u0131 gelinen noktada \u2018misyonunu\u2019 doldurdu\u011fu i\u00e7in siyasi \u00e7evrelerce \u00e7ok fazla ilgi g\u00f6rm\u00fcyor. Misyonunu doldurdu dememden kas\u0131t daha \u00f6ncesinde bu davalara sahip \u00e7\u0131kman\u0131n politik bir kar\u015f\u0131l\u0131\u011f\u0131 vard\u0131 ama \u015fu an yok. \u00c7\u00fcnk\u00fc bu davaya sahip \u00e7\u0131kanlar aras\u0131nda Nedim \u015eener gibi isimler vard\u0131. Bu davaya sahip \u00e7\u0131kma g\u00f6revinin taahh\u00fct\u00fc olan toplumsal muhalafet \u015fu an kimlerle yan yana duramayaca\u011f\u0131n\u0131n derdine d\u00fc\u015ft\u00fc\u011f\u00fc i\u00e7in \u00e7ok rahat bir \u015fekilde bunlar\u0131 g\u00f6zden \u00e7\u0131kart\u0131yor.\u201d<\/p>\n<p><em><strong>https:\/\/www.gazeteduvar.com.tr\/gazeteciler-hrant-dink-davasini-anlatiyor-cinayete-ortak-olan-devleti-izliyoruz-haber-1510655\u00a0<\/strong><\/em><\/p>\n","protected":false},"excerpt":{"rendered":"<p>Hrant Dink davas\u0131n\u0131 takip eden gazetecilerden Canan Co\u015fkun, \u201cEn \u00e7ok konu\u015fulmas\u0131 gereken M\u0130T, bu davaya hi\u00e7 kar\u0131\u015ft\u0131r\u0131lmad\u0131. Davan\u0131n san\u0131klar\u0131 birbiriyle kavga ederken, birbirini su\u00e7larken asl\u0131nda devletin i\u015fleyi\u015fini de bize g\u00f6steriyorlar\u201d diyor. Elif Akg\u00fcl anlat\u0131yor: \u201c10 y\u0131l \u00f6nce Be\u015fikta\u015f DGM\u2019de \u2018Hrant\u2019\u0131n Arkada\u015flar\u0131\u2019 pankart\u0131 arkas\u0131nda onlarca insan vard\u0131. \u0130nsanlar, \u2018liberal AKP\u2019liler\u2019 olarak g\u00f6r\u00fclen isimleri bahane ederek uzakla\u015ft\u0131lar.\u201d [&hellip;]<\/p>\n","protected":false},"author":7,"featured_media":61035,"comment_status":"open","ping_status":"open","sticky":false,"template":"","format":"standard","meta":{"footnotes":""},"categories":[1],"tags":[],"class_list":["post-61034","post","type-post","status-publish","format-standard","has-post-thumbnail","hentry","category-haberler"],"yoast_head":"<!-- This site is optimized with the Yoast SEO plugin v27.4 - https:\/\/yoast.com\/product\/yoast-seo-wordpress\/ -->\n<title>Gazeteciler Hrant Dink davas\u0131n\u0131 anlat\u0131yor: Cinayete ortak olan devleti izliyoruz - Bati Ermenistan Ve Bati Ermenileri Sorunlari Ara\u015ftirmalar Merkezi<\/title>\n<meta name=\"robots\" content=\"index, follow, max-snippet:-1, max-image-preview:large, max-video-preview:-1\" \/>\n<link rel=\"canonical\" href=\"https:\/\/akunq.net\/tr\/?p=61034\" \/>\n<meta property=\"og:locale\" content=\"en_US\" \/>\n<meta property=\"og:type\" content=\"article\" \/>\n<meta property=\"og:title\" content=\"Gazeteciler Hrant Dink davas\u0131n\u0131 anlat\u0131yor: Cinayete ortak olan devleti izliyoruz - Bati Ermenistan Ve Bati Ermenileri Sorunlari Ara\u015ftirmalar Merkezi\" \/>\n<meta property=\"og:description\" content=\"Hrant Dink davas\u0131n\u0131 takip eden gazetecilerden Canan Co\u015fkun, \u201cEn \u00e7ok konu\u015fulmas\u0131 gereken M\u0130T, bu davaya hi\u00e7 kar\u0131\u015ft\u0131r\u0131lmad\u0131. Davan\u0131n san\u0131klar\u0131 birbiriyle kavga ederken, birbirini su\u00e7larken asl\u0131nda devletin i\u015fleyi\u015fini de bize g\u00f6steriyorlar\u201d diyor. Elif Akg\u00fcl anlat\u0131yor: \u201c10 y\u0131l \u00f6nce Be\u015fikta\u015f DGM\u2019de \u2018Hrant\u2019\u0131n Arkada\u015flar\u0131\u2019 pankart\u0131 arkas\u0131nda onlarca insan vard\u0131. \u0130nsanlar, \u2018liberal AKP\u2019liler\u2019 olarak g\u00f6r\u00fclen isimleri bahane ederek uzakla\u015ft\u0131lar.\u201d [&hellip;]\" \/>\n<meta property=\"og:url\" content=\"https:\/\/akunq.net\/tr\/?p=61034\" \/>\n<meta property=\"og:site_name\" content=\"Bati Ermenistan Ve Bati Ermenileri Sorunlari Ara\u015ftirmalar Merkezi\" \/>\n<meta property=\"article:published_time\" content=\"2021-01-19T08:43:20+00:00\" \/>\n<meta property=\"og:image\" content=\"https:\/\/akunq.net\/tr\/wp-content\/uploads\/sites\/6\/2021\/01\/Hrant-Dink-5.jpg\" \/>\n\t<meta property=\"og:image:width\" content=\"800\" \/>\n\t<meta property=\"og:image:height\" content=\"416\" \/>\n\t<meta property=\"og:image:type\" content=\"image\/jpeg\" \/>\n<meta name=\"author\" content=\"admin\" \/>\n<meta name=\"twitter:card\" content=\"summary_large_image\" \/>\n<meta name=\"twitter:label1\" content=\"Written by\" \/>\n\t<meta name=\"twitter:data1\" content=\"admin\" \/>\n\t<meta name=\"twitter:label2\" content=\"Est. reading time\" \/>\n\t<meta name=\"twitter:data2\" content=\"9 minutes\" \/>\n<script type=\"application\/ld+json\" class=\"yoast-schema-graph\">{\"@context\":\"https:\\\/\\\/schema.org\",\"@graph\":[{\"@type\":\"Article\",\"@id\":\"https:\\\/\\\/akunq.net\\\/tr\\\/?p=61034#article\",\"isPartOf\":{\"@id\":\"https:\\\/\\\/akunq.net\\\/tr\\\/?p=61034\"},\"author\":{\"name\":\"admin\",\"@id\":\"https:\\\/\\\/akunq.net\\\/tr\\\/#\\\/schema\\\/person\\\/096f1d38a12cce57fb855b485ed24c9e\"},\"headline\":\"Gazeteciler Hrant Dink davas\u0131n\u0131 anlat\u0131yor: Cinayete ortak olan devleti izliyoruz\",\"datePublished\":\"2021-01-19T08:43:20+00:00\",\"mainEntityOfPage\":{\"@id\":\"https:\\\/\\\/akunq.net\\\/tr\\\/?p=61034\"},\"wordCount\":1879,\"commentCount\":0,\"image\":{\"@id\":\"https:\\\/\\\/akunq.net\\\/tr\\\/?p=61034#primaryimage\"},\"thumbnailUrl\":\"https:\\\/\\\/akunq.net\\\/tr\\\/wp-content\\\/uploads\\\/sites\\\/6\\\/2021\\\/01\\\/Hrant-Dink-5.jpg\",\"articleSection\":[\"Haberler\"],\"inLanguage\":\"en-US\",\"potentialAction\":[{\"@type\":\"CommentAction\",\"name\":\"Comment\",\"target\":[\"https:\\\/\\\/akunq.net\\\/tr\\\/?p=61034#respond\"]}]},{\"@type\":\"WebPage\",\"@id\":\"https:\\\/\\\/akunq.net\\\/tr\\\/?p=61034\",\"url\":\"https:\\\/\\\/akunq.net\\\/tr\\\/?p=61034\",\"name\":\"Gazeteciler Hrant Dink davas\u0131n\u0131 anlat\u0131yor: Cinayete ortak olan devleti izliyoruz - Bati Ermenistan Ve Bati Ermenileri Sorunlari Ara\u015ftirmalar Merkezi\",\"isPartOf\":{\"@id\":\"https:\\\/\\\/akunq.net\\\/tr\\\/#website\"},\"primaryImageOfPage\":{\"@id\":\"https:\\\/\\\/akunq.net\\\/tr\\\/?p=61034#primaryimage\"},\"image\":{\"@id\":\"https:\\\/\\\/akunq.net\\\/tr\\\/?p=61034#primaryimage\"},\"thumbnailUrl\":\"https:\\\/\\\/akunq.net\\\/tr\\\/wp-content\\\/uploads\\\/sites\\\/6\\\/2021\\\/01\\\/Hrant-Dink-5.jpg\",\"datePublished\":\"2021-01-19T08:43:20+00:00\",\"author\":{\"@id\":\"https:\\\/\\\/akunq.net\\\/tr\\\/#\\\/schema\\\/person\\\/096f1d38a12cce57fb855b485ed24c9e\"},\"breadcrumb\":{\"@id\":\"https:\\\/\\\/akunq.net\\\/tr\\\/?p=61034#breadcrumb\"},\"inLanguage\":\"en-US\",\"potentialAction\":[{\"@type\":\"ReadAction\",\"target\":[\"https:\\\/\\\/akunq.net\\\/tr\\\/?p=61034\"]}]},{\"@type\":\"ImageObject\",\"inLanguage\":\"en-US\",\"@id\":\"https:\\\/\\\/akunq.net\\\/tr\\\/?p=61034#primaryimage\",\"url\":\"https:\\\/\\\/akunq.net\\\/tr\\\/wp-content\\\/uploads\\\/sites\\\/6\\\/2021\\\/01\\\/Hrant-Dink-5.jpg\",\"contentUrl\":\"https:\\\/\\\/akunq.net\\\/tr\\\/wp-content\\\/uploads\\\/sites\\\/6\\\/2021\\\/01\\\/Hrant-Dink-5.jpg\",\"width\":800,\"height\":416},{\"@type\":\"BreadcrumbList\",\"@id\":\"https:\\\/\\\/akunq.net\\\/tr\\\/?p=61034#breadcrumb\",\"itemListElement\":[{\"@type\":\"ListItem\",\"position\":1,\"name\":\"Home\",\"item\":\"https:\\\/\\\/akunq.net\\\/tr\"},{\"@type\":\"ListItem\",\"position\":2,\"name\":\"Gazeteciler Hrant Dink davas\u0131n\u0131 anlat\u0131yor: Cinayete ortak olan devleti izliyoruz\"}]},{\"@type\":\"WebSite\",\"@id\":\"https:\\\/\\\/akunq.net\\\/tr\\\/#website\",\"url\":\"https:\\\/\\\/akunq.net\\\/tr\\\/\",\"name\":\"Bati Ermenistan Ve Bati Ermenileri Sorunlari Ara\u015ftirmalar Merkezi\",\"description\":\"\",\"potentialAction\":[{\"@type\":\"SearchAction\",\"target\":{\"@type\":\"EntryPoint\",\"urlTemplate\":\"https:\\\/\\\/akunq.net\\\/tr\\\/?s={search_term_string}\"},\"query-input\":{\"@type\":\"PropertyValueSpecification\",\"valueRequired\":true,\"valueName\":\"search_term_string\"}}],\"inLanguage\":\"en-US\"},{\"@type\":\"Person\",\"@id\":\"https:\\\/\\\/akunq.net\\\/tr\\\/#\\\/schema\\\/person\\\/096f1d38a12cce57fb855b485ed24c9e\",\"name\":\"admin\",\"url\":\"https:\\\/\\\/akunq.net\\\/tr\\\/?author=7\"}]}<\/script>\n<!-- \/ Yoast SEO plugin. -->","yoast_head_json":{"title":"Gazeteciler Hrant Dink davas\u0131n\u0131 anlat\u0131yor: Cinayete ortak olan devleti izliyoruz - Bati Ermenistan Ve Bati Ermenileri Sorunlari Ara\u015ftirmalar Merkezi","robots":{"index":"index","follow":"follow","max-snippet":"max-snippet:-1","max-image-preview":"max-image-preview:large","max-video-preview":"max-video-preview:-1"},"canonical":"https:\/\/akunq.net\/tr\/?p=61034","og_locale":"en_US","og_type":"article","og_title":"Gazeteciler Hrant Dink davas\u0131n\u0131 anlat\u0131yor: Cinayete ortak olan devleti izliyoruz - Bati Ermenistan Ve Bati Ermenileri Sorunlari Ara\u015ftirmalar Merkezi","og_description":"Hrant Dink davas\u0131n\u0131 takip eden gazetecilerden Canan Co\u015fkun, \u201cEn \u00e7ok konu\u015fulmas\u0131 gereken M\u0130T, bu davaya hi\u00e7 kar\u0131\u015ft\u0131r\u0131lmad\u0131. Davan\u0131n san\u0131klar\u0131 birbiriyle kavga ederken, birbirini su\u00e7larken asl\u0131nda devletin i\u015fleyi\u015fini de bize g\u00f6steriyorlar\u201d diyor. Elif Akg\u00fcl anlat\u0131yor: \u201c10 y\u0131l \u00f6nce Be\u015fikta\u015f DGM\u2019de \u2018Hrant\u2019\u0131n Arkada\u015flar\u0131\u2019 pankart\u0131 arkas\u0131nda onlarca insan vard\u0131. \u0130nsanlar, \u2018liberal AKP\u2019liler\u2019 olarak g\u00f6r\u00fclen isimleri bahane ederek uzakla\u015ft\u0131lar.\u201d [&hellip;]","og_url":"https:\/\/akunq.net\/tr\/?p=61034","og_site_name":"Bati Ermenistan Ve Bati Ermenileri Sorunlari Ara\u015ftirmalar Merkezi","article_published_time":"2021-01-19T08:43:20+00:00","og_image":[{"width":800,"height":416,"url":"https:\/\/akunq.net\/tr\/wp-content\/uploads\/sites\/6\/2021\/01\/Hrant-Dink-5.jpg","type":"image\/jpeg"}],"author":"admin","twitter_card":"summary_large_image","twitter_misc":{"Written by":"admin","Est. reading time":"9 minutes"},"schema":{"@context":"https:\/\/schema.org","@graph":[{"@type":"Article","@id":"https:\/\/akunq.net\/tr\/?p=61034#article","isPartOf":{"@id":"https:\/\/akunq.net\/tr\/?p=61034"},"author":{"name":"admin","@id":"https:\/\/akunq.net\/tr\/#\/schema\/person\/096f1d38a12cce57fb855b485ed24c9e"},"headline":"Gazeteciler Hrant Dink davas\u0131n\u0131 anlat\u0131yor: Cinayete ortak olan devleti izliyoruz","datePublished":"2021-01-19T08:43:20+00:00","mainEntityOfPage":{"@id":"https:\/\/akunq.net\/tr\/?p=61034"},"wordCount":1879,"commentCount":0,"image":{"@id":"https:\/\/akunq.net\/tr\/?p=61034#primaryimage"},"thumbnailUrl":"https:\/\/akunq.net\/tr\/wp-content\/uploads\/sites\/6\/2021\/01\/Hrant-Dink-5.jpg","articleSection":["Haberler"],"inLanguage":"en-US","potentialAction":[{"@type":"CommentAction","name":"Comment","target":["https:\/\/akunq.net\/tr\/?p=61034#respond"]}]},{"@type":"WebPage","@id":"https:\/\/akunq.net\/tr\/?p=61034","url":"https:\/\/akunq.net\/tr\/?p=61034","name":"Gazeteciler Hrant Dink davas\u0131n\u0131 anlat\u0131yor: Cinayete ortak olan devleti izliyoruz - Bati Ermenistan Ve Bati Ermenileri Sorunlari Ara\u015ftirmalar Merkezi","isPartOf":{"@id":"https:\/\/akunq.net\/tr\/#website"},"primaryImageOfPage":{"@id":"https:\/\/akunq.net\/tr\/?p=61034#primaryimage"},"image":{"@id":"https:\/\/akunq.net\/tr\/?p=61034#primaryimage"},"thumbnailUrl":"https:\/\/akunq.net\/tr\/wp-content\/uploads\/sites\/6\/2021\/01\/Hrant-Dink-5.jpg","datePublished":"2021-01-19T08:43:20+00:00","author":{"@id":"https:\/\/akunq.net\/tr\/#\/schema\/person\/096f1d38a12cce57fb855b485ed24c9e"},"breadcrumb":{"@id":"https:\/\/akunq.net\/tr\/?p=61034#breadcrumb"},"inLanguage":"en-US","potentialAction":[{"@type":"ReadAction","target":["https:\/\/akunq.net\/tr\/?p=61034"]}]},{"@type":"ImageObject","inLanguage":"en-US","@id":"https:\/\/akunq.net\/tr\/?p=61034#primaryimage","url":"https:\/\/akunq.net\/tr\/wp-content\/uploads\/sites\/6\/2021\/01\/Hrant-Dink-5.jpg","contentUrl":"https:\/\/akunq.net\/tr\/wp-content\/uploads\/sites\/6\/2021\/01\/Hrant-Dink-5.jpg","width":800,"height":416},{"@type":"BreadcrumbList","@id":"https:\/\/akunq.net\/tr\/?p=61034#breadcrumb","itemListElement":[{"@type":"ListItem","position":1,"name":"Home","item":"https:\/\/akunq.net\/tr"},{"@type":"ListItem","position":2,"name":"Gazeteciler Hrant Dink davas\u0131n\u0131 anlat\u0131yor: Cinayete ortak olan devleti izliyoruz"}]},{"@type":"WebSite","@id":"https:\/\/akunq.net\/tr\/#website","url":"https:\/\/akunq.net\/tr\/","name":"Bati Ermenistan Ve Bati Ermenileri Sorunlari Ara\u015ftirmalar Merkezi","description":"","potentialAction":[{"@type":"SearchAction","target":{"@type":"EntryPoint","urlTemplate":"https:\/\/akunq.net\/tr\/?s={search_term_string}"},"query-input":{"@type":"PropertyValueSpecification","valueRequired":true,"valueName":"search_term_string"}}],"inLanguage":"en-US"},{"@type":"Person","@id":"https:\/\/akunq.net\/tr\/#\/schema\/person\/096f1d38a12cce57fb855b485ed24c9e","name":"admin","url":"https:\/\/akunq.net\/tr\/?author=7"}]}},"_links":{"self":[{"href":"https:\/\/akunq.net\/tr\/index.php?rest_route=\/wp\/v2\/posts\/61034","targetHints":{"allow":["GET"]}}],"collection":[{"href":"https:\/\/akunq.net\/tr\/index.php?rest_route=\/wp\/v2\/posts"}],"about":[{"href":"https:\/\/akunq.net\/tr\/index.php?rest_route=\/wp\/v2\/types\/post"}],"author":[{"embeddable":true,"href":"https:\/\/akunq.net\/tr\/index.php?rest_route=\/wp\/v2\/users\/7"}],"replies":[{"embeddable":true,"href":"https:\/\/akunq.net\/tr\/index.php?rest_route=%2Fwp%2Fv2%2Fcomments&post=61034"}],"version-history":[{"count":1,"href":"https:\/\/akunq.net\/tr\/index.php?rest_route=\/wp\/v2\/posts\/61034\/revisions"}],"predecessor-version":[{"id":61036,"href":"https:\/\/akunq.net\/tr\/index.php?rest_route=\/wp\/v2\/posts\/61034\/revisions\/61036"}],"wp:featuredmedia":[{"embeddable":true,"href":"https:\/\/akunq.net\/tr\/index.php?rest_route=\/wp\/v2\/media\/61035"}],"wp:attachment":[{"href":"https:\/\/akunq.net\/tr\/index.php?rest_route=%2Fwp%2Fv2%2Fmedia&parent=61034"}],"wp:term":[{"taxonomy":"category","embeddable":true,"href":"https:\/\/akunq.net\/tr\/index.php?rest_route=%2Fwp%2Fv2%2Fcategories&post=61034"},{"taxonomy":"post_tag","embeddable":true,"href":"https:\/\/akunq.net\/tr\/index.php?rest_route=%2Fwp%2Fv2%2Ftags&post=61034"}],"curies":[{"name":"wp","href":"https:\/\/api.w.org\/{rel}","templated":true}]}}