{"id":61031,"date":"2021-01-19T03:18:13","date_gmt":"2021-01-19T08:18:13","guid":{"rendered":"https:\/\/akunq.net\/tr\/?p=61031"},"modified":"2021-01-19T03:18:13","modified_gmt":"2021-01-19T08:18:13","slug":"tgc-hrant-dinki-sevgi-ve-ozlemle-aniyoruz","status":"publish","type":"post","link":"https:\/\/akunq.net\/tr\/?p=61031","title":{"rendered":"TGC: Hrant Dink\u2019i sevgi ve \u00f6zlemle an\u0131yoruz"},"content":{"rendered":"<p><img loading=\"lazy\" decoding=\"async\" class=\"aligncenter size-medium wp-image-61032\" src=\"https:\/\/akunq.net\/tr\/wp-content\/uploads\/2021\/01\/Dink-4-360x200.jpg\" alt=\"\" width=\"360\" height=\"200\" srcset=\"https:\/\/akunq.net\/tr\/wp-content\/uploads\/sites\/6\/2021\/01\/Dink-4-360x200.jpg 360w, https:\/\/akunq.net\/tr\/wp-content\/uploads\/sites\/6\/2021\/01\/Dink-4-560x311.jpg 560w, https:\/\/akunq.net\/tr\/wp-content\/uploads\/sites\/6\/2021\/01\/Dink-4-260x144.jpg 260w, https:\/\/akunq.net\/tr\/wp-content\/uploads\/sites\/6\/2021\/01\/Dink-4-160x89.jpg 160w, https:\/\/akunq.net\/tr\/wp-content\/uploads\/sites\/6\/2021\/01\/Dink-4.jpg 720w\" sizes=\"auto, (max-width: 360px) 100vw, 360px\" \/><\/p>\n<p><em><strong>T\u00fcrkiye Gazeteciler Cemiyeti, Hrant Dink\u2019in \u00f6ld\u00fcr\u00fcl\u00fc\u015f\u00fcn\u00fcn 14. y\u0131l\u0131 dolay\u0131s\u0131yla yay\u0131mlad\u0131\u011f\u0131 mesajda, \u201cDavalar\u0131n sonu\u00e7land\u0131r\u0131lmas\u0131 ve adaletin tecelli etmesi en b\u00fcy\u00fck dile\u011fimizdir\u201d ifadelerini kulland\u0131.<\/strong><\/em><\/p>\n<p>T\u00fcrkiye Gazeteciler Cemiyeti Y\u00f6netim Kurulu, Agos gazetesi Genel Yay\u0131n Y\u00f6netmeni ve gazetemiz BirG\u00fcn\u2019\u00fcn yazar\u0131 Hrant Dink\u2019in \u00f6ld\u00fcr\u00fcl\u00fc\u015f\u00fcn\u00fcn 14. y\u0131l\u0131 dolay\u0131s\u0131yla mesaj yay\u0131mlad\u0131.<\/p>\n<p>\u201cHrant Dink cinayetinin ayd\u0131nlat\u0131lmas\u0131 T\u00fcrk adaletinin \u00f6ncelikli g\u00f6revi olmal\u0131d\u0131r\u201d denilen a\u00e7\u0131klamada, \u201c19 Ocak 2007\u2019de Agos Gazetesi \u00f6n\u00fcnde silahl\u0131 bir sald\u0131r\u0131 sonucu hayat\u0131n\u0131 kaybeden Hrant Dink\u2019i \u00f6l\u00fcm\u00fcn\u00fcn 14. y\u0131l\u0131nda \u00f6zlemle, sevgiyle an\u0131yoruz. \u00dclkemizde T\u00fcrk ve Ermeni halklar\u0131n\u0131n birlikteli\u011finin, dostlu\u011funun geli\u015fmesini sa\u011flamak i\u00e7in uzun bir s\u00fcre \u00e7aba harcayan Hrant Dink demokrasiye ve insan haklar\u0131na olan inanc\u0131 ve sevgisini her zaman ortaya koyan bir de\u011ferdi\u201d denildi.<\/p>\n<p>A\u00e7\u0131klamada, \u201c14 y\u0131ld\u0131r Hrant Dink\u2019in \u00f6l\u00fcm\u00fcnden sorumlu olanlar i\u00e7in a\u00e7\u0131lan davalar g\u00fcn\u00fcm\u00fczde de s\u00fcrmektedir. Bu davalar\u0131n sonu\u00e7land\u0131r\u0131lmas\u0131 ve adaletin tecelli etmesi en b\u00fcy\u00fck dile\u011fimizdir. Bar\u0131\u015f\u0131 savunan, insan odakl\u0131 gazetecilik yapan meslekta\u015flar\u0131m\u0131z\u0131n bundan sonra b\u00f6yle hain sald\u0131r\u0131lara u\u011framamas\u0131n\u0131 umut ediyoruz\u201d ifadeleri kullan\u0131ld\u0131.<\/p>\n<p><strong>HRANT D\u0130NK K\u0130MD\u0130R?<\/strong><\/p>\n<p>1954 y\u0131l\u0131nda Malatya\u2019da do\u011fdu. \u0130\u00dc. Fen Fak\u00fcltesi\u2019nde zooloji, ard\u0131ndan da felsefe e\u011fitimi ald\u0131. Mesle\u011fe 1990\u2019l\u0131 y\u0131llarda Ermenice yay\u0131nlanan g\u00fcnl\u00fck Marmara Gazetesi\u2019nde \u201c\u00c7utak\u201d rumuzuyla, kitaplara y\u00f6nelik ele\u015ftiri yaz\u0131lar\u0131 yazarak ba\u015flad\u0131.<\/p>\n<p>Haftal\u0131k T\u00fcrk\u00e7e ve Ermenice yay\u0131n yapan Agos Gazetesi\u2019ni kurdu ve Genel Yay\u0131n Y\u00f6netmeni olarak g\u00f6rev yapt\u0131. Yeni Y\u00fczy\u0131l ve BirG\u00fcn gazetelerinde yazd\u0131.<\/p>\n<p>Almanya, Hollanda ve Norve\u00e7\u2019te d\u00fc\u015f\u00fcnce \u00f6zg\u00fcrl\u00fc\u011f\u00fc alan\u0131nda \u00f6nemli \u00fc\u00e7 \u00f6d\u00fcl\u00fcn sahibi oldu. Yaz\u0131lar\u0131 nedeniyle \u00e7ok s\u0131k g\u00f6zalt\u0131na al\u0131nd\u0131. Hakk\u0131nda birbiri pe\u015fi s\u0131ra \u00e7ok say\u0131da dava a\u00e7\u0131ld\u0131.<\/p>\n<p>Kurucusu oldu\u011fu Agos gazetesi \u00f6n\u00fcnde, 2007\u2019de u\u011frad\u0131\u011f\u0131 silahl\u0131 sald\u0131r\u0131 sonucu \u00f6ld\u00fcr\u00fcld\u00fc.<\/p>\n<p><em><strong>https:\/\/www.birgun.net\/haber\/tgc-hrant-dink-i-sevgi-ve-ozlemle-aniyoruz-330874\u00a0<\/strong><\/em><\/p>\n","protected":false},"excerpt":{"rendered":"<p>T\u00fcrkiye Gazeteciler Cemiyeti, Hrant Dink\u2019in \u00f6ld\u00fcr\u00fcl\u00fc\u015f\u00fcn\u00fcn 14. y\u0131l\u0131 dolay\u0131s\u0131yla yay\u0131mlad\u0131\u011f\u0131 mesajda, \u201cDavalar\u0131n sonu\u00e7land\u0131r\u0131lmas\u0131 ve adaletin tecelli etmesi en b\u00fcy\u00fck dile\u011fimizdir\u201d ifadelerini kulland\u0131. T\u00fcrkiye Gazeteciler Cemiyeti Y\u00f6netim Kurulu, Agos gazetesi Genel Yay\u0131n Y\u00f6netmeni ve gazetemiz BirG\u00fcn\u2019\u00fcn yazar\u0131 Hrant Dink\u2019in \u00f6ld\u00fcr\u00fcl\u00fc\u015f\u00fcn\u00fcn 14. y\u0131l\u0131 dolay\u0131s\u0131yla mesaj yay\u0131mlad\u0131. \u201cHrant Dink cinayetinin ayd\u0131nlat\u0131lmas\u0131 T\u00fcrk adaletinin \u00f6ncelikli g\u00f6revi olmal\u0131d\u0131r\u201d denilen a\u00e7\u0131klamada, [&hellip;]<\/p>\n","protected":false},"author":7,"featured_media":61032,"comment_status":"open","ping_status":"open","sticky":false,"template":"","format":"standard","meta":{"footnotes":""},"categories":[1],"tags":[],"class_list":["post-61031","post","type-post","status-publish","format-standard","has-post-thumbnail","hentry","category-haberler"],"yoast_head":"<!-- This site is optimized with the Yoast SEO plugin v27.4 - https:\/\/yoast.com\/product\/yoast-seo-wordpress\/ -->\n<title>TGC: Hrant Dink\u2019i sevgi ve \u00f6zlemle an\u0131yoruz - Bati Ermenistan Ve Bati Ermenileri Sorunlari Ara\u015ftirmalar Merkezi<\/title>\n<meta name=\"robots\" content=\"index, follow, max-snippet:-1, max-image-preview:large, max-video-preview:-1\" \/>\n<link rel=\"canonical\" href=\"https:\/\/akunq.net\/tr\/?p=61031\" \/>\n<meta property=\"og:locale\" content=\"en_US\" \/>\n<meta property=\"og:type\" content=\"article\" \/>\n<meta property=\"og:title\" content=\"TGC: Hrant Dink\u2019i sevgi ve \u00f6zlemle an\u0131yoruz - Bati Ermenistan Ve Bati Ermenileri Sorunlari Ara\u015ftirmalar Merkezi\" \/>\n<meta property=\"og:description\" content=\"T\u00fcrkiye Gazeteciler Cemiyeti, Hrant Dink\u2019in \u00f6ld\u00fcr\u00fcl\u00fc\u015f\u00fcn\u00fcn 14. y\u0131l\u0131 dolay\u0131s\u0131yla yay\u0131mlad\u0131\u011f\u0131 mesajda, \u201cDavalar\u0131n sonu\u00e7land\u0131r\u0131lmas\u0131 ve adaletin tecelli etmesi en b\u00fcy\u00fck dile\u011fimizdir\u201d ifadelerini kulland\u0131. T\u00fcrkiye Gazeteciler Cemiyeti Y\u00f6netim Kurulu, Agos gazetesi Genel Yay\u0131n Y\u00f6netmeni ve gazetemiz BirG\u00fcn\u2019\u00fcn yazar\u0131 Hrant Dink\u2019in \u00f6ld\u00fcr\u00fcl\u00fc\u015f\u00fcn\u00fcn 14. y\u0131l\u0131 dolay\u0131s\u0131yla mesaj yay\u0131mlad\u0131. \u201cHrant Dink cinayetinin ayd\u0131nlat\u0131lmas\u0131 T\u00fcrk adaletinin \u00f6ncelikli g\u00f6revi olmal\u0131d\u0131r\u201d denilen a\u00e7\u0131klamada, [&hellip;]\" \/>\n<meta property=\"og:url\" content=\"https:\/\/akunq.net\/tr\/?p=61031\" \/>\n<meta property=\"og:site_name\" content=\"Bati Ermenistan Ve Bati Ermenileri Sorunlari Ara\u015ftirmalar Merkezi\" \/>\n<meta property=\"article:published_time\" content=\"2021-01-19T08:18:13+00:00\" \/>\n<meta property=\"og:image\" content=\"https:\/\/akunq.net\/tr\/wp-content\/uploads\/sites\/6\/2021\/01\/Dink-4.jpg\" \/>\n\t<meta property=\"og:image:width\" content=\"720\" \/>\n\t<meta property=\"og:image:height\" content=\"400\" \/>\n\t<meta property=\"og:image:type\" content=\"image\/jpeg\" \/>\n<meta name=\"author\" content=\"admin\" \/>\n<meta name=\"twitter:card\" content=\"summary_large_image\" \/>\n<meta name=\"twitter:label1\" content=\"Written by\" \/>\n\t<meta name=\"twitter:data1\" content=\"admin\" \/>\n\t<meta name=\"twitter:label2\" content=\"Est. reading time\" \/>\n\t<meta name=\"twitter:data2\" content=\"2 minutes\" \/>\n<script type=\"application\/ld+json\" class=\"yoast-schema-graph\">{\"@context\":\"https:\\\/\\\/schema.org\",\"@graph\":[{\"@type\":\"Article\",\"@id\":\"https:\\\/\\\/akunq.net\\\/tr\\\/?p=61031#article\",\"isPartOf\":{\"@id\":\"https:\\\/\\\/akunq.net\\\/tr\\\/?p=61031\"},\"author\":{\"name\":\"admin\",\"@id\":\"https:\\\/\\\/akunq.net\\\/tr\\\/#\\\/schema\\\/person\\\/096f1d38a12cce57fb855b485ed24c9e\"},\"headline\":\"TGC: Hrant Dink\u2019i sevgi ve \u00f6zlemle an\u0131yoruz\",\"datePublished\":\"2021-01-19T08:18:13+00:00\",\"mainEntityOfPage\":{\"@id\":\"https:\\\/\\\/akunq.net\\\/tr\\\/?p=61031\"},\"wordCount\":389,\"commentCount\":0,\"image\":{\"@id\":\"https:\\\/\\\/akunq.net\\\/tr\\\/?p=61031#primaryimage\"},\"thumbnailUrl\":\"https:\\\/\\\/akunq.net\\\/tr\\\/wp-content\\\/uploads\\\/sites\\\/6\\\/2021\\\/01\\\/Dink-4.jpg\",\"articleSection\":[\"Haberler\"],\"inLanguage\":\"en-US\",\"potentialAction\":[{\"@type\":\"CommentAction\",\"name\":\"Comment\",\"target\":[\"https:\\\/\\\/akunq.net\\\/tr\\\/?p=61031#respond\"]}]},{\"@type\":\"WebPage\",\"@id\":\"https:\\\/\\\/akunq.net\\\/tr\\\/?p=61031\",\"url\":\"https:\\\/\\\/akunq.net\\\/tr\\\/?p=61031\",\"name\":\"TGC: Hrant Dink\u2019i sevgi ve \u00f6zlemle an\u0131yoruz - Bati Ermenistan Ve Bati Ermenileri Sorunlari Ara\u015ftirmalar Merkezi\",\"isPartOf\":{\"@id\":\"https:\\\/\\\/akunq.net\\\/tr\\\/#website\"},\"primaryImageOfPage\":{\"@id\":\"https:\\\/\\\/akunq.net\\\/tr\\\/?p=61031#primaryimage\"},\"image\":{\"@id\":\"https:\\\/\\\/akunq.net\\\/tr\\\/?p=61031#primaryimage\"},\"thumbnailUrl\":\"https:\\\/\\\/akunq.net\\\/tr\\\/wp-content\\\/uploads\\\/sites\\\/6\\\/2021\\\/01\\\/Dink-4.jpg\",\"datePublished\":\"2021-01-19T08:18:13+00:00\",\"author\":{\"@id\":\"https:\\\/\\\/akunq.net\\\/tr\\\/#\\\/schema\\\/person\\\/096f1d38a12cce57fb855b485ed24c9e\"},\"breadcrumb\":{\"@id\":\"https:\\\/\\\/akunq.net\\\/tr\\\/?p=61031#breadcrumb\"},\"inLanguage\":\"en-US\",\"potentialAction\":[{\"@type\":\"ReadAction\",\"target\":[\"https:\\\/\\\/akunq.net\\\/tr\\\/?p=61031\"]}]},{\"@type\":\"ImageObject\",\"inLanguage\":\"en-US\",\"@id\":\"https:\\\/\\\/akunq.net\\\/tr\\\/?p=61031#primaryimage\",\"url\":\"https:\\\/\\\/akunq.net\\\/tr\\\/wp-content\\\/uploads\\\/sites\\\/6\\\/2021\\\/01\\\/Dink-4.jpg\",\"contentUrl\":\"https:\\\/\\\/akunq.net\\\/tr\\\/wp-content\\\/uploads\\\/sites\\\/6\\\/2021\\\/01\\\/Dink-4.jpg\",\"width\":720,\"height\":400},{\"@type\":\"BreadcrumbList\",\"@id\":\"https:\\\/\\\/akunq.net\\\/tr\\\/?p=61031#breadcrumb\",\"itemListElement\":[{\"@type\":\"ListItem\",\"position\":1,\"name\":\"Home\",\"item\":\"https:\\\/\\\/akunq.net\\\/tr\"},{\"@type\":\"ListItem\",\"position\":2,\"name\":\"TGC: Hrant Dink\u2019i sevgi ve \u00f6zlemle an\u0131yoruz\"}]},{\"@type\":\"WebSite\",\"@id\":\"https:\\\/\\\/akunq.net\\\/tr\\\/#website\",\"url\":\"https:\\\/\\\/akunq.net\\\/tr\\\/\",\"name\":\"Bati Ermenistan Ve Bati Ermenileri Sorunlari Ara\u015ftirmalar Merkezi\",\"description\":\"\",\"potentialAction\":[{\"@type\":\"SearchAction\",\"target\":{\"@type\":\"EntryPoint\",\"urlTemplate\":\"https:\\\/\\\/akunq.net\\\/tr\\\/?s={search_term_string}\"},\"query-input\":{\"@type\":\"PropertyValueSpecification\",\"valueRequired\":true,\"valueName\":\"search_term_string\"}}],\"inLanguage\":\"en-US\"},{\"@type\":\"Person\",\"@id\":\"https:\\\/\\\/akunq.net\\\/tr\\\/#\\\/schema\\\/person\\\/096f1d38a12cce57fb855b485ed24c9e\",\"name\":\"admin\",\"url\":\"https:\\\/\\\/akunq.net\\\/tr\\\/?author=7\"}]}<\/script>\n<!-- \/ Yoast SEO plugin. -->","yoast_head_json":{"title":"TGC: Hrant Dink\u2019i sevgi ve \u00f6zlemle an\u0131yoruz - Bati Ermenistan Ve Bati Ermenileri Sorunlari Ara\u015ftirmalar Merkezi","robots":{"index":"index","follow":"follow","max-snippet":"max-snippet:-1","max-image-preview":"max-image-preview:large","max-video-preview":"max-video-preview:-1"},"canonical":"https:\/\/akunq.net\/tr\/?p=61031","og_locale":"en_US","og_type":"article","og_title":"TGC: Hrant Dink\u2019i sevgi ve \u00f6zlemle an\u0131yoruz - Bati Ermenistan Ve Bati Ermenileri Sorunlari Ara\u015ftirmalar Merkezi","og_description":"T\u00fcrkiye Gazeteciler Cemiyeti, Hrant Dink\u2019in \u00f6ld\u00fcr\u00fcl\u00fc\u015f\u00fcn\u00fcn 14. y\u0131l\u0131 dolay\u0131s\u0131yla yay\u0131mlad\u0131\u011f\u0131 mesajda, \u201cDavalar\u0131n sonu\u00e7land\u0131r\u0131lmas\u0131 ve adaletin tecelli etmesi en b\u00fcy\u00fck dile\u011fimizdir\u201d ifadelerini kulland\u0131. T\u00fcrkiye Gazeteciler Cemiyeti Y\u00f6netim Kurulu, Agos gazetesi Genel Yay\u0131n Y\u00f6netmeni ve gazetemiz BirG\u00fcn\u2019\u00fcn yazar\u0131 Hrant Dink\u2019in \u00f6ld\u00fcr\u00fcl\u00fc\u015f\u00fcn\u00fcn 14. y\u0131l\u0131 dolay\u0131s\u0131yla mesaj yay\u0131mlad\u0131. \u201cHrant Dink cinayetinin ayd\u0131nlat\u0131lmas\u0131 T\u00fcrk adaletinin \u00f6ncelikli g\u00f6revi olmal\u0131d\u0131r\u201d denilen a\u00e7\u0131klamada, [&hellip;]","og_url":"https:\/\/akunq.net\/tr\/?p=61031","og_site_name":"Bati Ermenistan Ve Bati Ermenileri Sorunlari Ara\u015ftirmalar Merkezi","article_published_time":"2021-01-19T08:18:13+00:00","og_image":[{"width":720,"height":400,"url":"https:\/\/akunq.net\/tr\/wp-content\/uploads\/sites\/6\/2021\/01\/Dink-4.jpg","type":"image\/jpeg"}],"author":"admin","twitter_card":"summary_large_image","twitter_misc":{"Written by":"admin","Est. reading time":"2 minutes"},"schema":{"@context":"https:\/\/schema.org","@graph":[{"@type":"Article","@id":"https:\/\/akunq.net\/tr\/?p=61031#article","isPartOf":{"@id":"https:\/\/akunq.net\/tr\/?p=61031"},"author":{"name":"admin","@id":"https:\/\/akunq.net\/tr\/#\/schema\/person\/096f1d38a12cce57fb855b485ed24c9e"},"headline":"TGC: Hrant Dink\u2019i sevgi ve \u00f6zlemle an\u0131yoruz","datePublished":"2021-01-19T08:18:13+00:00","mainEntityOfPage":{"@id":"https:\/\/akunq.net\/tr\/?p=61031"},"wordCount":389,"commentCount":0,"image":{"@id":"https:\/\/akunq.net\/tr\/?p=61031#primaryimage"},"thumbnailUrl":"https:\/\/akunq.net\/tr\/wp-content\/uploads\/sites\/6\/2021\/01\/Dink-4.jpg","articleSection":["Haberler"],"inLanguage":"en-US","potentialAction":[{"@type":"CommentAction","name":"Comment","target":["https:\/\/akunq.net\/tr\/?p=61031#respond"]}]},{"@type":"WebPage","@id":"https:\/\/akunq.net\/tr\/?p=61031","url":"https:\/\/akunq.net\/tr\/?p=61031","name":"TGC: Hrant Dink\u2019i sevgi ve \u00f6zlemle an\u0131yoruz - Bati Ermenistan Ve Bati Ermenileri Sorunlari Ara\u015ftirmalar Merkezi","isPartOf":{"@id":"https:\/\/akunq.net\/tr\/#website"},"primaryImageOfPage":{"@id":"https:\/\/akunq.net\/tr\/?p=61031#primaryimage"},"image":{"@id":"https:\/\/akunq.net\/tr\/?p=61031#primaryimage"},"thumbnailUrl":"https:\/\/akunq.net\/tr\/wp-content\/uploads\/sites\/6\/2021\/01\/Dink-4.jpg","datePublished":"2021-01-19T08:18:13+00:00","author":{"@id":"https:\/\/akunq.net\/tr\/#\/schema\/person\/096f1d38a12cce57fb855b485ed24c9e"},"breadcrumb":{"@id":"https:\/\/akunq.net\/tr\/?p=61031#breadcrumb"},"inLanguage":"en-US","potentialAction":[{"@type":"ReadAction","target":["https:\/\/akunq.net\/tr\/?p=61031"]}]},{"@type":"ImageObject","inLanguage":"en-US","@id":"https:\/\/akunq.net\/tr\/?p=61031#primaryimage","url":"https:\/\/akunq.net\/tr\/wp-content\/uploads\/sites\/6\/2021\/01\/Dink-4.jpg","contentUrl":"https:\/\/akunq.net\/tr\/wp-content\/uploads\/sites\/6\/2021\/01\/Dink-4.jpg","width":720,"height":400},{"@type":"BreadcrumbList","@id":"https:\/\/akunq.net\/tr\/?p=61031#breadcrumb","itemListElement":[{"@type":"ListItem","position":1,"name":"Home","item":"https:\/\/akunq.net\/tr"},{"@type":"ListItem","position":2,"name":"TGC: Hrant Dink\u2019i sevgi ve \u00f6zlemle an\u0131yoruz"}]},{"@type":"WebSite","@id":"https:\/\/akunq.net\/tr\/#website","url":"https:\/\/akunq.net\/tr\/","name":"Bati Ermenistan Ve Bati Ermenileri Sorunlari Ara\u015ftirmalar Merkezi","description":"","potentialAction":[{"@type":"SearchAction","target":{"@type":"EntryPoint","urlTemplate":"https:\/\/akunq.net\/tr\/?s={search_term_string}"},"query-input":{"@type":"PropertyValueSpecification","valueRequired":true,"valueName":"search_term_string"}}],"inLanguage":"en-US"},{"@type":"Person","@id":"https:\/\/akunq.net\/tr\/#\/schema\/person\/096f1d38a12cce57fb855b485ed24c9e","name":"admin","url":"https:\/\/akunq.net\/tr\/?author=7"}]}},"_links":{"self":[{"href":"https:\/\/akunq.net\/tr\/index.php?rest_route=\/wp\/v2\/posts\/61031","targetHints":{"allow":["GET"]}}],"collection":[{"href":"https:\/\/akunq.net\/tr\/index.php?rest_route=\/wp\/v2\/posts"}],"about":[{"href":"https:\/\/akunq.net\/tr\/index.php?rest_route=\/wp\/v2\/types\/post"}],"author":[{"embeddable":true,"href":"https:\/\/akunq.net\/tr\/index.php?rest_route=\/wp\/v2\/users\/7"}],"replies":[{"embeddable":true,"href":"https:\/\/akunq.net\/tr\/index.php?rest_route=%2Fwp%2Fv2%2Fcomments&post=61031"}],"version-history":[{"count":1,"href":"https:\/\/akunq.net\/tr\/index.php?rest_route=\/wp\/v2\/posts\/61031\/revisions"}],"predecessor-version":[{"id":61033,"href":"https:\/\/akunq.net\/tr\/index.php?rest_route=\/wp\/v2\/posts\/61031\/revisions\/61033"}],"wp:featuredmedia":[{"embeddable":true,"href":"https:\/\/akunq.net\/tr\/index.php?rest_route=\/wp\/v2\/media\/61032"}],"wp:attachment":[{"href":"https:\/\/akunq.net\/tr\/index.php?rest_route=%2Fwp%2Fv2%2Fmedia&parent=61031"}],"wp:term":[{"taxonomy":"category","embeddable":true,"href":"https:\/\/akunq.net\/tr\/index.php?rest_route=%2Fwp%2Fv2%2Fcategories&post=61031"},{"taxonomy":"post_tag","embeddable":true,"href":"https:\/\/akunq.net\/tr\/index.php?rest_route=%2Fwp%2Fv2%2Ftags&post=61031"}],"curies":[{"name":"wp","href":"https:\/\/api.w.org\/{rel}","templated":true}]}}