{"id":61028,"date":"2021-01-19T03:09:53","date_gmt":"2021-01-19T08:09:53","guid":{"rendered":"https:\/\/akunq.net\/tr\/?p=61028"},"modified":"2021-01-19T03:09:53","modified_gmt":"2021-01-19T08:09:53","slug":"hrant-dink-performanslarla-aniliyor","status":"publish","type":"post","link":"https:\/\/akunq.net\/tr\/?p=61028","title":{"rendered":"Hrant Dink performanslarla an\u0131l\u0131yor"},"content":{"rendered":"<h4><strong><em> <img loading=\"lazy\" decoding=\"async\" class=\"aligncenter size-medium wp-image-61029\" src=\"https:\/\/akunq.net\/tr\/wp-content\/uploads\/2021\/01\/Dink-3-360x202.jpg\" alt=\"\" width=\"360\" height=\"202\" srcset=\"https:\/\/akunq.net\/tr\/wp-content\/uploads\/sites\/6\/2021\/01\/Dink-3-360x202.jpg 360w, https:\/\/akunq.net\/tr\/wp-content\/uploads\/sites\/6\/2021\/01\/Dink-3-560x314.jpg 560w, https:\/\/akunq.net\/tr\/wp-content\/uploads\/sites\/6\/2021\/01\/Dink-3-260x146.jpg 260w, https:\/\/akunq.net\/tr\/wp-content\/uploads\/sites\/6\/2021\/01\/Dink-3-160x90.jpg 160w, https:\/\/akunq.net\/tr\/wp-content\/uploads\/sites\/6\/2021\/01\/Dink-3.jpg 731w\" sizes=\"auto, (max-width: 360px) 100vw, 360px\" \/><\/em><\/strong><\/h4>\n<h4><strong><em>Hrant Dink \u00f6ld\u00fcr\u00fclmesinin14. y\u0131ld\u00f6n\u00fcm\u00fcnde \u00e7e\u015fitli sanat performanslar\u0131 ile an\u0131l\u0131yor.<\/em><\/strong><\/h4>\n<p>PROCNE Kad\u0131n Korosu, Hrant Dink&#8217;in \u00f6ld\u00fcr\u00fcl\u00fc\u015f\u00fcn\u00fcn y\u0131ld\u00f6n\u00fcm\u00fcnde, koro \u015fefleri besteci Turgut Onur Avdan\u2019\u0131n piyano ile yorumlad\u0131\u011f\u0131 ve koro \u00fcyelerinden Teni Lorin Ye\u015filtepe&#8217;nin anadilinde seslendirdi\u011fi &#8220;Dle Yaman&#8221; adl\u0131 ezgi ile Hrant&#8217; Dink&#8217;i anarak bar\u0131\u015f \u00e7a\u011fr\u0131s\u0131nda bulunuyor. Performan 18 Ocak ak\u015fam\u0131 grubun sosyal medya hesaplar\u0131ndan yay\u0131nlanacak. (\u00a0https:\/\/www.facebook.com\/procnechoir )<\/p>\n<p>\u00c7e\u015fitli meslek ve ya\u015f gruplar\u0131ndan koristlerin olu\u015fturdu\u011fu ve Cep Sahne \u00e7at\u0131s\u0131 alt\u0131nda \u00e7al\u0131\u015fmalar\u0131n\u0131 s\u00fcrd\u00fcren PROCNE Kad\u0131n Korosu, ad\u0131n\u0131 kad\u0131n dayan\u0131\u015fmas\u0131n\u0131n bir \u00f6rne\u011fi olan mitolojik bir hikayeden al\u0131yor. \u015eiddet kar\u015f\u0131s\u0131nda birbirlerine destek olup b\u00fclb\u00fcl ile k\u0131rlang\u0131ca (Procne\u2019ye) d\u00f6n\u00fc\u015fen iki k\u0131z karde\u015ften ilham alan koro \u00fcyeleri, \u00e7e\u015fitli tarzlardaki yerli ve yabanc\u0131 eserler ile halk \u015fark\u0131lar\u0131n\u0131 \u00e7ok sesli d\u00fczenlemelerle seslendiriyor.<\/p>\n<p>AN Vokal toplulu\u011fu da ger\u00e7ekle\u015ftirdi\u011fi bir \u00e7al\u0131\u015fma ile Hrant Dink&#8217;i an\u0131yor. Ekim ay\u0131ndan beri her ay bir \u2018single\u2019 yay\u0131nlayan topluluk son olarak \u2018Sareri Hovin Mernem\u2019 adl\u0131 Ermenice halk \u015fark\u0131s\u0131n\u0131 seslendirdi. \u2018Bar\u0131\u015f ve adalet gelene kadar \u015fark\u0131lar\u0131m\u0131z\u0131 s\u00f6ylemeyi s\u00fcrd\u00fcrece\u011fiz\u2019 diyen grubun performans\u0131n kayd\u0131na \u015fu\u00a0<a href=\"https:\/\/www.youtube.com\/watch?v=HOpjJgBtSrA&amp;feature=youtu.be\">adresten<\/a>\u00a0ula\u015f\u0131labilir. Haluk Polat\u00a0 taraf\u0131ndan 2019 y\u0131l\u0131nda kurulan ve Balkanlar&#8217;dan Ortado\u011fu&#8217;ya uzanan bir co\u011frafyan\u0131n \u015fark\u0131lar\u0131n\u0131n \u00e7ok sesli olarak yorumlayan AN Vokal, &#8220;Ya\u015fad\u0131\u011f\u0131m\u0131z topraklar binlerce y\u0131ld\u0131r \u00e7ok \u00e7e\u015fitli k\u00fclt\u00fcrlere dinlere, dillere, ev sahipli\u011fi yapm\u0131\u015f. Bu \u00e7e\u015fitlili\u011fi m\u00fczi\u011fimizde gururla yans\u0131t\u0131yoruz&#8221; diyor.\u00a0 Topluluktan Gonca Karaku\u015f, &#8216;Sareri Hovin Mernem&#8217; \u00e7al\u0131\u015fmas\u0131\u00a0 i\u00e7in &#8220;Dink&#8217;i anma t\u00f6renlerinde bu \u015fark\u0131y\u0131 Lena Chamamian&#8217;\u0131n sesinden dinliyorduk. Biz de kendi yorumumuz ve sesimizle Hrant Dink&#8217;e bir selam g\u00f6ndermek istedik&#8221; diyor.<\/p>\n<p>Dans ve performans sanat\u00e7\u0131s\u0131 Mihran Tovmasyan da ilk\u00a0 olarak 2010&#8217;da sahneledi\u011fi &#8220;Sen Bal\u0131k De\u011filsin Ki&#8221; ba\u015fl\u0131kl\u0131 performans\u0131n\u0131 19 Ocak Sal\u0131 ak\u015fam\u0131\u00a0 saat 21.00&#8217;den itibaren \u00e7evrimi\u00e7i olarak sahneleyecek. Etkinli\u011fi izlemek isteyenler \u015fu adresten\u00a0<a href=\"https:\/\/www.modasahnesi.com\/sen-balik-degilsin-ki-ciplak-ayaklar-kumpanyasi\">adresten<\/a>\u00a0 bilet temin edebilir. Tovmasyan &#8220;Benim i\u00e7in 10 sene sonra bir selam olacak \u00e7\u00fcnk\u00fc bu g\u00f6steriyi 10 y\u0131l \u00f6nce Hrant Dink&#8217;in \u00f6ld\u00fcr\u00fclmesinin bende yaratt\u0131\u011f\u0131 yaralarla \u00fcretmi\u015ftim. Tabii se\u00e7imleri ya da d\u00fc\u015f\u00fcnceleri y\u00fcz\u00fcnden \u00f6ld\u00fcr\u00fclen t\u00fcm insanlar benim &#8216;Sen Bal\u0131k De\u011filsin Ki&#8217;yi \u00fcretmemin ana temellerini olu\u015fturdu.&#8221; diyor.<\/p>\n<p><em><strong>http:\/\/www.agos.com.tr\/tr\/yazi\/25198\/hrant-dink-performanslarla-aniliyor\u00a0<\/strong><\/em><\/p>\n<div class=\"cf\"><\/div>\n<div class=\"tagcloud\">\n<h4><\/h4>\n<\/div>\n","protected":false},"excerpt":{"rendered":"<p>Hrant Dink \u00f6ld\u00fcr\u00fclmesinin14. y\u0131ld\u00f6n\u00fcm\u00fcnde \u00e7e\u015fitli sanat performanslar\u0131 ile an\u0131l\u0131yor. PROCNE Kad\u0131n Korosu, Hrant Dink&#8217;in \u00f6ld\u00fcr\u00fcl\u00fc\u015f\u00fcn\u00fcn y\u0131ld\u00f6n\u00fcm\u00fcnde, koro \u015fefleri besteci Turgut Onur Avdan\u2019\u0131n piyano ile yorumlad\u0131\u011f\u0131 ve koro \u00fcyelerinden Teni Lorin Ye\u015filtepe&#8217;nin anadilinde seslendirdi\u011fi &#8220;Dle Yaman&#8221; adl\u0131 ezgi ile Hrant&#8217; Dink&#8217;i anarak bar\u0131\u015f \u00e7a\u011fr\u0131s\u0131nda bulunuyor. Performan 18 Ocak ak\u015fam\u0131 grubun sosyal medya hesaplar\u0131ndan yay\u0131nlanacak. (\u00a0https:\/\/www.facebook.com\/procnechoir ) [&hellip;]<\/p>\n","protected":false},"author":7,"featured_media":61029,"comment_status":"open","ping_status":"open","sticky":false,"template":"","format":"standard","meta":{"footnotes":""},"categories":[1],"tags":[],"class_list":["post-61028","post","type-post","status-publish","format-standard","has-post-thumbnail","hentry","category-haberler"],"yoast_head":"<!-- This site is optimized with the Yoast SEO plugin v27.4 - https:\/\/yoast.com\/product\/yoast-seo-wordpress\/ -->\n<title>Hrant Dink performanslarla an\u0131l\u0131yor - Bati Ermenistan Ve Bati Ermenileri Sorunlari Ara\u015ftirmalar Merkezi<\/title>\n<meta name=\"robots\" content=\"index, follow, max-snippet:-1, max-image-preview:large, max-video-preview:-1\" \/>\n<link rel=\"canonical\" href=\"https:\/\/akunq.net\/tr\/?p=61028\" \/>\n<meta property=\"og:locale\" content=\"en_US\" \/>\n<meta property=\"og:type\" content=\"article\" \/>\n<meta property=\"og:title\" content=\"Hrant Dink performanslarla an\u0131l\u0131yor - Bati Ermenistan Ve Bati Ermenileri Sorunlari Ara\u015ftirmalar Merkezi\" \/>\n<meta property=\"og:description\" content=\"Hrant Dink \u00f6ld\u00fcr\u00fclmesinin14. y\u0131ld\u00f6n\u00fcm\u00fcnde \u00e7e\u015fitli sanat performanslar\u0131 ile an\u0131l\u0131yor. PROCNE Kad\u0131n Korosu, Hrant Dink&#8217;in \u00f6ld\u00fcr\u00fcl\u00fc\u015f\u00fcn\u00fcn y\u0131ld\u00f6n\u00fcm\u00fcnde, koro \u015fefleri besteci Turgut Onur Avdan\u2019\u0131n piyano ile yorumlad\u0131\u011f\u0131 ve koro \u00fcyelerinden Teni Lorin Ye\u015filtepe&#8217;nin anadilinde seslendirdi\u011fi &#8220;Dle Yaman&#8221; adl\u0131 ezgi ile Hrant&#8217; Dink&#8217;i anarak bar\u0131\u015f \u00e7a\u011fr\u0131s\u0131nda bulunuyor. Performan 18 Ocak ak\u015fam\u0131 grubun sosyal medya hesaplar\u0131ndan yay\u0131nlanacak. (\u00a0https:\/\/www.facebook.com\/procnechoir ) [&hellip;]\" \/>\n<meta property=\"og:url\" content=\"https:\/\/akunq.net\/tr\/?p=61028\" \/>\n<meta property=\"og:site_name\" content=\"Bati Ermenistan Ve Bati Ermenileri Sorunlari Ara\u015ftirmalar Merkezi\" \/>\n<meta property=\"article:published_time\" content=\"2021-01-19T08:09:53+00:00\" \/>\n<meta property=\"og:image\" content=\"https:\/\/akunq.net\/tr\/wp-content\/uploads\/sites\/6\/2021\/01\/Dink-3.jpg\" \/>\n\t<meta property=\"og:image:width\" content=\"731\" \/>\n\t<meta property=\"og:image:height\" content=\"410\" \/>\n\t<meta property=\"og:image:type\" content=\"image\/jpeg\" \/>\n<meta name=\"author\" content=\"admin\" \/>\n<meta name=\"twitter:card\" content=\"summary_large_image\" \/>\n<meta name=\"twitter:label1\" content=\"Written by\" \/>\n\t<meta name=\"twitter:data1\" content=\"admin\" \/>\n\t<meta name=\"twitter:label2\" content=\"Est. reading time\" \/>\n\t<meta name=\"twitter:data2\" content=\"2 minutes\" \/>\n<script type=\"application\/ld+json\" class=\"yoast-schema-graph\">{\"@context\":\"https:\\\/\\\/schema.org\",\"@graph\":[{\"@type\":\"Article\",\"@id\":\"https:\\\/\\\/akunq.net\\\/tr\\\/?p=61028#article\",\"isPartOf\":{\"@id\":\"https:\\\/\\\/akunq.net\\\/tr\\\/?p=61028\"},\"author\":{\"name\":\"admin\",\"@id\":\"https:\\\/\\\/akunq.net\\\/tr\\\/#\\\/schema\\\/person\\\/096f1d38a12cce57fb855b485ed24c9e\"},\"headline\":\"Hrant Dink performanslarla an\u0131l\u0131yor\",\"datePublished\":\"2021-01-19T08:09:53+00:00\",\"mainEntityOfPage\":{\"@id\":\"https:\\\/\\\/akunq.net\\\/tr\\\/?p=61028\"},\"wordCount\":449,\"commentCount\":0,\"image\":{\"@id\":\"https:\\\/\\\/akunq.net\\\/tr\\\/?p=61028#primaryimage\"},\"thumbnailUrl\":\"https:\\\/\\\/akunq.net\\\/tr\\\/wp-content\\\/uploads\\\/sites\\\/6\\\/2021\\\/01\\\/Dink-3.jpg\",\"articleSection\":[\"Haberler\"],\"inLanguage\":\"en-US\",\"potentialAction\":[{\"@type\":\"CommentAction\",\"name\":\"Comment\",\"target\":[\"https:\\\/\\\/akunq.net\\\/tr\\\/?p=61028#respond\"]}]},{\"@type\":\"WebPage\",\"@id\":\"https:\\\/\\\/akunq.net\\\/tr\\\/?p=61028\",\"url\":\"https:\\\/\\\/akunq.net\\\/tr\\\/?p=61028\",\"name\":\"Hrant Dink performanslarla an\u0131l\u0131yor - Bati Ermenistan Ve Bati Ermenileri Sorunlari Ara\u015ftirmalar Merkezi\",\"isPartOf\":{\"@id\":\"https:\\\/\\\/akunq.net\\\/tr\\\/#website\"},\"primaryImageOfPage\":{\"@id\":\"https:\\\/\\\/akunq.net\\\/tr\\\/?p=61028#primaryimage\"},\"image\":{\"@id\":\"https:\\\/\\\/akunq.net\\\/tr\\\/?p=61028#primaryimage\"},\"thumbnailUrl\":\"https:\\\/\\\/akunq.net\\\/tr\\\/wp-content\\\/uploads\\\/sites\\\/6\\\/2021\\\/01\\\/Dink-3.jpg\",\"datePublished\":\"2021-01-19T08:09:53+00:00\",\"author\":{\"@id\":\"https:\\\/\\\/akunq.net\\\/tr\\\/#\\\/schema\\\/person\\\/096f1d38a12cce57fb855b485ed24c9e\"},\"breadcrumb\":{\"@id\":\"https:\\\/\\\/akunq.net\\\/tr\\\/?p=61028#breadcrumb\"},\"inLanguage\":\"en-US\",\"potentialAction\":[{\"@type\":\"ReadAction\",\"target\":[\"https:\\\/\\\/akunq.net\\\/tr\\\/?p=61028\"]}]},{\"@type\":\"ImageObject\",\"inLanguage\":\"en-US\",\"@id\":\"https:\\\/\\\/akunq.net\\\/tr\\\/?p=61028#primaryimage\",\"url\":\"https:\\\/\\\/akunq.net\\\/tr\\\/wp-content\\\/uploads\\\/sites\\\/6\\\/2021\\\/01\\\/Dink-3.jpg\",\"contentUrl\":\"https:\\\/\\\/akunq.net\\\/tr\\\/wp-content\\\/uploads\\\/sites\\\/6\\\/2021\\\/01\\\/Dink-3.jpg\",\"width\":731,\"height\":410},{\"@type\":\"BreadcrumbList\",\"@id\":\"https:\\\/\\\/akunq.net\\\/tr\\\/?p=61028#breadcrumb\",\"itemListElement\":[{\"@type\":\"ListItem\",\"position\":1,\"name\":\"Home\",\"item\":\"https:\\\/\\\/akunq.net\\\/tr\"},{\"@type\":\"ListItem\",\"position\":2,\"name\":\"Hrant Dink performanslarla an\u0131l\u0131yor\"}]},{\"@type\":\"WebSite\",\"@id\":\"https:\\\/\\\/akunq.net\\\/tr\\\/#website\",\"url\":\"https:\\\/\\\/akunq.net\\\/tr\\\/\",\"name\":\"Bati Ermenistan Ve Bati Ermenileri Sorunlari Ara\u015ftirmalar Merkezi\",\"description\":\"\",\"potentialAction\":[{\"@type\":\"SearchAction\",\"target\":{\"@type\":\"EntryPoint\",\"urlTemplate\":\"https:\\\/\\\/akunq.net\\\/tr\\\/?s={search_term_string}\"},\"query-input\":{\"@type\":\"PropertyValueSpecification\",\"valueRequired\":true,\"valueName\":\"search_term_string\"}}],\"inLanguage\":\"en-US\"},{\"@type\":\"Person\",\"@id\":\"https:\\\/\\\/akunq.net\\\/tr\\\/#\\\/schema\\\/person\\\/096f1d38a12cce57fb855b485ed24c9e\",\"name\":\"admin\",\"url\":\"https:\\\/\\\/akunq.net\\\/tr\\\/?author=7\"}]}<\/script>\n<!-- \/ Yoast SEO plugin. -->","yoast_head_json":{"title":"Hrant Dink performanslarla an\u0131l\u0131yor - Bati Ermenistan Ve Bati Ermenileri Sorunlari Ara\u015ftirmalar Merkezi","robots":{"index":"index","follow":"follow","max-snippet":"max-snippet:-1","max-image-preview":"max-image-preview:large","max-video-preview":"max-video-preview:-1"},"canonical":"https:\/\/akunq.net\/tr\/?p=61028","og_locale":"en_US","og_type":"article","og_title":"Hrant Dink performanslarla an\u0131l\u0131yor - Bati Ermenistan Ve Bati Ermenileri Sorunlari Ara\u015ftirmalar Merkezi","og_description":"Hrant Dink \u00f6ld\u00fcr\u00fclmesinin14. y\u0131ld\u00f6n\u00fcm\u00fcnde \u00e7e\u015fitli sanat performanslar\u0131 ile an\u0131l\u0131yor. PROCNE Kad\u0131n Korosu, Hrant Dink&#8217;in \u00f6ld\u00fcr\u00fcl\u00fc\u015f\u00fcn\u00fcn y\u0131ld\u00f6n\u00fcm\u00fcnde, koro \u015fefleri besteci Turgut Onur Avdan\u2019\u0131n piyano ile yorumlad\u0131\u011f\u0131 ve koro \u00fcyelerinden Teni Lorin Ye\u015filtepe&#8217;nin anadilinde seslendirdi\u011fi &#8220;Dle Yaman&#8221; adl\u0131 ezgi ile Hrant&#8217; Dink&#8217;i anarak bar\u0131\u015f \u00e7a\u011fr\u0131s\u0131nda bulunuyor. Performan 18 Ocak ak\u015fam\u0131 grubun sosyal medya hesaplar\u0131ndan yay\u0131nlanacak. (\u00a0https:\/\/www.facebook.com\/procnechoir ) [&hellip;]","og_url":"https:\/\/akunq.net\/tr\/?p=61028","og_site_name":"Bati Ermenistan Ve Bati Ermenileri Sorunlari Ara\u015ftirmalar Merkezi","article_published_time":"2021-01-19T08:09:53+00:00","og_image":[{"width":731,"height":410,"url":"https:\/\/akunq.net\/tr\/wp-content\/uploads\/sites\/6\/2021\/01\/Dink-3.jpg","type":"image\/jpeg"}],"author":"admin","twitter_card":"summary_large_image","twitter_misc":{"Written by":"admin","Est. reading time":"2 minutes"},"schema":{"@context":"https:\/\/schema.org","@graph":[{"@type":"Article","@id":"https:\/\/akunq.net\/tr\/?p=61028#article","isPartOf":{"@id":"https:\/\/akunq.net\/tr\/?p=61028"},"author":{"name":"admin","@id":"https:\/\/akunq.net\/tr\/#\/schema\/person\/096f1d38a12cce57fb855b485ed24c9e"},"headline":"Hrant Dink performanslarla an\u0131l\u0131yor","datePublished":"2021-01-19T08:09:53+00:00","mainEntityOfPage":{"@id":"https:\/\/akunq.net\/tr\/?p=61028"},"wordCount":449,"commentCount":0,"image":{"@id":"https:\/\/akunq.net\/tr\/?p=61028#primaryimage"},"thumbnailUrl":"https:\/\/akunq.net\/tr\/wp-content\/uploads\/sites\/6\/2021\/01\/Dink-3.jpg","articleSection":["Haberler"],"inLanguage":"en-US","potentialAction":[{"@type":"CommentAction","name":"Comment","target":["https:\/\/akunq.net\/tr\/?p=61028#respond"]}]},{"@type":"WebPage","@id":"https:\/\/akunq.net\/tr\/?p=61028","url":"https:\/\/akunq.net\/tr\/?p=61028","name":"Hrant Dink performanslarla an\u0131l\u0131yor - Bati Ermenistan Ve Bati Ermenileri Sorunlari Ara\u015ftirmalar Merkezi","isPartOf":{"@id":"https:\/\/akunq.net\/tr\/#website"},"primaryImageOfPage":{"@id":"https:\/\/akunq.net\/tr\/?p=61028#primaryimage"},"image":{"@id":"https:\/\/akunq.net\/tr\/?p=61028#primaryimage"},"thumbnailUrl":"https:\/\/akunq.net\/tr\/wp-content\/uploads\/sites\/6\/2021\/01\/Dink-3.jpg","datePublished":"2021-01-19T08:09:53+00:00","author":{"@id":"https:\/\/akunq.net\/tr\/#\/schema\/person\/096f1d38a12cce57fb855b485ed24c9e"},"breadcrumb":{"@id":"https:\/\/akunq.net\/tr\/?p=61028#breadcrumb"},"inLanguage":"en-US","potentialAction":[{"@type":"ReadAction","target":["https:\/\/akunq.net\/tr\/?p=61028"]}]},{"@type":"ImageObject","inLanguage":"en-US","@id":"https:\/\/akunq.net\/tr\/?p=61028#primaryimage","url":"https:\/\/akunq.net\/tr\/wp-content\/uploads\/sites\/6\/2021\/01\/Dink-3.jpg","contentUrl":"https:\/\/akunq.net\/tr\/wp-content\/uploads\/sites\/6\/2021\/01\/Dink-3.jpg","width":731,"height":410},{"@type":"BreadcrumbList","@id":"https:\/\/akunq.net\/tr\/?p=61028#breadcrumb","itemListElement":[{"@type":"ListItem","position":1,"name":"Home","item":"https:\/\/akunq.net\/tr"},{"@type":"ListItem","position":2,"name":"Hrant Dink performanslarla an\u0131l\u0131yor"}]},{"@type":"WebSite","@id":"https:\/\/akunq.net\/tr\/#website","url":"https:\/\/akunq.net\/tr\/","name":"Bati Ermenistan Ve Bati Ermenileri Sorunlari Ara\u015ftirmalar Merkezi","description":"","potentialAction":[{"@type":"SearchAction","target":{"@type":"EntryPoint","urlTemplate":"https:\/\/akunq.net\/tr\/?s={search_term_string}"},"query-input":{"@type":"PropertyValueSpecification","valueRequired":true,"valueName":"search_term_string"}}],"inLanguage":"en-US"},{"@type":"Person","@id":"https:\/\/akunq.net\/tr\/#\/schema\/person\/096f1d38a12cce57fb855b485ed24c9e","name":"admin","url":"https:\/\/akunq.net\/tr\/?author=7"}]}},"_links":{"self":[{"href":"https:\/\/akunq.net\/tr\/index.php?rest_route=\/wp\/v2\/posts\/61028","targetHints":{"allow":["GET"]}}],"collection":[{"href":"https:\/\/akunq.net\/tr\/index.php?rest_route=\/wp\/v2\/posts"}],"about":[{"href":"https:\/\/akunq.net\/tr\/index.php?rest_route=\/wp\/v2\/types\/post"}],"author":[{"embeddable":true,"href":"https:\/\/akunq.net\/tr\/index.php?rest_route=\/wp\/v2\/users\/7"}],"replies":[{"embeddable":true,"href":"https:\/\/akunq.net\/tr\/index.php?rest_route=%2Fwp%2Fv2%2Fcomments&post=61028"}],"version-history":[{"count":1,"href":"https:\/\/akunq.net\/tr\/index.php?rest_route=\/wp\/v2\/posts\/61028\/revisions"}],"predecessor-version":[{"id":61030,"href":"https:\/\/akunq.net\/tr\/index.php?rest_route=\/wp\/v2\/posts\/61028\/revisions\/61030"}],"wp:featuredmedia":[{"embeddable":true,"href":"https:\/\/akunq.net\/tr\/index.php?rest_route=\/wp\/v2\/media\/61029"}],"wp:attachment":[{"href":"https:\/\/akunq.net\/tr\/index.php?rest_route=%2Fwp%2Fv2%2Fmedia&parent=61028"}],"wp:term":[{"taxonomy":"category","embeddable":true,"href":"https:\/\/akunq.net\/tr\/index.php?rest_route=%2Fwp%2Fv2%2Fcategories&post=61028"},{"taxonomy":"post_tag","embeddable":true,"href":"https:\/\/akunq.net\/tr\/index.php?rest_route=%2Fwp%2Fv2%2Ftags&post=61028"}],"curies":[{"name":"wp","href":"https:\/\/api.w.org\/{rel}","templated":true}]}}