{"id":61022,"date":"2021-01-19T02:53:49","date_gmt":"2021-01-19T07:53:49","guid":{"rendered":"https:\/\/akunq.net\/tr\/?p=61022"},"modified":"2021-01-19T02:53:49","modified_gmt":"2021-01-19T07:53:49","slug":"hrant-dink-cinayeti-14-yil-sonra-dava-hangi-asamada","status":"publish","type":"post","link":"https:\/\/akunq.net\/tr\/?p=61022","title":{"rendered":"Hrant Dink cinayeti: 14 y\u0131l sonra dava hangi a\u015famada?"},"content":{"rendered":"<p><img loading=\"lazy\" decoding=\"async\" class=\"aligncenter size-medium wp-image-61023\" src=\"https:\/\/akunq.net\/tr\/wp-content\/uploads\/2021\/01\/\u0540\u0550\u0531\u0546\u0534-\u054f\u053b\u0546\u0554-270x270.jpg\" alt=\"\" width=\"270\" height=\"270\" srcset=\"https:\/\/akunq.net\/tr\/wp-content\/uploads\/sites\/6\/2021\/01\/\u0540\u0550\u0531\u0546\u0534-\u054f\u053b\u0546\u0554-270x270.jpg 270w, https:\/\/akunq.net\/tr\/wp-content\/uploads\/sites\/6\/2021\/01\/\u0540\u0550\u0531\u0546\u0534-\u054f\u053b\u0546\u0554-150x150.jpg 150w, https:\/\/akunq.net\/tr\/wp-content\/uploads\/sites\/6\/2021\/01\/\u0540\u0550\u0531\u0546\u0534-\u054f\u053b\u0546\u0554-768x768.jpg 768w, https:\/\/akunq.net\/tr\/wp-content\/uploads\/sites\/6\/2021\/01\/\u0540\u0550\u0531\u0546\u0534-\u054f\u053b\u0546\u0554-560x560.jpg 560w, https:\/\/akunq.net\/tr\/wp-content\/uploads\/sites\/6\/2021\/01\/\u0540\u0550\u0531\u0546\u0534-\u054f\u053b\u0546\u0554-260x260.jpg 260w, https:\/\/akunq.net\/tr\/wp-content\/uploads\/sites\/6\/2021\/01\/\u0540\u0550\u0531\u0546\u0534-\u054f\u053b\u0546\u0554-160x160.jpg 160w, https:\/\/akunq.net\/tr\/wp-content\/uploads\/sites\/6\/2021\/01\/\u0540\u0550\u0531\u0546\u0534-\u054f\u053b\u0546\u0554.jpg 800w\" sizes=\"auto, (max-width: 270px) 100vw, 270px\" \/><\/p>\n<p><em><strong>Agos Gazetesi Genel Yay\u0131n Y\u00f6netmeni Hrant Dink 14 y\u0131l \u00f6nce, gazetenin o zamanki ofisinin \u00f6n\u00fcnde o d\u00f6nem 17 ya\u015f\u0131nda olan Og\u00fcn Samast taraf\u0131ndan vurularak \u00f6ld\u00fcr\u00fcld\u00fc. Dink\u2019in \u00f6l\u00fcm\u00fcnde ihmali ve sorumlulu\u011fu olmakla su\u00e7lanan yedisi tutuklu, 13\u2019\u00fc firari 76 kamu g\u00fcvenlik g\u00f6revlisinin yarg\u0131land\u0131\u011f\u0131 dava hala devam ediyor.<\/strong><\/em><\/p>\n<p>Davan\u0131n 122\u2019nci duru\u015fmas\u0131 ge\u00e7en hafta boyunca \u00c7a\u011flayan\u2019daki \u0130stanbul Adliyesi\u2019nde, 14\u2019\u00fcnc\u00fc A\u011f\u0131r Ceza Mahkemesi\u2019nde yap\u0131ld\u0131. Esas hakk\u0131ndaki m\u00fctalaan\u0131n verilmesinden sonra, Trabzon\u2019daki eski istihbarat g\u00f6revlilerinden Veysel \u015eahin, Volkan \u015eahin ve Okan \u015eim\u015fek de, cinayetten \u00f6nceden haberdar olduklar\u0131na ili\u015fkin deliller bulundu\u011fu gerek\u00e7esiyle tutukland\u0131lar.<\/p>\n<p>Duru\u015fmada ifade veren san\u0131klardan baz\u0131lar\u0131 birbirini su\u00e7lad\u0131, bir k\u0131sm\u0131 ise savunmalar\u0131nda \u00f6zellikle Fethullah G\u00fclen Yap\u0131lanmas\u0131\u2019yla ilgileri olmad\u0131\u011f\u0131n\u0131 vurgulad\u0131.<\/p>\n<p>Davaya 20 Ocak\u2019taki 123\u2019\u00fcnc\u00fc duru\u015fmada kalan san\u0131klar\u0131n savunmalar\u0131n\u0131n al\u0131nmas\u0131 ile devam edilecek.<\/p>\n<p><strong>\u2018T\u00fcrkiye bu cinayetten ders \u00e7\u0131karamad\u0131\u2019<\/strong><\/p>\n<p>Hrant Dink. \u00f6ld\u00fcr\u00fcld\u00fc\u011f\u00fc 19 Ocak 2007\u2019den bu yana her y\u0131l ayn\u0131 g\u00fcn, Agos gazetesinin eski binas\u0131 \u00f6n\u00fcnde an\u0131l\u0131yordu. Bu y\u0131l Hrant Dink Vakf\u0131\u2019n\u0131n d\u00fczenledi\u011fi anma kapsam\u0131nda, binaya projeksiyonla Hrant Dink\u2019in foto\u011fraf\u0131 ve \u00e7ok yank\u0131 uyand\u0131ran \u201cG\u00fcvencin tedirginli\u011fi\u201d yaz\u0131s\u0131na atfen g\u00fcvercin g\u00f6r\u00fcnt\u00fcleri yans\u0131t\u0131l\u0131yor.<\/p>\n<p>Hukuki s\u00fcre\u00e7leri ba\u015f\u0131ndan bu yana izleyen Hrant\u2019\u0131n Arkada\u015flar\u0131 grubundan B\u00fclent Ayd\u0131n gelinen noktada \u201cHrant i\u00e7in Adalet\u201d slogan\u0131n\u0131n 14 y\u0131l sonra hala g\u00fcncelli\u011fini korudu\u011funu s\u00f6yledi.<\/p>\n<p>Duvar gazetesinde, sona yakla\u015fan davay\u0131 de\u011ferlendiren Ayd\u0131n \u201cBu dava bu haliyle sona erdi\u011finde de \u00f6nemli eksiklikler i\u00e7eriyor olacak. \u00c7\u00fcnk\u00fc cinayete giden s\u00fcre\u00e7 bu davada yok. Bir b\u00fct\u00fcnl\u00fck sa\u011flanmas\u0131 i\u00e7in m\u00fcdahil taraf\u0131n soru\u015fturman\u0131n bu y\u00f6nde geni\u015fletilmesi talepleri kar\u015f\u0131l\u0131k bulmad\u0131. Dink ailesi avukatlar\u0131n\u0131n soru\u015fturulmas\u0131n\u0131 istedi\u011fi baz\u0131 ki\u015filerin mahkemeye \u00e7\u0131kar\u0131lmas\u0131 m\u00fcmk\u00fcn olmad\u0131. Hatta baz\u0131 tan\u0131klar bile, \u00f6rne\u011fin Hrant Dink\u2019i \u0130stanbul Valili\u011fi\u2019ne \u00e7a\u011f\u0131r\u0131p tehdit eden M\u0130T g\u00f6revlilerinin dinlenilmesi dahi m\u00fcmk\u00fcn olmad\u0131. Mahkeme bu konuda kararlar almas\u0131na ra\u011fmen M\u0130T\u2019ten bir yan\u0131t gelmedi ve mahkeme de karar\u0131n\u0131 geri ald\u0131\u201d diye konu\u015ftu.<\/p>\n<p>Agos gazetesi Genel Yay\u0131n Y\u00f6netmeni Yetvart Danzikyan da yine Duvar gazetesine, Hrant Dink cinayetinden ders \u00e7\u0131kar\u0131lmad\u0131\u011f\u0131n\u0131 s\u00f6yleyerek, \u201cT\u00fcrkiye\u2019de herkes her \u015fekilde hedef g\u00f6sterilirken \u2018b\u00f6yle bir \u015fey bir daha ya\u015fanmaz\u2019 demek \u00e7ok zor, T\u00fcrkiye bundan ders \u00e7\u0131karamad\u0131 \u00e7\u00fcnk\u00fc\u201d dedi.<\/p>\n<p>Kaynak, Istanbul Emniyet Mudurlugu Foto\u011fraf alt\u0131 yaz\u0131s\u0131, \u0130stanbul Emniyet M\u00fcd\u00fcrl\u00fc\u011f\u00fc, cinayetten k\u0131sa bir s\u00fcre sonra zanl\u0131n\u0131n g\u00f6r\u00fcnt\u00fclerini bas\u0131nla payla\u015ft\u0131<\/p>\n<p>Hrant Dink cinayetiyle ilgili 14 y\u0131ld\u0131r devam eden yarg\u0131 s\u00fcrecinde neler ya\u015fand\u0131\u011f\u0131n\u0131 5 ba\u015fl\u0131k alt\u0131nda inceledik:<\/p>\n<p><strong>Cinayetten sonra neler ya\u015fand\u0131?<\/strong><\/p>\n<p>Hrant Dink\u2019in \u0130stanbul\u2019un \u015ei\u015fli il\u00e7esinde bulunan Agos gazetesi yak\u0131nlar\u0131nda, ana cadde \u00fczerinde suikasta u\u011framas\u0131ndan k\u0131sa s\u00fcre sonra, g\u00fcvenlik kameras\u0131 kay\u0131tlar\u0131ndan cinayet \u015f\u00fcphelisi tespit edildi.<\/p>\n<p>\u015e\u00fcpheli Og\u00fcn Samast\u2019\u0131n g\u00f6r\u00fcnt\u00fcleri bas\u0131n arac\u0131l\u0131\u011f\u0131yla kamuoyuyla payla\u015f\u0131ld\u0131.<\/p>\n<p>O tarihte 17 ya\u015f\u0131nda olan Samast, suikasttan 36 saat sonra babas\u0131n\u0131n ihbar\u0131 \u00fczerine Trabzon\u2019a gitmek \u00fczereyken Samsun Otogar\u0131\u2019nda g\u00f6zalt\u0131na al\u0131nd\u0131. Samast ile birlikte cinayette kullan\u0131lan silah da ele ge\u00e7irildi.<\/p>\n<p>\u0130stanbul Emniyet M\u00fcd\u00fcrl\u00fc\u011f\u00fc, cinayetten k\u0131sa bir s\u00fcre sonra zanl\u0131n\u0131n g\u00f6r\u00fcnt\u00fclerini bas\u0131nla payla\u015ft\u0131.<\/p>\n<p>Anadolu Ajans\u0131 (AA), Samast\u2019\u0131n sorgusunda cinayeti kabul etti\u011fini ancak pi\u015fman olmad\u0131\u011f\u0131n\u0131 s\u00f6yledi\u011fini bildirdi. Haberlere g\u00f6re, Samast, suikast\u0131 Yasin Hayal\u2019in talimat\u0131 \u00fczerine i\u015fledi\u011fini de ifade etti.<\/p>\n<p>Yasin Hayal\u2019in ad\u0131 daha \u00f6nce 2004 y\u0131l\u0131nda Trabzon\u2019da bir fast-food restoran\u0131nda alt\u0131 ki\u015finin yaraland\u0131\u011f\u0131 bombalama olay\u0131na kar\u0131\u015fm\u0131\u015ft\u0131. Samast\u2019\u0131n ifadelerinin ard\u0131ndan Hayal de g\u00f6zalt\u0131na al\u0131nd\u0131.<\/p>\n<p>Hayal de ifadesinde cinayeti Erhan Tuncel ile birlikte planlad\u0131\u011f\u0131n\u0131 s\u00f6yledi. Bu ifade \u00fczerine o d\u00f6nem Karadeniz Teknik \u00dcniversitesi \u00f6\u011frencisi olan Tuncel de yakaland\u0131. Tuncel\u2019in bir d\u00f6nem Trabzon Emniyet M\u00fcd\u00fcrl\u00fc\u011f\u00fc i\u00e7in muhbirlik yapt\u0131\u011f\u0131 ortaya \u00e7\u0131kt\u0131.<\/p>\n<p>Bas\u0131nda, Tuncel ve Hayal\u2019den Samast\u2019\u0131n \u201ca\u011fabeyleri\u201d olarak bahsedilmi\u015fti.<\/p>\n<p>Samast\u2019\u0131n Samsun\u2019da yakaland\u0131ktan birka\u00e7 g\u00fcn sonra baz\u0131 polis memurlar\u0131yla birlikte T\u00fcrkiye bayra\u011f\u0131 \u00f6n\u00fcnde \u00e7ekilmi\u015f g\u00f6r\u00fcnt\u00fcleri bir televizyon kanal\u0131nda yay\u0131mland\u0131.<\/p>\n<p>Bu olay, bir yandan b\u00fcy\u00fck tepki yarat\u0131rken, cinayette kamu g\u00f6revlilerinin rol\u00fc olup olmad\u0131\u011f\u0131na dair sorular\u0131n g\u00fcndeme gelmesine neden oldu.<\/p>\n<p>Hrant Dink\u2019in e\u015fi Rakel Dink de cenaze t\u00f6reninde yapt\u0131\u011f\u0131 konu\u015fmada, \u201cYa\u015f\u0131 ka\u00e7 olursa olsun; 17 veya 27, katil kim olursa olsun, bir zamanlar bebek olduklar\u0131n\u0131 biliyorum. Bir bebekten bir katil yaratan karanl\u0131\u011f\u0131 sorgulamadan hi\u00e7bir \u015fey yap\u0131lmaz karde\u015flerim\u201d diye konu\u015fmu\u015ftu.<\/p>\n<p><strong>Dava s\u00fcrecinde neler ya\u015fand\u0131?<\/strong><\/p>\n<p>Dink suikast\u0131yla ilgili yarg\u0131 s\u00fcreci Nisan 2007\u2019de ba\u015flad\u0131 ve ilk duru\u015fma 2 Temmuz 2007 tarihinde, o s\u0131rada \u0130stanbul\u2019un Be\u015fikta\u015f il\u00e7esinde bulunan 14\u2019\u00fcnc\u00fc A\u011f\u0131r Ceza Mahkemesi\u2019nde g\u00f6r\u00fcld\u00fc.<\/p>\n<p>\u0130lk etapta 12\u2019si tutuklu 18 ki\u015finin yarg\u0131lanmas\u0131na ba\u015fland\u0131. 2008 ve 2009 y\u0131llar\u0131nda haz\u0131rlanan ek iddianamelerle san\u0131k say\u0131s\u0131 20\u2019ye y\u00fckseldi.<\/p>\n<p>Bu dava, Ocak 2012\u2019de h\u00fckme ba\u011fland\u0131.<\/p>\n<p>San\u0131klardan Yasin Hayal, \u201ctasarlayarak \u00f6ld\u00fcrmeye azmettirmek\u201d su\u00e7undan a\u011f\u0131rla\u015ft\u0131r\u0131lm\u0131\u015f m\u00fcebbet hapis cezas\u0131na \u00e7arpt\u0131r\u0131ld\u0131. Erhan Tuncel de 10 y\u0131l 6 ay hapis cezas\u0131 ald\u0131 ve cezaevinde cezas\u0131n\u0131 doldurdu\u011funa h\u00fckmedilerek tahliyesine karar verildi.<\/p>\n<p>Yasin Hayal, yarg\u0131 s\u00fcreci boyunca, kamuoyu taraf\u0131ndan yak\u0131ndan bilinen baz\u0131 ba\u015fka ki\u015fileri de tehdit etmi\u015fti.<\/p>\n<p>Og\u00fcn Samast ise su\u00e7 i\u015fledi\u011fi s\u0131rada 17 ya\u015f\u0131nda oldu\u011fu i\u00e7in \u00e7ocuk mahkemesinde yarg\u0131land\u0131.<\/p>\n<p>Samast, Temmuz 2011\u2019de \u00e7\u0131kan kararda, \u201ctasarlayarak adam \u00f6ld\u00fcrmek\u201d ve \u201cruhsats\u0131z silah bulundurmak\u201d su\u00e7lar\u0131ndan 22 y\u0131l 10 hapis cezas\u0131 ald\u0131.<\/p>\n<p>Ancak ana davada san\u0131klar\u0131n tamam\u0131 \u201csilahl\u0131 ter\u00f6r \u00f6rg\u00fct\u00fc \u00fcyeli\u011fi\u201d su\u00e7undan beraat etti.<\/p>\n<p>Dink ailesinin avukat\u0131 Fethiye \u00c7etin, karar duru\u015fmas\u0131n\u0131n ard\u0131ndan gazetecilere yapt\u0131\u011f\u0131 a\u00e7\u0131klamada, \u201cCinayetin \u00fczerinden be\u015f y\u0131l ge\u00e7ti. Hrant Dink ne derdi bu karar i\u00e7in: \u2018Bizimle dalga ge\u00e7iyorlar.\u2019 Dalgan\u0131n en b\u00fcy\u00fc\u011f\u00fcn\u00fc me\u011fer en sona saklam\u0131\u015flar. Me\u011fer Hrant Dink b\u00fct\u00fcn planl\u0131 eylemlerden de\u011fil, 3-5 kendini bilmez taraf\u0131ndan \u00f6ld\u00fcr\u00fclm\u00fc\u015f. Burada \u00f6rg\u00fct yokmu\u015f. Bu kadar\u0131n\u0131 beklemiyorduk\u201d dedi.<\/p>\n<p>\u0130stanbul 14\u2019\u00fcnc\u00fc A\u011f\u0131r Ceza Mahkemesi\u2019nin karar\u0131, Yarg\u0131tay\u2019a ta\u015f\u0131nd\u0131.<\/p>\n<p>May\u0131s 2013\u2019te davayla ilgili karar\u0131n\u0131 veren Yarg\u0131tay 9\u2019uncu Ceza Dairesi, \u201c\u00f6rg\u00fct\u201d y\u00f6n\u00fcnden verilen beraat karar\u0131n\u0131 bozarak, san\u0131klar\u0131n \u201csilahl\u0131 er\u00f6r \u00f6rg\u00fct\u00fc\u201d de\u011fil, \u201csu\u00e7 i\u015flemek amac\u0131yla olu\u015fturulan \u00f6rg\u00fct\u201d \u00fcyesi olduklar\u0131 gerek\u00e7esiyle yeniden yarg\u0131lanmalar\u0131na h\u00fckmetti.<\/p>\n<p>Bu h\u00fckm\u00fcn ard\u0131ndan davan\u0131n g\u00f6r\u00fclmesine yeniden ba\u015fland\u0131.<\/p>\n<p>\u0130stanbul\u2019da devam eden ana davaya ek olarak, Samsun ve Trabzon\u2019da da emniyet ve jandarma g\u00f6revlileri hakk\u0131nda \u00e7e\u015fitli soru\u015fturmalar ve dava s\u00fcre\u00e7leri y\u00fcr\u00fct\u00fcld\u00fc.<\/p>\n<p>T\u00fcrkiye B\u00fcy\u00fck Millet Meclisi (TBMM) Hrant Dink Cinayetini Ara\u015ft\u0131rma Komisyonu da yapt\u0131\u011f\u0131 inceleme sonucunda, Trabzon ve \u0130stanbul emniyet birimlerinin ihmali oldu\u011fu y\u00f6n\u00fcnde g\u00f6r\u00fc\u015f bildirdi.<\/p>\n<p><strong>Son yarg\u0131 s\u00fcrecine nas\u0131l gelindi?<\/strong><\/p>\n<p>Cinayetten hemen sonra, suikast \u00f6ncesinde Dink\u2019in \u00f6ld\u00fcr\u00fclece\u011fine dair baz\u0131 istihbarat\u0131n g\u00fcvenlik g\u00fc\u00e7leriyle payla\u015f\u0131ld\u0131\u011f\u0131 y\u00f6n\u00fcnde iddialar ortaya at\u0131ld\u0131.<\/p>\n<p>Cinayet davas\u0131n\u0131n san\u0131klar\u0131ndan Erhan Tuncel\u2019in \u015eubat 2006\u2019da, Yasin Hayal\u2019in Dink\u2019i \u00f6ld\u00fcrmeyi planlad\u0131\u011f\u0131 y\u00f6n\u00fcndeki bilgiyi Trabzon Emniyet M\u00fcd\u00fcrl\u00fc\u011f\u00fc\u2019ne iletti\u011fi ve bunun da Emniyet Genel M\u00fcd\u00fcrl\u00fc\u011f\u00fc ve \u0130stanbul Emniyet M\u00fcd\u00fcrl\u00fc\u011f\u00fc ile payla\u015f\u0131ld\u0131\u011f\u0131 \u00f6ne s\u00fcr\u00fcld\u00fc.<\/p>\n<p>Bu geli\u015fmeler \u00fczerine, \u0130\u00e7i\u015fleri Bakanl\u0131\u011f\u0131, Dink ailesinin \u015fik\u00e2yeti ve bas\u0131nda \u00e7\u0131kan haberler \u00fczerine soru\u015fturma ba\u015flatt\u0131.<\/p>\n<p>Ancak \u00fcst d\u00fczey emniyet ve jandarma yetkilileri hakk\u0131nda soru\u015fturma ba\u015flatma izinleri uzun bir s\u00fcre \u00e7\u0131kar\u0131lmad\u0131.<\/p>\n<p>Ayr\u0131ca davada aralar\u0131nda d\u00f6nemin \u0130stanbul Emniyet M\u00fcd\u00fcr\u00fc Celalettin Cerrah\u2019\u0131n da bulundu\u011fu \u0130stanbul\u2019daki g\u00f6revlilerin tan\u0131k olarak dinlenmesi talepleri de kabul edilmedi.<\/p>\n<p>Dink ailesi, yarg\u0131lama s\u00fcreci devam ederken, konuyu Avrupa \u0130nsan Haklar\u0131 Mahkemesi\u2019ne (A\u0130HM) g\u00f6t\u00fcrd\u00fc.<\/p>\n<p>A\u0130HM, bu ba\u015fvuruda \u201ci\u00e7 hukuk yollar\u0131n\u0131n t\u00fcketilmi\u015f olmas\u0131\u201d \u015fart\u0131 konusunda bir istisna yaparak, davay\u0131 ele ald\u0131.<\/p>\n<p>\u015eubat 2010\u2019da verilen kararda, cinayette kamu g\u00f6revlilerinin rol\u00fcne dair \u201cetkin bir soru\u015fturma\u201d y\u00fcr\u00fct\u00fclmedi\u011fine h\u00fckmedildi.<\/p>\n<p>Nisan 2013\u2019te yap\u0131lan, yarg\u0131 sistemine y\u00f6nelik de\u011fi\u015fiklikler kapsam\u0131nda, A\u0130HM\u2019nin \u201cetkin bir soru\u015fturma y\u00fcr\u00fct\u00fclmedi\u011fine\u201d h\u00fckmetti\u011fi davalarla ilgili soru\u015fturma a\u00e7\u0131lmas\u0131na izin verildi.<\/p>\n<p>Tekrar soru\u015fturma a\u00e7\u0131ld\u0131, ancak savc\u0131l\u0131\u011f\u0131n ve savunma makam\u0131n\u0131n kar\u015f\u0131l\u0131kl\u0131 itirazlar\u0131yla s\u00fcre\u00e7te uzamalar g\u00f6r\u00fcld\u00fc.<\/p>\n<p>Sonunda da Adalet Bakanl\u0131\u011f\u0131\u2019n\u0131n 2014 y\u0131l\u0131 ortalar\u0131nda ald\u0131\u011f\u0131 kararla emniyet ve jandarma istihbarat yetkilileri i\u00e7in de yarg\u0131 yolu a\u00e7\u0131ld\u0131.<\/p>\n<p>2015 y\u0131l\u0131nda da farkl\u0131 illerde y\u00fcr\u00fct\u00fclen ve kamu g\u00f6revlileri hakk\u0131nda a\u00e7\u0131lanlar\u0131n da oldu\u011fu farkl\u0131 soru\u015fturma dosyalar\u0131 \u0130stanbul\u2019da birle\u015ftirildi.<\/p>\n<p><strong>Hayal, Tuncer ve Samast\u2019\u0131n ikinci davas\u0131nda neler oldu?<\/strong><\/p>\n<p>Bu s\u00fcre\u00e7te \u201c\u0130ddianamelerin b\u00fct\u00fcnl\u00fc\u011f\u00fcn\u00fcn bozulmamas\u0131, usul ekonomisi ve a\u00e7\u0131lan davalar\u0131n tek\u00e2m\u00fcl etmesi\u201d gerek\u00e7eleriyle, dokuz san\u0131kla ilgili dosyan\u0131n kamu g\u00f6revlilerinin yarg\u0131lanaca\u011f\u0131 ana dosyadan ayr\u0131ld\u0131\u011f\u0131 ifade edildi.<\/p>\n<p>Erhan Tuncel, Yasin Hayal ve Og\u00fcn Samast\u2019\u0131n da aralar\u0131nda bulundu\u011fu dokuz san\u0131k hakk\u0131ndaki karar A\u011fustos 2019\u2019da a\u00e7\u0131kland\u0131.<\/p>\n<p>\u0130stanbul 14. A\u011f\u0131r Ceza Mahkemesi bu davada Erhan Tuncel\u2019e 99 y\u0131l 6 ay, Yasin Hayal\u2019e 7 y\u0131l 6 ay, Og\u00fcn Samast\u2019a ise 2 y\u0131l 6 ay hapis cezas\u0131 verdi. Erhan Tuncel h\u00fck\u00fcmle birlikte tutuklanarak cezaevine g\u00f6nderildi. \u0130ki ki\u015fi hakk\u0131nda beraat karar\u0131 verilen davada di\u011fer 4 san\u0131k da \u00e7e\u015fitli hapis cezalar\u0131na \u00e7arpt\u0131r\u0131ld\u0131lar.<\/p>\n<p>Gerek\u00e7eli kararda, davada 24 Ekim 2004\u2019te Trabzon McDonalds\u2019a y\u00f6nelik bombal\u0131 sald\u0131r\u0131, 19 Ocak 2007\u2019de Hrant Dink\u2019in \u00f6ld\u00fcr\u00fclmesi ve 24 Ocak 2007\u2019de ma\u011fdur Orhan Pamuk\u2019un tehdit edilmesi eylemlerinin incelendi\u011fi belirtildi.<\/p>\n<p>Kararda, \u201cYasin Hayal\u2019in siyasi saiklerle su\u00e7 i\u015flemek i\u00e7in olu\u015fturdu\u011fu te\u015fekk\u00fcl\u00fcn, zaman i\u00e7erisinde di\u011fer san\u0131klar\u0131n da kat\u0131l\u0131m\u0131yla, belirsiz t\u00fcr ve say\u0131da su\u00e7lar\u0131 i\u015flemek \u00fczere, s\u00fcreklilik g\u00f6steren, hiyerar\u015fik d\u00fczen i\u00e7erisinde \u00e7al\u0131\u015fan ve i\u015f b\u00f6l\u00fcm\u00fcne dayal\u0131 \u00f6rg\u00fctsel bir yap\u0131ya d\u00f6n\u00fc\u015ft\u00fc\u011f\u00fc anla\u015f\u0131lm\u0131\u015ft\u0131r\u201d denildi.<\/p>\n<p>San\u0131klardan Erhan Tuncel de \u201cTasarlayarak ve bomba kullanarak kasten \u00f6ld\u00fcrmeye te\u015febb\u00fcs, mala zarar vermek, silahl\u0131 su\u00e7 \u00f6rg\u00fct\u00fcne \u00fcye olmak ve kasten \u00f6ld\u00fcrmeye yard\u0131m\u201d su\u00e7lar\u0131ndan toplam 99 y\u0131l 6 ay hapisle cezaland\u0131r\u0131ld\u0131.<\/p>\n<p>San\u0131klardan Og\u00fcn Samast\u2019\u0131n da \u00f6rg\u00fct lideri san\u0131k Yasin Hayal\u2019in olu\u015fturdu\u011fu su\u00e7 \u00f6rg\u00fct\u00fcne dahil olarak \u00f6rg\u00fct menfaatine faaliyetlerde bulundu\u011fu belirtildi.<\/p>\n<p><strong>Kamu g\u00f6revlileri ile ilgili iddialar neler?<\/strong><\/p>\n<p>Cinayeti izleyen y\u0131llarda kamu g\u00f6revlilerinin Dink\u2019e y\u00f6nelik tehditler kar\u015f\u0131s\u0131nda ihmalleri oldu\u011fu ve hatta cinayete g\u00f6z yumduklar\u0131 konusunda \u00e7e\u015fitli iddialar ortaya at\u0131ld\u0131 ve bunlarla ilgili farkl\u0131 soru\u015fturmalar y\u00fcr\u00fct\u00fcld\u00fc.<\/p>\n<p>Hrant Dink, \u00f6ld\u00fcr\u00fcld\u00fc\u011f\u00fc g\u00fcn \u00e7\u0131kan Agos Gazetesi\u2019nde yay\u0131mlanan son yaz\u0131s\u0131nda, T\u00fcrk Ceza Kanunu\u2019nun \u201cT\u00fcrkl\u00fc\u011f\u00fc a\u015fa\u011f\u0131lamak\u201d su\u00e7unu i\u00e7eren tart\u0131\u015fmal\u0131 301\u2019inci maddesi uyar\u0131nca ceza almas\u0131ndan sonra kendisine \u00e7e\u015fitli tehditler geldi\u011fini yazm\u0131\u015f ve ruh halini de \u201cg\u00fcvercin tedirginli\u011fi\u201d olarak tan\u0131mlam\u0131\u015ft\u0131.<\/p>\n<p>Dink, \u00f6ld\u00fcr\u00fcld\u00fc\u011f\u00fc g\u00fcnlerde, 301\u2019inci maddeden ald\u0131\u011f\u0131 ve ertelenen 6 ayl\u0131k hapis cezas\u0131yla ilgili karar\u0131 A\u0130HM\u2019e g\u00f6t\u00fcrmeye haz\u0131rlan\u0131yordu.<\/p>\n<p>Hrant Dink, yine \u00f6ld\u00fcr\u00fclmeden k\u0131sa bir s\u00fcre \u00f6nce, 2004 y\u0131l\u0131nda T\u00fcrkiye\u2019nin ilk kad\u0131n sava\u015f pilotu Sabiha G\u00f6k\u00e7en\u2019in Ermeni as\u0131ll\u0131 oldu\u011fu y\u00f6n\u00fcnde Agos\u2019ta yay\u0131mlanan haberle ilgili olarak, d\u00f6nemin \u0130stanbul Vali Yard\u0131mc\u0131s\u0131 Ergun G\u00fcng\u00f6r\u2019\u00fcn kendisini elindeki belgelerle birlikte makam\u0131na \u00e7a\u011f\u0131rd\u0131\u011f\u0131n\u0131 belirtmi\u015fti.<\/p>\n<p>Dink, o d\u00f6nemde odada biri kad\u0131n, \u00fc\u00e7 ki\u015finin daha oldu\u011funu belirterek, \u201cBelgeleri isteyip istemediklerini onlara ben an\u0131msatt\u0131m ve verdim. Zaten de konu\u015fmalar\u0131n i\u00e7eri\u011finden, beni hangi ama\u00e7la oraya \u00e7a\u011f\u0131rd\u0131klar\u0131 belliydi. Haddimi bilmeliydim\u2026 Dikkatli olmal\u0131yd\u0131m\u2026 Yoksa iyi olmazd\u0131!\u201d diye yazm\u0131\u015ft\u0131.<\/p>\n<p>Eski Vali G\u00fcng\u00f6r daha sonra 2014 y\u0131l\u0131nda savc\u0131l\u0131kta verdi\u011fi ifadede, Dink\u2019in bu g\u00f6r\u00fc\u015fmede tehdit edilmedi\u011fini, \u201ctoplumsal infial konusunda uyar\u0131ld\u0131\u011f\u0131n\u0131\u201d s\u00f6yledi.<\/p>\n<p>Daha sonra tekrar g\u00f6r\u00fclmeye ba\u015flayan davada, \u015eubat 2017\u2019de eski Vali G\u00fcng\u00f6r ve o g\u00f6r\u00fc\u015fmede oldu\u011fu anla\u015f\u0131lan Milli \u0130stihbarat Te\u015fkilat\u0131 (M\u0130T) g\u00f6revlilerinin tan\u0131k olarak dinlenmesi talebi ise reddedildi.<\/p>\n<p>Kamu g\u00f6revlilerinin rol\u00fcyle ilgili en ciddi iddialar\u0131n baz\u0131lar\u0131 cinayetten hemen sonra ortaya at\u0131lm\u0131\u015ft\u0131.<\/p>\n<p>Bir televizyon kanal\u0131, Samast\u2019\u0131n yakaland\u0131ktan sonra baz\u0131 polis memurlar\u0131yla T\u00fcrkiye bayra\u011f\u0131 \u00f6n\u00fcnde g\u00fcl\u00fcmseyerek foto\u011fraf \u00e7ektirdi\u011fi g\u00f6r\u00fcnt\u00fcleri yay\u0131mlad\u0131.<\/p>\n<p>Bu polis memurlar\u0131, \u015fu anda ana davan\u0131n san\u0131klar\u0131 aras\u0131nda.<\/p>\n<p>Ayr\u0131ca davan\u0131n \u00f6nemli isimlerinden Erhan Tuncel\u2019in, Dink\u2019in Yasin Hayal taraf\u0131ndan \u00f6ld\u00fcr\u00fclece\u011fini \u015eubat 2006\u2019da polise bildirdi\u011fi ve Trabzon Emniyet M\u00fcd\u00fcrl\u00fc\u011f\u00fc\u2019n\u00fcn de durumu Emniyet Genel M\u00fcd\u00fcrl\u00fc\u011f\u00fc ile \u0130stanbul Emniyet M\u00fcd\u00fcrl\u00fc\u011f\u00fc\u2019ne iletti\u011fi tespit edilmi\u015fti.<\/p>\n<p>Yarg\u0131lama s\u00fcrecinde cinayetin azmettiricisi olarak yarg\u0131lanan Yasin Hayal\u2019in eni\u015ftesi olan, ve daha sonra jandarma istihbarat eleman\u0131 oldu\u011fu anla\u015f\u0131lan Co\u015fkun \u0130\u011fci de Temmuz 2006\u2019da Dink\u2019i \u00f6ld\u00fcrme planlar\u0131n\u0131 jandarma istihbarat personellerine aktard\u0131\u011f\u0131n\u0131 \u00f6ne s\u00fcrd\u00fc.<\/p>\n<p>Dink ailesinin avukatlar\u0131 s\u00fcrecin ba\u015f\u0131ndan bu yana soru\u015fturman\u0131n \u00fcst d\u00fczey kamu g\u00f6revlilerini de i\u00e7ine alacak \u015fekilde geni\u015fletilmesi gerekti\u011fini savunuyordu ancak dava ancak 2015 y\u0131l\u0131nda a\u00e7\u0131labildi ve sona yakla\u015fm\u0131\u015f gibi g\u00f6r\u00fcnmesine kar\u015f\u0131n 6 y\u0131l sonra halen devam ediyor.<\/p>\n<p><em><strong>https:\/\/www.bbc.com\/turkce\/haberler-turkiye-51167302\u00a0<\/strong><\/em><\/p>\n","protected":false},"excerpt":{"rendered":"<p>Agos Gazetesi Genel Yay\u0131n Y\u00f6netmeni Hrant Dink 14 y\u0131l \u00f6nce, gazetenin o zamanki ofisinin \u00f6n\u00fcnde o d\u00f6nem 17 ya\u015f\u0131nda olan Og\u00fcn Samast taraf\u0131ndan vurularak \u00f6ld\u00fcr\u00fcld\u00fc. Dink\u2019in \u00f6l\u00fcm\u00fcnde ihmali ve sorumlulu\u011fu olmakla su\u00e7lanan yedisi tutuklu, 13\u2019\u00fc firari 76 kamu g\u00fcvenlik g\u00f6revlisinin yarg\u0131land\u0131\u011f\u0131 dava hala devam ediyor. Davan\u0131n 122\u2019nci duru\u015fmas\u0131 ge\u00e7en hafta boyunca \u00c7a\u011flayan\u2019daki \u0130stanbul Adliyesi\u2019nde, 14\u2019\u00fcnc\u00fc [&hellip;]<\/p>\n","protected":false},"author":7,"featured_media":61023,"comment_status":"open","ping_status":"open","sticky":false,"template":"","format":"standard","meta":{"footnotes":""},"categories":[1],"tags":[],"class_list":["post-61022","post","type-post","status-publish","format-standard","has-post-thumbnail","hentry","category-haberler"],"yoast_head":"<!-- This site is optimized with the Yoast SEO plugin v27.4 - https:\/\/yoast.com\/product\/yoast-seo-wordpress\/ -->\n<title>Hrant Dink cinayeti: 14 y\u0131l sonra dava hangi a\u015famada? - Bati Ermenistan Ve Bati Ermenileri Sorunlari Ara\u015ftirmalar Merkezi<\/title>\n<meta name=\"robots\" content=\"index, follow, max-snippet:-1, max-image-preview:large, max-video-preview:-1\" \/>\n<link rel=\"canonical\" href=\"https:\/\/akunq.net\/tr\/?p=61022\" \/>\n<meta property=\"og:locale\" content=\"en_US\" \/>\n<meta property=\"og:type\" content=\"article\" \/>\n<meta property=\"og:title\" content=\"Hrant Dink cinayeti: 14 y\u0131l sonra dava hangi a\u015famada? - Bati Ermenistan Ve Bati Ermenileri Sorunlari Ara\u015ftirmalar Merkezi\" \/>\n<meta property=\"og:description\" content=\"Agos Gazetesi Genel Yay\u0131n Y\u00f6netmeni Hrant Dink 14 y\u0131l \u00f6nce, gazetenin o zamanki ofisinin \u00f6n\u00fcnde o d\u00f6nem 17 ya\u015f\u0131nda olan Og\u00fcn Samast taraf\u0131ndan vurularak \u00f6ld\u00fcr\u00fcld\u00fc. Dink\u2019in \u00f6l\u00fcm\u00fcnde ihmali ve sorumlulu\u011fu olmakla su\u00e7lanan yedisi tutuklu, 13\u2019\u00fc firari 76 kamu g\u00fcvenlik g\u00f6revlisinin yarg\u0131land\u0131\u011f\u0131 dava hala devam ediyor. Davan\u0131n 122\u2019nci duru\u015fmas\u0131 ge\u00e7en hafta boyunca \u00c7a\u011flayan\u2019daki \u0130stanbul Adliyesi\u2019nde, 14\u2019\u00fcnc\u00fc [&hellip;]\" \/>\n<meta property=\"og:url\" content=\"https:\/\/akunq.net\/tr\/?p=61022\" \/>\n<meta property=\"og:site_name\" content=\"Bati Ermenistan Ve Bati Ermenileri Sorunlari Ara\u015ftirmalar Merkezi\" \/>\n<meta property=\"article:published_time\" content=\"2021-01-19T07:53:49+00:00\" \/>\n<meta property=\"og:image\" content=\"https:\/\/akunq.net\/tr\/wp-content\/uploads\/sites\/6\/2021\/01\/\u0540\u0550\u0531\u0546\u0534-\u054f\u053b\u0546\u0554.jpg\" \/>\n\t<meta property=\"og:image:width\" content=\"800\" \/>\n\t<meta property=\"og:image:height\" content=\"800\" \/>\n\t<meta property=\"og:image:type\" content=\"image\/jpeg\" \/>\n<meta name=\"author\" content=\"admin\" \/>\n<meta name=\"twitter:card\" content=\"summary_large_image\" \/>\n<meta name=\"twitter:label1\" content=\"Written by\" \/>\n\t<meta name=\"twitter:data1\" content=\"admin\" \/>\n\t<meta name=\"twitter:label2\" content=\"Est. reading time\" \/>\n\t<meta name=\"twitter:data2\" content=\"12 minutes\" \/>\n<script type=\"application\/ld+json\" class=\"yoast-schema-graph\">{\"@context\":\"https:\\\/\\\/schema.org\",\"@graph\":[{\"@type\":\"Article\",\"@id\":\"https:\\\/\\\/akunq.net\\\/tr\\\/?p=61022#article\",\"isPartOf\":{\"@id\":\"https:\\\/\\\/akunq.net\\\/tr\\\/?p=61022\"},\"author\":{\"name\":\"admin\",\"@id\":\"https:\\\/\\\/akunq.net\\\/tr\\\/#\\\/schema\\\/person\\\/096f1d38a12cce57fb855b485ed24c9e\"},\"headline\":\"Hrant Dink cinayeti: 14 y\u0131l sonra dava hangi a\u015famada?\",\"datePublished\":\"2021-01-19T07:53:49+00:00\",\"mainEntityOfPage\":{\"@id\":\"https:\\\/\\\/akunq.net\\\/tr\\\/?p=61022\"},\"wordCount\":2494,\"commentCount\":0,\"image\":{\"@id\":\"https:\\\/\\\/akunq.net\\\/tr\\\/?p=61022#primaryimage\"},\"thumbnailUrl\":\"https:\\\/\\\/akunq.net\\\/tr\\\/wp-content\\\/uploads\\\/sites\\\/6\\\/2021\\\/01\\\/\u0540\u0550\u0531\u0546\u0534-\u054f\u053b\u0546\u0554.jpg\",\"articleSection\":[\"Haberler\"],\"inLanguage\":\"en-US\",\"potentialAction\":[{\"@type\":\"CommentAction\",\"name\":\"Comment\",\"target\":[\"https:\\\/\\\/akunq.net\\\/tr\\\/?p=61022#respond\"]}]},{\"@type\":\"WebPage\",\"@id\":\"https:\\\/\\\/akunq.net\\\/tr\\\/?p=61022\",\"url\":\"https:\\\/\\\/akunq.net\\\/tr\\\/?p=61022\",\"name\":\"Hrant Dink cinayeti: 14 y\u0131l sonra dava hangi a\u015famada? - Bati Ermenistan Ve Bati Ermenileri Sorunlari Ara\u015ftirmalar Merkezi\",\"isPartOf\":{\"@id\":\"https:\\\/\\\/akunq.net\\\/tr\\\/#website\"},\"primaryImageOfPage\":{\"@id\":\"https:\\\/\\\/akunq.net\\\/tr\\\/?p=61022#primaryimage\"},\"image\":{\"@id\":\"https:\\\/\\\/akunq.net\\\/tr\\\/?p=61022#primaryimage\"},\"thumbnailUrl\":\"https:\\\/\\\/akunq.net\\\/tr\\\/wp-content\\\/uploads\\\/sites\\\/6\\\/2021\\\/01\\\/\u0540\u0550\u0531\u0546\u0534-\u054f\u053b\u0546\u0554.jpg\",\"datePublished\":\"2021-01-19T07:53:49+00:00\",\"author\":{\"@id\":\"https:\\\/\\\/akunq.net\\\/tr\\\/#\\\/schema\\\/person\\\/096f1d38a12cce57fb855b485ed24c9e\"},\"breadcrumb\":{\"@id\":\"https:\\\/\\\/akunq.net\\\/tr\\\/?p=61022#breadcrumb\"},\"inLanguage\":\"en-US\",\"potentialAction\":[{\"@type\":\"ReadAction\",\"target\":[\"https:\\\/\\\/akunq.net\\\/tr\\\/?p=61022\"]}]},{\"@type\":\"ImageObject\",\"inLanguage\":\"en-US\",\"@id\":\"https:\\\/\\\/akunq.net\\\/tr\\\/?p=61022#primaryimage\",\"url\":\"https:\\\/\\\/akunq.net\\\/tr\\\/wp-content\\\/uploads\\\/sites\\\/6\\\/2021\\\/01\\\/\u0540\u0550\u0531\u0546\u0534-\u054f\u053b\u0546\u0554.jpg\",\"contentUrl\":\"https:\\\/\\\/akunq.net\\\/tr\\\/wp-content\\\/uploads\\\/sites\\\/6\\\/2021\\\/01\\\/\u0540\u0550\u0531\u0546\u0534-\u054f\u053b\u0546\u0554.jpg\",\"width\":800,\"height\":800},{\"@type\":\"BreadcrumbList\",\"@id\":\"https:\\\/\\\/akunq.net\\\/tr\\\/?p=61022#breadcrumb\",\"itemListElement\":[{\"@type\":\"ListItem\",\"position\":1,\"name\":\"Home\",\"item\":\"https:\\\/\\\/akunq.net\\\/tr\"},{\"@type\":\"ListItem\",\"position\":2,\"name\":\"Hrant Dink cinayeti: 14 y\u0131l sonra dava hangi a\u015famada?\"}]},{\"@type\":\"WebSite\",\"@id\":\"https:\\\/\\\/akunq.net\\\/tr\\\/#website\",\"url\":\"https:\\\/\\\/akunq.net\\\/tr\\\/\",\"name\":\"Bati Ermenistan Ve Bati Ermenileri Sorunlari Ara\u015ftirmalar Merkezi\",\"description\":\"\",\"potentialAction\":[{\"@type\":\"SearchAction\",\"target\":{\"@type\":\"EntryPoint\",\"urlTemplate\":\"https:\\\/\\\/akunq.net\\\/tr\\\/?s={search_term_string}\"},\"query-input\":{\"@type\":\"PropertyValueSpecification\",\"valueRequired\":true,\"valueName\":\"search_term_string\"}}],\"inLanguage\":\"en-US\"},{\"@type\":\"Person\",\"@id\":\"https:\\\/\\\/akunq.net\\\/tr\\\/#\\\/schema\\\/person\\\/096f1d38a12cce57fb855b485ed24c9e\",\"name\":\"admin\",\"url\":\"https:\\\/\\\/akunq.net\\\/tr\\\/?author=7\"}]}<\/script>\n<!-- \/ Yoast SEO plugin. -->","yoast_head_json":{"title":"Hrant Dink cinayeti: 14 y\u0131l sonra dava hangi a\u015famada? - Bati Ermenistan Ve Bati Ermenileri Sorunlari Ara\u015ftirmalar Merkezi","robots":{"index":"index","follow":"follow","max-snippet":"max-snippet:-1","max-image-preview":"max-image-preview:large","max-video-preview":"max-video-preview:-1"},"canonical":"https:\/\/akunq.net\/tr\/?p=61022","og_locale":"en_US","og_type":"article","og_title":"Hrant Dink cinayeti: 14 y\u0131l sonra dava hangi a\u015famada? - Bati Ermenistan Ve Bati Ermenileri Sorunlari Ara\u015ftirmalar Merkezi","og_description":"Agos Gazetesi Genel Yay\u0131n Y\u00f6netmeni Hrant Dink 14 y\u0131l \u00f6nce, gazetenin o zamanki ofisinin \u00f6n\u00fcnde o d\u00f6nem 17 ya\u015f\u0131nda olan Og\u00fcn Samast taraf\u0131ndan vurularak \u00f6ld\u00fcr\u00fcld\u00fc. Dink\u2019in \u00f6l\u00fcm\u00fcnde ihmali ve sorumlulu\u011fu olmakla su\u00e7lanan yedisi tutuklu, 13\u2019\u00fc firari 76 kamu g\u00fcvenlik g\u00f6revlisinin yarg\u0131land\u0131\u011f\u0131 dava hala devam ediyor. Davan\u0131n 122\u2019nci duru\u015fmas\u0131 ge\u00e7en hafta boyunca \u00c7a\u011flayan\u2019daki \u0130stanbul Adliyesi\u2019nde, 14\u2019\u00fcnc\u00fc [&hellip;]","og_url":"https:\/\/akunq.net\/tr\/?p=61022","og_site_name":"Bati Ermenistan Ve Bati Ermenileri Sorunlari Ara\u015ftirmalar Merkezi","article_published_time":"2021-01-19T07:53:49+00:00","og_image":[{"width":800,"height":800,"url":"https:\/\/akunq.net\/tr\/wp-content\/uploads\/sites\/6\/2021\/01\/\u0540\u0550\u0531\u0546\u0534-\u054f\u053b\u0546\u0554.jpg","type":"image\/jpeg"}],"author":"admin","twitter_card":"summary_large_image","twitter_misc":{"Written by":"admin","Est. reading time":"12 minutes"},"schema":{"@context":"https:\/\/schema.org","@graph":[{"@type":"Article","@id":"https:\/\/akunq.net\/tr\/?p=61022#article","isPartOf":{"@id":"https:\/\/akunq.net\/tr\/?p=61022"},"author":{"name":"admin","@id":"https:\/\/akunq.net\/tr\/#\/schema\/person\/096f1d38a12cce57fb855b485ed24c9e"},"headline":"Hrant Dink cinayeti: 14 y\u0131l sonra dava hangi a\u015famada?","datePublished":"2021-01-19T07:53:49+00:00","mainEntityOfPage":{"@id":"https:\/\/akunq.net\/tr\/?p=61022"},"wordCount":2494,"commentCount":0,"image":{"@id":"https:\/\/akunq.net\/tr\/?p=61022#primaryimage"},"thumbnailUrl":"https:\/\/akunq.net\/tr\/wp-content\/uploads\/sites\/6\/2021\/01\/\u0540\u0550\u0531\u0546\u0534-\u054f\u053b\u0546\u0554.jpg","articleSection":["Haberler"],"inLanguage":"en-US","potentialAction":[{"@type":"CommentAction","name":"Comment","target":["https:\/\/akunq.net\/tr\/?p=61022#respond"]}]},{"@type":"WebPage","@id":"https:\/\/akunq.net\/tr\/?p=61022","url":"https:\/\/akunq.net\/tr\/?p=61022","name":"Hrant Dink cinayeti: 14 y\u0131l sonra dava hangi a\u015famada? - Bati Ermenistan Ve Bati Ermenileri Sorunlari Ara\u015ftirmalar Merkezi","isPartOf":{"@id":"https:\/\/akunq.net\/tr\/#website"},"primaryImageOfPage":{"@id":"https:\/\/akunq.net\/tr\/?p=61022#primaryimage"},"image":{"@id":"https:\/\/akunq.net\/tr\/?p=61022#primaryimage"},"thumbnailUrl":"https:\/\/akunq.net\/tr\/wp-content\/uploads\/sites\/6\/2021\/01\/\u0540\u0550\u0531\u0546\u0534-\u054f\u053b\u0546\u0554.jpg","datePublished":"2021-01-19T07:53:49+00:00","author":{"@id":"https:\/\/akunq.net\/tr\/#\/schema\/person\/096f1d38a12cce57fb855b485ed24c9e"},"breadcrumb":{"@id":"https:\/\/akunq.net\/tr\/?p=61022#breadcrumb"},"inLanguage":"en-US","potentialAction":[{"@type":"ReadAction","target":["https:\/\/akunq.net\/tr\/?p=61022"]}]},{"@type":"ImageObject","inLanguage":"en-US","@id":"https:\/\/akunq.net\/tr\/?p=61022#primaryimage","url":"https:\/\/akunq.net\/tr\/wp-content\/uploads\/sites\/6\/2021\/01\/\u0540\u0550\u0531\u0546\u0534-\u054f\u053b\u0546\u0554.jpg","contentUrl":"https:\/\/akunq.net\/tr\/wp-content\/uploads\/sites\/6\/2021\/01\/\u0540\u0550\u0531\u0546\u0534-\u054f\u053b\u0546\u0554.jpg","width":800,"height":800},{"@type":"BreadcrumbList","@id":"https:\/\/akunq.net\/tr\/?p=61022#breadcrumb","itemListElement":[{"@type":"ListItem","position":1,"name":"Home","item":"https:\/\/akunq.net\/tr"},{"@type":"ListItem","position":2,"name":"Hrant Dink cinayeti: 14 y\u0131l sonra dava hangi a\u015famada?"}]},{"@type":"WebSite","@id":"https:\/\/akunq.net\/tr\/#website","url":"https:\/\/akunq.net\/tr\/","name":"Bati Ermenistan Ve Bati Ermenileri Sorunlari Ara\u015ftirmalar Merkezi","description":"","potentialAction":[{"@type":"SearchAction","target":{"@type":"EntryPoint","urlTemplate":"https:\/\/akunq.net\/tr\/?s={search_term_string}"},"query-input":{"@type":"PropertyValueSpecification","valueRequired":true,"valueName":"search_term_string"}}],"inLanguage":"en-US"},{"@type":"Person","@id":"https:\/\/akunq.net\/tr\/#\/schema\/person\/096f1d38a12cce57fb855b485ed24c9e","name":"admin","url":"https:\/\/akunq.net\/tr\/?author=7"}]}},"_links":{"self":[{"href":"https:\/\/akunq.net\/tr\/index.php?rest_route=\/wp\/v2\/posts\/61022","targetHints":{"allow":["GET"]}}],"collection":[{"href":"https:\/\/akunq.net\/tr\/index.php?rest_route=\/wp\/v2\/posts"}],"about":[{"href":"https:\/\/akunq.net\/tr\/index.php?rest_route=\/wp\/v2\/types\/post"}],"author":[{"embeddable":true,"href":"https:\/\/akunq.net\/tr\/index.php?rest_route=\/wp\/v2\/users\/7"}],"replies":[{"embeddable":true,"href":"https:\/\/akunq.net\/tr\/index.php?rest_route=%2Fwp%2Fv2%2Fcomments&post=61022"}],"version-history":[{"count":1,"href":"https:\/\/akunq.net\/tr\/index.php?rest_route=\/wp\/v2\/posts\/61022\/revisions"}],"predecessor-version":[{"id":61024,"href":"https:\/\/akunq.net\/tr\/index.php?rest_route=\/wp\/v2\/posts\/61022\/revisions\/61024"}],"wp:featuredmedia":[{"embeddable":true,"href":"https:\/\/akunq.net\/tr\/index.php?rest_route=\/wp\/v2\/media\/61023"}],"wp:attachment":[{"href":"https:\/\/akunq.net\/tr\/index.php?rest_route=%2Fwp%2Fv2%2Fmedia&parent=61022"}],"wp:term":[{"taxonomy":"category","embeddable":true,"href":"https:\/\/akunq.net\/tr\/index.php?rest_route=%2Fwp%2Fv2%2Fcategories&post=61022"},{"taxonomy":"post_tag","embeddable":true,"href":"https:\/\/akunq.net\/tr\/index.php?rest_route=%2Fwp%2Fv2%2Ftags&post=61022"}],"curies":[{"name":"wp","href":"https:\/\/api.w.org\/{rel}","templated":true}]}}