{"id":61016,"date":"2021-01-19T02:22:32","date_gmt":"2021-01-19T07:22:32","guid":{"rendered":"https:\/\/akunq.net\/tr\/?p=61016"},"modified":"2021-01-19T02:22:32","modified_gmt":"2021-01-19T07:22:32","slug":"hrant-dink-cinayeti-icin-arastirma-onergesi","status":"publish","type":"post","link":"https:\/\/akunq.net\/tr\/?p=61016","title":{"rendered":"Hrant Dink Cinayeti i\u00e7in ara\u015ft\u0131rma \u00f6nergesi"},"content":{"rendered":"<h4><img loading=\"lazy\" decoding=\"async\" class=\"aligncenter size-medium wp-image-61017\" src=\"https:\/\/akunq.net\/tr\/wp-content\/uploads\/2021\/01\/Hrant-Dink-4-360x180.jpg\" alt=\"\" width=\"360\" height=\"180\" srcset=\"https:\/\/akunq.net\/tr\/wp-content\/uploads\/sites\/6\/2021\/01\/Hrant-Dink-4-360x180.jpg 360w, https:\/\/akunq.net\/tr\/wp-content\/uploads\/sites\/6\/2021\/01\/Hrant-Dink-4-260x130.jpg 260w, https:\/\/akunq.net\/tr\/wp-content\/uploads\/sites\/6\/2021\/01\/Hrant-Dink-4-160x80.jpg 160w, https:\/\/akunq.net\/tr\/wp-content\/uploads\/sites\/6\/2021\/01\/Hrant-Dink-4.jpg 512w\" sizes=\"auto, (max-width: 360px) 100vw, 360px\" \/><\/h4>\n<h4><em>HDP milletvekili Garo Paylan Hrant Dink Cinayeti&#8217;nin ara\u015ft\u0131r\u0131lmas\u0131 i\u00e7in TBMM&#8217;ye \u00f6nerge verdi.<\/em><\/h4>\n<p>Paylan \u00f6nergesinin sunu\u015f k\u0131sm\u0131nda \u015fu ifadelere yer verdi:<\/p>\n<p>&#8220;Hrant Dink cinayeti; \u00fczerinden 14 sene ge\u00e7mesine kar\u015f\u0131n hen\u00fcz ayd\u0131nlat\u0131lmam\u0131\u015f, olaya kar\u0131\u015fan kamu g\u00f6revlileri ve onlar\u0131n cinayetteki sorumluluklar\u0131 a\u00e7\u0131\u011fa kavu\u015fturulmam\u0131\u015f, adalet yerini bulmam\u0131\u015ft\u0131r. Yarg\u0131 s\u00fcreci, Hrant Dink cinayetinin ger\u00e7ek sorumlular\u0131n\u0131 ortaya \u00e7\u0131karma iddias\u0131ndan \u00e7ok uzaktad\u0131r.<\/p>\n<p>Hrant Dink cinayetinin t\u00fcm y\u00f6nleriyle ayd\u0131nlat\u0131lmas\u0131 amac\u0131yla Anayasa\u2019n\u0131n 98\u2019inci, TBMM \u0130\u00e7 T\u00fcz\u00fc\u011f\u00fc\u2019n\u00fcn 104\u2019\u00fcnc\u00fc ve 105\u2019inci maddeleri uyar\u0131nca Meclis Ara\u015ft\u0131rmas\u0131 a\u00e7\u0131lmas\u0131 i\u00e7in gere\u011fini arz ve teklif ederiz.&#8221;<\/p>\n<p>Paylan&#8217;\u0131n TBMM&#8217;ye sundu\u011fu \u00f6nerge \u015f\u00f6yle:<\/p>\n<p>&#8220;Hrant Dink, 19 Ocak 2007 tarihinde, \u0130stanbul\u2019da kurucusu ve genel yay\u0131n y\u00f6netmeni oldu\u011fu AGOS Gazetesi\u2019nin \u00f6n\u00fcnde \u00f6ld\u00fcr\u00fclm\u00fc\u015ft\u00fcr. Dink, ya\u015fam\u0131 boyunca T\u00fcrkiye halklar\u0131n\u0131n e\u015fit yurtta\u015fl\u0131k talebini dile getirmi\u015f, devletin milliyet\u00e7i ve ayr\u0131mc\u0131 politikalar\u0131n\u0131 ele\u015ftirmi\u015f, bar\u0131\u015f\u0131n, e\u015fitli\u011fin, ge\u00e7mi\u015fle y\u00fczle\u015fmenin \u00f6nemini savunmu\u015f bir gazetecidir.<\/p>\n<p>Dink\u2019in \u00f6ld\u00fcr\u00fclmesi toplumun pek \u00e7ok kesiminde, farkl\u0131 etnik kimlikten ve dini inan\u0131\u015ftan yurtta\u015fta ortak bir ac\u0131 yaratm\u0131\u015f, cenazesinde y\u00fcz binlerce insan bir araya gelmi\u015f, birbirinin varl\u0131\u011f\u0131n\u0131 ve ac\u0131s\u0131n\u0131 sahiplenerek bir arada ya\u015famaya duyulan \u00f6zlemi ortaya koymu\u015ftur. Hrant Dink, \u00f6ld\u00fcr\u00fcld\u00fc\u011f\u00fc g\u00fcnden sonra da T\u00fcrkiye\u2019de e\u015fitli\u011fe ve \u00e7o\u011fulculu\u011fa duyulan \u00f6zlemin, demokrasi ve adalet istencinin bir sembol\u00fc haline gelmi\u015ftir.<\/p>\n<p>Hrant Dink, AGOS\u2019ta yay\u0131mlanan 6 \u015eubat 2004 tarihli Sabiha G\u00f6k\u00e7en\u2019e ili\u015fkin yaz\u0131s\u0131ndan sonra \u0131rk\u00e7\u0131 \u00e7evreler taraf\u0131ndan hedef haline getirilmeye ba\u015flanm\u0131\u015ft\u0131r. Yaz\u0131n\u0131n yay\u0131mlanmas\u0131ndan sonra Genelkurmay Ba\u015fkanl\u0131\u011f\u0131 taraf\u0131ndan Dink\u2019i hedef g\u00f6steren bir a\u00e7\u0131klama yap\u0131lm\u0131\u015f ve takip eden s\u00fcre\u00e7te Dink, \u0130stanbul Valili\u011fince \u00e7a\u011fr\u0131larak, \u201cuyar\u0131lm\u0131\u015ft\u0131r\u201d. Yan\u0131 s\u0131ra 16 Nisan 2005 tarihinde, Dink hakk\u0131nda \u201cT\u00fcrkl\u00fc\u011fe hakaret\u201d su\u00e7lamas\u0131yla (TCK 301) dava a\u00e7\u0131lm\u0131\u015ft\u0131r. Dink hakk\u0131nda mahk\u00fbmiyet karar\u0131 verilmi\u015f. Karar, bilirki\u015fi raporuna ve Yarg\u0131tay Ba\u015fsavc\u0131l\u0131\u011f\u0131\u2019n\u0131n itiraz\u0131na ra\u011fmen Yarg\u0131tay taraf\u0131ndan onanm\u0131\u015ft\u0131r. Cinayete varan s\u00fcre\u00e7 boyunca Dink, sahip oldu\u011fu Ermeni kimli\u011fi \u00fczerinden, medya arac\u0131l\u0131\u011f\u0131yla \u0131rk\u00e7\u0131, milliyet\u00e7i kesimler taraf\u0131ndan hedef haline getirilmi\u015f, \u201cT\u00fcrk D\u00fc\u015fman\u0131 Ermeni!\u201d gibi pek \u00e7ok nefret s\u00f6yleminin hedefi k\u0131l\u0131nm\u0131\u015ft\u0131r. H\u00fck\u00fcmet taraf\u0131ndan, Dink\u2019in hedef g\u00f6sterilmesini engelleyecek, medyadaki nefret s\u00f6ylemlerini k\u0131nayan bir tutum al\u0131nmam\u0131\u015f, tam tersine h\u00fck\u00fcmet temsilcileri cinayetin \u015fartlar\u0131n\u0131 yaratan nefret s\u00f6ylemlerinde bulunmu\u015ftur.<\/p>\n<p>Hrant Dink cinayeti \u00f6rg\u00fctl\u00fc bir su\u00e7 niteli\u011fi ta\u015f\u0131maktad\u0131r. Cinayete giden s\u00fcre\u00e7te, devletin \u00e7e\u015fitli kademelerindeki kamu g\u00f6revlileri suikast plan\u0131 ile ilgili bilgi sahibi olmalar\u0131na ra\u011fmen harekete ge\u00e7memi\u015ftir. Ayr\u0131ca, Dink\u2019in katil zanl\u0131s\u0131n\u0131n Samsun Emniyeti\u2019nde emniyet mensuplar\u0131nca bir \u201ckahraman\u201d edas\u0131yla kar\u015f\u0131lanmas\u0131na ili\u015fkin bas\u0131na yans\u0131yan g\u00f6r\u00fcnt\u00fcler, Hrant Dink cinayetine ili\u015fkin \u201ckirli ili\u015fkilerin\u201d ipu\u00e7lar\u0131n\u0131 veren, toplumsal haf\u0131zada silinmeyecek derin bir iz olarak de\u011ferlendirilebilir.<\/p>\n<p>Bu anlamda Devlet, Hrant Dink\u2019in \u201cya\u015fam hakk\u0131n\u0131n ihlali\u201d konusunda koruma ve \u00f6nleme sorumlulu\u011funu yerine getirmedi\u011fi gibi \u00e7ok say\u0131da kamu g\u00f6revlisi cinayetin \u015fartlar\u0131n\u0131n olu\u015fmas\u0131nda rol alm\u0131\u015ft\u0131r. Cinayetten sonra da yeterli ve etkili kovu\u015fturma\/soru\u015fturma s\u00fcreci ger\u00e7ekle\u015ftirmemi\u015ftir. Hrant Dink cinayetinde sorumlulu\u011fu olan kamu g\u00f6revlileri g\u00f6revlerine devam etmi\u015f, hatta terfi ettirilmi\u015ftir.<\/p>\n<p>Hrant Dink\u2019in katillerinin yarg\u0131lanmas\u0131na 20 Nisan 2007\u2019de \u0130stanbul 14. A\u011f\u0131r Ceza Mahkemesi\u2019nde ba\u015flanm\u0131\u015ft\u0131r. Yarg\u0131 s\u00fcreci, \u00fczerinden 14 y\u0131l ge\u00e7mesine ra\u011fmen cinayetin ger\u00e7ek sorumlular\u0131n\u0131 a\u00e7\u0131\u011fa \u00e7\u0131karma iddias\u0131ndan \u00e7ok uzaktad\u0131r. Devlet i\u00e7indeki karanl\u0131k g\u00fc\u00e7lerin Ermeni bir yurtta\u015f\u0131 milli mutabakatla \u00f6ld\u00fcrtmesi, Dink davas\u0131nda siyasi sebeplerle \u00f6nce Ergenekoncu denilenlere, sonra FET\u00d6\u2019c\u00fc denilenlere y\u0131k\u0131lmaya \u00e7al\u0131\u015f\u0131lm\u0131\u015f, ancak ger\u00e7ek sorumlular ortaya \u00e7\u0131kar\u0131lmaktan ka\u00e7\u0131lm\u0131\u015ft\u0131r. Hrant Dink davas\u0131 A\u0130HM\u2019e de ta\u015f\u0131nm\u0131\u015ft\u0131r. A\u0130HM, Dink Karar\u0131\u2019nda T\u00fcrkiye\u2019nin, Avrupa \u0130nsan Haklar\u0131 S\u00f6zle\u015fmesi\u2019nin ya\u015fam hakk\u0131 (madde 2), ifade \u00f6zg\u00fcrl\u00fc\u011f\u00fc (madde 10) ve mahkemeye etkili ba\u015fvuru hakk\u0131n\u0131 (madde 13) ihlal etti\u011fine oy birli\u011fiyle karar vermi\u015ftir.<\/p>\n<p>Hrant Dink davas\u0131nda ihtiya\u00e7 duyulan adalet, temsili bir yarg\u0131lama ve belli ki\u015filerin ceza almas\u0131yla de\u011fil; cinayetin \u015fartlar\u0131n\u0131 haz\u0131rlayanlar\u0131n, \u201c\u00f6ld\u00fcr\u201d diyenlerin ve sonras\u0131nda sorumlular\u0131 bir t\u00fcr cezas\u0131zl\u0131k z\u0131rh\u0131yla ku\u015fatarak bu nefret su\u00e7unun \u00fcst\u00fcn\u00fc \u00f6rten zihniyetin t\u00fcm akt\u00f6rlerinin ortaya \u00e7\u0131kar\u0131lmas\u0131 ile sa\u011flanacakt\u0131r.<\/p>\n<p>TBMM\u2019nin Hrant Dink cinayetinin ayd\u0131nlat\u0131lmas\u0131 i\u00e7in sorumluluk almas\u0131 gerekmektedir.\u00a0 Meclis, Dink cinayetinin ger\u00e7ek sorumlular\u0131n\u0131 ortaya \u00e7\u0131kar\u0131lmas\u0131n\u0131n \u00f6n\u00fcn\u00fc a\u00e7mas\u0131, yeni nefret su\u00e7lar\u0131n\u0131 engelleyecektir. Hrant Dink cinayetinin ayd\u0131nlanmas\u0131, devletin, i\u00e7indeki karanl\u0131k odaklardan ar\u0131nmas\u0131n\u0131 sa\u011flayacakt\u0131r.\u00a0 Toplumsal vicdan\u0131 rahatlatmak ve \u201cbir bebekten katil yaratan karanl\u0131k\u201d ile hesapla\u015fmak i\u00e7in Hrant Dink cinayeti hakk\u0131nda bir Meclis Ara\u015ft\u0131rmas\u0131 a\u00e7\u0131lmas\u0131n\u0131 talep ediyoruz.&#8221;<\/p>\n<p><em><strong>http:\/\/www.agos.com.tr\/tr\/yazi\/25197\/hrant-dink-cinayeti-icin-arastirma-onergesi\u00a0<\/strong><\/em><\/p>\n","protected":false},"excerpt":{"rendered":"<p>HDP milletvekili Garo Paylan Hrant Dink Cinayeti&#8217;nin ara\u015ft\u0131r\u0131lmas\u0131 i\u00e7in TBMM&#8217;ye \u00f6nerge verdi. Paylan \u00f6nergesinin sunu\u015f k\u0131sm\u0131nda \u015fu ifadelere yer verdi: &#8220;Hrant Dink cinayeti; \u00fczerinden 14 sene ge\u00e7mesine kar\u015f\u0131n hen\u00fcz ayd\u0131nlat\u0131lmam\u0131\u015f, olaya kar\u0131\u015fan kamu g\u00f6revlileri ve onlar\u0131n cinayetteki sorumluluklar\u0131 a\u00e7\u0131\u011fa kavu\u015fturulmam\u0131\u015f, adalet yerini bulmam\u0131\u015ft\u0131r. Yarg\u0131 s\u00fcreci, Hrant Dink cinayetinin ger\u00e7ek sorumlular\u0131n\u0131 ortaya \u00e7\u0131karma iddias\u0131ndan \u00e7ok uzaktad\u0131r. [&hellip;]<\/p>\n","protected":false},"author":7,"featured_media":61017,"comment_status":"open","ping_status":"open","sticky":false,"template":"","format":"standard","meta":{"footnotes":""},"categories":[1],"tags":[],"class_list":["post-61016","post","type-post","status-publish","format-standard","has-post-thumbnail","hentry","category-haberler"],"yoast_head":"<!-- This site is optimized with the Yoast SEO plugin v27.4 - https:\/\/yoast.com\/product\/yoast-seo-wordpress\/ -->\n<title>Hrant Dink Cinayeti i\u00e7in ara\u015ft\u0131rma \u00f6nergesi - Bati Ermenistan Ve Bati Ermenileri Sorunlari Ara\u015ftirmalar Merkezi<\/title>\n<meta name=\"robots\" content=\"index, follow, max-snippet:-1, max-image-preview:large, max-video-preview:-1\" \/>\n<link rel=\"canonical\" href=\"https:\/\/akunq.net\/tr\/?p=61016\" \/>\n<meta property=\"og:locale\" content=\"en_US\" \/>\n<meta property=\"og:type\" content=\"article\" \/>\n<meta property=\"og:title\" content=\"Hrant Dink Cinayeti i\u00e7in ara\u015ft\u0131rma \u00f6nergesi - Bati Ermenistan Ve Bati Ermenileri Sorunlari Ara\u015ftirmalar Merkezi\" \/>\n<meta property=\"og:description\" content=\"HDP milletvekili Garo Paylan Hrant Dink Cinayeti&#8217;nin ara\u015ft\u0131r\u0131lmas\u0131 i\u00e7in TBMM&#8217;ye \u00f6nerge verdi. Paylan \u00f6nergesinin sunu\u015f k\u0131sm\u0131nda \u015fu ifadelere yer verdi: &#8220;Hrant Dink cinayeti; \u00fczerinden 14 sene ge\u00e7mesine kar\u015f\u0131n hen\u00fcz ayd\u0131nlat\u0131lmam\u0131\u015f, olaya kar\u0131\u015fan kamu g\u00f6revlileri ve onlar\u0131n cinayetteki sorumluluklar\u0131 a\u00e7\u0131\u011fa kavu\u015fturulmam\u0131\u015f, adalet yerini bulmam\u0131\u015ft\u0131r. Yarg\u0131 s\u00fcreci, Hrant Dink cinayetinin ger\u00e7ek sorumlular\u0131n\u0131 ortaya \u00e7\u0131karma iddias\u0131ndan \u00e7ok uzaktad\u0131r. [&hellip;]\" \/>\n<meta property=\"og:url\" content=\"https:\/\/akunq.net\/tr\/?p=61016\" \/>\n<meta property=\"og:site_name\" content=\"Bati Ermenistan Ve Bati Ermenileri Sorunlari Ara\u015ftirmalar Merkezi\" \/>\n<meta property=\"article:published_time\" content=\"2021-01-19T07:22:32+00:00\" \/>\n<meta property=\"og:image\" content=\"https:\/\/akunq.net\/tr\/wp-content\/uploads\/sites\/6\/2021\/01\/Hrant-Dink-4.jpg\" \/>\n\t<meta property=\"og:image:width\" content=\"512\" \/>\n\t<meta property=\"og:image:height\" content=\"256\" \/>\n\t<meta property=\"og:image:type\" content=\"image\/jpeg\" \/>\n<meta name=\"author\" content=\"admin\" \/>\n<meta name=\"twitter:card\" content=\"summary_large_image\" \/>\n<meta name=\"twitter:label1\" content=\"Written by\" \/>\n\t<meta name=\"twitter:data1\" content=\"admin\" \/>\n\t<meta name=\"twitter:label2\" content=\"Est. reading time\" \/>\n\t<meta name=\"twitter:data2\" content=\"5 minutes\" \/>\n<script type=\"application\/ld+json\" class=\"yoast-schema-graph\">{\"@context\":\"https:\\\/\\\/schema.org\",\"@graph\":[{\"@type\":\"Article\",\"@id\":\"https:\\\/\\\/akunq.net\\\/tr\\\/?p=61016#article\",\"isPartOf\":{\"@id\":\"https:\\\/\\\/akunq.net\\\/tr\\\/?p=61016\"},\"author\":{\"name\":\"admin\",\"@id\":\"https:\\\/\\\/akunq.net\\\/tr\\\/#\\\/schema\\\/person\\\/096f1d38a12cce57fb855b485ed24c9e\"},\"headline\":\"Hrant Dink Cinayeti i\u00e7in ara\u015ft\u0131rma \u00f6nergesi\",\"datePublished\":\"2021-01-19T07:22:32+00:00\",\"mainEntityOfPage\":{\"@id\":\"https:\\\/\\\/akunq.net\\\/tr\\\/?p=61016\"},\"wordCount\":929,\"commentCount\":0,\"image\":{\"@id\":\"https:\\\/\\\/akunq.net\\\/tr\\\/?p=61016#primaryimage\"},\"thumbnailUrl\":\"https:\\\/\\\/akunq.net\\\/tr\\\/wp-content\\\/uploads\\\/sites\\\/6\\\/2021\\\/01\\\/Hrant-Dink-4.jpg\",\"articleSection\":[\"Haberler\"],\"inLanguage\":\"en-US\",\"potentialAction\":[{\"@type\":\"CommentAction\",\"name\":\"Comment\",\"target\":[\"https:\\\/\\\/akunq.net\\\/tr\\\/?p=61016#respond\"]}]},{\"@type\":\"WebPage\",\"@id\":\"https:\\\/\\\/akunq.net\\\/tr\\\/?p=61016\",\"url\":\"https:\\\/\\\/akunq.net\\\/tr\\\/?p=61016\",\"name\":\"Hrant Dink Cinayeti i\u00e7in ara\u015ft\u0131rma \u00f6nergesi - Bati Ermenistan Ve Bati Ermenileri Sorunlari Ara\u015ftirmalar Merkezi\",\"isPartOf\":{\"@id\":\"https:\\\/\\\/akunq.net\\\/tr\\\/#website\"},\"primaryImageOfPage\":{\"@id\":\"https:\\\/\\\/akunq.net\\\/tr\\\/?p=61016#primaryimage\"},\"image\":{\"@id\":\"https:\\\/\\\/akunq.net\\\/tr\\\/?p=61016#primaryimage\"},\"thumbnailUrl\":\"https:\\\/\\\/akunq.net\\\/tr\\\/wp-content\\\/uploads\\\/sites\\\/6\\\/2021\\\/01\\\/Hrant-Dink-4.jpg\",\"datePublished\":\"2021-01-19T07:22:32+00:00\",\"author\":{\"@id\":\"https:\\\/\\\/akunq.net\\\/tr\\\/#\\\/schema\\\/person\\\/096f1d38a12cce57fb855b485ed24c9e\"},\"breadcrumb\":{\"@id\":\"https:\\\/\\\/akunq.net\\\/tr\\\/?p=61016#breadcrumb\"},\"inLanguage\":\"en-US\",\"potentialAction\":[{\"@type\":\"ReadAction\",\"target\":[\"https:\\\/\\\/akunq.net\\\/tr\\\/?p=61016\"]}]},{\"@type\":\"ImageObject\",\"inLanguage\":\"en-US\",\"@id\":\"https:\\\/\\\/akunq.net\\\/tr\\\/?p=61016#primaryimage\",\"url\":\"https:\\\/\\\/akunq.net\\\/tr\\\/wp-content\\\/uploads\\\/sites\\\/6\\\/2021\\\/01\\\/Hrant-Dink-4.jpg\",\"contentUrl\":\"https:\\\/\\\/akunq.net\\\/tr\\\/wp-content\\\/uploads\\\/sites\\\/6\\\/2021\\\/01\\\/Hrant-Dink-4.jpg\",\"width\":512,\"height\":256},{\"@type\":\"BreadcrumbList\",\"@id\":\"https:\\\/\\\/akunq.net\\\/tr\\\/?p=61016#breadcrumb\",\"itemListElement\":[{\"@type\":\"ListItem\",\"position\":1,\"name\":\"Home\",\"item\":\"https:\\\/\\\/akunq.net\\\/tr\"},{\"@type\":\"ListItem\",\"position\":2,\"name\":\"Hrant Dink Cinayeti i\u00e7in ara\u015ft\u0131rma \u00f6nergesi\"}]},{\"@type\":\"WebSite\",\"@id\":\"https:\\\/\\\/akunq.net\\\/tr\\\/#website\",\"url\":\"https:\\\/\\\/akunq.net\\\/tr\\\/\",\"name\":\"Bati Ermenistan Ve Bati Ermenileri Sorunlari Ara\u015ftirmalar Merkezi\",\"description\":\"\",\"potentialAction\":[{\"@type\":\"SearchAction\",\"target\":{\"@type\":\"EntryPoint\",\"urlTemplate\":\"https:\\\/\\\/akunq.net\\\/tr\\\/?s={search_term_string}\"},\"query-input\":{\"@type\":\"PropertyValueSpecification\",\"valueRequired\":true,\"valueName\":\"search_term_string\"}}],\"inLanguage\":\"en-US\"},{\"@type\":\"Person\",\"@id\":\"https:\\\/\\\/akunq.net\\\/tr\\\/#\\\/schema\\\/person\\\/096f1d38a12cce57fb855b485ed24c9e\",\"name\":\"admin\",\"url\":\"https:\\\/\\\/akunq.net\\\/tr\\\/?author=7\"}]}<\/script>\n<!-- \/ Yoast SEO plugin. -->","yoast_head_json":{"title":"Hrant Dink Cinayeti i\u00e7in ara\u015ft\u0131rma \u00f6nergesi - Bati Ermenistan Ve Bati Ermenileri Sorunlari Ara\u015ftirmalar Merkezi","robots":{"index":"index","follow":"follow","max-snippet":"max-snippet:-1","max-image-preview":"max-image-preview:large","max-video-preview":"max-video-preview:-1"},"canonical":"https:\/\/akunq.net\/tr\/?p=61016","og_locale":"en_US","og_type":"article","og_title":"Hrant Dink Cinayeti i\u00e7in ara\u015ft\u0131rma \u00f6nergesi - Bati Ermenistan Ve Bati Ermenileri Sorunlari Ara\u015ftirmalar Merkezi","og_description":"HDP milletvekili Garo Paylan Hrant Dink Cinayeti&#8217;nin ara\u015ft\u0131r\u0131lmas\u0131 i\u00e7in TBMM&#8217;ye \u00f6nerge verdi. Paylan \u00f6nergesinin sunu\u015f k\u0131sm\u0131nda \u015fu ifadelere yer verdi: &#8220;Hrant Dink cinayeti; \u00fczerinden 14 sene ge\u00e7mesine kar\u015f\u0131n hen\u00fcz ayd\u0131nlat\u0131lmam\u0131\u015f, olaya kar\u0131\u015fan kamu g\u00f6revlileri ve onlar\u0131n cinayetteki sorumluluklar\u0131 a\u00e7\u0131\u011fa kavu\u015fturulmam\u0131\u015f, adalet yerini bulmam\u0131\u015ft\u0131r. Yarg\u0131 s\u00fcreci, Hrant Dink cinayetinin ger\u00e7ek sorumlular\u0131n\u0131 ortaya \u00e7\u0131karma iddias\u0131ndan \u00e7ok uzaktad\u0131r. [&hellip;]","og_url":"https:\/\/akunq.net\/tr\/?p=61016","og_site_name":"Bati Ermenistan Ve Bati Ermenileri Sorunlari Ara\u015ftirmalar Merkezi","article_published_time":"2021-01-19T07:22:32+00:00","og_image":[{"width":512,"height":256,"url":"https:\/\/akunq.net\/tr\/wp-content\/uploads\/sites\/6\/2021\/01\/Hrant-Dink-4.jpg","type":"image\/jpeg"}],"author":"admin","twitter_card":"summary_large_image","twitter_misc":{"Written by":"admin","Est. reading time":"5 minutes"},"schema":{"@context":"https:\/\/schema.org","@graph":[{"@type":"Article","@id":"https:\/\/akunq.net\/tr\/?p=61016#article","isPartOf":{"@id":"https:\/\/akunq.net\/tr\/?p=61016"},"author":{"name":"admin","@id":"https:\/\/akunq.net\/tr\/#\/schema\/person\/096f1d38a12cce57fb855b485ed24c9e"},"headline":"Hrant Dink Cinayeti i\u00e7in ara\u015ft\u0131rma \u00f6nergesi","datePublished":"2021-01-19T07:22:32+00:00","mainEntityOfPage":{"@id":"https:\/\/akunq.net\/tr\/?p=61016"},"wordCount":929,"commentCount":0,"image":{"@id":"https:\/\/akunq.net\/tr\/?p=61016#primaryimage"},"thumbnailUrl":"https:\/\/akunq.net\/tr\/wp-content\/uploads\/sites\/6\/2021\/01\/Hrant-Dink-4.jpg","articleSection":["Haberler"],"inLanguage":"en-US","potentialAction":[{"@type":"CommentAction","name":"Comment","target":["https:\/\/akunq.net\/tr\/?p=61016#respond"]}]},{"@type":"WebPage","@id":"https:\/\/akunq.net\/tr\/?p=61016","url":"https:\/\/akunq.net\/tr\/?p=61016","name":"Hrant Dink Cinayeti i\u00e7in ara\u015ft\u0131rma \u00f6nergesi - Bati Ermenistan Ve Bati Ermenileri Sorunlari Ara\u015ftirmalar Merkezi","isPartOf":{"@id":"https:\/\/akunq.net\/tr\/#website"},"primaryImageOfPage":{"@id":"https:\/\/akunq.net\/tr\/?p=61016#primaryimage"},"image":{"@id":"https:\/\/akunq.net\/tr\/?p=61016#primaryimage"},"thumbnailUrl":"https:\/\/akunq.net\/tr\/wp-content\/uploads\/sites\/6\/2021\/01\/Hrant-Dink-4.jpg","datePublished":"2021-01-19T07:22:32+00:00","author":{"@id":"https:\/\/akunq.net\/tr\/#\/schema\/person\/096f1d38a12cce57fb855b485ed24c9e"},"breadcrumb":{"@id":"https:\/\/akunq.net\/tr\/?p=61016#breadcrumb"},"inLanguage":"en-US","potentialAction":[{"@type":"ReadAction","target":["https:\/\/akunq.net\/tr\/?p=61016"]}]},{"@type":"ImageObject","inLanguage":"en-US","@id":"https:\/\/akunq.net\/tr\/?p=61016#primaryimage","url":"https:\/\/akunq.net\/tr\/wp-content\/uploads\/sites\/6\/2021\/01\/Hrant-Dink-4.jpg","contentUrl":"https:\/\/akunq.net\/tr\/wp-content\/uploads\/sites\/6\/2021\/01\/Hrant-Dink-4.jpg","width":512,"height":256},{"@type":"BreadcrumbList","@id":"https:\/\/akunq.net\/tr\/?p=61016#breadcrumb","itemListElement":[{"@type":"ListItem","position":1,"name":"Home","item":"https:\/\/akunq.net\/tr"},{"@type":"ListItem","position":2,"name":"Hrant Dink Cinayeti i\u00e7in ara\u015ft\u0131rma \u00f6nergesi"}]},{"@type":"WebSite","@id":"https:\/\/akunq.net\/tr\/#website","url":"https:\/\/akunq.net\/tr\/","name":"Bati Ermenistan Ve Bati Ermenileri Sorunlari Ara\u015ftirmalar Merkezi","description":"","potentialAction":[{"@type":"SearchAction","target":{"@type":"EntryPoint","urlTemplate":"https:\/\/akunq.net\/tr\/?s={search_term_string}"},"query-input":{"@type":"PropertyValueSpecification","valueRequired":true,"valueName":"search_term_string"}}],"inLanguage":"en-US"},{"@type":"Person","@id":"https:\/\/akunq.net\/tr\/#\/schema\/person\/096f1d38a12cce57fb855b485ed24c9e","name":"admin","url":"https:\/\/akunq.net\/tr\/?author=7"}]}},"_links":{"self":[{"href":"https:\/\/akunq.net\/tr\/index.php?rest_route=\/wp\/v2\/posts\/61016","targetHints":{"allow":["GET"]}}],"collection":[{"href":"https:\/\/akunq.net\/tr\/index.php?rest_route=\/wp\/v2\/posts"}],"about":[{"href":"https:\/\/akunq.net\/tr\/index.php?rest_route=\/wp\/v2\/types\/post"}],"author":[{"embeddable":true,"href":"https:\/\/akunq.net\/tr\/index.php?rest_route=\/wp\/v2\/users\/7"}],"replies":[{"embeddable":true,"href":"https:\/\/akunq.net\/tr\/index.php?rest_route=%2Fwp%2Fv2%2Fcomments&post=61016"}],"version-history":[{"count":1,"href":"https:\/\/akunq.net\/tr\/index.php?rest_route=\/wp\/v2\/posts\/61016\/revisions"}],"predecessor-version":[{"id":61018,"href":"https:\/\/akunq.net\/tr\/index.php?rest_route=\/wp\/v2\/posts\/61016\/revisions\/61018"}],"wp:featuredmedia":[{"embeddable":true,"href":"https:\/\/akunq.net\/tr\/index.php?rest_route=\/wp\/v2\/media\/61017"}],"wp:attachment":[{"href":"https:\/\/akunq.net\/tr\/index.php?rest_route=%2Fwp%2Fv2%2Fmedia&parent=61016"}],"wp:term":[{"taxonomy":"category","embeddable":true,"href":"https:\/\/akunq.net\/tr\/index.php?rest_route=%2Fwp%2Fv2%2Fcategories&post=61016"},{"taxonomy":"post_tag","embeddable":true,"href":"https:\/\/akunq.net\/tr\/index.php?rest_route=%2Fwp%2Fv2%2Ftags&post=61016"}],"curies":[{"name":"wp","href":"https:\/\/api.w.org\/{rel}","templated":true}]}}