{"id":61013,"date":"2021-01-19T02:12:30","date_gmt":"2021-01-19T07:12:30","guid":{"rendered":"https:\/\/akunq.net\/tr\/?p=61013"},"modified":"2021-01-19T02:12:30","modified_gmt":"2021-01-19T07:12:30","slug":"israil-hamasi-istanbuldan-cikarirsa-turkiye-ile-normallesiriz","status":"publish","type":"post","link":"https:\/\/akunq.net\/tr\/?p=61013","title":{"rendered":"\u0130srail: Hamas&#8217;\u0131 \u0130stanbul&#8217;dan \u00e7\u0131kar\u0131rsa T\u00fcrkiye ile normalle\u015firiz"},"content":{"rendered":"<p><img loading=\"lazy\" decoding=\"async\" class=\"aligncenter size-medium wp-image-61014\" src=\"https:\/\/akunq.net\/tr\/wp-content\/uploads\/2021\/01\/\u053b\u057d\u0580\u0561\u0575\u0565\u056c-360x239.jpg\" alt=\"\" width=\"360\" height=\"239\" srcset=\"https:\/\/akunq.net\/tr\/wp-content\/uploads\/sites\/6\/2021\/01\/\u053b\u057d\u0580\u0561\u0575\u0565\u056c-360x239.jpg 360w, https:\/\/akunq.net\/tr\/wp-content\/uploads\/sites\/6\/2021\/01\/\u053b\u057d\u0580\u0561\u0575\u0565\u056c-560x371.jpg 560w, https:\/\/akunq.net\/tr\/wp-content\/uploads\/sites\/6\/2021\/01\/\u053b\u057d\u0580\u0561\u0575\u0565\u056c-260x172.jpg 260w, https:\/\/akunq.net\/tr\/wp-content\/uploads\/sites\/6\/2021\/01\/\u053b\u057d\u0580\u0561\u0575\u0565\u056c-160x106.jpg 160w, https:\/\/akunq.net\/tr\/wp-content\/uploads\/sites\/6\/2021\/01\/\u053b\u057d\u0580\u0561\u0575\u0565\u056c.jpg 769w\" sizes=\"auto, (max-width: 360px) 100vw, 360px\" \/><\/p>\n<p><em><strong>\u0130srail y\u00f6netiminin T\u00fcrkiye&#8217;den normalle\u015fme \u015fart\u0131 olarak Hamas&#8217;\u0131n \u0130stanbul&#8217;dan \u00e7\u0131kar\u0131lmas\u0131n\u0131 istedi\u011fi \u00f6ne s\u00fcr\u00fcld\u00fc.<\/strong><\/em><\/p>\n<p>\u0130srailli kaynaklar, \u0130srail y\u00f6netiminin T\u00fcrkiye&#8217;den normalle\u015fme \u015fart\u0131 olarak Hamas&#8217;\u0131n \u0130stanbul&#8217;dan \u00e7\u0131kar\u0131lmas\u0131n\u0131 istedi\u011fini \u00f6ne s\u00fcrd\u00fc.<\/p>\n<p>\u0130srail merkezli ynet&#8217;in aktard\u0131\u011f\u0131 habere g\u00f6re \u0130srail h\u00fck\u00fcmeti, Hamas&#8217;\u0131n \u00fclkede faaliyet g\u00f6stermesine engel olunmad\u0131\u011f\u0131 s\u00fcrece T\u00fcrkiye ile ili\u015fkileri normalle\u015ftirmeme ve T\u00fcrkiye&#8217;ye b\u00fcy\u00fckel\u00e7i g\u00f6ndermeme politikas\u0131n\u0131 benimsemi\u015f durumda.<\/p>\n<p>Haberde \u0130srail&#8217;in, \u00fcst d\u00fczey bir diplomat olan ve T\u00fcrkiye konusunda uzman oldu\u011fu ifade edilen\u00a0Irit Lillian&#8217;\u0131 T\u00fcrkiye B\u00fcy\u00fckel\u00e7isi olarak d\u00fc\u015f\u00fcnd\u00fc\u011f\u00fc belirtildi.<\/p>\n<p>Hamas&#8217;\u0131n \u0130stanbul&#8217;da faaliyet g\u00f6steren ofisleri oldu\u011fu iddias\u0131 \u0130srail taraf\u0131ndan bir s\u00fcredir g\u00fcndeme getiriliyor.<\/p>\n<p>T\u00fcrkiye, May\u0131s 2018&#8217;de ABD&#8217;nin Kud\u00fcs&#8217;\u00fc \u0130srail&#8217;in ba\u015fkenti olarak tan\u0131mas\u0131n\u0131n ard\u0131ndan patlak veren olaylar neticesinde \u0130srail&#8217;in b\u00fcy\u00fckel\u00e7isini geri yollam\u0131\u015f, Tel Aviv&#8217;deki T\u00fcrkiye b\u00fcy\u00fckel\u00e7isini de geri \u00e7ekmi\u015fti.<\/p>\n<p>Bu tarihten bu yana T\u00fcrkiye&#8217;nin \u0130srail&#8217;de b\u00fcy\u00fckel\u00e7isi bulunmuyor.<\/p>\n<p>Son aylarda, iki \u00fclkenin ili\u015fkilerini normalle\u015ftirece\u011fi iddia ediliyordu.<\/p>\n<p><em><strong>https:\/\/www.mepanews.com\/israil-hamasi-istanbuldan-cikarirsa-turkiye-ile-normallesiriz-42092h.htm\u00a0<\/strong><\/em><\/p>\n<p>&nbsp;<\/p>\n","protected":false},"excerpt":{"rendered":"<p>\u0130srail y\u00f6netiminin T\u00fcrkiye&#8217;den normalle\u015fme \u015fart\u0131 olarak Hamas&#8217;\u0131n \u0130stanbul&#8217;dan \u00e7\u0131kar\u0131lmas\u0131n\u0131 istedi\u011fi \u00f6ne s\u00fcr\u00fcld\u00fc. \u0130srailli kaynaklar, \u0130srail y\u00f6netiminin T\u00fcrkiye&#8217;den normalle\u015fme \u015fart\u0131 olarak Hamas&#8217;\u0131n \u0130stanbul&#8217;dan \u00e7\u0131kar\u0131lmas\u0131n\u0131 istedi\u011fini \u00f6ne s\u00fcrd\u00fc. \u0130srail merkezli ynet&#8217;in aktard\u0131\u011f\u0131 habere g\u00f6re \u0130srail h\u00fck\u00fcmeti, Hamas&#8217;\u0131n \u00fclkede faaliyet g\u00f6stermesine engel olunmad\u0131\u011f\u0131 s\u00fcrece T\u00fcrkiye ile ili\u015fkileri normalle\u015ftirmeme ve T\u00fcrkiye&#8217;ye b\u00fcy\u00fckel\u00e7i g\u00f6ndermeme politikas\u0131n\u0131 benimsemi\u015f durumda. Haberde \u0130srail&#8217;in, \u00fcst [&hellip;]<\/p>\n","protected":false},"author":7,"featured_media":61014,"comment_status":"open","ping_status":"open","sticky":false,"template":"","format":"standard","meta":{"footnotes":""},"categories":[1],"tags":[],"class_list":["post-61013","post","type-post","status-publish","format-standard","has-post-thumbnail","hentry","category-haberler"],"yoast_head":"<!-- This site is optimized with the Yoast SEO plugin v27.4 - https:\/\/yoast.com\/product\/yoast-seo-wordpress\/ -->\n<title>\u0130srail: Hamas&#039;\u0131 \u0130stanbul&#039;dan \u00e7\u0131kar\u0131rsa T\u00fcrkiye ile normalle\u015firiz - Bati Ermenistan Ve Bati Ermenileri Sorunlari Ara\u015ftirmalar Merkezi<\/title>\n<meta name=\"robots\" content=\"index, follow, max-snippet:-1, max-image-preview:large, max-video-preview:-1\" \/>\n<link rel=\"canonical\" href=\"https:\/\/akunq.net\/tr\/?p=61013\" \/>\n<meta property=\"og:locale\" content=\"en_US\" \/>\n<meta property=\"og:type\" content=\"article\" \/>\n<meta property=\"og:title\" content=\"\u0130srail: Hamas&#039;\u0131 \u0130stanbul&#039;dan \u00e7\u0131kar\u0131rsa T\u00fcrkiye ile normalle\u015firiz - Bati Ermenistan Ve Bati Ermenileri Sorunlari Ara\u015ftirmalar Merkezi\" \/>\n<meta property=\"og:description\" content=\"\u0130srail y\u00f6netiminin T\u00fcrkiye&#8217;den normalle\u015fme \u015fart\u0131 olarak Hamas&#8217;\u0131n \u0130stanbul&#8217;dan \u00e7\u0131kar\u0131lmas\u0131n\u0131 istedi\u011fi \u00f6ne s\u00fcr\u00fcld\u00fc. \u0130srailli kaynaklar, \u0130srail y\u00f6netiminin T\u00fcrkiye&#8217;den normalle\u015fme \u015fart\u0131 olarak Hamas&#8217;\u0131n \u0130stanbul&#8217;dan \u00e7\u0131kar\u0131lmas\u0131n\u0131 istedi\u011fini \u00f6ne s\u00fcrd\u00fc. \u0130srail merkezli ynet&#8217;in aktard\u0131\u011f\u0131 habere g\u00f6re \u0130srail h\u00fck\u00fcmeti, Hamas&#8217;\u0131n \u00fclkede faaliyet g\u00f6stermesine engel olunmad\u0131\u011f\u0131 s\u00fcrece T\u00fcrkiye ile ili\u015fkileri normalle\u015ftirmeme ve T\u00fcrkiye&#8217;ye b\u00fcy\u00fckel\u00e7i g\u00f6ndermeme politikas\u0131n\u0131 benimsemi\u015f durumda. Haberde \u0130srail&#8217;in, \u00fcst [&hellip;]\" \/>\n<meta property=\"og:url\" content=\"https:\/\/akunq.net\/tr\/?p=61013\" \/>\n<meta property=\"og:site_name\" content=\"Bati Ermenistan Ve Bati Ermenileri Sorunlari Ara\u015ftirmalar Merkezi\" \/>\n<meta property=\"article:published_time\" content=\"2021-01-19T07:12:30+00:00\" \/>\n<meta property=\"og:image\" content=\"https:\/\/akunq.net\/tr\/wp-content\/uploads\/sites\/6\/2021\/01\/\u053b\u057d\u0580\u0561\u0575\u0565\u056c.jpg\" \/>\n\t<meta property=\"og:image:width\" content=\"769\" \/>\n\t<meta property=\"og:image:height\" content=\"510\" \/>\n\t<meta property=\"og:image:type\" content=\"image\/jpeg\" \/>\n<meta name=\"author\" content=\"admin\" \/>\n<meta name=\"twitter:card\" content=\"summary_large_image\" \/>\n<meta name=\"twitter:label1\" content=\"Written by\" \/>\n\t<meta name=\"twitter:data1\" content=\"admin\" \/>\n\t<meta name=\"twitter:label2\" content=\"Est. reading time\" \/>\n\t<meta name=\"twitter:data2\" content=\"1 minute\" \/>\n<script type=\"application\/ld+json\" class=\"yoast-schema-graph\">{\"@context\":\"https:\\\/\\\/schema.org\",\"@graph\":[{\"@type\":\"Article\",\"@id\":\"https:\\\/\\\/akunq.net\\\/tr\\\/?p=61013#article\",\"isPartOf\":{\"@id\":\"https:\\\/\\\/akunq.net\\\/tr\\\/?p=61013\"},\"author\":{\"name\":\"admin\",\"@id\":\"https:\\\/\\\/akunq.net\\\/tr\\\/#\\\/schema\\\/person\\\/096f1d38a12cce57fb855b485ed24c9e\"},\"headline\":\"\u0130srail: Hamas&#8217;\u0131 \u0130stanbul&#8217;dan \u00e7\u0131kar\u0131rsa T\u00fcrkiye ile normalle\u015firiz\",\"datePublished\":\"2021-01-19T07:12:30+00:00\",\"mainEntityOfPage\":{\"@id\":\"https:\\\/\\\/akunq.net\\\/tr\\\/?p=61013\"},\"wordCount\":214,\"commentCount\":0,\"image\":{\"@id\":\"https:\\\/\\\/akunq.net\\\/tr\\\/?p=61013#primaryimage\"},\"thumbnailUrl\":\"https:\\\/\\\/akunq.net\\\/tr\\\/wp-content\\\/uploads\\\/sites\\\/6\\\/2021\\\/01\\\/\u053b\u057d\u0580\u0561\u0575\u0565\u056c.jpg\",\"articleSection\":[\"Haberler\"],\"inLanguage\":\"en-US\",\"potentialAction\":[{\"@type\":\"CommentAction\",\"name\":\"Comment\",\"target\":[\"https:\\\/\\\/akunq.net\\\/tr\\\/?p=61013#respond\"]}]},{\"@type\":\"WebPage\",\"@id\":\"https:\\\/\\\/akunq.net\\\/tr\\\/?p=61013\",\"url\":\"https:\\\/\\\/akunq.net\\\/tr\\\/?p=61013\",\"name\":\"\u0130srail: Hamas'\u0131 \u0130stanbul'dan \u00e7\u0131kar\u0131rsa T\u00fcrkiye ile normalle\u015firiz - Bati Ermenistan Ve Bati Ermenileri Sorunlari Ara\u015ftirmalar Merkezi\",\"isPartOf\":{\"@id\":\"https:\\\/\\\/akunq.net\\\/tr\\\/#website\"},\"primaryImageOfPage\":{\"@id\":\"https:\\\/\\\/akunq.net\\\/tr\\\/?p=61013#primaryimage\"},\"image\":{\"@id\":\"https:\\\/\\\/akunq.net\\\/tr\\\/?p=61013#primaryimage\"},\"thumbnailUrl\":\"https:\\\/\\\/akunq.net\\\/tr\\\/wp-content\\\/uploads\\\/sites\\\/6\\\/2021\\\/01\\\/\u053b\u057d\u0580\u0561\u0575\u0565\u056c.jpg\",\"datePublished\":\"2021-01-19T07:12:30+00:00\",\"author\":{\"@id\":\"https:\\\/\\\/akunq.net\\\/tr\\\/#\\\/schema\\\/person\\\/096f1d38a12cce57fb855b485ed24c9e\"},\"breadcrumb\":{\"@id\":\"https:\\\/\\\/akunq.net\\\/tr\\\/?p=61013#breadcrumb\"},\"inLanguage\":\"en-US\",\"potentialAction\":[{\"@type\":\"ReadAction\",\"target\":[\"https:\\\/\\\/akunq.net\\\/tr\\\/?p=61013\"]}]},{\"@type\":\"ImageObject\",\"inLanguage\":\"en-US\",\"@id\":\"https:\\\/\\\/akunq.net\\\/tr\\\/?p=61013#primaryimage\",\"url\":\"https:\\\/\\\/akunq.net\\\/tr\\\/wp-content\\\/uploads\\\/sites\\\/6\\\/2021\\\/01\\\/\u053b\u057d\u0580\u0561\u0575\u0565\u056c.jpg\",\"contentUrl\":\"https:\\\/\\\/akunq.net\\\/tr\\\/wp-content\\\/uploads\\\/sites\\\/6\\\/2021\\\/01\\\/\u053b\u057d\u0580\u0561\u0575\u0565\u056c.jpg\",\"width\":769,\"height\":510},{\"@type\":\"BreadcrumbList\",\"@id\":\"https:\\\/\\\/akunq.net\\\/tr\\\/?p=61013#breadcrumb\",\"itemListElement\":[{\"@type\":\"ListItem\",\"position\":1,\"name\":\"Home\",\"item\":\"https:\\\/\\\/akunq.net\\\/tr\"},{\"@type\":\"ListItem\",\"position\":2,\"name\":\"\u0130srail: Hamas&#8217;\u0131 \u0130stanbul&#8217;dan \u00e7\u0131kar\u0131rsa T\u00fcrkiye ile normalle\u015firiz\"}]},{\"@type\":\"WebSite\",\"@id\":\"https:\\\/\\\/akunq.net\\\/tr\\\/#website\",\"url\":\"https:\\\/\\\/akunq.net\\\/tr\\\/\",\"name\":\"Bati Ermenistan Ve Bati Ermenileri Sorunlari Ara\u015ftirmalar Merkezi\",\"description\":\"\",\"potentialAction\":[{\"@type\":\"SearchAction\",\"target\":{\"@type\":\"EntryPoint\",\"urlTemplate\":\"https:\\\/\\\/akunq.net\\\/tr\\\/?s={search_term_string}\"},\"query-input\":{\"@type\":\"PropertyValueSpecification\",\"valueRequired\":true,\"valueName\":\"search_term_string\"}}],\"inLanguage\":\"en-US\"},{\"@type\":\"Person\",\"@id\":\"https:\\\/\\\/akunq.net\\\/tr\\\/#\\\/schema\\\/person\\\/096f1d38a12cce57fb855b485ed24c9e\",\"name\":\"admin\",\"url\":\"https:\\\/\\\/akunq.net\\\/tr\\\/?author=7\"}]}<\/script>\n<!-- \/ Yoast SEO plugin. -->","yoast_head_json":{"title":"\u0130srail: Hamas'\u0131 \u0130stanbul'dan \u00e7\u0131kar\u0131rsa T\u00fcrkiye ile normalle\u015firiz - Bati Ermenistan Ve Bati Ermenileri Sorunlari Ara\u015ftirmalar Merkezi","robots":{"index":"index","follow":"follow","max-snippet":"max-snippet:-1","max-image-preview":"max-image-preview:large","max-video-preview":"max-video-preview:-1"},"canonical":"https:\/\/akunq.net\/tr\/?p=61013","og_locale":"en_US","og_type":"article","og_title":"\u0130srail: Hamas'\u0131 \u0130stanbul'dan \u00e7\u0131kar\u0131rsa T\u00fcrkiye ile normalle\u015firiz - Bati Ermenistan Ve Bati Ermenileri Sorunlari Ara\u015ftirmalar Merkezi","og_description":"\u0130srail y\u00f6netiminin T\u00fcrkiye&#8217;den normalle\u015fme \u015fart\u0131 olarak Hamas&#8217;\u0131n \u0130stanbul&#8217;dan \u00e7\u0131kar\u0131lmas\u0131n\u0131 istedi\u011fi \u00f6ne s\u00fcr\u00fcld\u00fc. \u0130srailli kaynaklar, \u0130srail y\u00f6netiminin T\u00fcrkiye&#8217;den normalle\u015fme \u015fart\u0131 olarak Hamas&#8217;\u0131n \u0130stanbul&#8217;dan \u00e7\u0131kar\u0131lmas\u0131n\u0131 istedi\u011fini \u00f6ne s\u00fcrd\u00fc. \u0130srail merkezli ynet&#8217;in aktard\u0131\u011f\u0131 habere g\u00f6re \u0130srail h\u00fck\u00fcmeti, Hamas&#8217;\u0131n \u00fclkede faaliyet g\u00f6stermesine engel olunmad\u0131\u011f\u0131 s\u00fcrece T\u00fcrkiye ile ili\u015fkileri normalle\u015ftirmeme ve T\u00fcrkiye&#8217;ye b\u00fcy\u00fckel\u00e7i g\u00f6ndermeme politikas\u0131n\u0131 benimsemi\u015f durumda. Haberde \u0130srail&#8217;in, \u00fcst [&hellip;]","og_url":"https:\/\/akunq.net\/tr\/?p=61013","og_site_name":"Bati Ermenistan Ve Bati Ermenileri Sorunlari Ara\u015ftirmalar Merkezi","article_published_time":"2021-01-19T07:12:30+00:00","og_image":[{"width":769,"height":510,"url":"https:\/\/akunq.net\/tr\/wp-content\/uploads\/sites\/6\/2021\/01\/\u053b\u057d\u0580\u0561\u0575\u0565\u056c.jpg","type":"image\/jpeg"}],"author":"admin","twitter_card":"summary_large_image","twitter_misc":{"Written by":"admin","Est. reading time":"1 minute"},"schema":{"@context":"https:\/\/schema.org","@graph":[{"@type":"Article","@id":"https:\/\/akunq.net\/tr\/?p=61013#article","isPartOf":{"@id":"https:\/\/akunq.net\/tr\/?p=61013"},"author":{"name":"admin","@id":"https:\/\/akunq.net\/tr\/#\/schema\/person\/096f1d38a12cce57fb855b485ed24c9e"},"headline":"\u0130srail: Hamas&#8217;\u0131 \u0130stanbul&#8217;dan \u00e7\u0131kar\u0131rsa T\u00fcrkiye ile normalle\u015firiz","datePublished":"2021-01-19T07:12:30+00:00","mainEntityOfPage":{"@id":"https:\/\/akunq.net\/tr\/?p=61013"},"wordCount":214,"commentCount":0,"image":{"@id":"https:\/\/akunq.net\/tr\/?p=61013#primaryimage"},"thumbnailUrl":"https:\/\/akunq.net\/tr\/wp-content\/uploads\/sites\/6\/2021\/01\/\u053b\u057d\u0580\u0561\u0575\u0565\u056c.jpg","articleSection":["Haberler"],"inLanguage":"en-US","potentialAction":[{"@type":"CommentAction","name":"Comment","target":["https:\/\/akunq.net\/tr\/?p=61013#respond"]}]},{"@type":"WebPage","@id":"https:\/\/akunq.net\/tr\/?p=61013","url":"https:\/\/akunq.net\/tr\/?p=61013","name":"\u0130srail: Hamas'\u0131 \u0130stanbul'dan \u00e7\u0131kar\u0131rsa T\u00fcrkiye ile normalle\u015firiz - Bati Ermenistan Ve Bati Ermenileri Sorunlari Ara\u015ftirmalar Merkezi","isPartOf":{"@id":"https:\/\/akunq.net\/tr\/#website"},"primaryImageOfPage":{"@id":"https:\/\/akunq.net\/tr\/?p=61013#primaryimage"},"image":{"@id":"https:\/\/akunq.net\/tr\/?p=61013#primaryimage"},"thumbnailUrl":"https:\/\/akunq.net\/tr\/wp-content\/uploads\/sites\/6\/2021\/01\/\u053b\u057d\u0580\u0561\u0575\u0565\u056c.jpg","datePublished":"2021-01-19T07:12:30+00:00","author":{"@id":"https:\/\/akunq.net\/tr\/#\/schema\/person\/096f1d38a12cce57fb855b485ed24c9e"},"breadcrumb":{"@id":"https:\/\/akunq.net\/tr\/?p=61013#breadcrumb"},"inLanguage":"en-US","potentialAction":[{"@type":"ReadAction","target":["https:\/\/akunq.net\/tr\/?p=61013"]}]},{"@type":"ImageObject","inLanguage":"en-US","@id":"https:\/\/akunq.net\/tr\/?p=61013#primaryimage","url":"https:\/\/akunq.net\/tr\/wp-content\/uploads\/sites\/6\/2021\/01\/\u053b\u057d\u0580\u0561\u0575\u0565\u056c.jpg","contentUrl":"https:\/\/akunq.net\/tr\/wp-content\/uploads\/sites\/6\/2021\/01\/\u053b\u057d\u0580\u0561\u0575\u0565\u056c.jpg","width":769,"height":510},{"@type":"BreadcrumbList","@id":"https:\/\/akunq.net\/tr\/?p=61013#breadcrumb","itemListElement":[{"@type":"ListItem","position":1,"name":"Home","item":"https:\/\/akunq.net\/tr"},{"@type":"ListItem","position":2,"name":"\u0130srail: Hamas&#8217;\u0131 \u0130stanbul&#8217;dan \u00e7\u0131kar\u0131rsa T\u00fcrkiye ile normalle\u015firiz"}]},{"@type":"WebSite","@id":"https:\/\/akunq.net\/tr\/#website","url":"https:\/\/akunq.net\/tr\/","name":"Bati Ermenistan Ve Bati Ermenileri Sorunlari Ara\u015ftirmalar Merkezi","description":"","potentialAction":[{"@type":"SearchAction","target":{"@type":"EntryPoint","urlTemplate":"https:\/\/akunq.net\/tr\/?s={search_term_string}"},"query-input":{"@type":"PropertyValueSpecification","valueRequired":true,"valueName":"search_term_string"}}],"inLanguage":"en-US"},{"@type":"Person","@id":"https:\/\/akunq.net\/tr\/#\/schema\/person\/096f1d38a12cce57fb855b485ed24c9e","name":"admin","url":"https:\/\/akunq.net\/tr\/?author=7"}]}},"_links":{"self":[{"href":"https:\/\/akunq.net\/tr\/index.php?rest_route=\/wp\/v2\/posts\/61013","targetHints":{"allow":["GET"]}}],"collection":[{"href":"https:\/\/akunq.net\/tr\/index.php?rest_route=\/wp\/v2\/posts"}],"about":[{"href":"https:\/\/akunq.net\/tr\/index.php?rest_route=\/wp\/v2\/types\/post"}],"author":[{"embeddable":true,"href":"https:\/\/akunq.net\/tr\/index.php?rest_route=\/wp\/v2\/users\/7"}],"replies":[{"embeddable":true,"href":"https:\/\/akunq.net\/tr\/index.php?rest_route=%2Fwp%2Fv2%2Fcomments&post=61013"}],"version-history":[{"count":1,"href":"https:\/\/akunq.net\/tr\/index.php?rest_route=\/wp\/v2\/posts\/61013\/revisions"}],"predecessor-version":[{"id":61015,"href":"https:\/\/akunq.net\/tr\/index.php?rest_route=\/wp\/v2\/posts\/61013\/revisions\/61015"}],"wp:featuredmedia":[{"embeddable":true,"href":"https:\/\/akunq.net\/tr\/index.php?rest_route=\/wp\/v2\/media\/61014"}],"wp:attachment":[{"href":"https:\/\/akunq.net\/tr\/index.php?rest_route=%2Fwp%2Fv2%2Fmedia&parent=61013"}],"wp:term":[{"taxonomy":"category","embeddable":true,"href":"https:\/\/akunq.net\/tr\/index.php?rest_route=%2Fwp%2Fv2%2Fcategories&post=61013"},{"taxonomy":"post_tag","embeddable":true,"href":"https:\/\/akunq.net\/tr\/index.php?rest_route=%2Fwp%2Fv2%2Ftags&post=61013"}],"curies":[{"name":"wp","href":"https:\/\/api.w.org\/{rel}","templated":true}]}}